{"id":121453,"date":"2021-05-15T09:10:03","date_gmt":"2021-05-15T12:10:03","guid":{"rendered":"https:\/\/www.fraterinternacional.org\/?p=121453"},"modified":"2021-05-17T09:48:17","modified_gmt":"2021-05-17T12:48:17","slug":"comunidad-como-familia","status":"publish","type":"post","link":"https:\/\/www.fraterinternacional.org\/es\/comunidad-como-familia\/","title":{"rendered":"Comunidad como familia"},"content":{"rendered":"<p class=\"Standard\">Muchas veces, cuando uno siente el impulso de experimentar la vida comunitaria, nuevos padrones de vida como el desapego y la entrega, uno de los pensamientos que se cruzan por la mente es: \u00bfy mi familia? \u00bfque ser\u00e1 de ellos?<\/p>\n<p class=\"Standard\"><span lang=\"ES-AR\">\u00a0<\/span>Si bien cada ser tiene una coyuntura familiar diferente, podemos afirmar que cuando el miembro de una familia da un paso hacia Dios, todos lo dan en alg\u00fan nivel.<\/p>\n<p><a href=\"https:\/\/www.fraterinternacional.org\/wp-content\/uploads\/2021\/05\/Dia-da-Familia-CL-Irmandade-FFHI03.jpg\"><img decoding=\"async\" class=\"size-full wp-image-121419 aligncenter\" src=\"https:\/\/www.fraterinternacional.org\/wp-content\/uploads\/2021\/05\/Dia-da-Familia-CL-Irmandade-FFHI03.jpg\" alt=\"Comunidade-Luz da Irmandade\" width=\"1200\" height=\"800\" srcset=\"https:\/\/www.fraterinternacional.org\/wp-content\/uploads\/2021\/05\/Dia-da-Familia-CL-Irmandade-FFHI03-200x133.jpg 200w, https:\/\/www.fraterinternacional.org\/wp-content\/uploads\/2021\/05\/Dia-da-Familia-CL-Irmandade-FFHI03-300x200.jpg 300w, https:\/\/www.fraterinternacional.org\/wp-content\/uploads\/2021\/05\/Dia-da-Familia-CL-Irmandade-FFHI03-400x267.jpg 400w, https:\/\/www.fraterinternacional.org\/wp-content\/uploads\/2021\/05\/Dia-da-Familia-CL-Irmandade-FFHI03-600x400.jpg 600w, https:\/\/www.fraterinternacional.org\/wp-content\/uploads\/2021\/05\/Dia-da-Familia-CL-Irmandade-FFHI03-800x533.jpg 800w, https:\/\/www.fraterinternacional.org\/wp-content\/uploads\/2021\/05\/Dia-da-Familia-CL-Irmandade-FFHI03-1024x683.jpg 1024w, https:\/\/www.fraterinternacional.org\/wp-content\/uploads\/2021\/05\/Dia-da-Familia-CL-Irmandade-FFHI03.jpg 1200w\" sizes=\"(max-width: 1200px) 100vw, 1200px\" \/><\/a><\/p>\n<p class=\"Standard\">Luc\u00eda, miembro residente de la\u00a0<a href=\"https:\/\/www.fraterinternacional.org\/es\/?s=Comunidade-Luz+da+Irmandade\" target=\"_blank\" rel=\"noopener\">Comunidad-Luz de la Hermandad<\/a>, en C\u00f3rdoba, Argentina, comparte su experiencia: \u201cCuando yo y mi hermano sentimos el impulso muy fuerte de experimentar la vida Comunitaria, al principio no fue f\u00e1cil para el resto de mi familia. Era un salto a lo desconocido. Pero con el tiempo, a medida que \u00edbamos dando pasos en la consagraci\u00f3n, ellos comenzaron a sentir que en lugar de que la familia disminu\u00eda, al contrario, se iba ampliando ya que comenzaron a experimentar la hermandad con todos, no solo con los miembros familiares sangu\u00edneos. Mis padres comenzaron a colaborar m\u00e1s profundamente con la Obra y ahora son miembros bien activos de la\u00a0<a href=\"https:\/\/www.fraterinternacional.org\/es\/red-luz\/\" target=\"_blank\" rel=\"noopener\">Red-Luz<\/a>\u00a0y de la\u00a0<a href=\"https:\/\/www.mensajerosdivinos.org\/es\/asociacion-maria\" target=\"_blank\" rel=\"noopener\">Asociaci\u00f3n Mar\u00eda<\/a>. Mi hermano es fray de la\u00a0<a href=\"https:\/\/www.mensajerosdivinos.org\/es\/la-orden-gracia-misericordia\" target=\"_blank\" rel=\"noopener\">Orden Gracia Misericordia<\/a>\u00a0y mi hermana vive en este momento junto conmigo en la Comunidad.\u201d<\/p>\n<p class=\"Standard\">En las\u00a0<a href=\"https:\/\/www.fraterinternacional.org\/es\/afiliadas\/\" target=\"_blank\" rel=\"noopener\">Comunidades-Luz<\/a>\u00a0tratar el pr\u00f3jimo de \u201chermano\u201d es todo un escuela de relacionamiento con el otro como parte de uno, como consciencia que viene de la misma Fuente. El poder comprender lo que el otro vive o aceptar otras formas de llevar adelante el propio camino espiritual lleva a una apertura de consciencia, a trabajar en uno mismo aquello que vemos de errado en el otro y a valorizar sus talentos ofertados para llevar adelante la Obra de Dios.<\/p>\n<p><a href=\"https:\/\/www.fraterinternacional.org\/wp-content\/uploads\/2021\/05\/Dia-da-Familia-CL-Irmandade-FFHI01-1.jpg\"><img decoding=\"async\" class=\"size-full wp-image-121428 aligncenter\" src=\"https:\/\/www.fraterinternacional.org\/wp-content\/uploads\/2021\/05\/Dia-da-Familia-CL-Irmandade-FFHI01-1.jpg\" alt=\"Comunidade-Luz da Irmandade\" width=\"1000\" height=\"750\" srcset=\"https:\/\/www.fraterinternacional.org\/wp-content\/uploads\/2021\/05\/Dia-da-Familia-CL-Irmandade-FFHI01-1-200x150.jpg 200w, https:\/\/www.fraterinternacional.org\/wp-content\/uploads\/2021\/05\/Dia-da-Familia-CL-Irmandade-FFHI01-1-300x225.jpg 300w, https:\/\/www.fraterinternacional.org\/wp-content\/uploads\/2021\/05\/Dia-da-Familia-CL-Irmandade-FFHI01-1-400x300.jpg 400w, https:\/\/www.fraterinternacional.org\/wp-content\/uploads\/2021\/05\/Dia-da-Familia-CL-Irmandade-FFHI01-1-600x450.jpg 600w, https:\/\/www.fraterinternacional.org\/wp-content\/uploads\/2021\/05\/Dia-da-Familia-CL-Irmandade-FFHI01-1-800x600.jpg 800w, https:\/\/www.fraterinternacional.org\/wp-content\/uploads\/2021\/05\/Dia-da-Familia-CL-Irmandade-FFHI01-1.jpg 1000w\" sizes=\"(max-width: 1000px) 100vw, 1000px\" \/><\/a><\/p>\n<p class=\"Standard\"><span lang=\"ES-AR\">\u00a0<\/span>En unas de sus conferencias, Triguieirinho nos instru\u00eda:<\/p>\n<p class=\"Standard\"><span lang=\"ES-AR\">\u201cSi usted entra en una actitud de colaboraci\u00f3n con el Plan Evolutivo, de colaboraci\u00f3n con la Ley k\u00e1rmica por ejemplo, para amenizar todo eso, ah\u00ed usted comienza a encontrar seres con la misma tendencia y ah\u00ed va percibiendo que existe una familia espiritual, que existe una familia Mayor, que existe una familia que no es un compromiso formal, ni un compromiso personal. Usted siente que son energ\u00edas que combinan y que deben quedar reunidas\u2026 usted va descubriendo otra familia que llamamos, para que las mentes comprendan mejor, de Familia Universal.\u201d<\/span><\/p>\n<p class=\"Standard\"><span lang=\"ES-AR\">\u00a0<\/span>La experiencia diaria de una familia es un punto de partida para poder trabajar la tolerancia, el amor y la uni\u00f3n con los m\u00e1s pr\u00f3ximos para luego poder ampliar esos atributos a todos los \u00e1mbitos donde uno vive.<\/p>\n<p class=\"Standard\"><span lang=\"ES-AR\">\u00a0<\/span>Ante tanta falta de hermandad entre los seres, en este d\u00eda dedicado a la familias, que podamos ofertar el amor que sentimos por cada uno de los miembros de nuestra familia, tanto f\u00edsica como espiritual, para que ese amor fluya en los corazones de los hombres que viven la desigualdad y el conflicto permanente. En reverencia, que podamos agradecer a Dios por cada \u201chermano\u201d que coloca en nuestro camino para aprender cada d\u00eda m\u00e1s.<\/p>\n<p><a href=\"https:\/\/www.fraterinternacional.org\/wp-content\/uploads\/2021\/05\/Dia-da-Familia-CL-Irmandade-FFHI02.jpg\"><img decoding=\"async\" class=\"size-full wp-image-121425 aligncenter\" src=\"https:\/\/www.fraterinternacional.org\/wp-content\/uploads\/2021\/05\/Dia-da-Familia-CL-Irmandade-FFHI02.jpg\" alt=\"Comunidade-Luz da Irmandade\" width=\"1000\" height=\"667\" srcset=\"https:\/\/www.fraterinternacional.org\/wp-content\/uploads\/2021\/05\/Dia-da-Familia-CL-Irmandade-FFHI02-200x133.jpg 200w, https:\/\/www.fraterinternacional.org\/wp-content\/uploads\/2021\/05\/Dia-da-Familia-CL-Irmandade-FFHI02-300x200.jpg 300w, https:\/\/www.fraterinternacional.org\/wp-content\/uploads\/2021\/05\/Dia-da-Familia-CL-Irmandade-FFHI02-400x267.jpg 400w, https:\/\/www.fraterinternacional.org\/wp-content\/uploads\/2021\/05\/Dia-da-Familia-CL-Irmandade-FFHI02-600x400.jpg 600w, https:\/\/www.fraterinternacional.org\/wp-content\/uploads\/2021\/05\/Dia-da-Familia-CL-Irmandade-FFHI02-800x534.jpg 800w, https:\/\/www.fraterinternacional.org\/wp-content\/uploads\/2021\/05\/Dia-da-Familia-CL-Irmandade-FFHI02.jpg 1000w\" sizes=\"(max-width: 1000px) 100vw, 1000px\" \/><\/a><\/p>\n","protected":false},"excerpt":{"rendered":"<p>Muchas veces, cuando uno siente el impulso de experimentar la vida comunitaria, nuevos padrones de vida como el desapego y [&hellip;]<\/p>\n","protected":false},"author":4,"featured_media":121421,"comment_status":"closed","ping_status":"closed","sticky":false,"template":"","format":"standard","meta":{"footnotes":""},"categories":[173],"tags":[],"class_list":["post-121453","post","type-post","status-publish","format-standard","has-post-thumbnail","hentry","category-noticia"],"yoast_head":"<!-- This site is optimized with the Yoast SEO Premium plugin v21.0 (Yoast SEO v21.0) - https:\/\/yoast.com\/wordpress\/plugins\/seo\/ -->\n<title>Comunidad como familia -<\/title>\n<meta name=\"description\" content=\"En las\u00a0Comunidades-Luz\u00a0tratar el pr\u00f3jimo de \u201chermano\u201d es todo un escuela de relacionamiento con el otro como parte de uno, como consciencia que viene de la misma Fuente.\" \/>\n<meta name=\"robots\" content=\"index, follow, max-snippet:-1, max-image-preview:large, max-video-preview:-1\" \/>\n<link rel=\"canonical\" href=\"https:\/\/www.fraterinternacional.org\/es\/comunidad-como-familia\/\" \/>\n<meta property=\"og:locale\" content=\"es_ES\" \/>\n<meta property=\"og:type\" content=\"article\" \/>\n<meta property=\"og:title\" content=\"Comunidad como familia\" \/>\n<meta property=\"og:description\" content=\"En las\u00a0Comunidades-Luz\u00a0tratar el pr\u00f3jimo de \u201chermano\u201d es todo un escuela de relacionamiento con el otro como parte de uno, como consciencia que viene de la misma Fuente.\" \/>\n<meta property=\"og:url\" content=\"https:\/\/www.fraterinternacional.org\/es\/comunidad-como-familia\/\" \/>\n<meta property=\"og:site_name\" content=\"Fraternidade - Federa\u00e7\u00e3o Humanit\u00e1ria Internacional\" \/>\n<meta property=\"article:publisher\" content=\"https:\/\/www.facebook.com\/fraternidadehumanitaria\" \/>\n<meta property=\"article:published_time\" content=\"2021-05-15T12:10:03+00:00\" \/>\n<meta property=\"article:modified_time\" content=\"2021-05-17T12:48:17+00:00\" \/>\n<meta property=\"og:image\" content=\"https:\/\/www.fraterinternacional.org\/wp-content\/uploads\/2021\/05\/Dia-da-Familia-CL-Irmandade-FFHI03.jpg\" \/>\n\t<meta property=\"og:image:width\" content=\"1200\" \/>\n\t<meta property=\"og:image:height\" content=\"800\" \/>\n\t<meta property=\"og:image:type\" content=\"image\/jpeg\" \/>\n<meta name=\"author\" content=\"maducato_admin\" \/>\n<meta name=\"twitter:card\" content=\"summary_large_image\" \/>\n<meta name=\"twitter:creator\" content=\"@fraternidadeFHI\" \/>\n<meta name=\"twitter:site\" content=\"@fraternidadeFHI\" \/>\n<meta name=\"twitter:label1\" content=\"Escrito por\" \/>\n\t<meta name=\"twitter:data1\" content=\"maducato_admin\" \/>\n\t<meta name=\"twitter:label2\" content=\"Tiempo de lectura\" \/>\n\t<meta name=\"twitter:data2\" content=\"3 minutos\" \/>\n<script type=\"application\/ld+json\" class=\"yoast-schema-graph\">{\"@context\":\"https:\/\/schema.org\",\"@graph\":[{\"@type\":\"WebPage\",\"@id\":\"https:\/\/www.fraterinternacional.org\/es\/comunidad-como-familia\/\",\"url\":\"https:\/\/www.fraterinternacional.org\/es\/comunidad-como-familia\/\",\"name\":\"Comunidad como familia -\",\"isPartOf\":{\"@id\":\"https:\/\/www.fraterinternacional.org\/es\/#website\"},\"datePublished\":\"2021-05-15T12:10:03+00:00\",\"dateModified\":\"2021-05-17T12:48:17+00:00\",\"author\":{\"@id\":\"https:\/\/www.fraterinternacional.org\/es\/#\/schema\/person\/19cb7a5541fd019768c7fe255d72701e\"},\"description\":\"En las\u00a0Comunidades-Luz\u00a0tratar el pr\u00f3jimo de \u201chermano\u201d es todo un escuela de relacionamiento con el otro como parte de uno, como consciencia que viene de la misma Fuente.\",\"breadcrumb\":{\"@id\":\"https:\/\/www.fraterinternacional.org\/es\/comunidad-como-familia\/#breadcrumb\"},\"inLanguage\":\"es\",\"potentialAction\":[{\"@type\":\"ReadAction\",\"target\":[\"https:\/\/www.fraterinternacional.org\/es\/comunidad-como-familia\/\"]}]},{\"@type\":\"BreadcrumbList\",\"@id\":\"https:\/\/www.fraterinternacional.org\/es\/comunidad-como-familia\/#breadcrumb\",\"itemListElement\":[{\"@type\":\"ListItem\",\"position\":1,\"name\":\"In\u00edcio\",\"item\":\"https:\/\/www.fraterinternacional.org\/es\/\"},{\"@type\":\"ListItem\",\"position\":2,\"name\":\"Comunidad como familia\"}]},{\"@type\":\"WebSite\",\"@id\":\"https:\/\/www.fraterinternacional.org\/es\/#website\",\"url\":\"https:\/\/www.fraterinternacional.org\/es\/\",\"name\":\"Fraternidade - Federa\u00e7\u00e3o Humanit\u00e1ria Internacional\",\"description\":\"Fraternidade - Federa\u00e7\u00e3o Humanit\u00e1ria Internacional\",\"potentialAction\":[{\"@type\":\"SearchAction\",\"target\":{\"@type\":\"EntryPoint\",\"urlTemplate\":\"https:\/\/www.fraterinternacional.org\/es\/?s={search_term_string}\"},\"query-input\":\"required name=search_term_string\"}],\"inLanguage\":\"es\"},{\"@type\":\"Person\",\"@id\":\"https:\/\/www.fraterinternacional.org\/es\/#\/schema\/person\/19cb7a5541fd019768c7fe255d72701e\",\"name\":\"maducato_admin\"}]}<\/script>\n<!-- \/ Yoast SEO Premium plugin. -->","yoast_head_json":{"title":"Comunidad como familia -","description":"En las\u00a0Comunidades-Luz\u00a0tratar el pr\u00f3jimo de \u201chermano\u201d es todo un escuela de relacionamiento con el otro como parte de uno, como consciencia que viene de la misma Fuente.","robots":{"index":"index","follow":"follow","max-snippet":"max-snippet:-1","max-image-preview":"max-image-preview:large","max-video-preview":"max-video-preview:-1"},"canonical":"https:\/\/www.fraterinternacional.org\/es\/comunidad-como-familia\/","og_locale":"es_ES","og_type":"article","og_title":"Comunidad como familia","og_description":"En las\u00a0Comunidades-Luz\u00a0tratar el pr\u00f3jimo de \u201chermano\u201d es todo un escuela de relacionamiento con el otro como parte de uno, como consciencia que viene de la misma Fuente.","og_url":"https:\/\/www.fraterinternacional.org\/es\/comunidad-como-familia\/","og_site_name":"Fraternidade - Federa\u00e7\u00e3o Humanit\u00e1ria Internacional","article_publisher":"https:\/\/www.facebook.com\/fraternidadehumanitaria","article_published_time":"2021-05-15T12:10:03+00:00","article_modified_time":"2021-05-17T12:48:17+00:00","og_image":[{"width":1200,"height":800,"url":"https:\/\/www.fraterinternacional.org\/wp-content\/uploads\/2021\/05\/Dia-da-Familia-CL-Irmandade-FFHI03.jpg","type":"image\/jpeg"}],"author":"maducato_admin","twitter_card":"summary_large_image","twitter_creator":"@fraternidadeFHI","twitter_site":"@fraternidadeFHI","twitter_misc":{"Escrito por":"maducato_admin","Tiempo de lectura":"3 minutos"},"schema":{"@context":"https:\/\/schema.org","@graph":[{"@type":"WebPage","@id":"https:\/\/www.fraterinternacional.org\/es\/comunidad-como-familia\/","url":"https:\/\/www.fraterinternacional.org\/es\/comunidad-como-familia\/","name":"Comunidad como familia -","isPartOf":{"@id":"https:\/\/www.fraterinternacional.org\/es\/#website"},"datePublished":"2021-05-15T12:10:03+00:00","dateModified":"2021-05-17T12:48:17+00:00","author":{"@id":"https:\/\/www.fraterinternacional.org\/es\/#\/schema\/person\/19cb7a5541fd019768c7fe255d72701e"},"description":"En las\u00a0Comunidades-Luz\u00a0tratar el pr\u00f3jimo de \u201chermano\u201d es todo un escuela de relacionamiento con el otro como parte de uno, como consciencia que viene de la misma Fuente.","breadcrumb":{"@id":"https:\/\/www.fraterinternacional.org\/es\/comunidad-como-familia\/#breadcrumb"},"inLanguage":"es","potentialAction":[{"@type":"ReadAction","target":["https:\/\/www.fraterinternacional.org\/es\/comunidad-como-familia\/"]}]},{"@type":"BreadcrumbList","@id":"https:\/\/www.fraterinternacional.org\/es\/comunidad-como-familia\/#breadcrumb","itemListElement":[{"@type":"ListItem","position":1,"name":"In\u00edcio","item":"https:\/\/www.fraterinternacional.org\/es\/"},{"@type":"ListItem","position":2,"name":"Comunidad como familia"}]},{"@type":"WebSite","@id":"https:\/\/www.fraterinternacional.org\/es\/#website","url":"https:\/\/www.fraterinternacional.org\/es\/","name":"Fraternidade - Federa\u00e7\u00e3o Humanit\u00e1ria Internacional","description":"Fraternidade - Federa\u00e7\u00e3o Humanit\u00e1ria Internacional","potentialAction":[{"@type":"SearchAction","target":{"@type":"EntryPoint","urlTemplate":"https:\/\/www.fraterinternacional.org\/es\/?s={search_term_string}"},"query-input":"required name=search_term_string"}],"inLanguage":"es"},{"@type":"Person","@id":"https:\/\/www.fraterinternacional.org\/es\/#\/schema\/person\/19cb7a5541fd019768c7fe255d72701e","name":"maducato_admin"}]}},"_links":{"self":[{"href":"https:\/\/www.fraterinternacional.org\/es\/wp-json\/wp\/v2\/posts\/121453"}],"collection":[{"href":"https:\/\/www.fraterinternacional.org\/es\/wp-json\/wp\/v2\/posts"}],"about":[{"href":"https:\/\/www.fraterinternacional.org\/es\/wp-json\/wp\/v2\/types\/post"}],"author":[{"embeddable":true,"href":"https:\/\/www.fraterinternacional.org\/es\/wp-json\/wp\/v2\/users\/4"}],"replies":[{"embeddable":true,"href":"https:\/\/www.fraterinternacional.org\/es\/wp-json\/wp\/v2\/comments?post=121453"}],"version-history":[{"count":0,"href":"https:\/\/www.fraterinternacional.org\/es\/wp-json\/wp\/v2\/posts\/121453\/revisions"}],"wp:featuredmedia":[{"embeddable":true,"href":"https:\/\/www.fraterinternacional.org\/es\/wp-json\/wp\/v2\/media\/121421"}],"wp:attachment":[{"href":"https:\/\/www.fraterinternacional.org\/es\/wp-json\/wp\/v2\/media?parent=121453"}],"wp:term":[{"taxonomy":"category","embeddable":true,"href":"https:\/\/www.fraterinternacional.org\/es\/wp-json\/wp\/v2\/categories?post=121453"},{"taxonomy":"post_tag","embeddable":true,"href":"https:\/\/www.fraterinternacional.org\/es\/wp-json\/wp\/v2\/tags?post=121453"}],"curies":[{"name":"wp","href":"https:\/\/api.w.org\/{rel}","templated":true}]}}