{"id":121320,"date":"2021-04-22T14:49:04","date_gmt":"2021-04-22T17:49:04","guid":{"rendered":"https:\/\/www.fraterinternacional.org\/?p=121320"},"modified":"2021-05-13T10:20:33","modified_gmt":"2021-05-13T13:20:33","slug":"en-el-dia-de-la-tierra-conozca-una-comunidad-que-trabaja-por-la-integracion-del-ser-humano-con-toda-la-vida-planetaria","status":"publish","type":"post","link":"https:\/\/www.fraterinternacional.org\/es\/en-el-dia-de-la-tierra-conozca-una-comunidad-que-trabaja-por-la-integracion-del-ser-humano-con-toda-la-vida-planetaria\/","title":{"rendered":"En el D\u00eda de la Tierra, conozca una comunidad que trabaja por la integraci\u00f3n del ser humano con toda la vida planetaria"},"content":{"rendered":"<p style=\"text-align: justify;\">El D\u00eda de la Tierra fue creado el 22 de abril de 1970, en Estados Unidos, con el prop\u00f3sito de que el mundo discutiera soluciones a los problemas que afectan la biodiversidad del planeta. Hoy, despu\u00e9s de 51 a\u00f1os, la humanidad ha provocado un desequilibrio ambiental sin precedentes, cuya contenci\u00f3n y resoluci\u00f3n requieren medidas urgentes.<\/p>\n<h3 style=\"text-align: justify;\">\u00a0Ante esta situaci\u00f3n, \u00bfcu\u00e1les son las perspectivas de la humanidad?<\/h3>\n<p style=\"text-align: justify;\">El fil\u00f3sofo Jos\u00e9 Trigueirinho Netto (1931-2018), fundador de\u00a0<a href=\"https:\/\/www.fraterinternacional.org\/es\/?s=Comunidade-Luz+Figueira\" target=\"_blank\" rel=\"noopener\">Comunidad-Luz Figueira,<\/a>\u00a0afiliado a la\u00a0<a href=\"https:\/\/www.fraterinternacional.org\/es\/accion-de-la-fraternidad-humanitaria-ffhi-en-el-segundo-semestre-de-2020\/\" target=\"_blank\" rel=\"noopener\">Fraternidad &#8211; Federaci\u00f3n Humanitaria Internacional (FFHI)<\/a>\u00a0abord\u00f3 este tema de manera extensa en sus obras y conferencias. Sosten\u00eda que, en el momento m\u00e1s agudo de la actual crisis planetaria, la toma\u00a0 de consciencia y el consecuente cambio de actitud de una parte de la humanidad llevar\u00eda al mundo a ingresar en un proceso de profunda regeneraci\u00f3n.<\/p>\n<h3 style=\"text-align: justify;\"><b>Cooperaci\u00f3n entre el hombre y la naturaliza<\/b><\/h3>\n<p style=\"font-weight: 400; text-align: justify;\">Figueira fue establecida por Trigueirinho en Carmo da Cachoeira, al sur de Minas Gerais, Brasil, con el fin de difundir los nuevos patrones de conducta, basados \u200b\u200ben el amor y la fraternidad universal, que impulsar\u00e1n el surgimiento de esta Tierra restaurada.<\/p>\n<p style=\"font-weight: 400; text-align: justify;\">Por ello, todos aquellos que buscan la comunidad para vivir una vida de oraci\u00f3n y servicio desinteresado son llevados a ejercitar conscientemente, entre otros atributos, la unidad y la gratitud en su contacto diario con el medio ambiente.<\/p>\n<p style=\"font-weight: 400; text-align: justify;\">En la pr\u00e1ctica, esta propuesta se traduce en proyectos que crean condiciones para que los Reinos de la Naturaleza expresen la belleza de su esencia y desarrollen sus potenciales latentes sin la interferencia perjudicial del hombre, pero s\u00ed con su cooperaci\u00f3n.<\/p>\n<p style=\"font-weight: 400; text-align: justify;\">Estos frentes de trabajo incluyen la agricultura org\u00e1nica, el cultivo de semillas puras, la fabricaci\u00f3n de productos ecol\u00f3gicos, el manejo sustentable del agua, el uso de fuentes alternativas de energ\u00eda y la reforestaci\u00f3n con especies nativas.<\/p>\n<p style=\"font-weight: 400; text-align: justify;\">Adem\u00e1s, la comunidad lleva a cabo diversas actividades espirituales ecum\u00e9nicas destinadas a equilibrar y al tratamiento tanto de las personas como del planeta en su totalidad.<\/p>\n<p style=\"font-weight: 400; text-align: justify;\">\u00a0Respetando las normas sanitarias para contener la pandemia, la\u00a0<a href=\"https:\/\/www.fraterinternacional.org\/es\/?s=Comunidade-Luz+Figueira\">Comunidad-Luz Figueira<\/a>\u00a0est\u00e1 temporalmente cerrada a visitas y alojamiento. Sin embargo, los principios que sustentan sus acciones contin\u00faan inspirando a miles de personas a adoptar alternativas que contribuyan a restaurar la salud de la Tierra.<\/p>\n<p><a href=\"https:\/\/www.fraterinternacional.org\/wp-content\/uploads\/2021\/04\/dia-internacinal-terra-comunidade-luz-figueira02.jpg\"><img decoding=\"async\" class=\"alignnone size-full wp-image-121264\" src=\"https:\/\/www.fraterinternacional.org\/wp-content\/uploads\/2021\/04\/dia-internacinal-terra-comunidade-luz-figueira02.jpg\" alt=\"Dia Internacional da Terra - Comunidade-Luz Figueira\" width=\"1280\" height=\"960\" srcset=\"https:\/\/www.fraterinternacional.org\/wp-content\/uploads\/2021\/04\/dia-internacinal-terra-comunidade-luz-figueira02-200x150.jpg 200w, https:\/\/www.fraterinternacional.org\/wp-content\/uploads\/2021\/04\/dia-internacinal-terra-comunidade-luz-figueira02-300x225.jpg 300w, https:\/\/www.fraterinternacional.org\/wp-content\/uploads\/2021\/04\/dia-internacinal-terra-comunidade-luz-figueira02-400x300.jpg 400w, https:\/\/www.fraterinternacional.org\/wp-content\/uploads\/2021\/04\/dia-internacinal-terra-comunidade-luz-figueira02-600x450.jpg 600w, https:\/\/www.fraterinternacional.org\/wp-content\/uploads\/2021\/04\/dia-internacinal-terra-comunidade-luz-figueira02-800x600.jpg 800w, https:\/\/www.fraterinternacional.org\/wp-content\/uploads\/2021\/04\/dia-internacinal-terra-comunidade-luz-figueira02-1024x768.jpg 1024w, https:\/\/www.fraterinternacional.org\/wp-content\/uploads\/2021\/04\/dia-internacinal-terra-comunidade-luz-figueira02-1200x900.jpg 1200w, https:\/\/www.fraterinternacional.org\/wp-content\/uploads\/2021\/04\/dia-internacinal-terra-comunidade-luz-figueira02.jpg 1280w\" sizes=\"(max-width: 1280px) 100vw, 1280px\" \/><\/a><\/p>\n<h3 style=\"text-align: justify;\"><b>Agricultura org\u00e1nica<\/b><\/h3>\n<p style=\"font-weight: 400; text-align: justify;\">En Figueira, el Sector Plantaciones dirige un laborioso proceso basado en la agricultura org\u00e1nica, que consiste en seleccionar semillas, mantener el campo, la cosecha, almacenamiento, procesamiento y la distribuci\u00f3n de los alimentos.<\/p>\n<p style=\"font-weight: 400; text-align: justify;\">El departamento est\u00e1 coordinado por Fray Renatto del Casto Coraz\u00f3n, monje de la\u00a0<a href=\"https:\/\/www.fraterinternacional.org\/es\/afiliadas\/orden-gracia-misericordia\/\">Orden Gracia Misericordia<\/a>. \u00c9l explic\u00f3 que, adem\u00e1s de la producci\u00f3n libre de pesticidas y transg\u00e9nicos, el trabajo en las plantaciones se basa en la multiplicaci\u00f3n y mejoramiento de semillas puras, que pasan por la selecci\u00f3n de matrices en cada cosecha.<\/p>\n<h3 style=\"text-align: justify;\"><b>Producci\u00f3n de alimentos<\/b><\/h3>\n<p style=\"font-weight: 400; text-align: justify;\">Seg\u00fan Fray Renatto, la producci\u00f3n de arroz, frijol, ma\u00edz y soja ya cubre el consumo anual de la comunidad. El objetivo es conseguir el mismo resultado con s\u00e9samo, girasol y trigo. De modo similar, se est\u00e1n realizando experimentos sobre el cultivo a gran escala de arvejas, lino, mijo y sorgo.<\/p>\n<p style=\"font-weight: 400; text-align: justify;\">Las \u00e1reas de Figueira tambi\u00e9n se dedican al cultivo de huertas org\u00e1nicas y agroflorestas. El objetivo es tornarse autosostenibles en la <a href=\"https:\/\/www.fraterinternacional.org\/es\/el-valor-nutricional-de-las-panc\/\">producci\u00f3n de numerosos tipos de frutas, verduras, legumbres<\/a>, as\u00ed como hierbas arom\u00e1ticas y medicinales.<\/p>\n<h3 style=\"text-align: justify;\"><b>\u00a0Donaci\u00f3n<\/b><\/h3>\n<p style=\"font-weight: 400; text-align: justify;\">Como las dem\u00e1s instancias de la comunidad, el Sector Plantaciones ejercita el principio de la donaci\u00f3n, disponi\u00e9ndose como un intermediario para que la sabidur\u00eda y la abundancia de los Reinos de la Naturaleza lleguen a quien necesita. Por esta raz\u00f3n, las semillas puras se comparten con otros agricultores y parte de la producci\u00f3n de alimentos se dona a las comunidades locales necesitadas.<\/p>\n<p style=\"font-weight: 400; text-align: justify;\">Adem\u00e1s, el sector ofrece cursos totalmente gratuitos para difundir conocimientos en agroecolog\u00eda. Sin embargo, debido a la pandemia, estos proyectos est\u00e1n moment\u00e1neamente suspendidos.<\/p>\n<p style=\"font-weight: 400; text-align: justify;\">\u201cUna de nuestras funciones es investigar y difundir m\u00e9todos que apunten a una relaci\u00f3n respetuosa y pura con el medio ambiente, abriendo posibilidades para una integraci\u00f3n real entre el hombre y la naturaleza\u201d, dijo Fray Renatto.<\/p>\n<p style=\"font-weight: 400; text-align: justify;\">En efecto, estas acciones son tambi\u00e9n un esfuerzo por retribuir a la providencia y a la donaci\u00f3n permanente de los Reinos de la Naturaleza, que representan un modelo de entrega abnegada del que tenemos mucho que aprender.<\/p>\n<p><a href=\"https:\/\/www.fraterinternacional.org\/wp-content\/uploads\/2021\/04\/dia-internacinal-terra-comunidade-luz-figueira04.jpg\"><img decoding=\"async\" class=\"size-full wp-image-121258 aligncenter\" src=\"https:\/\/www.fraterinternacional.org\/wp-content\/uploads\/2021\/04\/dia-internacinal-terra-comunidade-luz-figueira04.jpg\" alt=\"Dia Internacional da Terra - Comunidade-Luz Figueira\" width=\"1280\" height=\"951\" srcset=\"https:\/\/www.fraterinternacional.org\/wp-content\/uploads\/2021\/04\/dia-internacinal-terra-comunidade-luz-figueira04-200x149.jpg 200w, https:\/\/www.fraterinternacional.org\/wp-content\/uploads\/2021\/04\/dia-internacinal-terra-comunidade-luz-figueira04-300x223.jpg 300w, https:\/\/www.fraterinternacional.org\/wp-content\/uploads\/2021\/04\/dia-internacinal-terra-comunidade-luz-figueira04-400x297.jpg 400w, https:\/\/www.fraterinternacional.org\/wp-content\/uploads\/2021\/04\/dia-internacinal-terra-comunidade-luz-figueira04-600x446.jpg 600w, https:\/\/www.fraterinternacional.org\/wp-content\/uploads\/2021\/04\/dia-internacinal-terra-comunidade-luz-figueira04-800x594.jpg 800w, https:\/\/www.fraterinternacional.org\/wp-content\/uploads\/2021\/04\/dia-internacinal-terra-comunidade-luz-figueira04-1024x761.jpg 1024w, https:\/\/www.fraterinternacional.org\/wp-content\/uploads\/2021\/04\/dia-internacinal-terra-comunidade-luz-figueira04-1200x892.jpg 1200w, https:\/\/www.fraterinternacional.org\/wp-content\/uploads\/2021\/04\/dia-internacinal-terra-comunidade-luz-figueira04.jpg 1280w\" sizes=\"(max-width: 1280px) 100vw, 1280px\" \/><\/a><\/p>\n<h3 style=\"text-align: justify;\"><b>Limpieza ecol\u00f3gica<\/b><\/h3>\n<p style=\"font-weight: 400; text-align: justify;\">Muchos productos de limpieza industrializados contienen productos qu\u00edmicos que son nocivos para la salud humana y para el medio ambiente.<\/p>\n<p style=\"font-weight: 400; text-align: justify;\">Para evitar los impactos que genera el consumo de estos productos, algunas fincas de Figueira ya cuentan con un sector de Limpieza Ecol\u00f3gica, donde se fabrican opciones m\u00e1s naturales, pero igualmente efectivas.<\/p>\n<p style=\"font-weight: 400; text-align: justify;\">Estas recetas artesanales utilizan, entre otros ingredientes, varias plantas con propiedades antimicrobianas y antif\u00fangicas que se encuentran en la regi\u00f3n. Adem\u00e1s, se almacenan reutilizando envases que ser\u00edan descartados, lo que reduce la generaci\u00f3n de residuos s\u00f3lidos.<\/p>\n<p style=\"font-weight: 400; text-align: justify;\">\u201cUn trabajo de limpieza no debe dejar residuos que no puedan ser absorbidos por el medio ambiente. Despu\u00e9s de todo, no hay basura &#8216;ah\u00ed fuera&#8217;. Todo lo que producimos y desechamos contin\u00faa y continuar\u00e1 en el planeta. Por eso, la limpieza debe ser lo m\u00e1s natural y sostenible posible\u201d, dijo Samanta Fioravante, colaboradora de la <a href=\"https:\/\/www.fraterinternacional.org\/es\/?s=Rede-Luz++Florian%C3%B3polis\">Red-Luz de la ciudad de Florian\u00f3polis<\/a>\u00a0(Santa Catarina, Brasil) y responsable de implementar el proyecto \u201cLimpieza Viva\u201d en Figueira.<\/p>\n<p style=\"font-weight: 400; text-align: justify;\">Poco a poco, la comunidad tambi\u00e9n est\u00e1 reemplazando las esponjas de pl\u00e1stico por esponjas vegetales. Las esponjas liberan micropl\u00e1sticos en los oc\u00e9anos, en el suelo, en la atm\u00f3sfera y asimismo tardan cientos de a\u00f1os en descomponerse. Las esponjas vegetales, que son la fibra seca del fruto de la enredadera Luffa cylindrica, pueden colocarse en el compost, en los residuos s\u00f3lidos o devolverse directamente a la naturaleza.<\/p>\n<h3 style=\"text-align: justify;\"><b>El uso del agua<\/b><\/h3>\n<p style=\"font-weight: 400; text-align: justify;\">En Figueira, el uso del agua para las tareas diarias y las necesidades personales se realiza con cuidado y ahorro, pues la consciencia de que se trata de una sustancia vital, curativa y sagrada est\u00e1 siempre presente.<\/p>\n<p style=\"font-weight: 400; text-align: justify;\">El agua potable que se consume en la comunidad no proviene del sistema de abastecimiento p\u00fablico, sino que es captada de manantiales por encima de la napa \u00a0fre\u00e1tica y tambi\u00e9n de la propia napa fre\u00e1tica de las fincas. El agua no potable, en cambio, proviene de presas artificiales y se utiliza para riego, descarga de inodoros y limpieza de veh\u00edculos.<\/p>\n<p style=\"font-weight: 400; text-align: justify;\">Adem\u00e1s, el agua de lluvia es captada, almacenada y dirigida para que infiltre el subsuelo. Esto se hace para elevar el nivel de la napa fre\u00e1tica, que ha disminuido significativamente debido a los cambios en el ciclo hidrol\u00f3gico provocados por las intervenciones humanas en el medio ambiente.<\/p>\n<p style=\"font-weight: 400; text-align: justify;\">Para el correcto funcionamiento de este sistema alternativo de abastecimiento, el Sector de Aguas de Figueira realiza una amplia planificaci\u00f3n y tambi\u00e9n un mantenimiento permanente.<\/p>\n<p><a href=\"https:\/\/www.fraterinternacional.org\/wp-content\/uploads\/2021\/03\/dia-mundial-agua-comunidade-figueira01.jpg\"><img decoding=\"async\" class=\"size-full wp-image-120921 aligncenter\" src=\"https:\/\/www.fraterinternacional.org\/wp-content\/uploads\/2021\/03\/dia-mundial-agua-comunidade-figueira01.jpg\" alt=\"\u00c1gua - Comunidade-Luz Figueira\" width=\"1200\" height=\"800\" srcset=\"https:\/\/www.fraterinternacional.org\/wp-content\/uploads\/2021\/03\/dia-mundial-agua-comunidade-figueira01-200x133.jpg 200w, https:\/\/www.fraterinternacional.org\/wp-content\/uploads\/2021\/03\/dia-mundial-agua-comunidade-figueira01-300x200.jpg 300w, https:\/\/www.fraterinternacional.org\/wp-content\/uploads\/2021\/03\/dia-mundial-agua-comunidade-figueira01-400x267.jpg 400w, https:\/\/www.fraterinternacional.org\/wp-content\/uploads\/2021\/03\/dia-mundial-agua-comunidade-figueira01-600x400.jpg 600w, https:\/\/www.fraterinternacional.org\/wp-content\/uploads\/2021\/03\/dia-mundial-agua-comunidade-figueira01-800x533.jpg 800w, https:\/\/www.fraterinternacional.org\/wp-content\/uploads\/2021\/03\/dia-mundial-agua-comunidade-figueira01-1024x683.jpg 1024w, https:\/\/www.fraterinternacional.org\/wp-content\/uploads\/2021\/03\/dia-mundial-agua-comunidade-figueira01.jpg 1200w\" sizes=\"(max-width: 1200px) 100vw, 1200px\" \/><\/a><\/p>\n<h3 style=\"text-align: justify;\"><b>\u00a0Energ\u00eda solar<\/b><\/h3>\n<p style=\"font-weight: 400; text-align: justify;\">La ampliaci\u00f3n del uso de fuentes de energ\u00eda alternativas es otro objetivo de la comunidad. Hay paneles solares fotovoltaicos, que convierten la luz solar en electricidad, instalados en diferentes puntos de las fincas.<\/p>\n<p style=\"font-weight: 400; text-align: justify;\">La energ\u00eda que generan estos sistemas, considerada inagotable, limpia, econ\u00f3mica y sostenible, se utiliza para la iluminaci\u00f3n, el calentamiento de agua y el funcionamiento de electrodom\u00e9sticos.<\/p>\n<h3 style=\"text-align: justify;\"><b>Repoblaci\u00f3n forestal\u00a0<\/b><\/h3>\n<p style=\"text-align: justify;\">Figueira realiza la reforestaci\u00f3n de varias \u00e1reas con flora nativa, especialmente alrededor de fuentes de agua. Como ya se mencion\u00f3, la mayor\u00eda de las fincas tambi\u00e9n cultivan la agrosilvicultura, combinando la siembra de alimentos con la recuperaci\u00f3n y conservaci\u00f3n de los bosques.<\/p>\n<p><a href=\"https:\/\/www.fraterinternacional.org\/wp-content\/uploads\/2018\/09\/comunidadefigueira_primeira_oficina_agrofloresta_05_180512.jpg\"><img decoding=\"async\" class=\"size-full wp-image-89457 aligncenter\" src=\"https:\/\/www.fraterinternacional.org\/wp-content\/uploads\/2018\/09\/comunidadefigueira_primeira_oficina_agrofloresta_05_180512.jpg\" alt=\"\" width=\"690\" height=\"388\" srcset=\"https:\/\/www.fraterinternacional.org\/wp-content\/uploads\/2018\/09\/comunidadefigueira_primeira_oficina_agrofloresta_05_180512-200x112.jpg 200w, https:\/\/www.fraterinternacional.org\/wp-content\/uploads\/2018\/09\/comunidadefigueira_primeira_oficina_agrofloresta_05_180512-300x169.jpg 300w, https:\/\/www.fraterinternacional.org\/wp-content\/uploads\/2018\/09\/comunidadefigueira_primeira_oficina_agrofloresta_05_180512-400x225.jpg 400w, https:\/\/www.fraterinternacional.org\/wp-content\/uploads\/2018\/09\/comunidadefigueira_primeira_oficina_agrofloresta_05_180512-600x337.jpg 600w, https:\/\/www.fraterinternacional.org\/wp-content\/uploads\/2018\/09\/comunidadefigueira_primeira_oficina_agrofloresta_05_180512.jpg 690w\" sizes=\"(max-width: 690px) 100vw, 690px\" \/><\/a><\/p>\n<h3 style=\"text-align: justify;\"><b>Sepa m\u00e1s<\/b><\/h3>\n<p style=\"font-weight: 400; text-align: justify;\">Demostrando que es posible vivir en armon\u00eda y colaboraci\u00f3n con los Reinos de la Naturaleza, invirtiendo siempre en soluciones sostenibles para mantener sus actividades, la Comunidad-Luz Figueira nutre a los seres de amor y paz y ayuda a regenerar la Tierra.<\/p>\n<p style=\"font-weight: 400; text-align: justify;\">Para obtener m\u00e1s informaci\u00f3n, visite el\u00a0<a href=\"http:\/\/www.comunidadefigueira.org.br\/portal\/es\/\">sitio web<\/a>\u00a0oficial de Comunidad-Luz Figueira<\/p>\n<p><a href=\"https:\/\/www.fraterinternacional.org\/wp-content\/uploads\/2021\/04\/dia-internacinal-terra-comunidade-luz-figueira03.jpg\"><img decoding=\"async\" class=\"size-full wp-image-121267 aligncenter\" src=\"https:\/\/www.fraterinternacional.org\/wp-content\/uploads\/2021\/04\/dia-internacinal-terra-comunidade-luz-figueira03.jpg\" alt=\"Dia Internacional da Terra - Comunidade-Luz Figueira\" width=\"1280\" height=\"960\" srcset=\"https:\/\/www.fraterinternacional.org\/wp-content\/uploads\/2021\/04\/dia-internacinal-terra-comunidade-luz-figueira03-200x150.jpg 200w, https:\/\/www.fraterinternacional.org\/wp-content\/uploads\/2021\/04\/dia-internacinal-terra-comunidade-luz-figueira03-300x225.jpg 300w, https:\/\/www.fraterinternacional.org\/wp-content\/uploads\/2021\/04\/dia-internacinal-terra-comunidade-luz-figueira03-400x300.jpg 400w, https:\/\/www.fraterinternacional.org\/wp-content\/uploads\/2021\/04\/dia-internacinal-terra-comunidade-luz-figueira03-600x450.jpg 600w, https:\/\/www.fraterinternacional.org\/wp-content\/uploads\/2021\/04\/dia-internacinal-terra-comunidade-luz-figueira03-800x600.jpg 800w, https:\/\/www.fraterinternacional.org\/wp-content\/uploads\/2021\/04\/dia-internacinal-terra-comunidade-luz-figueira03-1024x768.jpg 1024w, https:\/\/www.fraterinternacional.org\/wp-content\/uploads\/2021\/04\/dia-internacinal-terra-comunidade-luz-figueira03-1200x900.jpg 1200w, https:\/\/www.fraterinternacional.org\/wp-content\/uploads\/2021\/04\/dia-internacinal-terra-comunidade-luz-figueira03.jpg 1280w\" sizes=\"(max-width: 1280px) 100vw, 1280px\" \/><\/a><\/p>\n","protected":false},"excerpt":{"rendered":"<p>El D\u00eda de la Tierra fue creado el 22 de abril de 1970, en Estados Unidos, con el prop\u00f3sito de [&hellip;]<\/p>\n","protected":false},"author":4,"featured_media":121266,"comment_status":"closed","ping_status":"closed","sticky":false,"template":"","format":"standard","meta":{"footnotes":""},"categories":[173],"tags":[],"class_list":["post-121320","post","type-post","status-publish","format-standard","has-post-thumbnail","hentry","category-noticia"],"yoast_head":"<!-- This site is optimized with the Yoast SEO Premium plugin v21.0 (Yoast SEO v21.0) - https:\/\/yoast.com\/wordpress\/plugins\/seo\/ -->\n<title>En el D\u00eda de la Tierra, conozca una comunidad que trabaja por la integraci\u00f3n del ser humano con toda la vida planetaria -<\/title>\n<meta name=\"description\" content=\"El D\u00eda de la Tierra fue creado el 22 de abril de 1970, en Estados Unidos, con el prop\u00f3sito de que el mundo discutiera soluciones a los problemas que afectan la biodiversidad del planeta. Hoy, despu\u00e9s de 51 a\u00f1os, la humanidad ha provocado un desequilibrio ambiental sin precedentes, cuya contenci\u00f3n y resoluci\u00f3n requieren medidas urgentes.\" \/>\n<meta name=\"robots\" content=\"index, follow, max-snippet:-1, max-image-preview:large, max-video-preview:-1\" \/>\n<link rel=\"canonical\" href=\"https:\/\/www.fraterinternacional.org\/es\/en-el-dia-de-la-tierra-conozca-una-comunidad-que-trabaja-por-la-integracion-del-ser-humano-con-toda-la-vida-planetaria\/\" \/>\n<meta property=\"og:locale\" content=\"es_ES\" \/>\n<meta property=\"og:type\" content=\"article\" \/>\n<meta property=\"og:title\" content=\"En el D\u00eda de la Tierra, conozca una comunidad que trabaja por la integraci\u00f3n del ser humano con toda la vida planetaria\" \/>\n<meta property=\"og:description\" content=\"El D\u00eda de la Tierra fue creado el 22 de abril de 1970, en Estados Unidos, con el prop\u00f3sito de que el mundo discutiera soluciones a los problemas que afectan la biodiversidad del planeta. Hoy, despu\u00e9s de 51 a\u00f1os, la humanidad ha provocado un desequilibrio ambiental sin precedentes, cuya contenci\u00f3n y resoluci\u00f3n requieren medidas urgentes.\" \/>\n<meta property=\"og:url\" content=\"https:\/\/www.fraterinternacional.org\/es\/en-el-dia-de-la-tierra-conozca-una-comunidad-que-trabaja-por-la-integracion-del-ser-humano-con-toda-la-vida-planetaria\/\" \/>\n<meta property=\"og:site_name\" content=\"Fraternidade - Federa\u00e7\u00e3o Humanit\u00e1ria Internacional\" \/>\n<meta property=\"article:publisher\" content=\"https:\/\/www.facebook.com\/fraternidadehumanitaria\" \/>\n<meta property=\"article:published_time\" content=\"2021-04-22T17:49:04+00:00\" \/>\n<meta property=\"article:modified_time\" content=\"2021-05-13T13:20:33+00:00\" \/>\n<meta property=\"og:image\" content=\"https:\/\/www.fraterinternacional.org\/wp-content\/uploads\/2021\/04\/dia-internacinal-terra-comunidade-luz-figueira02.jpg\" \/>\n\t<meta property=\"og:image:width\" content=\"1280\" \/>\n\t<meta property=\"og:image:height\" content=\"960\" \/>\n\t<meta property=\"og:image:type\" content=\"image\/jpeg\" \/>\n<meta name=\"author\" content=\"maducato_admin\" \/>\n<meta name=\"twitter:card\" content=\"summary_large_image\" \/>\n<meta name=\"twitter:creator\" content=\"@fraternidadeFHI\" \/>\n<meta name=\"twitter:site\" content=\"@fraternidadeFHI\" \/>\n<meta name=\"twitter:label1\" content=\"Escrito por\" \/>\n\t<meta name=\"twitter:data1\" content=\"maducato_admin\" \/>\n\t<meta name=\"twitter:label2\" content=\"Tiempo de lectura\" \/>\n\t<meta name=\"twitter:data2\" content=\"7 minutos\" \/>\n<script type=\"application\/ld+json\" class=\"yoast-schema-graph\">{\"@context\":\"https:\/\/schema.org\",\"@graph\":[{\"@type\":\"WebPage\",\"@id\":\"https:\/\/www.fraterinternacional.org\/es\/en-el-dia-de-la-tierra-conozca-una-comunidad-que-trabaja-por-la-integracion-del-ser-humano-con-toda-la-vida-planetaria\/\",\"url\":\"https:\/\/www.fraterinternacional.org\/es\/en-el-dia-de-la-tierra-conozca-una-comunidad-que-trabaja-por-la-integracion-del-ser-humano-con-toda-la-vida-planetaria\/\",\"name\":\"En el D\u00eda de la Tierra, conozca una comunidad que trabaja por la integraci\u00f3n del ser humano con toda la vida planetaria -\",\"isPartOf\":{\"@id\":\"https:\/\/www.fraterinternacional.org\/es\/#website\"},\"datePublished\":\"2021-04-22T17:49:04+00:00\",\"dateModified\":\"2021-05-13T13:20:33+00:00\",\"author\":{\"@id\":\"https:\/\/www.fraterinternacional.org\/es\/#\/schema\/person\/19cb7a5541fd019768c7fe255d72701e\"},\"description\":\"El D\u00eda de la Tierra fue creado el 22 de abril de 1970, en Estados Unidos, con el prop\u00f3sito de que el mundo discutiera soluciones a los problemas que afectan la biodiversidad del planeta. Hoy, despu\u00e9s de 51 a\u00f1os, la humanidad ha provocado un desequilibrio ambiental sin precedentes, cuya contenci\u00f3n y resoluci\u00f3n requieren medidas urgentes.\",\"breadcrumb\":{\"@id\":\"https:\/\/www.fraterinternacional.org\/es\/en-el-dia-de-la-tierra-conozca-una-comunidad-que-trabaja-por-la-integracion-del-ser-humano-con-toda-la-vida-planetaria\/#breadcrumb\"},\"inLanguage\":\"es\",\"potentialAction\":[{\"@type\":\"ReadAction\",\"target\":[\"https:\/\/www.fraterinternacional.org\/es\/en-el-dia-de-la-tierra-conozca-una-comunidad-que-trabaja-por-la-integracion-del-ser-humano-con-toda-la-vida-planetaria\/\"]}]},{\"@type\":\"BreadcrumbList\",\"@id\":\"https:\/\/www.fraterinternacional.org\/es\/en-el-dia-de-la-tierra-conozca-una-comunidad-que-trabaja-por-la-integracion-del-ser-humano-con-toda-la-vida-planetaria\/#breadcrumb\",\"itemListElement\":[{\"@type\":\"ListItem\",\"position\":1,\"name\":\"In\u00edcio\",\"item\":\"https:\/\/www.fraterinternacional.org\/es\/\"},{\"@type\":\"ListItem\",\"position\":2,\"name\":\"En el D\u00eda de la Tierra, conozca una comunidad que trabaja por la integraci\u00f3n del ser humano con toda la vida planetaria\"}]},{\"@type\":\"WebSite\",\"@id\":\"https:\/\/www.fraterinternacional.org\/es\/#website\",\"url\":\"https:\/\/www.fraterinternacional.org\/es\/\",\"name\":\"Fraternidade - Federa\u00e7\u00e3o Humanit\u00e1ria Internacional\",\"description\":\"Fraternidade - Federa\u00e7\u00e3o Humanit\u00e1ria Internacional\",\"potentialAction\":[{\"@type\":\"SearchAction\",\"target\":{\"@type\":\"EntryPoint\",\"urlTemplate\":\"https:\/\/www.fraterinternacional.org\/es\/?s={search_term_string}\"},\"query-input\":\"required name=search_term_string\"}],\"inLanguage\":\"es\"},{\"@type\":\"Person\",\"@id\":\"https:\/\/www.fraterinternacional.org\/es\/#\/schema\/person\/19cb7a5541fd019768c7fe255d72701e\",\"name\":\"maducato_admin\"}]}<\/script>\n<!-- \/ Yoast SEO Premium plugin. -->","yoast_head_json":{"title":"En el D\u00eda de la Tierra, conozca una comunidad que trabaja por la integraci\u00f3n del ser humano con toda la vida planetaria -","description":"El D\u00eda de la Tierra fue creado el 22 de abril de 1970, en Estados Unidos, con el prop\u00f3sito de que el mundo discutiera soluciones a los problemas que afectan la biodiversidad del planeta. Hoy, despu\u00e9s de 51 a\u00f1os, la humanidad ha provocado un desequilibrio ambiental sin precedentes, cuya contenci\u00f3n y resoluci\u00f3n requieren medidas urgentes.","robots":{"index":"index","follow":"follow","max-snippet":"max-snippet:-1","max-image-preview":"max-image-preview:large","max-video-preview":"max-video-preview:-1"},"canonical":"https:\/\/www.fraterinternacional.org\/es\/en-el-dia-de-la-tierra-conozca-una-comunidad-que-trabaja-por-la-integracion-del-ser-humano-con-toda-la-vida-planetaria\/","og_locale":"es_ES","og_type":"article","og_title":"En el D\u00eda de la Tierra, conozca una comunidad que trabaja por la integraci\u00f3n del ser humano con toda la vida planetaria","og_description":"El D\u00eda de la Tierra fue creado el 22 de abril de 1970, en Estados Unidos, con el prop\u00f3sito de que el mundo discutiera soluciones a los problemas que afectan la biodiversidad del planeta. Hoy, despu\u00e9s de 51 a\u00f1os, la humanidad ha provocado un desequilibrio ambiental sin precedentes, cuya contenci\u00f3n y resoluci\u00f3n requieren medidas urgentes.","og_url":"https:\/\/www.fraterinternacional.org\/es\/en-el-dia-de-la-tierra-conozca-una-comunidad-que-trabaja-por-la-integracion-del-ser-humano-con-toda-la-vida-planetaria\/","og_site_name":"Fraternidade - Federa\u00e7\u00e3o Humanit\u00e1ria Internacional","article_publisher":"https:\/\/www.facebook.com\/fraternidadehumanitaria","article_published_time":"2021-04-22T17:49:04+00:00","article_modified_time":"2021-05-13T13:20:33+00:00","og_image":[{"width":1280,"height":960,"url":"https:\/\/www.fraterinternacional.org\/wp-content\/uploads\/2021\/04\/dia-internacinal-terra-comunidade-luz-figueira02.jpg","type":"image\/jpeg"}],"author":"maducato_admin","twitter_card":"summary_large_image","twitter_creator":"@fraternidadeFHI","twitter_site":"@fraternidadeFHI","twitter_misc":{"Escrito por":"maducato_admin","Tiempo de lectura":"7 minutos"},"schema":{"@context":"https:\/\/schema.org","@graph":[{"@type":"WebPage","@id":"https:\/\/www.fraterinternacional.org\/es\/en-el-dia-de-la-tierra-conozca-una-comunidad-que-trabaja-por-la-integracion-del-ser-humano-con-toda-la-vida-planetaria\/","url":"https:\/\/www.fraterinternacional.org\/es\/en-el-dia-de-la-tierra-conozca-una-comunidad-que-trabaja-por-la-integracion-del-ser-humano-con-toda-la-vida-planetaria\/","name":"En el D\u00eda de la Tierra, conozca una comunidad que trabaja por la integraci\u00f3n del ser humano con toda la vida planetaria -","isPartOf":{"@id":"https:\/\/www.fraterinternacional.org\/es\/#website"},"datePublished":"2021-04-22T17:49:04+00:00","dateModified":"2021-05-13T13:20:33+00:00","author":{"@id":"https:\/\/www.fraterinternacional.org\/es\/#\/schema\/person\/19cb7a5541fd019768c7fe255d72701e"},"description":"El D\u00eda de la Tierra fue creado el 22 de abril de 1970, en Estados Unidos, con el prop\u00f3sito de que el mundo discutiera soluciones a los problemas que afectan la biodiversidad del planeta. Hoy, despu\u00e9s de 51 a\u00f1os, la humanidad ha provocado un desequilibrio ambiental sin precedentes, cuya contenci\u00f3n y resoluci\u00f3n requieren medidas urgentes.","breadcrumb":{"@id":"https:\/\/www.fraterinternacional.org\/es\/en-el-dia-de-la-tierra-conozca-una-comunidad-que-trabaja-por-la-integracion-del-ser-humano-con-toda-la-vida-planetaria\/#breadcrumb"},"inLanguage":"es","potentialAction":[{"@type":"ReadAction","target":["https:\/\/www.fraterinternacional.org\/es\/en-el-dia-de-la-tierra-conozca-una-comunidad-que-trabaja-por-la-integracion-del-ser-humano-con-toda-la-vida-planetaria\/"]}]},{"@type":"BreadcrumbList","@id":"https:\/\/www.fraterinternacional.org\/es\/en-el-dia-de-la-tierra-conozca-una-comunidad-que-trabaja-por-la-integracion-del-ser-humano-con-toda-la-vida-planetaria\/#breadcrumb","itemListElement":[{"@type":"ListItem","position":1,"name":"In\u00edcio","item":"https:\/\/www.fraterinternacional.org\/es\/"},{"@type":"ListItem","position":2,"name":"En el D\u00eda de la Tierra, conozca una comunidad que trabaja por la integraci\u00f3n del ser humano con toda la vida planetaria"}]},{"@type":"WebSite","@id":"https:\/\/www.fraterinternacional.org\/es\/#website","url":"https:\/\/www.fraterinternacional.org\/es\/","name":"Fraternidade - Federa\u00e7\u00e3o Humanit\u00e1ria Internacional","description":"Fraternidade - Federa\u00e7\u00e3o Humanit\u00e1ria Internacional","potentialAction":[{"@type":"SearchAction","target":{"@type":"EntryPoint","urlTemplate":"https:\/\/www.fraterinternacional.org\/es\/?s={search_term_string}"},"query-input":"required name=search_term_string"}],"inLanguage":"es"},{"@type":"Person","@id":"https:\/\/www.fraterinternacional.org\/es\/#\/schema\/person\/19cb7a5541fd019768c7fe255d72701e","name":"maducato_admin"}]}},"_links":{"self":[{"href":"https:\/\/www.fraterinternacional.org\/es\/wp-json\/wp\/v2\/posts\/121320"}],"collection":[{"href":"https:\/\/www.fraterinternacional.org\/es\/wp-json\/wp\/v2\/posts"}],"about":[{"href":"https:\/\/www.fraterinternacional.org\/es\/wp-json\/wp\/v2\/types\/post"}],"author":[{"embeddable":true,"href":"https:\/\/www.fraterinternacional.org\/es\/wp-json\/wp\/v2\/users\/4"}],"replies":[{"embeddable":true,"href":"https:\/\/www.fraterinternacional.org\/es\/wp-json\/wp\/v2\/comments?post=121320"}],"version-history":[{"count":0,"href":"https:\/\/www.fraterinternacional.org\/es\/wp-json\/wp\/v2\/posts\/121320\/revisions"}],"wp:featuredmedia":[{"embeddable":true,"href":"https:\/\/www.fraterinternacional.org\/es\/wp-json\/wp\/v2\/media\/121266"}],"wp:attachment":[{"href":"https:\/\/www.fraterinternacional.org\/es\/wp-json\/wp\/v2\/media?parent=121320"}],"wp:term":[{"taxonomy":"category","embeddable":true,"href":"https:\/\/www.fraterinternacional.org\/es\/wp-json\/wp\/v2\/categories?post=121320"},{"taxonomy":"post_tag","embeddable":true,"href":"https:\/\/www.fraterinternacional.org\/es\/wp-json\/wp\/v2\/tags?post=121320"}],"curies":[{"name":"wp","href":"https:\/\/api.w.org\/{rel}","templated":true}]}}