{"id":121300,"date":"2021-04-19T14:09:06","date_gmt":"2021-04-19T17:09:06","guid":{"rendered":"https:\/\/www.fraterinternacional.org\/?p=121300"},"modified":"2021-04-26T14:15:38","modified_gmt":"2021-04-26T17:15:38","slug":"dia-de-la-tierra","status":"publish","type":"post","link":"https:\/\/www.fraterinternacional.org\/es\/dia-de-la-tierra\/","title":{"rendered":"D\u00eda de la Tierra"},"content":{"rendered":"<p style=\"font-weight: 400; text-align: justify;\">Creado por la ONU, el D\u00eda Internacional de la Tierra, celebrado el 22 de abril, nos brinda la oportunidad de reafirmar nuestra responsabilidad colectiva de promover la armon\u00eda con la naturaleza y buscar caminos m\u00e1s sostenibles que no amenacen la continuidad de la vida en el planeta.<\/p>\n<p style=\"font-weight: 400; text-align: justify;\">Durante esta semana, el Portal de la\u00a0<a href=\"https:\/\/www.fraterinternacional.org\/es\/accion-de-la-fraternidad-humanitaria-ffhi-en-el-segundo-semestre-de-2020\/\">Fraternidad -Federaci\u00f3n Humanitaria Internacional (FFHI)<\/a>\u00a0traer\u00e1 algunos ejemplos de cuidado, respeto y convivencia armoniosa con los Reinos de la Naturaleza practicados en las Comunidades-Luz. \u00a1S\u00edganos!<\/p>\n<p><a href=\"https:\/\/www.fraterinternacional.org\/wp-content\/uploads\/2021\/04\/dia-internacinal-terra-comunidade-luz-Nova-Terra-01.jpg\"><img decoding=\"async\" class=\"size-full wp-image-121233 aligncenter\" src=\"https:\/\/www.fraterinternacional.org\/wp-content\/uploads\/2021\/04\/dia-internacinal-terra-comunidade-luz-Nova-Terra-01.jpg\" alt=\"Dia Intenacional da Terra - Comunidade-Luz Nova Terra\" width=\"1000\" height=\"667\" srcset=\"https:\/\/www.fraterinternacional.org\/wp-content\/uploads\/2021\/04\/dia-internacinal-terra-comunidade-luz-Nova-Terra-01-200x133.jpg 200w, https:\/\/www.fraterinternacional.org\/wp-content\/uploads\/2021\/04\/dia-internacinal-terra-comunidade-luz-Nova-Terra-01-300x200.jpg 300w, https:\/\/www.fraterinternacional.org\/wp-content\/uploads\/2021\/04\/dia-internacinal-terra-comunidade-luz-Nova-Terra-01-400x267.jpg 400w, https:\/\/www.fraterinternacional.org\/wp-content\/uploads\/2021\/04\/dia-internacinal-terra-comunidade-luz-Nova-Terra-01-600x400.jpg 600w, https:\/\/www.fraterinternacional.org\/wp-content\/uploads\/2021\/04\/dia-internacinal-terra-comunidade-luz-Nova-Terra-01-800x534.jpg 800w, https:\/\/www.fraterinternacional.org\/wp-content\/uploads\/2021\/04\/dia-internacinal-terra-comunidade-luz-Nova-Terra-01.jpg 1000w\" sizes=\"(max-width: 1000px) 100vw, 1000px\" \/><\/a><\/p>\n<p style=\"font-weight: 400; text-align: justify;\">Uno de los elementos sagrados que compone la naturaleza es la tierra. Elemento femenino, que acoge lo que reposa en ella, transubstancia y recrea para un nuevo ciclo, una nueva forma. En este movimiento c\u00edclico de la vida, la tierra es un veh\u00edculo, una cuna, una plataforma para toda la vida del planeta, que no lleva su nombre por casualidad.<\/p>\n<p style=\"font-weight: 400; text-align: justify;\">En la\u00a0<a href=\"https:\/\/www.fraterinternacional.org\/es\/?s=Nova+Terra\">Comunidad-Luz Nova Terra<\/a>, afiliada a la\u00a0<a href=\"https:\/\/www.fraterinternacional.org\/es\/?\">Fraternidad -Federaci\u00f3n Humanitaria Internacional (FFHI)<\/a>, este elemento sagrado es reverenciado principalmente como la madre de todo el Reino Vegetal. El que aporta todo el aire puro, el alimento, la cura, la armon\u00eda y la belleza.<\/p>\n<p><a href=\"https:\/\/www.fraterinternacional.org\/wp-content\/uploads\/2021\/04\/dia-internacinal-terra-comunidade-luz-Nova-Terra-03.jpg\"><img decoding=\"async\" class=\"size-full wp-image-121239 aligncenter\" src=\"https:\/\/www.fraterinternacional.org\/wp-content\/uploads\/2021\/04\/dia-internacinal-terra-comunidade-luz-Nova-Terra-03.jpg\" alt=\"Dia Intenacional da Terra - Comunidade-Luz Nova Terra\" width=\"1000\" height=\"750\" srcset=\"https:\/\/www.fraterinternacional.org\/wp-content\/uploads\/2021\/04\/dia-internacinal-terra-comunidade-luz-Nova-Terra-03-200x150.jpg 200w, https:\/\/www.fraterinternacional.org\/wp-content\/uploads\/2021\/04\/dia-internacinal-terra-comunidade-luz-Nova-Terra-03-300x225.jpg 300w, https:\/\/www.fraterinternacional.org\/wp-content\/uploads\/2021\/04\/dia-internacinal-terra-comunidade-luz-Nova-Terra-03-400x300.jpg 400w, https:\/\/www.fraterinternacional.org\/wp-content\/uploads\/2021\/04\/dia-internacinal-terra-comunidade-luz-Nova-Terra-03-600x450.jpg 600w, https:\/\/www.fraterinternacional.org\/wp-content\/uploads\/2021\/04\/dia-internacinal-terra-comunidade-luz-Nova-Terra-03-800x600.jpg 800w, https:\/\/www.fraterinternacional.org\/wp-content\/uploads\/2021\/04\/dia-internacinal-terra-comunidade-luz-Nova-Terra-03.jpg 1000w\" sizes=\"(max-width: 1000px) 100vw, 1000px\" \/><\/a><\/p>\n<p style=\"font-weight: 400; text-align: justify;\">Desde hace unos tres a\u00f1os la tierra ha sido un participante activo en la vida cotidiana de la comunidad, ganando protagonismo en reuniones grupales, decisiones, tareas, etc. Con la implementaci\u00f3n del sistema agroforestal en varias \u00e1reas, se descubri\u00f3 un aspecto m\u00e1s de este elemento, que se mostr\u00f3 vivo y sensible al trabajo amoroso y dedicado del ser humano.<\/p>\n<p style=\"font-weight: 400; text-align: justify;\">Actualmente se cultivan y cosechan variedades tales \u00a0como: mandioca, ma\u00edz, trigo, man\u00ed, frijol, col, zanahoria, remolacha, repollo, yac\u00f3n, bananas, adem\u00e1s de hierbas medicinales, condimentos, \u00e1rboles frutales, flores, entre otras especies, en un sistema que se \u00a0autogestiona, bajo la atenta mirada del grupo, a trav\u00e9s de una empresa a\u00fan peque\u00f1a y humilde, pero manifestada con mucho amor.<\/p>\n<p><a href=\"https:\/\/www.fraterinternacional.org\/wp-content\/uploads\/2021\/04\/dia-internacinal-terra-comunidade-luz-Nova-Terra-04.jpg\"><img decoding=\"async\" class=\"size-full wp-image-121242 aligncenter\" src=\"https:\/\/www.fraterinternacional.org\/wp-content\/uploads\/2021\/04\/dia-internacinal-terra-comunidade-luz-Nova-Terra-04.jpg\" alt=\"Dia Intenacional da Terra - Comunidade-Luz Nova Terra\" width=\"1000\" height=\"750\" srcset=\"https:\/\/www.fraterinternacional.org\/wp-content\/uploads\/2021\/04\/dia-internacinal-terra-comunidade-luz-Nova-Terra-04-200x150.jpg 200w, https:\/\/www.fraterinternacional.org\/wp-content\/uploads\/2021\/04\/dia-internacinal-terra-comunidade-luz-Nova-Terra-04-300x225.jpg 300w, https:\/\/www.fraterinternacional.org\/wp-content\/uploads\/2021\/04\/dia-internacinal-terra-comunidade-luz-Nova-Terra-04-400x300.jpg 400w, https:\/\/www.fraterinternacional.org\/wp-content\/uploads\/2021\/04\/dia-internacinal-terra-comunidade-luz-Nova-Terra-04-600x450.jpg 600w, https:\/\/www.fraterinternacional.org\/wp-content\/uploads\/2021\/04\/dia-internacinal-terra-comunidade-luz-Nova-Terra-04-800x600.jpg 800w, https:\/\/www.fraterinternacional.org\/wp-content\/uploads\/2021\/04\/dia-internacinal-terra-comunidade-luz-Nova-Terra-04.jpg 1000w\" sizes=\"(max-width: 1000px) 100vw, 1000px\" \/><\/a><\/p>\n<p style=\"font-weight: 400; text-align: justify;\">En la Escuela Viva Parque Tibetano se incluye la vivencia con el elemento tierra y el Reino Vegetal a trav\u00e9s de los talleres. As\u00ed, desde peque\u00f1os, los ni\u00f1os aprenden que los elementos de la naturaleza pueden, efectivamente, ser nuestros hermanos en este camino evolutivo, y que colaboran mucho para ello si nosotros adem\u00e1s sabemos servirlos y colaborar con ellos.<\/p>\n<p style=\"font-weight: 400; text-align: justify;\">La tierra proporciona todo en su abundancia materna e infinita. \u00a1Que podamos descubrir cada vez m\u00e1s sus posibilidades y necesidades, agradeciendo siempre este elemento sagrado!<\/p>\n<p><a href=\"https:\/\/www.fraterinternacional.org\/wp-content\/uploads\/2021\/04\/dia-internacinal-terra-comunidade-luz-Nova-Terra-02.jpg\"><img decoding=\"async\" class=\"size-full wp-image-121236 aligncenter\" src=\"https:\/\/www.fraterinternacional.org\/wp-content\/uploads\/2021\/04\/dia-internacinal-terra-comunidade-luz-Nova-Terra-02.jpg\" alt=\"Dia Intenacional da Terra - Comunidade-Luz Nova Terra\" width=\"1000\" height=\"750\" srcset=\"https:\/\/www.fraterinternacional.org\/wp-content\/uploads\/2021\/04\/dia-internacinal-terra-comunidade-luz-Nova-Terra-02-200x150.jpg 200w, https:\/\/www.fraterinternacional.org\/wp-content\/uploads\/2021\/04\/dia-internacinal-terra-comunidade-luz-Nova-Terra-02-300x225.jpg 300w, https:\/\/www.fraterinternacional.org\/wp-content\/uploads\/2021\/04\/dia-internacinal-terra-comunidade-luz-Nova-Terra-02-400x300.jpg 400w, https:\/\/www.fraterinternacional.org\/wp-content\/uploads\/2021\/04\/dia-internacinal-terra-comunidade-luz-Nova-Terra-02-600x450.jpg 600w, https:\/\/www.fraterinternacional.org\/wp-content\/uploads\/2021\/04\/dia-internacinal-terra-comunidade-luz-Nova-Terra-02-800x600.jpg 800w, https:\/\/www.fraterinternacional.org\/wp-content\/uploads\/2021\/04\/dia-internacinal-terra-comunidade-luz-Nova-Terra-02.jpg 1000w\" sizes=\"(max-width: 1000px) 100vw, 1000px\" \/><\/a><\/p>\n<p><em>Obs: Fotos tomadas antes del per\u00edodo de la pandemia<\/em><\/p>\n","protected":false},"excerpt":{"rendered":"<p>Creado por la ONU, el D\u00eda Internacional de la Tierra, celebrado el 22 de abril, nos brinda la oportunidad de [&hellip;]<\/p>\n","protected":false},"author":4,"featured_media":121235,"comment_status":"closed","ping_status":"closed","sticky":false,"template":"","format":"standard","meta":{"footnotes":""},"categories":[173],"tags":[],"class_list":["post-121300","post","type-post","status-publish","format-standard","has-post-thumbnail","hentry","category-noticia"],"yoast_head":"<!-- This site is optimized with the Yoast SEO Premium plugin v21.0 (Yoast SEO v21.0) - https:\/\/yoast.com\/wordpress\/plugins\/seo\/ -->\n<title>D\u00eda de la Tierra -<\/title>\n<meta name=\"description\" content=\"Durante esta semana, el Portal de la Fraternidad -Federaci\u00f3n Humanitaria Internacional (FFHI) traer\u00e1 algunos ejemplos de cuidado, respeto y convivencia armoniosa con los Reinos de la Naturaleza practicados en las Comunidades-Luz.\" \/>\n<meta name=\"robots\" content=\"index, follow, max-snippet:-1, max-image-preview:large, max-video-preview:-1\" \/>\n<link rel=\"canonical\" href=\"https:\/\/www.fraterinternacional.org\/es\/dia-de-la-tierra\/\" \/>\n<meta property=\"og:locale\" content=\"es_ES\" \/>\n<meta property=\"og:type\" content=\"article\" \/>\n<meta property=\"og:title\" content=\"D\u00eda de la Tierra\" \/>\n<meta property=\"og:description\" content=\"Durante esta semana, el Portal de la Fraternidad -Federaci\u00f3n Humanitaria Internacional (FFHI) traer\u00e1 algunos ejemplos de cuidado, respeto y convivencia armoniosa con los Reinos de la Naturaleza practicados en las Comunidades-Luz.\" \/>\n<meta property=\"og:url\" content=\"https:\/\/www.fraterinternacional.org\/es\/dia-de-la-tierra\/\" \/>\n<meta property=\"og:site_name\" content=\"Fraternidade - Federa\u00e7\u00e3o Humanit\u00e1ria Internacional\" \/>\n<meta property=\"article:publisher\" content=\"https:\/\/www.facebook.com\/fraternidadehumanitaria\" \/>\n<meta property=\"article:published_time\" content=\"2021-04-19T17:09:06+00:00\" \/>\n<meta property=\"article:modified_time\" content=\"2021-04-26T17:15:38+00:00\" \/>\n<meta property=\"og:image\" content=\"https:\/\/www.fraterinternacional.org\/wp-content\/uploads\/2021\/04\/dia-internacinal-terra-comunidade-luz-Nova-Terra-01.jpg\" \/>\n\t<meta property=\"og:image:width\" content=\"1000\" \/>\n\t<meta property=\"og:image:height\" content=\"667\" \/>\n\t<meta property=\"og:image:type\" content=\"image\/jpeg\" \/>\n<meta name=\"author\" content=\"maducato_admin\" \/>\n<meta name=\"twitter:card\" content=\"summary_large_image\" \/>\n<meta name=\"twitter:creator\" content=\"@fraternidadeFHI\" \/>\n<meta name=\"twitter:site\" content=\"@fraternidadeFHI\" \/>\n<meta name=\"twitter:label1\" content=\"Escrito por\" \/>\n\t<meta name=\"twitter:data1\" content=\"maducato_admin\" \/>\n\t<meta name=\"twitter:label2\" content=\"Tiempo de lectura\" \/>\n\t<meta name=\"twitter:data2\" content=\"3 minutos\" \/>\n<script type=\"application\/ld+json\" class=\"yoast-schema-graph\">{\"@context\":\"https:\/\/schema.org\",\"@graph\":[{\"@type\":\"WebPage\",\"@id\":\"https:\/\/www.fraterinternacional.org\/es\/dia-de-la-tierra\/\",\"url\":\"https:\/\/www.fraterinternacional.org\/es\/dia-de-la-tierra\/\",\"name\":\"D\u00eda de la Tierra -\",\"isPartOf\":{\"@id\":\"https:\/\/www.fraterinternacional.org\/es\/#website\"},\"datePublished\":\"2021-04-19T17:09:06+00:00\",\"dateModified\":\"2021-04-26T17:15:38+00:00\",\"author\":{\"@id\":\"https:\/\/www.fraterinternacional.org\/es\/#\/schema\/person\/19cb7a5541fd019768c7fe255d72701e\"},\"description\":\"Durante esta semana, el Portal de la Fraternidad -Federaci\u00f3n Humanitaria Internacional (FFHI) traer\u00e1 algunos ejemplos de cuidado, respeto y convivencia armoniosa con los Reinos de la Naturaleza practicados en las Comunidades-Luz.\",\"breadcrumb\":{\"@id\":\"https:\/\/www.fraterinternacional.org\/es\/dia-de-la-tierra\/#breadcrumb\"},\"inLanguage\":\"es\",\"potentialAction\":[{\"@type\":\"ReadAction\",\"target\":[\"https:\/\/www.fraterinternacional.org\/es\/dia-de-la-tierra\/\"]}]},{\"@type\":\"BreadcrumbList\",\"@id\":\"https:\/\/www.fraterinternacional.org\/es\/dia-de-la-tierra\/#breadcrumb\",\"itemListElement\":[{\"@type\":\"ListItem\",\"position\":1,\"name\":\"In\u00edcio\",\"item\":\"https:\/\/www.fraterinternacional.org\/es\/\"},{\"@type\":\"ListItem\",\"position\":2,\"name\":\"D\u00eda de la Tierra\"}]},{\"@type\":\"WebSite\",\"@id\":\"https:\/\/www.fraterinternacional.org\/es\/#website\",\"url\":\"https:\/\/www.fraterinternacional.org\/es\/\",\"name\":\"Fraternidade - Federa\u00e7\u00e3o Humanit\u00e1ria Internacional\",\"description\":\"Fraternidade - Federa\u00e7\u00e3o Humanit\u00e1ria Internacional\",\"potentialAction\":[{\"@type\":\"SearchAction\",\"target\":{\"@type\":\"EntryPoint\",\"urlTemplate\":\"https:\/\/www.fraterinternacional.org\/es\/?s={search_term_string}\"},\"query-input\":\"required name=search_term_string\"}],\"inLanguage\":\"es\"},{\"@type\":\"Person\",\"@id\":\"https:\/\/www.fraterinternacional.org\/es\/#\/schema\/person\/19cb7a5541fd019768c7fe255d72701e\",\"name\":\"maducato_admin\"}]}<\/script>\n<!-- \/ Yoast SEO Premium plugin. -->","yoast_head_json":{"title":"D\u00eda de la Tierra -","description":"Durante esta semana, el Portal de la Fraternidad -Federaci\u00f3n Humanitaria Internacional (FFHI) traer\u00e1 algunos ejemplos de cuidado, respeto y convivencia armoniosa con los Reinos de la Naturaleza practicados en las Comunidades-Luz.","robots":{"index":"index","follow":"follow","max-snippet":"max-snippet:-1","max-image-preview":"max-image-preview:large","max-video-preview":"max-video-preview:-1"},"canonical":"https:\/\/www.fraterinternacional.org\/es\/dia-de-la-tierra\/","og_locale":"es_ES","og_type":"article","og_title":"D\u00eda de la Tierra","og_description":"Durante esta semana, el Portal de la Fraternidad -Federaci\u00f3n Humanitaria Internacional (FFHI) traer\u00e1 algunos ejemplos de cuidado, respeto y convivencia armoniosa con los Reinos de la Naturaleza practicados en las Comunidades-Luz.","og_url":"https:\/\/www.fraterinternacional.org\/es\/dia-de-la-tierra\/","og_site_name":"Fraternidade - Federa\u00e7\u00e3o Humanit\u00e1ria Internacional","article_publisher":"https:\/\/www.facebook.com\/fraternidadehumanitaria","article_published_time":"2021-04-19T17:09:06+00:00","article_modified_time":"2021-04-26T17:15:38+00:00","og_image":[{"width":1000,"height":667,"url":"https:\/\/www.fraterinternacional.org\/wp-content\/uploads\/2021\/04\/dia-internacinal-terra-comunidade-luz-Nova-Terra-01.jpg","type":"image\/jpeg"}],"author":"maducato_admin","twitter_card":"summary_large_image","twitter_creator":"@fraternidadeFHI","twitter_site":"@fraternidadeFHI","twitter_misc":{"Escrito por":"maducato_admin","Tiempo de lectura":"3 minutos"},"schema":{"@context":"https:\/\/schema.org","@graph":[{"@type":"WebPage","@id":"https:\/\/www.fraterinternacional.org\/es\/dia-de-la-tierra\/","url":"https:\/\/www.fraterinternacional.org\/es\/dia-de-la-tierra\/","name":"D\u00eda de la Tierra -","isPartOf":{"@id":"https:\/\/www.fraterinternacional.org\/es\/#website"},"datePublished":"2021-04-19T17:09:06+00:00","dateModified":"2021-04-26T17:15:38+00:00","author":{"@id":"https:\/\/www.fraterinternacional.org\/es\/#\/schema\/person\/19cb7a5541fd019768c7fe255d72701e"},"description":"Durante esta semana, el Portal de la Fraternidad -Federaci\u00f3n Humanitaria Internacional (FFHI) traer\u00e1 algunos ejemplos de cuidado, respeto y convivencia armoniosa con los Reinos de la Naturaleza practicados en las Comunidades-Luz.","breadcrumb":{"@id":"https:\/\/www.fraterinternacional.org\/es\/dia-de-la-tierra\/#breadcrumb"},"inLanguage":"es","potentialAction":[{"@type":"ReadAction","target":["https:\/\/www.fraterinternacional.org\/es\/dia-de-la-tierra\/"]}]},{"@type":"BreadcrumbList","@id":"https:\/\/www.fraterinternacional.org\/es\/dia-de-la-tierra\/#breadcrumb","itemListElement":[{"@type":"ListItem","position":1,"name":"In\u00edcio","item":"https:\/\/www.fraterinternacional.org\/es\/"},{"@type":"ListItem","position":2,"name":"D\u00eda de la Tierra"}]},{"@type":"WebSite","@id":"https:\/\/www.fraterinternacional.org\/es\/#website","url":"https:\/\/www.fraterinternacional.org\/es\/","name":"Fraternidade - Federa\u00e7\u00e3o Humanit\u00e1ria Internacional","description":"Fraternidade - Federa\u00e7\u00e3o Humanit\u00e1ria Internacional","potentialAction":[{"@type":"SearchAction","target":{"@type":"EntryPoint","urlTemplate":"https:\/\/www.fraterinternacional.org\/es\/?s={search_term_string}"},"query-input":"required name=search_term_string"}],"inLanguage":"es"},{"@type":"Person","@id":"https:\/\/www.fraterinternacional.org\/es\/#\/schema\/person\/19cb7a5541fd019768c7fe255d72701e","name":"maducato_admin"}]}},"_links":{"self":[{"href":"https:\/\/www.fraterinternacional.org\/es\/wp-json\/wp\/v2\/posts\/121300"}],"collection":[{"href":"https:\/\/www.fraterinternacional.org\/es\/wp-json\/wp\/v2\/posts"}],"about":[{"href":"https:\/\/www.fraterinternacional.org\/es\/wp-json\/wp\/v2\/types\/post"}],"author":[{"embeddable":true,"href":"https:\/\/www.fraterinternacional.org\/es\/wp-json\/wp\/v2\/users\/4"}],"replies":[{"embeddable":true,"href":"https:\/\/www.fraterinternacional.org\/es\/wp-json\/wp\/v2\/comments?post=121300"}],"version-history":[{"count":0,"href":"https:\/\/www.fraterinternacional.org\/es\/wp-json\/wp\/v2\/posts\/121300\/revisions"}],"wp:featuredmedia":[{"embeddable":true,"href":"https:\/\/www.fraterinternacional.org\/es\/wp-json\/wp\/v2\/media\/121235"}],"wp:attachment":[{"href":"https:\/\/www.fraterinternacional.org\/es\/wp-json\/wp\/v2\/media?parent=121300"}],"wp:term":[{"taxonomy":"category","embeddable":true,"href":"https:\/\/www.fraterinternacional.org\/es\/wp-json\/wp\/v2\/categories?post=121300"},{"taxonomy":"post_tag","embeddable":true,"href":"https:\/\/www.fraterinternacional.org\/es\/wp-json\/wp\/v2\/tags?post=121300"}],"curies":[{"name":"wp","href":"https:\/\/api.w.org\/{rel}","templated":true}]}}