{"id":121154,"date":"2021-03-22T16:09:36","date_gmt":"2021-03-22T19:09:36","guid":{"rendered":"https:\/\/www.fraterinternacional.org\/?p=121154"},"modified":"2022-01-06T15:28:10","modified_gmt":"2022-01-06T18:28:10","slug":"comunidad-luz-figueira-y-la-busqueda-de-nuevos-paradigmas-en-la-relacion-con-el-agua","status":"publish","type":"post","link":"https:\/\/www.fraterinternacional.org\/es\/comunidad-luz-figueira-y-la-busqueda-de-nuevos-paradigmas-en-la-relacion-con-el-agua\/","title":{"rendered":"Comunidad-Luz Figueira y la b\u00fasqueda de nuevos paradigmas en la relaci\u00f3n con el agua"},"content":{"rendered":"<p style=\"font-weight: 400; text-align: justify;\">\u00bfQu\u00e9 podemos hacer para tratar y utilizar el agua, esta sustancia vital, pero tan desperdiciada \u00a0y desconsiderada, de una manera m\u00e1s consciente y econ\u00f3mica?<\/p>\n<p style=\"font-weight: 400; text-align: justify;\">Para profundizar en esta reflexi\u00f3n, puede resultar \u00fatil e instructivo conocer proyectos orientados a la sostenibilidad en la gesti\u00f3n de los recursos h\u00eddricos.<\/p>\n<p style=\"font-weight: 400; text-align: justify;\">Para eso conozcamos un poco el trabajo desarrollado\u00a0por\u00a0m\u00e1s de 30 a\u00f1os, por la\u00a0<a href=\"http:\/\/www.comunidadefigueira.org.br\/portal\/es\/\">Comunidad-Luz Figueira<\/a>, afiliada a la\u00a0<a href=\"https:\/\/www.fraterinternacional.org\/es\/\">Fraternidad &#8211; Federaci\u00f3n Humanitaria Internacional (FFHI)<\/a>\u00a0ubicada en Carmo da Cachoeira, al sur de Minas Gerais, Brasil.<\/p>\n<p style=\"text-align: justify;\"><a href=\"https:\/\/www.fraterinternacional.org\/wp-content\/uploads\/2021\/03\/dia-mundial-agua-comunidade-figueira03.jpg\"><img decoding=\"async\" class=\"aligncenter\" src=\"https:\/\/www.fraterinternacional.org\/wp-content\/uploads\/2021\/03\/dia-mundial-agua-comunidade-figueira03.jpg\" alt=\"\u00c1gua - Comunidade-Luz Figueira\" width=\"1200\" height=\"800\" \/><\/a><\/p>\n<p style=\"font-weight: 400; text-align: justify;\"><a href=\"http:\/\/www.comunidadefigueira.org.br\/portal\/es\/\">Figueira<\/a>\u00a0ya ha inspirado a miles de personas de diferentes pa\u00edses a cambiar sus patrones de conducta frente a los elementos naturales, especialmente el agua, mediante la difusi\u00f3n de principios encaminados a la regeneraci\u00f3n f\u00edsica y espiritual de la vida en la Tierra.<\/p>\n<p style=\"font-weight: 400; text-align: justify;\">Con la instrucci\u00f3n y la vivencia diaria que se ofrece en la comunidad, se insta a los visitantes y residentes a despertar el amor y la reverencia por esta sustancia esencial. El objetivo principal es que todos puedan convertirse en agentes transformadores, ayudando a difundir una actitud m\u00e1s \u00e9tica y responsable hacia las aguas.<\/p>\n<h3 style=\"text-align: justify;\"><b>Donaci\u00f3n y sacrificio incondicional\u00a0<\/b><\/h3>\n<p style=\"text-align: justify;\"><a href=\"https:\/\/www.fraterinternacional.org\/wp-content\/uploads\/2021\/03\/dia-mundial-agua-comunidade-figueira05.jpg\"><img decoding=\"async\" class=\"aligncenter\" src=\"https:\/\/www.fraterinternacional.org\/wp-content\/uploads\/2021\/03\/dia-mundial-agua-comunidade-figueira05.jpg\" alt=\"\u00c1gua - Comunidade-Luz Figueira\" width=\"1200\" height=\"900\" \/><\/a><\/p>\n<p style=\"font-weight: 400; text-align: justify;\">El agua, una sustancia maleable y adaptable, cubre m\u00e1s del 70% del planeta, constituye aproximadamente el 70% del cuerpo humano y es esencial para todos los seres vivos de la Tierra.<\/p>\n<p style=\"font-weight: 400; text-align: justify;\">Si observamos su comportamiento, nos daremos cuenta de que el agua simboliza las virtudes de la donaci\u00f3n incondicional y el sacrificio permanente. Esto es evidente especialmente en estos tiempos, cuando el desperdicio y la contaminaci\u00f3n del agua por aguas residuales, productos qu\u00edmicos y diversos desechos, alcanz\u00f3 tasas alarmantes.<\/p>\n<p style=\"font-weight: 400; text-align: justify;\">Aun as\u00ed, a pesar de ser tratadas sin la debida gratitud, cuidado y reverencia, las aguas contin\u00faan ofreci\u00e9ndose sin l\u00edmites para suplir todas nuestras necesidades y estar con nosotros en casi todos los momento.<\/p>\n<h3 style=\"text-align: justify;\"><b>Hermana Agua: \u00fatil, humilde, preciosa y casta<\/b><\/h3>\n<p style=\"font-weight: 400; text-align: justify;\">San Francisco de As\u00eds, una de las m\u00e1s altas consciencias cuyas ense\u00f1anzas se estudian y siguen en Figueira, exalt\u00f3 algunos de los principales atributos del agua en su \u201cC\u00e1ntico del hermano Sol\u201d:<\/p>\n<p style=\"font-weight: 400; text-align: justify;\">\u2018\u2019Alabado seas, mi Se\u00f1or<\/p>\n<p style=\"font-weight: 400; text-align: justify;\">Por la hermana agua,<\/p>\n<p style=\"font-weight: 400; text-align: justify;\">Que es muy \u00fatil y humilde<\/p>\n<p style=\"font-weight: 400; text-align: justify;\">Es preciosa y casta\u00bb.<\/p>\n<p style=\"font-weight: 400; text-align: justify;\">De hecho, el agua es imprescindible en todos los \u00e1mbitos de la existencia f\u00edsica y se entrega con generosidad y sencillez para realizar cualquier tarea, desde las m\u00e1s nobles hasta las m\u00e1s elementales y r\u00fasticas; por tanto, es \u00fatil, humilde y preciosa. Su castidad se destaca por su pureza, claridad y transparencia.<\/p>\n<h3 style=\"text-align: justify;\"><b>Transformaci\u00f3n constante<\/b><\/h3>\n<p style=\"font-weight: 400; text-align: justify;\">\u00bfAlguna vez te has detenido a pensar que el agua, en el planeta, es la misma desde hace milenios? Su cantidad no cambia, solo su calidad. D\u00eda a d\u00eda, esta sustancia est\u00e1 en constante transformaci\u00f3n.<\/p>\n<p style=\"font-weight: 400; text-align: justify;\">De toda el agua del planeta, solo el 2,5% representa agua dulce. Sin embargo, solo el 0,26% de esta agua est\u00e1 disponible para el consumo humano y una gran parte de este restringido porcentual est\u00e1 contaminada.<\/p>\n<p style=\"font-weight: 400; text-align: justify;\">Tambi\u00e9n debe recordarse que no se distribuye uniformemente en la superficie del globo. Por lo tanto, es un recurso escaso en muchos lugares.<\/p>\n<p style=\"font-weight: 400; text-align: justify;\">Estas son algunas de las razones por las que no deber\u00edamos desperdiciar una sola gota de esta sustancia sagrada.<\/p>\n<h3 style=\"text-align: justify;\"><b>El uso del agua en Figueira<\/b><\/h3>\n<p style=\"font-weight: 400; text-align: justify;\">Y ahora, \u00bfqu\u00e9 tal entender c\u00f3mo es la gesti\u00f3n de los recursos h\u00eddricos en la\u00a0<a href=\"http:\/\/www.comunidadefigueira.org.br\/portal\/es\/\">Comunidad-Luz Figueira<\/a>?<\/p>\n<p style=\"font-weight: 400; text-align: justify;\">H\u00e9lcio Drago, encargado del sistema de abastecimiento de agua en la comunidad, explic\u00f3 este proceso.\u00a0Toda el agua que se consume en las fincas de Figueira se obtiene mediante una soluci\u00f3n de abastecimiento alternativa, es decir, no es provista \u00a0por el sistema p\u00fablico de abastecimiento, dijo.<\/p>\n<h3 style=\"text-align: justify;\"><b>Agua potable<\/b><\/h3>\n<p style=\"text-align: justify;\"><a href=\"https:\/\/www.fraterinternacional.org\/wp-content\/uploads\/2021\/03\/dia-mundial-agua-comunidade-figueira04.jpg\"><img decoding=\"async\" class=\"aligncenter\" src=\"https:\/\/www.fraterinternacional.org\/wp-content\/uploads\/2021\/03\/dia-mundial-agua-comunidade-figueira04.jpg\" alt=\"\u00c1gua - Comunidade-Luz Figueira\" width=\"1200\" height=\"900\" \/><\/a><\/p>\n<p style=\"font-weight: 400; text-align: justify;\">En general, el agua potable se capta de un acu\u00edfero\u00a0\u00a0m\u00e1s profundo que el de la capa fre\u00e1tica\u00a0mediante pozos tubulares hondos y, en el nivel fre\u00e1tico, mediante cisternas. Se utiliza para la ingesti\u00f3n, preparaci\u00f3n de alimentos e higiene personal.<\/p>\n<p style=\"font-weight: 400; text-align: justify;\">El monitoreo de la calidad del agua para consumo humano se realiza peri\u00f3dicamente, mediante an\u00e1lisis de muestras en laboratorios acreditados, de acuerdo con las normas de consumo del Ministerio de Salud.<\/p>\n<p style=\"font-weight: 400; text-align: justify;\">El agua no potable, por otro lado, se recoleta, principalmente, de presas artificiales. Sirve para riego, limpieza de veh\u00edculos y descarga de inodoros.<\/p>\n<h3 style=\"text-align: justify;\"><b>Recolecci\u00f3n, distribuci\u00f3n y consumo<\/b><\/h3>\n<p style=\"text-align: justify;\"><a href=\"https:\/\/www.fraterinternacional.org\/wp-content\/uploads\/2021\/03\/dia-mundial-agua-comunidade-figueira01.jpg\"><img decoding=\"async\" class=\"aligncenter\" src=\"https:\/\/www.fraterinternacional.org\/wp-content\/uploads\/2021\/03\/dia-mundial-agua-comunidade-figueira01.jpg\" alt=\"\u00c1gua - Comunidade-Luz Figueira\" width=\"1200\" height=\"800\" \/><\/a><\/p>\n<p style=\"font-weight: 400; text-align: justify;\">En\u00a0<a href=\"http:\/\/www.comunidadefigueira.org.br\/portal\/es\/\">Figueira<\/a>, los puntos de consumo de agua se encuentran a una altitud superior a los puntos de captaci\u00f3n. Por consiguiente, es necesario transportar y almacenar el agua. En el transporte se utilizan bombas de varios tipos, como bombas de pist\u00f3n, accionadas por molinos hidr\u00e1ulicos y las centr\u00edfugas, que requieren energ\u00eda el\u00e9ctrica.<\/p>\n<p style=\"font-weight: 400; text-align: justify;\">La electricidad para este prop\u00f3sito la provee la empresa de energ\u00eda local o los generadores solares.<\/p>\n<p style=\"font-weight: 400; text-align: justify;\">Sin embargo, con el objetivo de lograr la autosostenibilidad, la intenci\u00f3n es adoptar la energ\u00eda solar como la principal fuente de electricidad en la mayor\u00eda de las instalaciones de bombeo.<\/p>\n<p style=\"font-weight: 400; text-align: justify;\">Existe una extensa red de distribuci\u00f3n para que el agua llegue a los puntos de consumo, compuesta por dep\u00f3sitos, tuber\u00edas y accesorios. Hay casos en los que esta red interconecta varias fincas, posibilitando que el agua recolectada y bombeada en una zona sea consumida en otra.<\/p>\n<h3 style=\"text-align: justify;\"><b>La aguas residuales<\/b><\/h3>\n<p style=\"text-align: justify;\">Las aguas residuales, es decir, aquellas que ya han sido utilizadas por las personas, se destinan a tratamiento y se dividen en dos clases:<\/p>\n<ul style=\"text-align: justify;\">\n<li aria-level=\"1\"><b>Agua negra<\/b><\/li>\n<\/ul>\n<p style=\"font-weight: 400; text-align: justify;\">El agua negra, proveniente de los ba\u00f1os, pasa por las estaciones de tratamiento de aguas cloacales antes de ser puesta a disposici\u00f3n en los desag\u00fces para infiltraci\u00f3n en el subsuelo.<\/p>\n<p style=\"font-weight: 400; text-align: justify;\">Estas estaciones de tratamiento est\u00e1n compuestas por tanques s\u00e9pticos y filtros anaer\u00f3bicos, dispositivos que tienen la funci\u00f3n de reducir las cargas contaminantes de las aguas residuales, devolviendo al medio ambiente el efluente tratado con los est\u00e1ndares exigidos por la legislaci\u00f3n ambiental.<\/p>\n<ul style=\"text-align: justify;\">\n<li aria-level=\"1\"><b>Agua gris<\/b><\/li>\n<\/ul>\n<p style=\"text-align: justify;\">Las aguas grises se utilizan para ba\u00f1arse, lavar la ropa y limpiar los alimentos. Su destino puede ser la estaci\u00f3n de tratamiento de aguas cloacales o sistemas alternativos de tratamiento, como los c\u00edrculos de plantaciones de pl\u00e1tanos, cultivados en varias fincas de Figueira.<\/p>\n<h3 style=\"text-align: justify;\"><b>Planificaci\u00f3n y monitoreo<\/b><\/h3>\n<p style=\"text-align: justify;\">Para que o sistema alternativo de abastecimento de \u00e1gua possa funcionar adequadamente, h\u00e1 um amplo planejamento entre o Setor de \u00c1guas de Figueira e as fazendas.<\/p>\n<p style=\"text-align: justify;\">Desde 2013, el consumo de agua en cada \u00e1rea se monitorea mediante la lectura de medidores de agua. Un equipo realiza la inspecci\u00f3n peri\u00f3dica de todo el sistema de suministro, abarcando la recolecci\u00f3n, bombeo, almacenamiento, distribuci\u00f3n y tratamiento. De esta forma, es posible prever la necesidad de intervenciones.<\/p>\n<h3 style=\"text-align: justify;\"><b>Colecta de agua de lluvia<\/b><\/h3>\n<p style=\"font-weight: 400; text-align: justify;\">La regi\u00f3n donde se encuentra Figueira tambi\u00e9n se ha visto afectada por cambios en el ciclo hidrol\u00f3gico, en su mayor\u00eda provocados por la deforestaci\u00f3n y el uso inadecuado del suelo<\/p>\n<p style=\"font-weight: 400; text-align: justify;\">En los \u00faltimos a\u00f1os, las lluvias comenzaron a producirse a intervalos cada vez m\u00e1s espaciados y disminuyeron en volumen. Esto redujo el nivel de la capa fre\u00e1tica en el territorio y, en consecuencia, el nivel de los reservorios y del agua disponible en las captaciones superficiales.<\/p>\n<p style=\"font-weight: 400; text-align: justify;\">Para minimizar esta situaci\u00f3n,\u00a0<a href=\"http:\/\/www.comunidadefigueira.org.br\/portal\/es\/\">Figueira<\/a>\u00a0est\u00e1 implementando sistemas de recolecci\u00f3n y almacenamiento de agua de lluvia. El objetivo principal es recolectar estas aguas para que puedan infiltrarse en el subsuelo de las fincas.<\/p>\n<h3 style=\"text-align: justify;\"><b>Ejemplos de uso del agua de lluvia<\/b><\/h3>\n<p style=\"font-weight: 400; text-align: justify;\">En una de las fincas de la comunidad, el nivel de la presa m\u00e1s cercana a los edificios se redujo dr\u00e1sticamente debido a que los manantiales que la abastec\u00edan se han secado. Como soluci\u00f3n, se construyeron contenedores (barreras) alrededor de la presa para retener e infiltrar el agua de lluvia bajo tierra.<\/p>\n<p style=\"font-weight: 400; text-align: justify;\">Esto hizo posible que, durante un a\u00f1o, el agua de la presa se utilizara para regar las huertas, que anteriormente se regaron con agua potable de un pozo profundo. Un beneficio adicional del proyecto fue el aumento del caudal de una segunda presa, responsable de impulsar tres molinos hidr\u00e1ulicas que suministran agua potable a las construcciones.<\/p>\n<p style=\"font-weight: 400; text-align: justify;\">En otra finca, fue necesario intervenir para evitar que la presa se secara por completo. Para eso, el agua de lluvia se captur\u00f3 en el techo de la edificaci\u00f3n principal y en las \u00e1reas circundantes, y se encauz\u00f3 al bosque denso, canaliz\u00e1ndola en la direcci\u00f3n contraria a su flujo natural, creando las condiciones para que el agua se infiltre en el suelo.<\/p>\n<h3 style=\"text-align: justify;\"><b>Reforestaci\u00f3n en la zona de manantiales<\/b><\/h3>\n<p style=\"text-align: justify;\"><a href=\"https:\/\/www.fraterinternacional.org\/wp-content\/uploads\/2021\/03\/dia-mundial-agua-comunidade-figueira02.jpg\"><img decoding=\"async\" class=\"aligncenter\" src=\"https:\/\/www.fraterinternacional.org\/wp-content\/uploads\/2021\/03\/dia-mundial-agua-comunidade-figueira02.jpg\" alt=\"\u00c1gua - Comunidade-Luz Figueira\" width=\"1200\" height=\"800\" \/><\/a><\/p>\n<p style=\"font-weight: 400; text-align: justify;\">Actualmente,\u00a0<a href=\"http:\/\/www.comunidadefigueira.org.br\/portal\/es\/\">Figueira\u00a0<\/a>tiene seis manantiales activos. Seg\u00fan la ley brasile\u00f1a, los alrededores de estas fuentes de agua se consideran \u00c1reas de Preservaci\u00f3n Permanente y deben tener un radio m\u00ednimo de 50 metros.<\/p>\n<p style=\"font-weight: 400; text-align: justify;\">Para proteger estas \u00e1reas, el Sector Plantaciones realiza un trabajo espec\u00edfico.<\/p>\n<p style=\"font-weight: 400; text-align: justify;\">\u201cAqu\u00ed los entornos de los manantiales se conservan de acuerdo con la ley y se reforestan con vegetaci\u00f3n nativa\u201d, explic\u00f3 Fray Renatto, coordinador del sector.<\/p>\n<p style=\"font-weight: 400; text-align: justify;\">La reforestaci\u00f3n con flora nativa, gen\u00e9ticamente adaptada a la regi\u00f3n, evita la desecaci\u00f3n de los manantiales. Adem\u00e1s, previene la erosi\u00f3n y ac\u00famulo de sedimentos, que tambi\u00e9n comprometen la calidad y cantidad de agua.<\/p>\n<h3 style=\"text-align: justify;\"><b>Agricultura ecol\u00f3gica y conservaci\u00f3n del agua<\/b><\/h3>\n<p style=\"font-weight: 400; text-align: justify;\">El Sector Plantaciones juega otro papel importante en la protecci\u00f3n de los recursos h\u00eddricos de\u00a0<a href=\"http:\/\/www.comunidadefigueira.org.br\/portal\/es\/\">Figueira<\/a>. Todos los alimentos cultivados en la comunidad son org\u00e1nicos, es decir, producidos a trav\u00e9s de sistemas agr\u00edcolas sostenibles, que no utilizan productos qu\u00edmicos nocivos para la salud humana y el medio ambiente, ni semillas transg\u00e9nicas.<\/p>\n<p style=\"font-weight: 400; text-align: justify;\">Este tipo de producci\u00f3n, que aboga por el equilibrio de la naturaleza, evita la contaminaci\u00f3n de las aguas subterr\u00e1neas y superficiales por agrot\u00f3xicos, a diferencia de los modelos agr\u00edcolas convencionales.<\/p>\n<p style=\"font-weight: 400; text-align: justify;\">Seg\u00fan el Instituto Brasile\u00f1o de Geograf\u00eda y Estad\u00edstica (IBGE), los plaguicidas son la segunda causa m\u00e1s importante de contaminaci\u00f3n fluvial en Brasil, solo superada por las aguas residuales dom\u00e9sticas.<\/p>\n<h3 style=\"text-align: justify;\"><b>Cura a trav\u00e9s del agua<\/b><\/h3>\n<p style=\"font-weight: 400; text-align: justify;\">El poder curador y reparador del agua se estudia y aplica desde hace muchos a\u00f1os en\u00a0<a href=\"http:\/\/www.comunidadefigueira.org.br\/portal\/es\/\">Figueira<\/a>. Las fincas ofrecen ba\u00f1os al aire libre, utilizando el agua captada en las presas. A su vez, el Sector Cura realiza procedimientos terap\u00e9uticos, como ba\u00f1os de inmersi\u00f3n, ba\u00f1os para estimulaci\u00f3n de partes espec\u00edficas del cuerpo, nebulizaci\u00f3n, ba\u00f1os de asiento y enemas.<\/p>\n<p style=\"font-weight: 400; text-align: justify;\">La madre Mar\u00eda del Huerto, coordinadora del sector, explica:<\/p>\n<p style=\"font-weight: 400; text-align: justify;\">Cuando estamos en contacto con el agua durante un procedimiento terap\u00e9utico, como un ba\u00f1o de inmersi\u00f3n o un ba\u00f1o al aire libre en la naturaleza, estimulamos en los cuerpos materiales -f\u00edsicos, emocionales y mentales\u2013 impulsos de \u00a0cura que pueden promover la purificaci\u00f3n, regeneraci\u00f3n, sedaci\u00f3n e incluso la elevaci\u00f3n de la consciencia. Estos impulsos impregnan desde la m\u00e1s \u00ednfima part\u00edcula org\u00e1nica hasta los pensamientos m\u00e1s arraigados, disolviendo n\u00f3dulos y resistencias.<\/p>\n<p style=\"font-weight: 400; text-align: justify;\">La madre adem\u00e1s agrega que la efectividad de los tratamientos tambi\u00e9n est\u00e1 relacionada con la postura del paciente, quien debe reconocer con gratitud y reverencia el servicio brindado por el agua.<\/p>\n<p style=\"font-weight: 400; text-align: justify;\">Finalmente, la madre Mar\u00eda del Huerto nos deja la siguiente reflexi\u00f3n:<\/p>\n<p style=\"font-weight: 400; text-align: justify;\">El agua representa el camino flexible que debe recorrer el ser humano. Es el veh\u00edculo donde se dan las transformaciones que generan la vida. Como s\u00edmbolo del principio de la maternidad, no excluye nada, solo conduce al correcto fluir hacia el mar de posibilidades.<\/p>\n<h3 style=\"text-align: justify;\"><b>Coalici\u00f3n con el Reino de las Aguas<\/b><\/h3>\n<p style=\"text-align: justify;\"><a href=\"https:\/\/www.fraterinternacional.org\/wp-content\/uploads\/2021\/03\/dia-mundial-agua-comunidade-figueira06.jpg\"><img decoding=\"async\" class=\"aligncenter\" src=\"https:\/\/www.fraterinternacional.org\/wp-content\/uploads\/2021\/03\/dia-mundial-agua-comunidade-figueira06.jpg\" alt=\"\u00c1gua - Comunidade-Luz Figueira\" width=\"1200\" height=\"1028\" \/><\/a><\/p>\n<p style=\"font-weight: 400;\">\u00bfLe gustar\u00eda colaborar en la recuperaci\u00f3n y preservaci\u00f3n de los recursos h\u00eddricos?<\/p>\n<p style=\"font-weight: 400;\">\u00a1Los actos cotidianos simples son m\u00e1s importantes de lo que piensas!<\/p>\n<p style=\"font-weight: 400;\">Comience con peque\u00f1os pasos:<\/p>\n<ul style=\"text-align: justify;\">\n<li>Consuma agua de forma consciente y racional, evitando su desperdicio<\/li>\n<li aria-level=\"1\">Disminuya la generaci\u00f3n de residuos y elim\u00ednelos correctamente. Para hacer esto, siga las tres R de la Ecolog\u00eda: reducir, reutilizar y reciclar.<\/li>\n<li aria-level=\"1\">D\u00e9 preferencia a los alimentos sin pesticidas.<\/li>\n<\/ul>\n<p style=\"text-align: justify;\">Para finalizar, dejamos un mantra, ligado a la consciencia ind\u00edgena, que nos conduce a la uni\u00f3n con el Reino de las Aguas:<\/p>\n<p style=\"text-align: justify;\"><strong>AU\u00c1 SACATIN\u00c3 AU\u00c1<\/strong><\/p>\n<p style=\"text-align: justify;\">Que con la esencia de este mantra en el coraz\u00f3n, podamos lograr una relaci\u00f3n de amor, respeto y uni\u00f3n con las aguas, colaborando con la protecci\u00f3n y restauraci\u00f3n de esta d\u00e1diva que es la savia de la Tierra.<\/p>\n","protected":false},"excerpt":{"rendered":"<p>\u00bfQu\u00e9 podemos hacer para tratar y utilizar el agua, esta sustancia vital, pero tan desperdiciada \u00a0y desconsiderada, de una manera [&hellip;]<\/p>\n","protected":false},"author":4,"featured_media":120929,"comment_status":"closed","ping_status":"closed","sticky":false,"template":"","format":"standard","meta":{"footnotes":""},"categories":[173],"tags":[],"class_list":["post-121154","post","type-post","status-publish","format-standard","has-post-thumbnail","hentry","category-noticia"],"yoast_head":"<!-- This site is optimized with the Yoast SEO Premium plugin v21.0 (Yoast SEO v21.0) - https:\/\/yoast.com\/wordpress\/plugins\/seo\/ -->\n<title>Comunidad-Luz Figueira y la b\u00fasqueda de nuevos paradigmas en la relaci\u00f3n con el agua -<\/title>\n<meta name=\"description\" content=\"Para eso conozcamos un poco el trabajo desarrollado por m\u00e1s de 30 a\u00f1os, por la Comunidad-Luz Figueira, afiliada a la Fraternidad - Federaci\u00f3n Humanitaria Internacional (FFHI) ubicada en Carmo da Cachoeira, al sur de Minas Gerais, Brasil.\" \/>\n<meta name=\"robots\" content=\"index, follow, max-snippet:-1, max-image-preview:large, max-video-preview:-1\" \/>\n<link rel=\"canonical\" href=\"https:\/\/www.fraterinternacional.org\/es\/comunidad-luz-figueira-y-la-busqueda-de-nuevos-paradigmas-en-la-relacion-con-el-agua\/\" \/>\n<meta property=\"og:locale\" content=\"es_ES\" \/>\n<meta property=\"og:type\" content=\"article\" \/>\n<meta property=\"og:title\" content=\"Comunidad-Luz Figueira y la b\u00fasqueda de nuevos paradigmas en la relaci\u00f3n con el agua\" \/>\n<meta property=\"og:description\" content=\"Para eso conozcamos un poco el trabajo desarrollado por m\u00e1s de 30 a\u00f1os, por la Comunidad-Luz Figueira, afiliada a la Fraternidad - Federaci\u00f3n Humanitaria Internacional (FFHI) ubicada en Carmo da Cachoeira, al sur de Minas Gerais, Brasil.\" \/>\n<meta property=\"og:url\" content=\"https:\/\/www.fraterinternacional.org\/es\/comunidad-luz-figueira-y-la-busqueda-de-nuevos-paradigmas-en-la-relacion-con-el-agua\/\" \/>\n<meta property=\"og:site_name\" content=\"Fraternidade - Federa\u00e7\u00e3o Humanit\u00e1ria Internacional\" \/>\n<meta property=\"article:publisher\" content=\"https:\/\/www.facebook.com\/fraternidadehumanitaria\" \/>\n<meta property=\"article:published_time\" content=\"2021-03-22T19:09:36+00:00\" \/>\n<meta property=\"article:modified_time\" content=\"2022-01-06T18:28:10+00:00\" \/>\n<meta property=\"og:image\" content=\"https:\/\/www.fraterinternacional.org\/wp-content\/uploads\/2021\/03\/dia-mundial-agua-comunidade-figueira03.jpg\" \/>\n\t<meta property=\"og:image:width\" content=\"1200\" \/>\n\t<meta property=\"og:image:height\" content=\"800\" \/>\n\t<meta property=\"og:image:type\" content=\"image\/jpeg\" \/>\n<meta name=\"author\" content=\"maducato_admin\" \/>\n<meta name=\"twitter:card\" content=\"summary_large_image\" \/>\n<meta name=\"twitter:creator\" content=\"@fraternidadeFHI\" \/>\n<meta name=\"twitter:site\" content=\"@fraternidadeFHI\" \/>\n<meta name=\"twitter:label1\" content=\"Escrito por\" \/>\n\t<meta name=\"twitter:data1\" content=\"maducato_admin\" \/>\n\t<meta name=\"twitter:label2\" content=\"Tiempo de lectura\" \/>\n\t<meta name=\"twitter:data2\" content=\"12 minutos\" \/>\n<script type=\"application\/ld+json\" class=\"yoast-schema-graph\">{\"@context\":\"https:\/\/schema.org\",\"@graph\":[{\"@type\":\"WebPage\",\"@id\":\"https:\/\/www.fraterinternacional.org\/es\/comunidad-luz-figueira-y-la-busqueda-de-nuevos-paradigmas-en-la-relacion-con-el-agua\/\",\"url\":\"https:\/\/www.fraterinternacional.org\/es\/comunidad-luz-figueira-y-la-busqueda-de-nuevos-paradigmas-en-la-relacion-con-el-agua\/\",\"name\":\"Comunidad-Luz Figueira y la b\u00fasqueda de nuevos paradigmas en la relaci\u00f3n con el agua -\",\"isPartOf\":{\"@id\":\"https:\/\/www.fraterinternacional.org\/es\/#website\"},\"datePublished\":\"2021-03-22T19:09:36+00:00\",\"dateModified\":\"2022-01-06T18:28:10+00:00\",\"author\":{\"@id\":\"https:\/\/www.fraterinternacional.org\/es\/#\/schema\/person\/19cb7a5541fd019768c7fe255d72701e\"},\"description\":\"Para eso conozcamos un poco el trabajo desarrollado por m\u00e1s de 30 a\u00f1os, por la Comunidad-Luz Figueira, afiliada a la Fraternidad - Federaci\u00f3n Humanitaria Internacional (FFHI) ubicada en Carmo da Cachoeira, al sur de Minas Gerais, Brasil.\",\"breadcrumb\":{\"@id\":\"https:\/\/www.fraterinternacional.org\/es\/comunidad-luz-figueira-y-la-busqueda-de-nuevos-paradigmas-en-la-relacion-con-el-agua\/#breadcrumb\"},\"inLanguage\":\"es\",\"potentialAction\":[{\"@type\":\"ReadAction\",\"target\":[\"https:\/\/www.fraterinternacional.org\/es\/comunidad-luz-figueira-y-la-busqueda-de-nuevos-paradigmas-en-la-relacion-con-el-agua\/\"]}]},{\"@type\":\"BreadcrumbList\",\"@id\":\"https:\/\/www.fraterinternacional.org\/es\/comunidad-luz-figueira-y-la-busqueda-de-nuevos-paradigmas-en-la-relacion-con-el-agua\/#breadcrumb\",\"itemListElement\":[{\"@type\":\"ListItem\",\"position\":1,\"name\":\"In\u00edcio\",\"item\":\"https:\/\/www.fraterinternacional.org\/es\/\"},{\"@type\":\"ListItem\",\"position\":2,\"name\":\"Comunidad-Luz Figueira y la b\u00fasqueda de nuevos paradigmas en la relaci\u00f3n con el agua\"}]},{\"@type\":\"WebSite\",\"@id\":\"https:\/\/www.fraterinternacional.org\/es\/#website\",\"url\":\"https:\/\/www.fraterinternacional.org\/es\/\",\"name\":\"Fraternidade - Federa\u00e7\u00e3o Humanit\u00e1ria Internacional\",\"description\":\"Fraternidade - Federa\u00e7\u00e3o Humanit\u00e1ria Internacional\",\"potentialAction\":[{\"@type\":\"SearchAction\",\"target\":{\"@type\":\"EntryPoint\",\"urlTemplate\":\"https:\/\/www.fraterinternacional.org\/es\/?s={search_term_string}\"},\"query-input\":\"required name=search_term_string\"}],\"inLanguage\":\"es\"},{\"@type\":\"Person\",\"@id\":\"https:\/\/www.fraterinternacional.org\/es\/#\/schema\/person\/19cb7a5541fd019768c7fe255d72701e\",\"name\":\"maducato_admin\"}]}<\/script>\n<!-- \/ Yoast SEO Premium plugin. -->","yoast_head_json":{"title":"Comunidad-Luz Figueira y la b\u00fasqueda de nuevos paradigmas en la relaci\u00f3n con el agua -","description":"Para eso conozcamos un poco el trabajo desarrollado por m\u00e1s de 30 a\u00f1os, por la Comunidad-Luz Figueira, afiliada a la Fraternidad - Federaci\u00f3n Humanitaria Internacional (FFHI) ubicada en Carmo da Cachoeira, al sur de Minas Gerais, Brasil.","robots":{"index":"index","follow":"follow","max-snippet":"max-snippet:-1","max-image-preview":"max-image-preview:large","max-video-preview":"max-video-preview:-1"},"canonical":"https:\/\/www.fraterinternacional.org\/es\/comunidad-luz-figueira-y-la-busqueda-de-nuevos-paradigmas-en-la-relacion-con-el-agua\/","og_locale":"es_ES","og_type":"article","og_title":"Comunidad-Luz Figueira y la b\u00fasqueda de nuevos paradigmas en la relaci\u00f3n con el agua","og_description":"Para eso conozcamos un poco el trabajo desarrollado por m\u00e1s de 30 a\u00f1os, por la Comunidad-Luz Figueira, afiliada a la Fraternidad - Federaci\u00f3n Humanitaria Internacional (FFHI) ubicada en Carmo da Cachoeira, al sur de Minas Gerais, Brasil.","og_url":"https:\/\/www.fraterinternacional.org\/es\/comunidad-luz-figueira-y-la-busqueda-de-nuevos-paradigmas-en-la-relacion-con-el-agua\/","og_site_name":"Fraternidade - Federa\u00e7\u00e3o Humanit\u00e1ria Internacional","article_publisher":"https:\/\/www.facebook.com\/fraternidadehumanitaria","article_published_time":"2021-03-22T19:09:36+00:00","article_modified_time":"2022-01-06T18:28:10+00:00","og_image":[{"width":1200,"height":800,"url":"https:\/\/www.fraterinternacional.org\/wp-content\/uploads\/2021\/03\/dia-mundial-agua-comunidade-figueira03.jpg","type":"image\/jpeg"}],"author":"maducato_admin","twitter_card":"summary_large_image","twitter_creator":"@fraternidadeFHI","twitter_site":"@fraternidadeFHI","twitter_misc":{"Escrito por":"maducato_admin","Tiempo de lectura":"12 minutos"},"schema":{"@context":"https:\/\/schema.org","@graph":[{"@type":"WebPage","@id":"https:\/\/www.fraterinternacional.org\/es\/comunidad-luz-figueira-y-la-busqueda-de-nuevos-paradigmas-en-la-relacion-con-el-agua\/","url":"https:\/\/www.fraterinternacional.org\/es\/comunidad-luz-figueira-y-la-busqueda-de-nuevos-paradigmas-en-la-relacion-con-el-agua\/","name":"Comunidad-Luz Figueira y la b\u00fasqueda de nuevos paradigmas en la relaci\u00f3n con el agua -","isPartOf":{"@id":"https:\/\/www.fraterinternacional.org\/es\/#website"},"datePublished":"2021-03-22T19:09:36+00:00","dateModified":"2022-01-06T18:28:10+00:00","author":{"@id":"https:\/\/www.fraterinternacional.org\/es\/#\/schema\/person\/19cb7a5541fd019768c7fe255d72701e"},"description":"Para eso conozcamos un poco el trabajo desarrollado por m\u00e1s de 30 a\u00f1os, por la Comunidad-Luz Figueira, afiliada a la Fraternidad - Federaci\u00f3n Humanitaria Internacional (FFHI) ubicada en Carmo da Cachoeira, al sur de Minas Gerais, Brasil.","breadcrumb":{"@id":"https:\/\/www.fraterinternacional.org\/es\/comunidad-luz-figueira-y-la-busqueda-de-nuevos-paradigmas-en-la-relacion-con-el-agua\/#breadcrumb"},"inLanguage":"es","potentialAction":[{"@type":"ReadAction","target":["https:\/\/www.fraterinternacional.org\/es\/comunidad-luz-figueira-y-la-busqueda-de-nuevos-paradigmas-en-la-relacion-con-el-agua\/"]}]},{"@type":"BreadcrumbList","@id":"https:\/\/www.fraterinternacional.org\/es\/comunidad-luz-figueira-y-la-busqueda-de-nuevos-paradigmas-en-la-relacion-con-el-agua\/#breadcrumb","itemListElement":[{"@type":"ListItem","position":1,"name":"In\u00edcio","item":"https:\/\/www.fraterinternacional.org\/es\/"},{"@type":"ListItem","position":2,"name":"Comunidad-Luz Figueira y la b\u00fasqueda de nuevos paradigmas en la relaci\u00f3n con el agua"}]},{"@type":"WebSite","@id":"https:\/\/www.fraterinternacional.org\/es\/#website","url":"https:\/\/www.fraterinternacional.org\/es\/","name":"Fraternidade - Federa\u00e7\u00e3o Humanit\u00e1ria Internacional","description":"Fraternidade - Federa\u00e7\u00e3o Humanit\u00e1ria Internacional","potentialAction":[{"@type":"SearchAction","target":{"@type":"EntryPoint","urlTemplate":"https:\/\/www.fraterinternacional.org\/es\/?s={search_term_string}"},"query-input":"required name=search_term_string"}],"inLanguage":"es"},{"@type":"Person","@id":"https:\/\/www.fraterinternacional.org\/es\/#\/schema\/person\/19cb7a5541fd019768c7fe255d72701e","name":"maducato_admin"}]}},"_links":{"self":[{"href":"https:\/\/www.fraterinternacional.org\/es\/wp-json\/wp\/v2\/posts\/121154"}],"collection":[{"href":"https:\/\/www.fraterinternacional.org\/es\/wp-json\/wp\/v2\/posts"}],"about":[{"href":"https:\/\/www.fraterinternacional.org\/es\/wp-json\/wp\/v2\/types\/post"}],"author":[{"embeddable":true,"href":"https:\/\/www.fraterinternacional.org\/es\/wp-json\/wp\/v2\/users\/4"}],"replies":[{"embeddable":true,"href":"https:\/\/www.fraterinternacional.org\/es\/wp-json\/wp\/v2\/comments?post=121154"}],"version-history":[{"count":0,"href":"https:\/\/www.fraterinternacional.org\/es\/wp-json\/wp\/v2\/posts\/121154\/revisions"}],"wp:featuredmedia":[{"embeddable":true,"href":"https:\/\/www.fraterinternacional.org\/es\/wp-json\/wp\/v2\/media\/120929"}],"wp:attachment":[{"href":"https:\/\/www.fraterinternacional.org\/es\/wp-json\/wp\/v2\/media?parent=121154"}],"wp:term":[{"taxonomy":"category","embeddable":true,"href":"https:\/\/www.fraterinternacional.org\/es\/wp-json\/wp\/v2\/categories?post=121154"},{"taxonomy":"post_tag","embeddable":true,"href":"https:\/\/www.fraterinternacional.org\/es\/wp-json\/wp\/v2\/tags?post=121154"}],"curies":[{"name":"wp","href":"https:\/\/api.w.org\/{rel}","templated":true}]}}