{"id":121148,"date":"2021-03-28T15:55:42","date_gmt":"2021-03-28T18:55:42","guid":{"rendered":"https:\/\/www.fraterinternacional.org\/?p=121148"},"modified":"2021-04-06T16:00:06","modified_gmt":"2021-04-06T19:00:06","slug":"agua-pura-en-esta-situacion-planetaria","status":"publish","type":"post","link":"https:\/\/www.fraterinternacional.org\/es\/agua-pura-en-esta-situacion-planetaria\/","title":{"rendered":"Agua pura en esta situaci\u00f3n planetaria"},"content":{"rendered":"<p style=\"font-weight: 400; text-align: justify;\">Hoy finalizamos las publicaciones en homenaje al D\u00eda Mundial del Agua. A lo largo de esta semana, trajimos varias experiencias de respeto y cuidado por este bien com\u00fan. En esta publicaci\u00f3n conocer\u00e1n la experiencia de la Comunidad-Luz Nova Terra y al finalizar recibir\u00e1s una invitaci\u00f3n especial para llevar a cabo un gran cambio de paradigma en relaci\u00f3n al agua. \u00a1S\u00edganos!<\/p>\n<p style=\"font-weight: 400; text-align: justify;\">La\u00a0<a href=\"https:\/\/www.fraterinternacional.org\/es\/?s=Comunidade-Luz+Nova+Terra\">Comunidad- Luz Nova Terra<\/a>\u00a0ubicada en el Valle de Gamboa , entre las monta\u00f1as de la Sierra de Capim, RJ. Brasil, filiada de la\u00a0<a href=\"https:\/\/www.fraterinternacional.org\/es\/\">Fraternidad-Federaci\u00f3n Humanitaria Internacional (FFHI)<\/a>\u00a0siendo referencia de modo de vida de \u00e1rea rural, manifiesta en su diario vivir el cuidado constante de los servicios m\u00e1s elementales.<\/p>\n<p style=\"font-weight: 400; text-align: justify;\">Recientemente obtuvo el resultado del an\u00e1lisis de laboratorio sobre las aguas de su comunidad y como bien dijera Pama, coordinadora de este espacio: \u201dEs una bendici\u00f3n tener Agua pura en esta situaci\u00f3n planetaria\u201d.<\/p>\n<div class=\"video-shortcode\"><iframe title=\"Cercamento das nascentes\" width=\"1200\" height=\"675\" src=\"https:\/\/www.youtube.com\/embed\/l0O5g-0oyXU?feature=oembed\" frameborder=\"0\" allow=\"accelerometer; autoplay; clipboard-write; encrypted-media; gyroscope; picture-in-picture\" allowfullscreen><\/iframe><\/div>\n<h3 style=\"text-align: justify;\"><b>Consciencia de saneamiento en acci\u00f3n<\/b><\/h3>\n<p style=\"font-weight: 400; text-align: justify;\">La\u00a0<a href=\"https:\/\/www.fraterinternacional.org\/es\/?s=Comunidade-Luz+Nova+Terra\">Comunidad-Luz Nova Terra\u00a0<\/a>mantiene un ritmo continuo de acciones cuya prioridad m\u00e1s inmediata es mantener como m\u00ednimo y mejorar en lo posible el acceso al agua con calidad para todos los humanos, animales, as\u00ed como para el reino vegetal que all\u00ed habitan.<\/p>\n<p style=\"font-weight: 400; text-align: justify;\">Gracias a\u00a0servicios como\u00a0el encaminamiento apropiado de basura, sistema de compostaje, la evacuaci\u00f3n de aguas residuales, creaciones de cercas de protecci\u00f3n de manantial y alcantarillas sanitarias,\u00a0 entre otros,\u00a0 ejecutados\u00a0 por miembros de la comunidad bajo la asesor\u00eda de especialistas, todo eso est\u00e1 siendo posible.<\/p>\n<p style=\"font-weight: 400; text-align: justify;\">A consciencia de la importancia del saneamiento del agua y su gran contribuci\u00f3n\u00a0 al cuidado del medio ambiente, algunos miembros de la comunidad, entre j\u00f3venes y adultos participan de formaciones continuas que los van capacitando, cada vez m\u00e1s, a gestionar el proyecto con funcionalidad\u00a0 y sustentabilidad.<\/p>\n<p style=\"font-weight: 400; text-align: justify;\">\u201cRecientemente representantes de Taboa Ingenier\u00eda estuvieron en la comunidad aportando su conocimiento y experiencia\u00a0 pr\u00e1ctica sobre el tema de saneamiento, hicimos talleres y reconocimiento de las \u00e1reas , su visita dej\u00f3 un gran impulso para continuar con m\u00e1s firmeza.\u201d Es Rufino, joven residente de la comunidad y representante del sector de los reinos quien comenta.<\/p>\n<p style=\"font-weight: 400; text-align: justify;\">\u201cDespu\u00e9s de una semana comenzamos a aplicar las t\u00e9cnicas aprendidas\u201d agrega Rufino, y concluye\u00a0 afirmando , \u201cnos espera un nuevo ciclo con nuevos desaf\u00edos\u201d.<\/p>\n<h3 style=\"text-align: justify;\"><b>El gran desaf\u00edo<\/b><\/h3>\n<p style=\"font-weight: 400; text-align: justify;\">En su totalidad\u00a0 el grupo est\u00e1 consciente de los cambios que tienen que ser sembrados, en cuanto a mentalidad, costumbres, modo de vivir en lo personal, grupal y social.<\/p>\n<p style=\"font-weight: 400; text-align: justify;\">De esta manera sienten que est\u00e1n contribuyendo a la nueva cultura del agua\u00a0 el gran desaf\u00edo, entendida como el resultado a los cambios radicales .<\/p>\n<h3 style=\"text-align: justify;\"><b>Una invitaci\u00f3n<\/b><\/h3>\n<p style=\"text-align: justify;\">Los integrantes de la<a href=\"http:\/\/comunidad-luz%20nueva%20tierra\/\" target=\"_blank\" rel=\"noopener\">\u00a0Comunidad-Luz Nueva Tierra<\/a>\u00a0hacen una inviitacci\u00f3n a los lectores: \u00abRetomar el legado de culturas antiguas e iniciarnos en una relaci\u00f3n de escucha amorosa y convivencia armoniosa con el agua. De esta manera nos conectaremos con su valor vital y sagrado reconoci\u00e9ndola siempre como un derecho de todos, patrimonio de la humanidad, bien com\u00fan\u00bb.<\/p>\n","protected":false},"excerpt":{"rendered":"<p>Hoy finalizamos las publicaciones en homenaje al D\u00eda Mundial del Agua. A lo largo de esta semana, trajimos varias experiencias [&hellip;]<\/p>\n","protected":false},"author":4,"featured_media":121009,"comment_status":"closed","ping_status":"closed","sticky":false,"template":"","format":"standard","meta":{"footnotes":""},"categories":[173],"tags":[],"class_list":["post-121148","post","type-post","status-publish","format-standard","has-post-thumbnail","hentry","category-noticia"],"yoast_head":"<!-- This site is optimized with the Yoast SEO Premium plugin v21.0 (Yoast SEO v21.0) - https:\/\/yoast.com\/wordpress\/plugins\/seo\/ -->\n<title>Agua pura en esta situaci\u00f3n planetaria -<\/title>\n<meta name=\"description\" content=\"En esta publicaci\u00f3n conocer\u00e1n la experiencia de la Comunidad-Luz Nova Terra y al finalizar recibir\u00e1s una invitaci\u00f3n especial para llevar a cabo un gran cambio de paradigma en relaci\u00f3n al agua.\" \/>\n<meta name=\"robots\" content=\"index, follow, max-snippet:-1, max-image-preview:large, max-video-preview:-1\" \/>\n<link rel=\"canonical\" href=\"https:\/\/www.fraterinternacional.org\/es\/agua-pura-en-esta-situacion-planetaria\/\" \/>\n<meta property=\"og:locale\" content=\"es_ES\" \/>\n<meta property=\"og:type\" content=\"article\" \/>\n<meta property=\"og:title\" content=\"Agua pura en esta situaci\u00f3n planetaria\" \/>\n<meta property=\"og:description\" content=\"En esta publicaci\u00f3n conocer\u00e1n la experiencia de la Comunidad-Luz Nova Terra y al finalizar recibir\u00e1s una invitaci\u00f3n especial para llevar a cabo un gran cambio de paradigma en relaci\u00f3n al agua.\" \/>\n<meta property=\"og:url\" content=\"https:\/\/www.fraterinternacional.org\/es\/agua-pura-en-esta-situacion-planetaria\/\" \/>\n<meta property=\"og:site_name\" content=\"Fraternidade - Federa\u00e7\u00e3o Humanit\u00e1ria Internacional\" \/>\n<meta property=\"article:publisher\" content=\"https:\/\/www.facebook.com\/fraternidadehumanitaria\" \/>\n<meta property=\"article:published_time\" content=\"2021-03-28T18:55:42+00:00\" \/>\n<meta property=\"article:modified_time\" content=\"2021-04-06T19:00:06+00:00\" \/>\n<meta property=\"og:image\" content=\"https:\/\/www.fraterinternacional.org\/wp-content\/uploads\/2021\/03\/img-dest-agua-Nova-Terra01.jpg\" \/>\n\t<meta property=\"og:image:width\" content=\"874\" \/>\n\t<meta property=\"og:image:height\" content=\"541\" \/>\n\t<meta property=\"og:image:type\" content=\"image\/jpeg\" \/>\n<meta name=\"author\" content=\"maducato_admin\" \/>\n<meta name=\"twitter:card\" content=\"summary_large_image\" \/>\n<meta name=\"twitter:creator\" content=\"@fraternidadeFHI\" \/>\n<meta name=\"twitter:site\" content=\"@fraternidadeFHI\" \/>\n<meta name=\"twitter:label1\" content=\"Escrito por\" \/>\n\t<meta name=\"twitter:data1\" content=\"maducato_admin\" \/>\n\t<meta name=\"twitter:label2\" content=\"Tiempo de lectura\" \/>\n\t<meta name=\"twitter:data2\" content=\"3 minutos\" \/>\n<script type=\"application\/ld+json\" class=\"yoast-schema-graph\">{\"@context\":\"https:\/\/schema.org\",\"@graph\":[{\"@type\":\"WebPage\",\"@id\":\"https:\/\/www.fraterinternacional.org\/es\/agua-pura-en-esta-situacion-planetaria\/\",\"url\":\"https:\/\/www.fraterinternacional.org\/es\/agua-pura-en-esta-situacion-planetaria\/\",\"name\":\"Agua pura en esta situaci\u00f3n planetaria -\",\"isPartOf\":{\"@id\":\"https:\/\/www.fraterinternacional.org\/es\/#website\"},\"datePublished\":\"2021-03-28T18:55:42+00:00\",\"dateModified\":\"2021-04-06T19:00:06+00:00\",\"author\":{\"@id\":\"https:\/\/www.fraterinternacional.org\/es\/#\/schema\/person\/19cb7a5541fd019768c7fe255d72701e\"},\"description\":\"En esta publicaci\u00f3n conocer\u00e1n la experiencia de la Comunidad-Luz Nova Terra y al finalizar recibir\u00e1s una invitaci\u00f3n especial para llevar a cabo un gran cambio de paradigma en relaci\u00f3n al agua.\",\"breadcrumb\":{\"@id\":\"https:\/\/www.fraterinternacional.org\/es\/agua-pura-en-esta-situacion-planetaria\/#breadcrumb\"},\"inLanguage\":\"es\",\"potentialAction\":[{\"@type\":\"ReadAction\",\"target\":[\"https:\/\/www.fraterinternacional.org\/es\/agua-pura-en-esta-situacion-planetaria\/\"]}]},{\"@type\":\"BreadcrumbList\",\"@id\":\"https:\/\/www.fraterinternacional.org\/es\/agua-pura-en-esta-situacion-planetaria\/#breadcrumb\",\"itemListElement\":[{\"@type\":\"ListItem\",\"position\":1,\"name\":\"In\u00edcio\",\"item\":\"https:\/\/www.fraterinternacional.org\/es\/\"},{\"@type\":\"ListItem\",\"position\":2,\"name\":\"Agua pura en esta situaci\u00f3n planetaria\"}]},{\"@type\":\"WebSite\",\"@id\":\"https:\/\/www.fraterinternacional.org\/es\/#website\",\"url\":\"https:\/\/www.fraterinternacional.org\/es\/\",\"name\":\"Fraternidade - Federa\u00e7\u00e3o Humanit\u00e1ria Internacional\",\"description\":\"Fraternidade - Federa\u00e7\u00e3o Humanit\u00e1ria Internacional\",\"potentialAction\":[{\"@type\":\"SearchAction\",\"target\":{\"@type\":\"EntryPoint\",\"urlTemplate\":\"https:\/\/www.fraterinternacional.org\/es\/?s={search_term_string}\"},\"query-input\":\"required name=search_term_string\"}],\"inLanguage\":\"es\"},{\"@type\":\"Person\",\"@id\":\"https:\/\/www.fraterinternacional.org\/es\/#\/schema\/person\/19cb7a5541fd019768c7fe255d72701e\",\"name\":\"maducato_admin\"}]}<\/script>\n<!-- \/ Yoast SEO Premium plugin. -->","yoast_head_json":{"title":"Agua pura en esta situaci\u00f3n planetaria -","description":"En esta publicaci\u00f3n conocer\u00e1n la experiencia de la Comunidad-Luz Nova Terra y al finalizar recibir\u00e1s una invitaci\u00f3n especial para llevar a cabo un gran cambio de paradigma en relaci\u00f3n al agua.","robots":{"index":"index","follow":"follow","max-snippet":"max-snippet:-1","max-image-preview":"max-image-preview:large","max-video-preview":"max-video-preview:-1"},"canonical":"https:\/\/www.fraterinternacional.org\/es\/agua-pura-en-esta-situacion-planetaria\/","og_locale":"es_ES","og_type":"article","og_title":"Agua pura en esta situaci\u00f3n planetaria","og_description":"En esta publicaci\u00f3n conocer\u00e1n la experiencia de la Comunidad-Luz Nova Terra y al finalizar recibir\u00e1s una invitaci\u00f3n especial para llevar a cabo un gran cambio de paradigma en relaci\u00f3n al agua.","og_url":"https:\/\/www.fraterinternacional.org\/es\/agua-pura-en-esta-situacion-planetaria\/","og_site_name":"Fraternidade - Federa\u00e7\u00e3o Humanit\u00e1ria Internacional","article_publisher":"https:\/\/www.facebook.com\/fraternidadehumanitaria","article_published_time":"2021-03-28T18:55:42+00:00","article_modified_time":"2021-04-06T19:00:06+00:00","og_image":[{"width":874,"height":541,"url":"https:\/\/www.fraterinternacional.org\/wp-content\/uploads\/2021\/03\/img-dest-agua-Nova-Terra01.jpg","type":"image\/jpeg"}],"author":"maducato_admin","twitter_card":"summary_large_image","twitter_creator":"@fraternidadeFHI","twitter_site":"@fraternidadeFHI","twitter_misc":{"Escrito por":"maducato_admin","Tiempo de lectura":"3 minutos"},"schema":{"@context":"https:\/\/schema.org","@graph":[{"@type":"WebPage","@id":"https:\/\/www.fraterinternacional.org\/es\/agua-pura-en-esta-situacion-planetaria\/","url":"https:\/\/www.fraterinternacional.org\/es\/agua-pura-en-esta-situacion-planetaria\/","name":"Agua pura en esta situaci\u00f3n planetaria -","isPartOf":{"@id":"https:\/\/www.fraterinternacional.org\/es\/#website"},"datePublished":"2021-03-28T18:55:42+00:00","dateModified":"2021-04-06T19:00:06+00:00","author":{"@id":"https:\/\/www.fraterinternacional.org\/es\/#\/schema\/person\/19cb7a5541fd019768c7fe255d72701e"},"description":"En esta publicaci\u00f3n conocer\u00e1n la experiencia de la Comunidad-Luz Nova Terra y al finalizar recibir\u00e1s una invitaci\u00f3n especial para llevar a cabo un gran cambio de paradigma en relaci\u00f3n al agua.","breadcrumb":{"@id":"https:\/\/www.fraterinternacional.org\/es\/agua-pura-en-esta-situacion-planetaria\/#breadcrumb"},"inLanguage":"es","potentialAction":[{"@type":"ReadAction","target":["https:\/\/www.fraterinternacional.org\/es\/agua-pura-en-esta-situacion-planetaria\/"]}]},{"@type":"BreadcrumbList","@id":"https:\/\/www.fraterinternacional.org\/es\/agua-pura-en-esta-situacion-planetaria\/#breadcrumb","itemListElement":[{"@type":"ListItem","position":1,"name":"In\u00edcio","item":"https:\/\/www.fraterinternacional.org\/es\/"},{"@type":"ListItem","position":2,"name":"Agua pura en esta situaci\u00f3n planetaria"}]},{"@type":"WebSite","@id":"https:\/\/www.fraterinternacional.org\/es\/#website","url":"https:\/\/www.fraterinternacional.org\/es\/","name":"Fraternidade - Federa\u00e7\u00e3o Humanit\u00e1ria Internacional","description":"Fraternidade - Federa\u00e7\u00e3o Humanit\u00e1ria Internacional","potentialAction":[{"@type":"SearchAction","target":{"@type":"EntryPoint","urlTemplate":"https:\/\/www.fraterinternacional.org\/es\/?s={search_term_string}"},"query-input":"required name=search_term_string"}],"inLanguage":"es"},{"@type":"Person","@id":"https:\/\/www.fraterinternacional.org\/es\/#\/schema\/person\/19cb7a5541fd019768c7fe255d72701e","name":"maducato_admin"}]}},"_links":{"self":[{"href":"https:\/\/www.fraterinternacional.org\/es\/wp-json\/wp\/v2\/posts\/121148"}],"collection":[{"href":"https:\/\/www.fraterinternacional.org\/es\/wp-json\/wp\/v2\/posts"}],"about":[{"href":"https:\/\/www.fraterinternacional.org\/es\/wp-json\/wp\/v2\/types\/post"}],"author":[{"embeddable":true,"href":"https:\/\/www.fraterinternacional.org\/es\/wp-json\/wp\/v2\/users\/4"}],"replies":[{"embeddable":true,"href":"https:\/\/www.fraterinternacional.org\/es\/wp-json\/wp\/v2\/comments?post=121148"}],"version-history":[{"count":0,"href":"https:\/\/www.fraterinternacional.org\/es\/wp-json\/wp\/v2\/posts\/121148\/revisions"}],"wp:featuredmedia":[{"embeddable":true,"href":"https:\/\/www.fraterinternacional.org\/es\/wp-json\/wp\/v2\/media\/121009"}],"wp:attachment":[{"href":"https:\/\/www.fraterinternacional.org\/es\/wp-json\/wp\/v2\/media?parent=121148"}],"wp:term":[{"taxonomy":"category","embeddable":true,"href":"https:\/\/www.fraterinternacional.org\/es\/wp-json\/wp\/v2\/categories?post=121148"},{"taxonomy":"post_tag","embeddable":true,"href":"https:\/\/www.fraterinternacional.org\/es\/wp-json\/wp\/v2\/tags?post=121148"}],"curies":[{"name":"wp","href":"https:\/\/api.w.org\/{rel}","templated":true}]}}