{"id":119666,"date":"2021-01-12T14:37:28","date_gmt":"2021-01-12T17:37:28","guid":{"rendered":"https:\/\/www.fraterinternacional.org\/?p=119666"},"modified":"2021-01-18T14:49:43","modified_gmt":"2021-01-18T17:49:43","slug":"el-sector-medios-de-vida-de-la-mision-roraima-presenta-sus-actividades-2020","status":"publish","type":"post","link":"https:\/\/www.fraterinternacional.org\/es\/el-sector-medios-de-vida-de-la-mision-roraima-presenta-sus-actividades-2020\/","title":{"rendered":"El Sector Medios de Vida de la Misi\u00f3n Roraima presenta sus actividades 2020"},"content":{"rendered":"<h3 style=\"text-align: center;\">A pesar de ser un a\u00f1o desafiante, el segundo semestre fue muy din\u00e1mico para el Sector.<\/h3>\n<p style=\"font-weight: 400; text-align: justify;\">El Sector de Medios de Vida se gu\u00eda por estrategias que puedan promover medios de vida y m\u00e1s autonom\u00eda a los refugiados que viven en los albergues en Roraima, bajo la direcci\u00f3n de la\u00a0<a href=\"https:\/\/www.fraterinternacional.org\/es\/mision-roraima\/\">Fraternidad &#8211; Federaci\u00f3n Humanitaria Internacional (FFHI),<\/a>\u00a0y con el apoyo del\u00a0<a href=\"https:\/\/www.acnur.org\/americas.html\">Alto Comisionado de las Naciones Unidas para los Refugiados (ACNUR).<\/a><\/p>\n<p style=\"font-weight: 400; text-align: justify;\">Esta es la fase m\u00e1s avanzada de una respuesta humanitaria &#8211; cuando deja el car\u00e1cter m\u00e1s asistencialista &#8211; y busca Soluciones Duraderas, un camino que viene siguiendo la\u00a0<a href=\"https:\/\/www.fraterinternacional.org\/es\/mision-roraima\/\">Fraternidad &#8211; Humanitaria (FFHI).<\/a><\/p>\n<p style=\"font-weight: 400; text-align: justify;\">Si bien 2020 fue un a\u00f1o at\u00edpico y desafiante debido a la pandemia Covid -19, el sector desarroll\u00f3 varias acciones en la segunda mitad del a\u00f1o.<\/p>\n<p><a href=\"https:\/\/www.fraterinternacional.org\/wp-content\/uploads\/2021\/01\/Meios-de-Vida_MRO-FFHI-2.jpg\"><img decoding=\"async\" class=\"size-full wp-image-119573 aligncenter\" src=\"https:\/\/www.fraterinternacional.org\/wp-content\/uploads\/2021\/01\/Meios-de-Vida_MRO-FFHI-2.jpg\" alt=\"Meios de Vida - Solu\u00e7\u00f5es Duradouras\" width=\"1280\" height=\"720\" srcset=\"https:\/\/www.fraterinternacional.org\/wp-content\/uploads\/2021\/01\/Meios-de-Vida_MRO-FFHI-2-200x113.jpg 200w, https:\/\/www.fraterinternacional.org\/wp-content\/uploads\/2021\/01\/Meios-de-Vida_MRO-FFHI-2-300x169.jpg 300w, https:\/\/www.fraterinternacional.org\/wp-content\/uploads\/2021\/01\/Meios-de-Vida_MRO-FFHI-2-400x225.jpg 400w, https:\/\/www.fraterinternacional.org\/wp-content\/uploads\/2021\/01\/Meios-de-Vida_MRO-FFHI-2-600x338.jpg 600w, https:\/\/www.fraterinternacional.org\/wp-content\/uploads\/2021\/01\/Meios-de-Vida_MRO-FFHI-2-800x450.jpg 800w, https:\/\/www.fraterinternacional.org\/wp-content\/uploads\/2021\/01\/Meios-de-Vida_MRO-FFHI-2-1024x576.jpg 1024w, https:\/\/www.fraterinternacional.org\/wp-content\/uploads\/2021\/01\/Meios-de-Vida_MRO-FFHI-2-1200x675.jpg 1200w, https:\/\/www.fraterinternacional.org\/wp-content\/uploads\/2021\/01\/Meios-de-Vida_MRO-FFHI-2.jpg 1280w\" sizes=\"(max-width: 1280px) 100vw, 1280px\" \/><\/a><\/p>\n<h3>Cursos de Profesionalizaci\u00f3n, una Puerta de Entrada al Mercado Laboral<\/h3>\n<p style=\"text-align: justify;\">La inserci\u00f3n de los habitantes de los refugios en el mercado laboral es uno de las principales pautas del Sector Medios de Vida. De septiembre a diciembre se realizaron diversos cursos profesionales a trav\u00e9s de alianzas. En total, 81 personas, entre hombres (60%) y mujeres (40%), se beneficiaron con los siguientes cursos: T\u00e9cnicas B\u00e1sicas de Camarero, Corte y Costura, Corte de Cabello (para hombres, mujeres y ni\u00f1os), Inform\u00e1tica B\u00e1sica, T\u00e9cnicas B\u00e1sicas de Panader\u00eda y Formaci\u00f3n de Brigadistas en Seguridad Laboral.<\/p>\n\n\t\t<style type=\"text\/css\">\n\t\t\t#gallery-1 {\n\t\t\t\tmargin: auto;\n\t\t\t}\n\t\t\t#gallery-1 .gallery-item {\n\t\t\t\tfloat: left;\n\t\t\t\tmargin-top: 10px;\n\t\t\t\ttext-align: center;\n\t\t\t\twidth: 50%;\n\t\t\t}\n\t\t\t#gallery-1 img {\n\t\t\t\tborder: 2px solid #cfcfcf;\n\t\t\t}\n\t\t\t#gallery-1 .gallery-caption {\n\t\t\t\tmargin-left: 0;\n\t\t\t}\n\t\t\t\/* see gallery_shortcode() in wp-includes\/media.php *\/\n\t\t<\/style>\n\t\t<div id='gallery-1' class='gallery galleryid-119666 gallery-columns-2 gallery-size-full'><dl class='gallery-item'>\n\t\t\t<dt class='gallery-icon landscape'>\n\t\t\t\t<a data-rel=\"iLightbox[postimages]\" data-title=\"Meios-de-Vida_MRO-FFHI-5\" data-caption=\"\" href='https:\/\/www.fraterinternacional.org\/wp-content\/uploads\/2021\/01\/Meios-de-Vida_MRO-FFHI-5.jpg'><img decoding=\"async\" width=\"1000\" height=\"750\" src=\"https:\/\/www.fraterinternacional.org\/wp-content\/uploads\/2021\/01\/Meios-de-Vida_MRO-FFHI-5.jpg\" class=\"attachment-full size-full\" alt=\"Meios de Vida - Solu\u00e7\u00f5es Duradouras\" srcset=\"https:\/\/www.fraterinternacional.org\/wp-content\/uploads\/2021\/01\/Meios-de-Vida_MRO-FFHI-5-200x150.jpg 200w, https:\/\/www.fraterinternacional.org\/wp-content\/uploads\/2021\/01\/Meios-de-Vida_MRO-FFHI-5-300x225.jpg 300w, https:\/\/www.fraterinternacional.org\/wp-content\/uploads\/2021\/01\/Meios-de-Vida_MRO-FFHI-5-400x300.jpg 400w, https:\/\/www.fraterinternacional.org\/wp-content\/uploads\/2021\/01\/Meios-de-Vida_MRO-FFHI-5-600x450.jpg 600w, https:\/\/www.fraterinternacional.org\/wp-content\/uploads\/2021\/01\/Meios-de-Vida_MRO-FFHI-5-800x600.jpg 800w, https:\/\/www.fraterinternacional.org\/wp-content\/uploads\/2021\/01\/Meios-de-Vida_MRO-FFHI-5.jpg 1000w\" sizes=\"(max-width: 1000px) 100vw, 1000px\" \/><\/a>\n\t\t\t<\/dt><\/dl><dl class='gallery-item'>\n\t\t\t<dt class='gallery-icon landscape'>\n\t\t\t\t<a data-rel=\"iLightbox[postimages]\" data-title=\"Meios-de-Vida_MRO-FFHI-4\" data-caption=\"\" href='https:\/\/www.fraterinternacional.org\/wp-content\/uploads\/2021\/01\/Meios-de-Vida_MRO-FFHI-4.jpg'><img decoding=\"async\" width=\"1000\" height=\"750\" src=\"https:\/\/www.fraterinternacional.org\/wp-content\/uploads\/2021\/01\/Meios-de-Vida_MRO-FFHI-4.jpg\" class=\"attachment-full size-full\" alt=\"Meios de Vida - Solu\u00e7\u00f5es Duradouras\" srcset=\"https:\/\/www.fraterinternacional.org\/wp-content\/uploads\/2021\/01\/Meios-de-Vida_MRO-FFHI-4-200x150.jpg 200w, https:\/\/www.fraterinternacional.org\/wp-content\/uploads\/2021\/01\/Meios-de-Vida_MRO-FFHI-4-300x225.jpg 300w, https:\/\/www.fraterinternacional.org\/wp-content\/uploads\/2021\/01\/Meios-de-Vida_MRO-FFHI-4-400x300.jpg 400w, https:\/\/www.fraterinternacional.org\/wp-content\/uploads\/2021\/01\/Meios-de-Vida_MRO-FFHI-4-600x450.jpg 600w, https:\/\/www.fraterinternacional.org\/wp-content\/uploads\/2021\/01\/Meios-de-Vida_MRO-FFHI-4-800x600.jpg 800w, https:\/\/www.fraterinternacional.org\/wp-content\/uploads\/2021\/01\/Meios-de-Vida_MRO-FFHI-4.jpg 1000w\" sizes=\"(max-width: 1000px) 100vw, 1000px\" \/><\/a>\n\t\t\t<\/dt><\/dl><br style=\"clear: both\" \/>\n\t\t<\/div>\n\n<p style=\"font-weight: 400; text-align: justify;\">La formaci\u00f3n profesional del Curso de Corte de Cabello, realizado en colaboraci\u00f3n con el Instituto de Ensino Senac, se llev\u00f3 a cabo en el Abrigo Pintol\u00e2ndia. Los alumnos practicaron el nuevo oficio, realizando cortes de pelo gratis a 60 personas entre adultos y ni\u00f1os. Tambi\u00e9n cabe destacar el curso Brigadista, realizado en Abrigo Pintol\u00e2ndia, con 11 participantes.<\/p>\n<p style=\"font-weight: 400; text-align: justify;\">El Curso B\u00e1sico de Inform\u00e1tica, con una carga horaria de 60 horas, marc\u00f3 el inicio del t\u00e9rmino de cooperaci\u00f3n (transferencia de recursos, intercambio t\u00e9cnico) entre la Fraternidad &#8211; Humanitaria (FFHI) y la <a href=\"https:\/\/www.pciconcursos.com.br\/concursos\/univirr-fundacao-universidade-virtual-de-roraima-rr\">Universidad Virtual de Roraima (UNIVIRR)<\/a>, celebrado en agosto de 2020. El curso se imparti\u00f3 en el aula de Medios de vida\u00a0del Abrigo Pintol\u00e2ndia.<\/p>\n<p style=\"font-weight: 400; text-align: justify;\">Para celebrar la conclusi\u00f3n del curso, el sector realiz\u00f3 una sencilla ceremonia para la entrega de certificados a los participantes del curso. \u201cPara 2021, el plan es iniciar cursos de Portugu\u00e9s para extranjeros\u201d, informa la coordinadora del sector, Jemima Bessa.<\/p>\n<p><a href=\"https:\/\/www.fraterinternacional.org\/wp-content\/uploads\/2021\/01\/Meios-de-Vida_MRO-FFHI-6.jpg\"><img decoding=\"async\" class=\"size-full wp-image-119585 aligncenter\" src=\"https:\/\/www.fraterinternacional.org\/wp-content\/uploads\/2021\/01\/Meios-de-Vida_MRO-FFHI-6.jpg\" alt=\"Meios de Vida - Solu\u00e7\u00f5es Duradouras\" width=\"1000\" height=\"750\" srcset=\"https:\/\/www.fraterinternacional.org\/wp-content\/uploads\/2021\/01\/Meios-de-Vida_MRO-FFHI-6-200x150.jpg 200w, https:\/\/www.fraterinternacional.org\/wp-content\/uploads\/2021\/01\/Meios-de-Vida_MRO-FFHI-6-300x225.jpg 300w, https:\/\/www.fraterinternacional.org\/wp-content\/uploads\/2021\/01\/Meios-de-Vida_MRO-FFHI-6-400x300.jpg 400w, https:\/\/www.fraterinternacional.org\/wp-content\/uploads\/2021\/01\/Meios-de-Vida_MRO-FFHI-6-600x450.jpg 600w, https:\/\/www.fraterinternacional.org\/wp-content\/uploads\/2021\/01\/Meios-de-Vida_MRO-FFHI-6-800x600.jpg 800w, https:\/\/www.fraterinternacional.org\/wp-content\/uploads\/2021\/01\/Meios-de-Vida_MRO-FFHI-6.jpg 1000w\" sizes=\"(max-width: 1000px) 100vw, 1000px\" \/><\/a><\/p>\n<p style=\"font-weight: 400; text-align: justify;\">No solo los egresados \u200b\u200bdel Curso de Inform\u00e1tica celebraron la finalizaci\u00f3n del curso. Los cursos de Corte de Cabello Masculino e Infantil y T\u00e9cnicas B\u00e1sicas de Panader\u00eda tambi\u00e9n celebraron el final de esta etapa, el 10 de diciembre, con la presencia de los alumnos y sus invitados, representantes de la Fraternidad &#8211; Humanitaria (FFHI) y la coordinaci\u00f3n de la Senac.<\/p>\n<p style=\"font-weight: 400; text-align: justify;\">\u201cEsta graduaci\u00f3n fue importante en varios aspectos. Un evento para celebrar el hito de un nuevo camino para estas personas, para conmemorar un logro y animarlos a seguir adelante con nuevas perspectivas. Debemos destacar que estas fueron los primeros grupos ind\u00edgenas Warao en recibir tal calificaci\u00f3n\u201d, subraya Jemima.<\/p>\n<p style=\"font-weight: 400; text-align: justify;\">Tras la ceremonia, los alumnos ofrecieron una peque\u00f1a recepci\u00f3n a los invitados con panes, galletas y bizcochos, elaborados \u00a0por ellos. La\u00a0<a href=\"https:\/\/www.fraterinternacional.org\/es\/mision-roraima\/\">Fraternidad &#8211; Humanitaria (FFHI),<\/a>\u00a0con el apoyo de\u00a0<a href=\"https:\/\/www.acnur.org\/americas.html\">ACNUR<\/a>, proporcion\u00f3 transporte para el traslado de estudiantes y sus familias hacia y desde el refugio.<\/p>\n\n\t\t<style type=\"text\/css\">\n\t\t\t#gallery-2 {\n\t\t\t\tmargin: auto;\n\t\t\t}\n\t\t\t#gallery-2 .gallery-item {\n\t\t\t\tfloat: left;\n\t\t\t\tmargin-top: 10px;\n\t\t\t\ttext-align: center;\n\t\t\t\twidth: 33%;\n\t\t\t}\n\t\t\t#gallery-2 img {\n\t\t\t\tborder: 2px solid #cfcfcf;\n\t\t\t}\n\t\t\t#gallery-2 .gallery-caption {\n\t\t\t\tmargin-left: 0;\n\t\t\t}\n\t\t\t\/* see gallery_shortcode() in wp-includes\/media.php *\/\n\t\t<\/style>\n\t\t<div id='gallery-2' class='gallery galleryid-119666 gallery-columns-3 gallery-size-full'><dl class='gallery-item'>\n\t\t\t<dt class='gallery-icon landscape'>\n\t\t\t\t<a data-rel=\"iLightbox[postimages]\" data-title=\"Meios-de-Vida_MRO-FFHI-1\" data-caption=\"\" href='https:\/\/www.fraterinternacional.org\/wp-content\/uploads\/2021\/01\/Meios-de-Vida_MRO-FFHI-1.jpg'><img decoding=\"async\" width=\"1280\" height=\"960\" src=\"https:\/\/www.fraterinternacional.org\/wp-content\/uploads\/2021\/01\/Meios-de-Vida_MRO-FFHI-1.jpg\" class=\"attachment-full size-full\" alt=\"Meios de Vida - Solu\u00e7\u00f5es Duradouras\" srcset=\"https:\/\/www.fraterinternacional.org\/wp-content\/uploads\/2021\/01\/Meios-de-Vida_MRO-FFHI-1-200x150.jpg 200w, https:\/\/www.fraterinternacional.org\/wp-content\/uploads\/2021\/01\/Meios-de-Vida_MRO-FFHI-1-300x225.jpg 300w, https:\/\/www.fraterinternacional.org\/wp-content\/uploads\/2021\/01\/Meios-de-Vida_MRO-FFHI-1-400x300.jpg 400w, https:\/\/www.fraterinternacional.org\/wp-content\/uploads\/2021\/01\/Meios-de-Vida_MRO-FFHI-1-600x450.jpg 600w, https:\/\/www.fraterinternacional.org\/wp-content\/uploads\/2021\/01\/Meios-de-Vida_MRO-FFHI-1-800x600.jpg 800w, https:\/\/www.fraterinternacional.org\/wp-content\/uploads\/2021\/01\/Meios-de-Vida_MRO-FFHI-1-1024x768.jpg 1024w, https:\/\/www.fraterinternacional.org\/wp-content\/uploads\/2021\/01\/Meios-de-Vida_MRO-FFHI-1-1200x900.jpg 1200w, https:\/\/www.fraterinternacional.org\/wp-content\/uploads\/2021\/01\/Meios-de-Vida_MRO-FFHI-1.jpg 1280w\" sizes=\"(max-width: 1280px) 100vw, 1280px\" \/><\/a>\n\t\t\t<\/dt><\/dl><dl class='gallery-item'>\n\t\t\t<dt class='gallery-icon landscape'>\n\t\t\t\t<a data-rel=\"iLightbox[postimages]\" data-title=\"Meios-de-Vida_MRO-FFHI-9\" data-caption=\"\" href='https:\/\/www.fraterinternacional.org\/wp-content\/uploads\/2021\/01\/Meios-de-Vida_MRO-FFHI-9.jpg'><img decoding=\"async\" width=\"1200\" height=\"900\" src=\"https:\/\/www.fraterinternacional.org\/wp-content\/uploads\/2021\/01\/Meios-de-Vida_MRO-FFHI-9.jpg\" class=\"attachment-full size-full\" alt=\"Meios de Vida - Solu\u00e7\u00f5es Duradouras\" srcset=\"https:\/\/www.fraterinternacional.org\/wp-content\/uploads\/2021\/01\/Meios-de-Vida_MRO-FFHI-9-200x150.jpg 200w, https:\/\/www.fraterinternacional.org\/wp-content\/uploads\/2021\/01\/Meios-de-Vida_MRO-FFHI-9-300x225.jpg 300w, https:\/\/www.fraterinternacional.org\/wp-content\/uploads\/2021\/01\/Meios-de-Vida_MRO-FFHI-9-400x300.jpg 400w, https:\/\/www.fraterinternacional.org\/wp-content\/uploads\/2021\/01\/Meios-de-Vida_MRO-FFHI-9-600x450.jpg 600w, https:\/\/www.fraterinternacional.org\/wp-content\/uploads\/2021\/01\/Meios-de-Vida_MRO-FFHI-9-800x600.jpg 800w, https:\/\/www.fraterinternacional.org\/wp-content\/uploads\/2021\/01\/Meios-de-Vida_MRO-FFHI-9-1024x768.jpg 1024w, https:\/\/www.fraterinternacional.org\/wp-content\/uploads\/2021\/01\/Meios-de-Vida_MRO-FFHI-9.jpg 1200w\" sizes=\"(max-width: 1200px) 100vw, 1200px\" \/><\/a>\n\t\t\t<\/dt><\/dl><dl class='gallery-item'>\n\t\t\t<dt class='gallery-icon landscape'>\n\t\t\t\t<a data-rel=\"iLightbox[postimages]\" data-title=\"Meios-de-Vida_MRO-FFHI-10\" data-caption=\"\" href='https:\/\/www.fraterinternacional.org\/wp-content\/uploads\/2021\/01\/Meios-de-Vida_MRO-FFHI-10.jpg'><img decoding=\"async\" width=\"1200\" height=\"900\" src=\"https:\/\/www.fraterinternacional.org\/wp-content\/uploads\/2021\/01\/Meios-de-Vida_MRO-FFHI-10.jpg\" class=\"attachment-full size-full\" alt=\"Meios de Vida - Solu\u00e7\u00f5es Duradouras\" srcset=\"https:\/\/www.fraterinternacional.org\/wp-content\/uploads\/2021\/01\/Meios-de-Vida_MRO-FFHI-10-200x150.jpg 200w, https:\/\/www.fraterinternacional.org\/wp-content\/uploads\/2021\/01\/Meios-de-Vida_MRO-FFHI-10-300x225.jpg 300w, https:\/\/www.fraterinternacional.org\/wp-content\/uploads\/2021\/01\/Meios-de-Vida_MRO-FFHI-10-400x300.jpg 400w, https:\/\/www.fraterinternacional.org\/wp-content\/uploads\/2021\/01\/Meios-de-Vida_MRO-FFHI-10-600x450.jpg 600w, https:\/\/www.fraterinternacional.org\/wp-content\/uploads\/2021\/01\/Meios-de-Vida_MRO-FFHI-10-800x600.jpg 800w, https:\/\/www.fraterinternacional.org\/wp-content\/uploads\/2021\/01\/Meios-de-Vida_MRO-FFHI-10-1024x768.jpg 1024w, https:\/\/www.fraterinternacional.org\/wp-content\/uploads\/2021\/01\/Meios-de-Vida_MRO-FFHI-10.jpg 1200w\" sizes=\"(max-width: 1200px) 100vw, 1200px\" \/><\/a>\n\t\t\t<\/dt><\/dl><br style=\"clear: both\" \/>\n\t\t<\/div>\n\n<h3 style=\"text-align: justify;\">Autonom\u00eda y empoderamiento<\/h3>\n<p style=\"text-align: justify;\">No solo para formar profesionales, sino para prepararlos para la vida, con autonom\u00eda y empoderamiento. Fue con este prop\u00f3sito que los egresados \u200b\u200bde los cursos de Corte de Cabello y T\u00e9cnicas de Panader\u00eda recibieron una sesi\u00f3n de tutor\u00eda. Explica la coordinadora del Sector Medios de Vida: \u201cla tutela consisti\u00f3 en presentar conceptos de emprendimiento, escenarios en el mercado, crear un plan de acci\u00f3n, apoyar el desarrollo de planes de estudio y ayudarlos a pensar en los caminos que pueden tomar\u201d.<\/p>\n<p><a href=\"https:\/\/www.fraterinternacional.org\/wp-content\/uploads\/2021\/01\/Meios-de-Vida_MRO-FFHI-8.png\"><img decoding=\"async\" class=\"size-full wp-image-119567 aligncenter\" src=\"https:\/\/www.fraterinternacional.org\/wp-content\/uploads\/2021\/01\/Meios-de-Vida_MRO-FFHI-8.png\" alt=\"Meios de Vida - Solu\u00e7\u00f5es Duradouras\" width=\"968\" height=\"566\" srcset=\"https:\/\/www.fraterinternacional.org\/wp-content\/uploads\/2021\/01\/Meios-de-Vida_MRO-FFHI-8-200x117.png 200w, https:\/\/www.fraterinternacional.org\/wp-content\/uploads\/2021\/01\/Meios-de-Vida_MRO-FFHI-8-300x175.png 300w, https:\/\/www.fraterinternacional.org\/wp-content\/uploads\/2021\/01\/Meios-de-Vida_MRO-FFHI-8-400x234.png 400w, https:\/\/www.fraterinternacional.org\/wp-content\/uploads\/2021\/01\/Meios-de-Vida_MRO-FFHI-8-600x351.png 600w, https:\/\/www.fraterinternacional.org\/wp-content\/uploads\/2021\/01\/Meios-de-Vida_MRO-FFHI-8-800x468.png 800w, https:\/\/www.fraterinternacional.org\/wp-content\/uploads\/2021\/01\/Meios-de-Vida_MRO-FFHI-8.png 968w\" sizes=\"(max-width: 968px) 100vw, 968px\" \/><\/a><\/p>\n<h3>Artesanos Ind\u00edgenas &#8211; Exposici\u00f3n y Formaci\u00f3n<\/h3>\n<p style=\"font-weight: 400; text-align: justify;\">Otras actividades se activaron a finales de 2020. El 8 y 9 de diciembre, tres artesanas Warao y una artesana E&#8217;\u00f1epa, participaron del I Seminario Estatal en Red de Mujeres Emprendedoras del Campo, de la Ciudad, de la Selva, de las Aguas, Migrantes y Refugiados de Roraima. El evento es una iniciativa de la Coordinaci\u00f3n Estatal de Pol\u00edticas P\u00fablicas para la Mujer de la Secretar\u00eda de Trabajo y Bienestar Social (Setrabes), en alianza con el Servicio Brasile\u00f1o de Apoyo a la Micro y Peque\u00f1a Empresa (Sebrae) y a la Red de Atenci\u00f3n a la Mujer.<\/p>\n<p style=\"font-weight: 400; text-align: justify;\">Durante el Seminario, los artesanos participaron de talleres de emprendimiento, tales como: Creatividad y Habilidades, Calidad y Creatividad, Trabajos Manuales y T\u00e9cnicas Artesanales, Estrategias de Ventas y Finanzas. Tambi\u00e9n participaron en varias conferencias y una feria para comercializar sus productos.<\/p>\n<p style=\"font-weight: 400; text-align: justify;\">El 18 de diciembre, un grupo de artesanas y artesanos Warao, del albergue Janokoida, particip\u00f3 en la Exposici\u00f3n Cultural Fronteriza promovida por la Secretar\u00eda de Educaci\u00f3n, Cultura y Deporte (SEMECD) de la Prefectura de Pacaraima. \u201cEventos como este son importantes para la integraci\u00f3n con la comunidad local y para la convivencia pac\u00edfica\u201d, concluye la coordinadora del Sector Medios de Vida.<\/p>\n<p><a href=\"https:\/\/www.fraterinternacional.org\/wp-content\/uploads\/2021\/01\/Meios-de-Vida_MRO-FFHI-3.jpg\"><img decoding=\"async\" class=\"size-full wp-image-119576 aligncenter\" src=\"https:\/\/www.fraterinternacional.org\/wp-content\/uploads\/2021\/01\/Meios-de-Vida_MRO-FFHI-3.jpg\" alt=\"Meios de Vida - Solu\u00e7\u00f5es Duradouras\" width=\"768\" height=\"1024\" srcset=\"https:\/\/www.fraterinternacional.org\/wp-content\/uploads\/2021\/01\/Meios-de-Vida_MRO-FFHI-3-200x267.jpg 200w, https:\/\/www.fraterinternacional.org\/wp-content\/uploads\/2021\/01\/Meios-de-Vida_MRO-FFHI-3-225x300.jpg 225w, https:\/\/www.fraterinternacional.org\/wp-content\/uploads\/2021\/01\/Meios-de-Vida_MRO-FFHI-3-400x533.jpg 400w, https:\/\/www.fraterinternacional.org\/wp-content\/uploads\/2021\/01\/Meios-de-Vida_MRO-FFHI-3-600x800.jpg 600w, https:\/\/www.fraterinternacional.org\/wp-content\/uploads\/2021\/01\/Meios-de-Vida_MRO-FFHI-3.jpg 768w\" sizes=\"(max-width: 768px) 100vw, 768px\" \/><\/a><\/p>\n<h3>Diagn\u00f3sticpo de la Poblaci\u00f3n Atendida &#8211; un paso importante para elaborar nuevas estrategias<\/h3>\n<p style=\"font-weight: 400; text-align: justify;\">Con los cambios en la Misi\u00f3n Roraima y el cierre de los Refugios Nova Cana\u00e3 y Tancredo Neves, el foco de la misi\u00f3n se dirigi\u00f3 exclusivamente a las poblaciones ind\u00edgenas que viven en los Refugios Pintol\u00e2ndia, Janokoida y el Abrigo Jardim Floresta recientemente inaugurado.<\/p>\n<p style=\"font-weight: 400; text-align: justify;\">Para trazar un diagn\u00f3stico y perfil de esta poblaci\u00f3n de inter\u00e9s, el Sector Medios de Vida, junto con el antrop\u00f3logo Fernando Fileno, realizaron investigaciones en los refugios de Pintol\u00e2ndia y Janokoida. En Pintol\u00e2ndia se realizaron 190 entrevistas, con un alcance del 70% de la poblaci\u00f3n, mientras que en Janokoida, el 92% de los habitantes respondieron la encuesta, totalizando 192 personas.<\/p>\n<p style=\"font-weight: 400; text-align: justify;\">Seg\u00fan la coordinaci\u00f3n del Sector de Medios de Vida, el resultado de la investigaci\u00f3n laboral podr\u00e1 abastecer subsidios para identificar grupos focales y elaborar nuevas estrategias para 2021.<\/p>\n<p style=\"font-weight: 400; text-align: justify;\">Conozca m\u00e1s sobre la\u00a0<a href=\"https:\/\/www.fraterinternacional.org\/es\/mision-roraima\/\">Misi\u00f3n Roraima Humanitaria.<\/a><\/p>\n","protected":false},"excerpt":{"rendered":"<p>A pesar de ser un a\u00f1o desafiante, el segundo semestre fue muy din\u00e1mico para el Sector. El Sector de Medios [&hellip;]<\/p>\n","protected":false},"author":4,"featured_media":119593,"comment_status":"closed","ping_status":"closed","sticky":false,"template":"","format":"standard","meta":{"footnotes":""},"categories":[173,105],"tags":[],"class_list":["post-119666","post","type-post","status-publish","format-standard","has-post-thumbnail","hentry","category-noticia","category-noticias-de-las-misiones"],"yoast_head":"<!-- This site is optimized with the Yoast SEO Premium plugin v21.0 (Yoast SEO v21.0) - https:\/\/yoast.com\/wordpress\/plugins\/seo\/ -->\n<title>El Sector Medios de Vida de la Misi\u00f3n Roraima presenta sus actividades 2020 -<\/title>\n<meta name=\"description\" content=\"El Sector de Medios de Vida se gu\u00eda por estrategias que puedan promover medios de vida y m\u00e1s autonom\u00eda a los refugiados que viven en los albergues en Roraima, bajo la direcci\u00f3n de la Fraternidad - Federaci\u00f3n Humanitaria Internacional (FFHI), y con el apoyo del Alto Comisionado de las Naciones Unidas para los Refugiados (ACNUR).\" \/>\n<meta name=\"robots\" content=\"index, follow, max-snippet:-1, max-image-preview:large, max-video-preview:-1\" \/>\n<link rel=\"canonical\" href=\"https:\/\/www.fraterinternacional.org\/es\/el-sector-medios-de-vida-de-la-mision-roraima-presenta-sus-actividades-2020\/\" \/>\n<meta property=\"og:locale\" content=\"es_ES\" \/>\n<meta property=\"og:type\" content=\"article\" \/>\n<meta property=\"og:title\" content=\"El Sector Medios de Vida de la Misi\u00f3n Roraima presenta sus actividades 2020\" \/>\n<meta property=\"og:description\" content=\"El Sector de Medios de Vida se gu\u00eda por estrategias que puedan promover medios de vida y m\u00e1s autonom\u00eda a los refugiados que viven en los albergues en Roraima, bajo la direcci\u00f3n de la Fraternidad - Federaci\u00f3n Humanitaria Internacional (FFHI), y con el apoyo del Alto Comisionado de las Naciones Unidas para los Refugiados (ACNUR).\" \/>\n<meta property=\"og:url\" content=\"https:\/\/www.fraterinternacional.org\/es\/el-sector-medios-de-vida-de-la-mision-roraima-presenta-sus-actividades-2020\/\" \/>\n<meta property=\"og:site_name\" content=\"Fraternidade - Federa\u00e7\u00e3o Humanit\u00e1ria Internacional\" \/>\n<meta property=\"article:publisher\" content=\"https:\/\/www.facebook.com\/fraternidadehumanitaria\" \/>\n<meta property=\"article:published_time\" content=\"2021-01-12T17:37:28+00:00\" \/>\n<meta property=\"article:modified_time\" content=\"2021-01-18T17:49:43+00:00\" \/>\n<meta property=\"og:image\" content=\"https:\/\/www.fraterinternacional.org\/wp-content\/uploads\/2021\/01\/Meios-de-Vida_MRO-FFHI-9.jpg\" \/>\n\t<meta property=\"og:image:width\" content=\"1200\" \/>\n\t<meta property=\"og:image:height\" content=\"900\" \/>\n\t<meta property=\"og:image:type\" content=\"image\/jpeg\" \/>\n<meta name=\"author\" content=\"maducato_admin\" \/>\n<meta name=\"twitter:card\" content=\"summary_large_image\" \/>\n<meta name=\"twitter:creator\" content=\"@fraternidadeFHI\" \/>\n<meta name=\"twitter:site\" content=\"@fraternidadeFHI\" \/>\n<meta name=\"twitter:label1\" content=\"Escrito por\" \/>\n\t<meta name=\"twitter:data1\" content=\"maducato_admin\" \/>\n\t<meta name=\"twitter:label2\" content=\"Tiempo de lectura\" \/>\n\t<meta name=\"twitter:data2\" content=\"5 minutos\" \/>\n<script type=\"application\/ld+json\" class=\"yoast-schema-graph\">{\"@context\":\"https:\/\/schema.org\",\"@graph\":[{\"@type\":\"WebPage\",\"@id\":\"https:\/\/www.fraterinternacional.org\/es\/el-sector-medios-de-vida-de-la-mision-roraima-presenta-sus-actividades-2020\/\",\"url\":\"https:\/\/www.fraterinternacional.org\/es\/el-sector-medios-de-vida-de-la-mision-roraima-presenta-sus-actividades-2020\/\",\"name\":\"El Sector Medios de Vida de la Misi\u00f3n Roraima presenta sus actividades 2020 -\",\"isPartOf\":{\"@id\":\"https:\/\/www.fraterinternacional.org\/es\/#website\"},\"datePublished\":\"2021-01-12T17:37:28+00:00\",\"dateModified\":\"2021-01-18T17:49:43+00:00\",\"author\":{\"@id\":\"https:\/\/www.fraterinternacional.org\/es\/#\/schema\/person\/19cb7a5541fd019768c7fe255d72701e\"},\"description\":\"El Sector de Medios de Vida se gu\u00eda por estrategias que puedan promover medios de vida y m\u00e1s autonom\u00eda a los refugiados que viven en los albergues en Roraima, bajo la direcci\u00f3n de la Fraternidad - Federaci\u00f3n Humanitaria Internacional (FFHI), y con el apoyo del Alto Comisionado de las Naciones Unidas para los Refugiados (ACNUR).\",\"breadcrumb\":{\"@id\":\"https:\/\/www.fraterinternacional.org\/es\/el-sector-medios-de-vida-de-la-mision-roraima-presenta-sus-actividades-2020\/#breadcrumb\"},\"inLanguage\":\"es\",\"potentialAction\":[{\"@type\":\"ReadAction\",\"target\":[\"https:\/\/www.fraterinternacional.org\/es\/el-sector-medios-de-vida-de-la-mision-roraima-presenta-sus-actividades-2020\/\"]}]},{\"@type\":\"BreadcrumbList\",\"@id\":\"https:\/\/www.fraterinternacional.org\/es\/el-sector-medios-de-vida-de-la-mision-roraima-presenta-sus-actividades-2020\/#breadcrumb\",\"itemListElement\":[{\"@type\":\"ListItem\",\"position\":1,\"name\":\"In\u00edcio\",\"item\":\"https:\/\/www.fraterinternacional.org\/es\/\"},{\"@type\":\"ListItem\",\"position\":2,\"name\":\"El Sector Medios de Vida de la Misi\u00f3n Roraima presenta sus actividades 2020\"}]},{\"@type\":\"WebSite\",\"@id\":\"https:\/\/www.fraterinternacional.org\/es\/#website\",\"url\":\"https:\/\/www.fraterinternacional.org\/es\/\",\"name\":\"Fraternidade - Federa\u00e7\u00e3o Humanit\u00e1ria Internacional\",\"description\":\"Fraternidade - Federa\u00e7\u00e3o Humanit\u00e1ria Internacional\",\"potentialAction\":[{\"@type\":\"SearchAction\",\"target\":{\"@type\":\"EntryPoint\",\"urlTemplate\":\"https:\/\/www.fraterinternacional.org\/es\/?s={search_term_string}\"},\"query-input\":\"required name=search_term_string\"}],\"inLanguage\":\"es\"},{\"@type\":\"Person\",\"@id\":\"https:\/\/www.fraterinternacional.org\/es\/#\/schema\/person\/19cb7a5541fd019768c7fe255d72701e\",\"name\":\"maducato_admin\"}]}<\/script>\n<!-- \/ Yoast SEO Premium plugin. -->","yoast_head_json":{"title":"El Sector Medios de Vida de la Misi\u00f3n Roraima presenta sus actividades 2020 -","description":"El Sector de Medios de Vida se gu\u00eda por estrategias que puedan promover medios de vida y m\u00e1s autonom\u00eda a los refugiados que viven en los albergues en Roraima, bajo la direcci\u00f3n de la Fraternidad - Federaci\u00f3n Humanitaria Internacional (FFHI), y con el apoyo del Alto Comisionado de las Naciones Unidas para los Refugiados (ACNUR).","robots":{"index":"index","follow":"follow","max-snippet":"max-snippet:-1","max-image-preview":"max-image-preview:large","max-video-preview":"max-video-preview:-1"},"canonical":"https:\/\/www.fraterinternacional.org\/es\/el-sector-medios-de-vida-de-la-mision-roraima-presenta-sus-actividades-2020\/","og_locale":"es_ES","og_type":"article","og_title":"El Sector Medios de Vida de la Misi\u00f3n Roraima presenta sus actividades 2020","og_description":"El Sector de Medios de Vida se gu\u00eda por estrategias que puedan promover medios de vida y m\u00e1s autonom\u00eda a los refugiados que viven en los albergues en Roraima, bajo la direcci\u00f3n de la Fraternidad - Federaci\u00f3n Humanitaria Internacional (FFHI), y con el apoyo del Alto Comisionado de las Naciones Unidas para los Refugiados (ACNUR).","og_url":"https:\/\/www.fraterinternacional.org\/es\/el-sector-medios-de-vida-de-la-mision-roraima-presenta-sus-actividades-2020\/","og_site_name":"Fraternidade - Federa\u00e7\u00e3o Humanit\u00e1ria Internacional","article_publisher":"https:\/\/www.facebook.com\/fraternidadehumanitaria","article_published_time":"2021-01-12T17:37:28+00:00","article_modified_time":"2021-01-18T17:49:43+00:00","og_image":[{"width":1200,"height":900,"url":"https:\/\/www.fraterinternacional.org\/wp-content\/uploads\/2021\/01\/Meios-de-Vida_MRO-FFHI-9.jpg","type":"image\/jpeg"}],"author":"maducato_admin","twitter_card":"summary_large_image","twitter_creator":"@fraternidadeFHI","twitter_site":"@fraternidadeFHI","twitter_misc":{"Escrito por":"maducato_admin","Tiempo de lectura":"5 minutos"},"schema":{"@context":"https:\/\/schema.org","@graph":[{"@type":"WebPage","@id":"https:\/\/www.fraterinternacional.org\/es\/el-sector-medios-de-vida-de-la-mision-roraima-presenta-sus-actividades-2020\/","url":"https:\/\/www.fraterinternacional.org\/es\/el-sector-medios-de-vida-de-la-mision-roraima-presenta-sus-actividades-2020\/","name":"El Sector Medios de Vida de la Misi\u00f3n Roraima presenta sus actividades 2020 -","isPartOf":{"@id":"https:\/\/www.fraterinternacional.org\/es\/#website"},"datePublished":"2021-01-12T17:37:28+00:00","dateModified":"2021-01-18T17:49:43+00:00","author":{"@id":"https:\/\/www.fraterinternacional.org\/es\/#\/schema\/person\/19cb7a5541fd019768c7fe255d72701e"},"description":"El Sector de Medios de Vida se gu\u00eda por estrategias que puedan promover medios de vida y m\u00e1s autonom\u00eda a los refugiados que viven en los albergues en Roraima, bajo la direcci\u00f3n de la Fraternidad - Federaci\u00f3n Humanitaria Internacional (FFHI), y con el apoyo del Alto Comisionado de las Naciones Unidas para los Refugiados (ACNUR).","breadcrumb":{"@id":"https:\/\/www.fraterinternacional.org\/es\/el-sector-medios-de-vida-de-la-mision-roraima-presenta-sus-actividades-2020\/#breadcrumb"},"inLanguage":"es","potentialAction":[{"@type":"ReadAction","target":["https:\/\/www.fraterinternacional.org\/es\/el-sector-medios-de-vida-de-la-mision-roraima-presenta-sus-actividades-2020\/"]}]},{"@type":"BreadcrumbList","@id":"https:\/\/www.fraterinternacional.org\/es\/el-sector-medios-de-vida-de-la-mision-roraima-presenta-sus-actividades-2020\/#breadcrumb","itemListElement":[{"@type":"ListItem","position":1,"name":"In\u00edcio","item":"https:\/\/www.fraterinternacional.org\/es\/"},{"@type":"ListItem","position":2,"name":"El Sector Medios de Vida de la Misi\u00f3n Roraima presenta sus actividades 2020"}]},{"@type":"WebSite","@id":"https:\/\/www.fraterinternacional.org\/es\/#website","url":"https:\/\/www.fraterinternacional.org\/es\/","name":"Fraternidade - Federa\u00e7\u00e3o Humanit\u00e1ria Internacional","description":"Fraternidade - Federa\u00e7\u00e3o Humanit\u00e1ria Internacional","potentialAction":[{"@type":"SearchAction","target":{"@type":"EntryPoint","urlTemplate":"https:\/\/www.fraterinternacional.org\/es\/?s={search_term_string}"},"query-input":"required name=search_term_string"}],"inLanguage":"es"},{"@type":"Person","@id":"https:\/\/www.fraterinternacional.org\/es\/#\/schema\/person\/19cb7a5541fd019768c7fe255d72701e","name":"maducato_admin"}]}},"_links":{"self":[{"href":"https:\/\/www.fraterinternacional.org\/es\/wp-json\/wp\/v2\/posts\/119666"}],"collection":[{"href":"https:\/\/www.fraterinternacional.org\/es\/wp-json\/wp\/v2\/posts"}],"about":[{"href":"https:\/\/www.fraterinternacional.org\/es\/wp-json\/wp\/v2\/types\/post"}],"author":[{"embeddable":true,"href":"https:\/\/www.fraterinternacional.org\/es\/wp-json\/wp\/v2\/users\/4"}],"replies":[{"embeddable":true,"href":"https:\/\/www.fraterinternacional.org\/es\/wp-json\/wp\/v2\/comments?post=119666"}],"version-history":[{"count":0,"href":"https:\/\/www.fraterinternacional.org\/es\/wp-json\/wp\/v2\/posts\/119666\/revisions"}],"wp:featuredmedia":[{"embeddable":true,"href":"https:\/\/www.fraterinternacional.org\/es\/wp-json\/wp\/v2\/media\/119593"}],"wp:attachment":[{"href":"https:\/\/www.fraterinternacional.org\/es\/wp-json\/wp\/v2\/media?parent=119666"}],"wp:term":[{"taxonomy":"category","embeddable":true,"href":"https:\/\/www.fraterinternacional.org\/es\/wp-json\/wp\/v2\/categories?post=119666"},{"taxonomy":"post_tag","embeddable":true,"href":"https:\/\/www.fraterinternacional.org\/es\/wp-json\/wp\/v2\/tags?post=119666"}],"curies":[{"name":"wp","href":"https:\/\/api.w.org\/{rel}","templated":true}]}}