{"id":118878,"date":"2020-11-03T17:25:06","date_gmt":"2020-11-03T20:25:06","guid":{"rendered":"https:\/\/www.fraterinternacional.org\/?p=118878"},"modified":"2020-11-03T17:25:06","modified_gmt":"2020-11-03T20:25:06","slug":"primer-curso-de-energias-renovables-calentamiento-de-agua-a-traves-de-la-energia-solar","status":"publish","type":"post","link":"https:\/\/www.fraterinternacional.org\/es\/primer-curso-de-energias-renovables-calentamiento-de-agua-a-traves-de-la-energia-solar\/","title":{"rendered":"Primer curso de energ\u00edas renovables: calentamiento de agua a trav\u00e9s de la energ\u00eda solar"},"content":{"rendered":"<p style=\"text-align: justify;\">El d\u00eda 12 de octubre se realiz\u00f3 el primer encuentro te\u00f3rico-pr\u00e1ctico sobre energ\u00edas alternativas para los miembros de la <a href=\"https:\/\/www.fraternidadaurora.org\/comunidad-luz\">Comunidad-Luz Fraternidad de Aurora<\/a>. El primer curso present\u00f3 el sistema de calentamiento de agua a trav\u00e9s de energ\u00eda solar. La finalidad de estos cursos no solo ser\u00e1 informar sobre la utilizaci\u00f3n de estas energ\u00edas renovables si no tambi\u00e9n estimular el inter\u00e9s en estos sistemas que se alimentan de fuentes naturales e inagotables.<\/p>\n<p><a href=\"https:\/\/www.fraterinternacional.org\/wp-content\/uploads\/2020\/10\/ENERGIA-RENOVAVEL-COMUNIDADE-LUZ-AURORA-FFHI-6.jpg\"><img decoding=\"async\" class=\"size-full wp-image-118752 aligncenter\" src=\"https:\/\/www.fraterinternacional.org\/wp-content\/uploads\/2020\/10\/ENERGIA-RENOVAVEL-COMUNIDADE-LUZ-AURORA-FFHI-6.jpg\" alt=\"\" width=\"1000\" height=\"727\" srcset=\"https:\/\/www.fraterinternacional.org\/wp-content\/uploads\/2020\/10\/ENERGIA-RENOVAVEL-COMUNIDADE-LUZ-AURORA-FFHI-6-200x145.jpg 200w, https:\/\/www.fraterinternacional.org\/wp-content\/uploads\/2020\/10\/ENERGIA-RENOVAVEL-COMUNIDADE-LUZ-AURORA-FFHI-6-300x218.jpg 300w, https:\/\/www.fraterinternacional.org\/wp-content\/uploads\/2020\/10\/ENERGIA-RENOVAVEL-COMUNIDADE-LUZ-AURORA-FFHI-6-400x291.jpg 400w, https:\/\/www.fraterinternacional.org\/wp-content\/uploads\/2020\/10\/ENERGIA-RENOVAVEL-COMUNIDADE-LUZ-AURORA-FFHI-6-600x436.jpg 600w, https:\/\/www.fraterinternacional.org\/wp-content\/uploads\/2020\/10\/ENERGIA-RENOVAVEL-COMUNIDADE-LUZ-AURORA-FFHI-6-800x582.jpg 800w, https:\/\/www.fraterinternacional.org\/wp-content\/uploads\/2020\/10\/ENERGIA-RENOVAVEL-COMUNIDADE-LUZ-AURORA-FFHI-6.jpg 1000w\" sizes=\"(max-width: 1000px) 100vw, 1000px\" \/><\/a><\/p>\n<p style=\"font-weight: 400; text-align: justify;\">Hoy en d\u00eda, se encuentra cada vez m\u00e1s en la consciencia de la humanidad que las fuentes de energ\u00eda convencionales no solo son finitas sino que su proceso y utilizaci\u00f3n crean residuos contaminantes para el planeta; todo esto, conlleva la necesidad de comenzar a implementar sistemas de energ\u00edas limpias y renovables. Una energ\u00eda alternativa renovable, es aquella que puede suplir las energ\u00edas o fuentes energ\u00e9ticas convencionales\u200b, ya sea por su menor efecto contaminante, o fundamentalmente por su posibilidad de renovaci\u00f3n.<\/p>\n<p style=\"font-weight: 400; text-align: justify;\">La Comunidad-Luz cuenta con varios sistemas de energ\u00edas renovables instalados, especialmente los alimentados por energ\u00eda solar, y era necesaria la concientizaci\u00f3n de su uso y mantenimiento. El sistema m\u00e1s utilizado es el calentamiento de agua a trav\u00e9s de luz solar del cual se profundiz\u00f3 en esta primera etapa a nivel te\u00f3rico y pr\u00e1ctico. La parte te\u00f3rica incluy\u00f3 conceptos b\u00e1sicos como el significado de energ\u00eda y calor, la explicaci\u00f3n de las leyes que rigen este sistema en particular y sus componentes. La parte pr\u00e1ctica consisti\u00f3 en la observaci\u00f3n del mecanismo y los c\u00e1lculos que determinan su funcionamiento, la identificaci\u00f3n de los componentes del termotanque solar\u00a0 y el testeo de la temperatura del agua.<\/p>\n\n\t\t<style type=\"text\/css\">\n\t\t\t#gallery-1 {\n\t\t\t\tmargin: auto;\n\t\t\t}\n\t\t\t#gallery-1 .gallery-item {\n\t\t\t\tfloat: left;\n\t\t\t\tmargin-top: 10px;\n\t\t\t\ttext-align: center;\n\t\t\t\twidth: 50%;\n\t\t\t}\n\t\t\t#gallery-1 img {\n\t\t\t\tborder: 2px solid #cfcfcf;\n\t\t\t}\n\t\t\t#gallery-1 .gallery-caption {\n\t\t\t\tmargin-left: 0;\n\t\t\t}\n\t\t\t\/* see gallery_shortcode() in wp-includes\/media.php *\/\n\t\t<\/style>\n\t\t<div id='gallery-1' class='gallery galleryid-118878 gallery-columns-2 gallery-size-large'><dl class='gallery-item'>\n\t\t\t<dt class='gallery-icon landscape'>\n\t\t\t\t<a data-rel=\"iLightbox[postimages]\" data-title=\"ENERGIA RENOVAVEL COMUNIDADE LUZ AURORA FFHI 5(1)\" data-caption=\"\" href='https:\/\/www.fraterinternacional.org\/wp-content\/uploads\/2020\/10\/ENERGIA-RENOVAVEL-COMUNIDADE-LUZ-AURORA-FFHI-51-e1603984859438.jpg'><img decoding=\"async\" width=\"1000\" height=\"744\" src=\"https:\/\/www.fraterinternacional.org\/wp-content\/uploads\/2020\/10\/ENERGIA-RENOVAVEL-COMUNIDADE-LUZ-AURORA-FFHI-51-e1603984859438.jpg\" class=\"attachment-large size-large\" alt=\"Energias Renov\u00e1veis\" \/><\/a>\n\t\t\t<\/dt><\/dl><dl class='gallery-item'>\n\t\t\t<dt class='gallery-icon landscape'>\n\t\t\t\t<a data-rel=\"iLightbox[postimages]\" data-title=\"ENERGIA RENOVAVEL COMUNIDADE LUZ AURORA FFHI 2\" data-caption=\"\" href='https:\/\/www.fraterinternacional.org\/wp-content\/uploads\/2020\/10\/ENERGIA-RENOVAVEL-COMUNIDADE-LUZ-AURORA-FFHI-2.jpg'><img decoding=\"async\" width=\"1000\" height=\"706\" src=\"https:\/\/www.fraterinternacional.org\/wp-content\/uploads\/2020\/10\/ENERGIA-RENOVAVEL-COMUNIDADE-LUZ-AURORA-FFHI-2.jpg\" class=\"attachment-large size-large\" alt=\"Energias Renov\u00e1veis\" srcset=\"https:\/\/www.fraterinternacional.org\/wp-content\/uploads\/2020\/10\/ENERGIA-RENOVAVEL-COMUNIDADE-LUZ-AURORA-FFHI-2-200x141.jpg 200w, https:\/\/www.fraterinternacional.org\/wp-content\/uploads\/2020\/10\/ENERGIA-RENOVAVEL-COMUNIDADE-LUZ-AURORA-FFHI-2-300x212.jpg 300w, https:\/\/www.fraterinternacional.org\/wp-content\/uploads\/2020\/10\/ENERGIA-RENOVAVEL-COMUNIDADE-LUZ-AURORA-FFHI-2-400x282.jpg 400w, https:\/\/www.fraterinternacional.org\/wp-content\/uploads\/2020\/10\/ENERGIA-RENOVAVEL-COMUNIDADE-LUZ-AURORA-FFHI-2-600x424.jpg 600w, https:\/\/www.fraterinternacional.org\/wp-content\/uploads\/2020\/10\/ENERGIA-RENOVAVEL-COMUNIDADE-LUZ-AURORA-FFHI-2-800x565.jpg 800w, https:\/\/www.fraterinternacional.org\/wp-content\/uploads\/2020\/10\/ENERGIA-RENOVAVEL-COMUNIDADE-LUZ-AURORA-FFHI-2.jpg 1000w\" sizes=\"(max-width: 1000px) 100vw, 1000px\" \/><\/a>\n\t\t\t<\/dt><\/dl><br style=\"clear: both\" \/>\n\t\t<\/div>\n\n<p style=\"font-weight: 400; text-align: justify;\">\u201cEl retorno de las personas fue muy positivo, se mostraron muy interesadas y surgieron varias preguntas que ser\u00e1n aclaradas en futuros encuentros\u201d, dice Fray Crist\u00f3v\u00e3o, una de las personas responsables de las obras y proyectos de la Comunidad-Luz y qui\u00e9n dirigi\u00f3 el presente curso. Parte de la Comunidad participar\u00e1 de la puesta en pr\u00e1ctica de lo aprendido, el cual constar\u00e1 de varias etapas. Como primer paso se realizar\u00e1 un mantenimiento del sistema mediante la limpieza de los tanques de almacenamiento de agua, tambi\u00e9n llamados\u00a0<em>boilers<\/em>, ya que tienden a acumular carbonato de calcio o sarro que impide su buen funcionamiento. Luego, se revisar\u00e1n las instalaciones de las tres \u00e1reas para crear un plan para mejorarlas y que sean m\u00e1s eficientes y, como tercer paso, se realizar\u00e1n proyectos para la instalaci\u00f3n de m\u00e1s sistemas de calentamiento de agua.<\/p>\n<p style=\"font-weight: 400; text-align: justify;\">\u201cEl curso nos ayud\u00f3 a la comprensi\u00f3n de c\u00f3mo cuidar el agua, c\u00f3mo distribuirla mejor, y como mantener este sistema renovable\u201d, cuenta \u00c1lvaro Nalerio Cruz, integrante de la Comunidad-Luz que particip\u00f3 de este encuentro. \u201cEl curso nos ense\u00f1\u00f3 los pasos para un mejor funcionamiento y su correcto cuidado\u201d.<\/p>\n<p style=\"font-weight: 400; text-align: justify;\">En los pr\u00f3ximos cursos se profundizar\u00e1 en estas energ\u00edas que no da\u00f1an el medio ambiente y ayudan a generar la condici\u00f3n de autosustentabilidad, meta a alcanzar en las Comunidades-Luz.<\/p>\n\n\t\t<style type=\"text\/css\">\n\t\t\t#gallery-2 {\n\t\t\t\tmargin: auto;\n\t\t\t}\n\t\t\t#gallery-2 .gallery-item {\n\t\t\t\tfloat: left;\n\t\t\t\tmargin-top: 10px;\n\t\t\t\ttext-align: center;\n\t\t\t\twidth: 50%;\n\t\t\t}\n\t\t\t#gallery-2 img {\n\t\t\t\tborder: 2px solid #cfcfcf;\n\t\t\t}\n\t\t\t#gallery-2 .gallery-caption {\n\t\t\t\tmargin-left: 0;\n\t\t\t}\n\t\t\t\/* see gallery_shortcode() in wp-includes\/media.php *\/\n\t\t<\/style>\n\t\t<div id='gallery-2' class='gallery galleryid-118878 gallery-columns-2 gallery-size-large'><dl class='gallery-item'>\n\t\t\t<dt class='gallery-icon landscape'>\n\t\t\t\t<a data-rel=\"iLightbox[postimages]\" data-title=\"ENERGIA RENOVAVEL COMUNIDADE LUZ AURORA FFHI 5\" data-caption=\"\" href='https:\/\/www.fraterinternacional.org\/wp-content\/uploads\/2020\/10\/ENERGIA-RENOVAVEL-COMUNIDADE-LUZ-AURORA-FFHI-5.jpg'><img decoding=\"async\" width=\"1000\" height=\"750\" src=\"https:\/\/www.fraterinternacional.org\/wp-content\/uploads\/2020\/10\/ENERGIA-RENOVAVEL-COMUNIDADE-LUZ-AURORA-FFHI-5.jpg\" class=\"attachment-large size-large\" alt=\"Energias Renov\u00e1veis\" srcset=\"https:\/\/www.fraterinternacional.org\/wp-content\/uploads\/2020\/10\/ENERGIA-RENOVAVEL-COMUNIDADE-LUZ-AURORA-FFHI-5-200x150.jpg 200w, https:\/\/www.fraterinternacional.org\/wp-content\/uploads\/2020\/10\/ENERGIA-RENOVAVEL-COMUNIDADE-LUZ-AURORA-FFHI-5-300x225.jpg 300w, https:\/\/www.fraterinternacional.org\/wp-content\/uploads\/2020\/10\/ENERGIA-RENOVAVEL-COMUNIDADE-LUZ-AURORA-FFHI-5-400x300.jpg 400w, https:\/\/www.fraterinternacional.org\/wp-content\/uploads\/2020\/10\/ENERGIA-RENOVAVEL-COMUNIDADE-LUZ-AURORA-FFHI-5-600x450.jpg 600w, https:\/\/www.fraterinternacional.org\/wp-content\/uploads\/2020\/10\/ENERGIA-RENOVAVEL-COMUNIDADE-LUZ-AURORA-FFHI-5-800x600.jpg 800w, https:\/\/www.fraterinternacional.org\/wp-content\/uploads\/2020\/10\/ENERGIA-RENOVAVEL-COMUNIDADE-LUZ-AURORA-FFHI-5.jpg 1000w\" sizes=\"(max-width: 1000px) 100vw, 1000px\" \/><\/a>\n\t\t\t<\/dt><\/dl><dl class='gallery-item'>\n\t\t\t<dt class='gallery-icon landscape'>\n\t\t\t\t<a data-rel=\"iLightbox[postimages]\" data-title=\"ENERGIA RENOVAVEL COMUNIDADE LUZ AURORA FFHI 4\" data-caption=\"\" href='https:\/\/www.fraterinternacional.org\/wp-content\/uploads\/2020\/10\/ENERGIA-RENOVAVEL-COMUNIDADE-LUZ-AURORA-FFHI-4.jpg'><img decoding=\"async\" width=\"1000\" height=\"750\" src=\"https:\/\/www.fraterinternacional.org\/wp-content\/uploads\/2020\/10\/ENERGIA-RENOVAVEL-COMUNIDADE-LUZ-AURORA-FFHI-4.jpg\" class=\"attachment-large size-large\" alt=\"Energias Renov\u00e1veis\" srcset=\"https:\/\/www.fraterinternacional.org\/wp-content\/uploads\/2020\/10\/ENERGIA-RENOVAVEL-COMUNIDADE-LUZ-AURORA-FFHI-4-200x150.jpg 200w, https:\/\/www.fraterinternacional.org\/wp-content\/uploads\/2020\/10\/ENERGIA-RENOVAVEL-COMUNIDADE-LUZ-AURORA-FFHI-4-300x225.jpg 300w, https:\/\/www.fraterinternacional.org\/wp-content\/uploads\/2020\/10\/ENERGIA-RENOVAVEL-COMUNIDADE-LUZ-AURORA-FFHI-4-400x300.jpg 400w, https:\/\/www.fraterinternacional.org\/wp-content\/uploads\/2020\/10\/ENERGIA-RENOVAVEL-COMUNIDADE-LUZ-AURORA-FFHI-4-600x450.jpg 600w, https:\/\/www.fraterinternacional.org\/wp-content\/uploads\/2020\/10\/ENERGIA-RENOVAVEL-COMUNIDADE-LUZ-AURORA-FFHI-4-800x600.jpg 800w, https:\/\/www.fraterinternacional.org\/wp-content\/uploads\/2020\/10\/ENERGIA-RENOVAVEL-COMUNIDADE-LUZ-AURORA-FFHI-4.jpg 1000w\" sizes=\"(max-width: 1000px) 100vw, 1000px\" \/><\/a>\n\t\t\t<\/dt><\/dl><br style=\"clear: both\" \/>\n\t\t<\/div>\n\n","protected":false},"excerpt":{"rendered":"<p>El d\u00eda 12 de octubre se realiz\u00f3 el primer encuentro te\u00f3rico-pr\u00e1ctico sobre energ\u00edas alternativas para los miembros de la Comunidad-Luz [&hellip;]<\/p>\n","protected":false},"author":4,"featured_media":118754,"comment_status":"closed","ping_status":"closed","sticky":false,"template":"","format":"standard","meta":{"footnotes":""},"categories":[173],"tags":[],"class_list":["post-118878","post","type-post","status-publish","format-standard","has-post-thumbnail","hentry","category-noticia"],"yoast_head":"<!-- This site is optimized with the Yoast SEO Premium plugin v21.0 (Yoast SEO v21.0) - https:\/\/yoast.com\/wordpress\/plugins\/seo\/ -->\n<title>Primer curso de energ\u00edas renovables: calentamiento de agua a trav\u00e9s de la energ\u00eda solar -<\/title>\n<meta name=\"description\" content=\"El d\u00eda 12 de octubre se realiz\u00f3 el primer encuentro te\u00f3rico-pr\u00e1ctico sobre energ\u00edas alternativas para los miembros de la Comunidad-Luz Fraternidad de Aurora. El primer curso present\u00f3 el sistema de calentamiento de agua a trav\u00e9s de energ\u00eda solar. La finalidad de estos cursos no solo ser\u00e1 informar sobre la utilizaci\u00f3n de estas energ\u00edas renovables si no tambi\u00e9n estimular el inter\u00e9s en estos sistemas que se alimentan de fuentes naturales e inagotables.\" \/>\n<meta name=\"robots\" content=\"index, follow, max-snippet:-1, max-image-preview:large, max-video-preview:-1\" \/>\n<link rel=\"canonical\" href=\"https:\/\/www.fraterinternacional.org\/es\/primer-curso-de-energias-renovables-calentamiento-de-agua-a-traves-de-la-energia-solar\/\" \/>\n<meta property=\"og:locale\" content=\"es_ES\" \/>\n<meta property=\"og:type\" content=\"article\" \/>\n<meta property=\"og:title\" content=\"Primer curso de energ\u00edas renovables: calentamiento de agua a trav\u00e9s de la energ\u00eda solar\" \/>\n<meta property=\"og:description\" content=\"El d\u00eda 12 de octubre se realiz\u00f3 el primer encuentro te\u00f3rico-pr\u00e1ctico sobre energ\u00edas alternativas para los miembros de la Comunidad-Luz Fraternidad de Aurora. El primer curso present\u00f3 el sistema de calentamiento de agua a trav\u00e9s de energ\u00eda solar. La finalidad de estos cursos no solo ser\u00e1 informar sobre la utilizaci\u00f3n de estas energ\u00edas renovables si no tambi\u00e9n estimular el inter\u00e9s en estos sistemas que se alimentan de fuentes naturales e inagotables.\" \/>\n<meta property=\"og:url\" content=\"https:\/\/www.fraterinternacional.org\/es\/primer-curso-de-energias-renovables-calentamiento-de-agua-a-traves-de-la-energia-solar\/\" \/>\n<meta property=\"og:site_name\" content=\"Fraternidade - Federa\u00e7\u00e3o Humanit\u00e1ria Internacional\" \/>\n<meta property=\"article:publisher\" content=\"https:\/\/www.facebook.com\/fraternidadehumanitaria\" \/>\n<meta property=\"article:published_time\" content=\"2020-11-03T20:25:06+00:00\" \/>\n<meta property=\"og:image\" content=\"https:\/\/www.fraterinternacional.org\/wp-content\/uploads\/2020\/10\/ENERGIA-RENOVAVEL-COMUNIDADE-LUZ-AURORA-FFHI-6.jpg\" \/>\n\t<meta property=\"og:image:width\" content=\"1000\" \/>\n\t<meta property=\"og:image:height\" content=\"727\" \/>\n\t<meta property=\"og:image:type\" content=\"image\/jpeg\" \/>\n<meta name=\"author\" content=\"maducato_admin\" \/>\n<meta name=\"twitter:card\" content=\"summary_large_image\" \/>\n<meta name=\"twitter:creator\" content=\"@fraternidadeFHI\" \/>\n<meta name=\"twitter:site\" content=\"@fraternidadeFHI\" \/>\n<meta name=\"twitter:label1\" content=\"Escrito por\" \/>\n\t<meta name=\"twitter:data1\" content=\"maducato_admin\" \/>\n\t<meta name=\"twitter:label2\" content=\"Tiempo de lectura\" \/>\n\t<meta name=\"twitter:data2\" content=\"3 minutos\" \/>\n<script type=\"application\/ld+json\" class=\"yoast-schema-graph\">{\"@context\":\"https:\/\/schema.org\",\"@graph\":[{\"@type\":\"WebPage\",\"@id\":\"https:\/\/www.fraterinternacional.org\/es\/primer-curso-de-energias-renovables-calentamiento-de-agua-a-traves-de-la-energia-solar\/\",\"url\":\"https:\/\/www.fraterinternacional.org\/es\/primer-curso-de-energias-renovables-calentamiento-de-agua-a-traves-de-la-energia-solar\/\",\"name\":\"Primer curso de energ\u00edas renovables: calentamiento de agua a trav\u00e9s de la energ\u00eda solar -\",\"isPartOf\":{\"@id\":\"https:\/\/www.fraterinternacional.org\/es\/#website\"},\"datePublished\":\"2020-11-03T20:25:06+00:00\",\"dateModified\":\"2020-11-03T20:25:06+00:00\",\"author\":{\"@id\":\"https:\/\/www.fraterinternacional.org\/es\/#\/schema\/person\/19cb7a5541fd019768c7fe255d72701e\"},\"description\":\"El d\u00eda 12 de octubre se realiz\u00f3 el primer encuentro te\u00f3rico-pr\u00e1ctico sobre energ\u00edas alternativas para los miembros de la Comunidad-Luz Fraternidad de Aurora. El primer curso present\u00f3 el sistema de calentamiento de agua a trav\u00e9s de energ\u00eda solar. La finalidad de estos cursos no solo ser\u00e1 informar sobre la utilizaci\u00f3n de estas energ\u00edas renovables si no tambi\u00e9n estimular el inter\u00e9s en estos sistemas que se alimentan de fuentes naturales e inagotables.\",\"breadcrumb\":{\"@id\":\"https:\/\/www.fraterinternacional.org\/es\/primer-curso-de-energias-renovables-calentamiento-de-agua-a-traves-de-la-energia-solar\/#breadcrumb\"},\"inLanguage\":\"es\",\"potentialAction\":[{\"@type\":\"ReadAction\",\"target\":[\"https:\/\/www.fraterinternacional.org\/es\/primer-curso-de-energias-renovables-calentamiento-de-agua-a-traves-de-la-energia-solar\/\"]}]},{\"@type\":\"BreadcrumbList\",\"@id\":\"https:\/\/www.fraterinternacional.org\/es\/primer-curso-de-energias-renovables-calentamiento-de-agua-a-traves-de-la-energia-solar\/#breadcrumb\",\"itemListElement\":[{\"@type\":\"ListItem\",\"position\":1,\"name\":\"In\u00edcio\",\"item\":\"https:\/\/www.fraterinternacional.org\/es\/\"},{\"@type\":\"ListItem\",\"position\":2,\"name\":\"Primer curso de energ\u00edas renovables: calentamiento de agua a trav\u00e9s de la energ\u00eda solar\"}]},{\"@type\":\"WebSite\",\"@id\":\"https:\/\/www.fraterinternacional.org\/es\/#website\",\"url\":\"https:\/\/www.fraterinternacional.org\/es\/\",\"name\":\"Fraternidade - Federa\u00e7\u00e3o Humanit\u00e1ria Internacional\",\"description\":\"Fraternidade - Federa\u00e7\u00e3o Humanit\u00e1ria Internacional\",\"potentialAction\":[{\"@type\":\"SearchAction\",\"target\":{\"@type\":\"EntryPoint\",\"urlTemplate\":\"https:\/\/www.fraterinternacional.org\/es\/?s={search_term_string}\"},\"query-input\":\"required name=search_term_string\"}],\"inLanguage\":\"es\"},{\"@type\":\"Person\",\"@id\":\"https:\/\/www.fraterinternacional.org\/es\/#\/schema\/person\/19cb7a5541fd019768c7fe255d72701e\",\"name\":\"maducato_admin\"}]}<\/script>\n<!-- \/ Yoast SEO Premium plugin. -->","yoast_head_json":{"title":"Primer curso de energ\u00edas renovables: calentamiento de agua a trav\u00e9s de la energ\u00eda solar -","description":"El d\u00eda 12 de octubre se realiz\u00f3 el primer encuentro te\u00f3rico-pr\u00e1ctico sobre energ\u00edas alternativas para los miembros de la Comunidad-Luz Fraternidad de Aurora. El primer curso present\u00f3 el sistema de calentamiento de agua a trav\u00e9s de energ\u00eda solar. La finalidad de estos cursos no solo ser\u00e1 informar sobre la utilizaci\u00f3n de estas energ\u00edas renovables si no tambi\u00e9n estimular el inter\u00e9s en estos sistemas que se alimentan de fuentes naturales e inagotables.","robots":{"index":"index","follow":"follow","max-snippet":"max-snippet:-1","max-image-preview":"max-image-preview:large","max-video-preview":"max-video-preview:-1"},"canonical":"https:\/\/www.fraterinternacional.org\/es\/primer-curso-de-energias-renovables-calentamiento-de-agua-a-traves-de-la-energia-solar\/","og_locale":"es_ES","og_type":"article","og_title":"Primer curso de energ\u00edas renovables: calentamiento de agua a trav\u00e9s de la energ\u00eda solar","og_description":"El d\u00eda 12 de octubre se realiz\u00f3 el primer encuentro te\u00f3rico-pr\u00e1ctico sobre energ\u00edas alternativas para los miembros de la Comunidad-Luz Fraternidad de Aurora. El primer curso present\u00f3 el sistema de calentamiento de agua a trav\u00e9s de energ\u00eda solar. La finalidad de estos cursos no solo ser\u00e1 informar sobre la utilizaci\u00f3n de estas energ\u00edas renovables si no tambi\u00e9n estimular el inter\u00e9s en estos sistemas que se alimentan de fuentes naturales e inagotables.","og_url":"https:\/\/www.fraterinternacional.org\/es\/primer-curso-de-energias-renovables-calentamiento-de-agua-a-traves-de-la-energia-solar\/","og_site_name":"Fraternidade - Federa\u00e7\u00e3o Humanit\u00e1ria Internacional","article_publisher":"https:\/\/www.facebook.com\/fraternidadehumanitaria","article_published_time":"2020-11-03T20:25:06+00:00","og_image":[{"width":1000,"height":727,"url":"https:\/\/www.fraterinternacional.org\/wp-content\/uploads\/2020\/10\/ENERGIA-RENOVAVEL-COMUNIDADE-LUZ-AURORA-FFHI-6.jpg","type":"image\/jpeg"}],"author":"maducato_admin","twitter_card":"summary_large_image","twitter_creator":"@fraternidadeFHI","twitter_site":"@fraternidadeFHI","twitter_misc":{"Escrito por":"maducato_admin","Tiempo de lectura":"3 minutos"},"schema":{"@context":"https:\/\/schema.org","@graph":[{"@type":"WebPage","@id":"https:\/\/www.fraterinternacional.org\/es\/primer-curso-de-energias-renovables-calentamiento-de-agua-a-traves-de-la-energia-solar\/","url":"https:\/\/www.fraterinternacional.org\/es\/primer-curso-de-energias-renovables-calentamiento-de-agua-a-traves-de-la-energia-solar\/","name":"Primer curso de energ\u00edas renovables: calentamiento de agua a trav\u00e9s de la energ\u00eda solar -","isPartOf":{"@id":"https:\/\/www.fraterinternacional.org\/es\/#website"},"datePublished":"2020-11-03T20:25:06+00:00","dateModified":"2020-11-03T20:25:06+00:00","author":{"@id":"https:\/\/www.fraterinternacional.org\/es\/#\/schema\/person\/19cb7a5541fd019768c7fe255d72701e"},"description":"El d\u00eda 12 de octubre se realiz\u00f3 el primer encuentro te\u00f3rico-pr\u00e1ctico sobre energ\u00edas alternativas para los miembros de la Comunidad-Luz Fraternidad de Aurora. El primer curso present\u00f3 el sistema de calentamiento de agua a trav\u00e9s de energ\u00eda solar. La finalidad de estos cursos no solo ser\u00e1 informar sobre la utilizaci\u00f3n de estas energ\u00edas renovables si no tambi\u00e9n estimular el inter\u00e9s en estos sistemas que se alimentan de fuentes naturales e inagotables.","breadcrumb":{"@id":"https:\/\/www.fraterinternacional.org\/es\/primer-curso-de-energias-renovables-calentamiento-de-agua-a-traves-de-la-energia-solar\/#breadcrumb"},"inLanguage":"es","potentialAction":[{"@type":"ReadAction","target":["https:\/\/www.fraterinternacional.org\/es\/primer-curso-de-energias-renovables-calentamiento-de-agua-a-traves-de-la-energia-solar\/"]}]},{"@type":"BreadcrumbList","@id":"https:\/\/www.fraterinternacional.org\/es\/primer-curso-de-energias-renovables-calentamiento-de-agua-a-traves-de-la-energia-solar\/#breadcrumb","itemListElement":[{"@type":"ListItem","position":1,"name":"In\u00edcio","item":"https:\/\/www.fraterinternacional.org\/es\/"},{"@type":"ListItem","position":2,"name":"Primer curso de energ\u00edas renovables: calentamiento de agua a trav\u00e9s de la energ\u00eda solar"}]},{"@type":"WebSite","@id":"https:\/\/www.fraterinternacional.org\/es\/#website","url":"https:\/\/www.fraterinternacional.org\/es\/","name":"Fraternidade - Federa\u00e7\u00e3o Humanit\u00e1ria Internacional","description":"Fraternidade - Federa\u00e7\u00e3o Humanit\u00e1ria Internacional","potentialAction":[{"@type":"SearchAction","target":{"@type":"EntryPoint","urlTemplate":"https:\/\/www.fraterinternacional.org\/es\/?s={search_term_string}"},"query-input":"required name=search_term_string"}],"inLanguage":"es"},{"@type":"Person","@id":"https:\/\/www.fraterinternacional.org\/es\/#\/schema\/person\/19cb7a5541fd019768c7fe255d72701e","name":"maducato_admin"}]}},"_links":{"self":[{"href":"https:\/\/www.fraterinternacional.org\/es\/wp-json\/wp\/v2\/posts\/118878"}],"collection":[{"href":"https:\/\/www.fraterinternacional.org\/es\/wp-json\/wp\/v2\/posts"}],"about":[{"href":"https:\/\/www.fraterinternacional.org\/es\/wp-json\/wp\/v2\/types\/post"}],"author":[{"embeddable":true,"href":"https:\/\/www.fraterinternacional.org\/es\/wp-json\/wp\/v2\/users\/4"}],"replies":[{"embeddable":true,"href":"https:\/\/www.fraterinternacional.org\/es\/wp-json\/wp\/v2\/comments?post=118878"}],"version-history":[{"count":0,"href":"https:\/\/www.fraterinternacional.org\/es\/wp-json\/wp\/v2\/posts\/118878\/revisions"}],"wp:featuredmedia":[{"embeddable":true,"href":"https:\/\/www.fraterinternacional.org\/es\/wp-json\/wp\/v2\/media\/118754"}],"wp:attachment":[{"href":"https:\/\/www.fraterinternacional.org\/es\/wp-json\/wp\/v2\/media?parent=118878"}],"wp:term":[{"taxonomy":"category","embeddable":true,"href":"https:\/\/www.fraterinternacional.org\/es\/wp-json\/wp\/v2\/categories?post=118878"},{"taxonomy":"post_tag","embeddable":true,"href":"https:\/\/www.fraterinternacional.org\/es\/wp-json\/wp\/v2\/tags?post=118878"}],"curies":[{"name":"wp","href":"https:\/\/api.w.org\/{rel}","templated":true}]}}