{"id":116952,"date":"2020-08-03T09:37:30","date_gmt":"2020-08-03T12:37:30","guid":{"rendered":"https:\/\/www.fraterinternacional.org\/?p=116952"},"modified":"2020-08-03T09:37:30","modified_gmt":"2020-08-03T12:37:30","slug":"casa-luz-de-la-colina-desarrolla-un-proyecto-de-agricultura-regenerativa","status":"publish","type":"post","link":"https:\/\/www.fraterinternacional.org\/es\/casa-luz-de-la-colina-desarrolla-un-proyecto-de-agricultura-regenerativa\/","title":{"rendered":"Casa Luz de la Colina desarrolla un proyecto de agricultura regenerativa"},"content":{"rendered":"<p style=\"text-align: justify;\"><span lang=\"ES\">Casa Luz de la Colina, afiliada a la <a href=\"https:\/\/www.fraterinternacional.org\/es\/\"><strong>Fraternidad &#8211; Federaci\u00f3n Internacional Humanitaria (FFHI)<\/strong><\/a>, est\u00e1 trabajando en un proyecto de agricultura regenerativa, cuyo objetivo es producir alimentos saludables mientras se regenera el suelo y aumenta la biodiversidad local.<\/span><\/p>\n<div class=\"video-shortcode\"><iframe title=\"Casa Luz da Colina desenvolve\u00a0projeto de Agricultura Regenerativa\" width=\"1200\" height=\"675\" src=\"https:\/\/www.youtube.com\/embed\/GdsDziqZhfk?feature=oembed\" frameborder=\"0\" allow=\"accelerometer; autoplay; clipboard-write; encrypted-media; gyroscope; picture-in-picture\" allowfullscreen><\/iframe><\/div>\n<p class=\"p1\" style=\"text-align: justify;\"><div class=\"fusion-sep-clear\"><\/div><div class=\"fusion-separator fusion-full-width-sep\" style=\"margin-left: auto;margin-right: auto;margin-top:10px;width:100%;\"><\/div><div class=\"fusion-sep-clear\"><\/div> <span lang=\"ES\">Ubicada en la ciudad de Carmo da Cachoeira, en la regi\u00f3n sur de Minas Gerais, Casa Luz de la Colina busca ser autosuficiente en la producci\u00f3n de alimentos. \u00abPara esto, los colaboradores y voluntarios se pusieron a disposici\u00f3n para desarrollar este proyecto que deber\u00e1 abastecer a Casa Luz de la Colina, y el excedente ser\u00e1 donado a las personas que m\u00e1s lo necesitan\u00bb, dice la bi\u00f3loga y colaboradora del Sector Plantaciones, Tain\u00e1 Navolar.<\/span><\/p>\n\n\t\t<style type=\"text\/css\">\n\t\t\t#gallery-1 {\n\t\t\t\tmargin: auto;\n\t\t\t}\n\t\t\t#gallery-1 .gallery-item {\n\t\t\t\tfloat: left;\n\t\t\t\tmargin-top: 10px;\n\t\t\t\ttext-align: center;\n\t\t\t\twidth: 50%;\n\t\t\t}\n\t\t\t#gallery-1 img {\n\t\t\t\tborder: 2px solid #cfcfcf;\n\t\t\t}\n\t\t\t#gallery-1 .gallery-caption {\n\t\t\t\tmargin-left: 0;\n\t\t\t}\n\t\t\t\/* see gallery_shortcode() in wp-includes\/media.php *\/\n\t\t<\/style>\n\t\t<div id='gallery-1' class='gallery galleryid-116952 gallery-columns-2 gallery-size-fusion-600'><dl class='gallery-item'>\n\t\t\t<dt class='gallery-icon landscape'>\n\t\t\t\t<a data-rel=\"iLightbox[postimages]\" data-title=\"AGRICULTURA REGENERATIVA CASA LUZ DA COLINA FFHI 1\" data-caption=\"\" href='https:\/\/www.fraterinternacional.org\/wp-content\/uploads\/2020\/07\/AGRICULTURA-REGENERATIVA-CASA-LUZ-DA-COLINA-FFHI-1.jpg'><img decoding=\"async\" width=\"600\" height=\"338\" src=\"https:\/\/www.fraterinternacional.org\/wp-content\/uploads\/2020\/07\/AGRICULTURA-REGENERATIVA-CASA-LUZ-DA-COLINA-FFHI-1-600x338.jpg\" class=\"attachment-fusion-600 size-fusion-600\" alt=\"Casa Luz da Colina desenvolve projeto de agricultura regenerativa\" srcset=\"https:\/\/www.fraterinternacional.org\/wp-content\/uploads\/2020\/07\/AGRICULTURA-REGENERATIVA-CASA-LUZ-DA-COLINA-FFHI-1-200x113.jpg 200w, https:\/\/www.fraterinternacional.org\/wp-content\/uploads\/2020\/07\/AGRICULTURA-REGENERATIVA-CASA-LUZ-DA-COLINA-FFHI-1-300x169.jpg 300w, https:\/\/www.fraterinternacional.org\/wp-content\/uploads\/2020\/07\/AGRICULTURA-REGENERATIVA-CASA-LUZ-DA-COLINA-FFHI-1-400x225.jpg 400w, https:\/\/www.fraterinternacional.org\/wp-content\/uploads\/2020\/07\/AGRICULTURA-REGENERATIVA-CASA-LUZ-DA-COLINA-FFHI-1-600x338.jpg 600w, https:\/\/www.fraterinternacional.org\/wp-content\/uploads\/2020\/07\/AGRICULTURA-REGENERATIVA-CASA-LUZ-DA-COLINA-FFHI-1-800x450.jpg 800w, https:\/\/www.fraterinternacional.org\/wp-content\/uploads\/2020\/07\/AGRICULTURA-REGENERATIVA-CASA-LUZ-DA-COLINA-FFHI-1.jpg 1000w\" sizes=\"(max-width: 600px) 100vw, 600px\" \/><\/a>\n\t\t\t<\/dt><\/dl><dl class='gallery-item'>\n\t\t\t<dt class='gallery-icon landscape'>\n\t\t\t\t<a data-rel=\"iLightbox[postimages]\" data-title=\"AGRICULTURA REGENERATIVA CASA LUZ DA COLINA FFHI 3\" data-caption=\"\" href='https:\/\/www.fraterinternacional.org\/wp-content\/uploads\/2020\/07\/AGRICULTURA-REGENERATIVA-CASA-LUZ-DA-COLINA-FFHI-3.jpg'><img decoding=\"async\" width=\"600\" height=\"338\" src=\"https:\/\/www.fraterinternacional.org\/wp-content\/uploads\/2020\/07\/AGRICULTURA-REGENERATIVA-CASA-LUZ-DA-COLINA-FFHI-3-600x338.jpg\" class=\"attachment-fusion-600 size-fusion-600\" alt=\"Casa Luz da Colina desenvolve projeto de agricultura regenerativa\" srcset=\"https:\/\/www.fraterinternacional.org\/wp-content\/uploads\/2020\/07\/AGRICULTURA-REGENERATIVA-CASA-LUZ-DA-COLINA-FFHI-3-200x113.jpg 200w, https:\/\/www.fraterinternacional.org\/wp-content\/uploads\/2020\/07\/AGRICULTURA-REGENERATIVA-CASA-LUZ-DA-COLINA-FFHI-3-300x169.jpg 300w, https:\/\/www.fraterinternacional.org\/wp-content\/uploads\/2020\/07\/AGRICULTURA-REGENERATIVA-CASA-LUZ-DA-COLINA-FFHI-3-400x225.jpg 400w, https:\/\/www.fraterinternacional.org\/wp-content\/uploads\/2020\/07\/AGRICULTURA-REGENERATIVA-CASA-LUZ-DA-COLINA-FFHI-3-600x338.jpg 600w, https:\/\/www.fraterinternacional.org\/wp-content\/uploads\/2020\/07\/AGRICULTURA-REGENERATIVA-CASA-LUZ-DA-COLINA-FFHI-3-800x450.jpg 800w, https:\/\/www.fraterinternacional.org\/wp-content\/uploads\/2020\/07\/AGRICULTURA-REGENERATIVA-CASA-LUZ-DA-COLINA-FFHI-3.jpg 1000w\" sizes=\"(max-width: 600px) 100vw, 600px\" \/><\/a>\n\t\t\t<\/dt><\/dl><br style=\"clear: both\" \/>\n\t\t<\/div>\n\n<p style=\"text-align: justify;\"><span lang=\"ES\">Este trabajo se lleva a cabo en un \u00e1rea de 1500 m\u00b2, que fue utilizado durante mucho tiempo por el antiguo propietario como pasto para el ganado. Para regenerar la salud de este suelo y promover la vida y la biodiversidad en el \u00e1rea, se utilizaron las t\u00e9cnicas de Agricultura Sintr\u00f3pica de Ernst Gotsch, transmitidas a la <a href=\"http:\/\/www.comunidadefigueira.org.br\/portal\/es\/\"><strong>Comunidad-Luz Figueira<\/strong><\/a> a trav\u00e9s de cursos dictados por Isa\u00edas Reis.<\/span><\/p>\n\n\t\t<style type=\"text\/css\">\n\t\t\t#gallery-2 {\n\t\t\t\tmargin: auto;\n\t\t\t}\n\t\t\t#gallery-2 .gallery-item {\n\t\t\t\tfloat: left;\n\t\t\t\tmargin-top: 10px;\n\t\t\t\ttext-align: center;\n\t\t\t\twidth: 50%;\n\t\t\t}\n\t\t\t#gallery-2 img {\n\t\t\t\tborder: 2px solid #cfcfcf;\n\t\t\t}\n\t\t\t#gallery-2 .gallery-caption {\n\t\t\t\tmargin-left: 0;\n\t\t\t}\n\t\t\t\/* see gallery_shortcode() in wp-includes\/media.php *\/\n\t\t<\/style>\n\t\t<div id='gallery-2' class='gallery galleryid-116952 gallery-columns-2 gallery-size-fusion-600'><dl class='gallery-item'>\n\t\t\t<dt class='gallery-icon landscape'>\n\t\t\t\t<a data-rel=\"iLightbox[postimages]\" data-title=\"AGRICULTURA REGENERATIVA CASA LUZ DA COLINA FFHI 2\" data-caption=\"\" href='https:\/\/www.fraterinternacional.org\/wp-content\/uploads\/2020\/07\/AGRICULTURA-REGENERATIVA-CASA-LUZ-DA-COLINA-FFHI-2.jpg'><img decoding=\"async\" width=\"600\" height=\"338\" src=\"https:\/\/www.fraterinternacional.org\/wp-content\/uploads\/2020\/07\/AGRICULTURA-REGENERATIVA-CASA-LUZ-DA-COLINA-FFHI-2-600x338.jpg\" class=\"attachment-fusion-600 size-fusion-600\" alt=\"Casa Luz da Colina desenvolve projeto de agricultura regenerativa\" srcset=\"https:\/\/www.fraterinternacional.org\/wp-content\/uploads\/2020\/07\/AGRICULTURA-REGENERATIVA-CASA-LUZ-DA-COLINA-FFHI-2-200x113.jpg 200w, https:\/\/www.fraterinternacional.org\/wp-content\/uploads\/2020\/07\/AGRICULTURA-REGENERATIVA-CASA-LUZ-DA-COLINA-FFHI-2-300x169.jpg 300w, https:\/\/www.fraterinternacional.org\/wp-content\/uploads\/2020\/07\/AGRICULTURA-REGENERATIVA-CASA-LUZ-DA-COLINA-FFHI-2-400x225.jpg 400w, https:\/\/www.fraterinternacional.org\/wp-content\/uploads\/2020\/07\/AGRICULTURA-REGENERATIVA-CASA-LUZ-DA-COLINA-FFHI-2-600x338.jpg 600w, https:\/\/www.fraterinternacional.org\/wp-content\/uploads\/2020\/07\/AGRICULTURA-REGENERATIVA-CASA-LUZ-DA-COLINA-FFHI-2-800x450.jpg 800w, https:\/\/www.fraterinternacional.org\/wp-content\/uploads\/2020\/07\/AGRICULTURA-REGENERATIVA-CASA-LUZ-DA-COLINA-FFHI-2.jpg 1000w\" sizes=\"(max-width: 600px) 100vw, 600px\" \/><\/a>\n\t\t\t<\/dt><\/dl><dl class='gallery-item'>\n\t\t\t<dt class='gallery-icon landscape'>\n\t\t\t\t<a data-rel=\"iLightbox[postimages]\" data-title=\"AGRICULTURA REGENERATIVA CASA LUZ DA COLINA FFHI 4\" data-caption=\"\" href='https:\/\/www.fraterinternacional.org\/wp-content\/uploads\/2020\/07\/AGRICULTURA-REGENERATIVA-CASA-LUZ-DA-COLINA-FFHI-4.jpg'><img decoding=\"async\" width=\"600\" height=\"338\" src=\"https:\/\/www.fraterinternacional.org\/wp-content\/uploads\/2020\/07\/AGRICULTURA-REGENERATIVA-CASA-LUZ-DA-COLINA-FFHI-4-600x338.jpg\" class=\"attachment-fusion-600 size-fusion-600\" alt=\"Casa Luz da Colina desenvolve projeto de agricultura regenerativa\" srcset=\"https:\/\/www.fraterinternacional.org\/wp-content\/uploads\/2020\/07\/AGRICULTURA-REGENERATIVA-CASA-LUZ-DA-COLINA-FFHI-4-200x113.jpg 200w, https:\/\/www.fraterinternacional.org\/wp-content\/uploads\/2020\/07\/AGRICULTURA-REGENERATIVA-CASA-LUZ-DA-COLINA-FFHI-4-300x169.jpg 300w, https:\/\/www.fraterinternacional.org\/wp-content\/uploads\/2020\/07\/AGRICULTURA-REGENERATIVA-CASA-LUZ-DA-COLINA-FFHI-4-400x225.jpg 400w, https:\/\/www.fraterinternacional.org\/wp-content\/uploads\/2020\/07\/AGRICULTURA-REGENERATIVA-CASA-LUZ-DA-COLINA-FFHI-4-600x338.jpg 600w, https:\/\/www.fraterinternacional.org\/wp-content\/uploads\/2020\/07\/AGRICULTURA-REGENERATIVA-CASA-LUZ-DA-COLINA-FFHI-4-800x450.jpg 800w, https:\/\/www.fraterinternacional.org\/wp-content\/uploads\/2020\/07\/AGRICULTURA-REGENERATIVA-CASA-LUZ-DA-COLINA-FFHI-4.jpg 1000w\" sizes=\"(max-width: 600px) 100vw, 600px\" \/><\/a>\n\t\t\t<\/dt><\/dl><br style=\"clear: both\" \/>\n\t\t<\/div>\n\n<p style=\"text-align: justify;\">\u201cPlantamos algunas l\u00edneas de \u00e1rboles frutales y fertilizantes, y en esas mismas l\u00edneas estamos cultivando hortalizas; de ese modo cuidamos de los \u00e1rboles y optimizamos los recursos naturales y la mano de obra. Hasta ahora hemos plantado una diversidad de cincuenta especies, y nuestro objetivo es expandir la plantaci\u00f3n en cantidad y biodiversidad \u201d, explica Tain\u00e1.<\/p>\n\n\t\t<style type=\"text\/css\">\n\t\t\t#gallery-3 {\n\t\t\t\tmargin: auto;\n\t\t\t}\n\t\t\t#gallery-3 .gallery-item {\n\t\t\t\tfloat: left;\n\t\t\t\tmargin-top: 10px;\n\t\t\t\ttext-align: center;\n\t\t\t\twidth: 50%;\n\t\t\t}\n\t\t\t#gallery-3 img {\n\t\t\t\tborder: 2px solid #cfcfcf;\n\t\t\t}\n\t\t\t#gallery-3 .gallery-caption {\n\t\t\t\tmargin-left: 0;\n\t\t\t}\n\t\t\t\/* see gallery_shortcode() in wp-includes\/media.php *\/\n\t\t<\/style>\n\t\t<div id='gallery-3' class='gallery galleryid-116952 gallery-columns-2 gallery-size-fusion-600'><dl class='gallery-item'>\n\t\t\t<dt class='gallery-icon landscape'>\n\t\t\t\t<a data-rel=\"iLightbox[postimages]\" data-title=\"AGRICULTURA REGENERATIVA CASA LUZ DA COLINA FFHI 7\" data-caption=\"\" href='https:\/\/www.fraterinternacional.org\/wp-content\/uploads\/2020\/07\/AGRICULTURA-REGENERATIVA-CASA-LUZ-DA-COLINA-FFHI-7.jpg'><img decoding=\"async\" width=\"600\" height=\"338\" src=\"https:\/\/www.fraterinternacional.org\/wp-content\/uploads\/2020\/07\/AGRICULTURA-REGENERATIVA-CASA-LUZ-DA-COLINA-FFHI-7-600x338.jpg\" class=\"attachment-fusion-600 size-fusion-600\" alt=\"Casa Luz da Colina desenvolve projeto de agricultura regenerativa\" srcset=\"https:\/\/www.fraterinternacional.org\/wp-content\/uploads\/2020\/07\/AGRICULTURA-REGENERATIVA-CASA-LUZ-DA-COLINA-FFHI-7-200x113.jpg 200w, https:\/\/www.fraterinternacional.org\/wp-content\/uploads\/2020\/07\/AGRICULTURA-REGENERATIVA-CASA-LUZ-DA-COLINA-FFHI-7-300x169.jpg 300w, https:\/\/www.fraterinternacional.org\/wp-content\/uploads\/2020\/07\/AGRICULTURA-REGENERATIVA-CASA-LUZ-DA-COLINA-FFHI-7-400x225.jpg 400w, https:\/\/www.fraterinternacional.org\/wp-content\/uploads\/2020\/07\/AGRICULTURA-REGENERATIVA-CASA-LUZ-DA-COLINA-FFHI-7-600x338.jpg 600w, https:\/\/www.fraterinternacional.org\/wp-content\/uploads\/2020\/07\/AGRICULTURA-REGENERATIVA-CASA-LUZ-DA-COLINA-FFHI-7-800x450.jpg 800w, https:\/\/www.fraterinternacional.org\/wp-content\/uploads\/2020\/07\/AGRICULTURA-REGENERATIVA-CASA-LUZ-DA-COLINA-FFHI-7.jpg 1000w\" sizes=\"(max-width: 600px) 100vw, 600px\" \/><\/a>\n\t\t\t<\/dt><\/dl><dl class='gallery-item'>\n\t\t\t<dt class='gallery-icon landscape'>\n\t\t\t\t<a data-rel=\"iLightbox[postimages]\" data-title=\"AGRICULTURA REGENERATIVA CASA LUZ DA COLINA FFHI 6\" data-caption=\"\" href='https:\/\/www.fraterinternacional.org\/wp-content\/uploads\/2020\/07\/AGRICULTURA-REGENERATIVA-CASA-LUZ-DA-COLINA-FFHI-6.jpg'><img decoding=\"async\" width=\"600\" height=\"338\" src=\"https:\/\/www.fraterinternacional.org\/wp-content\/uploads\/2020\/07\/AGRICULTURA-REGENERATIVA-CASA-LUZ-DA-COLINA-FFHI-6-600x338.jpg\" class=\"attachment-fusion-600 size-fusion-600\" alt=\"Casa Luz da Colina desenvolve projeto de agricultura regenerativa\" srcset=\"https:\/\/www.fraterinternacional.org\/wp-content\/uploads\/2020\/07\/AGRICULTURA-REGENERATIVA-CASA-LUZ-DA-COLINA-FFHI-6-200x113.jpg 200w, https:\/\/www.fraterinternacional.org\/wp-content\/uploads\/2020\/07\/AGRICULTURA-REGENERATIVA-CASA-LUZ-DA-COLINA-FFHI-6-300x169.jpg 300w, https:\/\/www.fraterinternacional.org\/wp-content\/uploads\/2020\/07\/AGRICULTURA-REGENERATIVA-CASA-LUZ-DA-COLINA-FFHI-6-400x225.jpg 400w, https:\/\/www.fraterinternacional.org\/wp-content\/uploads\/2020\/07\/AGRICULTURA-REGENERATIVA-CASA-LUZ-DA-COLINA-FFHI-6-600x338.jpg 600w, https:\/\/www.fraterinternacional.org\/wp-content\/uploads\/2020\/07\/AGRICULTURA-REGENERATIVA-CASA-LUZ-DA-COLINA-FFHI-6-800x450.jpg 800w, https:\/\/www.fraterinternacional.org\/wp-content\/uploads\/2020\/07\/AGRICULTURA-REGENERATIVA-CASA-LUZ-DA-COLINA-FFHI-6.jpg 1000w\" sizes=\"(max-width: 600px) 100vw, 600px\" \/><\/a>\n\t\t\t<\/dt><\/dl><br style=\"clear: both\" \/>\n\t\t<\/div>\n\n<p style=\"text-align: justify;\"><span lang=\"ES\">Con respecto a la donaci\u00f3n de alimentos a la comunidad de bajos ingresos, Tain\u00e1 dice: \u00abCreo que la oferta y la energ\u00eda vital de los alimentos pueden promover relaciones de fraternidad y cuidado, generando esperanza y renovaci\u00f3n para este dif\u00edcil momento que estamos atravesando juntos\u00bb, concluye.<\/span><\/p>\n<p style=\"text-align: justify;\">\n","protected":false},"excerpt":{"rendered":"<p>Casa Luz de la Colina, afiliada a la Fraternidad &#8211; Federaci\u00f3n Internacional Humanitaria (FFHI), est\u00e1 trabajando en un proyecto de [&hellip;]<\/p>\n","protected":false},"author":4,"featured_media":116867,"comment_status":"closed","ping_status":"closed","sticky":false,"template":"","format":"standard","meta":{"footnotes":""},"categories":[173],"tags":[],"class_list":["post-116952","post","type-post","status-publish","format-standard","has-post-thumbnail","hentry","category-noticia"],"yoast_head":"<!-- This site is optimized with the Yoast SEO Premium plugin v21.0 (Yoast SEO v21.0) - https:\/\/yoast.com\/wordpress\/plugins\/seo\/ -->\n<title>Casa Luz de la Colina desarrolla un proyecto de agricultura regenerativa<\/title>\n<meta name=\"description\" content=\"Casa Luz de la Colina, afiliada a la Fraternidad - Federaci\u00f3n Internacional Humanitaria (FFHI), est\u00e1 trabajando en un proyecto de agricultura regenerativa, cuyo objetivo es producir alimentos saludables mientras se regenera el suelo y aumenta la biodiversidad local.\" \/>\n<meta name=\"robots\" content=\"index, follow, max-snippet:-1, max-image-preview:large, max-video-preview:-1\" \/>\n<link rel=\"canonical\" href=\"https:\/\/www.fraterinternacional.org\/es\/casa-luz-de-la-colina-desarrolla-un-proyecto-de-agricultura-regenerativa\/\" \/>\n<meta property=\"og:locale\" content=\"es_ES\" \/>\n<meta property=\"og:type\" content=\"article\" \/>\n<meta property=\"og:title\" content=\"Casa Luz de la Colina desarrolla un proyecto de agricultura regenerativa\" \/>\n<meta property=\"og:description\" content=\"Casa Luz de la Colina, afiliada a la Fraternidad - Federaci\u00f3n Internacional Humanitaria (FFHI), est\u00e1 trabajando en un proyecto de agricultura regenerativa, cuyo objetivo es producir alimentos saludables mientras se regenera el suelo y aumenta la biodiversidad local.\" \/>\n<meta property=\"og:url\" content=\"https:\/\/www.fraterinternacional.org\/es\/casa-luz-de-la-colina-desarrolla-un-proyecto-de-agricultura-regenerativa\/\" \/>\n<meta property=\"og:site_name\" content=\"Fraternidade - Federa\u00e7\u00e3o Humanit\u00e1ria Internacional\" \/>\n<meta property=\"article:publisher\" content=\"https:\/\/www.facebook.com\/fraternidadehumanitaria\" \/>\n<meta property=\"article:published_time\" content=\"2020-08-03T12:37:30+00:00\" \/>\n<meta property=\"og:image\" content=\"https:\/\/www.fraterinternacional.org\/wp-content\/uploads\/2020\/07\/AGRICULTURA-REGENERATIVA-CASA-LUZ-DA-COLINA-FFHI-6.jpg\" \/>\n\t<meta property=\"og:image:width\" content=\"1000\" \/>\n\t<meta property=\"og:image:height\" content=\"563\" \/>\n\t<meta property=\"og:image:type\" content=\"image\/jpeg\" \/>\n<meta name=\"author\" content=\"maducato_admin\" \/>\n<meta name=\"twitter:card\" content=\"summary_large_image\" \/>\n<meta name=\"twitter:creator\" content=\"@fraternidadeFHI\" \/>\n<meta name=\"twitter:site\" content=\"@fraternidadeFHI\" \/>\n<meta name=\"twitter:label1\" content=\"Escrito por\" \/>\n\t<meta name=\"twitter:data1\" content=\"maducato_admin\" \/>\n\t<meta name=\"twitter:label2\" content=\"Tiempo de lectura\" \/>\n\t<meta name=\"twitter:data2\" content=\"2 minutos\" \/>\n<script type=\"application\/ld+json\" class=\"yoast-schema-graph\">{\"@context\":\"https:\/\/schema.org\",\"@graph\":[{\"@type\":\"WebPage\",\"@id\":\"https:\/\/www.fraterinternacional.org\/es\/casa-luz-de-la-colina-desarrolla-un-proyecto-de-agricultura-regenerativa\/\",\"url\":\"https:\/\/www.fraterinternacional.org\/es\/casa-luz-de-la-colina-desarrolla-un-proyecto-de-agricultura-regenerativa\/\",\"name\":\"Casa Luz de la Colina desarrolla un proyecto de agricultura regenerativa\",\"isPartOf\":{\"@id\":\"https:\/\/www.fraterinternacional.org\/es\/#website\"},\"datePublished\":\"2020-08-03T12:37:30+00:00\",\"dateModified\":\"2020-08-03T12:37:30+00:00\",\"author\":{\"@id\":\"https:\/\/www.fraterinternacional.org\/es\/#\/schema\/person\/19cb7a5541fd019768c7fe255d72701e\"},\"description\":\"Casa Luz de la Colina, afiliada a la Fraternidad - Federaci\u00f3n Internacional Humanitaria (FFHI), est\u00e1 trabajando en un proyecto de agricultura regenerativa, cuyo objetivo es producir alimentos saludables mientras se regenera el suelo y aumenta la biodiversidad local.\",\"breadcrumb\":{\"@id\":\"https:\/\/www.fraterinternacional.org\/es\/casa-luz-de-la-colina-desarrolla-un-proyecto-de-agricultura-regenerativa\/#breadcrumb\"},\"inLanguage\":\"es\",\"potentialAction\":[{\"@type\":\"ReadAction\",\"target\":[\"https:\/\/www.fraterinternacional.org\/es\/casa-luz-de-la-colina-desarrolla-un-proyecto-de-agricultura-regenerativa\/\"]}]},{\"@type\":\"BreadcrumbList\",\"@id\":\"https:\/\/www.fraterinternacional.org\/es\/casa-luz-de-la-colina-desarrolla-un-proyecto-de-agricultura-regenerativa\/#breadcrumb\",\"itemListElement\":[{\"@type\":\"ListItem\",\"position\":1,\"name\":\"In\u00edcio\",\"item\":\"https:\/\/www.fraterinternacional.org\/es\/\"},{\"@type\":\"ListItem\",\"position\":2,\"name\":\"Casa Luz de la Colina desarrolla un proyecto de agricultura regenerativa\"}]},{\"@type\":\"WebSite\",\"@id\":\"https:\/\/www.fraterinternacional.org\/es\/#website\",\"url\":\"https:\/\/www.fraterinternacional.org\/es\/\",\"name\":\"Fraternidade - Federa\u00e7\u00e3o Humanit\u00e1ria Internacional\",\"description\":\"Fraternidade - Federa\u00e7\u00e3o Humanit\u00e1ria Internacional\",\"potentialAction\":[{\"@type\":\"SearchAction\",\"target\":{\"@type\":\"EntryPoint\",\"urlTemplate\":\"https:\/\/www.fraterinternacional.org\/es\/?s={search_term_string}\"},\"query-input\":\"required name=search_term_string\"}],\"inLanguage\":\"es\"},{\"@type\":\"Person\",\"@id\":\"https:\/\/www.fraterinternacional.org\/es\/#\/schema\/person\/19cb7a5541fd019768c7fe255d72701e\",\"name\":\"maducato_admin\"}]}<\/script>\n<!-- \/ Yoast SEO Premium plugin. -->","yoast_head_json":{"title":"Casa Luz de la Colina desarrolla un proyecto de agricultura regenerativa","description":"Casa Luz de la Colina, afiliada a la Fraternidad - Federaci\u00f3n Internacional Humanitaria (FFHI), est\u00e1 trabajando en un proyecto de agricultura regenerativa, cuyo objetivo es producir alimentos saludables mientras se regenera el suelo y aumenta la biodiversidad local.","robots":{"index":"index","follow":"follow","max-snippet":"max-snippet:-1","max-image-preview":"max-image-preview:large","max-video-preview":"max-video-preview:-1"},"canonical":"https:\/\/www.fraterinternacional.org\/es\/casa-luz-de-la-colina-desarrolla-un-proyecto-de-agricultura-regenerativa\/","og_locale":"es_ES","og_type":"article","og_title":"Casa Luz de la Colina desarrolla un proyecto de agricultura regenerativa","og_description":"Casa Luz de la Colina, afiliada a la Fraternidad - Federaci\u00f3n Internacional Humanitaria (FFHI), est\u00e1 trabajando en un proyecto de agricultura regenerativa, cuyo objetivo es producir alimentos saludables mientras se regenera el suelo y aumenta la biodiversidad local.","og_url":"https:\/\/www.fraterinternacional.org\/es\/casa-luz-de-la-colina-desarrolla-un-proyecto-de-agricultura-regenerativa\/","og_site_name":"Fraternidade - Federa\u00e7\u00e3o Humanit\u00e1ria Internacional","article_publisher":"https:\/\/www.facebook.com\/fraternidadehumanitaria","article_published_time":"2020-08-03T12:37:30+00:00","og_image":[{"width":1000,"height":563,"url":"https:\/\/www.fraterinternacional.org\/wp-content\/uploads\/2020\/07\/AGRICULTURA-REGENERATIVA-CASA-LUZ-DA-COLINA-FFHI-6.jpg","type":"image\/jpeg"}],"author":"maducato_admin","twitter_card":"summary_large_image","twitter_creator":"@fraternidadeFHI","twitter_site":"@fraternidadeFHI","twitter_misc":{"Escrito por":"maducato_admin","Tiempo de lectura":"2 minutos"},"schema":{"@context":"https:\/\/schema.org","@graph":[{"@type":"WebPage","@id":"https:\/\/www.fraterinternacional.org\/es\/casa-luz-de-la-colina-desarrolla-un-proyecto-de-agricultura-regenerativa\/","url":"https:\/\/www.fraterinternacional.org\/es\/casa-luz-de-la-colina-desarrolla-un-proyecto-de-agricultura-regenerativa\/","name":"Casa Luz de la Colina desarrolla un proyecto de agricultura regenerativa","isPartOf":{"@id":"https:\/\/www.fraterinternacional.org\/es\/#website"},"datePublished":"2020-08-03T12:37:30+00:00","dateModified":"2020-08-03T12:37:30+00:00","author":{"@id":"https:\/\/www.fraterinternacional.org\/es\/#\/schema\/person\/19cb7a5541fd019768c7fe255d72701e"},"description":"Casa Luz de la Colina, afiliada a la Fraternidad - Federaci\u00f3n Internacional Humanitaria (FFHI), est\u00e1 trabajando en un proyecto de agricultura regenerativa, cuyo objetivo es producir alimentos saludables mientras se regenera el suelo y aumenta la biodiversidad local.","breadcrumb":{"@id":"https:\/\/www.fraterinternacional.org\/es\/casa-luz-de-la-colina-desarrolla-un-proyecto-de-agricultura-regenerativa\/#breadcrumb"},"inLanguage":"es","potentialAction":[{"@type":"ReadAction","target":["https:\/\/www.fraterinternacional.org\/es\/casa-luz-de-la-colina-desarrolla-un-proyecto-de-agricultura-regenerativa\/"]}]},{"@type":"BreadcrumbList","@id":"https:\/\/www.fraterinternacional.org\/es\/casa-luz-de-la-colina-desarrolla-un-proyecto-de-agricultura-regenerativa\/#breadcrumb","itemListElement":[{"@type":"ListItem","position":1,"name":"In\u00edcio","item":"https:\/\/www.fraterinternacional.org\/es\/"},{"@type":"ListItem","position":2,"name":"Casa Luz de la Colina desarrolla un proyecto de agricultura regenerativa"}]},{"@type":"WebSite","@id":"https:\/\/www.fraterinternacional.org\/es\/#website","url":"https:\/\/www.fraterinternacional.org\/es\/","name":"Fraternidade - Federa\u00e7\u00e3o Humanit\u00e1ria Internacional","description":"Fraternidade - Federa\u00e7\u00e3o Humanit\u00e1ria Internacional","potentialAction":[{"@type":"SearchAction","target":{"@type":"EntryPoint","urlTemplate":"https:\/\/www.fraterinternacional.org\/es\/?s={search_term_string}"},"query-input":"required name=search_term_string"}],"inLanguage":"es"},{"@type":"Person","@id":"https:\/\/www.fraterinternacional.org\/es\/#\/schema\/person\/19cb7a5541fd019768c7fe255d72701e","name":"maducato_admin"}]}},"_links":{"self":[{"href":"https:\/\/www.fraterinternacional.org\/es\/wp-json\/wp\/v2\/posts\/116952"}],"collection":[{"href":"https:\/\/www.fraterinternacional.org\/es\/wp-json\/wp\/v2\/posts"}],"about":[{"href":"https:\/\/www.fraterinternacional.org\/es\/wp-json\/wp\/v2\/types\/post"}],"author":[{"embeddable":true,"href":"https:\/\/www.fraterinternacional.org\/es\/wp-json\/wp\/v2\/users\/4"}],"replies":[{"embeddable":true,"href":"https:\/\/www.fraterinternacional.org\/es\/wp-json\/wp\/v2\/comments?post=116952"}],"version-history":[{"count":0,"href":"https:\/\/www.fraterinternacional.org\/es\/wp-json\/wp\/v2\/posts\/116952\/revisions"}],"wp:featuredmedia":[{"embeddable":true,"href":"https:\/\/www.fraterinternacional.org\/es\/wp-json\/wp\/v2\/media\/116867"}],"wp:attachment":[{"href":"https:\/\/www.fraterinternacional.org\/es\/wp-json\/wp\/v2\/media?parent=116952"}],"wp:term":[{"taxonomy":"category","embeddable":true,"href":"https:\/\/www.fraterinternacional.org\/es\/wp-json\/wp\/v2\/categories?post=116952"},{"taxonomy":"post_tag","embeddable":true,"href":"https:\/\/www.fraterinternacional.org\/es\/wp-json\/wp\/v2\/tags?post=116952"}],"curies":[{"name":"wp","href":"https:\/\/api.w.org\/{rel}","templated":true}]}}