{"id":116402,"date":"2020-07-14T09:27:12","date_gmt":"2020-07-14T12:27:12","guid":{"rendered":"https:\/\/www.fraterinternacional.org\/?p=116402"},"modified":"2020-07-14T09:27:12","modified_gmt":"2020-07-14T12:27:12","slug":"adopcion-de-perros-caminos-hacia-la-nueva-humanidad","status":"publish","type":"post","link":"https:\/\/www.fraterinternacional.org\/es\/adopcion-de-perros-caminos-hacia-la-nueva-humanidad\/","title":{"rendered":"Adopci\u00f3n de perros: caminos hacia la nueva humanidad"},"content":{"rendered":"<h3 style=\"text-align: justify;\">El despertar de la consciencia para la protecci\u00f3n de todos los Reinos de la Naturaleza<\/h3>\n<p style=\"text-align: justify;\">\u00bfHa considerado adoptar un perro? \u00bfTransformar casos de abandono y dolor en historias de amor? La comercializaci\u00f3n de animales por parte de la industria de las mascotas produce anualmente denuncias de varias crueldades, como la procreaci\u00f3n exhaustiva de las hembras, los cachorros sacrificados para la selecci\u00f3n de las caracter\u00edsticas de la raza y \u00a0maltrato, con el objetivo de obtener ganancias a trav\u00e9s de vidas. Para equilibrar estos efectos, la adopci\u00f3n ayuda a despertar la visi\u00f3n amorosa, as\u00ed como a reducir nuevos abandonos y cr\u00edmenes.<\/p>\n<div id=\"attachment_116293\" style=\"width: 789px\" class=\"wp-caption aligncenter\"><a href=\"https:\/\/www.fraterinternacional.org\/wp-content\/uploads\/2020\/07\/ADOC\u0327A\u0303O-CA\u0303ES-PARQUE-FRANCISCO-DE-ASSIS-FFHI-1-e1594293655215.jpg\"><img decoding=\"async\" aria-describedby=\"caption-attachment-116293\" class=\"size-full wp-image-116293\" src=\"https:\/\/www.fraterinternacional.org\/wp-content\/uploads\/2020\/07\/ADOC\u0327A\u0303O-CA\u0303ES-PARQUE-FRANCISCO-DE-ASSIS-FFHI-1-e1594293655215.jpg\" alt=\"Ado\u00e7\u00e3o de c\u00e3es\" width=\"779\" height=\"553\" srcset=\"https:\/\/www.fraterinternacional.org\/wp-content\/uploads\/2020\/07\/ADOC\u0327A\u0303O-CA\u0303ES-PARQUE-FRANCISCO-DE-ASSIS-FFHI-1-e1594293655215-200x142.jpg 200w, https:\/\/www.fraterinternacional.org\/wp-content\/uploads\/2020\/07\/ADOC\u0327A\u0303O-CA\u0303ES-PARQUE-FRANCISCO-DE-ASSIS-FFHI-1-e1594293655215-300x214.jpg 300w, https:\/\/www.fraterinternacional.org\/wp-content\/uploads\/2020\/07\/ADOC\u0327A\u0303O-CA\u0303ES-PARQUE-FRANCISCO-DE-ASSIS-FFHI-1-e1594293655215-400x284.jpg 400w, https:\/\/www.fraterinternacional.org\/wp-content\/uploads\/2020\/07\/ADOC\u0327A\u0303O-CA\u0303ES-PARQUE-FRANCISCO-DE-ASSIS-FFHI-1-e1594293655215-600x426.jpg 600w, https:\/\/www.fraterinternacional.org\/wp-content\/uploads\/2020\/07\/ADOC\u0327A\u0303O-CA\u0303ES-PARQUE-FRANCISCO-DE-ASSIS-FFHI-1-e1594293655215.jpg 779w\" sizes=\"(max-width: 779px) 100vw, 779px\" \/><\/a><p id=\"caption-attachment-116293\" class=\"wp-caption-text\">Elda, adoptante de Z\u00e9 Peque\u00f1o (o Cid, para los m\u00e1s \u00edntimos)<\/p><\/div>\n<p style=\"text-align: justify;\"><span lang=\"ES\">Al completar, en 2020, 10 a\u00f1os de servicio en este segmento de asistencia, el\u00a0<strong><a href=\"http:\/\/www.parquefranciscodeassis.com.br\/\" target=\"_blank\" rel=\"noopener noreferrer\">Parque Francisco de Assis<\/a><\/strong>, en el momento de la Sociedad Lavrense para la Protecci\u00f3n de Animales, transform\u00f3 un antiguo matadero de animales, bordeando un arroyo, en un verdadero refugio para la recuperaci\u00f3n y transici\u00f3n de nuestros hermanos de cuatro patas. Adem\u00e1s de la renovaci\u00f3n de la estructura f\u00edsica, tambi\u00e9n reforest\u00f3 el \u00c1rea de Protecci\u00f3n Permanente &#8211; APP, integrando al proyecto varios frentes de tareas sostenibles. Los\u00a0fondos\u00a0 para manutenci\u00f3n\u00a0provienen de donaciones espont\u00e1neas, un acuerdo con el ayuntamiento, rifas, bazares, trabajo voluntario, adem\u00e1s de la venta del libro\u00a0<\/span><a href=\"https:\/\/www.irdin.org.br\/site\/produtos\/viver-o-amor-aos-caes-parque-francisco-de-assis\/\" target=\"_blank\" rel=\"noopener noreferrer\"><strong>Vivir el Amor a los Perros<\/strong><\/a><span lang=\"ES\">, escrito por Ana Regina Nogueira e inspirado en el trabajo realizado en el Parque.<\/span><\/p>\n<div id=\"attachment_116299\" style=\"width: 730px\" class=\"wp-caption aligncenter\"><a href=\"https:\/\/www.fraterinternacional.org\/wp-content\/uploads\/2020\/07\/ADOC\u0327A\u0303O-CA\u0303ES-PARQUE-FRANCISCO-DE-ASSIS-FFHI-3..jpg\"><img decoding=\"async\" aria-describedby=\"caption-attachment-116299\" class=\"size-full wp-image-116299\" src=\"https:\/\/www.fraterinternacional.org\/wp-content\/uploads\/2020\/07\/ADOC\u0327A\u0303O-CA\u0303ES-PARQUE-FRANCISCO-DE-ASSIS-FFHI-3..jpg\" alt=\"Ado\u00e7\u00e3o de c\u00e3es\" width=\"720\" height=\"720\" srcset=\"https:\/\/www.fraterinternacional.org\/wp-content\/uploads\/2020\/07\/ADOC\u0327A\u0303O-CA\u0303ES-PARQUE-FRANCISCO-DE-ASSIS-FFHI-3.-150x150.jpg 150w, https:\/\/www.fraterinternacional.org\/wp-content\/uploads\/2020\/07\/ADOC\u0327A\u0303O-CA\u0303ES-PARQUE-FRANCISCO-DE-ASSIS-FFHI-3.-200x200.jpg 200w, https:\/\/www.fraterinternacional.org\/wp-content\/uploads\/2020\/07\/ADOC\u0327A\u0303O-CA\u0303ES-PARQUE-FRANCISCO-DE-ASSIS-FFHI-3.-300x300.jpg 300w, https:\/\/www.fraterinternacional.org\/wp-content\/uploads\/2020\/07\/ADOC\u0327A\u0303O-CA\u0303ES-PARQUE-FRANCISCO-DE-ASSIS-FFHI-3.-400x400.jpg 400w, https:\/\/www.fraterinternacional.org\/wp-content\/uploads\/2020\/07\/ADOC\u0327A\u0303O-CA\u0303ES-PARQUE-FRANCISCO-DE-ASSIS-FFHI-3.-600x600.jpg 600w, https:\/\/www.fraterinternacional.org\/wp-content\/uploads\/2020\/07\/ADOC\u0327A\u0303O-CA\u0303ES-PARQUE-FRANCISCO-DE-ASSIS-FFHI-3..jpg 720w\" sizes=\"(max-width: 720px) 100vw, 720px\" \/><\/a><p id=\"caption-attachment-116299\" class=\"wp-caption-text\">Las historias de dolor y sufrimiento se transforman a trav\u00e9s del amor y del cuidado.<\/p><\/div>\n<p style=\"font-weight: 400; text-align: justify;\">Los coordinadores del proyecto, Agulucia Amarante, Lenilce Gomide y Patr\u00edcia Arriel, comparten las tareas que se hicieron a\u00fan m\u00e1s intensas este a\u00f1o debido a la pandemia de Covid-19. \u201cNecesitamos demasiado de las donaciones para mantenimiento, que es muy complejo, y la adopci\u00f3n de perros es fundamental, es lo que completa el ciclo de la existencia del Parque. Tenemos que ser un lugar de recuperaci\u00f3n y de paso, no el hogar definitivo \u201d, explica Patr\u00edcia.<\/p>\n<p style=\"font-weight: 400; text-align: justify;\">La feria de adopci\u00f3n semanal, que sol\u00eda celebrarse en la plaza central, ahora pas\u00f3 a ser virtual. Elvira Alves Braz voluntaria responsable de las adopciones durante seis a\u00f1os, ya estaba pensando en crear algo en las redes sociales, y en ese per\u00edodo puso en pr\u00e1ctica<a href=\"https:\/\/www.facebook.com\/adotaparque\/\">\u00a0<strong>Adopta Parque<\/strong><\/a>. Con lenguaje del universo de las mascotas, todos los perros obtienen nombres cari\u00f1osos y se acercan a los que buscan un amigo. Las fotos y las historias tambi\u00e9n atraen a personas que viven lejos, expandiendo enormemente el alcance de la tarea.<\/p>\n<p style=\"font-weight: 400; text-align: justify;\">A trav\u00e9s de las divulgaciones de Adopta Parque, hubo un aumento inmediato en las adopciones, principalmente de otros estados, adem\u00e1s de ser una forma divertida de contar los desaf\u00edos y el d\u00eda a d\u00eda del refugio, conscientizando\u00a0 a m\u00e1s personas de la importancia de apoyar proyectos como este en lugar de comprar una animal dom\u00e9stico.<\/p>\n<div id=\"attachment_116311\" style=\"width: 730px\" class=\"wp-caption aligncenter\"><a href=\"https:\/\/www.fraterinternacional.org\/wp-content\/uploads\/2020\/07\/ADOC\u0327A\u0303O-CA\u0303ES-PARQUE-FRANCISCO-DE-ASSIS-FFHI-8.jpg\"><img decoding=\"async\" aria-describedby=\"caption-attachment-116311\" class=\"size-full wp-image-116311\" src=\"https:\/\/www.fraterinternacional.org\/wp-content\/uploads\/2020\/07\/ADOC\u0327A\u0303O-CA\u0303ES-PARQUE-FRANCISCO-DE-ASSIS-FFHI-8.jpg\" alt=\"Ado\u00e7\u00e3o de c\u00e3es\" width=\"720\" height=\"720\" srcset=\"https:\/\/www.fraterinternacional.org\/wp-content\/uploads\/2020\/07\/ADOC\u0327A\u0303O-CA\u0303ES-PARQUE-FRANCISCO-DE-ASSIS-FFHI-8-150x150.jpg 150w, https:\/\/www.fraterinternacional.org\/wp-content\/uploads\/2020\/07\/ADOC\u0327A\u0303O-CA\u0303ES-PARQUE-FRANCISCO-DE-ASSIS-FFHI-8-200x200.jpg 200w, https:\/\/www.fraterinternacional.org\/wp-content\/uploads\/2020\/07\/ADOC\u0327A\u0303O-CA\u0303ES-PARQUE-FRANCISCO-DE-ASSIS-FFHI-8-300x300.jpg 300w, https:\/\/www.fraterinternacional.org\/wp-content\/uploads\/2020\/07\/ADOC\u0327A\u0303O-CA\u0303ES-PARQUE-FRANCISCO-DE-ASSIS-FFHI-8-400x400.jpg 400w, https:\/\/www.fraterinternacional.org\/wp-content\/uploads\/2020\/07\/ADOC\u0327A\u0303O-CA\u0303ES-PARQUE-FRANCISCO-DE-ASSIS-FFHI-8-600x600.jpg 600w, https:\/\/www.fraterinternacional.org\/wp-content\/uploads\/2020\/07\/ADOC\u0327A\u0303O-CA\u0303ES-PARQUE-FRANCISCO-DE-ASSIS-FFHI-8.jpg 720w\" sizes=\"(max-width: 720px) 100vw, 720px\" \/><\/a><p id=\"caption-attachment-116311\" class=\"wp-caption-text\">El lenguaje divertido en las redes sociales atrae a los adoptantes de todo Brasil<\/p><\/div>\n<p style=\"text-align: justify;\">\u201cCuando llego al parque, los perros se escapan de m\u00ed (risas), porque saben que voy a tomar una foto y revisar todo; llevo una bolsa llena de disfraces para crear los personajes que cuentan lo que le pas\u00f3 cada uno, intento mostrarlo de una manera divertida \u201d, dice Elvira. Y as\u00ed fue con todas las adopciones desde que la p\u00e1gina sali\u00f3 al aire. \u00abA trav\u00e9s de la p\u00e1gina, se crea una conexi\u00f3n emocional entre las partes interesadas, la decisi\u00f3n de adoptar se lleva a cabo de manera m\u00e1s consciente y no por impulso, como a veces ocurri\u00f3 en la feria\u00bb, explica la voluntaria.<\/p>\n<div id=\"attachment_116305\" style=\"width: 730px\" class=\"wp-caption aligncenter\"><a href=\"https:\/\/www.fraterinternacional.org\/wp-content\/uploads\/2020\/07\/ADOC\u0327A\u0303O-CA\u0303ES-PARQUE-FRANCISCO-DE-ASSIS-FFHI-6.jpg\"><img decoding=\"async\" aria-describedby=\"caption-attachment-116305\" class=\"size-full wp-image-116305\" src=\"https:\/\/www.fraterinternacional.org\/wp-content\/uploads\/2020\/07\/ADOC\u0327A\u0303O-CA\u0303ES-PARQUE-FRANCISCO-DE-ASSIS-FFHI-6.jpg\" alt=\"Ado\u00e7\u00e3o de c\u00e3es\" width=\"720\" height=\"606\" srcset=\"https:\/\/www.fraterinternacional.org\/wp-content\/uploads\/2020\/07\/ADOC\u0327A\u0303O-CA\u0303ES-PARQUE-FRANCISCO-DE-ASSIS-FFHI-6-200x168.jpg 200w, https:\/\/www.fraterinternacional.org\/wp-content\/uploads\/2020\/07\/ADOC\u0327A\u0303O-CA\u0303ES-PARQUE-FRANCISCO-DE-ASSIS-FFHI-6-300x253.jpg 300w, https:\/\/www.fraterinternacional.org\/wp-content\/uploads\/2020\/07\/ADOC\u0327A\u0303O-CA\u0303ES-PARQUE-FRANCISCO-DE-ASSIS-FFHI-6-400x337.jpg 400w, https:\/\/www.fraterinternacional.org\/wp-content\/uploads\/2020\/07\/ADOC\u0327A\u0303O-CA\u0303ES-PARQUE-FRANCISCO-DE-ASSIS-FFHI-6-600x505.jpg 600w, https:\/\/www.fraterinternacional.org\/wp-content\/uploads\/2020\/07\/ADOC\u0327A\u0303O-CA\u0303ES-PARQUE-FRANCISCO-DE-ASSIS-FFHI-6.jpg 720w\" sizes=\"(max-width: 720px) 100vw, 720px\" \/><\/a><p id=\"caption-attachment-116305\" class=\"wp-caption-text\">Creiton posando, esperando a su adoptante<\/p><\/div>\n<p style=\"font-weight: 400; text-align: justify;\">Hace tres meses, la adopci\u00f3n de Z\u00e9 Peque\u00f1o, bautizado por la nueva familia como Alcides (o Cid, para los m\u00e1s cercanos a \u00e9l), dej\u00f3 a todos en el Parque encantados. Lleg\u00f3 por el mutir\u00e3o de castraci\u00f3n del ayuntamiento, siendo a\u00fan un cachorro. Cojeaba, recibi\u00f3 toda la atenci\u00f3n, pero nada lo curaba. Luego los veterinarios hicieron una radiograf\u00eda y descubrieron balas de perdigones alojadas en la pata; lesiones graves que llevaron a la amputaci\u00f3n, lo que gener\u00f3 una campa\u00f1a especial para financiar la cirug\u00eda.<\/p>\n<p style=\"font-weight: 400; text-align: justify;\">Despu\u00e9s del procedimiento, Cid encontr\u00f3 a la adoptante Elda Bonilha, quien inmediatamente se ofreci\u00f3 a acogerlo durante todo el proceso de recuperaci\u00f3n. Elda tambi\u00e9n hab\u00eda adoptado otros perros con discapacidades. \u201cDespu\u00e9s de tanto dolor y de haber sufrido la crueldad de los seres humanos, encontr\u00f3 un nuevo hogar, lleno de amigos adoptados en el Parque y en otros refugios, como Pingo y Lilica, adem\u00e1s de Kiki, que no camina. La casa de Elda parece un refugio para\u00a0lisiados\u00a0de guerras \u00ab, bromea Elvira.<\/p>\n<div id=\"attachment_116296\" style=\"width: 778px\" class=\"wp-caption aligncenter\"><a href=\"https:\/\/www.fraterinternacional.org\/wp-content\/uploads\/2020\/07\/ADOC\u0327A\u0303O-CA\u0303ES-PARQUE-FRANCISCO-DE-ASSIS-FFHI-2.jpg\"><img decoding=\"async\" aria-describedby=\"caption-attachment-116296\" class=\"size-full wp-image-116296\" src=\"https:\/\/www.fraterinternacional.org\/wp-content\/uploads\/2020\/07\/ADOC\u0327A\u0303O-CA\u0303ES-PARQUE-FRANCISCO-DE-ASSIS-FFHI-2.jpg\" alt=\"Ado\u00e7\u00e3o de c\u00e3es\" width=\"768\" height=\"768\" srcset=\"https:\/\/www.fraterinternacional.org\/wp-content\/uploads\/2020\/07\/ADOC\u0327A\u0303O-CA\u0303ES-PARQUE-FRANCISCO-DE-ASSIS-FFHI-2-150x150.jpg 150w, https:\/\/www.fraterinternacional.org\/wp-content\/uploads\/2020\/07\/ADOC\u0327A\u0303O-CA\u0303ES-PARQUE-FRANCISCO-DE-ASSIS-FFHI-2-200x200.jpg 200w, https:\/\/www.fraterinternacional.org\/wp-content\/uploads\/2020\/07\/ADOC\u0327A\u0303O-CA\u0303ES-PARQUE-FRANCISCO-DE-ASSIS-FFHI-2-300x300.jpg 300w, https:\/\/www.fraterinternacional.org\/wp-content\/uploads\/2020\/07\/ADOC\u0327A\u0303O-CA\u0303ES-PARQUE-FRANCISCO-DE-ASSIS-FFHI-2-400x400.jpg 400w, https:\/\/www.fraterinternacional.org\/wp-content\/uploads\/2020\/07\/ADOC\u0327A\u0303O-CA\u0303ES-PARQUE-FRANCISCO-DE-ASSIS-FFHI-2-600x600.jpg 600w, https:\/\/www.fraterinternacional.org\/wp-content\/uploads\/2020\/07\/ADOC\u0327A\u0303O-CA\u0303ES-PARQUE-FRANCISCO-DE-ASSIS-FFHI-2.jpg 768w\" sizes=\"(max-width: 768px) 100vw, 768px\" \/><\/a><p id=\"caption-attachment-116296\" class=\"wp-caption-text\">Cid sobrevivi\u00f3 al abuso humano y ahora est\u00e1 feliz<\/p><\/div>\n<p style=\"text-align: justify;\"><span lang=\"ES\">La integraci\u00f3n arm\u00f3nica entre todos los Reinos de la Naturaleza es una de las principales obras que la\u00a0<\/span><strong><a href=\"https:\/\/www.fraterinternacional.org\/es\/\" target=\"_blank\" rel=\"noopener noreferrer\">Fraternidad -Federaci\u00f3n Humanitaria Internacional (FFHI)<\/a><\/strong>\u00a0<span lang=\"ES\">viene apoyando a lo largo de m\u00e1s de 30 a\u00f1os de dedicaci\u00f3n al despertar del servicio abnegado y al nacimiento de la Nueva Humanidad en la Tierra. \u201cTransformar \u00e1reas y situaciones de conflicto en grandes escuelas de servicio y aprendizaje fue el deseo de Trigueirinho\u201d, recuerda Patr\u00edcia de un comentario del querido instructor durante una visita al Parque, quien siempre hablaba a todos sobre la importancia de este servicio.<\/span><\/p>\n\n\t\t<style type=\"text\/css\">\n\t\t\t#gallery-1 {\n\t\t\t\tmargin: auto;\n\t\t\t}\n\t\t\t#gallery-1 .gallery-item {\n\t\t\t\tfloat: left;\n\t\t\t\tmargin-top: 10px;\n\t\t\t\ttext-align: center;\n\t\t\t\twidth: 50%;\n\t\t\t}\n\t\t\t#gallery-1 img {\n\t\t\t\tborder: 2px solid #cfcfcf;\n\t\t\t}\n\t\t\t#gallery-1 .gallery-caption {\n\t\t\t\tmargin-left: 0;\n\t\t\t}\n\t\t\t\/* see gallery_shortcode() in wp-includes\/media.php *\/\n\t\t<\/style>\n\t\t<div id='gallery-1' class='gallery galleryid-116402 gallery-columns-2 gallery-size-fusion-600'><dl class='gallery-item'>\n\t\t\t<dt class='gallery-icon portrait'>\n\t\t\t\t<a data-rel=\"iLightbox[postimages]\" data-title=\"ADOC\u0327A\u0303O CA\u0303ES PARQUE FRANCISCO DE ASSIS FFHI 7\" data-caption=\"\" href='https:\/\/www.fraterinternacional.org\/es\/adopcion-de-perros-caminos-hacia-la-nueva-humanidad\/adoc%cc%a7a%cc%83o-ca%cc%83es-parque-francisco-de-assis-ffhi-7-2\/'><img decoding=\"async\" width=\"600\" height=\"1066\" src=\"https:\/\/www.fraterinternacional.org\/wp-content\/uploads\/2020\/07\/ADOC\u0327A\u0303O-CA\u0303ES-PARQUE-FRANCISCO-DE-ASSIS-FFHI-7-600x1066.jpg\" class=\"attachment-fusion-600 size-fusion-600\" alt=\"Ado\u00e7\u00e3o de c\u00e3es\" srcset=\"https:\/\/www.fraterinternacional.org\/wp-content\/uploads\/2020\/07\/ADOC\u0327A\u0303O-CA\u0303ES-PARQUE-FRANCISCO-DE-ASSIS-FFHI-7-169x300.jpg 169w, https:\/\/www.fraterinternacional.org\/wp-content\/uploads\/2020\/07\/ADOC\u0327A\u0303O-CA\u0303ES-PARQUE-FRANCISCO-DE-ASSIS-FFHI-7-200x355.jpg 200w, https:\/\/www.fraterinternacional.org\/wp-content\/uploads\/2020\/07\/ADOC\u0327A\u0303O-CA\u0303ES-PARQUE-FRANCISCO-DE-ASSIS-FFHI-7-400x711.jpg 400w, https:\/\/www.fraterinternacional.org\/wp-content\/uploads\/2020\/07\/ADOC\u0327A\u0303O-CA\u0303ES-PARQUE-FRANCISCO-DE-ASSIS-FFHI-7-576x1024.jpg 576w, https:\/\/www.fraterinternacional.org\/wp-content\/uploads\/2020\/07\/ADOC\u0327A\u0303O-CA\u0303ES-PARQUE-FRANCISCO-DE-ASSIS-FFHI-7-600x1066.jpg 600w, https:\/\/www.fraterinternacional.org\/wp-content\/uploads\/2020\/07\/ADOC\u0327A\u0303O-CA\u0303ES-PARQUE-FRANCISCO-DE-ASSIS-FFHI-7.jpg 720w\" sizes=\"(max-width: 600px) 100vw, 600px\" \/><\/a>\n\t\t\t<\/dt><\/dl><dl class='gallery-item'>\n\t\t\t<dt class='gallery-icon landscape'>\n\t\t\t\t<a data-rel=\"iLightbox[postimages]\" data-title=\"ADOC\u0327A\u0303O CA\u0303ES PARQUE FRANCISCO DE ASSIS FFHI 4.\" data-caption=\"\" href='https:\/\/www.fraterinternacional.org\/es\/adopcion-de-perros-caminos-hacia-la-nueva-humanidad\/adoc%cc%a7a%cc%83o-ca%cc%83es-parque-francisco-de-assis-ffhi-4-2\/'><img decoding=\"async\" width=\"600\" height=\"600\" src=\"https:\/\/www.fraterinternacional.org\/wp-content\/uploads\/2020\/07\/ADOC\u0327A\u0303O-CA\u0303ES-PARQUE-FRANCISCO-DE-ASSIS-FFHI-4.-600x600.jpg\" class=\"attachment-fusion-600 size-fusion-600\" alt=\"Ado\u00e7\u00e3o de c\u00e3es\" srcset=\"https:\/\/www.fraterinternacional.org\/wp-content\/uploads\/2020\/07\/ADOC\u0327A\u0303O-CA\u0303ES-PARQUE-FRANCISCO-DE-ASSIS-FFHI-4.-150x150.jpg 150w, https:\/\/www.fraterinternacional.org\/wp-content\/uploads\/2020\/07\/ADOC\u0327A\u0303O-CA\u0303ES-PARQUE-FRANCISCO-DE-ASSIS-FFHI-4.-200x200.jpg 200w, https:\/\/www.fraterinternacional.org\/wp-content\/uploads\/2020\/07\/ADOC\u0327A\u0303O-CA\u0303ES-PARQUE-FRANCISCO-DE-ASSIS-FFHI-4.-300x300.jpg 300w, https:\/\/www.fraterinternacional.org\/wp-content\/uploads\/2020\/07\/ADOC\u0327A\u0303O-CA\u0303ES-PARQUE-FRANCISCO-DE-ASSIS-FFHI-4.-400x400.jpg 400w, https:\/\/www.fraterinternacional.org\/wp-content\/uploads\/2020\/07\/ADOC\u0327A\u0303O-CA\u0303ES-PARQUE-FRANCISCO-DE-ASSIS-FFHI-4.-600x600.jpg 600w, https:\/\/www.fraterinternacional.org\/wp-content\/uploads\/2020\/07\/ADOC\u0327A\u0303O-CA\u0303ES-PARQUE-FRANCISCO-DE-ASSIS-FFHI-4..jpg 720w\" sizes=\"(max-width: 600px) 100vw, 600px\" \/><\/a>\n\t\t\t<\/dt><\/dl><br style=\"clear: both\" \/>\n\t\t<\/div>\n\n","protected":false},"excerpt":{"rendered":"<p>El despertar de la consciencia para la protecci\u00f3n de todos los Reinos de la Naturaleza \u00bfHa considerado adoptar un perro? [&hellip;]<\/p>\n","protected":false},"author":4,"featured_media":116304,"comment_status":"closed","ping_status":"closed","sticky":false,"template":"","format":"standard","meta":{"footnotes":""},"categories":[173],"tags":[4276],"class_list":["post-116402","post","type-post","status-publish","format-standard","has-post-thumbnail","hentry","category-noticia","tag-amor-e-servico-aos-reinos-es"],"yoast_head":"<!-- This site is optimized with the Yoast SEO Premium plugin v21.0 (Yoast SEO v21.0) - https:\/\/yoast.com\/wordpress\/plugins\/seo\/ -->\n<title>Adopci\u00f3n de perros: caminos hacia la nueva humanidad<\/title>\n<meta name=\"description\" content=\"\u00bfHa considerado adoptar un perro? \u00bfTransformar casos de abandono y dolor en historias de amor? La comercializaci\u00f3n de animales por parte de la industria de las mascotas produce anualmente denuncias de varias crueldades, como la procreaci\u00f3n exhaustiva de las hembras, los cachorros sacrificados para la selecci\u00f3n de las caracter\u00edsticas de la raza y maltrato, con el objetivo de obtener ganancias a trav\u00e9s de vidas. Para equilibrar estos efectos, la adopci\u00f3n ayuda a despertar la visi\u00f3n amorosa, as\u00ed como a reducir nuevos abandonos y cr\u00edmenes.\" \/>\n<meta name=\"robots\" content=\"index, follow, max-snippet:-1, max-image-preview:large, max-video-preview:-1\" \/>\n<link rel=\"canonical\" href=\"https:\/\/www.fraterinternacional.org\/es\/adopcion-de-perros-caminos-hacia-la-nueva-humanidad\/\" \/>\n<meta property=\"og:locale\" content=\"es_ES\" \/>\n<meta property=\"og:type\" content=\"article\" \/>\n<meta property=\"og:title\" content=\"Adopci\u00f3n de perros: caminos hacia la nueva humanidad\" \/>\n<meta property=\"og:description\" content=\"\u00bfHa considerado adoptar un perro? \u00bfTransformar casos de abandono y dolor en historias de amor? La comercializaci\u00f3n de animales por parte de la industria de las mascotas produce anualmente denuncias de varias crueldades, como la procreaci\u00f3n exhaustiva de las hembras, los cachorros sacrificados para la selecci\u00f3n de las caracter\u00edsticas de la raza y maltrato, con el objetivo de obtener ganancias a trav\u00e9s de vidas. Para equilibrar estos efectos, la adopci\u00f3n ayuda a despertar la visi\u00f3n amorosa, as\u00ed como a reducir nuevos abandonos y cr\u00edmenes.\" \/>\n<meta property=\"og:url\" content=\"https:\/\/www.fraterinternacional.org\/es\/adopcion-de-perros-caminos-hacia-la-nueva-humanidad\/\" \/>\n<meta property=\"og:site_name\" content=\"Fraternidade - Federa\u00e7\u00e3o Humanit\u00e1ria Internacional\" \/>\n<meta property=\"article:publisher\" content=\"https:\/\/www.facebook.com\/fraternidadehumanitaria\" \/>\n<meta property=\"article:published_time\" content=\"2020-07-14T12:27:12+00:00\" \/>\n<meta property=\"og:image\" content=\"https:\/\/www.fraterinternacional.org\/wp-content\/uploads\/2020\/07\/ADOC\u0327A\u0303O-CA\u0303ES-PARQUE-FRANCISCO-DE-ASSIS-FFHI-4..jpg\" \/>\n\t<meta property=\"og:image:width\" content=\"720\" \/>\n\t<meta property=\"og:image:height\" content=\"720\" \/>\n\t<meta property=\"og:image:type\" content=\"image\/jpeg\" \/>\n<meta name=\"author\" content=\"maducato_admin\" \/>\n<meta name=\"twitter:card\" content=\"summary_large_image\" \/>\n<meta name=\"twitter:creator\" content=\"@fraternidadeFHI\" \/>\n<meta name=\"twitter:site\" content=\"@fraternidadeFHI\" \/>\n<meta name=\"twitter:label1\" content=\"Escrito por\" \/>\n\t<meta name=\"twitter:data1\" content=\"maducato_admin\" \/>\n\t<meta name=\"twitter:label2\" content=\"Tiempo de lectura\" \/>\n\t<meta name=\"twitter:data2\" content=\"5 minutos\" \/>\n<script type=\"application\/ld+json\" class=\"yoast-schema-graph\">{\"@context\":\"https:\/\/schema.org\",\"@graph\":[{\"@type\":\"WebPage\",\"@id\":\"https:\/\/www.fraterinternacional.org\/es\/adopcion-de-perros-caminos-hacia-la-nueva-humanidad\/\",\"url\":\"https:\/\/www.fraterinternacional.org\/es\/adopcion-de-perros-caminos-hacia-la-nueva-humanidad\/\",\"name\":\"Adopci\u00f3n de perros: caminos hacia la nueva humanidad\",\"isPartOf\":{\"@id\":\"https:\/\/www.fraterinternacional.org\/es\/#website\"},\"datePublished\":\"2020-07-14T12:27:12+00:00\",\"dateModified\":\"2020-07-14T12:27:12+00:00\",\"author\":{\"@id\":\"https:\/\/www.fraterinternacional.org\/es\/#\/schema\/person\/19cb7a5541fd019768c7fe255d72701e\"},\"description\":\"\u00bfHa considerado adoptar un perro? \u00bfTransformar casos de abandono y dolor en historias de amor? La comercializaci\u00f3n de animales por parte de la industria de las mascotas produce anualmente denuncias de varias crueldades, como la procreaci\u00f3n exhaustiva de las hembras, los cachorros sacrificados para la selecci\u00f3n de las caracter\u00edsticas de la raza y maltrato, con el objetivo de obtener ganancias a trav\u00e9s de vidas. Para equilibrar estos efectos, la adopci\u00f3n ayuda a despertar la visi\u00f3n amorosa, as\u00ed como a reducir nuevos abandonos y cr\u00edmenes.\",\"breadcrumb\":{\"@id\":\"https:\/\/www.fraterinternacional.org\/es\/adopcion-de-perros-caminos-hacia-la-nueva-humanidad\/#breadcrumb\"},\"inLanguage\":\"es\",\"potentialAction\":[{\"@type\":\"ReadAction\",\"target\":[\"https:\/\/www.fraterinternacional.org\/es\/adopcion-de-perros-caminos-hacia-la-nueva-humanidad\/\"]}]},{\"@type\":\"BreadcrumbList\",\"@id\":\"https:\/\/www.fraterinternacional.org\/es\/adopcion-de-perros-caminos-hacia-la-nueva-humanidad\/#breadcrumb\",\"itemListElement\":[{\"@type\":\"ListItem\",\"position\":1,\"name\":\"In\u00edcio\",\"item\":\"https:\/\/www.fraterinternacional.org\/es\/\"},{\"@type\":\"ListItem\",\"position\":2,\"name\":\"Adopci\u00f3n de perros: caminos hacia la nueva humanidad\"}]},{\"@type\":\"WebSite\",\"@id\":\"https:\/\/www.fraterinternacional.org\/es\/#website\",\"url\":\"https:\/\/www.fraterinternacional.org\/es\/\",\"name\":\"Fraternidade - Federa\u00e7\u00e3o Humanit\u00e1ria Internacional\",\"description\":\"Fraternidade - Federa\u00e7\u00e3o Humanit\u00e1ria Internacional\",\"potentialAction\":[{\"@type\":\"SearchAction\",\"target\":{\"@type\":\"EntryPoint\",\"urlTemplate\":\"https:\/\/www.fraterinternacional.org\/es\/?s={search_term_string}\"},\"query-input\":\"required name=search_term_string\"}],\"inLanguage\":\"es\"},{\"@type\":\"Person\",\"@id\":\"https:\/\/www.fraterinternacional.org\/es\/#\/schema\/person\/19cb7a5541fd019768c7fe255d72701e\",\"name\":\"maducato_admin\"}]}<\/script>\n<!-- \/ Yoast SEO Premium plugin. -->","yoast_head_json":{"title":"Adopci\u00f3n de perros: caminos hacia la nueva humanidad","description":"\u00bfHa considerado adoptar un perro? \u00bfTransformar casos de abandono y dolor en historias de amor? La comercializaci\u00f3n de animales por parte de la industria de las mascotas produce anualmente denuncias de varias crueldades, como la procreaci\u00f3n exhaustiva de las hembras, los cachorros sacrificados para la selecci\u00f3n de las caracter\u00edsticas de la raza y maltrato, con el objetivo de obtener ganancias a trav\u00e9s de vidas. Para equilibrar estos efectos, la adopci\u00f3n ayuda a despertar la visi\u00f3n amorosa, as\u00ed como a reducir nuevos abandonos y cr\u00edmenes.","robots":{"index":"index","follow":"follow","max-snippet":"max-snippet:-1","max-image-preview":"max-image-preview:large","max-video-preview":"max-video-preview:-1"},"canonical":"https:\/\/www.fraterinternacional.org\/es\/adopcion-de-perros-caminos-hacia-la-nueva-humanidad\/","og_locale":"es_ES","og_type":"article","og_title":"Adopci\u00f3n de perros: caminos hacia la nueva humanidad","og_description":"\u00bfHa considerado adoptar un perro? \u00bfTransformar casos de abandono y dolor en historias de amor? La comercializaci\u00f3n de animales por parte de la industria de las mascotas produce anualmente denuncias de varias crueldades, como la procreaci\u00f3n exhaustiva de las hembras, los cachorros sacrificados para la selecci\u00f3n de las caracter\u00edsticas de la raza y maltrato, con el objetivo de obtener ganancias a trav\u00e9s de vidas. Para equilibrar estos efectos, la adopci\u00f3n ayuda a despertar la visi\u00f3n amorosa, as\u00ed como a reducir nuevos abandonos y cr\u00edmenes.","og_url":"https:\/\/www.fraterinternacional.org\/es\/adopcion-de-perros-caminos-hacia-la-nueva-humanidad\/","og_site_name":"Fraternidade - Federa\u00e7\u00e3o Humanit\u00e1ria Internacional","article_publisher":"https:\/\/www.facebook.com\/fraternidadehumanitaria","article_published_time":"2020-07-14T12:27:12+00:00","og_image":[{"width":720,"height":720,"url":"https:\/\/www.fraterinternacional.org\/wp-content\/uploads\/2020\/07\/ADOC\u0327A\u0303O-CA\u0303ES-PARQUE-FRANCISCO-DE-ASSIS-FFHI-4..jpg","type":"image\/jpeg"}],"author":"maducato_admin","twitter_card":"summary_large_image","twitter_creator":"@fraternidadeFHI","twitter_site":"@fraternidadeFHI","twitter_misc":{"Escrito por":"maducato_admin","Tiempo de lectura":"5 minutos"},"schema":{"@context":"https:\/\/schema.org","@graph":[{"@type":"WebPage","@id":"https:\/\/www.fraterinternacional.org\/es\/adopcion-de-perros-caminos-hacia-la-nueva-humanidad\/","url":"https:\/\/www.fraterinternacional.org\/es\/adopcion-de-perros-caminos-hacia-la-nueva-humanidad\/","name":"Adopci\u00f3n de perros: caminos hacia la nueva humanidad","isPartOf":{"@id":"https:\/\/www.fraterinternacional.org\/es\/#website"},"datePublished":"2020-07-14T12:27:12+00:00","dateModified":"2020-07-14T12:27:12+00:00","author":{"@id":"https:\/\/www.fraterinternacional.org\/es\/#\/schema\/person\/19cb7a5541fd019768c7fe255d72701e"},"description":"\u00bfHa considerado adoptar un perro? \u00bfTransformar casos de abandono y dolor en historias de amor? La comercializaci\u00f3n de animales por parte de la industria de las mascotas produce anualmente denuncias de varias crueldades, como la procreaci\u00f3n exhaustiva de las hembras, los cachorros sacrificados para la selecci\u00f3n de las caracter\u00edsticas de la raza y maltrato, con el objetivo de obtener ganancias a trav\u00e9s de vidas. Para equilibrar estos efectos, la adopci\u00f3n ayuda a despertar la visi\u00f3n amorosa, as\u00ed como a reducir nuevos abandonos y cr\u00edmenes.","breadcrumb":{"@id":"https:\/\/www.fraterinternacional.org\/es\/adopcion-de-perros-caminos-hacia-la-nueva-humanidad\/#breadcrumb"},"inLanguage":"es","potentialAction":[{"@type":"ReadAction","target":["https:\/\/www.fraterinternacional.org\/es\/adopcion-de-perros-caminos-hacia-la-nueva-humanidad\/"]}]},{"@type":"BreadcrumbList","@id":"https:\/\/www.fraterinternacional.org\/es\/adopcion-de-perros-caminos-hacia-la-nueva-humanidad\/#breadcrumb","itemListElement":[{"@type":"ListItem","position":1,"name":"In\u00edcio","item":"https:\/\/www.fraterinternacional.org\/es\/"},{"@type":"ListItem","position":2,"name":"Adopci\u00f3n de perros: caminos hacia la nueva humanidad"}]},{"@type":"WebSite","@id":"https:\/\/www.fraterinternacional.org\/es\/#website","url":"https:\/\/www.fraterinternacional.org\/es\/","name":"Fraternidade - Federa\u00e7\u00e3o Humanit\u00e1ria Internacional","description":"Fraternidade - Federa\u00e7\u00e3o Humanit\u00e1ria Internacional","potentialAction":[{"@type":"SearchAction","target":{"@type":"EntryPoint","urlTemplate":"https:\/\/www.fraterinternacional.org\/es\/?s={search_term_string}"},"query-input":"required name=search_term_string"}],"inLanguage":"es"},{"@type":"Person","@id":"https:\/\/www.fraterinternacional.org\/es\/#\/schema\/person\/19cb7a5541fd019768c7fe255d72701e","name":"maducato_admin"}]}},"_links":{"self":[{"href":"https:\/\/www.fraterinternacional.org\/es\/wp-json\/wp\/v2\/posts\/116402"}],"collection":[{"href":"https:\/\/www.fraterinternacional.org\/es\/wp-json\/wp\/v2\/posts"}],"about":[{"href":"https:\/\/www.fraterinternacional.org\/es\/wp-json\/wp\/v2\/types\/post"}],"author":[{"embeddable":true,"href":"https:\/\/www.fraterinternacional.org\/es\/wp-json\/wp\/v2\/users\/4"}],"replies":[{"embeddable":true,"href":"https:\/\/www.fraterinternacional.org\/es\/wp-json\/wp\/v2\/comments?post=116402"}],"version-history":[{"count":0,"href":"https:\/\/www.fraterinternacional.org\/es\/wp-json\/wp\/v2\/posts\/116402\/revisions"}],"wp:featuredmedia":[{"embeddable":true,"href":"https:\/\/www.fraterinternacional.org\/es\/wp-json\/wp\/v2\/media\/116304"}],"wp:attachment":[{"href":"https:\/\/www.fraterinternacional.org\/es\/wp-json\/wp\/v2\/media?parent=116402"}],"wp:term":[{"taxonomy":"category","embeddable":true,"href":"https:\/\/www.fraterinternacional.org\/es\/wp-json\/wp\/v2\/categories?post=116402"},{"taxonomy":"post_tag","embeddable":true,"href":"https:\/\/www.fraterinternacional.org\/es\/wp-json\/wp\/v2\/tags?post=116402"}],"curies":[{"name":"wp","href":"https:\/\/api.w.org\/{rel}","templated":true}]}}