{"id":115079,"date":"2020-05-28T08:01:16","date_gmt":"2020-05-28T11:01:16","guid":{"rendered":"https:\/\/www.fraterinternacional.org\/?p=115079"},"modified":"2020-05-27T19:05:02","modified_gmt":"2020-05-27T22:05:02","slug":"lanzamiento-de-la-primera-edicion-en-ingles-y-espanol-del-libro-fraternidad-misiones-humanitarias-internacionales","status":"publish","type":"post","link":"https:\/\/www.fraterinternacional.org\/es\/lanzamiento-de-la-primera-edicion-en-ingles-y-espanol-del-libro-fraternidad-misiones-humanitarias-internacionales\/","title":{"rendered":"Lanzamiento de la primera edici\u00f3n en ingl\u00e9s y espa\u00f1ol del libro Fraternidad \u2013 Misiones Humanitarias Internacionales"},"content":{"rendered":"<p style=\"text-align: justify;\">La <strong><a href=\"https:\/\/www.fraterinternacional.org\/es\/\" target=\"_blank\" rel=\"noopener noreferrer\">Fraternidade \u2013 Federaci\u00f3n Humanitaria Internacional (FFHI)<\/a><\/strong> e <a href=\"https:\/\/www.irdin.org.br\/site\/produtos\/fraternidad-misiones-humanitarias-internacionales\/\" target=\"_blank\" rel=\"noopener noreferrer\"><strong>Irdin Editora<\/strong> <\/a>est\u00e1n lanzando la primera edici\u00f3n en ingl\u00e9s y espa\u00f1ol y la segunda edici\u00f3n en portugu\u00e9s del libro <strong>Fraternidad \u2013 Misiones Humanitarias Internacionales<\/strong>, escrito por Ana Regina\u00a0 Nogueira.<\/p>\n<p style=\"text-align: justify;\">El libro relata la historia de las misiones humanitarias realizadas por voluntarios de la <strong><a href=\"https:\/\/www.fraterinternacional.org\/es\/\" target=\"_blank\" rel=\"noopener noreferrer\">Fraternidade \u2013 Humanitaria (FFHI)<\/a><\/strong>, entre 2011 y 2018, en Brasil y en m\u00e1s de 16 pa\u00edses de \u00c1frica, Latinoam\u00e9rica, Asia, Europa y Oriente Medio, sumando veintitr\u00e9s misiones nacionales e internacionales. Estas misiones representan un paso m\u00e1s all\u00e1 en una\u00a0 historia que comenz\u00f3 en 1987, pues desde el origen del trabajo de esta instituci\u00f3n sus integrantes se dedican a desarrollar actividades de servicio.<\/p>\n<p style=\"text-align: justify;\">En esta larga trayectoria de amor, solidaridad y servicio abnegado, los voluntarios de la <strong><a href=\"https:\/\/www.fraterinternacional.org\/es\/\" target=\"_blank\" rel=\"noopener noreferrer\">Fraternidade \u2013 Humanitaria (FFHI)<\/a><\/strong> se fueron adaptando, madurando y perfeccionando a partir de cada experiencia vivida, como en el terremoto de Nepal, en el 2011, en la acogida de los refugiados de la guerra de Siria, en el 2015, y en la atenci\u00f3n a miles de inmigrantes venezolanos, ind\u00edgenas y no ind\u00edgenas, que llegan al Brasil y a Colombia desde el 2016, entre tantas otras.<\/p>\n<p><a href=\"https:\/\/bit.ly\/libro-misiones\" target=\"_blank\" rel=\"noopener noreferrer\"><img decoding=\"async\" width=\"400\" height=\"531\" class=\"size-full wp-image-114996 aligncenter\" src=\"https:\/\/www.fraterinternacional.org\/wp-content\/uploads\/2020\/05\/img-livro-missoes-es.png\" alt=\"Fraternidade \u2013 Misiones Humanitarias Internacionales\" srcset=\"https:\/\/www.fraterinternacional.org\/wp-content\/uploads\/2020\/05\/img-livro-missoes-es-200x266.png 200w, https:\/\/www.fraterinternacional.org\/wp-content\/uploads\/2020\/05\/img-livro-missoes-es-226x300.png 226w, https:\/\/www.fraterinternacional.org\/wp-content\/uploads\/2020\/05\/img-livro-missoes-es.png 400w\" sizes=\"(max-width: 400px) 100vw, 400px\" \/><\/a><\/p>\n<p style=\"text-align: center;\"><span style=\"background-color: #0075be; padding: 5px 10px; color: #ffffff; font-size: 10pt;\"><a href=\"https:\/\/bit.ly\/libro-misiones\" target=\"_blank\" rel=\"noopener noreferrer\"><strong><span style=\"color: #ffffff;\">Descarregar el libro en pdf<\/span><\/strong><\/a><\/span><\/p>\n<p style=\"text-align: justify;\">La narrativa del libro termina en el a\u00f1o 2018, pero las misiones humanitarias realizadas por la <strong><a href=\"https:\/\/www.fraterinternacional.org\/es\/\" target=\"_blank\" rel=\"noopener noreferrer\">Fraternidade \u2013 Humanitaria (FFHI)<\/a><\/strong> contin\u00faan hasta los d\u00edas de hoy, en los cinco abrigos administrados por la instituci\u00f3n en el estado de Roraima y en el Alojamiento de Tr\u00e1nsito en la ciudad de Manaos, ubicados en la regi\u00f3n amaz\u00f3nica brasile\u00f1a, que albergan m\u00e1s de dos mil inmigrantes y refugiados venezolanos.<\/p>\n<p style=\"text-align: justify;\">La <strong><a href=\"https:\/\/www.fraterinternacional.org\/es\/\" target=\"_blank\" rel=\"noopener noreferrer\">Fraternidade \u2013 Humanitaria (FFHI)<\/a><\/strong> inici\u00f3 su actividad en Roraima en noviembre del 2016, en la misma l\u00ednea de acci\u00f3n que ven\u00eda desarrollando hasta entonces, actuando en la calle para mitigar el sufrimiento de los m\u00e1s necesitados, guiado por la buena voluntad y por el rescate de la dignidad humana, e intentando aplicar los mejores protocolos internacionales de respuestas humanitarias. A mediados del 2017, el Alto Comisionado de las Naciones Unidas para los Refugiados (ACNUR) propuso a la <strong><a href=\"https:\/\/www.fraterinternacional.org\/es\/\" target=\"_blank\" rel=\"noopener noreferrer\">Fraternidade \u2013 Humanitaria (FFHI)<\/a><\/strong>\u00a0una asociaci\u00f3n que representa una ampliaci\u00f3n en su forma de desarrollar las actividades.<\/p>\n<p style=\"text-align: justify;\">Desde entonces, otras asociaciones con otras organizaciones se fueron estableciendo y colaboraron para la maduraci\u00f3n del trabajo institucional de la <strong><a href=\"https:\/\/www.fraterinternacional.org\/es\/\" target=\"_blank\" rel=\"noopener noreferrer\">Fraternidade \u2013 Humanitaria (FFHI)<\/a><\/strong>. Entre otros podemos citar el Fondo de Naciones Unidas para la Infancia (UNICEF) las Embajadas de Canad\u00e1 y de los Estados Unidos, Bethany Cristhian Services, Defensa Civil, cuerpo de Bomberos y las Fuerzas Armadas por medio de la Operaci\u00f3n Acogida. El Gobierno Brasile\u00f1o, por medio del Ministerio de la Ciudadan\u00eda y el Ministerio de Defensa desarrolla esta Operaci\u00f3n, para atender la crisis humanitaria en el norte de Brasil. En conjunto con las dem\u00e1s agencias vienen desarrollando la tercera etapa de esta respuesta humanitaria, conocida como \u201cinteriorizaci\u00f3n\u201d, que es la creaci\u00f3n de oportunidades para que los refugiados encuentren medios para reconstruir sus vidas en otros estados de Brasil.<\/p>\n<p style=\"text-align: justify;\"><span style=\"background-color: #0075be; padding: 5px 10px; color: #ffffff; font-size: 10pt;\"><a href=\"https:\/\/www.fraterinternacional.org\/es\/mision-roraima\/\" target=\"_blank\" rel=\"noopener noreferrer\"><strong><span style=\"color: #ffffff;\">Sepa m\u00e1s sobre Misi\u00f3n Roraima<\/span><\/strong><\/a><\/span><\/p>\n<p style=\"text-align: justify;\">Parte de estas asociaciones se establecieron en potras respuestas humanitarias, llevadas a cabio por la <strong><a href=\"https:\/\/www.fraterinternacional.org\/es\/\" target=\"_blank\" rel=\"noopener noreferrer\">Fraternidade \u2013 Humanitaria (FFHI)<\/a><\/strong>\u00a0despu\u00e9s de que el libro fuera publicado a principios del 2019. Una de ellas a trav\u00e9s de su afiliada que act\u00faa en Colombia, <a href=\"https:\/\/www.fraterinternacional.org\/es\/misiones-humanitarias\/\" target=\"_blank\" rel=\"noopener noreferrer\"><strong>Fraternidade \u2013 Misiones Humanitarias Internacionales<\/strong><\/a>, en respuesta a la misma crisis migratoria venezolana, desarrollando un trabajo educacional con ni\u00f1os, ni\u00f1as y familias y componiendo el Grupo Interagencial para Flujos Migratorios Mixtos (GIFMM). Tambi\u00e9n respondemos r\u00e1pidamente al desastre ambiental de largo alcance ocurrido en Brumadinho \u2013 Minas Gerais, Brasil, con la rotura de una presa de la minera, all\u00ed prestamos auxilio veterinario a los animales y atenci\u00f3n psicol\u00f3gica a las familias que sufrieron el desastre. Esta actividad se\u00a0 desarrolla mensualmente, desde enero del 2019 hasta marzo del 2020 y fue interrumpida por la pandemia del coranavirus.<\/p>\n<p style=\"text-align: justify;\"><span style=\"background-color: #0075be; padding: 5px 10px; color: #ffffff; font-size: 10pt;\"><a href=\"https:\/\/www.fraterinternacional.org\/es\/mision-colombia\/\" target=\"_blank\" rel=\"noopener noreferrer\"><strong><span style=\"color: #ffffff;\">Sepa m\u00e1s sobre Misi\u00f3n Col\u00f4mbia<\/span><\/strong><\/a><\/span><\/p>\n<p><span style=\"background-color: #0075be; padding: 5px 10px; color: #ffffff; font-size: 10pt;\"><strong><a style=\"color: #ffffff;\" href=\"https:\/\/www.fraterinternacional.org\/es\/mision-brumadinho\/\" target=\"_blank\" rel=\"noopener noreferrer\">Sepa m\u00e1s sobre Misi\u00f3n Brumadinho<\/a><\/strong><\/span><\/p>\n<p style=\"text-align: justify;\">Esta maduraci\u00f3n, proveniente de las acciones relativamente independientes desarrolladas a lo largo de m\u00e1s de treinta y tres a\u00f1os de historia, pasando por las acciones puntuales para la\u00a0 ayuda humanitaria o emergencias ambientales y consolid\u00e1ndose con las acciones permanentes y las asociaciones institucionales, llev\u00f3 a la instituci\u00f3n a la necesidad de especializarse en la\u00a0 respuesta humanitaria y a encontrar su \u00e1rea de acci\u00f3n m\u00e1s efectiva.<\/p>\n<p style=\"text-align: justify;\">La experiencia con el Proyecto de Educaci\u00f3n \u201cEl Bien Com\u00fan\u201d, creado por sus voluntarios que act\u00faan en la respuesta humanitaria de Roraima para atender aproximadamente a tres mil ni\u00f1os y ni\u00f1as en diez refugios, en asociaci\u00f3n con UNICEF, y luego extendido a Manaos y Colombia, llev\u00f3 a la b\u00fasqueda de formaci\u00f3n en el \u00e1rea de educaci\u00f3n y a un acercamiento a la \u00a0instituci\u00f3n Pedagog\u00eda de Emergencia. De esta aproximaci\u00f3n surgi\u00f3 el <a href=\"https:\/\/www.youtube.com\/playlist?list=PLXq1dWdytmgwyl4tFZSamZcMRn9nZtslg\" target=\"_blank\" rel=\"noopener noreferrer\"><strong>Seminario de Educaci\u00f3n en Situaciones de Emergencia y Respuestas Humanitarias<\/strong><\/a>, que se realiz\u00f3 en la\u00a0 Sede de la <strong><a href=\"https:\/\/www.fraterinternacional.org\/es\/\" target=\"_blank\" rel=\"noopener noreferrer\">Fraternidade \u2013 Humanitaria (FFHI)<\/a><\/strong>\u00a0y cont\u00f3 con especialistas de distintas organizaciones.<\/p>\n<p style=\"text-align: justify;\">Como fruto del Seminario la Instituci\u00f3n conoci\u00f3 el Manual Esfera que establece los patrones m\u00ednimos para una respuesta humanitaria. Surgido despu\u00e9s del genocidio de Ruanda, en el cual se detect\u00f3, debido a la poca efectividad de la respuesta, la necesidad de sumar esfuerzos y coordinar acciones entre las diferentes organizaciones humanitarias, el Manual fue publicado por primera vez en 1998. Como ya est\u00e1 en su cuarta edici\u00f3n, aunque no contaba todav\u00eda con una versi\u00f3n en portugu\u00e9s, la <strong><a href=\"https:\/\/www.fraterinternacional.org\/es\/\" target=\"_blank\" rel=\"noopener noreferrer\">Fraternidade \u2013 Humanitaria (FFHI)<\/a><\/strong>\u00a0entr\u00f3 en contacto con el equipo Esfera en Ginebra y est\u00e1 <a href=\"https:\/\/www.fraterinternacional.org\/trabalho-inedito-de-traducao-para-o-portugues-do-manual-esfera\/\" target=\"_blank\" rel=\"noopener noreferrer\"><strong>traduciendo el Manual para ese idioma, de forma totalmente voluntaria<\/strong><\/a>. Este trabajo est\u00e1 en curso y tiene previsto su lanzamiento para agosto de este a\u00f1o por <a href=\"https:\/\/www.irdin.org.br\/site\/produtos\/fraternidad-misiones-humanitarias-internacionales\/\" target=\"_blank\" rel=\"noopener noreferrer\"><strong>Irdin Editora<\/strong><\/a>, una de las afiliadas de la <strong><a href=\"https:\/\/www.fraterinternacional.org\/es\/\" target=\"_blank\" rel=\"noopener noreferrer\">Fraternidade \u2013 Humanitaria (FFHI)<\/a><\/strong>.<\/p>\n<p style=\"text-align: justify;\">Como profundizaci\u00f3n de esta nueva asociaci\u00f3n la <strong><a href=\"https:\/\/www.fraterinternacional.org\/es\/\" target=\"_blank\" rel=\"noopener noreferrer\">Fraternidade \u2013 Humanitaria (FFHI)<\/a><\/strong>\u00a0se convirti\u00f3 en el referente del Manual Esfera en Brasil, lo que implica la responsabilidad de ampliar la difusi\u00f3n del Manual, que a partir de la nueva traducci\u00f3n, podr\u00eda realizarse no solo en Brasil sino tambi\u00e9n en otros pa\u00edses de habla portuguesa. Tambi\u00e9n conlleva la responsabilidad de velar por la aplicaci\u00f3n de los patrones internacionales de respuesta humanitaria en el pa\u00eds, lo que apunta a otra \u00e1rea de actuaci\u00f3n que llega como fruto de maduraci\u00f3n de toda una historia de servicio abnegado.<\/p>\n<p style=\"text-align: justify;\">Emprendiendo los primeros esfuerzos como referente del Manual Esfera, la <strong><a href=\"https:\/\/www.fraterinternacional.org\/es\/\" target=\"_blank\" rel=\"noopener noreferrer\">Fraternidade \u2013 Humanitaria (FFHI)<\/a><\/strong>\u00a0viene realizando una <a href=\"https:\/\/www.fraterinternacional.org\/inicia-novo-ciclo-de-formacao-do-manual-esfera\/\" target=\"_blank\" rel=\"noopener noreferrer\"><strong>formaci\u00f3n de sus voluntarios misioneros y colaboradores generales<\/strong><\/a>. Los misioneros matrices proporcionan la formaci\u00f3n en coordinaci\u00f3n simult\u00e1nea y virtual de Brasil y su afiliada de Portugal. Se basa en el Manual Esfera y se complementa con su vasta experiencia de campo. Con apoyo de material did\u00e1ctico proporcionado por el equipo Esfera, la formaci\u00f3n cuenta con casi mil participantes de la<strong> <a href=\"https:\/\/www.fraterinternacional.org\/es\/\" target=\"_blank\" rel=\"noopener noreferrer\">Fraternidade \u2013 Humanitaria (FFHI)<\/a><\/strong>\u00a0en trece pa\u00edses.<\/p>\n<p style=\"text-align: justify;\">Para el gestor de la <strong><a href=\"https:\/\/www.fraterinternacional.org\/es\/\" target=\"_blank\" rel=\"noopener noreferrer\">Fraternidade \u2013 Humanitaria (FFHI)<\/a><\/strong>, Fray Luciano, a lo largo de todos estos a\u00f1os la instituci\u00f3n se fue perfeccionando en sus acciones de respuesta humanitaria, las que \u201cexpresan sus valores \u00e9ticos, de cuidado con los Reinos de la\u00a0 Naturaleza, el despertar hacia la fraternidad, el bien com\u00fan, el alivio del sufrimiento inmediato en situaciones de emergencia\u201d.<\/p>\n<p style=\"text-align: justify;\">La <strong><a href=\"https:\/\/www.fraterinternacional.org\/es\/\" target=\"_blank\" rel=\"noopener noreferrer\">Fraternidade \u2013 Humanitaria (FFHI)<\/a><\/strong>\u00a0re\u00fane veintid\u00f3s asociaciones civiles nacionales e internacionales que, con grupos vinculados, prestan servicios voluntariamente, de forma independiente y neutra. Acoge a todos los credos, culturas y religiones y no\u00a0 tiene.<\/p>\n<p style=\"text-align: center;\"><span style=\"background-color: #0075be; padding: 5px 10px; color: #ffffff; font-size: 10pt;\"><a href=\"http:\/\/bit.ly\/libro-misiones\" target=\"_blank\" rel=\"noopener noreferrer\"><strong><span style=\"color: #ffffff;\">Descarregar el libro en pdf<\/span><\/strong><\/a><\/span><\/p>\n<div class=\"video-shortcode\"><iframe title=\"Lan\u00e7amento do Livro Fraternidade \u2013 Miss\u00f5es Humanit\u00e1rias Internacionais em espanhol e ingl\u00eas.\" width=\"1200\" height=\"675\" src=\"https:\/\/www.youtube.com\/embed\/s7l7FrGKVVA?feature=oembed\" frameborder=\"0\" allow=\"accelerometer; autoplay; clipboard-write; encrypted-media; gyroscope; picture-in-picture\" allowfullscreen><\/iframe><\/div>\n<p style=\"text-align: center;\"><span style=\"font-size: 10pt;\">(activar subt\u00edtulos en espa\u00f1ol)<\/span><\/p>\n","protected":false},"excerpt":{"rendered":"<p>La Fraternidade \u2013 Federaci\u00f3n Humanitaria Internacional (FFHI) e Irdin Editora est\u00e1n lanzando la primera edici\u00f3n en ingl\u00e9s y espa\u00f1ol y [&hellip;]<\/p>\n","protected":false},"author":4,"featured_media":115068,"comment_status":"closed","ping_status":"closed","sticky":false,"template":"","format":"standard","meta":{"footnotes":""},"categories":[173],"tags":[],"class_list":["post-115079","post","type-post","status-publish","format-standard","has-post-thumbnail","hentry","category-noticia"],"yoast_head":"<!-- This site is optimized with the Yoast SEO Premium plugin v21.0 (Yoast SEO v21.0) - https:\/\/yoast.com\/wordpress\/plugins\/seo\/ -->\n<title>Lanzamiento de la primera edici\u00f3n en ingl\u00e9s y espa\u00f1ol del libro Fraternidad \u2013 Misiones Humanitarias Internacionales -<\/title>\n<meta name=\"robots\" content=\"index, follow, max-snippet:-1, max-image-preview:large, max-video-preview:-1\" \/>\n<link rel=\"canonical\" href=\"https:\/\/www.fraterinternacional.org\/es\/lanzamiento-de-la-primera-edicion-en-ingles-y-espanol-del-libro-fraternidad-misiones-humanitarias-internacionales\/\" \/>\n<meta property=\"og:locale\" content=\"es_ES\" \/>\n<meta property=\"og:type\" content=\"article\" \/>\n<meta property=\"og:title\" content=\"Lanzamiento de la primera edici\u00f3n en ingl\u00e9s y espa\u00f1ol del libro Fraternidad \u2013 Misiones Humanitarias Internacionales\" \/>\n<meta property=\"og:description\" content=\"La Fraternidade \u2013 Federaci\u00f3n Humanitaria Internacional (FFHI) e Irdin Editora est\u00e1n lanzando la primera edici\u00f3n en ingl\u00e9s y espa\u00f1ol y [&hellip;]\" \/>\n<meta property=\"og:url\" content=\"https:\/\/www.fraterinternacional.org\/es\/lanzamiento-de-la-primera-edicion-en-ingles-y-espanol-del-libro-fraternidad-misiones-humanitarias-internacionales\/\" \/>\n<meta property=\"og:site_name\" content=\"Fraternidade - Federa\u00e7\u00e3o Humanit\u00e1ria Internacional\" \/>\n<meta property=\"article:publisher\" content=\"https:\/\/www.facebook.com\/fraternidadehumanitaria\" \/>\n<meta property=\"article:published_time\" content=\"2020-05-28T11:01:16+00:00\" \/>\n<meta property=\"article:modified_time\" content=\"2020-05-27T22:05:02+00:00\" \/>\n<meta property=\"og:image\" content=\"https:\/\/www.fraterinternacional.org\/wp-content\/uploads\/2020\/05\/capa-lancamento-ES-03.jpg\" \/>\n\t<meta property=\"og:image:width\" content=\"800\" \/>\n\t<meta property=\"og:image:height\" content=\"550\" \/>\n\t<meta property=\"og:image:type\" content=\"image\/jpeg\" \/>\n<meta name=\"author\" content=\"maducato_admin\" \/>\n<meta name=\"twitter:card\" content=\"summary_large_image\" \/>\n<meta name=\"twitter:creator\" content=\"@fraternidadeFHI\" \/>\n<meta name=\"twitter:site\" content=\"@fraternidadeFHI\" \/>\n<meta name=\"twitter:label1\" content=\"Escrito por\" \/>\n\t<meta name=\"twitter:data1\" content=\"maducato_admin\" \/>\n\t<meta name=\"twitter:label2\" content=\"Tiempo de lectura\" \/>\n\t<meta name=\"twitter:data2\" content=\"6 minutos\" \/>\n<script type=\"application\/ld+json\" class=\"yoast-schema-graph\">{\"@context\":\"https:\/\/schema.org\",\"@graph\":[{\"@type\":\"WebPage\",\"@id\":\"https:\/\/www.fraterinternacional.org\/es\/lanzamiento-de-la-primera-edicion-en-ingles-y-espanol-del-libro-fraternidad-misiones-humanitarias-internacionales\/\",\"url\":\"https:\/\/www.fraterinternacional.org\/es\/lanzamiento-de-la-primera-edicion-en-ingles-y-espanol-del-libro-fraternidad-misiones-humanitarias-internacionales\/\",\"name\":\"Lanzamiento de la primera edici\u00f3n en ingl\u00e9s y espa\u00f1ol del libro Fraternidad \u2013 Misiones Humanitarias Internacionales -\",\"isPartOf\":{\"@id\":\"https:\/\/www.fraterinternacional.org\/es\/#website\"},\"datePublished\":\"2020-05-28T11:01:16+00:00\",\"dateModified\":\"2020-05-27T22:05:02+00:00\",\"author\":{\"@id\":\"https:\/\/www.fraterinternacional.org\/es\/#\/schema\/person\/19cb7a5541fd019768c7fe255d72701e\"},\"breadcrumb\":{\"@id\":\"https:\/\/www.fraterinternacional.org\/es\/lanzamiento-de-la-primera-edicion-en-ingles-y-espanol-del-libro-fraternidad-misiones-humanitarias-internacionales\/#breadcrumb\"},\"inLanguage\":\"es\",\"potentialAction\":[{\"@type\":\"ReadAction\",\"target\":[\"https:\/\/www.fraterinternacional.org\/es\/lanzamiento-de-la-primera-edicion-en-ingles-y-espanol-del-libro-fraternidad-misiones-humanitarias-internacionales\/\"]}]},{\"@type\":\"BreadcrumbList\",\"@id\":\"https:\/\/www.fraterinternacional.org\/es\/lanzamiento-de-la-primera-edicion-en-ingles-y-espanol-del-libro-fraternidad-misiones-humanitarias-internacionales\/#breadcrumb\",\"itemListElement\":[{\"@type\":\"ListItem\",\"position\":1,\"name\":\"In\u00edcio\",\"item\":\"https:\/\/www.fraterinternacional.org\/es\/\"},{\"@type\":\"ListItem\",\"position\":2,\"name\":\"Lanzamiento de la primera edici\u00f3n en ingl\u00e9s y espa\u00f1ol del libro Fraternidad \u2013 Misiones Humanitarias Internacionales\"}]},{\"@type\":\"WebSite\",\"@id\":\"https:\/\/www.fraterinternacional.org\/es\/#website\",\"url\":\"https:\/\/www.fraterinternacional.org\/es\/\",\"name\":\"Fraternidade - Federa\u00e7\u00e3o Humanit\u00e1ria Internacional\",\"description\":\"Fraternidade - Federa\u00e7\u00e3o Humanit\u00e1ria Internacional\",\"potentialAction\":[{\"@type\":\"SearchAction\",\"target\":{\"@type\":\"EntryPoint\",\"urlTemplate\":\"https:\/\/www.fraterinternacional.org\/es\/?s={search_term_string}\"},\"query-input\":\"required name=search_term_string\"}],\"inLanguage\":\"es\"},{\"@type\":\"Person\",\"@id\":\"https:\/\/www.fraterinternacional.org\/es\/#\/schema\/person\/19cb7a5541fd019768c7fe255d72701e\",\"name\":\"maducato_admin\"}]}<\/script>\n<!-- \/ Yoast SEO Premium plugin. -->","yoast_head_json":{"title":"Lanzamiento de la primera edici\u00f3n en ingl\u00e9s y espa\u00f1ol del libro Fraternidad \u2013 Misiones Humanitarias Internacionales -","robots":{"index":"index","follow":"follow","max-snippet":"max-snippet:-1","max-image-preview":"max-image-preview:large","max-video-preview":"max-video-preview:-1"},"canonical":"https:\/\/www.fraterinternacional.org\/es\/lanzamiento-de-la-primera-edicion-en-ingles-y-espanol-del-libro-fraternidad-misiones-humanitarias-internacionales\/","og_locale":"es_ES","og_type":"article","og_title":"Lanzamiento de la primera edici\u00f3n en ingl\u00e9s y espa\u00f1ol del libro Fraternidad \u2013 Misiones Humanitarias Internacionales","og_description":"La Fraternidade \u2013 Federaci\u00f3n Humanitaria Internacional (FFHI) e Irdin Editora est\u00e1n lanzando la primera edici\u00f3n en ingl\u00e9s y espa\u00f1ol y [&hellip;]","og_url":"https:\/\/www.fraterinternacional.org\/es\/lanzamiento-de-la-primera-edicion-en-ingles-y-espanol-del-libro-fraternidad-misiones-humanitarias-internacionales\/","og_site_name":"Fraternidade - Federa\u00e7\u00e3o Humanit\u00e1ria Internacional","article_publisher":"https:\/\/www.facebook.com\/fraternidadehumanitaria","article_published_time":"2020-05-28T11:01:16+00:00","article_modified_time":"2020-05-27T22:05:02+00:00","og_image":[{"width":800,"height":550,"url":"https:\/\/www.fraterinternacional.org\/wp-content\/uploads\/2020\/05\/capa-lancamento-ES-03.jpg","type":"image\/jpeg"}],"author":"maducato_admin","twitter_card":"summary_large_image","twitter_creator":"@fraternidadeFHI","twitter_site":"@fraternidadeFHI","twitter_misc":{"Escrito por":"maducato_admin","Tiempo de lectura":"6 minutos"},"schema":{"@context":"https:\/\/schema.org","@graph":[{"@type":"WebPage","@id":"https:\/\/www.fraterinternacional.org\/es\/lanzamiento-de-la-primera-edicion-en-ingles-y-espanol-del-libro-fraternidad-misiones-humanitarias-internacionales\/","url":"https:\/\/www.fraterinternacional.org\/es\/lanzamiento-de-la-primera-edicion-en-ingles-y-espanol-del-libro-fraternidad-misiones-humanitarias-internacionales\/","name":"Lanzamiento de la primera edici\u00f3n en ingl\u00e9s y espa\u00f1ol del libro Fraternidad \u2013 Misiones Humanitarias Internacionales -","isPartOf":{"@id":"https:\/\/www.fraterinternacional.org\/es\/#website"},"datePublished":"2020-05-28T11:01:16+00:00","dateModified":"2020-05-27T22:05:02+00:00","author":{"@id":"https:\/\/www.fraterinternacional.org\/es\/#\/schema\/person\/19cb7a5541fd019768c7fe255d72701e"},"breadcrumb":{"@id":"https:\/\/www.fraterinternacional.org\/es\/lanzamiento-de-la-primera-edicion-en-ingles-y-espanol-del-libro-fraternidad-misiones-humanitarias-internacionales\/#breadcrumb"},"inLanguage":"es","potentialAction":[{"@type":"ReadAction","target":["https:\/\/www.fraterinternacional.org\/es\/lanzamiento-de-la-primera-edicion-en-ingles-y-espanol-del-libro-fraternidad-misiones-humanitarias-internacionales\/"]}]},{"@type":"BreadcrumbList","@id":"https:\/\/www.fraterinternacional.org\/es\/lanzamiento-de-la-primera-edicion-en-ingles-y-espanol-del-libro-fraternidad-misiones-humanitarias-internacionales\/#breadcrumb","itemListElement":[{"@type":"ListItem","position":1,"name":"In\u00edcio","item":"https:\/\/www.fraterinternacional.org\/es\/"},{"@type":"ListItem","position":2,"name":"Lanzamiento de la primera edici\u00f3n en ingl\u00e9s y espa\u00f1ol del libro Fraternidad \u2013 Misiones Humanitarias Internacionales"}]},{"@type":"WebSite","@id":"https:\/\/www.fraterinternacional.org\/es\/#website","url":"https:\/\/www.fraterinternacional.org\/es\/","name":"Fraternidade - Federa\u00e7\u00e3o Humanit\u00e1ria Internacional","description":"Fraternidade - Federa\u00e7\u00e3o Humanit\u00e1ria Internacional","potentialAction":[{"@type":"SearchAction","target":{"@type":"EntryPoint","urlTemplate":"https:\/\/www.fraterinternacional.org\/es\/?s={search_term_string}"},"query-input":"required name=search_term_string"}],"inLanguage":"es"},{"@type":"Person","@id":"https:\/\/www.fraterinternacional.org\/es\/#\/schema\/person\/19cb7a5541fd019768c7fe255d72701e","name":"maducato_admin"}]}},"_links":{"self":[{"href":"https:\/\/www.fraterinternacional.org\/es\/wp-json\/wp\/v2\/posts\/115079"}],"collection":[{"href":"https:\/\/www.fraterinternacional.org\/es\/wp-json\/wp\/v2\/posts"}],"about":[{"href":"https:\/\/www.fraterinternacional.org\/es\/wp-json\/wp\/v2\/types\/post"}],"author":[{"embeddable":true,"href":"https:\/\/www.fraterinternacional.org\/es\/wp-json\/wp\/v2\/users\/4"}],"replies":[{"embeddable":true,"href":"https:\/\/www.fraterinternacional.org\/es\/wp-json\/wp\/v2\/comments?post=115079"}],"version-history":[{"count":0,"href":"https:\/\/www.fraterinternacional.org\/es\/wp-json\/wp\/v2\/posts\/115079\/revisions"}],"wp:featuredmedia":[{"embeddable":true,"href":"https:\/\/www.fraterinternacional.org\/es\/wp-json\/wp\/v2\/media\/115068"}],"wp:attachment":[{"href":"https:\/\/www.fraterinternacional.org\/es\/wp-json\/wp\/v2\/media?parent=115079"}],"wp:term":[{"taxonomy":"category","embeddable":true,"href":"https:\/\/www.fraterinternacional.org\/es\/wp-json\/wp\/v2\/categories?post=115079"},{"taxonomy":"post_tag","embeddable":true,"href":"https:\/\/www.fraterinternacional.org\/es\/wp-json\/wp\/v2\/tags?post=115079"}],"curies":[{"name":"wp","href":"https:\/\/api.w.org\/{rel}","templated":true}]}}