{"id":114670,"date":"2020-05-15T10:39:03","date_gmt":"2020-05-15T13:39:03","guid":{"rendered":"https:\/\/www.fraterinternacional.org\/?p=114670"},"modified":"2020-05-15T12:16:40","modified_gmt":"2020-05-15T15:16:40","slug":"manual-de-esfera-tenemos-una-responsabilidad","status":"publish","type":"post","link":"https:\/\/www.fraterinternacional.org\/es\/manual-de-esfera-tenemos-una-responsabilidad\/","title":{"rendered":"Manual de Esfera: tenemos una responsabilidad"},"content":{"rendered":"<h3 style=\"text-align: justify;\">La importancia de la respuesta humanitaria asertiva<\/h3>\n<p style=\"font-weight: 400; text-align: justify;\">Hasta el a\u00f1o 2030, todos tenemos una responsabilidad: los compromisos adquiridos en la primera Cumbre Humanitaria Mundial, celebrada en 2016, propuesta en la Agenda 2030 para el Desarrollo Sostenible. Ese a\u00f1o, representantes de los ciento noventa y tres estados miembros de la <a href=\"https:\/\/www.un.org\/es\/\"><strong>ONU<\/strong><\/a>\u00a0se reunieron en Nueva York y reconocieron que la erradicaci\u00f3n de la pobreza en todas sus formas y dimensiones, incluida la pobreza extrema, es el mayor desaf\u00edo global y un requisito indispensable para el desarrollo sostenible.<\/p>\n<p style=\"font-weight: 400; text-align: justify;\">Para ayudar al planeta y a los gobiernos a promover la transformaci\u00f3n del mundo, todos necesitamos conocer y saber c\u00f3mo actuar en situaciones donde las poblaciones o las personas est\u00e1n expuestas a riesgos. Y no se trata solo de casos extremos, como una guerra civil o una invasi\u00f3n extranjera, sino situaciones que se multiplican en la ciudad o en el vecindario donde se vive, en el que las familias pueden estar sufriendo la privaci\u00f3n de insumos b\u00e1sicos, como agua y alimentos, o viven en condiciones infrahumanas, o ni\u00f1os que est\u00e1n bajo el cuidado de padres o tutores abusivos.<\/p>\n<p style=\"font-weight: 400; text-align: justify;\">Los casos de poblaciones expuestas a riesgo estallan en todo el planeta. Los datos del informe de Tendencias Globales publicado anualmente por el<a href=\"https:\/\/www.acnur.org\/\">\u00a0<strong>Alto<\/strong><\/a><strong>\u00a0<a href=\"https:\/\/www.acnur.org\/\">Comisionado de las Naciones Unidas para los Refugiados (ACNUR)<\/a><\/strong>\u00a0revelan que setenta millones de personas en todo el mundo se vieron obligadas a abandonar sus hogares desde que la agencia de la ONU se hizo cargo. De ellos, veinticinco millones son refugiados, la mitad de los cuales son ni\u00f1os y j\u00f3venes menores de dieciocho a\u00f1os. Redactado con el objetivo de ayudar a las organizaciones y a los estados a planificar respuestas humanitarias, el informe tambi\u00e9n se\u00f1ala que, cada minuto, veinticinco personas se desplazan como resultado de conflictos o persecuciones.<\/p>\n<p style=\"font-weight: 400; text-align: justify;\">Consciente de que es esencial planificar y ejecutar respuestas humanitarias, la <a href=\"https:\/\/www.fraterinternacional.org\/es\/quienes-somos\/\"><strong>Fraternidade &#8211; Federaci\u00f3n Humanitaria Internacional (FFHI)<\/strong><\/a>\u00a0incorpor\u00f3 las pr\u00e1cticas establecidas en el Manual Esfera para capacitar a sus equipos de misioneros y planificar las misiones humanitarias que lleva a cabo en Brasil y en todo el mundo. El manual es fruto del Proyecto Esfera, un movimiento creado en 1997 por un grupo de organizaciones humanitarias no gubernamentales y el\u00a0<strong><a href=\"https:\/\/www2.cruzroja.es\/movimiento-internacional\">Movimiento de la Cruz Roja y de la Media Luna Roja<\/a><\/strong>, para mejorar la calidad de las respuestas humanitarias y para que las organizaciones se responsabilicen de sus acciones. Durante dos d\u00e9cadas, la Esfera ha estado difundiendo sus convicciones esenciales en todo el mundo:<\/p>\n<ul style=\"text-align: justify;\">\n<li style=\"font-weight: 400;\">Las personas afectadas por desastres o conflictos tienen el derecho de vivir con dignidad y, por lo tanto, de recibir asistencia.<\/li>\n<li style=\"font-weight: 400;\">Deben tomarse todas las medidas posibles para aliviar el sufrimiento humano causado por desastres o conflictos.<\/li>\n<\/ul>\n<p style=\"text-align: justify;\"><span lang=\"ES\">El Manual Esfera, creado en 1998, ha sido adoptado por los gobiernos, los donantes, las Fuerzas Armadas y el sector privado para guiar sus acciones de ayuda o aquellas en las que trabajan en forma conjunta con organizaciones humanitarias. En Brasil, un grupo de seiscientos misioneros y voluntarios de la\u00a0<strong><a href=\"https:\/\/www.fraterinternacional.org\/es\/quienes-somos\/\" target=\"_blank\" rel=\"noopener noreferrer\">Fraternidade &#8211; Humanitaria (FFHI)<\/a><\/strong>\u00a0participa en el ciclo de formaci\u00f3n del Manual Esfera. El curso lo imparten miembros de la\u00a0<strong><a href=\"https:\/\/www.fraterinternacional.org\/es\/mision-colombia\/\" target=\"_blank\" rel=\"noopener noreferrer\">Misi\u00f3n Humanitaria de Colombia<\/a>,<\/strong> una respuesta de la afiliada\u00a0<a href=\"https:\/\/www.fraterinternacional.org\/es\/misiones-humanitarias\/\" target=\"_blank\" rel=\"noopener noreferrer\"><strong>Fraternidade &#8211; Misiones Humanitarias Internacionales (FMHI)<\/strong><\/a>\u00a0afiliadas a la crisis experimentada por los migrantes de Venezuela, en asociaci\u00f3n con la\u00a0<strong><a href=\"https:\/\/www.fraterinternacional.org\/es\/afiliadas\/comunidad-luz-flor-de-lys\/\" target=\"_blank\" rel=\"noopener noreferrer\">Comunidad Luz Flor-de-Lys<\/a><\/strong>\u00a0en Portugal.<\/span><\/p>\n\n\t\t<style type=\"text\/css\">\n\t\t\t#gallery-1 {\n\t\t\t\tmargin: auto;\n\t\t\t}\n\t\t\t#gallery-1 .gallery-item {\n\t\t\t\tfloat: left;\n\t\t\t\tmargin-top: 10px;\n\t\t\t\ttext-align: center;\n\t\t\t\twidth: 25%;\n\t\t\t}\n\t\t\t#gallery-1 img {\n\t\t\t\tborder: 2px solid #cfcfcf;\n\t\t\t}\n\t\t\t#gallery-1 .gallery-caption {\n\t\t\t\tmargin-left: 0;\n\t\t\t}\n\t\t\t\/* see gallery_shortcode() in wp-includes\/media.php *\/\n\t\t<\/style>\n\t\t<div id='gallery-1' class='gallery galleryid-114670 gallery-columns-4 gallery-size-thumbnail'><dl class='gallery-item'>\n\t\t\t<dt class='gallery-icon portrait'>\n\t\t\t\t<a data-rel=\"iLightbox[postimages]\" data-title=\"manual-esfera-p04\" data-caption=\"\" href='https:\/\/www.fraterinternacional.org\/es\/manual-de-esfera-tenemos-una-responsabilidad\/manual-esfera-p04-2\/'><img decoding=\"async\" width=\"150\" height=\"150\" src=\"https:\/\/www.fraterinternacional.org\/wp-content\/uploads\/2020\/04\/manual-esfera-p04-150x150.jpg\" class=\"attachment-thumbnail size-thumbnail\" alt=\"Manual Esfera\" \/><\/a>\n\t\t\t<\/dt><\/dl><dl class='gallery-item'>\n\t\t\t<dt class='gallery-icon portrait'>\n\t\t\t\t<a data-rel=\"iLightbox[postimages]\" data-title=\"manual-esfera-p01\" data-caption=\"\" href='https:\/\/www.fraterinternacional.org\/es\/manual-de-esfera-tenemos-una-responsabilidad\/manual-esfera-p01-2\/'><img decoding=\"async\" width=\"150\" height=\"150\" src=\"https:\/\/www.fraterinternacional.org\/wp-content\/uploads\/2020\/04\/manual-esfera-p01-150x150.jpg\" class=\"attachment-thumbnail size-thumbnail\" alt=\"Manual Esfera\" \/><\/a>\n\t\t\t<\/dt><\/dl><dl class='gallery-item'>\n\t\t\t<dt class='gallery-icon portrait'>\n\t\t\t\t<a data-rel=\"iLightbox[postimages]\" data-title=\"manual-esfera-p02\" data-caption=\"\" href='https:\/\/www.fraterinternacional.org\/es\/manual-de-esfera-tenemos-una-responsabilidad\/manual-esfera-p02-2\/'><img decoding=\"async\" width=\"150\" height=\"150\" src=\"https:\/\/www.fraterinternacional.org\/wp-content\/uploads\/2020\/04\/manual-esfera-p02-150x150.jpg\" class=\"attachment-thumbnail size-thumbnail\" alt=\"Manual Esfera\" \/><\/a>\n\t\t\t<\/dt><\/dl><dl class='gallery-item'>\n\t\t\t<dt class='gallery-icon portrait'>\n\t\t\t\t<a data-rel=\"iLightbox[postimages]\" data-title=\"manual-esfera-p03\" data-caption=\"\" href='https:\/\/www.fraterinternacional.org\/es\/manual-de-esfera-tenemos-una-responsabilidad\/manual-esfera-p03-2\/'><img decoding=\"async\" width=\"150\" height=\"150\" src=\"https:\/\/www.fraterinternacional.org\/wp-content\/uploads\/2020\/04\/manual-esfera-p03-150x150.jpg\" class=\"attachment-thumbnail size-thumbnail\" alt=\"Manual Esfera\" \/><\/a>\n\t\t\t<\/dt><\/dl><br style=\"clear: both\" \/>\n\t\t<\/div>\n\n<p style=\"font-weight: 400; text-align: justify;\">La primera edici\u00f3n del Manual se public\u00f3 en 1998. Desde entonces, se han lanzado cuatro ediciones revisadas y ampliadas, la m\u00e1s reciente en 2018, que adopt\u00f3 las directrices del documento \u00abTransformar nuestro mundo: la Agenda 2030 para el Desarrollo Sostenible\u00bb, en el que los pa\u00edses signatarios se comprometieron a tomar medidas para promover el desarrollo sostenible en los pr\u00f3ximos a\u00f1os.<\/p>\n<p style=\"font-weight: 400; text-align: justify;\">La cuarta edici\u00f3n del Manual Esfera &#8211; Carta Humanitaria y Est\u00e1ndares M\u00ednimos para la Respuesta Humanitaria &#8211; se basa en dos ejes principales. El primero, llamado Cap\u00edtulos Esenciales, contiene: la Carta Humanitaria, los Principios de Protecci\u00f3n y la Norma Humanitaria Esencial. Y el segundo re\u00fane los Cap\u00edtulos T\u00e9cnicos, que tratan sobre la Promoci\u00f3n del Agua, Saneamiento e Higiene (WASH); Seguridad Alimentaria y Nutrici\u00f3n; Alojamiento y Asentamiento; y Salud.<\/p>\n<p style=\"font-weight: 400; text-align: justify;\">\u00a0El manual cataloga diez puntos con el formato de un c\u00f3digo de Conducta (v\u00e9ase el Cuadro), en el que los actores humanitarios deben contemplar iniciativas relacionadas a la imparcialidad, la no discriminaci\u00f3n, la dignidad humana y la rendici\u00f3n de cuentas. El personal y los voluntarios de las organizaciones que trabajan en respuestas humanitarias tambi\u00e9n deben comprender las vulnerabilidades y las capacidades de las poblaciones impactadas por crisis y desastres.<\/p>\n<p style=\"text-align: justify;\">En opini\u00f3n de la Esfera, todas las personas (hombres, mujeres, ni\u00f1os), independientemente de su edad, deficiencias, nacionalidad, religi\u00f3n, origen \u00e9tnico, estado de salud, afiliaci\u00f3n pol\u00edtica, orientaci\u00f3n sexual, identidad de g\u00e9nero o cualquier otra caracter\u00edstica, tienen derecho a vivir con dignidad y por lo tanto tienen derecho a recibir asistencia.<\/p>\n<blockquote>\n<h3 style=\"font-weight: 400;\">CUADRO 1 C\u00d3DIGO DE CONDUCTA &#8211; 10 PRINCIPIOS B\u00c1SICOS<\/h3>\n<p style=\"font-weight: 400;\">Los 10 puntos que deben cumplirse estrictamente por personas y entidades dispuestas a adoptar el Manual Esfera como eje de sus acciones:<\/p>\n<p style=\"font-weight: 400; text-align: justify;\">1 &#8211; Lo m\u00e1s importante es el deber humanitario.<\/p>\n<p style=\"font-weight: 400; text-align: justify;\">2 &#8211; La ayuda no est\u00e1 sujeta a la raza, credo o nacionalidad de los beneficiarios ni a ninguna otra distinci\u00f3n. El orden de prioridad de asistencia se establece seg\u00fan las necesidades.<\/p>\n<p style=\"font-weight: 400; text-align: justify;\">3 &#8211; La ayuda no se utilizar\u00e1 para promover ninguna opini\u00f3n pol\u00edtica o religiosa.<\/p>\n<p style=\"font-weight: 400; text-align: justify;\">4 &#8211; Nos esforzaremos para no actuar como instrumentos de pol\u00edtica exterior del gobierno.<\/p>\n<p style=\"font-weight: 400; text-align: justify;\">5 &#8211; Respetaremos la cultura y las costumbres locales.<\/p>\n<p style=\"font-weight: 400; text-align: justify;\">6 &#8211; Desarrollaremos capacidades para enfrentar desastres, usando habilidades y recursos disponibles localmente.<\/p>\n<p style=\"font-weight: 400; text-align: justify;\">7 &#8211; Buscaremos formas de involucrar a los beneficiarios de la acci\u00f3n en la administraci\u00f3n de la ayuda humanitaria.<\/p>\n<p style=\"font-weight: 400; text-align: justify;\">8 &#8211; La ayuda humanitaria tendr\u00e1 como objetivo satisfacer las necesidades b\u00e1sicas y reducir la vulnerabilidad a los desastres en el futuro.<\/p>\n<p style=\"font-weight: 400; text-align: justify;\">9 &#8211; Somos responsables por aquellos a quienes tratamos de ayudar y por las personas o instituciones de las cuales aceptamos recursos.<\/p>\n<p style=\"font-weight: 400; text-align: justify;\">10 &#8211; En nuestras actividades de informaci\u00f3n, publicidad y propaganda, reconoceremos a las v\u00edctimas de desastres como seres humanos dignos y no como objetos que inspiran compasi\u00f3n.<\/p>\n<\/blockquote>\n<div class=\"fusion-aligncenter\"><a class=\"fusion-button button-flat fusion-button-default-size button-default fusion-button-default button-1 fusion-button-default-span fusion-button-default-type\" target=\"_blank\" rel=\"noopener noreferrer\" href=\"https:\/\/www.fraterinternacional.org\/wp-content\/uploads\/2019\/12\/El-manual-Esfera-2018-ES.pdf\"><span class=\"fusion-button-text\">Descargue el Manual Efera en Espa\u00f1ol<\/span><\/a><\/div>\n","protected":false},"excerpt":{"rendered":"<p>La importancia de la respuesta humanitaria asertiva Hasta el a\u00f1o 2030, todos tenemos una responsabilidad: los compromisos adquiridos en la [&hellip;]<\/p>\n","protected":false},"author":4,"featured_media":114039,"comment_status":"closed","ping_status":"closed","sticky":false,"template":"","format":"standard","meta":{"footnotes":""},"categories":[173],"tags":[],"class_list":["post-114670","post","type-post","status-publish","format-standard","has-post-thumbnail","hentry","category-noticia"],"yoast_head":"<!-- This site is optimized with the Yoast SEO Premium plugin v21.0 (Yoast SEO v21.0) - https:\/\/yoast.com\/wordpress\/plugins\/seo\/ -->\n<title>Manual de Esfera: tenemos una responsabilidad<\/title>\n<meta name=\"description\" content=\"Hasta el a\u00f1o 2030, todos tenemos una responsabilidad: los compromisos adquiridos en la primera Cumbre Humanitaria Mundial, celebrada en 2016, propuesta en la Agenda 2030 para el Desarrollo Sostenible. Ese a\u00f1o, representantes de los ciento noventa y tres estados miembros de la ONU se reunieron en Nueva York y reconocieron que la erradicaci\u00f3n de la pobreza en todas sus formas y dimensiones, incluida la pobreza extrema, es el mayor desaf\u00edo global y un requisito indispensable para el desarrollo sostenible.\" \/>\n<meta name=\"robots\" content=\"index, follow, max-snippet:-1, max-image-preview:large, max-video-preview:-1\" \/>\n<link rel=\"canonical\" href=\"https:\/\/www.fraterinternacional.org\/es\/manual-de-esfera-tenemos-una-responsabilidad\/\" \/>\n<meta property=\"og:locale\" content=\"es_ES\" \/>\n<meta property=\"og:type\" content=\"article\" \/>\n<meta property=\"og:title\" content=\"Manual de Esfera: tenemos una responsabilidad\" \/>\n<meta property=\"og:description\" content=\"Hasta el a\u00f1o 2030, todos tenemos una responsabilidad: los compromisos adquiridos en la primera Cumbre Humanitaria Mundial, celebrada en 2016, propuesta en la Agenda 2030 para el Desarrollo Sostenible. Ese a\u00f1o, representantes de los ciento noventa y tres estados miembros de la ONU se reunieron en Nueva York y reconocieron que la erradicaci\u00f3n de la pobreza en todas sus formas y dimensiones, incluida la pobreza extrema, es el mayor desaf\u00edo global y un requisito indispensable para el desarrollo sostenible.\" \/>\n<meta property=\"og:url\" content=\"https:\/\/www.fraterinternacional.org\/es\/manual-de-esfera-tenemos-una-responsabilidad\/\" \/>\n<meta property=\"og:site_name\" content=\"Fraternidade - Federa\u00e7\u00e3o Humanit\u00e1ria Internacional\" \/>\n<meta property=\"article:publisher\" content=\"https:\/\/www.facebook.com\/fraternidadehumanitaria\" \/>\n<meta property=\"article:published_time\" content=\"2020-05-15T13:39:03+00:00\" \/>\n<meta property=\"article:modified_time\" content=\"2020-05-15T15:16:40+00:00\" \/>\n<meta property=\"og:image\" content=\"https:\/\/www.fraterinternacional.org\/wp-content\/uploads\/2020\/04\/capa-manual-esfera02.jpg\" \/>\n\t<meta property=\"og:image:width\" content=\"960\" \/>\n\t<meta property=\"og:image:height\" content=\"692\" \/>\n\t<meta property=\"og:image:type\" content=\"image\/jpeg\" \/>\n<meta name=\"author\" content=\"maducato_admin\" \/>\n<meta name=\"twitter:card\" content=\"summary_large_image\" \/>\n<meta name=\"twitter:creator\" content=\"@fraternidadeFHI\" \/>\n<meta name=\"twitter:site\" content=\"@fraternidadeFHI\" \/>\n<meta name=\"twitter:label1\" content=\"Escrito por\" \/>\n\t<meta name=\"twitter:data1\" content=\"maducato_admin\" \/>\n\t<meta name=\"twitter:label2\" content=\"Tiempo de lectura\" \/>\n\t<meta name=\"twitter:data2\" content=\"5 minutos\" \/>\n<script type=\"application\/ld+json\" class=\"yoast-schema-graph\">{\"@context\":\"https:\/\/schema.org\",\"@graph\":[{\"@type\":\"WebPage\",\"@id\":\"https:\/\/www.fraterinternacional.org\/es\/manual-de-esfera-tenemos-una-responsabilidad\/\",\"url\":\"https:\/\/www.fraterinternacional.org\/es\/manual-de-esfera-tenemos-una-responsabilidad\/\",\"name\":\"Manual de Esfera: tenemos una responsabilidad\",\"isPartOf\":{\"@id\":\"https:\/\/www.fraterinternacional.org\/es\/#website\"},\"datePublished\":\"2020-05-15T13:39:03+00:00\",\"dateModified\":\"2020-05-15T15:16:40+00:00\",\"author\":{\"@id\":\"https:\/\/www.fraterinternacional.org\/es\/#\/schema\/person\/19cb7a5541fd019768c7fe255d72701e\"},\"description\":\"Hasta el a\u00f1o 2030, todos tenemos una responsabilidad: los compromisos adquiridos en la primera Cumbre Humanitaria Mundial, celebrada en 2016, propuesta en la Agenda 2030 para el Desarrollo Sostenible. Ese a\u00f1o, representantes de los ciento noventa y tres estados miembros de la ONU se reunieron en Nueva York y reconocieron que la erradicaci\u00f3n de la pobreza en todas sus formas y dimensiones, incluida la pobreza extrema, es el mayor desaf\u00edo global y un requisito indispensable para el desarrollo sostenible.\",\"breadcrumb\":{\"@id\":\"https:\/\/www.fraterinternacional.org\/es\/manual-de-esfera-tenemos-una-responsabilidad\/#breadcrumb\"},\"inLanguage\":\"es\",\"potentialAction\":[{\"@type\":\"ReadAction\",\"target\":[\"https:\/\/www.fraterinternacional.org\/es\/manual-de-esfera-tenemos-una-responsabilidad\/\"]}]},{\"@type\":\"BreadcrumbList\",\"@id\":\"https:\/\/www.fraterinternacional.org\/es\/manual-de-esfera-tenemos-una-responsabilidad\/#breadcrumb\",\"itemListElement\":[{\"@type\":\"ListItem\",\"position\":1,\"name\":\"In\u00edcio\",\"item\":\"https:\/\/www.fraterinternacional.org\/es\/\"},{\"@type\":\"ListItem\",\"position\":2,\"name\":\"Manual de Esfera: tenemos una responsabilidad\"}]},{\"@type\":\"WebSite\",\"@id\":\"https:\/\/www.fraterinternacional.org\/es\/#website\",\"url\":\"https:\/\/www.fraterinternacional.org\/es\/\",\"name\":\"Fraternidade - Federa\u00e7\u00e3o Humanit\u00e1ria Internacional\",\"description\":\"Fraternidade - Federa\u00e7\u00e3o Humanit\u00e1ria Internacional\",\"potentialAction\":[{\"@type\":\"SearchAction\",\"target\":{\"@type\":\"EntryPoint\",\"urlTemplate\":\"https:\/\/www.fraterinternacional.org\/es\/?s={search_term_string}\"},\"query-input\":\"required name=search_term_string\"}],\"inLanguage\":\"es\"},{\"@type\":\"Person\",\"@id\":\"https:\/\/www.fraterinternacional.org\/es\/#\/schema\/person\/19cb7a5541fd019768c7fe255d72701e\",\"name\":\"maducato_admin\"}]}<\/script>\n<!-- \/ Yoast SEO Premium plugin. -->","yoast_head_json":{"title":"Manual de Esfera: tenemos una responsabilidad","description":"Hasta el a\u00f1o 2030, todos tenemos una responsabilidad: los compromisos adquiridos en la primera Cumbre Humanitaria Mundial, celebrada en 2016, propuesta en la Agenda 2030 para el Desarrollo Sostenible. Ese a\u00f1o, representantes de los ciento noventa y tres estados miembros de la ONU se reunieron en Nueva York y reconocieron que la erradicaci\u00f3n de la pobreza en todas sus formas y dimensiones, incluida la pobreza extrema, es el mayor desaf\u00edo global y un requisito indispensable para el desarrollo sostenible.","robots":{"index":"index","follow":"follow","max-snippet":"max-snippet:-1","max-image-preview":"max-image-preview:large","max-video-preview":"max-video-preview:-1"},"canonical":"https:\/\/www.fraterinternacional.org\/es\/manual-de-esfera-tenemos-una-responsabilidad\/","og_locale":"es_ES","og_type":"article","og_title":"Manual de Esfera: tenemos una responsabilidad","og_description":"Hasta el a\u00f1o 2030, todos tenemos una responsabilidad: los compromisos adquiridos en la primera Cumbre Humanitaria Mundial, celebrada en 2016, propuesta en la Agenda 2030 para el Desarrollo Sostenible. Ese a\u00f1o, representantes de los ciento noventa y tres estados miembros de la ONU se reunieron en Nueva York y reconocieron que la erradicaci\u00f3n de la pobreza en todas sus formas y dimensiones, incluida la pobreza extrema, es el mayor desaf\u00edo global y un requisito indispensable para el desarrollo sostenible.","og_url":"https:\/\/www.fraterinternacional.org\/es\/manual-de-esfera-tenemos-una-responsabilidad\/","og_site_name":"Fraternidade - Federa\u00e7\u00e3o Humanit\u00e1ria Internacional","article_publisher":"https:\/\/www.facebook.com\/fraternidadehumanitaria","article_published_time":"2020-05-15T13:39:03+00:00","article_modified_time":"2020-05-15T15:16:40+00:00","og_image":[{"width":960,"height":692,"url":"https:\/\/www.fraterinternacional.org\/wp-content\/uploads\/2020\/04\/capa-manual-esfera02.jpg","type":"image\/jpeg"}],"author":"maducato_admin","twitter_card":"summary_large_image","twitter_creator":"@fraternidadeFHI","twitter_site":"@fraternidadeFHI","twitter_misc":{"Escrito por":"maducato_admin","Tiempo de lectura":"5 minutos"},"schema":{"@context":"https:\/\/schema.org","@graph":[{"@type":"WebPage","@id":"https:\/\/www.fraterinternacional.org\/es\/manual-de-esfera-tenemos-una-responsabilidad\/","url":"https:\/\/www.fraterinternacional.org\/es\/manual-de-esfera-tenemos-una-responsabilidad\/","name":"Manual de Esfera: tenemos una responsabilidad","isPartOf":{"@id":"https:\/\/www.fraterinternacional.org\/es\/#website"},"datePublished":"2020-05-15T13:39:03+00:00","dateModified":"2020-05-15T15:16:40+00:00","author":{"@id":"https:\/\/www.fraterinternacional.org\/es\/#\/schema\/person\/19cb7a5541fd019768c7fe255d72701e"},"description":"Hasta el a\u00f1o 2030, todos tenemos una responsabilidad: los compromisos adquiridos en la primera Cumbre Humanitaria Mundial, celebrada en 2016, propuesta en la Agenda 2030 para el Desarrollo Sostenible. Ese a\u00f1o, representantes de los ciento noventa y tres estados miembros de la ONU se reunieron en Nueva York y reconocieron que la erradicaci\u00f3n de la pobreza en todas sus formas y dimensiones, incluida la pobreza extrema, es el mayor desaf\u00edo global y un requisito indispensable para el desarrollo sostenible.","breadcrumb":{"@id":"https:\/\/www.fraterinternacional.org\/es\/manual-de-esfera-tenemos-una-responsabilidad\/#breadcrumb"},"inLanguage":"es","potentialAction":[{"@type":"ReadAction","target":["https:\/\/www.fraterinternacional.org\/es\/manual-de-esfera-tenemos-una-responsabilidad\/"]}]},{"@type":"BreadcrumbList","@id":"https:\/\/www.fraterinternacional.org\/es\/manual-de-esfera-tenemos-una-responsabilidad\/#breadcrumb","itemListElement":[{"@type":"ListItem","position":1,"name":"In\u00edcio","item":"https:\/\/www.fraterinternacional.org\/es\/"},{"@type":"ListItem","position":2,"name":"Manual de Esfera: tenemos una responsabilidad"}]},{"@type":"WebSite","@id":"https:\/\/www.fraterinternacional.org\/es\/#website","url":"https:\/\/www.fraterinternacional.org\/es\/","name":"Fraternidade - Federa\u00e7\u00e3o Humanit\u00e1ria Internacional","description":"Fraternidade - Federa\u00e7\u00e3o Humanit\u00e1ria Internacional","potentialAction":[{"@type":"SearchAction","target":{"@type":"EntryPoint","urlTemplate":"https:\/\/www.fraterinternacional.org\/es\/?s={search_term_string}"},"query-input":"required name=search_term_string"}],"inLanguage":"es"},{"@type":"Person","@id":"https:\/\/www.fraterinternacional.org\/es\/#\/schema\/person\/19cb7a5541fd019768c7fe255d72701e","name":"maducato_admin"}]}},"_links":{"self":[{"href":"https:\/\/www.fraterinternacional.org\/es\/wp-json\/wp\/v2\/posts\/114670"}],"collection":[{"href":"https:\/\/www.fraterinternacional.org\/es\/wp-json\/wp\/v2\/posts"}],"about":[{"href":"https:\/\/www.fraterinternacional.org\/es\/wp-json\/wp\/v2\/types\/post"}],"author":[{"embeddable":true,"href":"https:\/\/www.fraterinternacional.org\/es\/wp-json\/wp\/v2\/users\/4"}],"replies":[{"embeddable":true,"href":"https:\/\/www.fraterinternacional.org\/es\/wp-json\/wp\/v2\/comments?post=114670"}],"version-history":[{"count":0,"href":"https:\/\/www.fraterinternacional.org\/es\/wp-json\/wp\/v2\/posts\/114670\/revisions"}],"wp:featuredmedia":[{"embeddable":true,"href":"https:\/\/www.fraterinternacional.org\/es\/wp-json\/wp\/v2\/media\/114039"}],"wp:attachment":[{"href":"https:\/\/www.fraterinternacional.org\/es\/wp-json\/wp\/v2\/media?parent=114670"}],"wp:term":[{"taxonomy":"category","embeddable":true,"href":"https:\/\/www.fraterinternacional.org\/es\/wp-json\/wp\/v2\/categories?post=114670"},{"taxonomy":"post_tag","embeddable":true,"href":"https:\/\/www.fraterinternacional.org\/es\/wp-json\/wp\/v2\/tags?post=114670"}],"curies":[{"name":"wp","href":"https:\/\/api.w.org\/{rel}","templated":true}]}}