{"id":113772,"date":"2020-04-23T18:14:34","date_gmt":"2020-04-23T21:14:34","guid":{"rendered":"https:\/\/www.fraterinternacional.org\/?p=113772"},"modified":"2020-04-23T18:14:34","modified_gmt":"2020-04-23T21:14:34","slug":"actualizacion-del-sistema-de-comunicacion-en-la-comunidad-luz-fraternidad-de-aurora","status":"publish","type":"post","link":"https:\/\/www.fraterinternacional.org\/es\/actualizacion-del-sistema-de-comunicacion-en-la-comunidad-luz-fraternidad-de-aurora\/","title":{"rendered":"Actualizaci\u00f3n del sistema de comunicaci\u00f3n en la Comunidad-Luz Fraternidad de Aurora"},"content":{"rendered":"<p style=\"text-align: justify;\">En los \u00faltimos meses, la\u00a0<strong><a href=\"https:\/\/www.fraternidadaurora.org\/\" target=\"_blank\" rel=\"noopener noreferrer\">Comunidad-Luz Fraternidad de Aurora<\/a><\/strong>\u00a0dio un gran impulso para hacer factible la comunicaci\u00f3n v\u00eda radio, instalando antenas y equipamiento necesario para el buen funcionamiento entre las \u00e1reas de la comunidad y planeando la comunicaci\u00f3n, en un futuro, entre las Comunidades-Luz y los radioaficionados del mundo.<\/p>\n<div id=\"attachment_113281\" style=\"width: 1010px\" class=\"wp-caption aligncenter\"><a href=\"https:\/\/www.fraterinternacional.org\/wp-content\/uploads\/2020\/04\/comunicacao-comunidade-aurora-ffhi01.jpg\"><img decoding=\"async\" aria-describedby=\"caption-attachment-113281\" class=\"wp-image-113281 size-full\" src=\"https:\/\/www.fraterinternacional.org\/wp-content\/uploads\/2020\/04\/comunicacao-comunidade-aurora-ffhi01.jpg\" alt=\"Sistema de Comunica\u00e7\u00e3o na Comunidade-Luz Fraternidade Aurora\" width=\"1000\" height=\"750\" srcset=\"https:\/\/www.fraterinternacional.org\/wp-content\/uploads\/2020\/04\/comunicacao-comunidade-aurora-ffhi01-200x150.jpg 200w, https:\/\/www.fraterinternacional.org\/wp-content\/uploads\/2020\/04\/comunicacao-comunidade-aurora-ffhi01-300x225.jpg 300w, https:\/\/www.fraterinternacional.org\/wp-content\/uploads\/2020\/04\/comunicacao-comunidade-aurora-ffhi01-400x300.jpg 400w, https:\/\/www.fraterinternacional.org\/wp-content\/uploads\/2020\/04\/comunicacao-comunidade-aurora-ffhi01-600x450.jpg 600w, https:\/\/www.fraterinternacional.org\/wp-content\/uploads\/2020\/04\/comunicacao-comunidade-aurora-ffhi01-800x600.jpg 800w, https:\/\/www.fraterinternacional.org\/wp-content\/uploads\/2020\/04\/comunicacao-comunidade-aurora-ffhi01.jpg 1000w\" sizes=\"(max-width: 1000px) 100vw, 1000px\" \/><\/a><p id=\"caption-attachment-113281\" class=\"wp-caption-text\">Instalaci\u00f3n del sistema de radiodifusi\u00f3n en la Comunidad -Luz<\/p><\/div>\n<p style=\"text-align: justify;\">\u00abLa instalaci\u00f3n de este sistema se dividi\u00f3 en tres etapas. La primera y principal se realiz\u00f3 en varios puntos clave de las tres \u00e1reas de la Comunidad-Luz, que permite la comunicaci\u00f3n dentro y entre ellas. La segunda fue la instalaci\u00f3n de una estaci\u00f3n fuera de la comunidad, en la casa de un colaborador, para cualquier emergencia. Y la tercera etapa, a\u00fan no concluida, es activar una estaci\u00f3n en el \u00e1rea R3 que permita la comunicaci\u00f3n con las principales comunidades de la obra y con radioaficionados de otros pa\u00edses\u00bb, nos dice Wanderley Freitas, un radioaficionado brasile\u00f1o con m\u00e1s de 30 a\u00f1os de experiencia, que forma parte de este procedimiento.<\/p>\n<div id=\"attachment_113284\" style=\"width: 1010px\" class=\"wp-caption aligncenter\"><a href=\"https:\/\/www.fraterinternacional.org\/wp-content\/uploads\/2020\/04\/comunicacao-comunidade-aurora-ffhi02.jpg\"><img decoding=\"async\" aria-describedby=\"caption-attachment-113284\" class=\"wp-image-113284 size-full\" src=\"https:\/\/www.fraterinternacional.org\/wp-content\/uploads\/2020\/04\/comunicacao-comunidade-aurora-ffhi02.jpg\" alt=\"Sistema de Comunica\u00e7\u00e3o na Comunidade-Luz Fraternidade Aurora\" width=\"1000\" height=\"750\" srcset=\"https:\/\/www.fraterinternacional.org\/wp-content\/uploads\/2020\/04\/comunicacao-comunidade-aurora-ffhi02-200x150.jpg 200w, https:\/\/www.fraterinternacional.org\/wp-content\/uploads\/2020\/04\/comunicacao-comunidade-aurora-ffhi02-300x225.jpg 300w, https:\/\/www.fraterinternacional.org\/wp-content\/uploads\/2020\/04\/comunicacao-comunidade-aurora-ffhi02-400x300.jpg 400w, https:\/\/www.fraterinternacional.org\/wp-content\/uploads\/2020\/04\/comunicacao-comunidade-aurora-ffhi02-600x450.jpg 600w, https:\/\/www.fraterinternacional.org\/wp-content\/uploads\/2020\/04\/comunicacao-comunidade-aurora-ffhi02-800x600.jpg 800w, https:\/\/www.fraterinternacional.org\/wp-content\/uploads\/2020\/04\/comunicacao-comunidade-aurora-ffhi02.jpg 1000w\" sizes=\"(max-width: 1000px) 100vw, 1000px\" \/><\/a><p id=\"caption-attachment-113284\" class=\"wp-caption-text\">Wanderley Freitas orienta a la Comunidad-Luz sobre el uso \u00e9tico de la radiodifusi\u00f3n<\/p><\/div>\n<p style=\"text-align: justify;\">Las estaciones ser\u00e1n accionadas con energ\u00eda solar y pueden operar durante tormentas, ca\u00eddas de energ\u00eda y otras adversidades que imposibiliten el uso del tel\u00e9fono celular. Actualmente, este tipo de comunicaci\u00f3n ya est\u00e1 en funcionamiento entre las tres \u00e1reas en un radio de varios kil\u00f3metros.<\/p>\n<p style=\"text-align: justify;\">La radio, instalada con la finalidad de comunicaci\u00f3n global, permite el contacto sin ning\u00fan costo, con una gran red de radioaficionados establecida en todo el mundo, los cuales mediante el trabajo altruista, tienen un papel importante de auxilio en cat\u00e1strofes y accidentes. El principal objetivo que se est\u00e1 trabajando es la comunicaci\u00f3n entre las comunidades-luz, que nos permitir\u00e1 mantener la unidad en los pr\u00f3ximos tiempos.<\/p>\n<div id=\"attachment_113287\" style=\"width: 1010px\" class=\"wp-caption aligncenter\"><a href=\"https:\/\/www.fraterinternacional.org\/wp-content\/uploads\/2020\/04\/comunicacao-comunidade-aurora-ffhi03.jpg\"><img decoding=\"async\" aria-describedby=\"caption-attachment-113287\" class=\"wp-image-113287 size-full\" src=\"https:\/\/www.fraterinternacional.org\/wp-content\/uploads\/2020\/04\/comunicacao-comunidade-aurora-ffhi03.jpg\" alt=\"Sistema de Comunica\u00e7\u00e3o na Comunidade-Luz Fraternidade Aurora\" width=\"1000\" height=\"667\" srcset=\"https:\/\/www.fraterinternacional.org\/wp-content\/uploads\/2020\/04\/comunicacao-comunidade-aurora-ffhi03-200x133.jpg 200w, https:\/\/www.fraterinternacional.org\/wp-content\/uploads\/2020\/04\/comunicacao-comunidade-aurora-ffhi03-300x200.jpg 300w, https:\/\/www.fraterinternacional.org\/wp-content\/uploads\/2020\/04\/comunicacao-comunidade-aurora-ffhi03-400x267.jpg 400w, https:\/\/www.fraterinternacional.org\/wp-content\/uploads\/2020\/04\/comunicacao-comunidade-aurora-ffhi03-600x400.jpg 600w, https:\/\/www.fraterinternacional.org\/wp-content\/uploads\/2020\/04\/comunicacao-comunidade-aurora-ffhi03-800x534.jpg 800w, https:\/\/www.fraterinternacional.org\/wp-content\/uploads\/2020\/04\/comunicacao-comunidade-aurora-ffhi03.jpg 1000w\" sizes=\"(max-width: 1000px) 100vw, 1000px\" \/><\/a><p id=\"caption-attachment-113287\" class=\"wp-caption-text\">Aprendiendo a operar las radios de acuerdo con la legislaci\u00f3n<\/p><\/div>\n<p style=\"text-align: justify;\">Maur\u00edcio, uno de los radioaficionados habilitados de la <a href=\"https:\/\/www.fraternidadaurora.org\/\" target=\"_blank\" rel=\"noopener noreferrer\"><strong>Comunidad-Luz Fraternidad de Aurora,<\/strong><\/a>\u00a0cuenta que \u00ablas estaciones de radio posibilitan la comunicaci\u00f3n y la cooperaci\u00f3n abnegada, no solamente entre los grupos de servicio organizados por esta obra, si no tambi\u00e9n con otras\u00a0<strong><a href=\"https:\/\/www.fraterinternacional.org\/es\/afiliadas\/\" target=\"_blank\" rel=\"noopener noreferrer\">C<\/a><a href=\"https:\/\/www.fraterinternacional.org\/es\/afiliadas\/\" target=\"_blank\" rel=\"noopener noreferrer\">omunidades-Luz<\/a><\/strong>\u00a0y otros lugares del mundo\u00bb.<\/p>\n<p style=\"text-align: justify;\">En febrero de 2020, se realiz\u00f3 una charla a cargo de Wanderley Freitas para orientar a la Comunidad-Luz sobre el uso \u00e9tico y consciente de este importante medio de comunicaci\u00f3n. \u00c9l comenta: \u00abeste sistema, adem\u00e1s de todos los beneficios que presenta, tambi\u00e9n nos ense\u00f1a a &#8216;o\u00edr&#8217;. Est\u00e1 educ\u00e1ndonos para que el otro termine de hablar antes de poder responder, para hablar en el momento adecuado\u00bb.<\/p>\n<div id=\"attachment_113278\" style=\"width: 1010px\" class=\"wp-caption aligncenter\"><a href=\"https:\/\/www.fraterinternacional.org\/wp-content\/uploads\/2020\/04\/comunicacao-comunidade-aurora-ffhi04.jpg\"><img decoding=\"async\" aria-describedby=\"caption-attachment-113278\" class=\"wp-image-113278 size-full\" src=\"https:\/\/www.fraterinternacional.org\/wp-content\/uploads\/2020\/04\/comunicacao-comunidade-aurora-ffhi04.jpg\" alt=\"\" width=\"1000\" height=\"750\" srcset=\"https:\/\/www.fraterinternacional.org\/wp-content\/uploads\/2020\/04\/comunicacao-comunidade-aurora-ffhi04-200x150.jpg 200w, https:\/\/www.fraterinternacional.org\/wp-content\/uploads\/2020\/04\/comunicacao-comunidade-aurora-ffhi04-300x225.jpg 300w, https:\/\/www.fraterinternacional.org\/wp-content\/uploads\/2020\/04\/comunicacao-comunidade-aurora-ffhi04-400x300.jpg 400w, https:\/\/www.fraterinternacional.org\/wp-content\/uploads\/2020\/04\/comunicacao-comunidade-aurora-ffhi04-600x450.jpg 600w, https:\/\/www.fraterinternacional.org\/wp-content\/uploads\/2020\/04\/comunicacao-comunidade-aurora-ffhi04-800x600.jpg 800w, https:\/\/www.fraterinternacional.org\/wp-content\/uploads\/2020\/04\/comunicacao-comunidade-aurora-ffhi04.jpg 1000w\" sizes=\"(max-width: 1000px) 100vw, 1000px\" \/><\/a><p id=\"caption-attachment-113278\" class=\"wp-caption-text\">Uso de la radio para promover solidaridad y servicio desinteresado<\/p><\/div>\n<p style=\"text-align: justify;\">La mayor\u00eda de los miembros de esta Comunidad-Luz se est\u00e1n preparando para la prueba que los calificar\u00e1 como radioaficionados, lo que les permitir\u00e1 operar las radios obedeciendo la legislaci\u00f3n y promoviendo solidaridad y servicio desinteresado para aquellos que m\u00e1s necesitan.<\/p>\n","protected":false},"excerpt":{"rendered":"<p>En los \u00faltimos meses, la\u00a0Comunidad-Luz Fraternidad de Aurora\u00a0dio un gran impulso para hacer factible la comunicaci\u00f3n v\u00eda radio, instalando antenas [&hellip;]<\/p>\n","protected":false},"author":4,"featured_media":113289,"comment_status":"closed","ping_status":"closed","sticky":false,"template":"","format":"standard","meta":{"footnotes":""},"categories":[173],"tags":[],"class_list":["post-113772","post","type-post","status-publish","format-standard","has-post-thumbnail","hentry","category-noticia"],"yoast_head":"<!-- This site is optimized with the Yoast SEO Premium plugin v21.0 (Yoast SEO v21.0) - https:\/\/yoast.com\/wordpress\/plugins\/seo\/ -->\n<title>Actualizaci\u00f3n del sistema de comunicaci\u00f3n en la Comunidad-Luz Fraternidad de Aurora<\/title>\n<meta name=\"description\" content=\"En los \u00faltimos meses, la Comunidad-Luz Fraternidad de Aurora dio un gran impulso para hacer factible la comunicaci\u00f3n v\u00eda radio, instalando antenas y equipamiento necesario para el buen funcionamiento entre las \u00e1reas de la comunidad y planeando la comunicaci\u00f3n, en un futuro, entre las Comunidades-Luz y los radioaficionados del mundo.\" \/>\n<meta name=\"robots\" content=\"index, follow, max-snippet:-1, max-image-preview:large, max-video-preview:-1\" \/>\n<link rel=\"canonical\" href=\"https:\/\/www.fraterinternacional.org\/es\/actualizacion-del-sistema-de-comunicacion-en-la-comunidad-luz-fraternidad-de-aurora\/\" \/>\n<meta property=\"og:locale\" content=\"es_ES\" \/>\n<meta property=\"og:type\" content=\"article\" \/>\n<meta property=\"og:title\" content=\"Actualizaci\u00f3n del sistema de comunicaci\u00f3n en la Comunidad-Luz Fraternidad de Aurora\" \/>\n<meta property=\"og:description\" content=\"En los \u00faltimos meses, la Comunidad-Luz Fraternidad de Aurora dio un gran impulso para hacer factible la comunicaci\u00f3n v\u00eda radio, instalando antenas y equipamiento necesario para el buen funcionamiento entre las \u00e1reas de la comunidad y planeando la comunicaci\u00f3n, en un futuro, entre las Comunidades-Luz y los radioaficionados del mundo.\" \/>\n<meta property=\"og:url\" content=\"https:\/\/www.fraterinternacional.org\/es\/actualizacion-del-sistema-de-comunicacion-en-la-comunidad-luz-fraternidad-de-aurora\/\" \/>\n<meta property=\"og:site_name\" content=\"Fraternidade - Federa\u00e7\u00e3o Humanit\u00e1ria Internacional\" \/>\n<meta property=\"article:publisher\" content=\"https:\/\/www.facebook.com\/fraternidadehumanitaria\" \/>\n<meta property=\"article:published_time\" content=\"2020-04-23T21:14:34+00:00\" \/>\n<meta property=\"og:image\" content=\"https:\/\/www.fraterinternacional.org\/wp-content\/uploads\/2020\/04\/comunicacao-comunidade-aurora-ffhi03.jpg\" \/>\n\t<meta property=\"og:image:width\" content=\"1000\" \/>\n\t<meta property=\"og:image:height\" content=\"667\" \/>\n\t<meta property=\"og:image:type\" content=\"image\/jpeg\" \/>\n<meta name=\"author\" content=\"maducato_admin\" \/>\n<meta name=\"twitter:card\" content=\"summary_large_image\" \/>\n<meta name=\"twitter:creator\" content=\"@fraternidadeFHI\" \/>\n<meta name=\"twitter:site\" content=\"@fraternidadeFHI\" \/>\n<meta name=\"twitter:label1\" content=\"Escrito por\" \/>\n\t<meta name=\"twitter:data1\" content=\"maducato_admin\" \/>\n\t<meta name=\"twitter:label2\" content=\"Tiempo de lectura\" \/>\n\t<meta name=\"twitter:data2\" content=\"3 minutos\" \/>\n<script type=\"application\/ld+json\" class=\"yoast-schema-graph\">{\"@context\":\"https:\/\/schema.org\",\"@graph\":[{\"@type\":\"WebPage\",\"@id\":\"https:\/\/www.fraterinternacional.org\/es\/actualizacion-del-sistema-de-comunicacion-en-la-comunidad-luz-fraternidad-de-aurora\/\",\"url\":\"https:\/\/www.fraterinternacional.org\/es\/actualizacion-del-sistema-de-comunicacion-en-la-comunidad-luz-fraternidad-de-aurora\/\",\"name\":\"Actualizaci\u00f3n del sistema de comunicaci\u00f3n en la Comunidad-Luz Fraternidad de Aurora\",\"isPartOf\":{\"@id\":\"https:\/\/www.fraterinternacional.org\/es\/#website\"},\"datePublished\":\"2020-04-23T21:14:34+00:00\",\"dateModified\":\"2020-04-23T21:14:34+00:00\",\"author\":{\"@id\":\"https:\/\/www.fraterinternacional.org\/es\/#\/schema\/person\/19cb7a5541fd019768c7fe255d72701e\"},\"description\":\"En los \u00faltimos meses, la Comunidad-Luz Fraternidad de Aurora dio un gran impulso para hacer factible la comunicaci\u00f3n v\u00eda radio, instalando antenas y equipamiento necesario para el buen funcionamiento entre las \u00e1reas de la comunidad y planeando la comunicaci\u00f3n, en un futuro, entre las Comunidades-Luz y los radioaficionados del mundo.\",\"breadcrumb\":{\"@id\":\"https:\/\/www.fraterinternacional.org\/es\/actualizacion-del-sistema-de-comunicacion-en-la-comunidad-luz-fraternidad-de-aurora\/#breadcrumb\"},\"inLanguage\":\"es\",\"potentialAction\":[{\"@type\":\"ReadAction\",\"target\":[\"https:\/\/www.fraterinternacional.org\/es\/actualizacion-del-sistema-de-comunicacion-en-la-comunidad-luz-fraternidad-de-aurora\/\"]}]},{\"@type\":\"BreadcrumbList\",\"@id\":\"https:\/\/www.fraterinternacional.org\/es\/actualizacion-del-sistema-de-comunicacion-en-la-comunidad-luz-fraternidad-de-aurora\/#breadcrumb\",\"itemListElement\":[{\"@type\":\"ListItem\",\"position\":1,\"name\":\"In\u00edcio\",\"item\":\"https:\/\/www.fraterinternacional.org\/es\/\"},{\"@type\":\"ListItem\",\"position\":2,\"name\":\"Actualizaci\u00f3n del sistema de comunicaci\u00f3n en la Comunidad-Luz Fraternidad de Aurora\"}]},{\"@type\":\"WebSite\",\"@id\":\"https:\/\/www.fraterinternacional.org\/es\/#website\",\"url\":\"https:\/\/www.fraterinternacional.org\/es\/\",\"name\":\"Fraternidade - Federa\u00e7\u00e3o Humanit\u00e1ria Internacional\",\"description\":\"Fraternidade - Federa\u00e7\u00e3o Humanit\u00e1ria Internacional\",\"potentialAction\":[{\"@type\":\"SearchAction\",\"target\":{\"@type\":\"EntryPoint\",\"urlTemplate\":\"https:\/\/www.fraterinternacional.org\/es\/?s={search_term_string}\"},\"query-input\":\"required name=search_term_string\"}],\"inLanguage\":\"es\"},{\"@type\":\"Person\",\"@id\":\"https:\/\/www.fraterinternacional.org\/es\/#\/schema\/person\/19cb7a5541fd019768c7fe255d72701e\",\"name\":\"maducato_admin\"}]}<\/script>\n<!-- \/ Yoast SEO Premium plugin. -->","yoast_head_json":{"title":"Actualizaci\u00f3n del sistema de comunicaci\u00f3n en la Comunidad-Luz Fraternidad de Aurora","description":"En los \u00faltimos meses, la Comunidad-Luz Fraternidad de Aurora dio un gran impulso para hacer factible la comunicaci\u00f3n v\u00eda radio, instalando antenas y equipamiento necesario para el buen funcionamiento entre las \u00e1reas de la comunidad y planeando la comunicaci\u00f3n, en un futuro, entre las Comunidades-Luz y los radioaficionados del mundo.","robots":{"index":"index","follow":"follow","max-snippet":"max-snippet:-1","max-image-preview":"max-image-preview:large","max-video-preview":"max-video-preview:-1"},"canonical":"https:\/\/www.fraterinternacional.org\/es\/actualizacion-del-sistema-de-comunicacion-en-la-comunidad-luz-fraternidad-de-aurora\/","og_locale":"es_ES","og_type":"article","og_title":"Actualizaci\u00f3n del sistema de comunicaci\u00f3n en la Comunidad-Luz Fraternidad de Aurora","og_description":"En los \u00faltimos meses, la Comunidad-Luz Fraternidad de Aurora dio un gran impulso para hacer factible la comunicaci\u00f3n v\u00eda radio, instalando antenas y equipamiento necesario para el buen funcionamiento entre las \u00e1reas de la comunidad y planeando la comunicaci\u00f3n, en un futuro, entre las Comunidades-Luz y los radioaficionados del mundo.","og_url":"https:\/\/www.fraterinternacional.org\/es\/actualizacion-del-sistema-de-comunicacion-en-la-comunidad-luz-fraternidad-de-aurora\/","og_site_name":"Fraternidade - Federa\u00e7\u00e3o Humanit\u00e1ria Internacional","article_publisher":"https:\/\/www.facebook.com\/fraternidadehumanitaria","article_published_time":"2020-04-23T21:14:34+00:00","og_image":[{"width":1000,"height":667,"url":"https:\/\/www.fraterinternacional.org\/wp-content\/uploads\/2020\/04\/comunicacao-comunidade-aurora-ffhi03.jpg","type":"image\/jpeg"}],"author":"maducato_admin","twitter_card":"summary_large_image","twitter_creator":"@fraternidadeFHI","twitter_site":"@fraternidadeFHI","twitter_misc":{"Escrito por":"maducato_admin","Tiempo de lectura":"3 minutos"},"schema":{"@context":"https:\/\/schema.org","@graph":[{"@type":"WebPage","@id":"https:\/\/www.fraterinternacional.org\/es\/actualizacion-del-sistema-de-comunicacion-en-la-comunidad-luz-fraternidad-de-aurora\/","url":"https:\/\/www.fraterinternacional.org\/es\/actualizacion-del-sistema-de-comunicacion-en-la-comunidad-luz-fraternidad-de-aurora\/","name":"Actualizaci\u00f3n del sistema de comunicaci\u00f3n en la Comunidad-Luz Fraternidad de Aurora","isPartOf":{"@id":"https:\/\/www.fraterinternacional.org\/es\/#website"},"datePublished":"2020-04-23T21:14:34+00:00","dateModified":"2020-04-23T21:14:34+00:00","author":{"@id":"https:\/\/www.fraterinternacional.org\/es\/#\/schema\/person\/19cb7a5541fd019768c7fe255d72701e"},"description":"En los \u00faltimos meses, la Comunidad-Luz Fraternidad de Aurora dio un gran impulso para hacer factible la comunicaci\u00f3n v\u00eda radio, instalando antenas y equipamiento necesario para el buen funcionamiento entre las \u00e1reas de la comunidad y planeando la comunicaci\u00f3n, en un futuro, entre las Comunidades-Luz y los radioaficionados del mundo.","breadcrumb":{"@id":"https:\/\/www.fraterinternacional.org\/es\/actualizacion-del-sistema-de-comunicacion-en-la-comunidad-luz-fraternidad-de-aurora\/#breadcrumb"},"inLanguage":"es","potentialAction":[{"@type":"ReadAction","target":["https:\/\/www.fraterinternacional.org\/es\/actualizacion-del-sistema-de-comunicacion-en-la-comunidad-luz-fraternidad-de-aurora\/"]}]},{"@type":"BreadcrumbList","@id":"https:\/\/www.fraterinternacional.org\/es\/actualizacion-del-sistema-de-comunicacion-en-la-comunidad-luz-fraternidad-de-aurora\/#breadcrumb","itemListElement":[{"@type":"ListItem","position":1,"name":"In\u00edcio","item":"https:\/\/www.fraterinternacional.org\/es\/"},{"@type":"ListItem","position":2,"name":"Actualizaci\u00f3n del sistema de comunicaci\u00f3n en la Comunidad-Luz Fraternidad de Aurora"}]},{"@type":"WebSite","@id":"https:\/\/www.fraterinternacional.org\/es\/#website","url":"https:\/\/www.fraterinternacional.org\/es\/","name":"Fraternidade - Federa\u00e7\u00e3o Humanit\u00e1ria Internacional","description":"Fraternidade - Federa\u00e7\u00e3o Humanit\u00e1ria Internacional","potentialAction":[{"@type":"SearchAction","target":{"@type":"EntryPoint","urlTemplate":"https:\/\/www.fraterinternacional.org\/es\/?s={search_term_string}"},"query-input":"required name=search_term_string"}],"inLanguage":"es"},{"@type":"Person","@id":"https:\/\/www.fraterinternacional.org\/es\/#\/schema\/person\/19cb7a5541fd019768c7fe255d72701e","name":"maducato_admin"}]}},"_links":{"self":[{"href":"https:\/\/www.fraterinternacional.org\/es\/wp-json\/wp\/v2\/posts\/113772"}],"collection":[{"href":"https:\/\/www.fraterinternacional.org\/es\/wp-json\/wp\/v2\/posts"}],"about":[{"href":"https:\/\/www.fraterinternacional.org\/es\/wp-json\/wp\/v2\/types\/post"}],"author":[{"embeddable":true,"href":"https:\/\/www.fraterinternacional.org\/es\/wp-json\/wp\/v2\/users\/4"}],"replies":[{"embeddable":true,"href":"https:\/\/www.fraterinternacional.org\/es\/wp-json\/wp\/v2\/comments?post=113772"}],"version-history":[{"count":0,"href":"https:\/\/www.fraterinternacional.org\/es\/wp-json\/wp\/v2\/posts\/113772\/revisions"}],"wp:featuredmedia":[{"embeddable":true,"href":"https:\/\/www.fraterinternacional.org\/es\/wp-json\/wp\/v2\/media\/113289"}],"wp:attachment":[{"href":"https:\/\/www.fraterinternacional.org\/es\/wp-json\/wp\/v2\/media?parent=113772"}],"wp:term":[{"taxonomy":"category","embeddable":true,"href":"https:\/\/www.fraterinternacional.org\/es\/wp-json\/wp\/v2\/categories?post=113772"},{"taxonomy":"post_tag","embeddable":true,"href":"https:\/\/www.fraterinternacional.org\/es\/wp-json\/wp\/v2\/tags?post=113772"}],"curies":[{"name":"wp","href":"https:\/\/api.w.org\/{rel}","templated":true}]}}