{"id":113617,"date":"2020-04-18T13:28:15","date_gmt":"2020-04-18T16:28:15","guid":{"rendered":"https:\/\/www.fraterinternacional.org\/?p=113617"},"modified":"2020-04-18T13:33:27","modified_gmt":"2020-04-18T16:33:27","slug":"educacion-artistica-en-los-refugios-una-obra-de-amor-la-vida","status":"publish","type":"post","link":"https:\/\/www.fraterinternacional.org\/es\/educacion-artistica-en-los-refugios-una-obra-de-amor-la-vida\/","title":{"rendered":"Educaci\u00f3n art\u00edstica en los refugios: una obra de amor a la vida"},"content":{"rendered":"<h3 style=\"text-align: center;\">En los refugios se incentivan expresiones art\u00edsticas como pintura, m\u00fasica, artesan\u00eda, y otras m\u00e1s, entre los refugiados venezolanos.<\/h3>\n<p style=\"text-align: justify;\">Los refugiados venezolanos han encontrado apoyo no solo para las necesidades f\u00edsicas, como alojamiento y alimentaci\u00f3n, sino tambi\u00e9n para las necesidades emocionales e intelectuales, gracias al proyecto de arte-educaci\u00f3n\u00a0 \u00abEl \u00a0Bien Com\u00fan\u00bb y otras actividades art\u00edsticas realizadas en refugios en el estado de Roraima, que son sostenidos por el\u00a0<strong><a href=\"https:\/\/www.acnur.org\/americas.html\" target=\"_blank\" rel=\"noopener noreferrer\">Alto Comisionado de las Naciones Unidas para los Refugiados (ACNUR)<\/a><\/strong>\u00a0y gestionados por la\u00a0<strong><a href=\"https:\/\/www.fraterinternacional.org\/es\/quienes-somos\/\">Fraternidade &#8211; Federaci\u00f3n Humanitaria Internacional (FFHI).<\/a><\/strong><\/p>\n<p style=\"text-align: justify;\">El 15 de abril, cuando celebremos el D\u00eda Mundial del Arte, conoceremos este proyecto que utiliza todo el potencial art\u00edstico humano para transformar objetos descartables y paredes blancas en arte y en vida.<\/p>\n<p><a href=\"https:\/\/www.fraterinternacional.org\/wp-content\/uploads\/2020\/04\/arte-educacao-roraima-FFHI09.jpg\"><img decoding=\"async\" class=\"size-full wp-image-113410 aligncenter\" src=\"https:\/\/www.fraterinternacional.org\/wp-content\/uploads\/2020\/04\/arte-educacao-roraima-FFHI09.jpg\" alt=\"Arte-Educa\u00e7\u00e3o nos abrigos da Miss\u00e3o Roraima\" width=\"1280\" height=\"720\" srcset=\"https:\/\/www.fraterinternacional.org\/wp-content\/uploads\/2020\/04\/arte-educacao-roraima-FFHI09-200x113.jpg 200w, https:\/\/www.fraterinternacional.org\/wp-content\/uploads\/2020\/04\/arte-educacao-roraima-FFHI09-300x169.jpg 300w, https:\/\/www.fraterinternacional.org\/wp-content\/uploads\/2020\/04\/arte-educacao-roraima-FFHI09-400x225.jpg 400w, https:\/\/www.fraterinternacional.org\/wp-content\/uploads\/2020\/04\/arte-educacao-roraima-FFHI09-600x338.jpg 600w, https:\/\/www.fraterinternacional.org\/wp-content\/uploads\/2020\/04\/arte-educacao-roraima-FFHI09-800x450.jpg 800w, https:\/\/www.fraterinternacional.org\/wp-content\/uploads\/2020\/04\/arte-educacao-roraima-FFHI09-1024x576.jpg 1024w, https:\/\/www.fraterinternacional.org\/wp-content\/uploads\/2020\/04\/arte-educacao-roraima-FFHI09-1200x675.jpg 1200w, https:\/\/www.fraterinternacional.org\/wp-content\/uploads\/2020\/04\/arte-educacao-roraima-FFHI09.jpg 1280w\" sizes=\"(max-width: 1280px) 100vw, 1280px\" \/><\/a><\/p>\n<h3 style=\"text-align: justify;\"><strong>Proyecto de Arte-educaci\u00f3n El Bien Com\u00fan<\/strong><\/h3>\n<p style=\"text-align: justify;\">En el refugio ind\u00edgena de Pintol\u00e2ndia, los ni\u00f1os del grupo \u00e9tnico E\u2019\u00f1epa participaron en un taller de iniciaci\u00f3n musical con instrumentos de percusi\u00f3n.<\/p>\n<p style=\"text-align: justify;\">\u201cNuestra intenci\u00f3n fue posibilitar un momento de cobijo din\u00e1mico, en el que se pudiera ayudar a los ni\u00f1os trabajando con el sonido y el ritmo. Es una de las posibles estrategias de intervenci\u00f3n educativa para enfrentar la brecha que pueden generar situaciones traum\u00e1ticas como la migraci\u00f3n forzada\u201d, explica una de las facilitadoras del taller, la misionera de la\u00a0<strong><a href=\"https:\/\/www.fraterinternacional.org\/\">Fraternidade &#8211; Humanitaria (FFHI)<\/a><\/strong>, Hermana Mar\u00eda\u00a0,\u00a0tambi\u00e9n coordinadora del proyecto.<\/p>\n<div id=\"attachment_113428\" style=\"width: 1290px\" class=\"wp-caption aligncenter\"><a href=\"https:\/\/www.fraterinternacional.org\/wp-content\/uploads\/2020\/04\/arte-educacao-roraima-FFHI02.jpg\"><img decoding=\"async\" aria-describedby=\"caption-attachment-113428\" class=\"wp-image-113428 size-full\" src=\"https:\/\/www.fraterinternacional.org\/wp-content\/uploads\/2020\/04\/arte-educacao-roraima-FFHI02.jpg\" alt=\"Arte-Educa\u00e7\u00e3o nos abrigos da Miss\u00e3o Roraima\" width=\"1280\" height=\"720\" srcset=\"https:\/\/www.fraterinternacional.org\/wp-content\/uploads\/2020\/04\/arte-educacao-roraima-FFHI02-200x113.jpg 200w, https:\/\/www.fraterinternacional.org\/wp-content\/uploads\/2020\/04\/arte-educacao-roraima-FFHI02-300x169.jpg 300w, https:\/\/www.fraterinternacional.org\/wp-content\/uploads\/2020\/04\/arte-educacao-roraima-FFHI02-400x225.jpg 400w, https:\/\/www.fraterinternacional.org\/wp-content\/uploads\/2020\/04\/arte-educacao-roraima-FFHI02-600x338.jpg 600w, https:\/\/www.fraterinternacional.org\/wp-content\/uploads\/2020\/04\/arte-educacao-roraima-FFHI02-800x450.jpg 800w, https:\/\/www.fraterinternacional.org\/wp-content\/uploads\/2020\/04\/arte-educacao-roraima-FFHI02-1024x576.jpg 1024w, https:\/\/www.fraterinternacional.org\/wp-content\/uploads\/2020\/04\/arte-educacao-roraima-FFHI02-1200x675.jpg 1200w, https:\/\/www.fraterinternacional.org\/wp-content\/uploads\/2020\/04\/arte-educacao-roraima-FFHI02.jpg 1280w\" sizes=\"(max-width: 1280px) 100vw, 1280px\" \/><\/a><p id=\"caption-attachment-113428\" class=\"wp-caption-text\">Aula de canto com as crian\u00e7as ind\u00edgenas Warao e E\u2019\u00f1epa<\/p><\/div>\n<p style=\"text-align: justify;\">Antes de las clases, se entonan c\u00e1nticos en los idiomas de los grupos \u00e9tnicos ind\u00edgenas que viven en el refugio &#8211; Warao y E\u2019\u00f1epa &#8211; y tambi\u00e9n en portugu\u00e9s y espa\u00f1ol.<\/p>\n<p style=\"text-align: justify;\">Los talleres art\u00edsticos, adem\u00e1s de servir como recreaci\u00f3n para los implicados, refuerzan la internalizaci\u00f3n de valores que favorecen la resiliencia y despiertan la esperanza ante posibles traumas derivados de la migraci\u00f3n de un pa\u00eds en crisis.<\/p>\n<p style=\"text-align: justify;\">\u00abEl arte ayuda a expresar contenidos que generan angustia, as\u00ed como a promover su resignificaci\u00f3n\u00bb, explica la hermana Mar\u00eda.<\/p>\n<p style=\"text-align: justify;\">Algunas otras actividades que se desarrollan a diario en los refugios son: dibujos libres y tem\u00e1ticos, pinturas en acuarela y aguadas, construcci\u00f3n de mandalas, arte mural, carpinter\u00eda con terminaciones art\u00edsticos y teatro.<\/p>\n<p><a href=\"https:\/\/www.fraterinternacional.org\/wp-content\/uploads\/2020\/04\/arte-educacao-roraima-FFHI05.jpg\"><img decoding=\"async\" class=\"size-full wp-image-113398 aligncenter\" src=\"https:\/\/www.fraterinternacional.org\/wp-content\/uploads\/2020\/04\/arte-educacao-roraima-FFHI05.jpg\" alt=\"Arte-Educa\u00e7\u00e3o nos abrigos da Miss\u00e3o Roraima\" width=\"749\" height=\"1000\" srcset=\"https:\/\/www.fraterinternacional.org\/wp-content\/uploads\/2020\/04\/arte-educacao-roraima-FFHI05-200x267.jpg 200w, https:\/\/www.fraterinternacional.org\/wp-content\/uploads\/2020\/04\/arte-educacao-roraima-FFHI05-225x300.jpg 225w, https:\/\/www.fraterinternacional.org\/wp-content\/uploads\/2020\/04\/arte-educacao-roraima-FFHI05-400x534.jpg 400w, https:\/\/www.fraterinternacional.org\/wp-content\/uploads\/2020\/04\/arte-educacao-roraima-FFHI05-600x801.jpg 600w, https:\/\/www.fraterinternacional.org\/wp-content\/uploads\/2020\/04\/arte-educacao-roraima-FFHI05.jpg 749w\" sizes=\"(max-width: 749px) 100vw, 749px\" \/><\/a><\/p>\n<h3 style=\"text-align: justify;\"><strong>Construcci\u00f3n con arte<\/strong><\/h3>\n<p style=\"text-align: justify;\">Pero no es solo el proyecto El Bien Com\u00fan que promueve el arte. En el refugio Tancredo Neves, los misioneros comenzaron una reforma de la sala que se utilizar\u00e1 para talleres de artesan\u00edas, costura y talleres de arte.<\/p>\n<p style=\"text-align: justify;\">Personas mayores con experiencia en pintura y j\u00f3venes sedientos de aprender y expresarse se unieron y construyeron un espacio para la creatividad.<\/p>\n\n\t\t<style type=\"text\/css\">\n\t\t\t#gallery-1 {\n\t\t\t\tmargin: auto;\n\t\t\t}\n\t\t\t#gallery-1 .gallery-item {\n\t\t\t\tfloat: left;\n\t\t\t\tmargin-top: 10px;\n\t\t\t\ttext-align: center;\n\t\t\t\twidth: 25%;\n\t\t\t}\n\t\t\t#gallery-1 img {\n\t\t\t\tborder: 2px solid #cfcfcf;\n\t\t\t}\n\t\t\t#gallery-1 .gallery-caption {\n\t\t\t\tmargin-left: 0;\n\t\t\t}\n\t\t\t\/* see gallery_shortcode() in wp-includes\/media.php *\/\n\t\t<\/style>\n\t\t<div id='gallery-1' class='gallery galleryid-113617 gallery-columns-4 gallery-size-fusion-200'><dl class='gallery-item'>\n\t\t\t<dt class='gallery-icon landscape'>\n\t\t\t\t<a data-rel=\"iLightbox[postimages]\" data-title=\"arte-educacao-roraima-FFHI01\" data-caption=\"\" href='https:\/\/www.fraterinternacional.org\/wp-content\/uploads\/2020\/04\/arte-educacao-roraima-FFHI01.jpg'><img decoding=\"async\" width=\"200\" height=\"150\" src=\"https:\/\/www.fraterinternacional.org\/wp-content\/uploads\/2020\/04\/arte-educacao-roraima-FFHI01-200x150.jpg\" class=\"attachment-fusion-200 size-fusion-200\" alt=\"Arte-Educa\u00e7\u00e3o nos abrigos da Miss\u00e3o Roraima\" srcset=\"https:\/\/www.fraterinternacional.org\/wp-content\/uploads\/2020\/04\/arte-educacao-roraima-FFHI01-200x150.jpg 200w, https:\/\/www.fraterinternacional.org\/wp-content\/uploads\/2020\/04\/arte-educacao-roraima-FFHI01-300x225.jpg 300w, https:\/\/www.fraterinternacional.org\/wp-content\/uploads\/2020\/04\/arte-educacao-roraima-FFHI01-400x300.jpg 400w, https:\/\/www.fraterinternacional.org\/wp-content\/uploads\/2020\/04\/arte-educacao-roraima-FFHI01-600x450.jpg 600w, https:\/\/www.fraterinternacional.org\/wp-content\/uploads\/2020\/04\/arte-educacao-roraima-FFHI01-800x600.jpg 800w, https:\/\/www.fraterinternacional.org\/wp-content\/uploads\/2020\/04\/arte-educacao-roraima-FFHI01.jpg 1000w\" sizes=\"(max-width: 200px) 100vw, 200px\" \/><\/a>\n\t\t\t<\/dt><\/dl><dl class='gallery-item'>\n\t\t\t<dt class='gallery-icon landscape'>\n\t\t\t\t<a data-rel=\"iLightbox[postimages]\" data-title=\"arte-educacao-roraima-FFHI03\" data-caption=\"\" href='https:\/\/www.fraterinternacional.org\/wp-content\/uploads\/2020\/04\/arte-educacao-roraima-FFHI03.jpg'><img decoding=\"async\" width=\"200\" height=\"113\" src=\"https:\/\/www.fraterinternacional.org\/wp-content\/uploads\/2020\/04\/arte-educacao-roraima-FFHI03-200x113.jpg\" class=\"attachment-fusion-200 size-fusion-200\" alt=\"Arte-Educa\u00e7\u00e3o nos abrigos da Miss\u00e3o Roraima\" srcset=\"https:\/\/www.fraterinternacional.org\/wp-content\/uploads\/2020\/04\/arte-educacao-roraima-FFHI03-200x113.jpg 200w, https:\/\/www.fraterinternacional.org\/wp-content\/uploads\/2020\/04\/arte-educacao-roraima-FFHI03-300x169.jpg 300w, https:\/\/www.fraterinternacional.org\/wp-content\/uploads\/2020\/04\/arte-educacao-roraima-FFHI03-400x225.jpg 400w, https:\/\/www.fraterinternacional.org\/wp-content\/uploads\/2020\/04\/arte-educacao-roraima-FFHI03-600x338.jpg 600w, https:\/\/www.fraterinternacional.org\/wp-content\/uploads\/2020\/04\/arte-educacao-roraima-FFHI03-800x450.jpg 800w, https:\/\/www.fraterinternacional.org\/wp-content\/uploads\/2020\/04\/arte-educacao-roraima-FFHI03.jpg 1000w\" sizes=\"(max-width: 200px) 100vw, 200px\" \/><\/a>\n\t\t\t<\/dt><\/dl><dl class='gallery-item'>\n\t\t\t<dt class='gallery-icon landscape'>\n\t\t\t\t<a data-rel=\"iLightbox[postimages]\" data-title=\"arte-educacao-roraima-FFHI10\" data-caption=\"\" href='https:\/\/www.fraterinternacional.org\/wp-content\/uploads\/2020\/04\/arte-educacao-roraima-FFHI10.jpg'><img decoding=\"async\" width=\"200\" height=\"113\" src=\"https:\/\/www.fraterinternacional.org\/wp-content\/uploads\/2020\/04\/arte-educacao-roraima-FFHI10-200x113.jpg\" class=\"attachment-fusion-200 size-fusion-200\" alt=\"Arte-Educa\u00e7\u00e3o nos abrigos da Miss\u00e3o Roraima\" srcset=\"https:\/\/www.fraterinternacional.org\/wp-content\/uploads\/2020\/04\/arte-educacao-roraima-FFHI10-200x113.jpg 200w, https:\/\/www.fraterinternacional.org\/wp-content\/uploads\/2020\/04\/arte-educacao-roraima-FFHI10-300x169.jpg 300w, https:\/\/www.fraterinternacional.org\/wp-content\/uploads\/2020\/04\/arte-educacao-roraima-FFHI10-400x225.jpg 400w, https:\/\/www.fraterinternacional.org\/wp-content\/uploads\/2020\/04\/arte-educacao-roraima-FFHI10-600x338.jpg 600w, https:\/\/www.fraterinternacional.org\/wp-content\/uploads\/2020\/04\/arte-educacao-roraima-FFHI10-800x450.jpg 800w, https:\/\/www.fraterinternacional.org\/wp-content\/uploads\/2020\/04\/arte-educacao-roraima-FFHI10-1024x576.jpg 1024w, https:\/\/www.fraterinternacional.org\/wp-content\/uploads\/2020\/04\/arte-educacao-roraima-FFHI10.jpg 1032w\" sizes=\"(max-width: 200px) 100vw, 200px\" \/><\/a>\n\t\t\t<\/dt><\/dl><dl class='gallery-item'>\n\t\t\t<dt class='gallery-icon landscape'>\n\t\t\t\t<a data-rel=\"iLightbox[postimages]\" data-title=\"arte-educacao-roraima-FFHI08\" data-caption=\"\" href='https:\/\/www.fraterinternacional.org\/wp-content\/uploads\/2020\/04\/arte-educacao-roraima-FFHI08.jpg'><img decoding=\"async\" width=\"200\" height=\"113\" src=\"https:\/\/www.fraterinternacional.org\/wp-content\/uploads\/2020\/04\/arte-educacao-roraima-FFHI08-200x113.jpg\" class=\"attachment-fusion-200 size-fusion-200\" alt=\"Arte-Educa\u00e7\u00e3o nos abrigos da Miss\u00e3o Roraima\" srcset=\"https:\/\/www.fraterinternacional.org\/wp-content\/uploads\/2020\/04\/arte-educacao-roraima-FFHI08-200x113.jpg 200w, https:\/\/www.fraterinternacional.org\/wp-content\/uploads\/2020\/04\/arte-educacao-roraima-FFHI08-300x169.jpg 300w, https:\/\/www.fraterinternacional.org\/wp-content\/uploads\/2020\/04\/arte-educacao-roraima-FFHI08-400x225.jpg 400w, https:\/\/www.fraterinternacional.org\/wp-content\/uploads\/2020\/04\/arte-educacao-roraima-FFHI08-600x338.jpg 600w, https:\/\/www.fraterinternacional.org\/wp-content\/uploads\/2020\/04\/arte-educacao-roraima-FFHI08-800x450.jpg 800w, https:\/\/www.fraterinternacional.org\/wp-content\/uploads\/2020\/04\/arte-educacao-roraima-FFHI08.jpg 1000w\" sizes=\"(max-width: 200px) 100vw, 200px\" \/><\/a>\n\t\t\t<\/dt><\/dl><br style=\"clear: both\" \/>\n\t\t<\/div>\n\n<p style=\"text-align: justify;\">Con 65 a\u00f1os de edad y pintor desde los 48 a\u00f1os, Antonio Rond\u00f3n fue profesor de bellas artes, educaci\u00f3n art\u00edstica, pintura y dibujo t\u00e9cnico. Su mayor alegr\u00eda, dice, es ense\u00f1ar a los ni\u00f1os a aprender a pintar desde peque\u00f1os. Ahora, a\u00fan lejos de su pa\u00eds, contin\u00faa con su misi\u00f3n.<\/p>\n\n\t\t<style type=\"text\/css\">\n\t\t\t#gallery-2 {\n\t\t\t\tmargin: auto;\n\t\t\t}\n\t\t\t#gallery-2 .gallery-item {\n\t\t\t\tfloat: left;\n\t\t\t\tmargin-top: 10px;\n\t\t\t\ttext-align: center;\n\t\t\t\twidth: 50%;\n\t\t\t}\n\t\t\t#gallery-2 img {\n\t\t\t\tborder: 2px solid #cfcfcf;\n\t\t\t}\n\t\t\t#gallery-2 .gallery-caption {\n\t\t\t\tmargin-left: 0;\n\t\t\t}\n\t\t\t\/* see gallery_shortcode() in wp-includes\/media.php *\/\n\t\t<\/style>\n\t\t<div id='gallery-2' class='gallery galleryid-113617 gallery-columns-2 gallery-size-fusion-400'><dl class='gallery-item'>\n\t\t\t<dt class='gallery-icon landscape'>\n\t\t\t\t<a data-rel=\"iLightbox[postimages]\" data-title=\"arte-educacao-roraima-FFHI11\" data-caption=\"Ant\u00f4nio Rondon professor de artes pl\u00e1sticas na Venezuela\" href='https:\/\/www.fraterinternacional.org\/wp-content\/uploads\/2020\/04\/arte-educacao-roraima-FFHI11.jpg'><img decoding=\"async\" width=\"400\" height=\"225\" src=\"https:\/\/www.fraterinternacional.org\/wp-content\/uploads\/2020\/04\/arte-educacao-roraima-FFHI11-400x225.jpg\" class=\"attachment-fusion-400 size-fusion-400\" alt=\"Arte-Educa\u00e7\u00e3o nos abrigos da Miss\u00e3o Roraima\" aria-describedby=\"gallery-2-113418\" srcset=\"https:\/\/www.fraterinternacional.org\/wp-content\/uploads\/2020\/04\/arte-educacao-roraima-FFHI11-200x113.jpg 200w, https:\/\/www.fraterinternacional.org\/wp-content\/uploads\/2020\/04\/arte-educacao-roraima-FFHI11-300x169.jpg 300w, https:\/\/www.fraterinternacional.org\/wp-content\/uploads\/2020\/04\/arte-educacao-roraima-FFHI11-400x225.jpg 400w, https:\/\/www.fraterinternacional.org\/wp-content\/uploads\/2020\/04\/arte-educacao-roraima-FFHI11-600x338.jpg 600w, https:\/\/www.fraterinternacional.org\/wp-content\/uploads\/2020\/04\/arte-educacao-roraima-FFHI11-800x450.jpg 800w, https:\/\/www.fraterinternacional.org\/wp-content\/uploads\/2020\/04\/arte-educacao-roraima-FFHI11-1024x576.jpg 1024w, https:\/\/www.fraterinternacional.org\/wp-content\/uploads\/2020\/04\/arte-educacao-roraima-FFHI11-1200x675.jpg 1200w, https:\/\/www.fraterinternacional.org\/wp-content\/uploads\/2020\/04\/arte-educacao-roraima-FFHI11.jpg 1280w\" sizes=\"(max-width: 400px) 100vw, 400px\" \/><\/a>\n\t\t\t<\/dt>\n\t\t\t\t<dd class='wp-caption-text gallery-caption' id='gallery-2-113418'>\n\t\t\t\tAnt\u00f4nio Rondon professor de artes pl\u00e1sticas na Venezuela\n\t\t\t\t<\/dd><\/dl><dl class='gallery-item'>\n\t\t\t<dt class='gallery-icon landscape'>\n\t\t\t\t<a data-rel=\"iLightbox[postimages]\" data-title=\"arte-educacao-roraima-FFHI06)\" data-caption=\"Ant\u00f4nio Rondon professor de artes pl\u00e1sticas na Venezuela\" href='https:\/\/www.fraterinternacional.org\/wp-content\/uploads\/2020\/04\/arte-educacao-roraima-FFHI06.jpg'><img decoding=\"async\" width=\"400\" height=\"300\" src=\"https:\/\/www.fraterinternacional.org\/wp-content\/uploads\/2020\/04\/arte-educacao-roraima-FFHI06-400x300.jpg\" class=\"attachment-fusion-400 size-fusion-400\" alt=\"Arte-Educa\u00e7\u00e3o nos abrigos da Miss\u00e3o Roraima\" aria-describedby=\"gallery-2-113403\" srcset=\"https:\/\/www.fraterinternacional.org\/wp-content\/uploads\/2020\/04\/arte-educacao-roraima-FFHI06-200x150.jpg 200w, https:\/\/www.fraterinternacional.org\/wp-content\/uploads\/2020\/04\/arte-educacao-roraima-FFHI06-300x225.jpg 300w, https:\/\/www.fraterinternacional.org\/wp-content\/uploads\/2020\/04\/arte-educacao-roraima-FFHI06-400x300.jpg 400w, https:\/\/www.fraterinternacional.org\/wp-content\/uploads\/2020\/04\/arte-educacao-roraima-FFHI06-600x449.jpg 600w, https:\/\/www.fraterinternacional.org\/wp-content\/uploads\/2020\/04\/arte-educacao-roraima-FFHI06-800x599.jpg 800w, https:\/\/www.fraterinternacional.org\/wp-content\/uploads\/2020\/04\/arte-educacao-roraima-FFHI06.jpg 1000w\" sizes=\"(max-width: 400px) 100vw, 400px\" \/><\/a>\n\t\t\t<\/dt>\n\t\t\t\t<dd class='wp-caption-text gallery-caption' id='gallery-2-113403'>\n\t\t\t\tAnt\u00f4nio Rondon professor de artes pl\u00e1sticas na Venezuela\n\t\t\t\t<\/dd><\/dl><br style=\"clear: both\" \/>\n\t\t<\/div>\n\n<p style=\"text-align: justify;\">Durante las actividades, el ambiente de los refugios se llena con otras expresiones. Un joven con necesidades especiales, con brazos y piernas mutilados, se revel\u00f3 como cantante.<\/p>\n<p><a href=\"https:\/\/www.fraterinternacional.org\/wp-content\/uploads\/2020\/04\/arte-educacao-roraima-FFHI07-e1586980520298.jpg\"><img decoding=\"async\" class=\"size-full wp-image-113404 aligncenter\" src=\"https:\/\/www.fraterinternacional.org\/wp-content\/uploads\/2020\/04\/arte-educacao-roraima-FFHI07-e1586980520298.jpg\" alt=\"Arte-Educa\u00e7\u00e3o nos abrigos da Miss\u00e3o Roraima\" width=\"1280\" height=\"720\" srcset=\"https:\/\/www.fraterinternacional.org\/wp-content\/uploads\/2020\/04\/arte-educacao-roraima-FFHI07-e1586980520298-200x113.jpg 200w, https:\/\/www.fraterinternacional.org\/wp-content\/uploads\/2020\/04\/arte-educacao-roraima-FFHI07-e1586980520298-300x169.jpg 300w, https:\/\/www.fraterinternacional.org\/wp-content\/uploads\/2020\/04\/arte-educacao-roraima-FFHI07-e1586980520298-400x225.jpg 400w, https:\/\/www.fraterinternacional.org\/wp-content\/uploads\/2020\/04\/arte-educacao-roraima-FFHI07-e1586980520298-600x338.jpg 600w, https:\/\/www.fraterinternacional.org\/wp-content\/uploads\/2020\/04\/arte-educacao-roraima-FFHI07-e1586980520298-800x450.jpg 800w, https:\/\/www.fraterinternacional.org\/wp-content\/uploads\/2020\/04\/arte-educacao-roraima-FFHI07-e1586980520298-1024x576.jpg 1024w, https:\/\/www.fraterinternacional.org\/wp-content\/uploads\/2020\/04\/arte-educacao-roraima-FFHI07-e1586980520298-1200x675.jpg 1200w, https:\/\/www.fraterinternacional.org\/wp-content\/uploads\/2020\/04\/arte-educacao-roraima-FFHI07-e1586980520298.jpg 1280w\" sizes=\"(max-width: 1280px) 100vw, 1280px\" \/><\/a><\/p>\n<p style=\"text-align: justify;\">Un anciano se acerc\u00f3 a una misionera que grab\u00f3 las actividades con una c\u00e1mara y le pidi\u00f3 una foto. Inmediatamente, todos en la sala pidieron fotograf\u00edas y luego vieron sus im\u00e1genes retratadas. Cuando se le pregunt\u00f3 sobre la importancia de la fotograf\u00eda para ellos, un joven respondi\u00f3: \u00ab\u00a1Es porque las personas son valiosas!\u00bb<\/p>\n\n\t\t<style type=\"text\/css\">\n\t\t\t#gallery-3 {\n\t\t\t\tmargin: auto;\n\t\t\t}\n\t\t\t#gallery-3 .gallery-item {\n\t\t\t\tfloat: left;\n\t\t\t\tmargin-top: 10px;\n\t\t\t\ttext-align: center;\n\t\t\t\twidth: 50%;\n\t\t\t}\n\t\t\t#gallery-3 img {\n\t\t\t\tborder: 2px solid #cfcfcf;\n\t\t\t}\n\t\t\t#gallery-3 .gallery-caption {\n\t\t\t\tmargin-left: 0;\n\t\t\t}\n\t\t\t\/* see gallery_shortcode() in wp-includes\/media.php *\/\n\t\t<\/style>\n\t\t<div id='gallery-3' class='gallery galleryid-113617 gallery-columns-2 gallery-size-fusion-400'><dl class='gallery-item'>\n\t\t\t<dt class='gallery-icon landscape'>\n\t\t\t\t<a data-rel=\"iLightbox[postimages]\" data-title=\"arte-educacao-roraima-FFHI12\" data-caption=\"O sr Jesus  Salvador , que pediu para ser fotografado\" href='https:\/\/www.fraterinternacional.org\/wp-content\/uploads\/2020\/04\/arte-educacao-roraima-FFHI12.jpg'><img decoding=\"async\" width=\"400\" height=\"225\" src=\"https:\/\/www.fraterinternacional.org\/wp-content\/uploads\/2020\/04\/arte-educacao-roraima-FFHI12-400x225.jpg\" class=\"attachment-fusion-400 size-fusion-400\" alt=\"Arte-Educa\u00e7\u00e3o nos abrigos da Miss\u00e3o Roraima\" aria-describedby=\"gallery-3-113421\" srcset=\"https:\/\/www.fraterinternacional.org\/wp-content\/uploads\/2020\/04\/arte-educacao-roraima-FFHI12-200x113.jpg 200w, https:\/\/www.fraterinternacional.org\/wp-content\/uploads\/2020\/04\/arte-educacao-roraima-FFHI12-300x169.jpg 300w, https:\/\/www.fraterinternacional.org\/wp-content\/uploads\/2020\/04\/arte-educacao-roraima-FFHI12-400x225.jpg 400w, https:\/\/www.fraterinternacional.org\/wp-content\/uploads\/2020\/04\/arte-educacao-roraima-FFHI12-600x338.jpg 600w, https:\/\/www.fraterinternacional.org\/wp-content\/uploads\/2020\/04\/arte-educacao-roraima-FFHI12-800x450.jpg 800w, https:\/\/www.fraterinternacional.org\/wp-content\/uploads\/2020\/04\/arte-educacao-roraima-FFHI12-1024x576.jpg 1024w, https:\/\/www.fraterinternacional.org\/wp-content\/uploads\/2020\/04\/arte-educacao-roraima-FFHI12-1200x675.jpg 1200w, https:\/\/www.fraterinternacional.org\/wp-content\/uploads\/2020\/04\/arte-educacao-roraima-FFHI12.jpg 1280w\" sizes=\"(max-width: 400px) 100vw, 400px\" \/><\/a>\n\t\t\t<\/dt>\n\t\t\t\t<dd class='wp-caption-text gallery-caption' id='gallery-3-113421'>\n\t\t\t\tO sr Jesus  Salvador , que pediu para ser fotografado\n\t\t\t\t<\/dd><\/dl><dl class='gallery-item'>\n\t\t\t<dt class='gallery-icon landscape'>\n\t\t\t\t<a data-rel=\"iLightbox[postimages]\" data-title=\"arte-educacao-roraima-FFHI (13)\" data-caption=\"\" href='https:\/\/www.fraterinternacional.org\/wp-content\/uploads\/2020\/04\/arte-educacao-roraima-FFHI-13.jpg'><img decoding=\"async\" width=\"400\" height=\"225\" src=\"https:\/\/www.fraterinternacional.org\/wp-content\/uploads\/2020\/04\/arte-educacao-roraima-FFHI-13-400x225.jpg\" class=\"attachment-fusion-400 size-fusion-400\" alt=\"Arte-Educa\u00e7\u00e3o nos abrigos da Miss\u00e3o Roraima\" srcset=\"https:\/\/www.fraterinternacional.org\/wp-content\/uploads\/2020\/04\/arte-educacao-roraima-FFHI-13-200x113.jpg 200w, https:\/\/www.fraterinternacional.org\/wp-content\/uploads\/2020\/04\/arte-educacao-roraima-FFHI-13-300x169.jpg 300w, https:\/\/www.fraterinternacional.org\/wp-content\/uploads\/2020\/04\/arte-educacao-roraima-FFHI-13-400x225.jpg 400w, https:\/\/www.fraterinternacional.org\/wp-content\/uploads\/2020\/04\/arte-educacao-roraima-FFHI-13-600x338.jpg 600w, https:\/\/www.fraterinternacional.org\/wp-content\/uploads\/2020\/04\/arte-educacao-roraima-FFHI-13-800x450.jpg 800w, https:\/\/www.fraterinternacional.org\/wp-content\/uploads\/2020\/04\/arte-educacao-roraima-FFHI-13.jpg 1000w\" sizes=\"(max-width: 400px) 100vw, 400px\" \/><\/a>\n\t\t\t<\/dt><\/dl><br style=\"clear: both\" \/>\n\t\t<\/div>\n\n<p style=\"text-align: justify;\">Las botellas de pl\u00e1stico se pintan y se transforman en macetas. Las paredes blancas est\u00e1n llenas de soles, colinas, \u00e1rboles y animales. Algunas pintan casas, otros cascadas realistas, y hay quienes pintan el mar en formas geom\u00e9tricas. Con sus subjetividades, inspiraciones y sus propias experiencias, ahora forman, juntos, sus propios hogares, llenos de im\u00e1genes de un mundo donde no hay nada m\u00e1s importante que la vida.<\/p>\n<p><a href=\"https:\/\/www.fraterinternacional.org\/wp-content\/uploads\/2020\/04\/arte-educacao-roraima-FFHI04.jpg\"><img decoding=\"async\" class=\"size-full wp-image-113395 aligncenter\" src=\"https:\/\/www.fraterinternacional.org\/wp-content\/uploads\/2020\/04\/arte-educacao-roraima-FFHI04.jpg\" alt=\"Arte-Educa\u00e7\u00e3o nos abrigos da Miss\u00e3o Roraima\" width=\"1032\" height=\"581\" srcset=\"https:\/\/www.fraterinternacional.org\/wp-content\/uploads\/2020\/04\/arte-educacao-roraima-FFHI04-200x113.jpg 200w, https:\/\/www.fraterinternacional.org\/wp-content\/uploads\/2020\/04\/arte-educacao-roraima-FFHI04-300x169.jpg 300w, https:\/\/www.fraterinternacional.org\/wp-content\/uploads\/2020\/04\/arte-educacao-roraima-FFHI04-400x225.jpg 400w, https:\/\/www.fraterinternacional.org\/wp-content\/uploads\/2020\/04\/arte-educacao-roraima-FFHI04-600x338.jpg 600w, https:\/\/www.fraterinternacional.org\/wp-content\/uploads\/2020\/04\/arte-educacao-roraima-FFHI04-800x450.jpg 800w, https:\/\/www.fraterinternacional.org\/wp-content\/uploads\/2020\/04\/arte-educacao-roraima-FFHI04-1024x576.jpg 1024w, https:\/\/www.fraterinternacional.org\/wp-content\/uploads\/2020\/04\/arte-educacao-roraima-FFHI04.jpg 1032w\" sizes=\"(max-width: 1032px) 100vw, 1032px\" \/><\/a><\/p>\n","protected":false},"excerpt":{"rendered":"<p>En los refugios se incentivan expresiones art\u00edsticas como pintura, m\u00fasica, artesan\u00eda, y otras m\u00e1s, entre los refugiados venezolanos. Los refugiados [&hellip;]<\/p>\n","protected":false},"author":4,"featured_media":113403,"comment_status":"closed","ping_status":"closed","sticky":false,"template":"","format":"standard","meta":{"footnotes":""},"categories":[173],"tags":[],"class_list":["post-113617","post","type-post","status-publish","format-standard","has-post-thumbnail","hentry","category-noticia"],"yoast_head":"<!-- This site is optimized with the Yoast SEO Premium plugin v21.0 (Yoast SEO v21.0) - https:\/\/yoast.com\/wordpress\/plugins\/seo\/ -->\n<title>Educaci\u00f3n art\u00edstica en los refugios: una obra de amor a la vida<\/title>\n<meta name=\"description\" content=\"Los refugiados venezolanos han encontrado apoyo no solo para las necesidades f\u00edsicas, como alojamiento y alimentaci\u00f3n, sino tambi\u00e9n para las necesidades emocionales e intelectuales.\" \/>\n<meta name=\"robots\" content=\"index, follow, max-snippet:-1, max-image-preview:large, max-video-preview:-1\" \/>\n<link rel=\"canonical\" href=\"https:\/\/www.fraterinternacional.org\/es\/educacion-artistica-en-los-refugios-una-obra-de-amor-la-vida\/\" \/>\n<meta property=\"og:locale\" content=\"es_ES\" \/>\n<meta property=\"og:type\" content=\"article\" \/>\n<meta property=\"og:title\" content=\"Educaci\u00f3n art\u00edstica en los refugios: una obra de amor a la vida\" \/>\n<meta property=\"og:description\" content=\"Los refugiados venezolanos han encontrado apoyo no solo para las necesidades f\u00edsicas, como alojamiento y alimentaci\u00f3n, sino tambi\u00e9n para las necesidades emocionales e intelectuales.\" \/>\n<meta property=\"og:url\" content=\"https:\/\/www.fraterinternacional.org\/es\/educacion-artistica-en-los-refugios-una-obra-de-amor-la-vida\/\" \/>\n<meta property=\"og:site_name\" content=\"Fraternidade - Federa\u00e7\u00e3o Humanit\u00e1ria Internacional\" \/>\n<meta property=\"article:publisher\" content=\"https:\/\/www.facebook.com\/fraternidadehumanitaria\" \/>\n<meta property=\"article:published_time\" content=\"2020-04-18T16:28:15+00:00\" \/>\n<meta property=\"article:modified_time\" content=\"2020-04-18T16:33:27+00:00\" \/>\n<meta property=\"og:image\" content=\"https:\/\/www.fraterinternacional.org\/wp-content\/uploads\/2020\/04\/arte-educacao-roraima-FFHI06.jpg\" \/>\n\t<meta property=\"og:image:width\" content=\"1000\" \/>\n\t<meta property=\"og:image:height\" content=\"749\" \/>\n\t<meta property=\"og:image:type\" content=\"image\/jpeg\" \/>\n<meta name=\"author\" content=\"maducato_admin\" \/>\n<meta name=\"twitter:card\" content=\"summary_large_image\" \/>\n<meta name=\"twitter:creator\" content=\"@fraternidadeFHI\" \/>\n<meta name=\"twitter:site\" content=\"@fraternidadeFHI\" \/>\n<meta name=\"twitter:label1\" content=\"Escrito por\" \/>\n\t<meta name=\"twitter:data1\" content=\"maducato_admin\" \/>\n\t<meta name=\"twitter:label2\" content=\"Tiempo de lectura\" \/>\n\t<meta name=\"twitter:data2\" content=\"4 minutos\" \/>\n<script type=\"application\/ld+json\" class=\"yoast-schema-graph\">{\"@context\":\"https:\/\/schema.org\",\"@graph\":[{\"@type\":\"WebPage\",\"@id\":\"https:\/\/www.fraterinternacional.org\/es\/educacion-artistica-en-los-refugios-una-obra-de-amor-la-vida\/\",\"url\":\"https:\/\/www.fraterinternacional.org\/es\/educacion-artistica-en-los-refugios-una-obra-de-amor-la-vida\/\",\"name\":\"Educaci\u00f3n art\u00edstica en los refugios: una obra de amor a la vida\",\"isPartOf\":{\"@id\":\"https:\/\/www.fraterinternacional.org\/es\/#website\"},\"datePublished\":\"2020-04-18T16:28:15+00:00\",\"dateModified\":\"2020-04-18T16:33:27+00:00\",\"author\":{\"@id\":\"https:\/\/www.fraterinternacional.org\/es\/#\/schema\/person\/19cb7a5541fd019768c7fe255d72701e\"},\"description\":\"Los refugiados venezolanos han encontrado apoyo no solo para las necesidades f\u00edsicas, como alojamiento y alimentaci\u00f3n, sino tambi\u00e9n para las necesidades emocionales e intelectuales.\",\"breadcrumb\":{\"@id\":\"https:\/\/www.fraterinternacional.org\/es\/educacion-artistica-en-los-refugios-una-obra-de-amor-la-vida\/#breadcrumb\"},\"inLanguage\":\"es\",\"potentialAction\":[{\"@type\":\"ReadAction\",\"target\":[\"https:\/\/www.fraterinternacional.org\/es\/educacion-artistica-en-los-refugios-una-obra-de-amor-la-vida\/\"]}]},{\"@type\":\"BreadcrumbList\",\"@id\":\"https:\/\/www.fraterinternacional.org\/es\/educacion-artistica-en-los-refugios-una-obra-de-amor-la-vida\/#breadcrumb\",\"itemListElement\":[{\"@type\":\"ListItem\",\"position\":1,\"name\":\"In\u00edcio\",\"item\":\"https:\/\/www.fraterinternacional.org\/es\/\"},{\"@type\":\"ListItem\",\"position\":2,\"name\":\"Educaci\u00f3n art\u00edstica en los refugios: una obra de amor a la vida\"}]},{\"@type\":\"WebSite\",\"@id\":\"https:\/\/www.fraterinternacional.org\/es\/#website\",\"url\":\"https:\/\/www.fraterinternacional.org\/es\/\",\"name\":\"Fraternidade - Federa\u00e7\u00e3o Humanit\u00e1ria Internacional\",\"description\":\"Fraternidade - Federa\u00e7\u00e3o Humanit\u00e1ria Internacional\",\"potentialAction\":[{\"@type\":\"SearchAction\",\"target\":{\"@type\":\"EntryPoint\",\"urlTemplate\":\"https:\/\/www.fraterinternacional.org\/es\/?s={search_term_string}\"},\"query-input\":\"required name=search_term_string\"}],\"inLanguage\":\"es\"},{\"@type\":\"Person\",\"@id\":\"https:\/\/www.fraterinternacional.org\/es\/#\/schema\/person\/19cb7a5541fd019768c7fe255d72701e\",\"name\":\"maducato_admin\"}]}<\/script>\n<!-- \/ Yoast SEO Premium plugin. -->","yoast_head_json":{"title":"Educaci\u00f3n art\u00edstica en los refugios: una obra de amor a la vida","description":"Los refugiados venezolanos han encontrado apoyo no solo para las necesidades f\u00edsicas, como alojamiento y alimentaci\u00f3n, sino tambi\u00e9n para las necesidades emocionales e intelectuales.","robots":{"index":"index","follow":"follow","max-snippet":"max-snippet:-1","max-image-preview":"max-image-preview:large","max-video-preview":"max-video-preview:-1"},"canonical":"https:\/\/www.fraterinternacional.org\/es\/educacion-artistica-en-los-refugios-una-obra-de-amor-la-vida\/","og_locale":"es_ES","og_type":"article","og_title":"Educaci\u00f3n art\u00edstica en los refugios: una obra de amor a la vida","og_description":"Los refugiados venezolanos han encontrado apoyo no solo para las necesidades f\u00edsicas, como alojamiento y alimentaci\u00f3n, sino tambi\u00e9n para las necesidades emocionales e intelectuales.","og_url":"https:\/\/www.fraterinternacional.org\/es\/educacion-artistica-en-los-refugios-una-obra-de-amor-la-vida\/","og_site_name":"Fraternidade - Federa\u00e7\u00e3o Humanit\u00e1ria Internacional","article_publisher":"https:\/\/www.facebook.com\/fraternidadehumanitaria","article_published_time":"2020-04-18T16:28:15+00:00","article_modified_time":"2020-04-18T16:33:27+00:00","og_image":[{"width":1000,"height":749,"url":"https:\/\/www.fraterinternacional.org\/wp-content\/uploads\/2020\/04\/arte-educacao-roraima-FFHI06.jpg","type":"image\/jpeg"}],"author":"maducato_admin","twitter_card":"summary_large_image","twitter_creator":"@fraternidadeFHI","twitter_site":"@fraternidadeFHI","twitter_misc":{"Escrito por":"maducato_admin","Tiempo de lectura":"4 minutos"},"schema":{"@context":"https:\/\/schema.org","@graph":[{"@type":"WebPage","@id":"https:\/\/www.fraterinternacional.org\/es\/educacion-artistica-en-los-refugios-una-obra-de-amor-la-vida\/","url":"https:\/\/www.fraterinternacional.org\/es\/educacion-artistica-en-los-refugios-una-obra-de-amor-la-vida\/","name":"Educaci\u00f3n art\u00edstica en los refugios: una obra de amor a la vida","isPartOf":{"@id":"https:\/\/www.fraterinternacional.org\/es\/#website"},"datePublished":"2020-04-18T16:28:15+00:00","dateModified":"2020-04-18T16:33:27+00:00","author":{"@id":"https:\/\/www.fraterinternacional.org\/es\/#\/schema\/person\/19cb7a5541fd019768c7fe255d72701e"},"description":"Los refugiados venezolanos han encontrado apoyo no solo para las necesidades f\u00edsicas, como alojamiento y alimentaci\u00f3n, sino tambi\u00e9n para las necesidades emocionales e intelectuales.","breadcrumb":{"@id":"https:\/\/www.fraterinternacional.org\/es\/educacion-artistica-en-los-refugios-una-obra-de-amor-la-vida\/#breadcrumb"},"inLanguage":"es","potentialAction":[{"@type":"ReadAction","target":["https:\/\/www.fraterinternacional.org\/es\/educacion-artistica-en-los-refugios-una-obra-de-amor-la-vida\/"]}]},{"@type":"BreadcrumbList","@id":"https:\/\/www.fraterinternacional.org\/es\/educacion-artistica-en-los-refugios-una-obra-de-amor-la-vida\/#breadcrumb","itemListElement":[{"@type":"ListItem","position":1,"name":"In\u00edcio","item":"https:\/\/www.fraterinternacional.org\/es\/"},{"@type":"ListItem","position":2,"name":"Educaci\u00f3n art\u00edstica en los refugios: una obra de amor a la vida"}]},{"@type":"WebSite","@id":"https:\/\/www.fraterinternacional.org\/es\/#website","url":"https:\/\/www.fraterinternacional.org\/es\/","name":"Fraternidade - Federa\u00e7\u00e3o Humanit\u00e1ria Internacional","description":"Fraternidade - Federa\u00e7\u00e3o Humanit\u00e1ria Internacional","potentialAction":[{"@type":"SearchAction","target":{"@type":"EntryPoint","urlTemplate":"https:\/\/www.fraterinternacional.org\/es\/?s={search_term_string}"},"query-input":"required name=search_term_string"}],"inLanguage":"es"},{"@type":"Person","@id":"https:\/\/www.fraterinternacional.org\/es\/#\/schema\/person\/19cb7a5541fd019768c7fe255d72701e","name":"maducato_admin"}]}},"_links":{"self":[{"href":"https:\/\/www.fraterinternacional.org\/es\/wp-json\/wp\/v2\/posts\/113617"}],"collection":[{"href":"https:\/\/www.fraterinternacional.org\/es\/wp-json\/wp\/v2\/posts"}],"about":[{"href":"https:\/\/www.fraterinternacional.org\/es\/wp-json\/wp\/v2\/types\/post"}],"author":[{"embeddable":true,"href":"https:\/\/www.fraterinternacional.org\/es\/wp-json\/wp\/v2\/users\/4"}],"replies":[{"embeddable":true,"href":"https:\/\/www.fraterinternacional.org\/es\/wp-json\/wp\/v2\/comments?post=113617"}],"version-history":[{"count":0,"href":"https:\/\/www.fraterinternacional.org\/es\/wp-json\/wp\/v2\/posts\/113617\/revisions"}],"wp:featuredmedia":[{"embeddable":true,"href":"https:\/\/www.fraterinternacional.org\/es\/wp-json\/wp\/v2\/media\/113403"}],"wp:attachment":[{"href":"https:\/\/www.fraterinternacional.org\/es\/wp-json\/wp\/v2\/media?parent=113617"}],"wp:term":[{"taxonomy":"category","embeddable":true,"href":"https:\/\/www.fraterinternacional.org\/es\/wp-json\/wp\/v2\/categories?post=113617"},{"taxonomy":"post_tag","embeddable":true,"href":"https:\/\/www.fraterinternacional.org\/es\/wp-json\/wp\/v2\/tags?post=113617"}],"curies":[{"name":"wp","href":"https:\/\/api.w.org\/{rel}","templated":true}]}}