{"id":113605,"date":"2020-04-18T12:45:32","date_gmt":"2020-04-18T15:45:32","guid":{"rendered":"https:\/\/www.fraterinternacional.org\/?p=113605"},"modified":"2020-04-18T12:45:32","modified_gmt":"2020-04-18T15:45:32","slug":"disertaciones-que-amplian-la-consciencia-sobre-el-cuidado-del-reino-animal-en-la-comunidad-luz-fraternidad-de-aurora","status":"publish","type":"post","link":"https:\/\/www.fraterinternacional.org\/es\/disertaciones-que-amplian-la-consciencia-sobre-el-cuidado-del-reino-animal-en-la-comunidad-luz-fraternidad-de-aurora\/","title":{"rendered":"Disertaciones que ampl\u00edan la consciencia sobre el cuidado del Reino Animal en la Comunidad-Luz Fraternidad de Aurora"},"content":{"rendered":"<p style=\"text-align: justify;\">La <a href=\"https:\/\/www.fraterinternacional.org\/es\/afiliadas\/comunidad-luz-fraternidad-aurora\/\"><strong>Comunidad-Luz Fraternidad de Aurora<\/strong><\/a> est\u00e1 preparando una serie de conferencias con el prop\u00f3sito de desarrollar un trabajo m\u00e1s consciente sobre el cuidado y la interacci\u00f3n correcta con los animales.<\/p>\n<div id=\"attachment_113369\" style=\"width: 1010px\" class=\"wp-caption aligncenter\"><a href=\"https:\/\/www.fraterinternacional.org\/wp-content\/uploads\/2020\/04\/cuidado-reino-animal-comunidade-luz-aurora01.jpg\"><img decoding=\"async\" aria-describedby=\"caption-attachment-113369\" class=\"wp-image-113369 size-full\" src=\"https:\/\/www.fraterinternacional.org\/wp-content\/uploads\/2020\/04\/cuidado-reino-animal-comunidade-luz-aurora01.jpg\" alt=\"Cuidado com o Reino Animal\" width=\"1000\" height=\"667\" srcset=\"https:\/\/www.fraterinternacional.org\/wp-content\/uploads\/2020\/04\/cuidado-reino-animal-comunidade-luz-aurora01-200x133.jpg 200w, https:\/\/www.fraterinternacional.org\/wp-content\/uploads\/2020\/04\/cuidado-reino-animal-comunidade-luz-aurora01-300x200.jpg 300w, https:\/\/www.fraterinternacional.org\/wp-content\/uploads\/2020\/04\/cuidado-reino-animal-comunidade-luz-aurora01-400x267.jpg 400w, https:\/\/www.fraterinternacional.org\/wp-content\/uploads\/2020\/04\/cuidado-reino-animal-comunidade-luz-aurora01-600x400.jpg 600w, https:\/\/www.fraterinternacional.org\/wp-content\/uploads\/2020\/04\/cuidado-reino-animal-comunidade-luz-aurora01-800x534.jpg 800w, https:\/\/www.fraterinternacional.org\/wp-content\/uploads\/2020\/04\/cuidado-reino-animal-comunidade-luz-aurora01.jpg 1000w\" sizes=\"(max-width: 1000px) 100vw, 1000px\" \/><\/a><p id=\"caption-attachment-113369\" class=\"wp-caption-text\">Consciencia sobre el cuidado y la correcta interacci\u00f3n con los animales.<\/p><\/div>\n<p style=\"text-align: justify;\">En la primera charla, Fray Maximiliano, un auxiliar-veterinario, habl\u00f3 con los miembros de la Comunidad sobre varios temas, desde las necesidades m\u00e1s b\u00e1sicas hasta la posici\u00f3n correcta y la comuni\u00f3n con los animales para guiarlos fraternalmente por su camino evolutivo. \u00abEl objetivo es sacar al animal de la vida instintiva y ayudarlo a crear una vida m\u00e1s intuitiva\u00bb, explic\u00f3 el monje.<\/p>\n<p style=\"text-align: justify;\">Aclar\u00f3 que, desde una postura correcta, quien es responsable de un animal debe saber que no lo posee, no es su due\u00f1o, sino un tutor, cuidador y guardi\u00e1n, atento a sus necesidades para poder ayudarlo en lo que necesite.<\/p>\n<div id=\"attachment_113372\" style=\"width: 1010px\" class=\"wp-caption aligncenter\"><a href=\"https:\/\/www.fraterinternacional.org\/wp-content\/uploads\/2020\/04\/cuidado-reino-animal-comunidade-luz-aurora02.jpg\"><img decoding=\"async\" aria-describedby=\"caption-attachment-113372\" class=\"wp-image-113372 size-full\" src=\"https:\/\/www.fraterinternacional.org\/wp-content\/uploads\/2020\/04\/cuidado-reino-animal-comunidade-luz-aurora02.jpg\" alt=\"Cuidado com o Reino Animal\" width=\"1000\" height=\"667\" srcset=\"https:\/\/www.fraterinternacional.org\/wp-content\/uploads\/2020\/04\/cuidado-reino-animal-comunidade-luz-aurora02-200x133.jpg 200w, https:\/\/www.fraterinternacional.org\/wp-content\/uploads\/2020\/04\/cuidado-reino-animal-comunidade-luz-aurora02-300x200.jpg 300w, https:\/\/www.fraterinternacional.org\/wp-content\/uploads\/2020\/04\/cuidado-reino-animal-comunidade-luz-aurora02-400x267.jpg 400w, https:\/\/www.fraterinternacional.org\/wp-content\/uploads\/2020\/04\/cuidado-reino-animal-comunidade-luz-aurora02-600x400.jpg 600w, https:\/\/www.fraterinternacional.org\/wp-content\/uploads\/2020\/04\/cuidado-reino-animal-comunidade-luz-aurora02-800x534.jpg 800w, https:\/\/www.fraterinternacional.org\/wp-content\/uploads\/2020\/04\/cuidado-reino-animal-comunidade-luz-aurora02.jpg 1000w\" sizes=\"(max-width: 1000px) 100vw, 1000px\" \/><\/a><p id=\"caption-attachment-113372\" class=\"wp-caption-text\">El cuidado de los animales es un trabajo constante de servicio y entrega.<\/p><\/div>\n<p style=\"text-align: justify;\">Durante la charla, se lanz\u00f3 un programa espec\u00edfico que contiene la rutina ideal para establecer las bases del cuidado de perros y gatos. Este programa contiene informaci\u00f3n sobre la importancia de mantenerlos limpios y cepillados, creando ritmos fijos de alimentaci\u00f3n, paseos y tambi\u00e9n sobre el cuidado de una limpieza adecuada de sus espacios. \u00abCuando los animales comienzan a seguir un ritmo, prefieren estar m\u00e1s con los humanos, y cambian su comportamiento\u00bb, explica fray Maximiliano.<\/p>\n<p style=\"text-align: justify;\">El programa tambi\u00e9n establece que se debe hacer un archivo con las historias cl\u00ednicas de cada animal, en las que se deben incluir todas las observaciones sobre vacunas, medicamentos, enfermedades y otros cuidados, lo que facilita el control y permite que los responsables est\u00e9n m\u00e1s atentos. Como manifest\u00f3 fray Maximiliano: \u00abcada cuidador tendr\u00e1 un programa de entrenamiento espec\u00edfico de acuerdo con el comportamiento de cada animal tratado\u00bb.<\/p>\n<div id=\"attachment_113375\" style=\"width: 1010px\" class=\"wp-caption aligncenter\"><a href=\"https:\/\/www.fraterinternacional.org\/wp-content\/uploads\/2020\/04\/cuidado-reino-animal-comunidade-luz-aurora03.jpg\"><img decoding=\"async\" aria-describedby=\"caption-attachment-113375\" class=\"wp-image-113375 size-full\" src=\"https:\/\/www.fraterinternacional.org\/wp-content\/uploads\/2020\/04\/cuidado-reino-animal-comunidade-luz-aurora03.jpg\" alt=\"Cuidado com o Reino Animal\" width=\"1000\" height=\"750\" srcset=\"https:\/\/www.fraterinternacional.org\/wp-content\/uploads\/2020\/04\/cuidado-reino-animal-comunidade-luz-aurora03-200x150.jpg 200w, https:\/\/www.fraterinternacional.org\/wp-content\/uploads\/2020\/04\/cuidado-reino-animal-comunidade-luz-aurora03-300x225.jpg 300w, https:\/\/www.fraterinternacional.org\/wp-content\/uploads\/2020\/04\/cuidado-reino-animal-comunidade-luz-aurora03-400x300.jpg 400w, https:\/\/www.fraterinternacional.org\/wp-content\/uploads\/2020\/04\/cuidado-reino-animal-comunidade-luz-aurora03-600x450.jpg 600w, https:\/\/www.fraterinternacional.org\/wp-content\/uploads\/2020\/04\/cuidado-reino-animal-comunidade-luz-aurora03-800x600.jpg 800w, https:\/\/www.fraterinternacional.org\/wp-content\/uploads\/2020\/04\/cuidado-reino-animal-comunidade-luz-aurora03.jpg 1000w\" sizes=\"(max-width: 1000px) 100vw, 1000px\" \/><\/a><p id=\"caption-attachment-113375\" class=\"wp-caption-text\">En una posici\u00f3n correcta de quien es responsable de un animal debe saber que no lo posee.<\/p><\/div>\n<p style=\"text-align: justify;\">Durante el desarrollo del programa se transmiti\u00f3 un estudio de Jos\u00e9 Trigueirinho Netto, llamado \u00ab<strong><a href=\"https:\/\/www.irdin.org.br\/site\/produtos\/a-energia-dos-raios-e-os-animais\/\" target=\"_blank\" rel=\"noopener noreferrer\">La energ\u00eda de los rayos y los animales<\/a><\/strong>\u00ab.<\/p>\n<p style=\"text-align: justify;\">En un di\u00e1logo entre el orador y los participantes, se destac\u00f3 que los perros y los gatos, especialmente, tienen una percepci\u00f3n sobre las situaciones que le ocurren al tutor y reflejan muchas de las energ\u00edas que perciben, por lo que se necesita m\u00e1s atenci\u00f3n para observarlos y permitir esta ayuda mutua.<\/p>\n<div id=\"attachment_113378\" style=\"width: 1010px\" class=\"wp-caption aligncenter\"><a href=\"https:\/\/www.fraterinternacional.org\/wp-content\/uploads\/2020\/04\/cuidado-reino-animal-comunidade-luz-aurora04.jpg\"><img decoding=\"async\" aria-describedby=\"caption-attachment-113378\" class=\"size-full wp-image-113378\" src=\"https:\/\/www.fraterinternacional.org\/wp-content\/uploads\/2020\/04\/cuidado-reino-animal-comunidade-luz-aurora04.jpg\" alt=\"Cuidado com o Reino Animal\" width=\"1000\" height=\"667\" srcset=\"https:\/\/www.fraterinternacional.org\/wp-content\/uploads\/2020\/04\/cuidado-reino-animal-comunidade-luz-aurora04-200x133.jpg 200w, https:\/\/www.fraterinternacional.org\/wp-content\/uploads\/2020\/04\/cuidado-reino-animal-comunidade-luz-aurora04-300x200.jpg 300w, https:\/\/www.fraterinternacional.org\/wp-content\/uploads\/2020\/04\/cuidado-reino-animal-comunidade-luz-aurora04-400x267.jpg 400w, https:\/\/www.fraterinternacional.org\/wp-content\/uploads\/2020\/04\/cuidado-reino-animal-comunidade-luz-aurora04-600x400.jpg 600w, https:\/\/www.fraterinternacional.org\/wp-content\/uploads\/2020\/04\/cuidado-reino-animal-comunidade-luz-aurora04-800x534.jpg 800w, https:\/\/www.fraterinternacional.org\/wp-content\/uploads\/2020\/04\/cuidado-reino-animal-comunidade-luz-aurora04.jpg 1000w\" sizes=\"(max-width: 1000px) 100vw, 1000px\" \/><\/a><p id=\"caption-attachment-113378\" class=\"wp-caption-text\">El programa presentado indica la creaci\u00f3n de una ficha con toda la informaci\u00f3n sobre los animales.<\/p><\/div>\n<p style=\"text-align: justify;\">Nara C\u00e2mara, una colaboradora estable y responsable de un gato, coment\u00f3 que \u00aba trav\u00e9s de la charla nos dimos cuenta de que cuidar animales es un trabajo constante de servicio y entrega, porque es necesario salir de uno mismo para cuidar del otro\u00bb. Y agreg\u00f3 Nara: \u00abMe di cuenta de que, para mejorar el comportamiento del animal, es necesario mejorar este mismo aspecto en nosotros\u00bb.<\/p>\n<p style=\"text-align: justify;\">Los miembros de la <a href=\"https:\/\/www.fraterinternacional.org\/es\/afiliadas\/comunidad-luz-fraternidad-aurora\/\"><strong>Comunidad-Luz Fraternidad de Aurora<\/strong><\/a> consideraron que la disertaci\u00f3n fue una tarea importante, en la que pudieron tomar consciencia de la relevancia de la convivencia armoniosa entre los seres humanos y los animales para la evoluci\u00f3n de todos. \u00abEs muy importante para la Comunidad reactivar y reavivar estos compromisos con el Reino Animal\u00bb, reforz\u00f3 Nara.<\/p>\n<p style=\"text-align: justify;\">Al final de la presentaci\u00f3n, se estableci\u00f3 que la pr\u00f3xima conferencia estar\u00e1 enfocada en ampliar las perspectivas, ya que se ocupar\u00e1 de los cuidados con los otros animales que viven en la Comunidad-Luz, incluidas vacas, caballos, gansos y gallinas.<\/p>\n<div id=\"attachment_113366\" style=\"width: 1010px\" class=\"wp-caption aligncenter\"><a href=\"https:\/\/www.fraterinternacional.org\/wp-content\/uploads\/2020\/04\/cuidado-reino-animal-comunidade-luz-aurora05.jpg\"><img decoding=\"async\" aria-describedby=\"caption-attachment-113366\" class=\"wp-image-113366 size-full\" src=\"https:\/\/www.fraterinternacional.org\/wp-content\/uploads\/2020\/04\/cuidado-reino-animal-comunidade-luz-aurora05.jpg\" alt=\"\" width=\"1000\" height=\"750\" srcset=\"https:\/\/www.fraterinternacional.org\/wp-content\/uploads\/2020\/04\/cuidado-reino-animal-comunidade-luz-aurora05-200x150.jpg 200w, https:\/\/www.fraterinternacional.org\/wp-content\/uploads\/2020\/04\/cuidado-reino-animal-comunidade-luz-aurora05-300x225.jpg 300w, https:\/\/www.fraterinternacional.org\/wp-content\/uploads\/2020\/04\/cuidado-reino-animal-comunidade-luz-aurora05-400x300.jpg 400w, https:\/\/www.fraterinternacional.org\/wp-content\/uploads\/2020\/04\/cuidado-reino-animal-comunidade-luz-aurora05-600x450.jpg 600w, https:\/\/www.fraterinternacional.org\/wp-content\/uploads\/2020\/04\/cuidado-reino-animal-comunidade-luz-aurora05-800x600.jpg 800w, https:\/\/www.fraterinternacional.org\/wp-content\/uploads\/2020\/04\/cuidado-reino-animal-comunidade-luz-aurora05.jpg 1000w\" sizes=\"(max-width: 1000px) 100vw, 1000px\" \/><\/a><p id=\"caption-attachment-113366\" class=\"wp-caption-text\">Es importante mantener un ritmo constante de alimentaci\u00f3n y una limpieza adecuada de los espacios de los animales.<\/p><\/div>\n","protected":false},"excerpt":{"rendered":"<p>La Comunidad-Luz Fraternidad de Aurora est\u00e1 preparando una serie de conferencias con el prop\u00f3sito de desarrollar un trabajo m\u00e1s consciente [&hellip;]<\/p>\n","protected":false},"author":4,"featured_media":113380,"comment_status":"closed","ping_status":"closed","sticky":false,"template":"","format":"standard","meta":{"footnotes":""},"categories":[173],"tags":[],"class_list":["post-113605","post","type-post","status-publish","format-standard","has-post-thumbnail","hentry","category-noticia"],"yoast_head":"<!-- This site is optimized with the Yoast SEO Premium plugin v21.0 (Yoast SEO v21.0) - https:\/\/yoast.com\/wordpress\/plugins\/seo\/ -->\n<title>Disertaciones que ampl\u00edan la consciencia sobre el cuidado del Reino Animal en la Comunidad-Luz Fraternidad de Aurora<\/title>\n<meta name=\"description\" content=\"La Comunidad-Luz Fraternidad de Aurora est\u00e1 preparando una serie de conferencias con el prop\u00f3sito de desarrollar un trabajo m\u00e1s consciente sobre el cuidado y la interacci\u00f3n correcta con los animales.\" \/>\n<meta name=\"robots\" content=\"index, follow, max-snippet:-1, max-image-preview:large, max-video-preview:-1\" \/>\n<link rel=\"canonical\" href=\"https:\/\/www.fraterinternacional.org\/es\/disertaciones-que-amplian-la-consciencia-sobre-el-cuidado-del-reino-animal-en-la-comunidad-luz-fraternidad-de-aurora\/\" \/>\n<meta property=\"og:locale\" content=\"es_ES\" \/>\n<meta property=\"og:type\" content=\"article\" \/>\n<meta property=\"og:title\" content=\"Disertaciones que ampl\u00edan la consciencia sobre el cuidado del Reino Animal en la Comunidad-Luz Fraternidad de Aurora\" \/>\n<meta property=\"og:description\" content=\"La Comunidad-Luz Fraternidad de Aurora est\u00e1 preparando una serie de conferencias con el prop\u00f3sito de desarrollar un trabajo m\u00e1s consciente sobre el cuidado y la interacci\u00f3n correcta con los animales.\" \/>\n<meta property=\"og:url\" content=\"https:\/\/www.fraterinternacional.org\/es\/disertaciones-que-amplian-la-consciencia-sobre-el-cuidado-del-reino-animal-en-la-comunidad-luz-fraternidad-de-aurora\/\" \/>\n<meta property=\"og:site_name\" content=\"Fraternidade - Federa\u00e7\u00e3o Humanit\u00e1ria Internacional\" \/>\n<meta property=\"article:publisher\" content=\"https:\/\/www.facebook.com\/fraternidadehumanitaria\" \/>\n<meta property=\"article:published_time\" content=\"2020-04-18T15:45:32+00:00\" \/>\n<meta property=\"og:image\" content=\"https:\/\/www.fraterinternacional.org\/wp-content\/uploads\/2020\/04\/cuidado-reino-animal-comunidade-luz-aurora04.jpg\" \/>\n\t<meta property=\"og:image:width\" content=\"1000\" \/>\n\t<meta property=\"og:image:height\" content=\"667\" \/>\n\t<meta property=\"og:image:type\" content=\"image\/jpeg\" \/>\n<meta name=\"author\" content=\"maducato_admin\" \/>\n<meta name=\"twitter:card\" content=\"summary_large_image\" \/>\n<meta name=\"twitter:creator\" content=\"@fraternidadeFHI\" \/>\n<meta name=\"twitter:site\" content=\"@fraternidadeFHI\" \/>\n<meta name=\"twitter:label1\" content=\"Escrito por\" \/>\n\t<meta name=\"twitter:data1\" content=\"maducato_admin\" \/>\n\t<meta name=\"twitter:label2\" content=\"Tiempo de lectura\" \/>\n\t<meta name=\"twitter:data2\" content=\"3 minutos\" \/>\n<script type=\"application\/ld+json\" class=\"yoast-schema-graph\">{\"@context\":\"https:\/\/schema.org\",\"@graph\":[{\"@type\":\"WebPage\",\"@id\":\"https:\/\/www.fraterinternacional.org\/es\/disertaciones-que-amplian-la-consciencia-sobre-el-cuidado-del-reino-animal-en-la-comunidad-luz-fraternidad-de-aurora\/\",\"url\":\"https:\/\/www.fraterinternacional.org\/es\/disertaciones-que-amplian-la-consciencia-sobre-el-cuidado-del-reino-animal-en-la-comunidad-luz-fraternidad-de-aurora\/\",\"name\":\"Disertaciones que ampl\u00edan la consciencia sobre el cuidado del Reino Animal en la Comunidad-Luz Fraternidad de Aurora\",\"isPartOf\":{\"@id\":\"https:\/\/www.fraterinternacional.org\/es\/#website\"},\"datePublished\":\"2020-04-18T15:45:32+00:00\",\"dateModified\":\"2020-04-18T15:45:32+00:00\",\"author\":{\"@id\":\"https:\/\/www.fraterinternacional.org\/es\/#\/schema\/person\/19cb7a5541fd019768c7fe255d72701e\"},\"description\":\"La Comunidad-Luz Fraternidad de Aurora est\u00e1 preparando una serie de conferencias con el prop\u00f3sito de desarrollar un trabajo m\u00e1s consciente sobre el cuidado y la interacci\u00f3n correcta con los animales.\",\"breadcrumb\":{\"@id\":\"https:\/\/www.fraterinternacional.org\/es\/disertaciones-que-amplian-la-consciencia-sobre-el-cuidado-del-reino-animal-en-la-comunidad-luz-fraternidad-de-aurora\/#breadcrumb\"},\"inLanguage\":\"es\",\"potentialAction\":[{\"@type\":\"ReadAction\",\"target\":[\"https:\/\/www.fraterinternacional.org\/es\/disertaciones-que-amplian-la-consciencia-sobre-el-cuidado-del-reino-animal-en-la-comunidad-luz-fraternidad-de-aurora\/\"]}]},{\"@type\":\"BreadcrumbList\",\"@id\":\"https:\/\/www.fraterinternacional.org\/es\/disertaciones-que-amplian-la-consciencia-sobre-el-cuidado-del-reino-animal-en-la-comunidad-luz-fraternidad-de-aurora\/#breadcrumb\",\"itemListElement\":[{\"@type\":\"ListItem\",\"position\":1,\"name\":\"In\u00edcio\",\"item\":\"https:\/\/www.fraterinternacional.org\/es\/\"},{\"@type\":\"ListItem\",\"position\":2,\"name\":\"Disertaciones que ampl\u00edan la consciencia sobre el cuidado del Reino Animal en la Comunidad-Luz Fraternidad de Aurora\"}]},{\"@type\":\"WebSite\",\"@id\":\"https:\/\/www.fraterinternacional.org\/es\/#website\",\"url\":\"https:\/\/www.fraterinternacional.org\/es\/\",\"name\":\"Fraternidade - Federa\u00e7\u00e3o Humanit\u00e1ria Internacional\",\"description\":\"Fraternidade - Federa\u00e7\u00e3o Humanit\u00e1ria Internacional\",\"potentialAction\":[{\"@type\":\"SearchAction\",\"target\":{\"@type\":\"EntryPoint\",\"urlTemplate\":\"https:\/\/www.fraterinternacional.org\/es\/?s={search_term_string}\"},\"query-input\":\"required name=search_term_string\"}],\"inLanguage\":\"es\"},{\"@type\":\"Person\",\"@id\":\"https:\/\/www.fraterinternacional.org\/es\/#\/schema\/person\/19cb7a5541fd019768c7fe255d72701e\",\"name\":\"maducato_admin\"}]}<\/script>\n<!-- \/ Yoast SEO Premium plugin. -->","yoast_head_json":{"title":"Disertaciones que ampl\u00edan la consciencia sobre el cuidado del Reino Animal en la Comunidad-Luz Fraternidad de Aurora","description":"La Comunidad-Luz Fraternidad de Aurora est\u00e1 preparando una serie de conferencias con el prop\u00f3sito de desarrollar un trabajo m\u00e1s consciente sobre el cuidado y la interacci\u00f3n correcta con los animales.","robots":{"index":"index","follow":"follow","max-snippet":"max-snippet:-1","max-image-preview":"max-image-preview:large","max-video-preview":"max-video-preview:-1"},"canonical":"https:\/\/www.fraterinternacional.org\/es\/disertaciones-que-amplian-la-consciencia-sobre-el-cuidado-del-reino-animal-en-la-comunidad-luz-fraternidad-de-aurora\/","og_locale":"es_ES","og_type":"article","og_title":"Disertaciones que ampl\u00edan la consciencia sobre el cuidado del Reino Animal en la Comunidad-Luz Fraternidad de Aurora","og_description":"La Comunidad-Luz Fraternidad de Aurora est\u00e1 preparando una serie de conferencias con el prop\u00f3sito de desarrollar un trabajo m\u00e1s consciente sobre el cuidado y la interacci\u00f3n correcta con los animales.","og_url":"https:\/\/www.fraterinternacional.org\/es\/disertaciones-que-amplian-la-consciencia-sobre-el-cuidado-del-reino-animal-en-la-comunidad-luz-fraternidad-de-aurora\/","og_site_name":"Fraternidade - Federa\u00e7\u00e3o Humanit\u00e1ria Internacional","article_publisher":"https:\/\/www.facebook.com\/fraternidadehumanitaria","article_published_time":"2020-04-18T15:45:32+00:00","og_image":[{"width":1000,"height":667,"url":"https:\/\/www.fraterinternacional.org\/wp-content\/uploads\/2020\/04\/cuidado-reino-animal-comunidade-luz-aurora04.jpg","type":"image\/jpeg"}],"author":"maducato_admin","twitter_card":"summary_large_image","twitter_creator":"@fraternidadeFHI","twitter_site":"@fraternidadeFHI","twitter_misc":{"Escrito por":"maducato_admin","Tiempo de lectura":"3 minutos"},"schema":{"@context":"https:\/\/schema.org","@graph":[{"@type":"WebPage","@id":"https:\/\/www.fraterinternacional.org\/es\/disertaciones-que-amplian-la-consciencia-sobre-el-cuidado-del-reino-animal-en-la-comunidad-luz-fraternidad-de-aurora\/","url":"https:\/\/www.fraterinternacional.org\/es\/disertaciones-que-amplian-la-consciencia-sobre-el-cuidado-del-reino-animal-en-la-comunidad-luz-fraternidad-de-aurora\/","name":"Disertaciones que ampl\u00edan la consciencia sobre el cuidado del Reino Animal en la Comunidad-Luz Fraternidad de Aurora","isPartOf":{"@id":"https:\/\/www.fraterinternacional.org\/es\/#website"},"datePublished":"2020-04-18T15:45:32+00:00","dateModified":"2020-04-18T15:45:32+00:00","author":{"@id":"https:\/\/www.fraterinternacional.org\/es\/#\/schema\/person\/19cb7a5541fd019768c7fe255d72701e"},"description":"La Comunidad-Luz Fraternidad de Aurora est\u00e1 preparando una serie de conferencias con el prop\u00f3sito de desarrollar un trabajo m\u00e1s consciente sobre el cuidado y la interacci\u00f3n correcta con los animales.","breadcrumb":{"@id":"https:\/\/www.fraterinternacional.org\/es\/disertaciones-que-amplian-la-consciencia-sobre-el-cuidado-del-reino-animal-en-la-comunidad-luz-fraternidad-de-aurora\/#breadcrumb"},"inLanguage":"es","potentialAction":[{"@type":"ReadAction","target":["https:\/\/www.fraterinternacional.org\/es\/disertaciones-que-amplian-la-consciencia-sobre-el-cuidado-del-reino-animal-en-la-comunidad-luz-fraternidad-de-aurora\/"]}]},{"@type":"BreadcrumbList","@id":"https:\/\/www.fraterinternacional.org\/es\/disertaciones-que-amplian-la-consciencia-sobre-el-cuidado-del-reino-animal-en-la-comunidad-luz-fraternidad-de-aurora\/#breadcrumb","itemListElement":[{"@type":"ListItem","position":1,"name":"In\u00edcio","item":"https:\/\/www.fraterinternacional.org\/es\/"},{"@type":"ListItem","position":2,"name":"Disertaciones que ampl\u00edan la consciencia sobre el cuidado del Reino Animal en la Comunidad-Luz Fraternidad de Aurora"}]},{"@type":"WebSite","@id":"https:\/\/www.fraterinternacional.org\/es\/#website","url":"https:\/\/www.fraterinternacional.org\/es\/","name":"Fraternidade - Federa\u00e7\u00e3o Humanit\u00e1ria Internacional","description":"Fraternidade - Federa\u00e7\u00e3o Humanit\u00e1ria Internacional","potentialAction":[{"@type":"SearchAction","target":{"@type":"EntryPoint","urlTemplate":"https:\/\/www.fraterinternacional.org\/es\/?s={search_term_string}"},"query-input":"required name=search_term_string"}],"inLanguage":"es"},{"@type":"Person","@id":"https:\/\/www.fraterinternacional.org\/es\/#\/schema\/person\/19cb7a5541fd019768c7fe255d72701e","name":"maducato_admin"}]}},"_links":{"self":[{"href":"https:\/\/www.fraterinternacional.org\/es\/wp-json\/wp\/v2\/posts\/113605"}],"collection":[{"href":"https:\/\/www.fraterinternacional.org\/es\/wp-json\/wp\/v2\/posts"}],"about":[{"href":"https:\/\/www.fraterinternacional.org\/es\/wp-json\/wp\/v2\/types\/post"}],"author":[{"embeddable":true,"href":"https:\/\/www.fraterinternacional.org\/es\/wp-json\/wp\/v2\/users\/4"}],"replies":[{"embeddable":true,"href":"https:\/\/www.fraterinternacional.org\/es\/wp-json\/wp\/v2\/comments?post=113605"}],"version-history":[{"count":0,"href":"https:\/\/www.fraterinternacional.org\/es\/wp-json\/wp\/v2\/posts\/113605\/revisions"}],"wp:featuredmedia":[{"embeddable":true,"href":"https:\/\/www.fraterinternacional.org\/es\/wp-json\/wp\/v2\/media\/113380"}],"wp:attachment":[{"href":"https:\/\/www.fraterinternacional.org\/es\/wp-json\/wp\/v2\/media?parent=113605"}],"wp:term":[{"taxonomy":"category","embeddable":true,"href":"https:\/\/www.fraterinternacional.org\/es\/wp-json\/wp\/v2\/categories?post=113605"},{"taxonomy":"post_tag","embeddable":true,"href":"https:\/\/www.fraterinternacional.org\/es\/wp-json\/wp\/v2\/tags?post=113605"}],"curies":[{"name":"wp","href":"https:\/\/api.w.org\/{rel}","templated":true}]}}