{"id":113334,"date":"2020-04-13T19:03:38","date_gmt":"2020-04-13T22:03:38","guid":{"rendered":"https:\/\/www.fraterinternacional.org\/?p=113334"},"modified":"2020-04-15T09:44:04","modified_gmt":"2020-04-15T12:44:04","slug":"dia-internacional-de-la-salud-y-del-valor-de-la-terapias-integrativas","status":"publish","type":"post","link":"https:\/\/www.fraterinternacional.org\/es\/dia-internacional-de-la-salud-y-del-valor-de-la-terapias-integrativas\/","title":{"rendered":"D\u00eda Internacional de la Salud y del valor de la Terapias Integrativas"},"content":{"rendered":"<p style=\"text-align: justify;\">En un pasado no muy distante, la salud era definida como ausencia de enfermedades, principalmente ausencia de malestares f\u00edsicos, sin considerar los problemas provocados por las emociones, pensamientos y estados ps\u00edquicos desequilibrados.<\/p>\n<p style=\"text-align: justify;\">Con la ampliaci\u00f3n de la consciencia humana, el concepto de salud cambi\u00f3 y ahora se lo define de forma de forma m\u00e1s amplia con un abordaje hol\u00edstico.<\/p>\n<div id=\"attachment_113195\" style=\"width: 1010px\" class=\"wp-caption aligncenter\"><a href=\"https:\/\/www.fraterinternacional.org\/wp-content\/uploads\/2020\/04\/saude_terapias_integrativas_ffhi_1.jpg\"><img decoding=\"async\" aria-describedby=\"caption-attachment-113195\" class=\"wp-image-113195 size-full\" src=\"https:\/\/www.fraterinternacional.org\/wp-content\/uploads\/2020\/04\/saude_terapias_integrativas_ffhi_1.jpg\" alt=\"Dia da Sa\u00fade\" width=\"1000\" height=\"749\" srcset=\"https:\/\/www.fraterinternacional.org\/wp-content\/uploads\/2020\/04\/saude_terapias_integrativas_ffhi_1-200x150.jpg 200w, https:\/\/www.fraterinternacional.org\/wp-content\/uploads\/2020\/04\/saude_terapias_integrativas_ffhi_1-300x225.jpg 300w, https:\/\/www.fraterinternacional.org\/wp-content\/uploads\/2020\/04\/saude_terapias_integrativas_ffhi_1-400x300.jpg 400w, https:\/\/www.fraterinternacional.org\/wp-content\/uploads\/2020\/04\/saude_terapias_integrativas_ffhi_1-600x449.jpg 600w, https:\/\/www.fraterinternacional.org\/wp-content\/uploads\/2020\/04\/saude_terapias_integrativas_ffhi_1-800x599.jpg 800w, https:\/\/www.fraterinternacional.org\/wp-content\/uploads\/2020\/04\/saude_terapias_integrativas_ffhi_1.jpg 1000w\" sizes=\"(max-width: 1000px) 100vw, 1000px\" \/><\/a><p id=\"caption-attachment-113195\" class=\"wp-caption-text\">Sinton\u00eda con la vibraci\u00f3n de las piedras y cristales<\/p><\/div>\n<p style=\"text-align: justify;\">Adem\u00e1s de los conceptos y definiciones, en este 7 de abril, que se conmemora el D\u00eda Internacional de la Salud, vale destacar la aplicaci\u00f3n de las terapias integrativas, que complementan los tratamientos convencionales, y tambi\u00e9n promueven significativamente cambios en las cuestiones relacionadas a la salud.<\/p>\n<p style=\"text-align: justify;\">Maria Ori, terapeuta colaboradora de la <a href=\"http:\/\/www.comunidadefigueira.org.br\/portal\/es\/\" target=\"_blank\" rel=\"noopener noreferrer\"><strong>Comunidad-Luz Figueira<\/strong><\/a>, entre muchos, cita algunos tratamientos considerados integrativos como la \u00abfitoterapia, terapia con piedras y cristales, medicina oriental, ayurv\u00e9dica, yoga, acupuntura, oraci\u00f3n, meditaci\u00f3n\u00bb.<\/p>\n<div id=\"attachment_113198\" style=\"width: 1286px\" class=\"wp-caption aligncenter\"><a href=\"https:\/\/www.fraterinternacional.org\/wp-content\/uploads\/2020\/04\/saude_terapias_integrativas_ffhi_4.jpg\"><img decoding=\"async\" aria-describedby=\"caption-attachment-113198\" class=\"wp-image-113198 size-full\" src=\"https:\/\/www.fraterinternacional.org\/wp-content\/uploads\/2020\/04\/saude_terapias_integrativas_ffhi_4.jpg\" alt=\"Dia da Sa\u00fade\" width=\"1276\" height=\"956\" srcset=\"https:\/\/www.fraterinternacional.org\/wp-content\/uploads\/2020\/04\/saude_terapias_integrativas_ffhi_4-200x150.jpg 200w, https:\/\/www.fraterinternacional.org\/wp-content\/uploads\/2020\/04\/saude_terapias_integrativas_ffhi_4-300x225.jpg 300w, https:\/\/www.fraterinternacional.org\/wp-content\/uploads\/2020\/04\/saude_terapias_integrativas_ffhi_4-400x300.jpg 400w, https:\/\/www.fraterinternacional.org\/wp-content\/uploads\/2020\/04\/saude_terapias_integrativas_ffhi_4-600x450.jpg 600w, https:\/\/www.fraterinternacional.org\/wp-content\/uploads\/2020\/04\/saude_terapias_integrativas_ffhi_4-800x599.jpg 800w, https:\/\/www.fraterinternacional.org\/wp-content\/uploads\/2020\/04\/saude_terapias_integrativas_ffhi_4-1024x767.jpg 1024w, https:\/\/www.fraterinternacional.org\/wp-content\/uploads\/2020\/04\/saude_terapias_integrativas_ffhi_4-1200x899.jpg 1200w, https:\/\/www.fraterinternacional.org\/wp-content\/uploads\/2020\/04\/saude_terapias_integrativas_ffhi_4.jpg 1276w\" sizes=\"(max-width: 1276px) 100vw, 1276px\" \/><\/a><p id=\"caption-attachment-113198\" class=\"wp-caption-text\">Fitoterapia: tratamiento con las plantas medicinales<\/p><\/div>\n<p style=\"text-align: justify;\">En relaci\u00f3n a la oraci\u00f3n, la propia medicina alop\u00e1tica tradicional ha formado grupos de investigaci\u00f3n en hospitales, que se dedican al estudio y al an\u00e1lisis relacionados con el poder de la fe y de la oraci\u00f3n para el tratamiento y la cura del paciente. Siguiendo esa misma l\u00ednea, hay universidades m\u00e9dicas de renombre, en la capital paulista, con cursos de capacitaci\u00f3n regulados para la conducci\u00f3n de meditaci\u00f3n en salud.<\/p>\n<p style=\"text-align: justify;\">Entre las terapias integrativas citadas, se destaca tambi\u00e9n el valor de la acupuntura en las palabras de Maria Ori: \u00abla acupuntura se origin\u00f3 en China hace m\u00e1s de 5000 a\u00f1os y hoy est\u00e1 bastante difundida por todo el occidente. Con esta t\u00e9cnica, el terapeuta armoniza las energ\u00edas de la persona por medio de los meridianos que impregnan el cuerpo\u00bb.<\/p>\n<p style=\"text-align: justify;\">Recordando que tambi\u00e9n, en un pasado no muy distante, la acupuntura fue blanco de muchas cr\u00edticas en el medio m\u00e9dico tradicional, y hoy est\u00e1 comprobada su eficacia, siendo aceptada y aplicada como tratamiento complementario en innumerables patolog\u00edas. Desde cuestiones inflamatorias y ortop\u00e9dicas, pasando por regulaci\u00f3n hormonal y de \u00f3rganos vitales, hasta cuadros generalizados de desequilibrios emocionales.<\/p>\n<p style=\"text-align: justify;\">Dentro del concepto de terapia integrativa, otro enfoque utilizado por Maria Ori, en su terapia, es la orientaci\u00f3n alimentaria. Ella explica que \u00abcuando la persona opta por una alimentaci\u00f3n que nutre el organismo, y no se alimenta solo para satisfacer sus deseos u obtener placer, nota una diferencia en la calidad de su salud, incluso con aumento de inmunidad\u00bb.<\/p>\n<div id=\"attachment_113204\" style=\"width: 1010px\" class=\"wp-caption aligncenter\"><a href=\"https:\/\/www.fraterinternacional.org\/wp-content\/uploads\/2020\/04\/saude_terapias_integrativas_ffhi_3.jpg\"><img decoding=\"async\" aria-describedby=\"caption-attachment-113204\" class=\"wp-image-113204 size-full\" src=\"https:\/\/www.fraterinternacional.org\/wp-content\/uploads\/2020\/04\/saude_terapias_integrativas_ffhi_3.jpg\" alt=\"Dia da Sa\u00fade\" width=\"1000\" height=\"750\" srcset=\"https:\/\/www.fraterinternacional.org\/wp-content\/uploads\/2020\/04\/saude_terapias_integrativas_ffhi_3-200x150.jpg 200w, https:\/\/www.fraterinternacional.org\/wp-content\/uploads\/2020\/04\/saude_terapias_integrativas_ffhi_3-300x225.jpg 300w, https:\/\/www.fraterinternacional.org\/wp-content\/uploads\/2020\/04\/saude_terapias_integrativas_ffhi_3-400x300.jpg 400w, https:\/\/www.fraterinternacional.org\/wp-content\/uploads\/2020\/04\/saude_terapias_integrativas_ffhi_3-600x450.jpg 600w, https:\/\/www.fraterinternacional.org\/wp-content\/uploads\/2020\/04\/saude_terapias_integrativas_ffhi_3-800x600.jpg 800w, https:\/\/www.fraterinternacional.org\/wp-content\/uploads\/2020\/04\/saude_terapias_integrativas_ffhi_3.jpg 1000w\" sizes=\"(max-width: 1000px) 100vw, 1000px\" \/><\/a><p id=\"caption-attachment-113204\" class=\"wp-caption-text\">Capacitaci\u00f3n sobre terapias integrativas en la Comunidad-Luz Fraternidad de Aurora<\/p><\/div>\n<p style=\"text-align: justify;\">La terapia relaciona varios alimentos naturales con poder de nutrir el organismo y fortalecer el sistema inmunol\u00f3gico como los vegetales crudos, el azafr\u00e1n, el jengibre y el t\u00e9 de cordia verbenacea. Especialmente sobre la inmunidad, ella complementa: \u00ababordando este asunto desde el lado espiritual, se sabe por medio de la instrucci\u00f3n de Jos\u00e9 Trigueirinho, que la inmunidad tiene mucho que ver con el nivel de consciencia, debemos siempre elevar nuestra vibraci\u00f3n mental y espiritual\u00bb.<\/p>\n<p style=\"text-align: justify;\">En este sentido, y en su mayor\u00eda, las terapias integrativas cuentan con un relevante recurso: el de enfatizar la importancia del ser humano en la b\u00fasqueda de ese estado de equilibrio, la homeostasis, no solo mediante la suministraci\u00f3n de medicamentos, si no tambi\u00e9n como part\u00edcipe en el propio proceso de cura y mantenimiento de la salud.<\/p>\n<p style=\"text-align: justify;\">El t\u00e9rmino homeostasis, con origen en la fisiolog\u00eda, comenz\u00f3 a utilizarse, recientemente, incluso en la psicolog\u00eda para la definici\u00f3n de un estado de autorregulaci\u00f3n inherente al cuerpo, que busca el equilibrio autom\u00e1ticamente frente a los desaf\u00edos impuestos por el medio al cual est\u00e1 sujeto.<\/p>\n<p style=\"text-align: justify;\">Considerando la totalidad y la complejidad del ser humano, que es mucho mayor que la suma de la partes f\u00edsicas de su cuerpo, la terapeuta Maria Ori concientiza: \u00abpara tener salud es necesario mantener nuestras mentes y pensamientos en una alta vibraci\u00f3n energ\u00e9tica, para que los \u00f3rganos, las c\u00e9lulas, los \u00e1tomos, las mol\u00e9culas y todos los componentes del organismo puedan irradiar luz y armon\u00eda\u00bb.<\/p>\n","protected":false},"excerpt":{"rendered":"<p>En un pasado no muy distante, la salud era definida como ausencia de enfermedades, principalmente ausencia de malestares f\u00edsicos, sin [&hellip;]<\/p>\n","protected":false},"author":4,"featured_media":113197,"comment_status":"closed","ping_status":"closed","sticky":false,"template":"","format":"standard","meta":{"footnotes":""},"categories":[173],"tags":[],"class_list":["post-113334","post","type-post","status-publish","format-standard","has-post-thumbnail","hentry","category-noticia"],"yoast_head":"<!-- This site is optimized with the Yoast SEO Premium plugin v21.0 (Yoast SEO v21.0) - https:\/\/yoast.com\/wordpress\/plugins\/seo\/ -->\n<title>D\u00eda Internacional de la Salud y del valor de la Terapias Integrativas<\/title>\n<meta name=\"description\" content=\"En un pasado no muy distante, la salud era definida como ausencia de enfermedades, principalmente ausencia de malestares f\u00edsicos, sin considerar los problemas provocados por las emociones, pensamientos y estados ps\u00edquicos desequilibrados.\" \/>\n<meta name=\"robots\" content=\"index, follow, max-snippet:-1, max-image-preview:large, max-video-preview:-1\" \/>\n<link rel=\"canonical\" href=\"https:\/\/www.fraterinternacional.org\/es\/dia-internacional-de-la-salud-y-del-valor-de-la-terapias-integrativas\/\" \/>\n<meta property=\"og:locale\" content=\"es_ES\" \/>\n<meta property=\"og:type\" content=\"article\" \/>\n<meta property=\"og:title\" content=\"D\u00eda Internacional de la Salud y del valor de la Terapias Integrativas\" \/>\n<meta property=\"og:description\" content=\"En un pasado no muy distante, la salud era definida como ausencia de enfermedades, principalmente ausencia de malestares f\u00edsicos, sin considerar los problemas provocados por las emociones, pensamientos y estados ps\u00edquicos desequilibrados.\" \/>\n<meta property=\"og:url\" content=\"https:\/\/www.fraterinternacional.org\/es\/dia-internacional-de-la-salud-y-del-valor-de-la-terapias-integrativas\/\" \/>\n<meta property=\"og:site_name\" content=\"Fraternidade - Federa\u00e7\u00e3o Humanit\u00e1ria Internacional\" \/>\n<meta property=\"article:publisher\" content=\"https:\/\/www.facebook.com\/fraternidadehumanitaria\" \/>\n<meta property=\"article:published_time\" content=\"2020-04-13T22:03:38+00:00\" \/>\n<meta property=\"article:modified_time\" content=\"2020-04-15T12:44:04+00:00\" \/>\n<meta property=\"og:image\" content=\"https:\/\/www.fraterinternacional.org\/wp-content\/uploads\/2020\/04\/saude_terapias_integrativas_ffhi_1.jpg\" \/>\n\t<meta property=\"og:image:width\" content=\"1000\" \/>\n\t<meta property=\"og:image:height\" content=\"749\" \/>\n\t<meta property=\"og:image:type\" content=\"image\/jpeg\" \/>\n<meta name=\"author\" content=\"maducato_admin\" \/>\n<meta name=\"twitter:card\" content=\"summary_large_image\" \/>\n<meta name=\"twitter:creator\" content=\"@fraternidadeFHI\" \/>\n<meta name=\"twitter:site\" content=\"@fraternidadeFHI\" \/>\n<meta name=\"twitter:label1\" content=\"Escrito por\" \/>\n\t<meta name=\"twitter:data1\" content=\"maducato_admin\" \/>\n\t<meta name=\"twitter:label2\" content=\"Tiempo de lectura\" \/>\n\t<meta name=\"twitter:data2\" content=\"4 minutos\" \/>\n<script type=\"application\/ld+json\" class=\"yoast-schema-graph\">{\"@context\":\"https:\/\/schema.org\",\"@graph\":[{\"@type\":\"WebPage\",\"@id\":\"https:\/\/www.fraterinternacional.org\/es\/dia-internacional-de-la-salud-y-del-valor-de-la-terapias-integrativas\/\",\"url\":\"https:\/\/www.fraterinternacional.org\/es\/dia-internacional-de-la-salud-y-del-valor-de-la-terapias-integrativas\/\",\"name\":\"D\u00eda Internacional de la Salud y del valor de la Terapias Integrativas\",\"isPartOf\":{\"@id\":\"https:\/\/www.fraterinternacional.org\/es\/#website\"},\"datePublished\":\"2020-04-13T22:03:38+00:00\",\"dateModified\":\"2020-04-15T12:44:04+00:00\",\"author\":{\"@id\":\"https:\/\/www.fraterinternacional.org\/es\/#\/schema\/person\/19cb7a5541fd019768c7fe255d72701e\"},\"description\":\"En un pasado no muy distante, la salud era definida como ausencia de enfermedades, principalmente ausencia de malestares f\u00edsicos, sin considerar los problemas provocados por las emociones, pensamientos y estados ps\u00edquicos desequilibrados.\",\"breadcrumb\":{\"@id\":\"https:\/\/www.fraterinternacional.org\/es\/dia-internacional-de-la-salud-y-del-valor-de-la-terapias-integrativas\/#breadcrumb\"},\"inLanguage\":\"es\",\"potentialAction\":[{\"@type\":\"ReadAction\",\"target\":[\"https:\/\/www.fraterinternacional.org\/es\/dia-internacional-de-la-salud-y-del-valor-de-la-terapias-integrativas\/\"]}]},{\"@type\":\"BreadcrumbList\",\"@id\":\"https:\/\/www.fraterinternacional.org\/es\/dia-internacional-de-la-salud-y-del-valor-de-la-terapias-integrativas\/#breadcrumb\",\"itemListElement\":[{\"@type\":\"ListItem\",\"position\":1,\"name\":\"In\u00edcio\",\"item\":\"https:\/\/www.fraterinternacional.org\/es\/\"},{\"@type\":\"ListItem\",\"position\":2,\"name\":\"D\u00eda Internacional de la Salud y del valor de la Terapias Integrativas\"}]},{\"@type\":\"WebSite\",\"@id\":\"https:\/\/www.fraterinternacional.org\/es\/#website\",\"url\":\"https:\/\/www.fraterinternacional.org\/es\/\",\"name\":\"Fraternidade - Federa\u00e7\u00e3o Humanit\u00e1ria Internacional\",\"description\":\"Fraternidade - Federa\u00e7\u00e3o Humanit\u00e1ria Internacional\",\"potentialAction\":[{\"@type\":\"SearchAction\",\"target\":{\"@type\":\"EntryPoint\",\"urlTemplate\":\"https:\/\/www.fraterinternacional.org\/es\/?s={search_term_string}\"},\"query-input\":\"required name=search_term_string\"}],\"inLanguage\":\"es\"},{\"@type\":\"Person\",\"@id\":\"https:\/\/www.fraterinternacional.org\/es\/#\/schema\/person\/19cb7a5541fd019768c7fe255d72701e\",\"name\":\"maducato_admin\"}]}<\/script>\n<!-- \/ Yoast SEO Premium plugin. -->","yoast_head_json":{"title":"D\u00eda Internacional de la Salud y del valor de la Terapias Integrativas","description":"En un pasado no muy distante, la salud era definida como ausencia de enfermedades, principalmente ausencia de malestares f\u00edsicos, sin considerar los problemas provocados por las emociones, pensamientos y estados ps\u00edquicos desequilibrados.","robots":{"index":"index","follow":"follow","max-snippet":"max-snippet:-1","max-image-preview":"max-image-preview:large","max-video-preview":"max-video-preview:-1"},"canonical":"https:\/\/www.fraterinternacional.org\/es\/dia-internacional-de-la-salud-y-del-valor-de-la-terapias-integrativas\/","og_locale":"es_ES","og_type":"article","og_title":"D\u00eda Internacional de la Salud y del valor de la Terapias Integrativas","og_description":"En un pasado no muy distante, la salud era definida como ausencia de enfermedades, principalmente ausencia de malestares f\u00edsicos, sin considerar los problemas provocados por las emociones, pensamientos y estados ps\u00edquicos desequilibrados.","og_url":"https:\/\/www.fraterinternacional.org\/es\/dia-internacional-de-la-salud-y-del-valor-de-la-terapias-integrativas\/","og_site_name":"Fraternidade - Federa\u00e7\u00e3o Humanit\u00e1ria Internacional","article_publisher":"https:\/\/www.facebook.com\/fraternidadehumanitaria","article_published_time":"2020-04-13T22:03:38+00:00","article_modified_time":"2020-04-15T12:44:04+00:00","og_image":[{"width":1000,"height":749,"url":"https:\/\/www.fraterinternacional.org\/wp-content\/uploads\/2020\/04\/saude_terapias_integrativas_ffhi_1.jpg","type":"image\/jpeg"}],"author":"maducato_admin","twitter_card":"summary_large_image","twitter_creator":"@fraternidadeFHI","twitter_site":"@fraternidadeFHI","twitter_misc":{"Escrito por":"maducato_admin","Tiempo de lectura":"4 minutos"},"schema":{"@context":"https:\/\/schema.org","@graph":[{"@type":"WebPage","@id":"https:\/\/www.fraterinternacional.org\/es\/dia-internacional-de-la-salud-y-del-valor-de-la-terapias-integrativas\/","url":"https:\/\/www.fraterinternacional.org\/es\/dia-internacional-de-la-salud-y-del-valor-de-la-terapias-integrativas\/","name":"D\u00eda Internacional de la Salud y del valor de la Terapias Integrativas","isPartOf":{"@id":"https:\/\/www.fraterinternacional.org\/es\/#website"},"datePublished":"2020-04-13T22:03:38+00:00","dateModified":"2020-04-15T12:44:04+00:00","author":{"@id":"https:\/\/www.fraterinternacional.org\/es\/#\/schema\/person\/19cb7a5541fd019768c7fe255d72701e"},"description":"En un pasado no muy distante, la salud era definida como ausencia de enfermedades, principalmente ausencia de malestares f\u00edsicos, sin considerar los problemas provocados por las emociones, pensamientos y estados ps\u00edquicos desequilibrados.","breadcrumb":{"@id":"https:\/\/www.fraterinternacional.org\/es\/dia-internacional-de-la-salud-y-del-valor-de-la-terapias-integrativas\/#breadcrumb"},"inLanguage":"es","potentialAction":[{"@type":"ReadAction","target":["https:\/\/www.fraterinternacional.org\/es\/dia-internacional-de-la-salud-y-del-valor-de-la-terapias-integrativas\/"]}]},{"@type":"BreadcrumbList","@id":"https:\/\/www.fraterinternacional.org\/es\/dia-internacional-de-la-salud-y-del-valor-de-la-terapias-integrativas\/#breadcrumb","itemListElement":[{"@type":"ListItem","position":1,"name":"In\u00edcio","item":"https:\/\/www.fraterinternacional.org\/es\/"},{"@type":"ListItem","position":2,"name":"D\u00eda Internacional de la Salud y del valor de la Terapias Integrativas"}]},{"@type":"WebSite","@id":"https:\/\/www.fraterinternacional.org\/es\/#website","url":"https:\/\/www.fraterinternacional.org\/es\/","name":"Fraternidade - Federa\u00e7\u00e3o Humanit\u00e1ria Internacional","description":"Fraternidade - Federa\u00e7\u00e3o Humanit\u00e1ria Internacional","potentialAction":[{"@type":"SearchAction","target":{"@type":"EntryPoint","urlTemplate":"https:\/\/www.fraterinternacional.org\/es\/?s={search_term_string}"},"query-input":"required name=search_term_string"}],"inLanguage":"es"},{"@type":"Person","@id":"https:\/\/www.fraterinternacional.org\/es\/#\/schema\/person\/19cb7a5541fd019768c7fe255d72701e","name":"maducato_admin"}]}},"_links":{"self":[{"href":"https:\/\/www.fraterinternacional.org\/es\/wp-json\/wp\/v2\/posts\/113334"}],"collection":[{"href":"https:\/\/www.fraterinternacional.org\/es\/wp-json\/wp\/v2\/posts"}],"about":[{"href":"https:\/\/www.fraterinternacional.org\/es\/wp-json\/wp\/v2\/types\/post"}],"author":[{"embeddable":true,"href":"https:\/\/www.fraterinternacional.org\/es\/wp-json\/wp\/v2\/users\/4"}],"replies":[{"embeddable":true,"href":"https:\/\/www.fraterinternacional.org\/es\/wp-json\/wp\/v2\/comments?post=113334"}],"version-history":[{"count":0,"href":"https:\/\/www.fraterinternacional.org\/es\/wp-json\/wp\/v2\/posts\/113334\/revisions"}],"wp:featuredmedia":[{"embeddable":true,"href":"https:\/\/www.fraterinternacional.org\/es\/wp-json\/wp\/v2\/media\/113197"}],"wp:attachment":[{"href":"https:\/\/www.fraterinternacional.org\/es\/wp-json\/wp\/v2\/media?parent=113334"}],"wp:term":[{"taxonomy":"category","embeddable":true,"href":"https:\/\/www.fraterinternacional.org\/es\/wp-json\/wp\/v2\/categories?post=113334"},{"taxonomy":"post_tag","embeddable":true,"href":"https:\/\/www.fraterinternacional.org\/es\/wp-json\/wp\/v2\/tags?post=113334"}],"curies":[{"name":"wp","href":"https:\/\/api.w.org\/{rel}","templated":true}]}}