{"id":113145,"date":"2020-04-07T09:43:14","date_gmt":"2020-04-07T12:43:14","guid":{"rendered":"https:\/\/www.fraterinternacional.org\/?p=113145"},"modified":"2020-04-07T09:43:14","modified_gmt":"2020-04-07T12:43:14","slug":"la-proteccion-de-la-vida-de-las-abejas-en-la-comunidad-luz","status":"publish","type":"post","link":"https:\/\/www.fraterinternacional.org\/es\/la-proteccion-de-la-vida-de-las-abejas-en-la-comunidad-luz\/","title":{"rendered":"La Protecci\u00f3n de la Vida de las Abejas en la Comunidad &#8211; Luz"},"content":{"rendered":"<p><a href=\"https:\/\/www.fraterinternacional.org\/wp-content\/uploads\/2020\/03\/ABELHAS-ffhi-01.jpg\"><img decoding=\"async\" class=\"size-full wp-image-112694 aligncenter\" src=\"https:\/\/www.fraterinternacional.org\/wp-content\/uploads\/2020\/03\/ABELHAS-ffhi-01.jpg\" alt=\"\" width=\"1000\" height=\"563\" srcset=\"https:\/\/www.fraterinternacional.org\/wp-content\/uploads\/2020\/03\/ABELHAS-ffhi-01-200x113.jpg 200w, https:\/\/www.fraterinternacional.org\/wp-content\/uploads\/2020\/03\/ABELHAS-ffhi-01-300x169.jpg 300w, https:\/\/www.fraterinternacional.org\/wp-content\/uploads\/2020\/03\/ABELHAS-ffhi-01-400x225.jpg 400w, https:\/\/www.fraterinternacional.org\/wp-content\/uploads\/2020\/03\/ABELHAS-ffhi-01-600x338.jpg 600w, https:\/\/www.fraterinternacional.org\/wp-content\/uploads\/2020\/03\/ABELHAS-ffhi-01-800x450.jpg 800w, https:\/\/www.fraterinternacional.org\/wp-content\/uploads\/2020\/03\/ABELHAS-ffhi-01.jpg 1000w\" sizes=\"(max-width: 1000px) 100vw, 1000px\" \/><\/a><\/p>\n<p style=\"font-weight: 400; text-align: justify;\">Con motivo del curso de\u00a0<a href=\"https:\/\/www.fraterinternacional.org\/es\/agricultura-sintropica-proteccion-de-la-vida-de-las-abejas-y-del-ser-humano\/\"><strong>Agricultura Sintr\u00f3pica<\/strong>,<\/a>\u00a0celebrado en julio de 2019, en F2, una de las \u00e1reas de la\u00a0<a href=\"http:\/\/www.comunidadefigueira.org.br\/portal\/es\/\">Comunidad- Luz Figueira<\/a>, se implant\u00f3 un m\u00f3dulo de agrofloresta, con prioridad para las plantas productoras de miel, que son las que atraen y alimentan a las abejas.<\/p>\n<p style=\"font-weight: 400; text-align: justify;\">Sabemos que en Brasil hay aproximadamente 5000 especies de abejas, entre las cuales tenemos aproximadamente 330 especies sin aguij\u00f3n, de las cuales alrededor de 70 pueden y deben criarse, con la ventaja de permitir que los seres humanos tengan contacto directo con ellas, sin que sea necesario usar ropas o equipamiento especial.<\/p>\n<p><a href=\"https:\/\/www.fraterinternacional.org\/wp-content\/uploads\/2020\/03\/ABELHAS-ffhi-07.jpg\"><img decoding=\"async\" class=\"size-full wp-image-112691 aligncenter\" src=\"https:\/\/www.fraterinternacional.org\/wp-content\/uploads\/2020\/03\/ABELHAS-ffhi-07.jpg\" alt=\"Vida das Abelhas\" width=\"1000\" height=\"563\" srcset=\"https:\/\/www.fraterinternacional.org\/wp-content\/uploads\/2020\/03\/ABELHAS-ffhi-07-200x113.jpg 200w, https:\/\/www.fraterinternacional.org\/wp-content\/uploads\/2020\/03\/ABELHAS-ffhi-07-300x169.jpg 300w, https:\/\/www.fraterinternacional.org\/wp-content\/uploads\/2020\/03\/ABELHAS-ffhi-07-400x225.jpg 400w, https:\/\/www.fraterinternacional.org\/wp-content\/uploads\/2020\/03\/ABELHAS-ffhi-07-600x338.jpg 600w, https:\/\/www.fraterinternacional.org\/wp-content\/uploads\/2020\/03\/ABELHAS-ffhi-07-800x450.jpg 800w, https:\/\/www.fraterinternacional.org\/wp-content\/uploads\/2020\/03\/ABELHAS-ffhi-07.jpg 1000w\" sizes=\"(max-width: 1000px) 100vw, 1000px\" \/><\/a><\/p>\n<p style=\"text-align: justify;\"><span lang=\"PT-BR\">Por lo tanto, en este momento, se est\u00e1 implantando el proyecto meliponario, que es la formaci\u00f3n de un espacio para albergar algunas de estas especies de abejas sin aguij\u00f3n, llamadas mel\u00edponas. Traen grandes beneficios ambientales, ya que son especies que polinizan la flora nativa, los cultivos de frutales y los huertos, que adem\u00e1s de contribuir a la producci\u00f3n de alimentos, tambi\u00e9n asegura el mantenimiento de la biodiversidad vegetal.<\/span><\/p>\n<h3 style=\"text-align: justify;\"><b>El riesgo de extinci\u00f3n<\/b><\/h3>\n<p><a href=\"https:\/\/www.fraterinternacional.org\/wp-content\/uploads\/2020\/03\/ABELHAS-ffhi-06.jpg\"><img decoding=\"async\" class=\"size-full wp-image-112688 aligncenter\" src=\"https:\/\/www.fraterinternacional.org\/wp-content\/uploads\/2020\/03\/ABELHAS-ffhi-06.jpg\" alt=\"Vida das Abelhas\" width=\"1000\" height=\"563\" srcset=\"https:\/\/www.fraterinternacional.org\/wp-content\/uploads\/2020\/03\/ABELHAS-ffhi-06-200x113.jpg 200w, https:\/\/www.fraterinternacional.org\/wp-content\/uploads\/2020\/03\/ABELHAS-ffhi-06-300x169.jpg 300w, https:\/\/www.fraterinternacional.org\/wp-content\/uploads\/2020\/03\/ABELHAS-ffhi-06-400x225.jpg 400w, https:\/\/www.fraterinternacional.org\/wp-content\/uploads\/2020\/03\/ABELHAS-ffhi-06-600x338.jpg 600w, https:\/\/www.fraterinternacional.org\/wp-content\/uploads\/2020\/03\/ABELHAS-ffhi-06-800x450.jpg 800w, https:\/\/www.fraterinternacional.org\/wp-content\/uploads\/2020\/03\/ABELHAS-ffhi-06.jpg 1000w\" sizes=\"(max-width: 1000px) 100vw, 1000px\" \/><\/a><\/p>\n<p style=\"font-weight: 400; text-align: justify;\">Es evidente, para todo el mundo, la muerte y desaparici\u00f3n masiva de abejas,\u00a0 cada vez m\u00e1s frecuente, y, aunque es innegable su importancia como productores de miel y proveedores de polen, prop\u00f3leos, jalea real y cera, su\u00a0 mayor contribuci\u00f3n es el servicio que brindan a todos los seres vivos del planeta: la polinizaci\u00f3n.<\/p>\n<p style=\"font-weight: 400; text-align: justify;\">A trav\u00e9s de este proceso de transporte sublime, que lo hacen naturalmente y con maestr\u00eda, se vuelven esenciales para mantener el equilibrio de gran parte de los ecosistemas.<\/p>\n<p style=\"font-weight: 400; text-align: justify;\">La polinizaci\u00f3n es un mecanismo utilizado por la naturaleza para dar continuidad a la vida. La desaparici\u00f3n de las abejas pone en peligro la existencia, no solo de los humanos, sino de todos los seres vivos.<\/p>\n\n\t\t<style type=\"text\/css\">\n\t\t\t#gallery-1 {\n\t\t\t\tmargin: auto;\n\t\t\t}\n\t\t\t#gallery-1 .gallery-item {\n\t\t\t\tfloat: left;\n\t\t\t\tmargin-top: 10px;\n\t\t\t\ttext-align: center;\n\t\t\t\twidth: 33%;\n\t\t\t}\n\t\t\t#gallery-1 img {\n\t\t\t\tborder: 2px solid #cfcfcf;\n\t\t\t}\n\t\t\t#gallery-1 .gallery-caption {\n\t\t\t\tmargin-left: 0;\n\t\t\t}\n\t\t\t\/* see gallery_shortcode() in wp-includes\/media.php *\/\n\t\t<\/style>\n\t\t<div id='gallery-1' class='gallery galleryid-113145 gallery-columns-3 gallery-size-medium'><dl class='gallery-item'>\n\t\t\t<dt class='gallery-icon landscape'>\n\t\t\t\t<a data-rel=\"iLightbox[postimages]\" data-title=\"ABELHAS-ffhi-02\" data-caption=\"\" href='https:\/\/www.fraterinternacional.org\/wp-content\/uploads\/2020\/03\/ABELHAS-ffhi-02.jpg'><img decoding=\"async\" width=\"300\" height=\"169\" src=\"https:\/\/www.fraterinternacional.org\/wp-content\/uploads\/2020\/03\/ABELHAS-ffhi-02-300x169.jpg\" class=\"attachment-medium size-medium\" alt=\"Vida das Abelhas\" srcset=\"https:\/\/www.fraterinternacional.org\/wp-content\/uploads\/2020\/03\/ABELHAS-ffhi-02-200x113.jpg 200w, https:\/\/www.fraterinternacional.org\/wp-content\/uploads\/2020\/03\/ABELHAS-ffhi-02-300x169.jpg 300w, https:\/\/www.fraterinternacional.org\/wp-content\/uploads\/2020\/03\/ABELHAS-ffhi-02-400x225.jpg 400w, https:\/\/www.fraterinternacional.org\/wp-content\/uploads\/2020\/03\/ABELHAS-ffhi-02-600x338.jpg 600w, https:\/\/www.fraterinternacional.org\/wp-content\/uploads\/2020\/03\/ABELHAS-ffhi-02-800x450.jpg 800w, https:\/\/www.fraterinternacional.org\/wp-content\/uploads\/2020\/03\/ABELHAS-ffhi-02.jpg 1000w\" sizes=\"(max-width: 300px) 100vw, 300px\" \/><\/a>\n\t\t\t<\/dt><\/dl><dl class='gallery-item'>\n\t\t\t<dt class='gallery-icon landscape'>\n\t\t\t\t<a data-rel=\"iLightbox[postimages]\" data-title=\"ABELHAS-ffhi-04\" data-caption=\"\" href='https:\/\/www.fraterinternacional.org\/wp-content\/uploads\/2020\/03\/ABELHAS-ffhi-04.jpg'><img decoding=\"async\" width=\"300\" height=\"169\" src=\"https:\/\/www.fraterinternacional.org\/wp-content\/uploads\/2020\/03\/ABELHAS-ffhi-04-300x169.jpg\" class=\"attachment-medium size-medium\" alt=\"Vida das Abelhas\" srcset=\"https:\/\/www.fraterinternacional.org\/wp-content\/uploads\/2020\/03\/ABELHAS-ffhi-04-200x113.jpg 200w, https:\/\/www.fraterinternacional.org\/wp-content\/uploads\/2020\/03\/ABELHAS-ffhi-04-300x169.jpg 300w, https:\/\/www.fraterinternacional.org\/wp-content\/uploads\/2020\/03\/ABELHAS-ffhi-04-400x225.jpg 400w, https:\/\/www.fraterinternacional.org\/wp-content\/uploads\/2020\/03\/ABELHAS-ffhi-04-600x338.jpg 600w, https:\/\/www.fraterinternacional.org\/wp-content\/uploads\/2020\/03\/ABELHAS-ffhi-04-800x450.jpg 800w, https:\/\/www.fraterinternacional.org\/wp-content\/uploads\/2020\/03\/ABELHAS-ffhi-04.jpg 1000w\" sizes=\"(max-width: 300px) 100vw, 300px\" \/><\/a>\n\t\t\t<\/dt><\/dl><dl class='gallery-item'>\n\t\t\t<dt class='gallery-icon landscape'>\n\t\t\t\t<a data-rel=\"iLightbox[postimages]\" data-title=\"ABELHAS-ffhi-03\" data-caption=\"\" href='https:\/\/www.fraterinternacional.org\/wp-content\/uploads\/2020\/03\/ABELHAS-ffhi-03.jpg'><img decoding=\"async\" width=\"300\" height=\"169\" src=\"https:\/\/www.fraterinternacional.org\/wp-content\/uploads\/2020\/03\/ABELHAS-ffhi-03-300x169.jpg\" class=\"attachment-medium size-medium\" alt=\"Vida das Abelhas\" srcset=\"https:\/\/www.fraterinternacional.org\/wp-content\/uploads\/2020\/03\/ABELHAS-ffhi-03-200x113.jpg 200w, https:\/\/www.fraterinternacional.org\/wp-content\/uploads\/2020\/03\/ABELHAS-ffhi-03-300x169.jpg 300w, https:\/\/www.fraterinternacional.org\/wp-content\/uploads\/2020\/03\/ABELHAS-ffhi-03-400x225.jpg 400w, https:\/\/www.fraterinternacional.org\/wp-content\/uploads\/2020\/03\/ABELHAS-ffhi-03-600x338.jpg 600w, https:\/\/www.fraterinternacional.org\/wp-content\/uploads\/2020\/03\/ABELHAS-ffhi-03-800x450.jpg 800w, https:\/\/www.fraterinternacional.org\/wp-content\/uploads\/2020\/03\/ABELHAS-ffhi-03.jpg 1000w\" sizes=\"(max-width: 300px) 100vw, 300px\" \/><\/a>\n\t\t\t<\/dt><\/dl><br style=\"clear: both\" \/>\n\t\t<\/div>\n\n<p style=\"font-weight: 400; text-align: justify;\">Adem\u00e1s de todas las intervenciones humanas equivocadas, como la destrucci\u00f3n de la naturaleza, la quema, la tala de bosques, la actividad mel\u00edfera, que explota la miel sin el conocimiento de un manejo adecuado, tambi\u00e9n existe el uso constante e indiscriminado de pesticidas en la agricultura, principal factor responsable de la mortalidad de las abejas.<\/p>\n<p style=\"font-weight: 400; text-align: justify;\">Por lo tanto, existe una evidente necesidad de crear con urgencia entornos favorables para la vida de estos seres, entornos que los protejan.<\/p>\n<p style=\"font-weight: 400; text-align: justify;\">Al igual que cualquier ser vivo, que necesita alimento y albergue para sobrevivir, las abejas tambi\u00e9n lo necesitan, y es con esta consciencia que la\u00a0<strong><a href=\"http:\/\/www.comunidadefigueira.org.br\/portal\/es\/\">Comunidad- Luz Figueira<\/a><\/strong>\u00a0est\u00e1 trabajando para crear un ambiente adecuado para ellas, construyendo espacios acogedores, donde estos seres, que promueven la vida en la Tierra, pueden vivir en armon\u00eda con todos los Reinos de la Naturaleza.<\/p>\n<p style=\"font-weight: 400; text-align: justify;\">Al hacerlo, los colaboradores de la\u00a0<a href=\"http:\/\/www.comunidadefigueira.org.br\/portal\/es\/\"><strong>Comunidad-Luz Figueira<\/strong>\u00a0<\/a>siguen las ense\u00f1anzas transmitidas por Jos\u00e9 Trigueirinho Netto, en uno de sus estudios, llamado\u00a0<strong><a href=\"https:\/\/www.irdin.org.br\/site\/produtos\/conversas-com-trigueirinho-no-1\/\">Conversas com Trigueirinhon\u00ba 1<\/a><\/strong>, disponible en Irdin Editora.<\/p>\n<p style=\"font-weight: 400; text-align: justify;\">\u00ab&#8230; aqu\u00ed (en Figueira) plantamos varias especies en funci\u00f3n de las abejas, para facilitarles la vida. La intenci\u00f3n es mantenerlas, no para explotarlas, sino para convivir en un ambiente propicio para ellas\u00bb .<\/p>\n","protected":false},"excerpt":{"rendered":"<p>Con motivo del curso de\u00a0Agricultura Sintr\u00f3pica,\u00a0celebrado en julio de 2019, en F2, una de las \u00e1reas de la\u00a0Comunidad- Luz Figueira, [&hellip;]<\/p>\n","protected":false},"author":4,"featured_media":112696,"comment_status":"closed","ping_status":"closed","sticky":false,"template":"","format":"standard","meta":{"footnotes":""},"categories":[173],"tags":[],"class_list":["post-113145","post","type-post","status-publish","format-standard","has-post-thumbnail","hentry","category-noticia"],"yoast_head":"<!-- This site is optimized with the Yoast SEO Premium plugin v21.0 (Yoast SEO v21.0) - https:\/\/yoast.com\/wordpress\/plugins\/seo\/ -->\n<title>La Protecci\u00f3n de la Vida de las Abejas en la Comunidad - Luz<\/title>\n<meta name=\"description\" content=\"Con motivo del curso de Agricultura Sintr\u00f3pica, celebrado en julio de 2019, en F2, una de las \u00e1reas de la Comunidad- Luz Figueira, se implant\u00f3 un m\u00f3dulo de agrofloresta, con prioridad para las plantas productoras de miel, que son las que atraen y alimentan a las abejas.\" \/>\n<meta name=\"robots\" content=\"index, follow, max-snippet:-1, max-image-preview:large, max-video-preview:-1\" \/>\n<link rel=\"canonical\" href=\"https:\/\/www.fraterinternacional.org\/es\/la-proteccion-de-la-vida-de-las-abejas-en-la-comunidad-luz\/\" \/>\n<meta property=\"og:locale\" content=\"es_ES\" \/>\n<meta property=\"og:type\" content=\"article\" \/>\n<meta property=\"og:title\" content=\"La Protecci\u00f3n de la Vida de las Abejas en la Comunidad - Luz\" \/>\n<meta property=\"og:description\" content=\"Con motivo del curso de Agricultura Sintr\u00f3pica, celebrado en julio de 2019, en F2, una de las \u00e1reas de la Comunidad- Luz Figueira, se implant\u00f3 un m\u00f3dulo de agrofloresta, con prioridad para las plantas productoras de miel, que son las que atraen y alimentan a las abejas.\" \/>\n<meta property=\"og:url\" content=\"https:\/\/www.fraterinternacional.org\/es\/la-proteccion-de-la-vida-de-las-abejas-en-la-comunidad-luz\/\" \/>\n<meta property=\"og:site_name\" content=\"Fraternidade - Federa\u00e7\u00e3o Humanit\u00e1ria Internacional\" \/>\n<meta property=\"article:publisher\" content=\"https:\/\/www.facebook.com\/fraternidadehumanitaria\" \/>\n<meta property=\"article:published_time\" content=\"2020-04-07T12:43:14+00:00\" \/>\n<meta property=\"og:image\" content=\"https:\/\/www.fraterinternacional.org\/wp-content\/uploads\/2020\/03\/ABELHAS-ffhi-01.jpg\" \/>\n\t<meta property=\"og:image:width\" content=\"1000\" \/>\n\t<meta property=\"og:image:height\" content=\"563\" \/>\n\t<meta property=\"og:image:type\" content=\"image\/jpeg\" \/>\n<meta name=\"author\" content=\"maducato_admin\" \/>\n<meta name=\"twitter:card\" content=\"summary_large_image\" \/>\n<meta name=\"twitter:creator\" content=\"@fraternidadeFHI\" \/>\n<meta name=\"twitter:site\" content=\"@fraternidadeFHI\" \/>\n<meta name=\"twitter:label1\" content=\"Escrito por\" \/>\n\t<meta name=\"twitter:data1\" content=\"maducato_admin\" \/>\n\t<meta name=\"twitter:label2\" content=\"Tiempo de lectura\" \/>\n\t<meta name=\"twitter:data2\" content=\"3 minutos\" \/>\n<script type=\"application\/ld+json\" class=\"yoast-schema-graph\">{\"@context\":\"https:\/\/schema.org\",\"@graph\":[{\"@type\":\"WebPage\",\"@id\":\"https:\/\/www.fraterinternacional.org\/es\/la-proteccion-de-la-vida-de-las-abejas-en-la-comunidad-luz\/\",\"url\":\"https:\/\/www.fraterinternacional.org\/es\/la-proteccion-de-la-vida-de-las-abejas-en-la-comunidad-luz\/\",\"name\":\"La Protecci\u00f3n de la Vida de las Abejas en la Comunidad - Luz\",\"isPartOf\":{\"@id\":\"https:\/\/www.fraterinternacional.org\/es\/#website\"},\"datePublished\":\"2020-04-07T12:43:14+00:00\",\"dateModified\":\"2020-04-07T12:43:14+00:00\",\"author\":{\"@id\":\"https:\/\/www.fraterinternacional.org\/es\/#\/schema\/person\/19cb7a5541fd019768c7fe255d72701e\"},\"description\":\"Con motivo del curso de Agricultura Sintr\u00f3pica, celebrado en julio de 2019, en F2, una de las \u00e1reas de la Comunidad- Luz Figueira, se implant\u00f3 un m\u00f3dulo de agrofloresta, con prioridad para las plantas productoras de miel, que son las que atraen y alimentan a las abejas.\",\"breadcrumb\":{\"@id\":\"https:\/\/www.fraterinternacional.org\/es\/la-proteccion-de-la-vida-de-las-abejas-en-la-comunidad-luz\/#breadcrumb\"},\"inLanguage\":\"es\",\"potentialAction\":[{\"@type\":\"ReadAction\",\"target\":[\"https:\/\/www.fraterinternacional.org\/es\/la-proteccion-de-la-vida-de-las-abejas-en-la-comunidad-luz\/\"]}]},{\"@type\":\"BreadcrumbList\",\"@id\":\"https:\/\/www.fraterinternacional.org\/es\/la-proteccion-de-la-vida-de-las-abejas-en-la-comunidad-luz\/#breadcrumb\",\"itemListElement\":[{\"@type\":\"ListItem\",\"position\":1,\"name\":\"In\u00edcio\",\"item\":\"https:\/\/www.fraterinternacional.org\/es\/\"},{\"@type\":\"ListItem\",\"position\":2,\"name\":\"La Protecci\u00f3n de la Vida de las Abejas en la Comunidad &#8211; Luz\"}]},{\"@type\":\"WebSite\",\"@id\":\"https:\/\/www.fraterinternacional.org\/es\/#website\",\"url\":\"https:\/\/www.fraterinternacional.org\/es\/\",\"name\":\"Fraternidade - Federa\u00e7\u00e3o Humanit\u00e1ria Internacional\",\"description\":\"Fraternidade - Federa\u00e7\u00e3o Humanit\u00e1ria Internacional\",\"potentialAction\":[{\"@type\":\"SearchAction\",\"target\":{\"@type\":\"EntryPoint\",\"urlTemplate\":\"https:\/\/www.fraterinternacional.org\/es\/?s={search_term_string}\"},\"query-input\":\"required name=search_term_string\"}],\"inLanguage\":\"es\"},{\"@type\":\"Person\",\"@id\":\"https:\/\/www.fraterinternacional.org\/es\/#\/schema\/person\/19cb7a5541fd019768c7fe255d72701e\",\"name\":\"maducato_admin\"}]}<\/script>\n<!-- \/ Yoast SEO Premium plugin. -->","yoast_head_json":{"title":"La Protecci\u00f3n de la Vida de las Abejas en la Comunidad - Luz","description":"Con motivo del curso de Agricultura Sintr\u00f3pica, celebrado en julio de 2019, en F2, una de las \u00e1reas de la Comunidad- Luz Figueira, se implant\u00f3 un m\u00f3dulo de agrofloresta, con prioridad para las plantas productoras de miel, que son las que atraen y alimentan a las abejas.","robots":{"index":"index","follow":"follow","max-snippet":"max-snippet:-1","max-image-preview":"max-image-preview:large","max-video-preview":"max-video-preview:-1"},"canonical":"https:\/\/www.fraterinternacional.org\/es\/la-proteccion-de-la-vida-de-las-abejas-en-la-comunidad-luz\/","og_locale":"es_ES","og_type":"article","og_title":"La Protecci\u00f3n de la Vida de las Abejas en la Comunidad - Luz","og_description":"Con motivo del curso de Agricultura Sintr\u00f3pica, celebrado en julio de 2019, en F2, una de las \u00e1reas de la Comunidad- Luz Figueira, se implant\u00f3 un m\u00f3dulo de agrofloresta, con prioridad para las plantas productoras de miel, que son las que atraen y alimentan a las abejas.","og_url":"https:\/\/www.fraterinternacional.org\/es\/la-proteccion-de-la-vida-de-las-abejas-en-la-comunidad-luz\/","og_site_name":"Fraternidade - Federa\u00e7\u00e3o Humanit\u00e1ria Internacional","article_publisher":"https:\/\/www.facebook.com\/fraternidadehumanitaria","article_published_time":"2020-04-07T12:43:14+00:00","og_image":[{"width":1000,"height":563,"url":"https:\/\/www.fraterinternacional.org\/wp-content\/uploads\/2020\/03\/ABELHAS-ffhi-01.jpg","type":"image\/jpeg"}],"author":"maducato_admin","twitter_card":"summary_large_image","twitter_creator":"@fraternidadeFHI","twitter_site":"@fraternidadeFHI","twitter_misc":{"Escrito por":"maducato_admin","Tiempo de lectura":"3 minutos"},"schema":{"@context":"https:\/\/schema.org","@graph":[{"@type":"WebPage","@id":"https:\/\/www.fraterinternacional.org\/es\/la-proteccion-de-la-vida-de-las-abejas-en-la-comunidad-luz\/","url":"https:\/\/www.fraterinternacional.org\/es\/la-proteccion-de-la-vida-de-las-abejas-en-la-comunidad-luz\/","name":"La Protecci\u00f3n de la Vida de las Abejas en la Comunidad - Luz","isPartOf":{"@id":"https:\/\/www.fraterinternacional.org\/es\/#website"},"datePublished":"2020-04-07T12:43:14+00:00","dateModified":"2020-04-07T12:43:14+00:00","author":{"@id":"https:\/\/www.fraterinternacional.org\/es\/#\/schema\/person\/19cb7a5541fd019768c7fe255d72701e"},"description":"Con motivo del curso de Agricultura Sintr\u00f3pica, celebrado en julio de 2019, en F2, una de las \u00e1reas de la Comunidad- Luz Figueira, se implant\u00f3 un m\u00f3dulo de agrofloresta, con prioridad para las plantas productoras de miel, que son las que atraen y alimentan a las abejas.","breadcrumb":{"@id":"https:\/\/www.fraterinternacional.org\/es\/la-proteccion-de-la-vida-de-las-abejas-en-la-comunidad-luz\/#breadcrumb"},"inLanguage":"es","potentialAction":[{"@type":"ReadAction","target":["https:\/\/www.fraterinternacional.org\/es\/la-proteccion-de-la-vida-de-las-abejas-en-la-comunidad-luz\/"]}]},{"@type":"BreadcrumbList","@id":"https:\/\/www.fraterinternacional.org\/es\/la-proteccion-de-la-vida-de-las-abejas-en-la-comunidad-luz\/#breadcrumb","itemListElement":[{"@type":"ListItem","position":1,"name":"In\u00edcio","item":"https:\/\/www.fraterinternacional.org\/es\/"},{"@type":"ListItem","position":2,"name":"La Protecci\u00f3n de la Vida de las Abejas en la Comunidad &#8211; Luz"}]},{"@type":"WebSite","@id":"https:\/\/www.fraterinternacional.org\/es\/#website","url":"https:\/\/www.fraterinternacional.org\/es\/","name":"Fraternidade - Federa\u00e7\u00e3o Humanit\u00e1ria Internacional","description":"Fraternidade - Federa\u00e7\u00e3o Humanit\u00e1ria Internacional","potentialAction":[{"@type":"SearchAction","target":{"@type":"EntryPoint","urlTemplate":"https:\/\/www.fraterinternacional.org\/es\/?s={search_term_string}"},"query-input":"required name=search_term_string"}],"inLanguage":"es"},{"@type":"Person","@id":"https:\/\/www.fraterinternacional.org\/es\/#\/schema\/person\/19cb7a5541fd019768c7fe255d72701e","name":"maducato_admin"}]}},"_links":{"self":[{"href":"https:\/\/www.fraterinternacional.org\/es\/wp-json\/wp\/v2\/posts\/113145"}],"collection":[{"href":"https:\/\/www.fraterinternacional.org\/es\/wp-json\/wp\/v2\/posts"}],"about":[{"href":"https:\/\/www.fraterinternacional.org\/es\/wp-json\/wp\/v2\/types\/post"}],"author":[{"embeddable":true,"href":"https:\/\/www.fraterinternacional.org\/es\/wp-json\/wp\/v2\/users\/4"}],"replies":[{"embeddable":true,"href":"https:\/\/www.fraterinternacional.org\/es\/wp-json\/wp\/v2\/comments?post=113145"}],"version-history":[{"count":0,"href":"https:\/\/www.fraterinternacional.org\/es\/wp-json\/wp\/v2\/posts\/113145\/revisions"}],"wp:featuredmedia":[{"embeddable":true,"href":"https:\/\/www.fraterinternacional.org\/es\/wp-json\/wp\/v2\/media\/112696"}],"wp:attachment":[{"href":"https:\/\/www.fraterinternacional.org\/es\/wp-json\/wp\/v2\/media?parent=113145"}],"wp:term":[{"taxonomy":"category","embeddable":true,"href":"https:\/\/www.fraterinternacional.org\/es\/wp-json\/wp\/v2\/categories?post=113145"},{"taxonomy":"post_tag","embeddable":true,"href":"https:\/\/www.fraterinternacional.org\/es\/wp-json\/wp\/v2\/tags?post=113145"}],"curies":[{"name":"wp","href":"https:\/\/api.w.org\/{rel}","templated":true}]}}