{"id":112767,"date":"2020-03-28T10:10:57","date_gmt":"2020-03-28T13:10:57","guid":{"rendered":"https:\/\/www.fraterinternacional.org\/?p=112767"},"modified":"2020-03-28T10:10:57","modified_gmt":"2020-03-28T13:10:57","slug":"integrantes-de-la-red-luz-y-juventud-por-la-paz-reciben-formacion-en-argentina","status":"publish","type":"post","link":"https:\/\/www.fraterinternacional.org\/es\/integrantes-de-la-red-luz-y-juventud-por-la-paz-reciben-formacion-en-argentina\/","title":{"rendered":"Integrantes de la Red-Luz y Juventud por la Paz reciben formaci\u00f3n en Argentina"},"content":{"rendered":"<p><a href=\"https:\/\/www.fraterinternacional.org\/wp-content\/uploads\/2020\/03\/noticia-rede-luz-argentina02b.jpg\"><img decoding=\"async\" class=\"size-full wp-image-112721 aligncenter\" src=\"https:\/\/www.fraterinternacional.org\/wp-content\/uploads\/2020\/03\/noticia-rede-luz-argentina02b.jpg\" alt=\"Integrantes da Rede-Luz e Juventude pela Paz recebem forma\u00e7\u00e3o na Argentina\" width=\"1000\" height=\"565\" srcset=\"https:\/\/www.fraterinternacional.org\/wp-content\/uploads\/2020\/03\/noticia-rede-luz-argentina02b-200x113.jpg 200w, https:\/\/www.fraterinternacional.org\/wp-content\/uploads\/2020\/03\/noticia-rede-luz-argentina02b-300x170.jpg 300w, https:\/\/www.fraterinternacional.org\/wp-content\/uploads\/2020\/03\/noticia-rede-luz-argentina02b-400x226.jpg 400w, https:\/\/www.fraterinternacional.org\/wp-content\/uploads\/2020\/03\/noticia-rede-luz-argentina02b-600x339.jpg 600w, https:\/\/www.fraterinternacional.org\/wp-content\/uploads\/2020\/03\/noticia-rede-luz-argentina02b-800x452.jpg 800w, https:\/\/www.fraterinternacional.org\/wp-content\/uploads\/2020\/03\/noticia-rede-luz-argentina02b.jpg 1000w\" sizes=\"(max-width: 1000px) 100vw, 1000px\" \/><\/a><\/p>\n<p style=\"text-align: justify;\">Primer encuentro de formaci\u00f3n para los misioneros de la <a href=\"https:\/\/www.fraterinternacional.org\/es\/red-luz\/\"><strong>Red-Luz Centro<\/strong><\/a> y <a href=\"https:\/\/juventudepelapaz.org\/es\/\"><strong>Juventud por la Paz<\/strong><\/a>, ambas ramas de la <a href=\"https:\/\/www.fraterinternacional.org\/es\/quienes-somos\/\"><strong>Fraternidade &#8211; Federaci\u00f3n Humanitaria Internacional (FFHI)<\/strong><\/a>, en Buenos Aires, Argentina, los d\u00edas 21 y 22.<\/p>\n<p style=\"text-align: justify;\">El s\u00e1bado 21 fue la presentaci\u00f3n del primer m\u00f3dulo de la formaci\u00f3n que se realiz\u00f3 en Lan\u00fas, zona sur del Gran Buenos Aires. El material te\u00f3rico tuvo como objetivo presentar a los 60 participantes los principios y actitudes del perfil que debe tener un misionero de la<a href=\"https:\/\/www.fraterinternacional.org\/es\/quienes-somos\/\"><strong> Fraternidade Humanitaria (FFHI)<\/strong><\/a>. Ricardo Baumgartner es el misionero matriz encargado de dar este entrenamiento en Argentina, Uruguay y Paraguay.<\/p>\n<p><a href=\"https:\/\/www.fraterinternacional.org\/wp-content\/uploads\/2020\/03\/noticia-rede-luz-argentina03.jpg\"><img decoding=\"async\" class=\"size-full wp-image-112718 aligncenter\" src=\"https:\/\/www.fraterinternacional.org\/wp-content\/uploads\/2020\/03\/noticia-rede-luz-argentina03.jpg\" alt=\"Integrantes da Rede-Luz e Juventude pela Paz recebem forma\u00e7\u00e3o na Argentina\" width=\"1000\" height=\"667\" srcset=\"https:\/\/www.fraterinternacional.org\/wp-content\/uploads\/2020\/03\/noticia-rede-luz-argentina03-200x133.jpg 200w, https:\/\/www.fraterinternacional.org\/wp-content\/uploads\/2020\/03\/noticia-rede-luz-argentina03-300x200.jpg 300w, https:\/\/www.fraterinternacional.org\/wp-content\/uploads\/2020\/03\/noticia-rede-luz-argentina03-400x267.jpg 400w, https:\/\/www.fraterinternacional.org\/wp-content\/uploads\/2020\/03\/noticia-rede-luz-argentina03-600x400.jpg 600w, https:\/\/www.fraterinternacional.org\/wp-content\/uploads\/2020\/03\/noticia-rede-luz-argentina03-800x534.jpg 800w, https:\/\/www.fraterinternacional.org\/wp-content\/uploads\/2020\/03\/noticia-rede-luz-argentina03.jpg 1000w\" sizes=\"(max-width: 1000px) 100vw, 1000px\" \/><\/a><\/p>\n<p style=\"text-align: justify;\">El domingo, participantes y misioneros actuaron en tareas de manutenci\u00f3n general del mismo lugar donde las actividades te\u00f3ricas se desarrollaron.<\/p>\n<p style=\"text-align: justify;\">La coordinadora de las tareas pr\u00e1cticas fue Viviana Walsh, misionera adjunta de la <a href=\"https:\/\/www.fraterinternacional.org\/es\/quienes-somos\/\"><strong>Fraternidade &#8211; Humanitaria (FFHI)<\/strong><\/a>, ayudada por Fernando Mart\u00ednez, miembro de la <a href=\"https:\/\/www.fraterinternacional.org\/es\/red-luz\/\"><strong>Red-Luz Centro.<\/strong><\/a><\/p>\n<p><a href=\"https:\/\/www.fraterinternacional.org\/wp-content\/uploads\/2020\/03\/noticia-rede-luz-argentina01b.jpg\"><img decoding=\"async\" class=\"size-full wp-image-112724 aligncenter\" src=\"https:\/\/www.fraterinternacional.org\/wp-content\/uploads\/2020\/03\/noticia-rede-luz-argentina01b.jpg\" alt=\"Integrantes da Rede-Luz e Juventude pela Paz recebem forma\u00e7\u00e3o na Argentina\" width=\"1000\" height=\"666\" srcset=\"https:\/\/www.fraterinternacional.org\/wp-content\/uploads\/2020\/03\/noticia-rede-luz-argentina01b-200x133.jpg 200w, https:\/\/www.fraterinternacional.org\/wp-content\/uploads\/2020\/03\/noticia-rede-luz-argentina01b-300x200.jpg 300w, https:\/\/www.fraterinternacional.org\/wp-content\/uploads\/2020\/03\/noticia-rede-luz-argentina01b-400x266.jpg 400w, https:\/\/www.fraterinternacional.org\/wp-content\/uploads\/2020\/03\/noticia-rede-luz-argentina01b-600x400.jpg 600w, https:\/\/www.fraterinternacional.org\/wp-content\/uploads\/2020\/03\/noticia-rede-luz-argentina01b-800x533.jpg 800w, https:\/\/www.fraterinternacional.org\/wp-content\/uploads\/2020\/03\/noticia-rede-luz-argentina01b.jpg 1000w\" sizes=\"(max-width: 1000px) 100vw, 1000px\" \/><\/a><\/p>\n<p style=\"text-align: justify;\">Los participantes se reunieron en equipos para realizar diferentes tareas: reforma del espacio y restauraci\u00f3n de las paredes, que sufr\u00edan da\u00f1os por la humedad, con pintura especial; lijado y pintado del enrejado con pintura antioxidante; organizaci\u00f3n y armonizaci\u00f3n de la cocina; preparaci\u00f3n del alimento y oraci\u00f3n.<\/p>\n<p style=\"text-align: justify;\">\u00abEste d\u00eda de entrenamiento estuvo muy bien organizado, casi todo perfecto, excepto por la abundante lluvia\u00bb, dijo Ricardo Baumgartner.<\/p>\n<p><a href=\"https:\/\/www.fraterinternacional.org\/wp-content\/uploads\/2020\/03\/noticia-rede-luz-argentina04.jpg\"><img decoding=\"async\" class=\"size-full wp-image-112711 aligncenter\" src=\"https:\/\/www.fraterinternacional.org\/wp-content\/uploads\/2020\/03\/noticia-rede-luz-argentina04.jpg\" alt=\"Integrantes da Rede-Luz e Juventude pela Paz recebem forma\u00e7\u00e3o na Argentina\" width=\"1000\" height=\"667\" srcset=\"https:\/\/www.fraterinternacional.org\/wp-content\/uploads\/2020\/03\/noticia-rede-luz-argentina04-200x133.jpg 200w, https:\/\/www.fraterinternacional.org\/wp-content\/uploads\/2020\/03\/noticia-rede-luz-argentina04-300x200.jpg 300w, https:\/\/www.fraterinternacional.org\/wp-content\/uploads\/2020\/03\/noticia-rede-luz-argentina04-400x267.jpg 400w, https:\/\/www.fraterinternacional.org\/wp-content\/uploads\/2020\/03\/noticia-rede-luz-argentina04-600x400.jpg 600w, https:\/\/www.fraterinternacional.org\/wp-content\/uploads\/2020\/03\/noticia-rede-luz-argentina04-800x534.jpg 800w, https:\/\/www.fraterinternacional.org\/wp-content\/uploads\/2020\/03\/noticia-rede-luz-argentina04.jpg 1000w\" sizes=\"(max-width: 1000px) 100vw, 1000px\" \/><\/a><\/p>\n<p style=\"text-align: justify;\">De acuerdo con el equipo organizador de la formaci\u00f3n, todos los participantes tuvieron su tarea que fluy\u00f3 con gran armon\u00eda. \u00abDijeron que quedaron realmente sorprendidos, pensaron que la formaci\u00f3n ser\u00eda igual a otras instrucciones, y para sorpresa de todos, todo fue muy superior\u00bb, relat\u00f3 el equipo.<\/p>\n<p style=\"text-align: justify;\">Para conocer otras actividades realizadas por la Red-Luz Argentina clique <a href=\"https:\/\/www.fraterinternacional.org\/es\/mision-argentina-confraternizar\/\"><strong>aqu\u00ed.<\/strong><\/a><\/p>\n","protected":false},"excerpt":{"rendered":"<p>Primer encuentro de formaci\u00f3n para los misioneros de la Red-Luz Centro y Juventud por la Paz, ambas ramas de la [&hellip;]<\/p>\n","protected":false},"author":4,"featured_media":112723,"comment_status":"closed","ping_status":"closed","sticky":false,"template":"","format":"standard","meta":{"footnotes":""},"categories":[173,120],"tags":[],"class_list":["post-112767","post","type-post","status-publish","format-standard","has-post-thumbnail","hentry","category-noticia","category-red-luz-es"],"yoast_head":"<!-- This site is optimized with the Yoast SEO Premium plugin v21.0 (Yoast SEO v21.0) - https:\/\/yoast.com\/wordpress\/plugins\/seo\/ -->\n<title>Integrantes de la Red-Luz y Juventud por la Paz reciben formaci\u00f3n en Argentina<\/title>\n<meta name=\"description\" content=\"El s\u00e1bado 21 fue la presentaci\u00f3n del primer m\u00f3dulo de la formaci\u00f3n que se realiz\u00f3 en Lan\u00fas, zona sur del Gran Buenos Aires. El material te\u00f3rico tuvo como objetivo presentar a los 60 participantes los principios y actitudes del perfil que debe tener un misionero de la Fraternidade Humanitaria (FFHI). Ricardo Baumgartner es el misionero matriz encargado de dar este entrenamiento en Argentina, Uruguay y Paraguay.\" \/>\n<meta name=\"robots\" content=\"index, follow, max-snippet:-1, max-image-preview:large, max-video-preview:-1\" \/>\n<link rel=\"canonical\" href=\"https:\/\/www.fraterinternacional.org\/es\/integrantes-de-la-red-luz-y-juventud-por-la-paz-reciben-formacion-en-argentina\/\" \/>\n<meta property=\"og:locale\" content=\"es_ES\" \/>\n<meta property=\"og:type\" content=\"article\" \/>\n<meta property=\"og:title\" content=\"Integrantes de la Red-Luz y Juventud por la Paz reciben formaci\u00f3n en Argentina\" \/>\n<meta property=\"og:description\" content=\"El s\u00e1bado 21 fue la presentaci\u00f3n del primer m\u00f3dulo de la formaci\u00f3n que se realiz\u00f3 en Lan\u00fas, zona sur del Gran Buenos Aires. El material te\u00f3rico tuvo como objetivo presentar a los 60 participantes los principios y actitudes del perfil que debe tener un misionero de la Fraternidade Humanitaria (FFHI). Ricardo Baumgartner es el misionero matriz encargado de dar este entrenamiento en Argentina, Uruguay y Paraguay.\" \/>\n<meta property=\"og:url\" content=\"https:\/\/www.fraterinternacional.org\/es\/integrantes-de-la-red-luz-y-juventud-por-la-paz-reciben-formacion-en-argentina\/\" \/>\n<meta property=\"og:site_name\" content=\"Fraternidade - Federa\u00e7\u00e3o Humanit\u00e1ria Internacional\" \/>\n<meta property=\"article:publisher\" content=\"https:\/\/www.facebook.com\/fraternidadehumanitaria\" \/>\n<meta property=\"article:published_time\" content=\"2020-03-28T13:10:57+00:00\" \/>\n<meta property=\"og:image\" content=\"https:\/\/www.fraterinternacional.org\/wp-content\/uploads\/2020\/03\/noticia-rede-luz-argentina02b.jpg\" \/>\n\t<meta property=\"og:image:width\" content=\"1000\" \/>\n\t<meta property=\"og:image:height\" content=\"565\" \/>\n\t<meta property=\"og:image:type\" content=\"image\/jpeg\" \/>\n<meta name=\"author\" content=\"maducato_admin\" \/>\n<meta name=\"twitter:card\" content=\"summary_large_image\" \/>\n<meta name=\"twitter:creator\" content=\"@fraternidadeFHI\" \/>\n<meta name=\"twitter:site\" content=\"@fraternidadeFHI\" \/>\n<meta name=\"twitter:label1\" content=\"Escrito por\" \/>\n\t<meta name=\"twitter:data1\" content=\"maducato_admin\" \/>\n\t<meta name=\"twitter:label2\" content=\"Tiempo de lectura\" \/>\n\t<meta name=\"twitter:data2\" content=\"1 minuto\" \/>\n<script type=\"application\/ld+json\" class=\"yoast-schema-graph\">{\"@context\":\"https:\/\/schema.org\",\"@graph\":[{\"@type\":\"WebPage\",\"@id\":\"https:\/\/www.fraterinternacional.org\/es\/integrantes-de-la-red-luz-y-juventud-por-la-paz-reciben-formacion-en-argentina\/\",\"url\":\"https:\/\/www.fraterinternacional.org\/es\/integrantes-de-la-red-luz-y-juventud-por-la-paz-reciben-formacion-en-argentina\/\",\"name\":\"Integrantes de la Red-Luz y Juventud por la Paz reciben formaci\u00f3n en Argentina\",\"isPartOf\":{\"@id\":\"https:\/\/www.fraterinternacional.org\/es\/#website\"},\"datePublished\":\"2020-03-28T13:10:57+00:00\",\"dateModified\":\"2020-03-28T13:10:57+00:00\",\"author\":{\"@id\":\"https:\/\/www.fraterinternacional.org\/es\/#\/schema\/person\/19cb7a5541fd019768c7fe255d72701e\"},\"description\":\"El s\u00e1bado 21 fue la presentaci\u00f3n del primer m\u00f3dulo de la formaci\u00f3n que se realiz\u00f3 en Lan\u00fas, zona sur del Gran Buenos Aires. El material te\u00f3rico tuvo como objetivo presentar a los 60 participantes los principios y actitudes del perfil que debe tener un misionero de la Fraternidade Humanitaria (FFHI). Ricardo Baumgartner es el misionero matriz encargado de dar este entrenamiento en Argentina, Uruguay y Paraguay.\",\"breadcrumb\":{\"@id\":\"https:\/\/www.fraterinternacional.org\/es\/integrantes-de-la-red-luz-y-juventud-por-la-paz-reciben-formacion-en-argentina\/#breadcrumb\"},\"inLanguage\":\"es\",\"potentialAction\":[{\"@type\":\"ReadAction\",\"target\":[\"https:\/\/www.fraterinternacional.org\/es\/integrantes-de-la-red-luz-y-juventud-por-la-paz-reciben-formacion-en-argentina\/\"]}]},{\"@type\":\"BreadcrumbList\",\"@id\":\"https:\/\/www.fraterinternacional.org\/es\/integrantes-de-la-red-luz-y-juventud-por-la-paz-reciben-formacion-en-argentina\/#breadcrumb\",\"itemListElement\":[{\"@type\":\"ListItem\",\"position\":1,\"name\":\"In\u00edcio\",\"item\":\"https:\/\/www.fraterinternacional.org\/es\/\"},{\"@type\":\"ListItem\",\"position\":2,\"name\":\"Integrantes de la Red-Luz y Juventud por la Paz reciben formaci\u00f3n en Argentina\"}]},{\"@type\":\"WebSite\",\"@id\":\"https:\/\/www.fraterinternacional.org\/es\/#website\",\"url\":\"https:\/\/www.fraterinternacional.org\/es\/\",\"name\":\"Fraternidade - Federa\u00e7\u00e3o Humanit\u00e1ria Internacional\",\"description\":\"Fraternidade - Federa\u00e7\u00e3o Humanit\u00e1ria Internacional\",\"potentialAction\":[{\"@type\":\"SearchAction\",\"target\":{\"@type\":\"EntryPoint\",\"urlTemplate\":\"https:\/\/www.fraterinternacional.org\/es\/?s={search_term_string}\"},\"query-input\":\"required name=search_term_string\"}],\"inLanguage\":\"es\"},{\"@type\":\"Person\",\"@id\":\"https:\/\/www.fraterinternacional.org\/es\/#\/schema\/person\/19cb7a5541fd019768c7fe255d72701e\",\"name\":\"maducato_admin\"}]}<\/script>\n<!-- \/ Yoast SEO Premium plugin. -->","yoast_head_json":{"title":"Integrantes de la Red-Luz y Juventud por la Paz reciben formaci\u00f3n en Argentina","description":"El s\u00e1bado 21 fue la presentaci\u00f3n del primer m\u00f3dulo de la formaci\u00f3n que se realiz\u00f3 en Lan\u00fas, zona sur del Gran Buenos Aires. El material te\u00f3rico tuvo como objetivo presentar a los 60 participantes los principios y actitudes del perfil que debe tener un misionero de la Fraternidade Humanitaria (FFHI). Ricardo Baumgartner es el misionero matriz encargado de dar este entrenamiento en Argentina, Uruguay y Paraguay.","robots":{"index":"index","follow":"follow","max-snippet":"max-snippet:-1","max-image-preview":"max-image-preview:large","max-video-preview":"max-video-preview:-1"},"canonical":"https:\/\/www.fraterinternacional.org\/es\/integrantes-de-la-red-luz-y-juventud-por-la-paz-reciben-formacion-en-argentina\/","og_locale":"es_ES","og_type":"article","og_title":"Integrantes de la Red-Luz y Juventud por la Paz reciben formaci\u00f3n en Argentina","og_description":"El s\u00e1bado 21 fue la presentaci\u00f3n del primer m\u00f3dulo de la formaci\u00f3n que se realiz\u00f3 en Lan\u00fas, zona sur del Gran Buenos Aires. El material te\u00f3rico tuvo como objetivo presentar a los 60 participantes los principios y actitudes del perfil que debe tener un misionero de la Fraternidade Humanitaria (FFHI). Ricardo Baumgartner es el misionero matriz encargado de dar este entrenamiento en Argentina, Uruguay y Paraguay.","og_url":"https:\/\/www.fraterinternacional.org\/es\/integrantes-de-la-red-luz-y-juventud-por-la-paz-reciben-formacion-en-argentina\/","og_site_name":"Fraternidade - Federa\u00e7\u00e3o Humanit\u00e1ria Internacional","article_publisher":"https:\/\/www.facebook.com\/fraternidadehumanitaria","article_published_time":"2020-03-28T13:10:57+00:00","og_image":[{"width":1000,"height":565,"url":"https:\/\/www.fraterinternacional.org\/wp-content\/uploads\/2020\/03\/noticia-rede-luz-argentina02b.jpg","type":"image\/jpeg"}],"author":"maducato_admin","twitter_card":"summary_large_image","twitter_creator":"@fraternidadeFHI","twitter_site":"@fraternidadeFHI","twitter_misc":{"Escrito por":"maducato_admin","Tiempo de lectura":"1 minuto"},"schema":{"@context":"https:\/\/schema.org","@graph":[{"@type":"WebPage","@id":"https:\/\/www.fraterinternacional.org\/es\/integrantes-de-la-red-luz-y-juventud-por-la-paz-reciben-formacion-en-argentina\/","url":"https:\/\/www.fraterinternacional.org\/es\/integrantes-de-la-red-luz-y-juventud-por-la-paz-reciben-formacion-en-argentina\/","name":"Integrantes de la Red-Luz y Juventud por la Paz reciben formaci\u00f3n en Argentina","isPartOf":{"@id":"https:\/\/www.fraterinternacional.org\/es\/#website"},"datePublished":"2020-03-28T13:10:57+00:00","dateModified":"2020-03-28T13:10:57+00:00","author":{"@id":"https:\/\/www.fraterinternacional.org\/es\/#\/schema\/person\/19cb7a5541fd019768c7fe255d72701e"},"description":"El s\u00e1bado 21 fue la presentaci\u00f3n del primer m\u00f3dulo de la formaci\u00f3n que se realiz\u00f3 en Lan\u00fas, zona sur del Gran Buenos Aires. El material te\u00f3rico tuvo como objetivo presentar a los 60 participantes los principios y actitudes del perfil que debe tener un misionero de la Fraternidade Humanitaria (FFHI). Ricardo Baumgartner es el misionero matriz encargado de dar este entrenamiento en Argentina, Uruguay y Paraguay.","breadcrumb":{"@id":"https:\/\/www.fraterinternacional.org\/es\/integrantes-de-la-red-luz-y-juventud-por-la-paz-reciben-formacion-en-argentina\/#breadcrumb"},"inLanguage":"es","potentialAction":[{"@type":"ReadAction","target":["https:\/\/www.fraterinternacional.org\/es\/integrantes-de-la-red-luz-y-juventud-por-la-paz-reciben-formacion-en-argentina\/"]}]},{"@type":"BreadcrumbList","@id":"https:\/\/www.fraterinternacional.org\/es\/integrantes-de-la-red-luz-y-juventud-por-la-paz-reciben-formacion-en-argentina\/#breadcrumb","itemListElement":[{"@type":"ListItem","position":1,"name":"In\u00edcio","item":"https:\/\/www.fraterinternacional.org\/es\/"},{"@type":"ListItem","position":2,"name":"Integrantes de la Red-Luz y Juventud por la Paz reciben formaci\u00f3n en Argentina"}]},{"@type":"WebSite","@id":"https:\/\/www.fraterinternacional.org\/es\/#website","url":"https:\/\/www.fraterinternacional.org\/es\/","name":"Fraternidade - Federa\u00e7\u00e3o Humanit\u00e1ria Internacional","description":"Fraternidade - Federa\u00e7\u00e3o Humanit\u00e1ria Internacional","potentialAction":[{"@type":"SearchAction","target":{"@type":"EntryPoint","urlTemplate":"https:\/\/www.fraterinternacional.org\/es\/?s={search_term_string}"},"query-input":"required name=search_term_string"}],"inLanguage":"es"},{"@type":"Person","@id":"https:\/\/www.fraterinternacional.org\/es\/#\/schema\/person\/19cb7a5541fd019768c7fe255d72701e","name":"maducato_admin"}]}},"_links":{"self":[{"href":"https:\/\/www.fraterinternacional.org\/es\/wp-json\/wp\/v2\/posts\/112767"}],"collection":[{"href":"https:\/\/www.fraterinternacional.org\/es\/wp-json\/wp\/v2\/posts"}],"about":[{"href":"https:\/\/www.fraterinternacional.org\/es\/wp-json\/wp\/v2\/types\/post"}],"author":[{"embeddable":true,"href":"https:\/\/www.fraterinternacional.org\/es\/wp-json\/wp\/v2\/users\/4"}],"replies":[{"embeddable":true,"href":"https:\/\/www.fraterinternacional.org\/es\/wp-json\/wp\/v2\/comments?post=112767"}],"version-history":[{"count":0,"href":"https:\/\/www.fraterinternacional.org\/es\/wp-json\/wp\/v2\/posts\/112767\/revisions"}],"wp:featuredmedia":[{"embeddable":true,"href":"https:\/\/www.fraterinternacional.org\/es\/wp-json\/wp\/v2\/media\/112723"}],"wp:attachment":[{"href":"https:\/\/www.fraterinternacional.org\/es\/wp-json\/wp\/v2\/media?parent=112767"}],"wp:term":[{"taxonomy":"category","embeddable":true,"href":"https:\/\/www.fraterinternacional.org\/es\/wp-json\/wp\/v2\/categories?post=112767"},{"taxonomy":"post_tag","embeddable":true,"href":"https:\/\/www.fraterinternacional.org\/es\/wp-json\/wp\/v2\/tags?post=112767"}],"curies":[{"name":"wp","href":"https:\/\/api.w.org\/{rel}","templated":true}]}}