{"id":112609,"date":"2020-03-23T15:40:28","date_gmt":"2020-03-23T18:40:28","guid":{"rendered":"https:\/\/www.fraterinternacional.org\/?p=112609"},"modified":"2020-03-23T15:40:28","modified_gmt":"2020-03-23T18:40:28","slug":"refugiados-y-migrantes-participan-en-un-curso-de-capacitacion-profesional-en-refugios-en-de-boa-vista","status":"publish","type":"post","link":"https:\/\/www.fraterinternacional.org\/es\/refugiados-y-migrantes-participan-en-un-curso-de-capacitacion-profesional-en-refugios-en-de-boa-vista\/","title":{"rendered":"Refugiados y migrantes participan en un curso de capacitaci\u00f3n profesional en refugios en de Boa Vista."},"content":{"rendered":"<p><a href=\"https:\/\/www.fraterinternacional.org\/wp-content\/uploads\/2020\/03\/img-curso-garcon-capa.jpg\"><img decoding=\"async\" class=\"size-full wp-image-112476 aligncenter\" src=\"https:\/\/www.fraterinternacional.org\/wp-content\/uploads\/2020\/03\/img-curso-garcon-capa.jpg\" alt=\"Curso de Gar\u00e7om- Roraima\" width=\"1000\" height=\"750\" srcset=\"https:\/\/www.fraterinternacional.org\/wp-content\/uploads\/2020\/03\/img-curso-garcon-capa-200x150.jpg 200w, https:\/\/www.fraterinternacional.org\/wp-content\/uploads\/2020\/03\/img-curso-garcon-capa-300x225.jpg 300w, https:\/\/www.fraterinternacional.org\/wp-content\/uploads\/2020\/03\/img-curso-garcon-capa-400x300.jpg 400w, https:\/\/www.fraterinternacional.org\/wp-content\/uploads\/2020\/03\/img-curso-garcon-capa-600x450.jpg 600w, https:\/\/www.fraterinternacional.org\/wp-content\/uploads\/2020\/03\/img-curso-garcon-capa-800x600.jpg 800w, https:\/\/www.fraterinternacional.org\/wp-content\/uploads\/2020\/03\/img-curso-garcon-capa.jpg 1000w\" sizes=\"(max-width: 1000px) 100vw, 1000px\" \/><\/a><\/p>\n<p style=\"font-weight: 400; text-align: justify;\">Este mes de marzo se inici\u00f3, a trav\u00e9s de una iniciativa de la<strong><a href=\"https:\/\/www.fraterinternacional.org\/es\/\">\u00a0Fraternidade &#8211; Federaci\u00f3n<\/a><a href=\"https:\/\/www.fraterinternacional.org\/es\/\">\u00a0Humanitaria Internacional<\/a><a href=\"https:\/\/www.fraterinternacional.org\/es\/\">\u00a0(FFHI)<\/a><\/strong>, el primer curso de capacitaci\u00f3n profesional para camareros para migrantes y refugiados que viven en los refugios de Nova Cana\u00e3 y Tancredo Neves en Boa Vista, Roraima.<\/p>\n<p style=\"font-weight: 400; text-align: justify;\">El curso se realiza en forma conjunta en la Uni\u00f3n de Meseros de Roraima, con el objetivo de contribuir a la formaci\u00f3n y calificaci\u00f3n de los migrantes en el mercado laboral. Se ponen a disposici\u00f3n 20 plazas para cada refugio, durante 12 d\u00edas con un total de 40 horas.<\/p>\n<p><a href=\"https:\/\/www.fraterinternacional.org\/wp-content\/uploads\/2020\/03\/img-curso-garcon-02.jpg\"><img decoding=\"async\" class=\"size-full wp-image-112483 aligncenter\" src=\"https:\/\/www.fraterinternacional.org\/wp-content\/uploads\/2020\/03\/img-curso-garcon-02.jpg\" alt=\"Curso de Gar\u00e7om- Roraima\" width=\"1000\" height=\"750\" srcset=\"https:\/\/www.fraterinternacional.org\/wp-content\/uploads\/2020\/03\/img-curso-garcon-02-200x150.jpg 200w, https:\/\/www.fraterinternacional.org\/wp-content\/uploads\/2020\/03\/img-curso-garcon-02-300x225.jpg 300w, https:\/\/www.fraterinternacional.org\/wp-content\/uploads\/2020\/03\/img-curso-garcon-02-400x300.jpg 400w, https:\/\/www.fraterinternacional.org\/wp-content\/uploads\/2020\/03\/img-curso-garcon-02-600x450.jpg 600w, https:\/\/www.fraterinternacional.org\/wp-content\/uploads\/2020\/03\/img-curso-garcon-02-800x600.jpg 800w, https:\/\/www.fraterinternacional.org\/wp-content\/uploads\/2020\/03\/img-curso-garcon-02.jpg 1000w\" sizes=\"(max-width: 1000px) 100vw, 1000px\" \/><\/a><\/p>\n<p style=\"font-weight: 400; text-align: justify;\">La capacitaci\u00f3n profesional permitir\u00e1 la inscripci\u00f3n del plan de estudios del participante en el banco de aptitudes de la Uni\u00f3n. Si surgen vacantes en el perfil, los profesionales ser\u00e1n derivados al mercado laboral local.<\/p>\n<p style=\"font-weight: 400; text-align: justify;\">La gran demanda en la ciudad de Boa Vista requiere una respuesta duradera, y no solo durante la emergencia, que muestre a estas personas la oportunidad de rehacer sus vidas.<\/p>\n<p style=\"font-weight: 400; text-align: justify;\">La dificultad para acceder a ofertas de trabajo formales est\u00e1 relacionada con la comprobaci\u00f3n de sus t\u00edtulos y experiencias en el pa\u00eds de origen y su validaci\u00f3n en Brasil. Por lo tanto, las calificaciones profesionales vinculadas a la realidad brasile\u00f1a contribuyen a la inserci\u00f3n social de estas personas.<\/p>\n<p><a href=\"https:\/\/www.fraterinternacional.org\/wp-content\/uploads\/2020\/03\/img-curso-garcon-03.jpg\"><img decoding=\"async\" class=\"size-full wp-image-112486 aligncenter\" src=\"https:\/\/www.fraterinternacional.org\/wp-content\/uploads\/2020\/03\/img-curso-garcon-03.jpg\" alt=\"Curso de Gar\u00e7om- Roraima\" width=\"1000\" height=\"655\" srcset=\"https:\/\/www.fraterinternacional.org\/wp-content\/uploads\/2020\/03\/img-curso-garcon-03-200x131.jpg 200w, https:\/\/www.fraterinternacional.org\/wp-content\/uploads\/2020\/03\/img-curso-garcon-03-300x197.jpg 300w, https:\/\/www.fraterinternacional.org\/wp-content\/uploads\/2020\/03\/img-curso-garcon-03-400x262.jpg 400w, https:\/\/www.fraterinternacional.org\/wp-content\/uploads\/2020\/03\/img-curso-garcon-03-600x393.jpg 600w, https:\/\/www.fraterinternacional.org\/wp-content\/uploads\/2020\/03\/img-curso-garcon-03-800x524.jpg 800w, https:\/\/www.fraterinternacional.org\/wp-content\/uploads\/2020\/03\/img-curso-garcon-03.jpg 1000w\" sizes=\"(max-width: 1000px) 100vw, 1000px\" \/><\/a><\/p>\n<p style=\"font-weight: 400; text-align: justify;\">Despu\u00e9s de 3 a\u00f1os de actividad en la capital de Roraima, la <a href=\"https:\/\/www.fraterinternacional.org\/es\/\"><b><strong>Fraternidade Humanitaria (FFHI)<\/strong><\/b><\/a>\u00a0presenta un proyecto que se enfoca en soluciones a largo plazo.<\/p>\n<p style=\"font-weight: 400; text-align: justify;\">La profesionalizaci\u00f3n de los migrantes y refugiados facilitar\u00e1 la inserci\u00f3n social de estas personas en otras capitales brasile\u00f1as durante el proceso de reubicaci\u00f3n, desarrollado por el Gobierno Federal, a trav\u00e9s de la <a href=\"http:\/\/www.eb.mil.br\/operacao-acolhida\"><strong>Operaci\u00f3n Acogida<\/strong><\/a>.<\/p>\n<p style=\"font-weight: 400; text-align: justify;\">Al final del curso, el estudiante habr\u00e1 adquirido diversas habilidades tales como: tratar a los clientes de manera cordial y eficiente, la capacidad de adaptarse a los ambientes de trabajo y respetar fielmente las normas de higiene y seguridad contenidas en la RDC 216\/04, seg\u00fan lo dispuesto por ANVISA.<\/p>\n<p style=\"font-weight: 400; text-align: justify;\">Todas estas habilidades les permitir\u00e1n ingresar al mercado laboral de manera efectiva y eficiente.<\/p>\n<p><a href=\"https:\/\/www.fraterinternacional.org\/wp-content\/uploads\/2020\/03\/img-curso-garcon-01.jpg\"><img decoding=\"async\" class=\"size-full wp-image-112480 aligncenter\" src=\"https:\/\/www.fraterinternacional.org\/wp-content\/uploads\/2020\/03\/img-curso-garcon-01.jpg\" alt=\"Curso de Gar\u00e7om- Roraima\" width=\"750\" height=\"1000\" srcset=\"https:\/\/www.fraterinternacional.org\/wp-content\/uploads\/2020\/03\/img-curso-garcon-01-200x267.jpg 200w, https:\/\/www.fraterinternacional.org\/wp-content\/uploads\/2020\/03\/img-curso-garcon-01-225x300.jpg 225w, https:\/\/www.fraterinternacional.org\/wp-content\/uploads\/2020\/03\/img-curso-garcon-01-400x533.jpg 400w, https:\/\/www.fraterinternacional.org\/wp-content\/uploads\/2020\/03\/img-curso-garcon-01-600x800.jpg 600w, https:\/\/www.fraterinternacional.org\/wp-content\/uploads\/2020\/03\/img-curso-garcon-01.jpg 750w\" sizes=\"(max-width: 750px) 100vw, 750px\" \/><\/a><\/p>\n","protected":false},"excerpt":{"rendered":"<p>Este mes de marzo se inici\u00f3, a trav\u00e9s de una iniciativa de la\u00a0Fraternidade &#8211; Federaci\u00f3n\u00a0Humanitaria Internacional\u00a0(FFHI), el primer curso de [&hellip;]<\/p>\n","protected":false},"author":4,"featured_media":112478,"comment_status":"closed","ping_status":"closed","sticky":false,"template":"","format":"standard","meta":{"footnotes":""},"categories":[173,105],"tags":[],"class_list":["post-112609","post","type-post","status-publish","format-standard","has-post-thumbnail","hentry","category-noticia","category-noticias-de-las-misiones"],"yoast_head":"<!-- This site is optimized with the Yoast SEO Premium plugin v21.0 (Yoast SEO v21.0) - https:\/\/yoast.com\/wordpress\/plugins\/seo\/ -->\n<title>Refugiados y migrantes participan en un curso de capacitaci\u00f3n profesional en refugios en de Boa Vista.<\/title>\n<meta name=\"description\" content=\"El curso se realiza en forma conjunta en la Uni\u00f3n de Meseros de Roraima, con el objetivo de contribuir a la formaci\u00f3n y calificaci\u00f3n de los migrantes en el mercado laboral. Se ponen a disposici\u00f3n 20 plazas para cada refugio, durante 12 d\u00edas con un total de 40 horas.\" \/>\n<meta name=\"robots\" content=\"index, follow, max-snippet:-1, max-image-preview:large, max-video-preview:-1\" \/>\n<link rel=\"canonical\" href=\"https:\/\/www.fraterinternacional.org\/es\/refugiados-y-migrantes-participan-en-un-curso-de-capacitacion-profesional-en-refugios-en-de-boa-vista\/\" \/>\n<meta property=\"og:locale\" content=\"es_ES\" \/>\n<meta property=\"og:type\" content=\"article\" \/>\n<meta property=\"og:title\" content=\"Refugiados y migrantes participan en un curso de capacitaci\u00f3n profesional en refugios en de Boa Vista.\" \/>\n<meta property=\"og:description\" content=\"El curso se realiza en forma conjunta en la Uni\u00f3n de Meseros de Roraima, con el objetivo de contribuir a la formaci\u00f3n y calificaci\u00f3n de los migrantes en el mercado laboral. Se ponen a disposici\u00f3n 20 plazas para cada refugio, durante 12 d\u00edas con un total de 40 horas.\" \/>\n<meta property=\"og:url\" content=\"https:\/\/www.fraterinternacional.org\/es\/refugiados-y-migrantes-participan-en-un-curso-de-capacitacion-profesional-en-refugios-en-de-boa-vista\/\" \/>\n<meta property=\"og:site_name\" content=\"Fraternidade - Federa\u00e7\u00e3o Humanit\u00e1ria Internacional\" \/>\n<meta property=\"article:publisher\" content=\"https:\/\/www.facebook.com\/fraternidadehumanitaria\" \/>\n<meta property=\"article:published_time\" content=\"2020-03-23T18:40:28+00:00\" \/>\n<meta property=\"og:image\" content=\"https:\/\/www.fraterinternacional.org\/wp-content\/uploads\/2020\/03\/img-curso-garcon-capa.jpg\" \/>\n\t<meta property=\"og:image:width\" content=\"1000\" \/>\n\t<meta property=\"og:image:height\" content=\"750\" \/>\n\t<meta property=\"og:image:type\" content=\"image\/jpeg\" \/>\n<meta name=\"author\" content=\"maducato_admin\" \/>\n<meta name=\"twitter:card\" content=\"summary_large_image\" \/>\n<meta name=\"twitter:creator\" content=\"@fraternidadeFHI\" \/>\n<meta name=\"twitter:site\" content=\"@fraternidadeFHI\" \/>\n<meta name=\"twitter:label1\" content=\"Escrito por\" \/>\n\t<meta name=\"twitter:data1\" content=\"maducato_admin\" \/>\n\t<meta name=\"twitter:label2\" content=\"Tiempo de lectura\" \/>\n\t<meta name=\"twitter:data2\" content=\"2 minutos\" \/>\n<script type=\"application\/ld+json\" class=\"yoast-schema-graph\">{\"@context\":\"https:\/\/schema.org\",\"@graph\":[{\"@type\":\"WebPage\",\"@id\":\"https:\/\/www.fraterinternacional.org\/es\/refugiados-y-migrantes-participan-en-un-curso-de-capacitacion-profesional-en-refugios-en-de-boa-vista\/\",\"url\":\"https:\/\/www.fraterinternacional.org\/es\/refugiados-y-migrantes-participan-en-un-curso-de-capacitacion-profesional-en-refugios-en-de-boa-vista\/\",\"name\":\"Refugiados y migrantes participan en un curso de capacitaci\u00f3n profesional en refugios en de Boa Vista.\",\"isPartOf\":{\"@id\":\"https:\/\/www.fraterinternacional.org\/es\/#website\"},\"datePublished\":\"2020-03-23T18:40:28+00:00\",\"dateModified\":\"2020-03-23T18:40:28+00:00\",\"author\":{\"@id\":\"https:\/\/www.fraterinternacional.org\/es\/#\/schema\/person\/19cb7a5541fd019768c7fe255d72701e\"},\"description\":\"El curso se realiza en forma conjunta en la Uni\u00f3n de Meseros de Roraima, con el objetivo de contribuir a la formaci\u00f3n y calificaci\u00f3n de los migrantes en el mercado laboral. Se ponen a disposici\u00f3n 20 plazas para cada refugio, durante 12 d\u00edas con un total de 40 horas.\",\"breadcrumb\":{\"@id\":\"https:\/\/www.fraterinternacional.org\/es\/refugiados-y-migrantes-participan-en-un-curso-de-capacitacion-profesional-en-refugios-en-de-boa-vista\/#breadcrumb\"},\"inLanguage\":\"es\",\"potentialAction\":[{\"@type\":\"ReadAction\",\"target\":[\"https:\/\/www.fraterinternacional.org\/es\/refugiados-y-migrantes-participan-en-un-curso-de-capacitacion-profesional-en-refugios-en-de-boa-vista\/\"]}]},{\"@type\":\"BreadcrumbList\",\"@id\":\"https:\/\/www.fraterinternacional.org\/es\/refugiados-y-migrantes-participan-en-un-curso-de-capacitacion-profesional-en-refugios-en-de-boa-vista\/#breadcrumb\",\"itemListElement\":[{\"@type\":\"ListItem\",\"position\":1,\"name\":\"In\u00edcio\",\"item\":\"https:\/\/www.fraterinternacional.org\/es\/\"},{\"@type\":\"ListItem\",\"position\":2,\"name\":\"Refugiados y migrantes participan en un curso de capacitaci\u00f3n profesional en refugios en de Boa Vista.\"}]},{\"@type\":\"WebSite\",\"@id\":\"https:\/\/www.fraterinternacional.org\/es\/#website\",\"url\":\"https:\/\/www.fraterinternacional.org\/es\/\",\"name\":\"Fraternidade - Federa\u00e7\u00e3o Humanit\u00e1ria Internacional\",\"description\":\"Fraternidade - Federa\u00e7\u00e3o Humanit\u00e1ria Internacional\",\"potentialAction\":[{\"@type\":\"SearchAction\",\"target\":{\"@type\":\"EntryPoint\",\"urlTemplate\":\"https:\/\/www.fraterinternacional.org\/es\/?s={search_term_string}\"},\"query-input\":\"required name=search_term_string\"}],\"inLanguage\":\"es\"},{\"@type\":\"Person\",\"@id\":\"https:\/\/www.fraterinternacional.org\/es\/#\/schema\/person\/19cb7a5541fd019768c7fe255d72701e\",\"name\":\"maducato_admin\"}]}<\/script>\n<!-- \/ Yoast SEO Premium plugin. -->","yoast_head_json":{"title":"Refugiados y migrantes participan en un curso de capacitaci\u00f3n profesional en refugios en de Boa Vista.","description":"El curso se realiza en forma conjunta en la Uni\u00f3n de Meseros de Roraima, con el objetivo de contribuir a la formaci\u00f3n y calificaci\u00f3n de los migrantes en el mercado laboral. Se ponen a disposici\u00f3n 20 plazas para cada refugio, durante 12 d\u00edas con un total de 40 horas.","robots":{"index":"index","follow":"follow","max-snippet":"max-snippet:-1","max-image-preview":"max-image-preview:large","max-video-preview":"max-video-preview:-1"},"canonical":"https:\/\/www.fraterinternacional.org\/es\/refugiados-y-migrantes-participan-en-un-curso-de-capacitacion-profesional-en-refugios-en-de-boa-vista\/","og_locale":"es_ES","og_type":"article","og_title":"Refugiados y migrantes participan en un curso de capacitaci\u00f3n profesional en refugios en de Boa Vista.","og_description":"El curso se realiza en forma conjunta en la Uni\u00f3n de Meseros de Roraima, con el objetivo de contribuir a la formaci\u00f3n y calificaci\u00f3n de los migrantes en el mercado laboral. Se ponen a disposici\u00f3n 20 plazas para cada refugio, durante 12 d\u00edas con un total de 40 horas.","og_url":"https:\/\/www.fraterinternacional.org\/es\/refugiados-y-migrantes-participan-en-un-curso-de-capacitacion-profesional-en-refugios-en-de-boa-vista\/","og_site_name":"Fraternidade - Federa\u00e7\u00e3o Humanit\u00e1ria Internacional","article_publisher":"https:\/\/www.facebook.com\/fraternidadehumanitaria","article_published_time":"2020-03-23T18:40:28+00:00","og_image":[{"width":1000,"height":750,"url":"https:\/\/www.fraterinternacional.org\/wp-content\/uploads\/2020\/03\/img-curso-garcon-capa.jpg","type":"image\/jpeg"}],"author":"maducato_admin","twitter_card":"summary_large_image","twitter_creator":"@fraternidadeFHI","twitter_site":"@fraternidadeFHI","twitter_misc":{"Escrito por":"maducato_admin","Tiempo de lectura":"2 minutos"},"schema":{"@context":"https:\/\/schema.org","@graph":[{"@type":"WebPage","@id":"https:\/\/www.fraterinternacional.org\/es\/refugiados-y-migrantes-participan-en-un-curso-de-capacitacion-profesional-en-refugios-en-de-boa-vista\/","url":"https:\/\/www.fraterinternacional.org\/es\/refugiados-y-migrantes-participan-en-un-curso-de-capacitacion-profesional-en-refugios-en-de-boa-vista\/","name":"Refugiados y migrantes participan en un curso de capacitaci\u00f3n profesional en refugios en de Boa Vista.","isPartOf":{"@id":"https:\/\/www.fraterinternacional.org\/es\/#website"},"datePublished":"2020-03-23T18:40:28+00:00","dateModified":"2020-03-23T18:40:28+00:00","author":{"@id":"https:\/\/www.fraterinternacional.org\/es\/#\/schema\/person\/19cb7a5541fd019768c7fe255d72701e"},"description":"El curso se realiza en forma conjunta en la Uni\u00f3n de Meseros de Roraima, con el objetivo de contribuir a la formaci\u00f3n y calificaci\u00f3n de los migrantes en el mercado laboral. Se ponen a disposici\u00f3n 20 plazas para cada refugio, durante 12 d\u00edas con un total de 40 horas.","breadcrumb":{"@id":"https:\/\/www.fraterinternacional.org\/es\/refugiados-y-migrantes-participan-en-un-curso-de-capacitacion-profesional-en-refugios-en-de-boa-vista\/#breadcrumb"},"inLanguage":"es","potentialAction":[{"@type":"ReadAction","target":["https:\/\/www.fraterinternacional.org\/es\/refugiados-y-migrantes-participan-en-un-curso-de-capacitacion-profesional-en-refugios-en-de-boa-vista\/"]}]},{"@type":"BreadcrumbList","@id":"https:\/\/www.fraterinternacional.org\/es\/refugiados-y-migrantes-participan-en-un-curso-de-capacitacion-profesional-en-refugios-en-de-boa-vista\/#breadcrumb","itemListElement":[{"@type":"ListItem","position":1,"name":"In\u00edcio","item":"https:\/\/www.fraterinternacional.org\/es\/"},{"@type":"ListItem","position":2,"name":"Refugiados y migrantes participan en un curso de capacitaci\u00f3n profesional en refugios en de Boa Vista."}]},{"@type":"WebSite","@id":"https:\/\/www.fraterinternacional.org\/es\/#website","url":"https:\/\/www.fraterinternacional.org\/es\/","name":"Fraternidade - Federa\u00e7\u00e3o Humanit\u00e1ria Internacional","description":"Fraternidade - Federa\u00e7\u00e3o Humanit\u00e1ria Internacional","potentialAction":[{"@type":"SearchAction","target":{"@type":"EntryPoint","urlTemplate":"https:\/\/www.fraterinternacional.org\/es\/?s={search_term_string}"},"query-input":"required name=search_term_string"}],"inLanguage":"es"},{"@type":"Person","@id":"https:\/\/www.fraterinternacional.org\/es\/#\/schema\/person\/19cb7a5541fd019768c7fe255d72701e","name":"maducato_admin"}]}},"_links":{"self":[{"href":"https:\/\/www.fraterinternacional.org\/es\/wp-json\/wp\/v2\/posts\/112609"}],"collection":[{"href":"https:\/\/www.fraterinternacional.org\/es\/wp-json\/wp\/v2\/posts"}],"about":[{"href":"https:\/\/www.fraterinternacional.org\/es\/wp-json\/wp\/v2\/types\/post"}],"author":[{"embeddable":true,"href":"https:\/\/www.fraterinternacional.org\/es\/wp-json\/wp\/v2\/users\/4"}],"replies":[{"embeddable":true,"href":"https:\/\/www.fraterinternacional.org\/es\/wp-json\/wp\/v2\/comments?post=112609"}],"version-history":[{"count":0,"href":"https:\/\/www.fraterinternacional.org\/es\/wp-json\/wp\/v2\/posts\/112609\/revisions"}],"wp:featuredmedia":[{"embeddable":true,"href":"https:\/\/www.fraterinternacional.org\/es\/wp-json\/wp\/v2\/media\/112478"}],"wp:attachment":[{"href":"https:\/\/www.fraterinternacional.org\/es\/wp-json\/wp\/v2\/media?parent=112609"}],"wp:term":[{"taxonomy":"category","embeddable":true,"href":"https:\/\/www.fraterinternacional.org\/es\/wp-json\/wp\/v2\/categories?post=112609"},{"taxonomy":"post_tag","embeddable":true,"href":"https:\/\/www.fraterinternacional.org\/es\/wp-json\/wp\/v2\/tags?post=112609"}],"curies":[{"name":"wp","href":"https:\/\/api.w.org\/{rel}","templated":true}]}}