{"id":112343,"date":"2020-03-17T12:04:43","date_gmt":"2020-03-17T15:04:43","guid":{"rendered":"https:\/\/www.fraterinternacional.org\/?p=112343"},"modified":"2020-03-17T12:05:44","modified_gmt":"2020-03-17T15:05:44","slug":"pintura-en-muro-del-refugio-pintalandia-retrata-lo-cotidiano-de-las-artes-indigenas","status":"publish","type":"post","link":"https:\/\/www.fraterinternacional.org\/es\/pintura-en-muro-del-refugio-pintalandia-retrata-lo-cotidiano-de-las-artes-indigenas\/","title":{"rendered":"Pintura en muro del Refugio Pintol\u00e2ndia retrata lo cotidiano de las artes ind\u00edgenas"},"content":{"rendered":"<div class=\"video-shortcode\"><iframe title=\"Em unidade, a arte preenche muros e cora\u00e7\u00f5es\" width=\"1200\" height=\"675\" src=\"https:\/\/www.youtube.com\/embed\/p16uwibTdGo?feature=oembed\" frameborder=\"0\" allow=\"accelerometer; autoplay; clipboard-write; encrypted-media; gyroscope; picture-in-picture\" allowfullscreen><\/iframe><\/div>\n<p style=\"text-align: justify;\">\nLa pintura en el muro del espacio de artesan\u00edas del Refugio Pintol\u00e2ndia, en Roraima, era un deseo antiguo. El espacio destinado para que las artesanas ind\u00edgenas trabajen fue organizado de manera simple y el muro no presentaba buenas condiciones.<\/p>\n<p style=\"text-align: justify;\">A partir de una reuni\u00f3n entre el misionero de la<a href=\"http:\/\/%2Chttps\/\/www.fraterinternacional.org\/es\/\" target=\"_blank\" rel=\"noopener noreferrer\">\u00a0<strong>Fraternidade &#8211; Federaci\u00f3n Humanitaria Internacional (FFHI)<\/strong>,<\/a>\u00a0Imer, representantes de\u00a0<a href=\"https:\/\/www.acnur.org\/americas.html\" target=\"_blank\" rel=\"noopener noreferrer\"><strong>ACNUR<\/strong><\/a>, y la profesora del curso de artes visuales de la\u00a0<strong><a href=\"http:\/\/ufrr.br\/\" target=\"_blank\" rel=\"noopener noreferrer\">Universidad\u00a0<\/a><a href=\"http:\/\/ufrr.br\/\" target=\"_blank\" rel=\"noopener noreferrer\">Federal de Roraima (UFRR)<\/a><\/strong>, Leila Adriana Baptaglin, se fue formalizando la invitaci\u00f3n para la realizaci\u00f3n del trabajo de muralismo en el refugio.<\/p>\n\n\t\t<style type=\"text\/css\">\n\t\t\t#gallery-1 {\n\t\t\t\tmargin: auto;\n\t\t\t}\n\t\t\t#gallery-1 .gallery-item {\n\t\t\t\tfloat: left;\n\t\t\t\tmargin-top: 10px;\n\t\t\t\ttext-align: center;\n\t\t\t\twidth: 25%;\n\t\t\t}\n\t\t\t#gallery-1 img {\n\t\t\t\tborder: 2px solid #cfcfcf;\n\t\t\t}\n\t\t\t#gallery-1 .gallery-caption {\n\t\t\t\tmargin-left: 0;\n\t\t\t}\n\t\t\t\/* see gallery_shortcode() in wp-includes\/media.php *\/\n\t\t<\/style>\n\t\t<div id='gallery-1' class='gallery galleryid-112343 gallery-columns-4 gallery-size-medium'><dl class='gallery-item'>\n\t\t\t<dt class='gallery-icon landscape'>\n\t\t\t\t<a data-rel=\"iLightbox[postimages]\" data-title=\"pintura_muro_missao_roraima_ffhi_1.\" data-caption=\"\" href='https:\/\/www.fraterinternacional.org\/wp-content\/uploads\/2020\/03\/pintura_muro_missao_roraima_ffhi_1..jpg'><img decoding=\"async\" width=\"300\" height=\"200\" src=\"https:\/\/www.fraterinternacional.org\/wp-content\/uploads\/2020\/03\/pintura_muro_missao_roraima_ffhi_1.-300x200.jpg\" class=\"attachment-medium size-medium\" alt=\"Pintura em muro do Abrigo Pintol\u00e2ndia\" srcset=\"https:\/\/www.fraterinternacional.org\/wp-content\/uploads\/2020\/03\/pintura_muro_missao_roraima_ffhi_1.-200x133.jpg 200w, https:\/\/www.fraterinternacional.org\/wp-content\/uploads\/2020\/03\/pintura_muro_missao_roraima_ffhi_1.-300x200.jpg 300w, https:\/\/www.fraterinternacional.org\/wp-content\/uploads\/2020\/03\/pintura_muro_missao_roraima_ffhi_1.-400x266.jpg 400w, https:\/\/www.fraterinternacional.org\/wp-content\/uploads\/2020\/03\/pintura_muro_missao_roraima_ffhi_1.-600x400.jpg 600w, https:\/\/www.fraterinternacional.org\/wp-content\/uploads\/2020\/03\/pintura_muro_missao_roraima_ffhi_1.-800x533.jpg 800w, https:\/\/www.fraterinternacional.org\/wp-content\/uploads\/2020\/03\/pintura_muro_missao_roraima_ffhi_1..jpg 1000w\" sizes=\"(max-width: 300px) 100vw, 300px\" \/><\/a>\n\t\t\t<\/dt><\/dl><dl class='gallery-item'>\n\t\t\t<dt class='gallery-icon landscape'>\n\t\t\t\t<a data-rel=\"iLightbox[postimages]\" data-title=\"pintura_muro_missao_roraima_ffhi_2.\" data-caption=\"\" href='https:\/\/www.fraterinternacional.org\/wp-content\/uploads\/2020\/03\/pintura_muro_missao_roraima_ffhi_2..jpg'><img decoding=\"async\" width=\"300\" height=\"200\" src=\"https:\/\/www.fraterinternacional.org\/wp-content\/uploads\/2020\/03\/pintura_muro_missao_roraima_ffhi_2.-300x200.jpg\" class=\"attachment-medium size-medium\" alt=\"Pintura em muro do Abrigo Pintol\u00e2ndia\" srcset=\"https:\/\/www.fraterinternacional.org\/wp-content\/uploads\/2020\/03\/pintura_muro_missao_roraima_ffhi_2.-200x133.jpg 200w, https:\/\/www.fraterinternacional.org\/wp-content\/uploads\/2020\/03\/pintura_muro_missao_roraima_ffhi_2.-300x200.jpg 300w, https:\/\/www.fraterinternacional.org\/wp-content\/uploads\/2020\/03\/pintura_muro_missao_roraima_ffhi_2.-400x266.jpg 400w, https:\/\/www.fraterinternacional.org\/wp-content\/uploads\/2020\/03\/pintura_muro_missao_roraima_ffhi_2.-600x400.jpg 600w, https:\/\/www.fraterinternacional.org\/wp-content\/uploads\/2020\/03\/pintura_muro_missao_roraima_ffhi_2.-800x533.jpg 800w, https:\/\/www.fraterinternacional.org\/wp-content\/uploads\/2020\/03\/pintura_muro_missao_roraima_ffhi_2..jpg 1000w\" sizes=\"(max-width: 300px) 100vw, 300px\" \/><\/a>\n\t\t\t<\/dt><\/dl><dl class='gallery-item'>\n\t\t\t<dt class='gallery-icon landscape'>\n\t\t\t\t<a data-rel=\"iLightbox[postimages]\" data-title=\"pintura_muro_missao_roraima_5.\" data-caption=\"\" href='https:\/\/www.fraterinternacional.org\/wp-content\/uploads\/2020\/03\/pintura_muro_missao_roraima_5..jpg'><img decoding=\"async\" width=\"300\" height=\"200\" src=\"https:\/\/www.fraterinternacional.org\/wp-content\/uploads\/2020\/03\/pintura_muro_missao_roraima_5.-300x200.jpg\" class=\"attachment-medium size-medium\" alt=\"Pintura em muro do Abrigo Pintol\u00e2ndia\" srcset=\"https:\/\/www.fraterinternacional.org\/wp-content\/uploads\/2020\/03\/pintura_muro_missao_roraima_5.-200x133.jpg 200w, https:\/\/www.fraterinternacional.org\/wp-content\/uploads\/2020\/03\/pintura_muro_missao_roraima_5.-300x200.jpg 300w, https:\/\/www.fraterinternacional.org\/wp-content\/uploads\/2020\/03\/pintura_muro_missao_roraima_5.-400x267.jpg 400w, https:\/\/www.fraterinternacional.org\/wp-content\/uploads\/2020\/03\/pintura_muro_missao_roraima_5.-600x400.jpg 600w, https:\/\/www.fraterinternacional.org\/wp-content\/uploads\/2020\/03\/pintura_muro_missao_roraima_5.-800x533.jpg 800w, https:\/\/www.fraterinternacional.org\/wp-content\/uploads\/2020\/03\/pintura_muro_missao_roraima_5.-1024x682.jpg 1024w, https:\/\/www.fraterinternacional.org\/wp-content\/uploads\/2020\/03\/pintura_muro_missao_roraima_5.-1200x800.jpg 1200w, https:\/\/www.fraterinternacional.org\/wp-content\/uploads\/2020\/03\/pintura_muro_missao_roraima_5..jpg 1280w\" sizes=\"(max-width: 300px) 100vw, 300px\" \/><\/a>\n\t\t\t<\/dt><\/dl><dl class='gallery-item'>\n\t\t\t<dt class='gallery-icon landscape'>\n\t\t\t\t<a data-rel=\"iLightbox[postimages]\" data-title=\"pintura_muro_missao_roraima_ffhi__5.\" data-caption=\"\" href='https:\/\/www.fraterinternacional.org\/wp-content\/uploads\/2020\/03\/pintura_muro_missao_roraima_ffhi__5..jpg'><img decoding=\"async\" width=\"300\" height=\"200\" src=\"https:\/\/www.fraterinternacional.org\/wp-content\/uploads\/2020\/03\/pintura_muro_missao_roraima_ffhi__5.-300x200.jpg\" class=\"attachment-medium size-medium\" alt=\"Pintura em muro do Abrigo Pintol\u00e2ndia\" srcset=\"https:\/\/www.fraterinternacional.org\/wp-content\/uploads\/2020\/03\/pintura_muro_missao_roraima_ffhi__5.-200x133.jpg 200w, https:\/\/www.fraterinternacional.org\/wp-content\/uploads\/2020\/03\/pintura_muro_missao_roraima_ffhi__5.-300x200.jpg 300w, https:\/\/www.fraterinternacional.org\/wp-content\/uploads\/2020\/03\/pintura_muro_missao_roraima_ffhi__5.-400x266.jpg 400w, https:\/\/www.fraterinternacional.org\/wp-content\/uploads\/2020\/03\/pintura_muro_missao_roraima_ffhi__5.-600x400.jpg 600w, https:\/\/www.fraterinternacional.org\/wp-content\/uploads\/2020\/03\/pintura_muro_missao_roraima_ffhi__5.-800x533.jpg 800w, https:\/\/www.fraterinternacional.org\/wp-content\/uploads\/2020\/03\/pintura_muro_missao_roraima_ffhi__5..jpg 1000w\" sizes=\"(max-width: 300px) 100vw, 300px\" \/><\/a>\n\t\t\t<\/dt><\/dl><br style=\"clear: both\" \/>\n\t\t<\/div>\n\n<p style=\"text-align: justify;\">La profesora Leila junto con sus alumnos, integrantes del proyecto de extensi\u00f3n Plac, y la hermana Maria de Lourdes, misionera de la\u00a0<a href=\"https:\/\/www.fraterinternacional.org\/es\/\" target=\"_blank\" rel=\"noopener noreferrer\"><strong>Fraternidade Humanitaria (FFHI)<\/strong><\/a>, se reunieron con las artesanas y les preguntaron qu\u00e9 les gustar\u00eda que pintaran en el muro. En respuesta, seg\u00fan la profesora, \u00abnos dijeron que les gustar\u00eda algo que exprese la vida en las comunidades ind\u00edgenas. Que est\u00e9n presentes los elementos importantes para ellas: el r\u00edo, la canoa, las casas, la artesan\u00eda, el buriti, y las mujeres trabajando\u00bb, explic\u00f3.<\/p>\n<p style=\"text-align: justify;\">Entonces, las ind\u00edgenas dibujaron lo que ellas quer\u00edan que se pintara en el muro y el grupo del proyecto Plac reprodujo sus dibujos en el muro, preservando sus trazos y forma del dibujo. La pintura tuvo la participaci\u00f3n de todos: artesanas ind\u00edgenas, estudiantes, misioneros y asociados de la\u00a0<strong><a href=\"https:\/\/www.fraterinternacional.org\/es\/mision-roraima\/\" target=\"_blank\" rel=\"noopener noreferrer\">Misi\u00f3n Roraima<\/a>.<\/strong><\/p>\n<p style=\"text-align: justify;\"><a href=\"https:\/\/www.fraterinternacional.org\/wp-content\/uploads\/2020\/03\/pintura_muro_missao_roraima_ffhi__3..jpg\"><img decoding=\"async\" class=\"wp-image-112254 size-full\" src=\"https:\/\/www.fraterinternacional.org\/wp-content\/uploads\/2020\/03\/pintura_muro_missao_roraima_ffhi__3..jpg\" alt=\"Pintura em muro do Abrigo Pintol\u00e2ndia\" width=\"1280\" height=\"853\" srcset=\"https:\/\/www.fraterinternacional.org\/wp-content\/uploads\/2020\/03\/pintura_muro_missao_roraima_ffhi__3.-200x133.jpg 200w, https:\/\/www.fraterinternacional.org\/wp-content\/uploads\/2020\/03\/pintura_muro_missao_roraima_ffhi__3.-300x200.jpg 300w, https:\/\/www.fraterinternacional.org\/wp-content\/uploads\/2020\/03\/pintura_muro_missao_roraima_ffhi__3.-400x267.jpg 400w, https:\/\/www.fraterinternacional.org\/wp-content\/uploads\/2020\/03\/pintura_muro_missao_roraima_ffhi__3.-600x400.jpg 600w, https:\/\/www.fraterinternacional.org\/wp-content\/uploads\/2020\/03\/pintura_muro_missao_roraima_ffhi__3.-800x533.jpg 800w, https:\/\/www.fraterinternacional.org\/wp-content\/uploads\/2020\/03\/pintura_muro_missao_roraima_ffhi__3.-1024x682.jpg 1024w, https:\/\/www.fraterinternacional.org\/wp-content\/uploads\/2020\/03\/pintura_muro_missao_roraima_ffhi__3.-1200x800.jpg 1200w, https:\/\/www.fraterinternacional.org\/wp-content\/uploads\/2020\/03\/pintura_muro_missao_roraima_ffhi__3..jpg 1280w\" sizes=\"(max-width: 1280px) 100vw, 1280px\" \/><\/a><\/p>\n<p>En unidad, el arte llena muros y corazones<\/p>\n<p style=\"text-align: justify;\">La ind\u00edgena Yanoagcelis nos cont\u00f3 cu\u00e1nto le gust\u00f3 participar: \u00abpara nosotras, las mujeres artesanas, fue interesante con la pintura porque eso nos llama la atenci\u00f3n de que somos ind\u00edgenas\u00bb.<\/p>\n<p style=\"text-align: justify;\">El espacio de trabajo de las artesanas ind\u00edgenas cambi\u00f3\u00a0 completamente, convirti\u00e9ndose en un espacio m\u00e1s colorido y apropiado para el trabajo diario de las artesanas, porque en unidad, \u00abel arte llena muros y corazones\u00bb.<\/p>\n","protected":false},"excerpt":{"rendered":"<p>La pintura en el muro del espacio de artesan\u00edas del Refugio Pintol\u00e2ndia, en Roraima, era un deseo antiguo. El espacio [&hellip;]<\/p>\n","protected":false},"author":4,"featured_media":112256,"comment_status":"closed","ping_status":"closed","sticky":false,"template":"","format":"standard","meta":{"footnotes":""},"categories":[105],"tags":[],"class_list":["post-112343","post","type-post","status-publish","format-standard","has-post-thumbnail","hentry","category-noticias-de-las-misiones"],"yoast_head":"<!-- This site is optimized with the Yoast SEO Premium plugin v21.0 (Yoast SEO v21.0) - https:\/\/yoast.com\/wordpress\/plugins\/seo\/ -->\n<title>Pintura en muro del Refugio Pintol\u00e2ndia retrata lo cotidiano de las artes ind\u00edgenas<\/title>\n<meta name=\"description\" content=\"La pintura en el muro del espacio de artesan\u00edas del Refugio Pintol\u00e2ndia, en Roraima, era un deseo antiguo. El espacio destinado para que las artesanas ind\u00edgenas trabajen fue organizado de manera simple y el muro no presentaba buenas condiciones.\" \/>\n<meta name=\"robots\" content=\"index, follow, max-snippet:-1, max-image-preview:large, max-video-preview:-1\" \/>\n<link rel=\"canonical\" href=\"https:\/\/www.fraterinternacional.org\/es\/pintura-en-muro-del-refugio-pintalandia-retrata-lo-cotidiano-de-las-artes-indigenas\/\" \/>\n<meta property=\"og:locale\" content=\"es_ES\" \/>\n<meta property=\"og:type\" content=\"article\" \/>\n<meta property=\"og:title\" content=\"Pintura en muro del Refugio Pintol\u00e2ndia retrata lo cotidiano de las artes ind\u00edgenas\" \/>\n<meta property=\"og:description\" content=\"La pintura en el muro del espacio de artesan\u00edas del Refugio Pintol\u00e2ndia, en Roraima, era un deseo antiguo. El espacio destinado para que las artesanas ind\u00edgenas trabajen fue organizado de manera simple y el muro no presentaba buenas condiciones.\" \/>\n<meta property=\"og:url\" content=\"https:\/\/www.fraterinternacional.org\/es\/pintura-en-muro-del-refugio-pintalandia-retrata-lo-cotidiano-de-las-artes-indigenas\/\" \/>\n<meta property=\"og:site_name\" content=\"Fraternidade - Federa\u00e7\u00e3o Humanit\u00e1ria Internacional\" \/>\n<meta property=\"article:publisher\" content=\"https:\/\/www.facebook.com\/fraternidadehumanitaria\" \/>\n<meta property=\"article:published_time\" content=\"2020-03-17T15:04:43+00:00\" \/>\n<meta property=\"article:modified_time\" content=\"2020-03-17T15:05:44+00:00\" \/>\n<meta property=\"og:image\" content=\"https:\/\/www.fraterinternacional.org\/wp-content\/uploads\/2020\/03\/pintura_muro_missao_roraima_ffhi__3..jpg\" \/>\n\t<meta property=\"og:image:width\" content=\"1280\" \/>\n\t<meta property=\"og:image:height\" content=\"853\" \/>\n\t<meta property=\"og:image:type\" content=\"image\/jpeg\" \/>\n<meta name=\"author\" content=\"maducato_admin\" \/>\n<meta name=\"twitter:card\" content=\"summary_large_image\" \/>\n<meta name=\"twitter:creator\" content=\"@fraternidadeFHI\" \/>\n<meta name=\"twitter:site\" content=\"@fraternidadeFHI\" \/>\n<meta name=\"twitter:label1\" content=\"Escrito por\" \/>\n\t<meta name=\"twitter:data1\" content=\"maducato_admin\" \/>\n\t<meta name=\"twitter:label2\" content=\"Tiempo de lectura\" \/>\n\t<meta name=\"twitter:data2\" content=\"2 minutos\" \/>\n<script type=\"application\/ld+json\" class=\"yoast-schema-graph\">{\"@context\":\"https:\/\/schema.org\",\"@graph\":[{\"@type\":\"WebPage\",\"@id\":\"https:\/\/www.fraterinternacional.org\/es\/pintura-en-muro-del-refugio-pintalandia-retrata-lo-cotidiano-de-las-artes-indigenas\/\",\"url\":\"https:\/\/www.fraterinternacional.org\/es\/pintura-en-muro-del-refugio-pintalandia-retrata-lo-cotidiano-de-las-artes-indigenas\/\",\"name\":\"Pintura en muro del Refugio Pintol\u00e2ndia retrata lo cotidiano de las artes ind\u00edgenas\",\"isPartOf\":{\"@id\":\"https:\/\/www.fraterinternacional.org\/es\/#website\"},\"datePublished\":\"2020-03-17T15:04:43+00:00\",\"dateModified\":\"2020-03-17T15:05:44+00:00\",\"author\":{\"@id\":\"https:\/\/www.fraterinternacional.org\/es\/#\/schema\/person\/19cb7a5541fd019768c7fe255d72701e\"},\"description\":\"La pintura en el muro del espacio de artesan\u00edas del Refugio Pintol\u00e2ndia, en Roraima, era un deseo antiguo. El espacio destinado para que las artesanas ind\u00edgenas trabajen fue organizado de manera simple y el muro no presentaba buenas condiciones.\",\"breadcrumb\":{\"@id\":\"https:\/\/www.fraterinternacional.org\/es\/pintura-en-muro-del-refugio-pintalandia-retrata-lo-cotidiano-de-las-artes-indigenas\/#breadcrumb\"},\"inLanguage\":\"es\",\"potentialAction\":[{\"@type\":\"ReadAction\",\"target\":[\"https:\/\/www.fraterinternacional.org\/es\/pintura-en-muro-del-refugio-pintalandia-retrata-lo-cotidiano-de-las-artes-indigenas\/\"]}]},{\"@type\":\"BreadcrumbList\",\"@id\":\"https:\/\/www.fraterinternacional.org\/es\/pintura-en-muro-del-refugio-pintalandia-retrata-lo-cotidiano-de-las-artes-indigenas\/#breadcrumb\",\"itemListElement\":[{\"@type\":\"ListItem\",\"position\":1,\"name\":\"In\u00edcio\",\"item\":\"https:\/\/www.fraterinternacional.org\/es\/\"},{\"@type\":\"ListItem\",\"position\":2,\"name\":\"Pintura en muro del Refugio Pintol\u00e2ndia retrata lo cotidiano de las artes ind\u00edgenas\"}]},{\"@type\":\"WebSite\",\"@id\":\"https:\/\/www.fraterinternacional.org\/es\/#website\",\"url\":\"https:\/\/www.fraterinternacional.org\/es\/\",\"name\":\"Fraternidade - Federa\u00e7\u00e3o Humanit\u00e1ria Internacional\",\"description\":\"Fraternidade - Federa\u00e7\u00e3o Humanit\u00e1ria Internacional\",\"potentialAction\":[{\"@type\":\"SearchAction\",\"target\":{\"@type\":\"EntryPoint\",\"urlTemplate\":\"https:\/\/www.fraterinternacional.org\/es\/?s={search_term_string}\"},\"query-input\":\"required name=search_term_string\"}],\"inLanguage\":\"es\"},{\"@type\":\"Person\",\"@id\":\"https:\/\/www.fraterinternacional.org\/es\/#\/schema\/person\/19cb7a5541fd019768c7fe255d72701e\",\"name\":\"maducato_admin\"}]}<\/script>\n<!-- \/ Yoast SEO Premium plugin. -->","yoast_head_json":{"title":"Pintura en muro del Refugio Pintol\u00e2ndia retrata lo cotidiano de las artes ind\u00edgenas","description":"La pintura en el muro del espacio de artesan\u00edas del Refugio Pintol\u00e2ndia, en Roraima, era un deseo antiguo. El espacio destinado para que las artesanas ind\u00edgenas trabajen fue organizado de manera simple y el muro no presentaba buenas condiciones.","robots":{"index":"index","follow":"follow","max-snippet":"max-snippet:-1","max-image-preview":"max-image-preview:large","max-video-preview":"max-video-preview:-1"},"canonical":"https:\/\/www.fraterinternacional.org\/es\/pintura-en-muro-del-refugio-pintalandia-retrata-lo-cotidiano-de-las-artes-indigenas\/","og_locale":"es_ES","og_type":"article","og_title":"Pintura en muro del Refugio Pintol\u00e2ndia retrata lo cotidiano de las artes ind\u00edgenas","og_description":"La pintura en el muro del espacio de artesan\u00edas del Refugio Pintol\u00e2ndia, en Roraima, era un deseo antiguo. El espacio destinado para que las artesanas ind\u00edgenas trabajen fue organizado de manera simple y el muro no presentaba buenas condiciones.","og_url":"https:\/\/www.fraterinternacional.org\/es\/pintura-en-muro-del-refugio-pintalandia-retrata-lo-cotidiano-de-las-artes-indigenas\/","og_site_name":"Fraternidade - Federa\u00e7\u00e3o Humanit\u00e1ria Internacional","article_publisher":"https:\/\/www.facebook.com\/fraternidadehumanitaria","article_published_time":"2020-03-17T15:04:43+00:00","article_modified_time":"2020-03-17T15:05:44+00:00","og_image":[{"width":1280,"height":853,"url":"https:\/\/www.fraterinternacional.org\/wp-content\/uploads\/2020\/03\/pintura_muro_missao_roraima_ffhi__3..jpg","type":"image\/jpeg"}],"author":"maducato_admin","twitter_card":"summary_large_image","twitter_creator":"@fraternidadeFHI","twitter_site":"@fraternidadeFHI","twitter_misc":{"Escrito por":"maducato_admin","Tiempo de lectura":"2 minutos"},"schema":{"@context":"https:\/\/schema.org","@graph":[{"@type":"WebPage","@id":"https:\/\/www.fraterinternacional.org\/es\/pintura-en-muro-del-refugio-pintalandia-retrata-lo-cotidiano-de-las-artes-indigenas\/","url":"https:\/\/www.fraterinternacional.org\/es\/pintura-en-muro-del-refugio-pintalandia-retrata-lo-cotidiano-de-las-artes-indigenas\/","name":"Pintura en muro del Refugio Pintol\u00e2ndia retrata lo cotidiano de las artes ind\u00edgenas","isPartOf":{"@id":"https:\/\/www.fraterinternacional.org\/es\/#website"},"datePublished":"2020-03-17T15:04:43+00:00","dateModified":"2020-03-17T15:05:44+00:00","author":{"@id":"https:\/\/www.fraterinternacional.org\/es\/#\/schema\/person\/19cb7a5541fd019768c7fe255d72701e"},"description":"La pintura en el muro del espacio de artesan\u00edas del Refugio Pintol\u00e2ndia, en Roraima, era un deseo antiguo. El espacio destinado para que las artesanas ind\u00edgenas trabajen fue organizado de manera simple y el muro no presentaba buenas condiciones.","breadcrumb":{"@id":"https:\/\/www.fraterinternacional.org\/es\/pintura-en-muro-del-refugio-pintalandia-retrata-lo-cotidiano-de-las-artes-indigenas\/#breadcrumb"},"inLanguage":"es","potentialAction":[{"@type":"ReadAction","target":["https:\/\/www.fraterinternacional.org\/es\/pintura-en-muro-del-refugio-pintalandia-retrata-lo-cotidiano-de-las-artes-indigenas\/"]}]},{"@type":"BreadcrumbList","@id":"https:\/\/www.fraterinternacional.org\/es\/pintura-en-muro-del-refugio-pintalandia-retrata-lo-cotidiano-de-las-artes-indigenas\/#breadcrumb","itemListElement":[{"@type":"ListItem","position":1,"name":"In\u00edcio","item":"https:\/\/www.fraterinternacional.org\/es\/"},{"@type":"ListItem","position":2,"name":"Pintura en muro del Refugio Pintol\u00e2ndia retrata lo cotidiano de las artes ind\u00edgenas"}]},{"@type":"WebSite","@id":"https:\/\/www.fraterinternacional.org\/es\/#website","url":"https:\/\/www.fraterinternacional.org\/es\/","name":"Fraternidade - Federa\u00e7\u00e3o Humanit\u00e1ria Internacional","description":"Fraternidade - Federa\u00e7\u00e3o Humanit\u00e1ria Internacional","potentialAction":[{"@type":"SearchAction","target":{"@type":"EntryPoint","urlTemplate":"https:\/\/www.fraterinternacional.org\/es\/?s={search_term_string}"},"query-input":"required name=search_term_string"}],"inLanguage":"es"},{"@type":"Person","@id":"https:\/\/www.fraterinternacional.org\/es\/#\/schema\/person\/19cb7a5541fd019768c7fe255d72701e","name":"maducato_admin"}]}},"_links":{"self":[{"href":"https:\/\/www.fraterinternacional.org\/es\/wp-json\/wp\/v2\/posts\/112343"}],"collection":[{"href":"https:\/\/www.fraterinternacional.org\/es\/wp-json\/wp\/v2\/posts"}],"about":[{"href":"https:\/\/www.fraterinternacional.org\/es\/wp-json\/wp\/v2\/types\/post"}],"author":[{"embeddable":true,"href":"https:\/\/www.fraterinternacional.org\/es\/wp-json\/wp\/v2\/users\/4"}],"replies":[{"embeddable":true,"href":"https:\/\/www.fraterinternacional.org\/es\/wp-json\/wp\/v2\/comments?post=112343"}],"version-history":[{"count":0,"href":"https:\/\/www.fraterinternacional.org\/es\/wp-json\/wp\/v2\/posts\/112343\/revisions"}],"wp:featuredmedia":[{"embeddable":true,"href":"https:\/\/www.fraterinternacional.org\/es\/wp-json\/wp\/v2\/media\/112256"}],"wp:attachment":[{"href":"https:\/\/www.fraterinternacional.org\/es\/wp-json\/wp\/v2\/media?parent=112343"}],"wp:term":[{"taxonomy":"category","embeddable":true,"href":"https:\/\/www.fraterinternacional.org\/es\/wp-json\/wp\/v2\/categories?post=112343"},{"taxonomy":"post_tag","embeddable":true,"href":"https:\/\/www.fraterinternacional.org\/es\/wp-json\/wp\/v2\/tags?post=112343"}],"curies":[{"name":"wp","href":"https:\/\/api.w.org\/{rel}","templated":true}]}}