{"id":112340,"date":"2020-03-17T11:55:44","date_gmt":"2020-03-17T14:55:44","guid":{"rendered":"https:\/\/www.fraterinternacional.org\/?p=112340"},"modified":"2020-03-17T11:55:44","modified_gmt":"2020-03-17T14:55:44","slug":"integrantes-de-la-mision-de-colombia-participan-de-formacion-sobre-el-manual-esfera","status":"publish","type":"post","link":"https:\/\/www.fraterinternacional.org\/es\/integrantes-de-la-mision-de-colombia-participan-de-formacion-sobre-el-manual-esfera\/","title":{"rendered":"Integrantes de la Misi\u00f3n de Colombia participan de formaci\u00f3n sobre el Manual Esfera"},"content":{"rendered":"<p><a href=\"https:\/\/www.fraterinternacional.org\/wp-content\/uploads\/2020\/03\/img-maual-esfera-colombia-capa.jpg\"><img decoding=\"async\" class=\"size-full wp-image-112276 aligncenter\" src=\"https:\/\/www.fraterinternacional.org\/wp-content\/uploads\/2020\/03\/img-maual-esfera-colombia-capa.jpg\" alt=\"forma\u00e7\u00e3o sobre o Manual Esfera\" width=\"1000\" height=\"716\" srcset=\"https:\/\/www.fraterinternacional.org\/wp-content\/uploads\/2020\/03\/img-maual-esfera-colombia-capa-200x143.jpg 200w, https:\/\/www.fraterinternacional.org\/wp-content\/uploads\/2020\/03\/img-maual-esfera-colombia-capa-300x215.jpg 300w, https:\/\/www.fraterinternacional.org\/wp-content\/uploads\/2020\/03\/img-maual-esfera-colombia-capa-400x286.jpg 400w, https:\/\/www.fraterinternacional.org\/wp-content\/uploads\/2020\/03\/img-maual-esfera-colombia-capa-600x430.jpg 600w, https:\/\/www.fraterinternacional.org\/wp-content\/uploads\/2020\/03\/img-maual-esfera-colombia-capa-800x573.jpg 800w, https:\/\/www.fraterinternacional.org\/wp-content\/uploads\/2020\/03\/img-maual-esfera-colombia-capa.jpg 1000w\" sizes=\"(max-width: 1000px) 100vw, 1000px\" \/><\/a><\/p>\n<p style=\"font-weight: 400; text-align: justify;\">El viernes 13 los Misioneros de la\u00a0<strong><a href=\"https:\/\/www.fraterinternacional.org\/es\/misiones-humanitarias\/\">Fraternidade &#8211; Misiones Humanitarias Internacionales (FMHI)<\/a><\/strong>\u00a0participaron de un ciclo de capacitaci\u00f3n sobre el\u00a0<strong><a href=\"https:\/\/www.fraterinternacional.org\/es\/comprenda-los-derechos-y-las-normas-esenciales-para-la-accion-humanitaria\/\">Manual Esfera<\/a><\/strong>\u00a0para comprender las normas y los derechos esenciales en las acciones que se implementan\u00a0 en las respuestas humanitarias.<\/p>\n<p style=\"font-weight: 400; text-align: justify;\">El evento tuvo lugar en la capital colombiana, Bogot\u00e1, y fue organizado por\u00a0<b><strong>GIFMM Nacional &#8211; Grupo Interagencial sobre Flujos Migratorios Mixtos,<\/strong><\/b>\u00a0con el objetivo de ayudar en la capacitaci\u00f3n de los agentes humanitarios que trabajan en la integraci\u00f3n y el desarrollo de los migrantes venezolanos que se encuentran en Colombia.<\/p>\n<p><a href=\"https:\/\/www.fraterinternacional.org\/wp-content\/uploads\/2020\/03\/img-manual-esfera-colombia03.jpg\"><img decoding=\"async\" class=\"size-full wp-image-112270 aligncenter\" src=\"https:\/\/www.fraterinternacional.org\/wp-content\/uploads\/2020\/03\/img-manual-esfera-colombia03.jpg\" alt=\"forma\u00e7\u00e3o sobre o Manual Esfera\" width=\"1000\" height=\"750\" srcset=\"https:\/\/www.fraterinternacional.org\/wp-content\/uploads\/2020\/03\/img-manual-esfera-colombia03-200x150.jpg 200w, https:\/\/www.fraterinternacional.org\/wp-content\/uploads\/2020\/03\/img-manual-esfera-colombia03-300x225.jpg 300w, https:\/\/www.fraterinternacional.org\/wp-content\/uploads\/2020\/03\/img-manual-esfera-colombia03-400x300.jpg 400w, https:\/\/www.fraterinternacional.org\/wp-content\/uploads\/2020\/03\/img-manual-esfera-colombia03-600x450.jpg 600w, https:\/\/www.fraterinternacional.org\/wp-content\/uploads\/2020\/03\/img-manual-esfera-colombia03-800x600.jpg 800w, https:\/\/www.fraterinternacional.org\/wp-content\/uploads\/2020\/03\/img-manual-esfera-colombia03.jpg 1000w\" sizes=\"(max-width: 1000px) 100vw, 1000px\" \/><\/a><\/p>\n<p style=\"font-weight: 400; text-align: justify;\">La propuesta fue presentar a los participantes qu\u00e9 es el\u00a0<a href=\"https:\/\/www.fraterinternacional.org\/es\/comprenda-los-derechos-y-las-normas-esenciales-para-la-accion-humanitaria\/\"><strong>Manual Esfera<\/strong><\/a>, su historia, sus principios y c\u00f3digo de conducta y c\u00f3mo se pueden utilizar en el contexto actual. Este manual presenta est\u00e1ndares y protocolos \u00e9ticos, t\u00e9cnicos y humanitarios a nivel internacional, para cualquier respuesta a cat\u00e1strofes y crisis que ocurran en cualquier parte del mundo.<\/p>\n<p style=\"font-weight: 400; text-align: justify;\">La monja misionera de la\u00a0<strong><a href=\"https:\/\/www.fraterinternacional.org\/es\/\">Fraternidad-Federaci\u00f3n Humanitaria Internacional (FFHI)<\/a><\/strong>, hna. Mar\u00eda del Calv\u00e1rio, refiere que en el contexto de la respuesta humanitaria, la capacitaci\u00f3n de los miembros activos es esencial para una intervenci\u00f3n cada vez m\u00e1s exitosa.<\/p>\n<p style=\"font-weight: 400; text-align: justify;\">En una nota agrega que \u00abactuar en contextos tan delicados y a menudo inestables requiere conocimientos t\u00e9cnicos, capacidad de an\u00e1lisis y respuestas r\u00e1pidas, cruciales para aliviar el sufrimiento de los seres humanos que atraviesan situaciones de crisis\u00bb, concluye.<\/p>\n<p style=\"text-align: justify;\"><a href=\"https:\/\/www.fraterinternacional.org\/wp-content\/uploads\/2020\/03\/img-manual-esfera-colombia04.jpg\"><img decoding=\"async\" class=\"size-full wp-image-112273 aligncenter\" src=\"https:\/\/www.fraterinternacional.org\/wp-content\/uploads\/2020\/03\/img-manual-esfera-colombia04.jpg\" alt=\"forma\u00e7\u00e3o sobre o Manual Esfera\" width=\"1000\" height=\"750\" srcset=\"https:\/\/www.fraterinternacional.org\/wp-content\/uploads\/2020\/03\/img-manual-esfera-colombia04-200x150.jpg 200w, https:\/\/www.fraterinternacional.org\/wp-content\/uploads\/2020\/03\/img-manual-esfera-colombia04-300x225.jpg 300w, https:\/\/www.fraterinternacional.org\/wp-content\/uploads\/2020\/03\/img-manual-esfera-colombia04-400x300.jpg 400w, https:\/\/www.fraterinternacional.org\/wp-content\/uploads\/2020\/03\/img-manual-esfera-colombia04-600x450.jpg 600w, https:\/\/www.fraterinternacional.org\/wp-content\/uploads\/2020\/03\/img-manual-esfera-colombia04-800x600.jpg 800w, https:\/\/www.fraterinternacional.org\/wp-content\/uploads\/2020\/03\/img-manual-esfera-colombia04.jpg 1000w\" sizes=\"(max-width: 1000px) 100vw, 1000px\" \/><\/a><\/p>\n<p style=\"font-weight: 400; text-align: justify;\">Otras organizaciones internacionales tambi\u00e9n participaron en la capacitaci\u00f3n, como\u00a0<strong><a href=\"https:\/\/bethany.org\/locations\/colombia\">Bethany<\/a><\/strong>\u00a0yel Consejo Noruego para Refugiados (NRC). En total, estuvieron presentes 20 personas.<\/p>\n<p style=\"font-weight: 400; text-align: justify;\">Ang\u00e9lica Pina, representante del Consejo Noruego para los Refugiados dice que \u00abes esencial que las personas que trabajan directamente en situaciones de conflicto en la asistencia humanitaria puedan comprender mejor los principios del Manual Esfera, para que pueda aplicarse con excelencia en las comunidades vulnerables\u00bb.<\/p>\n<p><a href=\"https:\/\/www.fraterinternacional.org\/wp-content\/uploads\/2020\/03\/img-manual-esfera-colombia02.jpg\"><img decoding=\"async\" class=\"size-full wp-image-112267 aligncenter\" src=\"https:\/\/www.fraterinternacional.org\/wp-content\/uploads\/2020\/03\/img-manual-esfera-colombia02.jpg\" alt=\"forma\u00e7\u00e3o sobre o Manual Esfera\" width=\"1000\" height=\"666\" srcset=\"https:\/\/www.fraterinternacional.org\/wp-content\/uploads\/2020\/03\/img-manual-esfera-colombia02-200x133.jpg 200w, https:\/\/www.fraterinternacional.org\/wp-content\/uploads\/2020\/03\/img-manual-esfera-colombia02-300x200.jpg 300w, https:\/\/www.fraterinternacional.org\/wp-content\/uploads\/2020\/03\/img-manual-esfera-colombia02-400x266.jpg 400w, https:\/\/www.fraterinternacional.org\/wp-content\/uploads\/2020\/03\/img-manual-esfera-colombia02-600x400.jpg 600w, https:\/\/www.fraterinternacional.org\/wp-content\/uploads\/2020\/03\/img-manual-esfera-colombia02-800x533.jpg 800w, https:\/\/www.fraterinternacional.org\/wp-content\/uploads\/2020\/03\/img-manual-esfera-colombia02.jpg 1000w\" sizes=\"(max-width: 1000px) 100vw, 1000px\" \/><\/a><\/p>\n<p style=\"font-weight: 400;\">Al hacer clic<a href=\"https:\/\/www.fraterinternacional.org\/wp-content\/uploads\/2019\/12\/El-manual-Esfera-2018-ES.pdf\">\u00a0<strong>aqu\u00ed<\/strong><\/a><strong>,<\/strong> tambi\u00e9n puede acceder al\u00a0<b><strong>Manual\u00a0 Esfera<\/strong><\/b>\u00a0en PDF.<\/p>\n<p style=\"font-weight: 400;\">Conozca m\u00e1s sobre las actividades realizadas en la\u00a0<strong><a href=\"https:\/\/www.fraterinternacional.org\/es\/mision-colombia\/\">Misi\u00f3n Colombia.<\/a><\/strong><\/p>\n","protected":false},"excerpt":{"rendered":"<p>El viernes 13 los Misioneros de la\u00a0Fraternidade &#8211; Misiones Humanitarias Internacionales (FMHI)\u00a0participaron de un ciclo de capacitaci\u00f3n sobre el\u00a0Manual Esfera\u00a0para [&hellip;]<\/p>\n","protected":false},"author":4,"featured_media":112278,"comment_status":"closed","ping_status":"closed","sticky":false,"template":"","format":"standard","meta":{"footnotes":""},"categories":[173,105],"tags":[4307],"class_list":["post-112340","post","type-post","status-publish","format-standard","has-post-thumbnail","hentry","category-noticia","category-noticias-de-las-misiones","tag-colombia"],"yoast_head":"<!-- This site is optimized with the Yoast SEO Premium plugin v21.0 (Yoast SEO v21.0) - https:\/\/yoast.com\/wordpress\/plugins\/seo\/ -->\n<title>Integrantes de la Misi\u00f3n de Colombia participan de formaci\u00f3n sobre el Manual Esfera<\/title>\n<meta name=\"description\" content=\"El viernes 13 los Misioneros de la Fraternidade - Misiones Humanitarias Internacionales (FMHI) participaron de un ciclo de capacitaci\u00f3n sobre el Manual Esfera para comprender las normas y los derechos esenciales en las acciones que se implementan en las respuestas humanitarias.\" \/>\n<meta name=\"robots\" content=\"index, follow, max-snippet:-1, max-image-preview:large, max-video-preview:-1\" \/>\n<link rel=\"canonical\" href=\"https:\/\/www.fraterinternacional.org\/es\/integrantes-de-la-mision-de-colombia-participan-de-formacion-sobre-el-manual-esfera\/\" \/>\n<meta property=\"og:locale\" content=\"es_ES\" \/>\n<meta property=\"og:type\" content=\"article\" \/>\n<meta property=\"og:title\" content=\"Integrantes de la Misi\u00f3n de Colombia participan de formaci\u00f3n sobre el Manual Esfera\" \/>\n<meta property=\"og:description\" content=\"El viernes 13 los Misioneros de la Fraternidade - Misiones Humanitarias Internacionales (FMHI) participaron de un ciclo de capacitaci\u00f3n sobre el Manual Esfera para comprender las normas y los derechos esenciales en las acciones que se implementan en las respuestas humanitarias.\" \/>\n<meta property=\"og:url\" content=\"https:\/\/www.fraterinternacional.org\/es\/integrantes-de-la-mision-de-colombia-participan-de-formacion-sobre-el-manual-esfera\/\" \/>\n<meta property=\"og:site_name\" content=\"Fraternidade - Federa\u00e7\u00e3o Humanit\u00e1ria Internacional\" \/>\n<meta property=\"article:publisher\" content=\"https:\/\/www.facebook.com\/fraternidadehumanitaria\" \/>\n<meta property=\"article:published_time\" content=\"2020-03-17T14:55:44+00:00\" \/>\n<meta property=\"og:image\" content=\"https:\/\/www.fraterinternacional.org\/wp-content\/uploads\/2020\/03\/img-maual-esfera-colombia-capa.jpg\" \/>\n\t<meta property=\"og:image:width\" content=\"1000\" \/>\n\t<meta property=\"og:image:height\" content=\"716\" \/>\n\t<meta property=\"og:image:type\" content=\"image\/jpeg\" \/>\n<meta name=\"author\" content=\"maducato_admin\" \/>\n<meta name=\"twitter:card\" content=\"summary_large_image\" \/>\n<meta name=\"twitter:creator\" content=\"@fraternidadeFHI\" \/>\n<meta name=\"twitter:site\" content=\"@fraternidadeFHI\" \/>\n<meta name=\"twitter:label1\" content=\"Escrito por\" \/>\n\t<meta name=\"twitter:data1\" content=\"maducato_admin\" \/>\n\t<meta name=\"twitter:label2\" content=\"Tiempo de lectura\" \/>\n\t<meta name=\"twitter:data2\" content=\"2 minutos\" \/>\n<script type=\"application\/ld+json\" class=\"yoast-schema-graph\">{\"@context\":\"https:\/\/schema.org\",\"@graph\":[{\"@type\":\"WebPage\",\"@id\":\"https:\/\/www.fraterinternacional.org\/es\/integrantes-de-la-mision-de-colombia-participan-de-formacion-sobre-el-manual-esfera\/\",\"url\":\"https:\/\/www.fraterinternacional.org\/es\/integrantes-de-la-mision-de-colombia-participan-de-formacion-sobre-el-manual-esfera\/\",\"name\":\"Integrantes de la Misi\u00f3n de Colombia participan de formaci\u00f3n sobre el Manual Esfera\",\"isPartOf\":{\"@id\":\"https:\/\/www.fraterinternacional.org\/es\/#website\"},\"datePublished\":\"2020-03-17T14:55:44+00:00\",\"dateModified\":\"2020-03-17T14:55:44+00:00\",\"author\":{\"@id\":\"https:\/\/www.fraterinternacional.org\/es\/#\/schema\/person\/19cb7a5541fd019768c7fe255d72701e\"},\"description\":\"El viernes 13 los Misioneros de la Fraternidade - Misiones Humanitarias Internacionales (FMHI) participaron de un ciclo de capacitaci\u00f3n sobre el Manual Esfera para comprender las normas y los derechos esenciales en las acciones que se implementan en las respuestas humanitarias.\",\"breadcrumb\":{\"@id\":\"https:\/\/www.fraterinternacional.org\/es\/integrantes-de-la-mision-de-colombia-participan-de-formacion-sobre-el-manual-esfera\/#breadcrumb\"},\"inLanguage\":\"es\",\"potentialAction\":[{\"@type\":\"ReadAction\",\"target\":[\"https:\/\/www.fraterinternacional.org\/es\/integrantes-de-la-mision-de-colombia-participan-de-formacion-sobre-el-manual-esfera\/\"]}]},{\"@type\":\"BreadcrumbList\",\"@id\":\"https:\/\/www.fraterinternacional.org\/es\/integrantes-de-la-mision-de-colombia-participan-de-formacion-sobre-el-manual-esfera\/#breadcrumb\",\"itemListElement\":[{\"@type\":\"ListItem\",\"position\":1,\"name\":\"In\u00edcio\",\"item\":\"https:\/\/www.fraterinternacional.org\/es\/\"},{\"@type\":\"ListItem\",\"position\":2,\"name\":\"Integrantes de la Misi\u00f3n de Colombia participan de formaci\u00f3n sobre el Manual Esfera\"}]},{\"@type\":\"WebSite\",\"@id\":\"https:\/\/www.fraterinternacional.org\/es\/#website\",\"url\":\"https:\/\/www.fraterinternacional.org\/es\/\",\"name\":\"Fraternidade - Federa\u00e7\u00e3o Humanit\u00e1ria Internacional\",\"description\":\"Fraternidade - Federa\u00e7\u00e3o Humanit\u00e1ria Internacional\",\"potentialAction\":[{\"@type\":\"SearchAction\",\"target\":{\"@type\":\"EntryPoint\",\"urlTemplate\":\"https:\/\/www.fraterinternacional.org\/es\/?s={search_term_string}\"},\"query-input\":\"required name=search_term_string\"}],\"inLanguage\":\"es\"},{\"@type\":\"Person\",\"@id\":\"https:\/\/www.fraterinternacional.org\/es\/#\/schema\/person\/19cb7a5541fd019768c7fe255d72701e\",\"name\":\"maducato_admin\"}]}<\/script>\n<!-- \/ Yoast SEO Premium plugin. -->","yoast_head_json":{"title":"Integrantes de la Misi\u00f3n de Colombia participan de formaci\u00f3n sobre el Manual Esfera","description":"El viernes 13 los Misioneros de la Fraternidade - Misiones Humanitarias Internacionales (FMHI) participaron de un ciclo de capacitaci\u00f3n sobre el Manual Esfera para comprender las normas y los derechos esenciales en las acciones que se implementan en las respuestas humanitarias.","robots":{"index":"index","follow":"follow","max-snippet":"max-snippet:-1","max-image-preview":"max-image-preview:large","max-video-preview":"max-video-preview:-1"},"canonical":"https:\/\/www.fraterinternacional.org\/es\/integrantes-de-la-mision-de-colombia-participan-de-formacion-sobre-el-manual-esfera\/","og_locale":"es_ES","og_type":"article","og_title":"Integrantes de la Misi\u00f3n de Colombia participan de formaci\u00f3n sobre el Manual Esfera","og_description":"El viernes 13 los Misioneros de la Fraternidade - Misiones Humanitarias Internacionales (FMHI) participaron de un ciclo de capacitaci\u00f3n sobre el Manual Esfera para comprender las normas y los derechos esenciales en las acciones que se implementan en las respuestas humanitarias.","og_url":"https:\/\/www.fraterinternacional.org\/es\/integrantes-de-la-mision-de-colombia-participan-de-formacion-sobre-el-manual-esfera\/","og_site_name":"Fraternidade - Federa\u00e7\u00e3o Humanit\u00e1ria Internacional","article_publisher":"https:\/\/www.facebook.com\/fraternidadehumanitaria","article_published_time":"2020-03-17T14:55:44+00:00","og_image":[{"width":1000,"height":716,"url":"https:\/\/www.fraterinternacional.org\/wp-content\/uploads\/2020\/03\/img-maual-esfera-colombia-capa.jpg","type":"image\/jpeg"}],"author":"maducato_admin","twitter_card":"summary_large_image","twitter_creator":"@fraternidadeFHI","twitter_site":"@fraternidadeFHI","twitter_misc":{"Escrito por":"maducato_admin","Tiempo de lectura":"2 minutos"},"schema":{"@context":"https:\/\/schema.org","@graph":[{"@type":"WebPage","@id":"https:\/\/www.fraterinternacional.org\/es\/integrantes-de-la-mision-de-colombia-participan-de-formacion-sobre-el-manual-esfera\/","url":"https:\/\/www.fraterinternacional.org\/es\/integrantes-de-la-mision-de-colombia-participan-de-formacion-sobre-el-manual-esfera\/","name":"Integrantes de la Misi\u00f3n de Colombia participan de formaci\u00f3n sobre el Manual Esfera","isPartOf":{"@id":"https:\/\/www.fraterinternacional.org\/es\/#website"},"datePublished":"2020-03-17T14:55:44+00:00","dateModified":"2020-03-17T14:55:44+00:00","author":{"@id":"https:\/\/www.fraterinternacional.org\/es\/#\/schema\/person\/19cb7a5541fd019768c7fe255d72701e"},"description":"El viernes 13 los Misioneros de la Fraternidade - Misiones Humanitarias Internacionales (FMHI) participaron de un ciclo de capacitaci\u00f3n sobre el Manual Esfera para comprender las normas y los derechos esenciales en las acciones que se implementan en las respuestas humanitarias.","breadcrumb":{"@id":"https:\/\/www.fraterinternacional.org\/es\/integrantes-de-la-mision-de-colombia-participan-de-formacion-sobre-el-manual-esfera\/#breadcrumb"},"inLanguage":"es","potentialAction":[{"@type":"ReadAction","target":["https:\/\/www.fraterinternacional.org\/es\/integrantes-de-la-mision-de-colombia-participan-de-formacion-sobre-el-manual-esfera\/"]}]},{"@type":"BreadcrumbList","@id":"https:\/\/www.fraterinternacional.org\/es\/integrantes-de-la-mision-de-colombia-participan-de-formacion-sobre-el-manual-esfera\/#breadcrumb","itemListElement":[{"@type":"ListItem","position":1,"name":"In\u00edcio","item":"https:\/\/www.fraterinternacional.org\/es\/"},{"@type":"ListItem","position":2,"name":"Integrantes de la Misi\u00f3n de Colombia participan de formaci\u00f3n sobre el Manual Esfera"}]},{"@type":"WebSite","@id":"https:\/\/www.fraterinternacional.org\/es\/#website","url":"https:\/\/www.fraterinternacional.org\/es\/","name":"Fraternidade - Federa\u00e7\u00e3o Humanit\u00e1ria Internacional","description":"Fraternidade - Federa\u00e7\u00e3o Humanit\u00e1ria Internacional","potentialAction":[{"@type":"SearchAction","target":{"@type":"EntryPoint","urlTemplate":"https:\/\/www.fraterinternacional.org\/es\/?s={search_term_string}"},"query-input":"required name=search_term_string"}],"inLanguage":"es"},{"@type":"Person","@id":"https:\/\/www.fraterinternacional.org\/es\/#\/schema\/person\/19cb7a5541fd019768c7fe255d72701e","name":"maducato_admin"}]}},"_links":{"self":[{"href":"https:\/\/www.fraterinternacional.org\/es\/wp-json\/wp\/v2\/posts\/112340"}],"collection":[{"href":"https:\/\/www.fraterinternacional.org\/es\/wp-json\/wp\/v2\/posts"}],"about":[{"href":"https:\/\/www.fraterinternacional.org\/es\/wp-json\/wp\/v2\/types\/post"}],"author":[{"embeddable":true,"href":"https:\/\/www.fraterinternacional.org\/es\/wp-json\/wp\/v2\/users\/4"}],"replies":[{"embeddable":true,"href":"https:\/\/www.fraterinternacional.org\/es\/wp-json\/wp\/v2\/comments?post=112340"}],"version-history":[{"count":0,"href":"https:\/\/www.fraterinternacional.org\/es\/wp-json\/wp\/v2\/posts\/112340\/revisions"}],"wp:featuredmedia":[{"embeddable":true,"href":"https:\/\/www.fraterinternacional.org\/es\/wp-json\/wp\/v2\/media\/112278"}],"wp:attachment":[{"href":"https:\/\/www.fraterinternacional.org\/es\/wp-json\/wp\/v2\/media?parent=112340"}],"wp:term":[{"taxonomy":"category","embeddable":true,"href":"https:\/\/www.fraterinternacional.org\/es\/wp-json\/wp\/v2\/categories?post=112340"},{"taxonomy":"post_tag","embeddable":true,"href":"https:\/\/www.fraterinternacional.org\/es\/wp-json\/wp\/v2\/tags?post=112340"}],"curies":[{"name":"wp","href":"https:\/\/api.w.org\/{rel}","templated":true}]}}