{"id":112196,"date":"2020-03-12T15:15:26","date_gmt":"2020-03-12T18:15:26","guid":{"rendered":"https:\/\/www.fraterinternacional.org\/?p=112196"},"modified":"2020-03-12T15:15:26","modified_gmt":"2020-03-12T18:15:26","slug":"mision-colombia-realiza-encuentro-que-aborda-la-importancia-del-voluntariado","status":"publish","type":"post","link":"https:\/\/www.fraterinternacional.org\/es\/mision-colombia-realiza-encuentro-que-aborda-la-importancia-del-voluntariado\/","title":{"rendered":"Misi\u00f3n Colombia realiza encuentro que aborda la importancia del voluntariado"},"content":{"rendered":"<p><a href=\"https:\/\/www.fraterinternacional.org\/wp-content\/uploads\/2020\/03\/img-amor-acion03.jpg\"><img decoding=\"async\" class=\"size-full wp-image-111957 aligncenter\" src=\"https:\/\/www.fraterinternacional.org\/wp-content\/uploads\/2020\/03\/img-amor-acion03.jpg\" alt=\"Charla &quot;Amor en Acci\u00f3n\" width=\"1000\" height=\"747\" srcset=\"https:\/\/www.fraterinternacional.org\/wp-content\/uploads\/2020\/03\/img-amor-acion03-200x149.jpg 200w, https:\/\/www.fraterinternacional.org\/wp-content\/uploads\/2020\/03\/img-amor-acion03-300x224.jpg 300w, https:\/\/www.fraterinternacional.org\/wp-content\/uploads\/2020\/03\/img-amor-acion03-400x299.jpg 400w, https:\/\/www.fraterinternacional.org\/wp-content\/uploads\/2020\/03\/img-amor-acion03-600x448.jpg 600w, https:\/\/www.fraterinternacional.org\/wp-content\/uploads\/2020\/03\/img-amor-acion03-800x598.jpg 800w, https:\/\/www.fraterinternacional.org\/wp-content\/uploads\/2020\/03\/img-amor-acion03.jpg 1000w\" sizes=\"(max-width: 1000px) 100vw, 1000px\" \/><\/a><\/p>\n<p style=\"text-align: justify;\"><b><a href=\"https:\/\/www.fraterinternacional.org\/en\/humanitarian-missions\/\">La Fraternidade &#8211; Misiones Humanitarias Internacionales (FMHI)<\/a>\u00a0<\/b>a trav\u00e9s de la Misi\u00f3n Colombia, realiz\u00f3 un encuentro en la Ciudad de Rio negro, Medell\u00edn, en Colombia, del 21 al 22 de febrero, para presentar los trabajos que la organizaci\u00f3n realiza en el pa\u00eds y el mundo, a fin de abordar la importancia de la\u00a0 asistencia a los m\u00e1s necesitados.<\/p>\n<p style=\"text-align: justify;\">La actividad propuesta reuni\u00f3 personas con inter\u00e9s en conocer los servicios realizados por la\u00a0<a href=\"https:\/\/www.fraterinternacional.org\/en\/humanitarian-missions\/\"><b>Fraternidade Misiones (FMHI)<\/b><\/a>\u00a0y por las dem\u00e1s organizaciones asociadas, como las\u00a0<a href=\"https:\/\/www.fraterinternacional.org\/en\/affiliates\/\"><b>Asociaciones de Servicio<\/b>\u00a0<\/a>a los Reinos de la Naturaleza y las\u00a0<a href=\"https:\/\/www.fraterinternacional.org\/en\/affiliates\/\"><b>Comunidades-Luz.<\/b><\/a><\/p>\n<p style=\"text-align: justify;\">Se present\u00f3 el historial de las \u00faltimas\u00a0Misiones Humanitariasrealizadas en especial en la <a href=\"https:\/\/www.fraterinternacional.org\/en\/colombia-mission\/\"><strong>Misi\u00f3n Colombia<\/strong><\/a>, donde act\u00faan un equipo de misioneros, sobre todo, con la poblaci\u00f3n venezolana migrante y en situaci\u00f3n de vulnerabilidad aguda en la ciudad de Bogot\u00e1, capital del pa\u00eds.<\/p>\n\n\t\t<style type=\"text\/css\">\n\t\t\t#gallery-1 {\n\t\t\t\tmargin: auto;\n\t\t\t}\n\t\t\t#gallery-1 .gallery-item {\n\t\t\t\tfloat: left;\n\t\t\t\tmargin-top: 10px;\n\t\t\t\ttext-align: center;\n\t\t\t\twidth: 33%;\n\t\t\t}\n\t\t\t#gallery-1 img {\n\t\t\t\tborder: 2px solid #cfcfcf;\n\t\t\t}\n\t\t\t#gallery-1 .gallery-caption {\n\t\t\t\tmargin-left: 0;\n\t\t\t}\n\t\t\t\/* see gallery_shortcode() in wp-includes\/media.php *\/\n\t\t<\/style>\n\t\t<div id='gallery-1' class='gallery galleryid-112196 gallery-columns-3 gallery-size-medium'><dl class='gallery-item'>\n\t\t\t<dt class='gallery-icon landscape'>\n\t\t\t\t<a data-rel=\"iLightbox[postimages]\" data-title=\"img-amor-acion05\" data-caption=\"\" href='https:\/\/www.fraterinternacional.org\/wp-content\/uploads\/2020\/03\/img-amor-acion05.jpg'><img decoding=\"async\" width=\"300\" height=\"224\" src=\"https:\/\/www.fraterinternacional.org\/wp-content\/uploads\/2020\/03\/img-amor-acion05-300x224.jpg\" class=\"attachment-medium size-medium\" alt=\"Charla &quot;Amor en Acci\u00f3n\" srcset=\"https:\/\/www.fraterinternacional.org\/wp-content\/uploads\/2020\/03\/img-amor-acion05-200x149.jpg 200w, https:\/\/www.fraterinternacional.org\/wp-content\/uploads\/2020\/03\/img-amor-acion05-300x224.jpg 300w, https:\/\/www.fraterinternacional.org\/wp-content\/uploads\/2020\/03\/img-amor-acion05-400x299.jpg 400w, https:\/\/www.fraterinternacional.org\/wp-content\/uploads\/2020\/03\/img-amor-acion05-600x448.jpg 600w, https:\/\/www.fraterinternacional.org\/wp-content\/uploads\/2020\/03\/img-amor-acion05-800x598.jpg 800w, https:\/\/www.fraterinternacional.org\/wp-content\/uploads\/2020\/03\/img-amor-acion05.jpg 1000w\" sizes=\"(max-width: 300px) 100vw, 300px\" \/><\/a>\n\t\t\t<\/dt><\/dl><dl class='gallery-item'>\n\t\t\t<dt class='gallery-icon landscape'>\n\t\t\t\t<a data-rel=\"iLightbox[postimages]\" data-title=\"img-amor-acion02\" data-caption=\"\" href='https:\/\/www.fraterinternacional.org\/wp-content\/uploads\/2020\/03\/img-amor-acion02.jpg'><img decoding=\"async\" width=\"300\" height=\"224\" src=\"https:\/\/www.fraterinternacional.org\/wp-content\/uploads\/2020\/03\/img-amor-acion02-300x224.jpg\" class=\"attachment-medium size-medium\" alt=\"Charla &quot;Amor en Acci\u00f3n\" srcset=\"https:\/\/www.fraterinternacional.org\/wp-content\/uploads\/2020\/03\/img-amor-acion02-200x149.jpg 200w, https:\/\/www.fraterinternacional.org\/wp-content\/uploads\/2020\/03\/img-amor-acion02-300x224.jpg 300w, https:\/\/www.fraterinternacional.org\/wp-content\/uploads\/2020\/03\/img-amor-acion02-400x299.jpg 400w, https:\/\/www.fraterinternacional.org\/wp-content\/uploads\/2020\/03\/img-amor-acion02-600x448.jpg 600w, https:\/\/www.fraterinternacional.org\/wp-content\/uploads\/2020\/03\/img-amor-acion02-800x598.jpg 800w, https:\/\/www.fraterinternacional.org\/wp-content\/uploads\/2020\/03\/img-amor-acion02-1024x765.jpg 1024w, https:\/\/www.fraterinternacional.org\/wp-content\/uploads\/2020\/03\/img-amor-acion02-1200x896.jpg 1200w, https:\/\/www.fraterinternacional.org\/wp-content\/uploads\/2020\/03\/img-amor-acion02.jpg 1280w\" sizes=\"(max-width: 300px) 100vw, 300px\" \/><\/a>\n\t\t\t<\/dt><\/dl><dl class='gallery-item'>\n\t\t\t<dt class='gallery-icon landscape'>\n\t\t\t\t<a data-rel=\"iLightbox[postimages]\" data-title=\"img-amor-acion01\" data-caption=\"\" href='https:\/\/www.fraterinternacional.org\/wp-content\/uploads\/2020\/03\/img-amor-acion01.jpg'><img decoding=\"async\" width=\"300\" height=\"224\" src=\"https:\/\/www.fraterinternacional.org\/wp-content\/uploads\/2020\/03\/img-amor-acion01-300x224.jpg\" class=\"attachment-medium size-medium\" alt=\"Charla &quot;Amor en Acci\u00f3n\" srcset=\"https:\/\/www.fraterinternacional.org\/wp-content\/uploads\/2020\/03\/img-amor-acion01-200x149.jpg 200w, https:\/\/www.fraterinternacional.org\/wp-content\/uploads\/2020\/03\/img-amor-acion01-300x224.jpg 300w, https:\/\/www.fraterinternacional.org\/wp-content\/uploads\/2020\/03\/img-amor-acion01-400x299.jpg 400w, https:\/\/www.fraterinternacional.org\/wp-content\/uploads\/2020\/03\/img-amor-acion01-600x448.jpg 600w, https:\/\/www.fraterinternacional.org\/wp-content\/uploads\/2020\/03\/img-amor-acion01-800x598.jpg 800w, https:\/\/www.fraterinternacional.org\/wp-content\/uploads\/2020\/03\/img-amor-acion01.jpg 1000w\" sizes=\"(max-width: 300px) 100vw, 300px\" \/><\/a>\n\t\t\t<\/dt><\/dl><br style=\"clear: both\" \/>\n\t\t<\/div>\n\n<p style=\"text-align: justify;\">Hoy, Colombia es el pa\u00eds que m\u00e1s recibe migrantes venezolanos. De acuerdo con los\u00a0 datos de la Organizaci\u00f3n de las Naciones Unidas (ONU), alrededor de 1,6 millones de venezolanos est\u00e1n en Colombia. Por ese motivo, los misioneros se unieron a otras organizaciones de asistencia a los refugiados para ayudar a combatir la\u00a0 desigualdad y la vulnerabilidad.<\/p>\n<p style=\"text-align: justify;\">En el encuentro tambi\u00e9n se transmiti\u00f3 una charla p\u00fablica de Jos\u00e9 Trigueirinho Netto, fundador de la\u00a0<b><a href=\"https:\/\/www.fraterinternacional.org\/en\/about-us\/\">Fraternidade &#8211; Federaci\u00f3n Humanitaria Internacional (FFHI)<\/a>,\u00a0<\/b>donde el fil\u00f3sofo aborda el tema de la\u00a0Tarea Misionera.<\/p>\n<p style=\"text-align: justify;\">La actividad cont\u00f3 con la\u00a0 participaci\u00f3n de 18 personas, durante los dos d\u00edas del encuentro, creando perspectivas de continuaci\u00f3n en la capacitaci\u00f3n te\u00f3rica y pr\u00e1ctica de esas personas interesadas en el servicio voluntario, humanitario y altruista.<\/p>\n<p style=\"text-align: justify;\">Conozca otros trabajos realizados en la Misi\u00f3n Colombia haciendo clic\u00a0<a href=\"https:\/\/www.fraterinternacional.org\/en\/colombia-mission\/\"><b>aqu\u00ed.<\/b><\/a><\/p>\n","protected":false},"excerpt":{"rendered":"<p>La Fraternidade &#8211; Misiones Humanitarias Internacionales (FMHI)\u00a0a trav\u00e9s de la Misi\u00f3n Colombia, realiz\u00f3 un encuentro en la Ciudad de Rio [&hellip;]<\/p>\n","protected":false},"author":4,"featured_media":111959,"comment_status":"closed","ping_status":"closed","sticky":false,"template":"","format":"standard","meta":{"footnotes":""},"categories":[173,105],"tags":[4307,4305],"class_list":["post-112196","post","type-post","status-publish","format-standard","has-post-thumbnail","hentry","category-noticia","category-noticias-de-las-misiones","tag-colombia","tag-missao"],"yoast_head":"<!-- This site is optimized with the Yoast SEO Premium plugin v21.0 (Yoast SEO v21.0) - https:\/\/yoast.com\/wordpress\/plugins\/seo\/ -->\n<title>Misi\u00f3n Colombia realiza encuentro que aborda la importancia del voluntariado<\/title>\n<meta name=\"description\" content=\"La Fraternidade - Misiones Humanitarias Internacionales (FMHI) a trav\u00e9s de la Misi\u00f3n Colombia, realiz\u00f3 un encuentro en la Ciudad de Rio negro, Medell\u00edn, en Colombia, del 21 al 22 de febrero, para presentar los trabajos que la organizaci\u00f3n realiza en el pa\u00eds y el mundo, a fin de abordar la importancia de la asistencia a los m\u00e1s necesitados.\" \/>\n<meta name=\"robots\" content=\"index, follow, max-snippet:-1, max-image-preview:large, max-video-preview:-1\" \/>\n<link rel=\"canonical\" href=\"https:\/\/www.fraterinternacional.org\/es\/mision-colombia-realiza-encuentro-que-aborda-la-importancia-del-voluntariado\/\" \/>\n<meta property=\"og:locale\" content=\"es_ES\" \/>\n<meta property=\"og:type\" content=\"article\" \/>\n<meta property=\"og:title\" content=\"Misi\u00f3n Colombia realiza encuentro que aborda la importancia del voluntariado\" \/>\n<meta property=\"og:description\" content=\"La Fraternidade - Misiones Humanitarias Internacionales (FMHI) a trav\u00e9s de la Misi\u00f3n Colombia, realiz\u00f3 un encuentro en la Ciudad de Rio negro, Medell\u00edn, en Colombia, del 21 al 22 de febrero, para presentar los trabajos que la organizaci\u00f3n realiza en el pa\u00eds y el mundo, a fin de abordar la importancia de la asistencia a los m\u00e1s necesitados.\" \/>\n<meta property=\"og:url\" content=\"https:\/\/www.fraterinternacional.org\/es\/mision-colombia-realiza-encuentro-que-aborda-la-importancia-del-voluntariado\/\" \/>\n<meta property=\"og:site_name\" content=\"Fraternidade - Federa\u00e7\u00e3o Humanit\u00e1ria Internacional\" \/>\n<meta property=\"article:publisher\" content=\"https:\/\/www.facebook.com\/fraternidadehumanitaria\" \/>\n<meta property=\"article:published_time\" content=\"2020-03-12T18:15:26+00:00\" \/>\n<meta property=\"og:image\" content=\"https:\/\/www.fraterinternacional.org\/wp-content\/uploads\/2020\/03\/img-amor-acion03.jpg\" \/>\n\t<meta property=\"og:image:width\" content=\"1000\" \/>\n\t<meta property=\"og:image:height\" content=\"747\" \/>\n\t<meta property=\"og:image:type\" content=\"image\/jpeg\" \/>\n<meta name=\"author\" content=\"maducato_admin\" \/>\n<meta name=\"twitter:card\" content=\"summary_large_image\" \/>\n<meta name=\"twitter:creator\" content=\"@fraternidadeFHI\" \/>\n<meta name=\"twitter:site\" content=\"@fraternidadeFHI\" \/>\n<meta name=\"twitter:label1\" content=\"Escrito por\" \/>\n\t<meta name=\"twitter:data1\" content=\"maducato_admin\" \/>\n\t<meta name=\"twitter:label2\" content=\"Tiempo de lectura\" \/>\n\t<meta name=\"twitter:data2\" content=\"2 minutos\" \/>\n<script type=\"application\/ld+json\" class=\"yoast-schema-graph\">{\"@context\":\"https:\/\/schema.org\",\"@graph\":[{\"@type\":\"WebPage\",\"@id\":\"https:\/\/www.fraterinternacional.org\/es\/mision-colombia-realiza-encuentro-que-aborda-la-importancia-del-voluntariado\/\",\"url\":\"https:\/\/www.fraterinternacional.org\/es\/mision-colombia-realiza-encuentro-que-aborda-la-importancia-del-voluntariado\/\",\"name\":\"Misi\u00f3n Colombia realiza encuentro que aborda la importancia del voluntariado\",\"isPartOf\":{\"@id\":\"https:\/\/www.fraterinternacional.org\/es\/#website\"},\"datePublished\":\"2020-03-12T18:15:26+00:00\",\"dateModified\":\"2020-03-12T18:15:26+00:00\",\"author\":{\"@id\":\"https:\/\/www.fraterinternacional.org\/es\/#\/schema\/person\/19cb7a5541fd019768c7fe255d72701e\"},\"description\":\"La Fraternidade - Misiones Humanitarias Internacionales (FMHI) a trav\u00e9s de la Misi\u00f3n Colombia, realiz\u00f3 un encuentro en la Ciudad de Rio negro, Medell\u00edn, en Colombia, del 21 al 22 de febrero, para presentar los trabajos que la organizaci\u00f3n realiza en el pa\u00eds y el mundo, a fin de abordar la importancia de la asistencia a los m\u00e1s necesitados.\",\"breadcrumb\":{\"@id\":\"https:\/\/www.fraterinternacional.org\/es\/mision-colombia-realiza-encuentro-que-aborda-la-importancia-del-voluntariado\/#breadcrumb\"},\"inLanguage\":\"es\",\"potentialAction\":[{\"@type\":\"ReadAction\",\"target\":[\"https:\/\/www.fraterinternacional.org\/es\/mision-colombia-realiza-encuentro-que-aborda-la-importancia-del-voluntariado\/\"]}]},{\"@type\":\"BreadcrumbList\",\"@id\":\"https:\/\/www.fraterinternacional.org\/es\/mision-colombia-realiza-encuentro-que-aborda-la-importancia-del-voluntariado\/#breadcrumb\",\"itemListElement\":[{\"@type\":\"ListItem\",\"position\":1,\"name\":\"In\u00edcio\",\"item\":\"https:\/\/www.fraterinternacional.org\/es\/\"},{\"@type\":\"ListItem\",\"position\":2,\"name\":\"Misi\u00f3n Colombia realiza encuentro que aborda la importancia del voluntariado\"}]},{\"@type\":\"WebSite\",\"@id\":\"https:\/\/www.fraterinternacional.org\/es\/#website\",\"url\":\"https:\/\/www.fraterinternacional.org\/es\/\",\"name\":\"Fraternidade - Federa\u00e7\u00e3o Humanit\u00e1ria Internacional\",\"description\":\"Fraternidade - Federa\u00e7\u00e3o Humanit\u00e1ria Internacional\",\"potentialAction\":[{\"@type\":\"SearchAction\",\"target\":{\"@type\":\"EntryPoint\",\"urlTemplate\":\"https:\/\/www.fraterinternacional.org\/es\/?s={search_term_string}\"},\"query-input\":\"required name=search_term_string\"}],\"inLanguage\":\"es\"},{\"@type\":\"Person\",\"@id\":\"https:\/\/www.fraterinternacional.org\/es\/#\/schema\/person\/19cb7a5541fd019768c7fe255d72701e\",\"name\":\"maducato_admin\"}]}<\/script>\n<!-- \/ Yoast SEO Premium plugin. -->","yoast_head_json":{"title":"Misi\u00f3n Colombia realiza encuentro que aborda la importancia del voluntariado","description":"La Fraternidade - Misiones Humanitarias Internacionales (FMHI) a trav\u00e9s de la Misi\u00f3n Colombia, realiz\u00f3 un encuentro en la Ciudad de Rio negro, Medell\u00edn, en Colombia, del 21 al 22 de febrero, para presentar los trabajos que la organizaci\u00f3n realiza en el pa\u00eds y el mundo, a fin de abordar la importancia de la asistencia a los m\u00e1s necesitados.","robots":{"index":"index","follow":"follow","max-snippet":"max-snippet:-1","max-image-preview":"max-image-preview:large","max-video-preview":"max-video-preview:-1"},"canonical":"https:\/\/www.fraterinternacional.org\/es\/mision-colombia-realiza-encuentro-que-aborda-la-importancia-del-voluntariado\/","og_locale":"es_ES","og_type":"article","og_title":"Misi\u00f3n Colombia realiza encuentro que aborda la importancia del voluntariado","og_description":"La Fraternidade - Misiones Humanitarias Internacionales (FMHI) a trav\u00e9s de la Misi\u00f3n Colombia, realiz\u00f3 un encuentro en la Ciudad de Rio negro, Medell\u00edn, en Colombia, del 21 al 22 de febrero, para presentar los trabajos que la organizaci\u00f3n realiza en el pa\u00eds y el mundo, a fin de abordar la importancia de la asistencia a los m\u00e1s necesitados.","og_url":"https:\/\/www.fraterinternacional.org\/es\/mision-colombia-realiza-encuentro-que-aborda-la-importancia-del-voluntariado\/","og_site_name":"Fraternidade - Federa\u00e7\u00e3o Humanit\u00e1ria Internacional","article_publisher":"https:\/\/www.facebook.com\/fraternidadehumanitaria","article_published_time":"2020-03-12T18:15:26+00:00","og_image":[{"width":1000,"height":747,"url":"https:\/\/www.fraterinternacional.org\/wp-content\/uploads\/2020\/03\/img-amor-acion03.jpg","type":"image\/jpeg"}],"author":"maducato_admin","twitter_card":"summary_large_image","twitter_creator":"@fraternidadeFHI","twitter_site":"@fraternidadeFHI","twitter_misc":{"Escrito por":"maducato_admin","Tiempo de lectura":"2 minutos"},"schema":{"@context":"https:\/\/schema.org","@graph":[{"@type":"WebPage","@id":"https:\/\/www.fraterinternacional.org\/es\/mision-colombia-realiza-encuentro-que-aborda-la-importancia-del-voluntariado\/","url":"https:\/\/www.fraterinternacional.org\/es\/mision-colombia-realiza-encuentro-que-aborda-la-importancia-del-voluntariado\/","name":"Misi\u00f3n Colombia realiza encuentro que aborda la importancia del voluntariado","isPartOf":{"@id":"https:\/\/www.fraterinternacional.org\/es\/#website"},"datePublished":"2020-03-12T18:15:26+00:00","dateModified":"2020-03-12T18:15:26+00:00","author":{"@id":"https:\/\/www.fraterinternacional.org\/es\/#\/schema\/person\/19cb7a5541fd019768c7fe255d72701e"},"description":"La Fraternidade - Misiones Humanitarias Internacionales (FMHI) a trav\u00e9s de la Misi\u00f3n Colombia, realiz\u00f3 un encuentro en la Ciudad de Rio negro, Medell\u00edn, en Colombia, del 21 al 22 de febrero, para presentar los trabajos que la organizaci\u00f3n realiza en el pa\u00eds y el mundo, a fin de abordar la importancia de la asistencia a los m\u00e1s necesitados.","breadcrumb":{"@id":"https:\/\/www.fraterinternacional.org\/es\/mision-colombia-realiza-encuentro-que-aborda-la-importancia-del-voluntariado\/#breadcrumb"},"inLanguage":"es","potentialAction":[{"@type":"ReadAction","target":["https:\/\/www.fraterinternacional.org\/es\/mision-colombia-realiza-encuentro-que-aborda-la-importancia-del-voluntariado\/"]}]},{"@type":"BreadcrumbList","@id":"https:\/\/www.fraterinternacional.org\/es\/mision-colombia-realiza-encuentro-que-aborda-la-importancia-del-voluntariado\/#breadcrumb","itemListElement":[{"@type":"ListItem","position":1,"name":"In\u00edcio","item":"https:\/\/www.fraterinternacional.org\/es\/"},{"@type":"ListItem","position":2,"name":"Misi\u00f3n Colombia realiza encuentro que aborda la importancia del voluntariado"}]},{"@type":"WebSite","@id":"https:\/\/www.fraterinternacional.org\/es\/#website","url":"https:\/\/www.fraterinternacional.org\/es\/","name":"Fraternidade - Federa\u00e7\u00e3o Humanit\u00e1ria Internacional","description":"Fraternidade - Federa\u00e7\u00e3o Humanit\u00e1ria Internacional","potentialAction":[{"@type":"SearchAction","target":{"@type":"EntryPoint","urlTemplate":"https:\/\/www.fraterinternacional.org\/es\/?s={search_term_string}"},"query-input":"required name=search_term_string"}],"inLanguage":"es"},{"@type":"Person","@id":"https:\/\/www.fraterinternacional.org\/es\/#\/schema\/person\/19cb7a5541fd019768c7fe255d72701e","name":"maducato_admin"}]}},"_links":{"self":[{"href":"https:\/\/www.fraterinternacional.org\/es\/wp-json\/wp\/v2\/posts\/112196"}],"collection":[{"href":"https:\/\/www.fraterinternacional.org\/es\/wp-json\/wp\/v2\/posts"}],"about":[{"href":"https:\/\/www.fraterinternacional.org\/es\/wp-json\/wp\/v2\/types\/post"}],"author":[{"embeddable":true,"href":"https:\/\/www.fraterinternacional.org\/es\/wp-json\/wp\/v2\/users\/4"}],"replies":[{"embeddable":true,"href":"https:\/\/www.fraterinternacional.org\/es\/wp-json\/wp\/v2\/comments?post=112196"}],"version-history":[{"count":0,"href":"https:\/\/www.fraterinternacional.org\/es\/wp-json\/wp\/v2\/posts\/112196\/revisions"}],"wp:featuredmedia":[{"embeddable":true,"href":"https:\/\/www.fraterinternacional.org\/es\/wp-json\/wp\/v2\/media\/111959"}],"wp:attachment":[{"href":"https:\/\/www.fraterinternacional.org\/es\/wp-json\/wp\/v2\/media?parent=112196"}],"wp:term":[{"taxonomy":"category","embeddable":true,"href":"https:\/\/www.fraterinternacional.org\/es\/wp-json\/wp\/v2\/categories?post=112196"},{"taxonomy":"post_tag","embeddable":true,"href":"https:\/\/www.fraterinternacional.org\/es\/wp-json\/wp\/v2\/tags?post=112196"}],"curies":[{"name":"wp","href":"https:\/\/api.w.org\/{rel}","templated":true}]}}