{"id":11183,"date":"2016-01-26T19:30:00","date_gmt":"2016-01-26T22:30:00","guid":{"rendered":"http:\/\/www.fraterinternacional.org\/es\/?p=11183"},"modified":"2016-11-01T19:27:04","modified_gmt":"2016-11-01T22:27:04","slug":"grupo-de-la-fraternidade-inicia-la-mision-chaco","status":"publish","type":"post","link":"https:\/\/www.fraterinternacional.org\/es\/grupo-de-la-fraternidade-inicia-la-mision-chaco\/","title":{"rendered":"Grupo de la Fraternidade inicia la Misi\u00f3n Chaco"},"content":{"rendered":"<p style=\"text-align: justify;\"><strong>La Fraternidade &#8211; Federaci\u00f3n Humanitaria Internaciona<\/strong>l inici\u00f3 este 26 de enero la Misi\u00f3n Chaco. La misi\u00f3n est\u00e1 compuesta por miembros de la <a href=\"http:\/\/fraterinternacional.org\/es\/red-luz\">Red-Luz<\/a>, de la <a href=\"http:\/\/fraterinternacional.org\/es\/orden-gracia-misericordia\">Orden Gracia Misericordia<\/a> y de la <a href=\"http:\/\/fraterinternacional.org\/comunidades-luz\">Comunidad de la Hermandad<\/a>. Durante 15 d\u00edas, el grupo prestar\u00e1 servicios a las comunidades ind\u00edgenas de la regi\u00f3n del Chaco, en la Argentina.<\/p>\n<p style=\"text-align: justify;\"><a href=\"http:\/\/www.fraterinternacional.org\/wp-content\/uploads\/2016\/01\/Missao-Chaco-foto-grupo.jpg\" rel=\"attachment wp-att-11175\"><img decoding=\"async\" class=\"alignleft size-medium wp-image-11175\" src=\"http:\/\/www.fraterinternacional.org\/wp-content\/uploads\/2016\/01\/Missao-Chaco-foto-grupo-300x169.jpg\" alt=\"Missao Chaco foto grupo\" width=\"300\" height=\"169\" srcset=\"https:\/\/www.fraterinternacional.org\/wp-content\/uploads\/2016\/01\/Missao-Chaco-foto-grupo-200x113.jpg 200w, https:\/\/www.fraterinternacional.org\/wp-content\/uploads\/2016\/01\/Missao-Chaco-foto-grupo-300x169.jpg 300w, https:\/\/www.fraterinternacional.org\/wp-content\/uploads\/2016\/01\/Missao-Chaco-foto-grupo-400x225.jpg 400w, https:\/\/www.fraterinternacional.org\/wp-content\/uploads\/2016\/01\/Missao-Chaco-foto-grupo-600x338.jpg 600w, https:\/\/www.fraterinternacional.org\/wp-content\/uploads\/2016\/01\/Missao-Chaco-foto-grupo.jpg 700w\" sizes=\"(max-width: 300px) 100vw, 300px\" \/><\/a>A las 8:30 de la ma\u00f1ana de este martes, el grupo de 21 integrantes, de los cuales, 7 son monjes de la Orden Gracia Misericordia, dej\u00f3 la Comunidad de la Hermandad, en la provincia de C\u00f3rdoba, Argentina, con direcci\u00f3n a la ciudad de Resistencia, capital de la provincia de Chaco. Ser\u00e1n cerca de mil kil\u00f3metros y aproximadamente 14 horas de viaje, con una temperatura de\u00a0alrededor de<b>\u00a0<\/b>38 grados celsius. En el itinerario, el grupo dejar\u00e1 la provincia de C\u00f3rdoba, pasar\u00e1 por la de Santa Fe, hasta llegar a la de Chaco, destino final de la misi\u00f3n.<\/p>\n<p style=\"text-align: justify;\"><a href=\"http:\/\/www.fraterinternacional.org\/wp-content\/uploads\/2016\/01\/Missao-Chaco-saida.jpg\" rel=\"attachment wp-att-11179\"><img decoding=\"async\" class=\"size-medium wp-image-11179 alignright\" src=\"http:\/\/www.fraterinternacional.org\/wp-content\/uploads\/2016\/01\/Missao-Chaco-saida-300x169.jpg\" alt=\"Missao Chaco saida\" width=\"300\" height=\"169\" srcset=\"https:\/\/www.fraterinternacional.org\/wp-content\/uploads\/2016\/01\/Missao-Chaco-saida-200x113.jpg 200w, https:\/\/www.fraterinternacional.org\/wp-content\/uploads\/2016\/01\/Missao-Chaco-saida-300x169.jpg 300w, https:\/\/www.fraterinternacional.org\/wp-content\/uploads\/2016\/01\/Missao-Chaco-saida-400x225.jpg 400w, https:\/\/www.fraterinternacional.org\/wp-content\/uploads\/2016\/01\/Missao-Chaco-saida-600x338.jpg 600w, https:\/\/www.fraterinternacional.org\/wp-content\/uploads\/2016\/01\/Missao-Chaco-saida-800x450.jpg 800w, https:\/\/www.fraterinternacional.org\/wp-content\/uploads\/2016\/01\/Missao-Chaco-saida-1024x576.jpg 1024w, https:\/\/www.fraterinternacional.org\/wp-content\/uploads\/2016\/01\/Missao-Chaco-saida-1200x675.jpg 1200w, https:\/\/www.fraterinternacional.org\/wp-content\/uploads\/2016\/01\/Missao-Chaco-saida.jpg 1600w\" sizes=\"(max-width: 300px) 100vw, 300px\" \/><\/a>La ciudad de Resistencia ser\u00e1 la base del grupo en misi\u00f3n en la regi\u00f3n del Chaco. En esta ciudad, quedar\u00e1 hospedado en una casa de retiros de la Iglesia Cat\u00f3lica, hasta el 4 de febrero. Durante la permanencia en Resistencia, el grupo visitar\u00e1 comunidades ind\u00edgenas de la regi\u00f3n, marcada por la desnutrici\u00f3n infantil, la desigualdad y la falta de salud. El equipo tambi\u00e9n se trasladar\u00e1, en viaje de ida y vuelta en el mismo d\u00eda, hasta la ciudad de Juan Jos\u00e9 Castelli, que queda a 350 kil\u00f3metros al norte de Resistencia.<\/p>\n<p>La Misi\u00f3n Chaco se lleva adelante al mismo tiempo en que otra misi\u00f3n de la Fraternidade est\u00e1 en desarrollo en el Medio Oriente.<\/p>\n<p>Siga el diario de las Misiones de la Fraternidade, <a href=\"\/?cat_ID=105\">aqu\u00ed<\/a><\/p>\n<p>&nbsp;<\/p>\n","protected":false},"excerpt":{"rendered":"<p>La Fraternidade &#8211; Federaci\u00f3n Humanitaria Internacional inici\u00f3 este 26 de enero la Misi\u00f3n Chaco. La misi\u00f3n est\u00e1 compuesta por miembros [&hellip;]<\/p>\n","protected":false},"author":11,"featured_media":11177,"comment_status":"closed","ping_status":"closed","sticky":false,"template":"","format":"standard","meta":{"footnotes":""},"categories":[173,105,120],"tags":[191,97],"class_list":["post-11183","post","type-post","status-publish","format-standard","has-post-thumbnail","hentry","category-noticia","category-noticias-de-las-misiones","category-red-luz-es","tag-mision-chaco","tag-servicio-humanitario-es"],"yoast_head":"<!-- This site is optimized with the Yoast SEO Premium plugin v21.0 (Yoast SEO v21.0) - https:\/\/yoast.com\/wordpress\/plugins\/seo\/ -->\n<title>Grupo de la Fraternidade inicia la Misi\u00f3n Chaco -<\/title>\n<meta name=\"robots\" content=\"index, follow, max-snippet:-1, max-image-preview:large, max-video-preview:-1\" \/>\n<link rel=\"canonical\" href=\"https:\/\/www.fraterinternacional.org\/es\/grupo-de-la-fraternidade-inicia-la-mision-chaco\/\" \/>\n<meta property=\"og:locale\" content=\"es_ES\" \/>\n<meta property=\"og:type\" content=\"article\" \/>\n<meta property=\"og:title\" content=\"Grupo de la Fraternidade inicia la Misi\u00f3n Chaco\" \/>\n<meta property=\"og:description\" content=\"La Fraternidade &#8211; Federaci\u00f3n Humanitaria Internacional inici\u00f3 este 26 de enero la Misi\u00f3n Chaco. La misi\u00f3n est\u00e1 compuesta por miembros [&hellip;]\" \/>\n<meta property=\"og:url\" content=\"https:\/\/www.fraterinternacional.org\/es\/grupo-de-la-fraternidade-inicia-la-mision-chaco\/\" \/>\n<meta property=\"og:site_name\" content=\"Fraternidade - Federa\u00e7\u00e3o Humanit\u00e1ria Internacional\" \/>\n<meta property=\"article:publisher\" content=\"https:\/\/www.facebook.com\/fraternidadehumanitaria\" \/>\n<meta property=\"article:published_time\" content=\"2016-01-26T22:30:00+00:00\" \/>\n<meta property=\"article:modified_time\" content=\"2016-11-01T22:27:04+00:00\" \/>\n<meta property=\"og:image\" content=\"https:\/\/www.fraterinternacional.org\/wp-content\/uploads\/2016\/01\/Missao-Chaco-foto-grupo.jpg\" \/>\n\t<meta property=\"og:image:width\" content=\"700\" \/>\n\t<meta property=\"og:image:height\" content=\"394\" \/>\n\t<meta property=\"og:image:type\" content=\"image\/jpeg\" \/>\n<meta name=\"author\" content=\"Nelson Frater\" \/>\n<meta name=\"twitter:card\" content=\"summary_large_image\" \/>\n<meta name=\"twitter:creator\" content=\"@fraternidadeFHI\" \/>\n<meta name=\"twitter:site\" content=\"@fraternidadeFHI\" \/>\n<meta name=\"twitter:label1\" content=\"Escrito por\" \/>\n\t<meta name=\"twitter:data1\" content=\"Nelson Frater\" \/>\n\t<meta name=\"twitter:label2\" content=\"Tiempo de lectura\" \/>\n\t<meta name=\"twitter:data2\" content=\"1 minuto\" \/>\n<script type=\"application\/ld+json\" class=\"yoast-schema-graph\">{\"@context\":\"https:\/\/schema.org\",\"@graph\":[{\"@type\":\"WebPage\",\"@id\":\"https:\/\/www.fraterinternacional.org\/es\/grupo-de-la-fraternidade-inicia-la-mision-chaco\/\",\"url\":\"https:\/\/www.fraterinternacional.org\/es\/grupo-de-la-fraternidade-inicia-la-mision-chaco\/\",\"name\":\"Grupo de la Fraternidade inicia la Misi\u00f3n Chaco -\",\"isPartOf\":{\"@id\":\"https:\/\/www.fraterinternacional.org\/es\/#website\"},\"datePublished\":\"2016-01-26T22:30:00+00:00\",\"dateModified\":\"2016-11-01T22:27:04+00:00\",\"author\":{\"@id\":\"https:\/\/www.fraterinternacional.org\/es\/#\/schema\/person\/facd24ae5f7e6b4ee1aeec7ad1b960ae\"},\"breadcrumb\":{\"@id\":\"https:\/\/www.fraterinternacional.org\/es\/grupo-de-la-fraternidade-inicia-la-mision-chaco\/#breadcrumb\"},\"inLanguage\":\"es\",\"potentialAction\":[{\"@type\":\"ReadAction\",\"target\":[\"https:\/\/www.fraterinternacional.org\/es\/grupo-de-la-fraternidade-inicia-la-mision-chaco\/\"]}]},{\"@type\":\"BreadcrumbList\",\"@id\":\"https:\/\/www.fraterinternacional.org\/es\/grupo-de-la-fraternidade-inicia-la-mision-chaco\/#breadcrumb\",\"itemListElement\":[{\"@type\":\"ListItem\",\"position\":1,\"name\":\"In\u00edcio\",\"item\":\"https:\/\/www.fraterinternacional.org\/es\/\"},{\"@type\":\"ListItem\",\"position\":2,\"name\":\"Grupo de la Fraternidade inicia la Misi\u00f3n Chaco\"}]},{\"@type\":\"WebSite\",\"@id\":\"https:\/\/www.fraterinternacional.org\/es\/#website\",\"url\":\"https:\/\/www.fraterinternacional.org\/es\/\",\"name\":\"Fraternidade - Federa\u00e7\u00e3o Humanit\u00e1ria Internacional\",\"description\":\"Fraternidade - Federa\u00e7\u00e3o Humanit\u00e1ria Internacional\",\"potentialAction\":[{\"@type\":\"SearchAction\",\"target\":{\"@type\":\"EntryPoint\",\"urlTemplate\":\"https:\/\/www.fraterinternacional.org\/es\/?s={search_term_string}\"},\"query-input\":\"required name=search_term_string\"}],\"inLanguage\":\"es\"},{\"@type\":\"Person\",\"@id\":\"https:\/\/www.fraterinternacional.org\/es\/#\/schema\/person\/facd24ae5f7e6b4ee1aeec7ad1b960ae\",\"name\":\"Nelson Frater\"}]}<\/script>\n<!-- \/ Yoast SEO Premium plugin. -->","yoast_head_json":{"title":"Grupo de la Fraternidade inicia la Misi\u00f3n Chaco -","robots":{"index":"index","follow":"follow","max-snippet":"max-snippet:-1","max-image-preview":"max-image-preview:large","max-video-preview":"max-video-preview:-1"},"canonical":"https:\/\/www.fraterinternacional.org\/es\/grupo-de-la-fraternidade-inicia-la-mision-chaco\/","og_locale":"es_ES","og_type":"article","og_title":"Grupo de la Fraternidade inicia la Misi\u00f3n Chaco","og_description":"La Fraternidade &#8211; Federaci\u00f3n Humanitaria Internacional inici\u00f3 este 26 de enero la Misi\u00f3n Chaco. La misi\u00f3n est\u00e1 compuesta por miembros [&hellip;]","og_url":"https:\/\/www.fraterinternacional.org\/es\/grupo-de-la-fraternidade-inicia-la-mision-chaco\/","og_site_name":"Fraternidade - Federa\u00e7\u00e3o Humanit\u00e1ria Internacional","article_publisher":"https:\/\/www.facebook.com\/fraternidadehumanitaria","article_published_time":"2016-01-26T22:30:00+00:00","article_modified_time":"2016-11-01T22:27:04+00:00","og_image":[{"width":700,"height":394,"url":"https:\/\/www.fraterinternacional.org\/wp-content\/uploads\/2016\/01\/Missao-Chaco-foto-grupo.jpg","type":"image\/jpeg"}],"author":"Nelson Frater","twitter_card":"summary_large_image","twitter_creator":"@fraternidadeFHI","twitter_site":"@fraternidadeFHI","twitter_misc":{"Escrito por":"Nelson Frater","Tiempo de lectura":"1 minuto"},"schema":{"@context":"https:\/\/schema.org","@graph":[{"@type":"WebPage","@id":"https:\/\/www.fraterinternacional.org\/es\/grupo-de-la-fraternidade-inicia-la-mision-chaco\/","url":"https:\/\/www.fraterinternacional.org\/es\/grupo-de-la-fraternidade-inicia-la-mision-chaco\/","name":"Grupo de la Fraternidade inicia la Misi\u00f3n Chaco -","isPartOf":{"@id":"https:\/\/www.fraterinternacional.org\/es\/#website"},"datePublished":"2016-01-26T22:30:00+00:00","dateModified":"2016-11-01T22:27:04+00:00","author":{"@id":"https:\/\/www.fraterinternacional.org\/es\/#\/schema\/person\/facd24ae5f7e6b4ee1aeec7ad1b960ae"},"breadcrumb":{"@id":"https:\/\/www.fraterinternacional.org\/es\/grupo-de-la-fraternidade-inicia-la-mision-chaco\/#breadcrumb"},"inLanguage":"es","potentialAction":[{"@type":"ReadAction","target":["https:\/\/www.fraterinternacional.org\/es\/grupo-de-la-fraternidade-inicia-la-mision-chaco\/"]}]},{"@type":"BreadcrumbList","@id":"https:\/\/www.fraterinternacional.org\/es\/grupo-de-la-fraternidade-inicia-la-mision-chaco\/#breadcrumb","itemListElement":[{"@type":"ListItem","position":1,"name":"In\u00edcio","item":"https:\/\/www.fraterinternacional.org\/es\/"},{"@type":"ListItem","position":2,"name":"Grupo de la Fraternidade inicia la Misi\u00f3n Chaco"}]},{"@type":"WebSite","@id":"https:\/\/www.fraterinternacional.org\/es\/#website","url":"https:\/\/www.fraterinternacional.org\/es\/","name":"Fraternidade - Federa\u00e7\u00e3o Humanit\u00e1ria Internacional","description":"Fraternidade - Federa\u00e7\u00e3o Humanit\u00e1ria Internacional","potentialAction":[{"@type":"SearchAction","target":{"@type":"EntryPoint","urlTemplate":"https:\/\/www.fraterinternacional.org\/es\/?s={search_term_string}"},"query-input":"required name=search_term_string"}],"inLanguage":"es"},{"@type":"Person","@id":"https:\/\/www.fraterinternacional.org\/es\/#\/schema\/person\/facd24ae5f7e6b4ee1aeec7ad1b960ae","name":"Nelson Frater"}]}},"_links":{"self":[{"href":"https:\/\/www.fraterinternacional.org\/es\/wp-json\/wp\/v2\/posts\/11183"}],"collection":[{"href":"https:\/\/www.fraterinternacional.org\/es\/wp-json\/wp\/v2\/posts"}],"about":[{"href":"https:\/\/www.fraterinternacional.org\/es\/wp-json\/wp\/v2\/types\/post"}],"author":[{"embeddable":true,"href":"https:\/\/www.fraterinternacional.org\/es\/wp-json\/wp\/v2\/users\/11"}],"replies":[{"embeddable":true,"href":"https:\/\/www.fraterinternacional.org\/es\/wp-json\/wp\/v2\/comments?post=11183"}],"version-history":[{"count":0,"href":"https:\/\/www.fraterinternacional.org\/es\/wp-json\/wp\/v2\/posts\/11183\/revisions"}],"wp:featuredmedia":[{"embeddable":true,"href":"https:\/\/www.fraterinternacional.org\/es\/wp-json\/wp\/v2\/media\/11177"}],"wp:attachment":[{"href":"https:\/\/www.fraterinternacional.org\/es\/wp-json\/wp\/v2\/media?parent=11183"}],"wp:term":[{"taxonomy":"category","embeddable":true,"href":"https:\/\/www.fraterinternacional.org\/es\/wp-json\/wp\/v2\/categories?post=11183"},{"taxonomy":"post_tag","embeddable":true,"href":"https:\/\/www.fraterinternacional.org\/es\/wp-json\/wp\/v2\/tags?post=11183"}],"curies":[{"name":"wp","href":"https:\/\/api.w.org\/{rel}","templated":true}]}}