{"id":111679,"date":"2020-02-17T16:31:16","date_gmt":"2020-02-17T19:31:16","guid":{"rendered":"https:\/\/www.fraterinternacional.org\/?p=111679"},"modified":"2020-02-17T16:31:16","modified_gmt":"2020-02-17T19:31:16","slug":"integrante-de-las-misiones-humanitarias-reciben-entrenamiento-en-roraima","status":"publish","type":"post","link":"https:\/\/www.fraterinternacional.org\/es\/integrante-de-las-misiones-humanitarias-reciben-entrenamiento-en-roraima\/","title":{"rendered":"Integrante de las Misiones Humanitarias reciben entrenamiento en Roraima"},"content":{"rendered":"<p style=\"text-align: justify;\">Del 30 al 31 de enero, la <strong>Fraternidade-Federaci\u00f3n Humanitaria Internacional (FFHI)<\/strong> en asociaci\u00f3n con el Alto Comisiondo de las Naciones Unidas para los Refugiados (<a href=\"https:\/\/www.acnur.org\/es-mx\"><strong>ACNUR<\/strong><\/a>) realizaron un entrenamiento de los trabajadores humanitarios de diferentes agencias, organizaciones, instituciones y del Ej\u00e9rcito Brasilero que se desempe\u00f1an en la Misi\u00f3n Humanitaria en el estado de Roraima.<\/p>\n<p><a href=\"https:\/\/www.fraterinternacional.org\/wp-content\/uploads\/2020\/02\/treinamento-missao-roraima09.jpg\"><img decoding=\"async\" class=\"size-full wp-image-111567 aligncenter\" src=\"https:\/\/www.fraterinternacional.org\/wp-content\/uploads\/2020\/02\/treinamento-missao-roraima09.jpg\" alt=\"Treinamento Miss\u00e3o Roraima\" width=\"1000\" height=\"667\" srcset=\"https:\/\/www.fraterinternacional.org\/wp-content\/uploads\/2020\/02\/treinamento-missao-roraima09-200x133.jpg 200w, https:\/\/www.fraterinternacional.org\/wp-content\/uploads\/2020\/02\/treinamento-missao-roraima09-300x200.jpg 300w, https:\/\/www.fraterinternacional.org\/wp-content\/uploads\/2020\/02\/treinamento-missao-roraima09-400x267.jpg 400w, https:\/\/www.fraterinternacional.org\/wp-content\/uploads\/2020\/02\/treinamento-missao-roraima09-600x400.jpg 600w, https:\/\/www.fraterinternacional.org\/wp-content\/uploads\/2020\/02\/treinamento-missao-roraima09-800x534.jpg 800w, https:\/\/www.fraterinternacional.org\/wp-content\/uploads\/2020\/02\/treinamento-missao-roraima09.jpg 1000w\" sizes=\"(max-width: 1000px) 100vw, 1000px\" \/><\/a><\/p>\n<p style=\"text-align: justify;\">La\u00a0<b>Fraternidade Humanitaria (FFHI)<\/b>\u00a0y la c\u00e9lula de temas civiles de la Operaci\u00f3n Acogida\u00a0 Explicaron sobre la Distribuci\u00f3n y Log\u00edstica en Emergencias Humanitarias que abordan temas como planificaci\u00f3n en ayuda humanitaria, distribuci\u00f3n y almacenamiento de productos perecedero y no perecedero, gesti\u00f3n de dep\u00f3sitos y donaciones.<\/p>\n<p style=\"text-align: justify;\">En la secuencia, la Agencia Adventista de desarrollo y Recursos Asitenciales (ADRA) present\u00f3 el Programa de Tarjeta Sodexo para adquesici\u00f3n de productos de higiene y, por \u00faltimo, la <strong>Fraternidade Humanitaria(FFHI)<\/strong> junto a <a href=\"https:\/\/www.acnur.org\/es-mx\"><strong>ACNUR<\/strong><\/a> compartieron el tema de la \u00abGesti\u00f3n de Informaci\u00f3n\u00bb, terminando la primera jornada con ejercicios pr\u00e1cticos.<\/p>\n<p style=\"text-align: justify;\">En el segundo d\u00eda ACNUR expuso sobre Gesti\u00f3n y Coordinaci\u00f3n\u00a0 de Refugios Temporarios, y explic\u00f3 sobre las responsabilidades en la Administraci\u00f3n, Coordinaci\u00f3n y Gesti\u00f3n de Refugios. Posteriormente las Fuerzas Armadas expusieron sobre la importancia de la Seguridad en los refugios, tanto para los beneficiarios como para los equipos humanitarios.<\/p>\n<p style=\"text-align: justify;\">De acuerdo con el asistente de campo de <a href=\"https:\/\/www.acnur.org\/es-mx\"><strong>ACNUR<\/strong><\/a>, Joshue Santos, entrenamientos como este <em>\u00abson muy importantes pues nos capacita en asuntos espec\u00edficos respecto a la protecci\u00f3n de los derechos de las personas involucradas con el acceso a servicios en la respuesta humanitaria\u00bb.<\/em><\/p>\n\n\t\t<style type=\"text\/css\">\n\t\t\t#gallery-1 {\n\t\t\t\tmargin: auto;\n\t\t\t}\n\t\t\t#gallery-1 .gallery-item {\n\t\t\t\tfloat: left;\n\t\t\t\tmargin-top: 10px;\n\t\t\t\ttext-align: center;\n\t\t\t\twidth: 25%;\n\t\t\t}\n\t\t\t#gallery-1 img {\n\t\t\t\tborder: 2px solid #cfcfcf;\n\t\t\t}\n\t\t\t#gallery-1 .gallery-caption {\n\t\t\t\tmargin-left: 0;\n\t\t\t}\n\t\t\t\/* see gallery_shortcode() in wp-includes\/media.php *\/\n\t\t<\/style>\n\t\t<div id='gallery-1' class='gallery galleryid-111679 gallery-columns-4 gallery-size-thumbnail'><dl class='gallery-item'>\n\t\t\t<dt class='gallery-icon landscape'>\n\t\t\t\t<a data-rel=\"iLightbox[postimages]\" data-title=\"treinamento-missao-roraima05\" data-caption=\"\" href='https:\/\/www.fraterinternacional.org\/wp-content\/uploads\/2020\/02\/treinamento-missao-roraima05.jpg'><img decoding=\"async\" width=\"150\" height=\"150\" src=\"https:\/\/www.fraterinternacional.org\/wp-content\/uploads\/2020\/02\/treinamento-missao-roraima05-150x150.jpg\" class=\"attachment-thumbnail size-thumbnail\" alt=\"Treinamento Miss\u00e3o Roraima\" \/><\/a>\n\t\t\t<\/dt><\/dl><dl class='gallery-item'>\n\t\t\t<dt class='gallery-icon landscape'>\n\t\t\t\t<a data-rel=\"iLightbox[postimages]\" data-title=\"treinamento-missao-roraima06\" data-caption=\"\" href='https:\/\/www.fraterinternacional.org\/wp-content\/uploads\/2020\/02\/treinamento-missao-roraima06.jpg'><img decoding=\"async\" width=\"150\" height=\"150\" src=\"https:\/\/www.fraterinternacional.org\/wp-content\/uploads\/2020\/02\/treinamento-missao-roraima06-150x150.jpg\" class=\"attachment-thumbnail size-thumbnail\" alt=\"Treinamento Miss\u00e3o Roraima\" \/><\/a>\n\t\t\t<\/dt><\/dl><dl class='gallery-item'>\n\t\t\t<dt class='gallery-icon landscape'>\n\t\t\t\t<a data-rel=\"iLightbox[postimages]\" data-title=\"treinamento-missao-roraima07\" data-caption=\"\" href='https:\/\/www.fraterinternacional.org\/wp-content\/uploads\/2020\/02\/treinamento-missao-roraima07.jpg'><img decoding=\"async\" width=\"150\" height=\"150\" src=\"https:\/\/www.fraterinternacional.org\/wp-content\/uploads\/2020\/02\/treinamento-missao-roraima07-150x150.jpg\" class=\"attachment-thumbnail size-thumbnail\" alt=\"Treinamento Miss\u00e3o Roraima\" \/><\/a>\n\t\t\t<\/dt><\/dl><dl class='gallery-item'>\n\t\t\t<dt class='gallery-icon landscape'>\n\t\t\t\t<a data-rel=\"iLightbox[postimages]\" data-title=\"treinamento-missao-roraima08\" data-caption=\"\" href='https:\/\/www.fraterinternacional.org\/wp-content\/uploads\/2020\/02\/treinamento-missao-roraima08.jpg'><img decoding=\"async\" width=\"150\" height=\"150\" src=\"https:\/\/www.fraterinternacional.org\/wp-content\/uploads\/2020\/02\/treinamento-missao-roraima08-150x150.jpg\" class=\"attachment-thumbnail size-thumbnail\" alt=\"Treinamento Miss\u00e3o Roraima\" \/><\/a>\n\t\t\t<\/dt><\/dl><br style=\"clear: both\" \/>\n\t\t<\/div>\n\n<p style=\"text-align: justify;\"><b>La Fraternidade Humanitaria (FFHI)<\/b>\u00a0proyecto un audiovisual sobre el <a href=\"https:\/\/www.fraterinternacional.org\/es\/grupo-de-artesanas-del-refugio-indigena-pintolandia-realiza-recoleccion-en-un-buritizal-bosque-de-palmeras-buruti\/\"><strong>proceso desarrollado por las artesanas ind\u00edgenas de la etnia Warao<\/strong><\/a>. Este proyecto tiene como objetivo preservar la tradici\u00f3n y la cultura de estos pueblos y garantizar, por medio de la comercializaci\u00f3n de las artesan\u00edas, formas duraderas de generaci\u00f3n de renta.<\/p>\n<p style=\"font-weight: 400; text-align: justify;\">La Organizaci\u00f3n Internacional de Migraciones (OIM),<a href=\"https:\/\/www.acnur.org\/es-mx\"><strong> ACNUR<\/strong><\/a> y Fuerzas Armadas explicaron el Programa de Interiorizaci\u00f3n de Migrantes Venezolanos que tiene como objetivo llevar a los migrantes a los estados de Brasil para su integraci\u00f3n socioecon\u00f3mica .<\/p>\n<p style=\"text-align: justify;\">De acuerdo con el Misionero de la\u00a0<b><strong>Fraternidade Humanitaria (FFHI)<\/strong><\/b>, Imer, los d\u00edas de entrenamiento transcurrieron en un ambiente de uni\u00f3n y fraternidad entre todos los involucrados en la respuesta humanitaria a la situaci\u00f3n venezolana en el territorio brasile\u00f1o.\u00bbEl compromiso de todos los participantes fue continuar con estos encuentros para mejorar la respuesta del Servicio\u00bb, afirm\u00f3.<\/p>\n\n\t\t<style type=\"text\/css\">\n\t\t\t#gallery-2 {\n\t\t\t\tmargin: auto;\n\t\t\t}\n\t\t\t#gallery-2 .gallery-item {\n\t\t\t\tfloat: left;\n\t\t\t\tmargin-top: 10px;\n\t\t\t\ttext-align: center;\n\t\t\t\twidth: 25%;\n\t\t\t}\n\t\t\t#gallery-2 img {\n\t\t\t\tborder: 2px solid #cfcfcf;\n\t\t\t}\n\t\t\t#gallery-2 .gallery-caption {\n\t\t\t\tmargin-left: 0;\n\t\t\t}\n\t\t\t\/* see gallery_shortcode() in wp-includes\/media.php *\/\n\t\t<\/style>\n\t\t<div id='gallery-2' class='gallery galleryid-111679 gallery-columns-4 gallery-size-thumbnail'><dl class='gallery-item'>\n\t\t\t<dt class='gallery-icon landscape'>\n\t\t\t\t<a data-rel=\"iLightbox[postimages]\" data-title=\"treinamento-missao-roraima03\" data-caption=\"\" href='https:\/\/www.fraterinternacional.org\/wp-content\/uploads\/2020\/02\/treinamento-missao-roraima03.jpg'><img decoding=\"async\" width=\"150\" height=\"150\" src=\"https:\/\/www.fraterinternacional.org\/wp-content\/uploads\/2020\/02\/treinamento-missao-roraima03-150x150.jpg\" class=\"attachment-thumbnail size-thumbnail\" alt=\"Treinamento Miss\u00e3o Roraima\" \/><\/a>\n\t\t\t<\/dt><\/dl><dl class='gallery-item'>\n\t\t\t<dt class='gallery-icon landscape'>\n\t\t\t\t<a data-rel=\"iLightbox[postimages]\" data-title=\"treinamento-missao-roraima02\" data-caption=\"\" href='https:\/\/www.fraterinternacional.org\/wp-content\/uploads\/2020\/02\/treinamento-missao-roraima02.jpg'><img decoding=\"async\" width=\"150\" height=\"150\" src=\"https:\/\/www.fraterinternacional.org\/wp-content\/uploads\/2020\/02\/treinamento-missao-roraima02-150x150.jpg\" class=\"attachment-thumbnail size-thumbnail\" alt=\"Treinamento Miss\u00e3o Roraima\" \/><\/a>\n\t\t\t<\/dt><\/dl><dl class='gallery-item'>\n\t\t\t<dt class='gallery-icon landscape'>\n\t\t\t\t<a data-rel=\"iLightbox[postimages]\" data-title=\"treinamento-missao-roraima01\" data-caption=\"\" href='https:\/\/www.fraterinternacional.org\/wp-content\/uploads\/2020\/02\/treinamento-missao-roraima01.jpg'><img decoding=\"async\" width=\"150\" height=\"150\" src=\"https:\/\/www.fraterinternacional.org\/wp-content\/uploads\/2020\/02\/treinamento-missao-roraima01-150x150.jpg\" class=\"attachment-thumbnail size-thumbnail\" alt=\"Treinamento Miss\u00e3o Roraima\" \/><\/a>\n\t\t\t<\/dt><\/dl><dl class='gallery-item'>\n\t\t\t<dt class='gallery-icon landscape'>\n\t\t\t\t<a data-rel=\"iLightbox[postimages]\" data-title=\"treinamento-missao-roraima04\" data-caption=\"\" href='https:\/\/www.fraterinternacional.org\/wp-content\/uploads\/2020\/02\/treinamento-missao-roraima04.jpg'><img decoding=\"async\" width=\"150\" height=\"150\" src=\"https:\/\/www.fraterinternacional.org\/wp-content\/uploads\/2020\/02\/treinamento-missao-roraima04-150x150.jpg\" class=\"attachment-thumbnail size-thumbnail\" alt=\"Treinamento Miss\u00e3o Roraima\" \/><\/a>\n\t\t\t<\/dt><\/dl><br style=\"clear: both\" \/>\n\t\t<\/div>\n\n<ul>\n<li style=\"text-align: justify;\">Tambi\u00e9n participaron de este entrenamiento otras organizaciones como <a href=\"http:\/\/www.avsibrasil.org.br\/\"><strong>Agencia Adventista de Desarrollo y Recursos Asistenciales (ADRA), M\u00e9dicos Sin Fronteras (MSF), Servicio Jesuita a los Refugiados (SJR), Asociaci\u00f3n Voluntarios para el Servicio Internacional- Brasil, C\u00e1ritas, Cruz Roja.<\/strong><\/a><\/li>\n<\/ul>\n","protected":false},"excerpt":{"rendered":"<p>Del 30 al 31 de enero, la Fraternidade-Federaci\u00f3n Humanitaria Internacional (FFHI) en asociaci\u00f3n con el Alto Comisiondo de las Naciones [&hellip;]<\/p>\n","protected":false},"author":4,"featured_media":111569,"comment_status":"closed","ping_status":"closed","sticky":false,"template":"","format":"standard","meta":{"footnotes":""},"categories":[173,105],"tags":[],"class_list":["post-111679","post","type-post","status-publish","format-standard","has-post-thumbnail","hentry","category-noticia","category-noticias-de-las-misiones"],"yoast_head":"<!-- This site is optimized with the Yoast SEO Premium plugin v21.0 (Yoast SEO v21.0) - https:\/\/yoast.com\/wordpress\/plugins\/seo\/ -->\n<title>Integrante de las Misiones Humanitarias reciben entrenamiento en Roraima<\/title>\n<meta name=\"description\" content=\"Del 30 al 31 de enero, la Fraternidade-Federaci\u00f3n Humanitaria Internacional (FFHI) en asociaci\u00f3n con el Alto Comisiondo de las Naciones Unidas para los Refugiados (ACNUR) realizaron un entrenamiento de los trabajadores humanitarios de diferentes agencias, organizaciones, instituciones y del Ej\u00e9rcito Brasilero que se desempe\u00f1an en la Misi\u00f3n Humanitaria en el estado de Roraima.\" \/>\n<meta name=\"robots\" content=\"index, follow, max-snippet:-1, max-image-preview:large, max-video-preview:-1\" \/>\n<link rel=\"canonical\" href=\"https:\/\/www.fraterinternacional.org\/es\/integrante-de-las-misiones-humanitarias-reciben-entrenamiento-en-roraima\/\" \/>\n<meta property=\"og:locale\" content=\"es_ES\" \/>\n<meta property=\"og:type\" content=\"article\" \/>\n<meta property=\"og:title\" content=\"Integrante de las Misiones Humanitarias reciben entrenamiento en Roraima\" \/>\n<meta property=\"og:description\" content=\"Del 30 al 31 de enero, la Fraternidade-Federaci\u00f3n Humanitaria Internacional (FFHI) en asociaci\u00f3n con el Alto Comisiondo de las Naciones Unidas para los Refugiados (ACNUR) realizaron un entrenamiento de los trabajadores humanitarios de diferentes agencias, organizaciones, instituciones y del Ej\u00e9rcito Brasilero que se desempe\u00f1an en la Misi\u00f3n Humanitaria en el estado de Roraima.\" \/>\n<meta property=\"og:url\" content=\"https:\/\/www.fraterinternacional.org\/es\/integrante-de-las-misiones-humanitarias-reciben-entrenamiento-en-roraima\/\" \/>\n<meta property=\"og:site_name\" content=\"Fraternidade - Federa\u00e7\u00e3o Humanit\u00e1ria Internacional\" \/>\n<meta property=\"article:publisher\" content=\"https:\/\/www.facebook.com\/fraternidadehumanitaria\" \/>\n<meta property=\"article:published_time\" content=\"2020-02-17T19:31:16+00:00\" \/>\n<meta property=\"og:image\" content=\"https:\/\/www.fraterinternacional.org\/wp-content\/uploads\/2020\/02\/treinamento-missao-roraima09.jpg\" \/>\n\t<meta property=\"og:image:width\" content=\"1000\" \/>\n\t<meta property=\"og:image:height\" content=\"667\" \/>\n\t<meta property=\"og:image:type\" content=\"image\/jpeg\" \/>\n<meta name=\"author\" content=\"maducato_admin\" \/>\n<meta name=\"twitter:card\" content=\"summary_large_image\" \/>\n<meta name=\"twitter:creator\" content=\"@fraternidadeFHI\" \/>\n<meta name=\"twitter:site\" content=\"@fraternidadeFHI\" \/>\n<meta name=\"twitter:label1\" content=\"Escrito por\" \/>\n\t<meta name=\"twitter:data1\" content=\"maducato_admin\" \/>\n\t<meta name=\"twitter:label2\" content=\"Tiempo de lectura\" \/>\n\t<meta name=\"twitter:data2\" content=\"2 minutos\" \/>\n<script type=\"application\/ld+json\" class=\"yoast-schema-graph\">{\"@context\":\"https:\/\/schema.org\",\"@graph\":[{\"@type\":\"WebPage\",\"@id\":\"https:\/\/www.fraterinternacional.org\/es\/integrante-de-las-misiones-humanitarias-reciben-entrenamiento-en-roraima\/\",\"url\":\"https:\/\/www.fraterinternacional.org\/es\/integrante-de-las-misiones-humanitarias-reciben-entrenamiento-en-roraima\/\",\"name\":\"Integrante de las Misiones Humanitarias reciben entrenamiento en Roraima\",\"isPartOf\":{\"@id\":\"https:\/\/www.fraterinternacional.org\/es\/#website\"},\"datePublished\":\"2020-02-17T19:31:16+00:00\",\"dateModified\":\"2020-02-17T19:31:16+00:00\",\"author\":{\"@id\":\"https:\/\/www.fraterinternacional.org\/es\/#\/schema\/person\/19cb7a5541fd019768c7fe255d72701e\"},\"description\":\"Del 30 al 31 de enero, la Fraternidade-Federaci\u00f3n Humanitaria Internacional (FFHI) en asociaci\u00f3n con el Alto Comisiondo de las Naciones Unidas para los Refugiados (ACNUR) realizaron un entrenamiento de los trabajadores humanitarios de diferentes agencias, organizaciones, instituciones y del Ej\u00e9rcito Brasilero que se desempe\u00f1an en la Misi\u00f3n Humanitaria en el estado de Roraima.\",\"breadcrumb\":{\"@id\":\"https:\/\/www.fraterinternacional.org\/es\/integrante-de-las-misiones-humanitarias-reciben-entrenamiento-en-roraima\/#breadcrumb\"},\"inLanguage\":\"es\",\"potentialAction\":[{\"@type\":\"ReadAction\",\"target\":[\"https:\/\/www.fraterinternacional.org\/es\/integrante-de-las-misiones-humanitarias-reciben-entrenamiento-en-roraima\/\"]}]},{\"@type\":\"BreadcrumbList\",\"@id\":\"https:\/\/www.fraterinternacional.org\/es\/integrante-de-las-misiones-humanitarias-reciben-entrenamiento-en-roraima\/#breadcrumb\",\"itemListElement\":[{\"@type\":\"ListItem\",\"position\":1,\"name\":\"In\u00edcio\",\"item\":\"https:\/\/www.fraterinternacional.org\/es\/\"},{\"@type\":\"ListItem\",\"position\":2,\"name\":\"Integrante de las Misiones Humanitarias reciben entrenamiento en Roraima\"}]},{\"@type\":\"WebSite\",\"@id\":\"https:\/\/www.fraterinternacional.org\/es\/#website\",\"url\":\"https:\/\/www.fraterinternacional.org\/es\/\",\"name\":\"Fraternidade - Federa\u00e7\u00e3o Humanit\u00e1ria Internacional\",\"description\":\"Fraternidade - Federa\u00e7\u00e3o Humanit\u00e1ria Internacional\",\"potentialAction\":[{\"@type\":\"SearchAction\",\"target\":{\"@type\":\"EntryPoint\",\"urlTemplate\":\"https:\/\/www.fraterinternacional.org\/es\/?s={search_term_string}\"},\"query-input\":\"required name=search_term_string\"}],\"inLanguage\":\"es\"},{\"@type\":\"Person\",\"@id\":\"https:\/\/www.fraterinternacional.org\/es\/#\/schema\/person\/19cb7a5541fd019768c7fe255d72701e\",\"name\":\"maducato_admin\"}]}<\/script>\n<!-- \/ Yoast SEO Premium plugin. -->","yoast_head_json":{"title":"Integrante de las Misiones Humanitarias reciben entrenamiento en Roraima","description":"Del 30 al 31 de enero, la Fraternidade-Federaci\u00f3n Humanitaria Internacional (FFHI) en asociaci\u00f3n con el Alto Comisiondo de las Naciones Unidas para los Refugiados (ACNUR) realizaron un entrenamiento de los trabajadores humanitarios de diferentes agencias, organizaciones, instituciones y del Ej\u00e9rcito Brasilero que se desempe\u00f1an en la Misi\u00f3n Humanitaria en el estado de Roraima.","robots":{"index":"index","follow":"follow","max-snippet":"max-snippet:-1","max-image-preview":"max-image-preview:large","max-video-preview":"max-video-preview:-1"},"canonical":"https:\/\/www.fraterinternacional.org\/es\/integrante-de-las-misiones-humanitarias-reciben-entrenamiento-en-roraima\/","og_locale":"es_ES","og_type":"article","og_title":"Integrante de las Misiones Humanitarias reciben entrenamiento en Roraima","og_description":"Del 30 al 31 de enero, la Fraternidade-Federaci\u00f3n Humanitaria Internacional (FFHI) en asociaci\u00f3n con el Alto Comisiondo de las Naciones Unidas para los Refugiados (ACNUR) realizaron un entrenamiento de los trabajadores humanitarios de diferentes agencias, organizaciones, instituciones y del Ej\u00e9rcito Brasilero que se desempe\u00f1an en la Misi\u00f3n Humanitaria en el estado de Roraima.","og_url":"https:\/\/www.fraterinternacional.org\/es\/integrante-de-las-misiones-humanitarias-reciben-entrenamiento-en-roraima\/","og_site_name":"Fraternidade - Federa\u00e7\u00e3o Humanit\u00e1ria Internacional","article_publisher":"https:\/\/www.facebook.com\/fraternidadehumanitaria","article_published_time":"2020-02-17T19:31:16+00:00","og_image":[{"width":1000,"height":667,"url":"https:\/\/www.fraterinternacional.org\/wp-content\/uploads\/2020\/02\/treinamento-missao-roraima09.jpg","type":"image\/jpeg"}],"author":"maducato_admin","twitter_card":"summary_large_image","twitter_creator":"@fraternidadeFHI","twitter_site":"@fraternidadeFHI","twitter_misc":{"Escrito por":"maducato_admin","Tiempo de lectura":"2 minutos"},"schema":{"@context":"https:\/\/schema.org","@graph":[{"@type":"WebPage","@id":"https:\/\/www.fraterinternacional.org\/es\/integrante-de-las-misiones-humanitarias-reciben-entrenamiento-en-roraima\/","url":"https:\/\/www.fraterinternacional.org\/es\/integrante-de-las-misiones-humanitarias-reciben-entrenamiento-en-roraima\/","name":"Integrante de las Misiones Humanitarias reciben entrenamiento en Roraima","isPartOf":{"@id":"https:\/\/www.fraterinternacional.org\/es\/#website"},"datePublished":"2020-02-17T19:31:16+00:00","dateModified":"2020-02-17T19:31:16+00:00","author":{"@id":"https:\/\/www.fraterinternacional.org\/es\/#\/schema\/person\/19cb7a5541fd019768c7fe255d72701e"},"description":"Del 30 al 31 de enero, la Fraternidade-Federaci\u00f3n Humanitaria Internacional (FFHI) en asociaci\u00f3n con el Alto Comisiondo de las Naciones Unidas para los Refugiados (ACNUR) realizaron un entrenamiento de los trabajadores humanitarios de diferentes agencias, organizaciones, instituciones y del Ej\u00e9rcito Brasilero que se desempe\u00f1an en la Misi\u00f3n Humanitaria en el estado de Roraima.","breadcrumb":{"@id":"https:\/\/www.fraterinternacional.org\/es\/integrante-de-las-misiones-humanitarias-reciben-entrenamiento-en-roraima\/#breadcrumb"},"inLanguage":"es","potentialAction":[{"@type":"ReadAction","target":["https:\/\/www.fraterinternacional.org\/es\/integrante-de-las-misiones-humanitarias-reciben-entrenamiento-en-roraima\/"]}]},{"@type":"BreadcrumbList","@id":"https:\/\/www.fraterinternacional.org\/es\/integrante-de-las-misiones-humanitarias-reciben-entrenamiento-en-roraima\/#breadcrumb","itemListElement":[{"@type":"ListItem","position":1,"name":"In\u00edcio","item":"https:\/\/www.fraterinternacional.org\/es\/"},{"@type":"ListItem","position":2,"name":"Integrante de las Misiones Humanitarias reciben entrenamiento en Roraima"}]},{"@type":"WebSite","@id":"https:\/\/www.fraterinternacional.org\/es\/#website","url":"https:\/\/www.fraterinternacional.org\/es\/","name":"Fraternidade - Federa\u00e7\u00e3o Humanit\u00e1ria Internacional","description":"Fraternidade - Federa\u00e7\u00e3o Humanit\u00e1ria Internacional","potentialAction":[{"@type":"SearchAction","target":{"@type":"EntryPoint","urlTemplate":"https:\/\/www.fraterinternacional.org\/es\/?s={search_term_string}"},"query-input":"required name=search_term_string"}],"inLanguage":"es"},{"@type":"Person","@id":"https:\/\/www.fraterinternacional.org\/es\/#\/schema\/person\/19cb7a5541fd019768c7fe255d72701e","name":"maducato_admin"}]}},"_links":{"self":[{"href":"https:\/\/www.fraterinternacional.org\/es\/wp-json\/wp\/v2\/posts\/111679"}],"collection":[{"href":"https:\/\/www.fraterinternacional.org\/es\/wp-json\/wp\/v2\/posts"}],"about":[{"href":"https:\/\/www.fraterinternacional.org\/es\/wp-json\/wp\/v2\/types\/post"}],"author":[{"embeddable":true,"href":"https:\/\/www.fraterinternacional.org\/es\/wp-json\/wp\/v2\/users\/4"}],"replies":[{"embeddable":true,"href":"https:\/\/www.fraterinternacional.org\/es\/wp-json\/wp\/v2\/comments?post=111679"}],"version-history":[{"count":0,"href":"https:\/\/www.fraterinternacional.org\/es\/wp-json\/wp\/v2\/posts\/111679\/revisions"}],"wp:featuredmedia":[{"embeddable":true,"href":"https:\/\/www.fraterinternacional.org\/es\/wp-json\/wp\/v2\/media\/111569"}],"wp:attachment":[{"href":"https:\/\/www.fraterinternacional.org\/es\/wp-json\/wp\/v2\/media?parent=111679"}],"wp:term":[{"taxonomy":"category","embeddable":true,"href":"https:\/\/www.fraterinternacional.org\/es\/wp-json\/wp\/v2\/categories?post=111679"},{"taxonomy":"post_tag","embeddable":true,"href":"https:\/\/www.fraterinternacional.org\/es\/wp-json\/wp\/v2\/tags?post=111679"}],"curies":[{"name":"wp","href":"https:\/\/api.w.org\/{rel}","templated":true}]}}