{"id":111030,"date":"2020-01-20T15:53:05","date_gmt":"2020-01-20T18:53:05","guid":{"rendered":"https:\/\/www.fraterinternacional.org\/?p=111030"},"modified":"2020-01-20T15:53:05","modified_gmt":"2020-01-20T18:53:05","slug":"jovenes-del-refugio-indigena-en-roraima-participan-en-el-torneo-de-futsal-deporte-como-calidad-de-vida","status":"publish","type":"post","link":"https:\/\/www.fraterinternacional.org\/es\/jovenes-del-refugio-indigena-en-roraima-participan-en-el-torneo-de-futsal-deporte-como-calidad-de-vida\/","title":{"rendered":"J\u00f3venes del refugio ind\u00edgena en Roraima participan en el Torneo de Futsal &#8211;  deporte como calidad de vida"},"content":{"rendered":"<p><a href=\"https:\/\/www.fraterinternacional.org\/wp-content\/uploads\/2020\/01\/img-futsal-janokoida04.jpg\"><img decoding=\"async\" class=\"size-full wp-image-110967 aligncenter\" src=\"https:\/\/www.fraterinternacional.org\/wp-content\/uploads\/2020\/01\/img-futsal-janokoida04.jpg\" alt=\"Torneio de Futsal\" width=\"1000\" height=\"750\" srcset=\"https:\/\/www.fraterinternacional.org\/wp-content\/uploads\/2020\/01\/img-futsal-janokoida04-200x150.jpg 200w, https:\/\/www.fraterinternacional.org\/wp-content\/uploads\/2020\/01\/img-futsal-janokoida04-300x225.jpg 300w, https:\/\/www.fraterinternacional.org\/wp-content\/uploads\/2020\/01\/img-futsal-janokoida04-400x300.jpg 400w, https:\/\/www.fraterinternacional.org\/wp-content\/uploads\/2020\/01\/img-futsal-janokoida04-600x450.jpg 600w, https:\/\/www.fraterinternacional.org\/wp-content\/uploads\/2020\/01\/img-futsal-janokoida04-800x600.jpg 800w, https:\/\/www.fraterinternacional.org\/wp-content\/uploads\/2020\/01\/img-futsal-janokoida04.jpg 1000w\" sizes=\"(max-width: 1000px) 100vw, 1000px\" \/><\/a><\/p>\n<p style=\"font-weight: 400; text-align: justify;\">El 29 y 30 de diciembre de 2019, el equipo de f\u00fatbol de sal\u00f3n de los j\u00f3venes venezolanos recibido en el\u00a0<b>albergue para\u00a0 Ind\u00edgenas refugiados Janokoida en Pacaraima<\/b>\u00a0&#8211; RR, fue invitado a participar en el torneo de esa modalidad, recibiendo el trofeo del primer lugar.<\/p>\n<p><a href=\"https:\/\/www.fraterinternacional.org\/wp-content\/uploads\/2020\/01\/img-futsal-janokoida01.jpg\"><img decoding=\"async\" class=\"size-full wp-image-110970 aligncenter\" src=\"https:\/\/www.fraterinternacional.org\/wp-content\/uploads\/2020\/01\/img-futsal-janokoida01.jpg\" alt=\"Torneio de Futsal\" width=\"720\" height=\"1280\" srcset=\"https:\/\/www.fraterinternacional.org\/wp-content\/uploads\/2020\/01\/img-futsal-janokoida01-169x300.jpg 169w, https:\/\/www.fraterinternacional.org\/wp-content\/uploads\/2020\/01\/img-futsal-janokoida01-200x356.jpg 200w, https:\/\/www.fraterinternacional.org\/wp-content\/uploads\/2020\/01\/img-futsal-janokoida01-400x711.jpg 400w, https:\/\/www.fraterinternacional.org\/wp-content\/uploads\/2020\/01\/img-futsal-janokoida01-576x1024.jpg 576w, https:\/\/www.fraterinternacional.org\/wp-content\/uploads\/2020\/01\/img-futsal-janokoida01-600x1067.jpg 600w, https:\/\/www.fraterinternacional.org\/wp-content\/uploads\/2020\/01\/img-futsal-janokoida01.jpg 720w\" sizes=\"(max-width: 720px) 100vw, 720px\" \/><\/a><\/p>\n<p style=\"font-weight: 400; text-align: justify;\">En octubre de 2019, se inici\u00f3 un proyecto piloto con ni\u00f1os y adolescentes de este refugio, donde unos 120 ni\u00f1os y ni\u00f1as de entre 7 y 18 a\u00f1os de promedio ya se est\u00e1n beneficiando del movimiento, que tambi\u00e9n cuenta con entrenamiento de voleibol.<\/p>\n<p style=\"font-weight: 400; text-align: justify;\">En categor\u00edas por grupo de edad y durante la semana, los entrenamientos se llevan a cabo en la cancha cerca del refugio, proporcionada por el\u00a0<strong><a href=\"http:\/\/www.eb.mil.br\/\" target=\"_blank\" rel=\"noopener noreferrer\">Ej\u00e9rcito Brasile\u00f1o<\/a><\/strong>, y para esto, los j\u00f3venes reciben los materiales de apoyo como pelota, uniforme y zapatillas, proporcionados por\u00a0<strong><a href=\"https:\/\/www.acnur.org\/es-es\/\" target=\"_blank\" rel=\"noopener noreferrer\">ACNUR- Alto Comisionado de las Naciones Unidas para Refugiados<\/a>.<\/strong><\/p>\n<p style=\"font-weight: 400; text-align: justify;\">Los torneos son para ni\u00f1os y ni\u00f1as, y en este evento, celebrado en la cancha de la\u00a0<strong><a href=\"https:\/\/www.pacaraima.rr.gov.br\/\" target=\"_blank\" rel=\"noopener noreferrer\">Alcald\u00eda<\/a><\/strong>\u00a0de la ciudad, solo participaron ni\u00f1os entre 13 y 14 a\u00f1os, ya que estaban m\u00e1s preparados t\u00e9cnicamente.<\/p>\n<p><a href=\"https:\/\/www.fraterinternacional.org\/wp-content\/uploads\/2020\/01\/img-futsal-janokoida02.jpg\"><img decoding=\"async\" class=\"size-full wp-image-110973 aligncenter\" src=\"https:\/\/www.fraterinternacional.org\/wp-content\/uploads\/2020\/01\/img-futsal-janokoida02.jpg\" alt=\"Torneio de Futsal\" width=\"1000\" height=\"750\" srcset=\"https:\/\/www.fraterinternacional.org\/wp-content\/uploads\/2020\/01\/img-futsal-janokoida02-200x150.jpg 200w, https:\/\/www.fraterinternacional.org\/wp-content\/uploads\/2020\/01\/img-futsal-janokoida02-300x225.jpg 300w, https:\/\/www.fraterinternacional.org\/wp-content\/uploads\/2020\/01\/img-futsal-janokoida02-400x300.jpg 400w, https:\/\/www.fraterinternacional.org\/wp-content\/uploads\/2020\/01\/img-futsal-janokoida02-600x450.jpg 600w, https:\/\/www.fraterinternacional.org\/wp-content\/uploads\/2020\/01\/img-futsal-janokoida02-800x600.jpg 800w, https:\/\/www.fraterinternacional.org\/wp-content\/uploads\/2020\/01\/img-futsal-janokoida02.jpg 1000w\" sizes=\"(max-width: 1000px) 100vw, 1000px\" \/><\/a><\/p>\n<p style=\"font-weight: 400; text-align: justify;\">La desafiante realidad que estos j\u00f3venes han estado viviendo, fuera de su pa\u00eds de origen, alejados de su cultura, m\u00e1s all\u00e1 de provenir de situaciones de pobreza extrema, a menudo los llevan a desviarse hacia\u00a0 malas elecciones como las drogas, por ejemplo.<\/p>\n<p style=\"font-weight: 400; text-align: justify;\">\u00a0Adem\u00e1s, como en el refugio los ni\u00f1os no pueden salir solos y es un lugar donde hay muchas tareas, el deporte demuestra ser una oportunidad para desarrollar nuevos h\u00e1bitos a trav\u00e9s del ejercicio f\u00edsico, aprendizaje de t\u00e9cnicas, pr\u00e1ctica de disciplina, convivencia pac\u00edfica y constructiva en grupo, que involucra salud, educaci\u00f3n y alegr\u00eda.<\/p>\n<p style=\"font-weight: 400; text-align: justify;\"><em>El trabajo interno es la esencia, una semilla que se planta a trav\u00e9s de estas pr\u00e1cticas, que renuevan los valores y muestran una nueva posibilidad de vida integrando y ampliando mente, cuerpo y esp\u00edritu a trav\u00e9s del deporte<\/em>\u00a0-explica Nicol\u00e1s, misionero de la\u00a0<strong><a href=\"https:\/\/www.fraterinternacional.org\/es\/quienes-somos\/\">Fraternidade &#8211; Federaci\u00f3n Humanitaria Internacional<\/a><\/strong>, que realiza este trabajo.<\/p>\n<p style=\"font-weight: 400; text-align: justify;\">\u00a0Alejandro, un misionero presente en la<a href=\"https:\/\/www.fraterinternacional.org\/es\/mision-roraima\/\">\u00a0<\/a>\u00a0<strong><a href=\"http:\/\/xn--misin%20roraima-yrb\/\">Misi\u00f3n Roraima<\/a><\/strong>, comparte su visi\u00f3n del proceso y se\u00f1ala que:<em>\u00a0Lo m\u00e1s importante es el compa\u00f1erismo, el trabajo en unidad, la responsabilidad&#8230; y todo eso se va afianzando en el ni\u00f1s y en el joven para que, al crecer, sean personas de bien\u00bb<\/em>.<\/p>\n<p><a href=\"https:\/\/www.fraterinternacional.org\/wp-content\/uploads\/2020\/01\/img-futsal-janokoida03.jpg\"><img decoding=\"async\" class=\"size-full wp-image-110976 aligncenter\" src=\"https:\/\/www.fraterinternacional.org\/wp-content\/uploads\/2020\/01\/img-futsal-janokoida03.jpg\" alt=\"Torneio de Futsal\" width=\"750\" height=\"1000\" srcset=\"https:\/\/www.fraterinternacional.org\/wp-content\/uploads\/2020\/01\/img-futsal-janokoida03-200x267.jpg 200w, https:\/\/www.fraterinternacional.org\/wp-content\/uploads\/2020\/01\/img-futsal-janokoida03-225x300.jpg 225w, https:\/\/www.fraterinternacional.org\/wp-content\/uploads\/2020\/01\/img-futsal-janokoida03-400x533.jpg 400w, https:\/\/www.fraterinternacional.org\/wp-content\/uploads\/2020\/01\/img-futsal-janokoida03-600x800.jpg 600w, https:\/\/www.fraterinternacional.org\/wp-content\/uploads\/2020\/01\/img-futsal-janokoida03.jpg 750w\" sizes=\"(max-width: 750px) 100vw, 750px\" \/><\/a><\/p>\n<p style=\"font-weight: 400; text-align: justify;\">La intenci\u00f3n para 2020 es expandir estas actividades deportivas en el refugio, lo que\u00a0<b><strong>depende de la adhesi\u00f3n de al menos cuatro voluntarios m\u00e1s<\/strong><\/b>\u00a0para ayudar en la realizaci\u00f3n del trabajo, lo cual ha sido un desaf\u00edo, porque ya tienen una gran cantidad de j\u00f3venes, y solo cuentan con el misionero Nicol\u00e1s como responsable actualmente.<\/p>\n<p style=\"font-weight: 400; text-align: justify;\"><em>Para nosotros es un aprendizaje muy fuerte, donde aplicamos ense\u00f1anzas como el amor, la paciencia, la compasi\u00f3n, la calma y la serenidad, lo que va generando confianza, un v\u00ednculo muy positivo, demostrando que todos somos iguales y somos una gran familia<\/em>, concluye Nicol\u00e1s, agradecido<\/p>\n<p style=\"font-weight: 400; text-align: justify;\">M\u00e1s que el primer lugar, el trofeo ganado simboliza una gran victoria del amor, una prueba de que la semilla plantada vive y puede seguir adelante.<\/p>\n<p style=\"font-weight: 400; text-align: justify;\">\u00bfSientes el llamado a participar? \u00bfRecuerdas a alguien que podr\u00eda estar interesado en unirse a este movimiento?<\/p>\n<p style=\"font-weight: 400; text-align: justify;\"><strong><a href=\"https:\/\/www.fraterinternacional.org\/es\/mision-roraima\/\">Se parte, comparte y contribuye haciendo clic aqu\u00ed!<\/a><\/strong><\/p>\n","protected":false},"excerpt":{"rendered":"<p>El 29 y 30 de diciembre de 2019, el equipo de f\u00fatbol de sal\u00f3n de los j\u00f3venes venezolanos recibido en [&hellip;]<\/p>\n","protected":false},"author":4,"featured_media":110969,"comment_status":"closed","ping_status":"closed","sticky":false,"template":"","format":"standard","meta":{"footnotes":""},"categories":[173,105],"tags":[],"class_list":["post-111030","post","type-post","status-publish","format-standard","has-post-thumbnail","hentry","category-noticia","category-noticias-de-las-misiones"],"yoast_head":"<!-- This site is optimized with the Yoast SEO Premium plugin v21.0 (Yoast SEO v21.0) - https:\/\/yoast.com\/wordpress\/plugins\/seo\/ -->\n<title>J\u00f3venes del refugio ind\u00edgena en Roraima participan en el Torneo de Futsal - deporte como calidad de vida<\/title>\n<meta name=\"description\" content=\"El 29 y 30 de diciembre de 2019, el equipo de f\u00fatbol de sal\u00f3n de los j\u00f3venes venezolanos recibido en el albergue para Ind\u00edgenas refugiados Janokoida en Pacaraima - RR, fue invitado a participar en el torneo de esa modalidad, recibiendo el trofeo del primer lugar.\" \/>\n<meta name=\"robots\" content=\"index, follow, max-snippet:-1, max-image-preview:large, max-video-preview:-1\" \/>\n<link rel=\"canonical\" href=\"https:\/\/www.fraterinternacional.org\/es\/jovenes-del-refugio-indigena-en-roraima-participan-en-el-torneo-de-futsal-deporte-como-calidad-de-vida\/\" \/>\n<meta property=\"og:locale\" content=\"es_ES\" \/>\n<meta property=\"og:type\" content=\"article\" \/>\n<meta property=\"og:title\" content=\"J\u00f3venes del refugio ind\u00edgena en Roraima participan en el Torneo de Futsal - deporte como calidad de vida\" \/>\n<meta property=\"og:description\" content=\"El 29 y 30 de diciembre de 2019, el equipo de f\u00fatbol de sal\u00f3n de los j\u00f3venes venezolanos recibido en el albergue para Ind\u00edgenas refugiados Janokoida en Pacaraima - RR, fue invitado a participar en el torneo de esa modalidad, recibiendo el trofeo del primer lugar.\" \/>\n<meta property=\"og:url\" content=\"https:\/\/www.fraterinternacional.org\/es\/jovenes-del-refugio-indigena-en-roraima-participan-en-el-torneo-de-futsal-deporte-como-calidad-de-vida\/\" \/>\n<meta property=\"og:site_name\" content=\"Fraternidade - Federa\u00e7\u00e3o Humanit\u00e1ria Internacional\" \/>\n<meta property=\"article:publisher\" content=\"https:\/\/www.facebook.com\/fraternidadehumanitaria\" \/>\n<meta property=\"article:published_time\" content=\"2020-01-20T18:53:05+00:00\" \/>\n<meta property=\"og:image\" content=\"https:\/\/www.fraterinternacional.org\/wp-content\/uploads\/2020\/01\/img-futsal-janokoida04.jpg\" \/>\n\t<meta property=\"og:image:width\" content=\"1000\" \/>\n\t<meta property=\"og:image:height\" content=\"750\" \/>\n\t<meta property=\"og:image:type\" content=\"image\/jpeg\" \/>\n<meta name=\"author\" content=\"maducato_admin\" \/>\n<meta name=\"twitter:card\" content=\"summary_large_image\" \/>\n<meta name=\"twitter:creator\" content=\"@fraternidadeFHI\" \/>\n<meta name=\"twitter:site\" content=\"@fraternidadeFHI\" \/>\n<meta name=\"twitter:label1\" content=\"Escrito por\" \/>\n\t<meta name=\"twitter:data1\" content=\"maducato_admin\" \/>\n\t<meta name=\"twitter:label2\" content=\"Tiempo de lectura\" \/>\n\t<meta name=\"twitter:data2\" content=\"3 minutos\" \/>\n<script type=\"application\/ld+json\" class=\"yoast-schema-graph\">{\"@context\":\"https:\/\/schema.org\",\"@graph\":[{\"@type\":\"WebPage\",\"@id\":\"https:\/\/www.fraterinternacional.org\/es\/jovenes-del-refugio-indigena-en-roraima-participan-en-el-torneo-de-futsal-deporte-como-calidad-de-vida\/\",\"url\":\"https:\/\/www.fraterinternacional.org\/es\/jovenes-del-refugio-indigena-en-roraima-participan-en-el-torneo-de-futsal-deporte-como-calidad-de-vida\/\",\"name\":\"J\u00f3venes del refugio ind\u00edgena en Roraima participan en el Torneo de Futsal - deporte como calidad de vida\",\"isPartOf\":{\"@id\":\"https:\/\/www.fraterinternacional.org\/es\/#website\"},\"datePublished\":\"2020-01-20T18:53:05+00:00\",\"dateModified\":\"2020-01-20T18:53:05+00:00\",\"author\":{\"@id\":\"https:\/\/www.fraterinternacional.org\/es\/#\/schema\/person\/19cb7a5541fd019768c7fe255d72701e\"},\"description\":\"El 29 y 30 de diciembre de 2019, el equipo de f\u00fatbol de sal\u00f3n de los j\u00f3venes venezolanos recibido en el albergue para Ind\u00edgenas refugiados Janokoida en Pacaraima - RR, fue invitado a participar en el torneo de esa modalidad, recibiendo el trofeo del primer lugar.\",\"breadcrumb\":{\"@id\":\"https:\/\/www.fraterinternacional.org\/es\/jovenes-del-refugio-indigena-en-roraima-participan-en-el-torneo-de-futsal-deporte-como-calidad-de-vida\/#breadcrumb\"},\"inLanguage\":\"es\",\"potentialAction\":[{\"@type\":\"ReadAction\",\"target\":[\"https:\/\/www.fraterinternacional.org\/es\/jovenes-del-refugio-indigena-en-roraima-participan-en-el-torneo-de-futsal-deporte-como-calidad-de-vida\/\"]}]},{\"@type\":\"BreadcrumbList\",\"@id\":\"https:\/\/www.fraterinternacional.org\/es\/jovenes-del-refugio-indigena-en-roraima-participan-en-el-torneo-de-futsal-deporte-como-calidad-de-vida\/#breadcrumb\",\"itemListElement\":[{\"@type\":\"ListItem\",\"position\":1,\"name\":\"In\u00edcio\",\"item\":\"https:\/\/www.fraterinternacional.org\/es\/\"},{\"@type\":\"ListItem\",\"position\":2,\"name\":\"J\u00f3venes del refugio ind\u00edgena en Roraima participan en el Torneo de Futsal &#8211; deporte como calidad de vida\"}]},{\"@type\":\"WebSite\",\"@id\":\"https:\/\/www.fraterinternacional.org\/es\/#website\",\"url\":\"https:\/\/www.fraterinternacional.org\/es\/\",\"name\":\"Fraternidade - Federa\u00e7\u00e3o Humanit\u00e1ria Internacional\",\"description\":\"Fraternidade - Federa\u00e7\u00e3o Humanit\u00e1ria Internacional\",\"potentialAction\":[{\"@type\":\"SearchAction\",\"target\":{\"@type\":\"EntryPoint\",\"urlTemplate\":\"https:\/\/www.fraterinternacional.org\/es\/?s={search_term_string}\"},\"query-input\":\"required name=search_term_string\"}],\"inLanguage\":\"es\"},{\"@type\":\"Person\",\"@id\":\"https:\/\/www.fraterinternacional.org\/es\/#\/schema\/person\/19cb7a5541fd019768c7fe255d72701e\",\"name\":\"maducato_admin\"}]}<\/script>\n<!-- \/ Yoast SEO Premium plugin. -->","yoast_head_json":{"title":"J\u00f3venes del refugio ind\u00edgena en Roraima participan en el Torneo de Futsal - deporte como calidad de vida","description":"El 29 y 30 de diciembre de 2019, el equipo de f\u00fatbol de sal\u00f3n de los j\u00f3venes venezolanos recibido en el albergue para Ind\u00edgenas refugiados Janokoida en Pacaraima - RR, fue invitado a participar en el torneo de esa modalidad, recibiendo el trofeo del primer lugar.","robots":{"index":"index","follow":"follow","max-snippet":"max-snippet:-1","max-image-preview":"max-image-preview:large","max-video-preview":"max-video-preview:-1"},"canonical":"https:\/\/www.fraterinternacional.org\/es\/jovenes-del-refugio-indigena-en-roraima-participan-en-el-torneo-de-futsal-deporte-como-calidad-de-vida\/","og_locale":"es_ES","og_type":"article","og_title":"J\u00f3venes del refugio ind\u00edgena en Roraima participan en el Torneo de Futsal - deporte como calidad de vida","og_description":"El 29 y 30 de diciembre de 2019, el equipo de f\u00fatbol de sal\u00f3n de los j\u00f3venes venezolanos recibido en el albergue para Ind\u00edgenas refugiados Janokoida en Pacaraima - RR, fue invitado a participar en el torneo de esa modalidad, recibiendo el trofeo del primer lugar.","og_url":"https:\/\/www.fraterinternacional.org\/es\/jovenes-del-refugio-indigena-en-roraima-participan-en-el-torneo-de-futsal-deporte-como-calidad-de-vida\/","og_site_name":"Fraternidade - Federa\u00e7\u00e3o Humanit\u00e1ria Internacional","article_publisher":"https:\/\/www.facebook.com\/fraternidadehumanitaria","article_published_time":"2020-01-20T18:53:05+00:00","og_image":[{"width":1000,"height":750,"url":"https:\/\/www.fraterinternacional.org\/wp-content\/uploads\/2020\/01\/img-futsal-janokoida04.jpg","type":"image\/jpeg"}],"author":"maducato_admin","twitter_card":"summary_large_image","twitter_creator":"@fraternidadeFHI","twitter_site":"@fraternidadeFHI","twitter_misc":{"Escrito por":"maducato_admin","Tiempo de lectura":"3 minutos"},"schema":{"@context":"https:\/\/schema.org","@graph":[{"@type":"WebPage","@id":"https:\/\/www.fraterinternacional.org\/es\/jovenes-del-refugio-indigena-en-roraima-participan-en-el-torneo-de-futsal-deporte-como-calidad-de-vida\/","url":"https:\/\/www.fraterinternacional.org\/es\/jovenes-del-refugio-indigena-en-roraima-participan-en-el-torneo-de-futsal-deporte-como-calidad-de-vida\/","name":"J\u00f3venes del refugio ind\u00edgena en Roraima participan en el Torneo de Futsal - deporte como calidad de vida","isPartOf":{"@id":"https:\/\/www.fraterinternacional.org\/es\/#website"},"datePublished":"2020-01-20T18:53:05+00:00","dateModified":"2020-01-20T18:53:05+00:00","author":{"@id":"https:\/\/www.fraterinternacional.org\/es\/#\/schema\/person\/19cb7a5541fd019768c7fe255d72701e"},"description":"El 29 y 30 de diciembre de 2019, el equipo de f\u00fatbol de sal\u00f3n de los j\u00f3venes venezolanos recibido en el albergue para Ind\u00edgenas refugiados Janokoida en Pacaraima - RR, fue invitado a participar en el torneo de esa modalidad, recibiendo el trofeo del primer lugar.","breadcrumb":{"@id":"https:\/\/www.fraterinternacional.org\/es\/jovenes-del-refugio-indigena-en-roraima-participan-en-el-torneo-de-futsal-deporte-como-calidad-de-vida\/#breadcrumb"},"inLanguage":"es","potentialAction":[{"@type":"ReadAction","target":["https:\/\/www.fraterinternacional.org\/es\/jovenes-del-refugio-indigena-en-roraima-participan-en-el-torneo-de-futsal-deporte-como-calidad-de-vida\/"]}]},{"@type":"BreadcrumbList","@id":"https:\/\/www.fraterinternacional.org\/es\/jovenes-del-refugio-indigena-en-roraima-participan-en-el-torneo-de-futsal-deporte-como-calidad-de-vida\/#breadcrumb","itemListElement":[{"@type":"ListItem","position":1,"name":"In\u00edcio","item":"https:\/\/www.fraterinternacional.org\/es\/"},{"@type":"ListItem","position":2,"name":"J\u00f3venes del refugio ind\u00edgena en Roraima participan en el Torneo de Futsal &#8211; deporte como calidad de vida"}]},{"@type":"WebSite","@id":"https:\/\/www.fraterinternacional.org\/es\/#website","url":"https:\/\/www.fraterinternacional.org\/es\/","name":"Fraternidade - Federa\u00e7\u00e3o Humanit\u00e1ria Internacional","description":"Fraternidade - Federa\u00e7\u00e3o Humanit\u00e1ria Internacional","potentialAction":[{"@type":"SearchAction","target":{"@type":"EntryPoint","urlTemplate":"https:\/\/www.fraterinternacional.org\/es\/?s={search_term_string}"},"query-input":"required name=search_term_string"}],"inLanguage":"es"},{"@type":"Person","@id":"https:\/\/www.fraterinternacional.org\/es\/#\/schema\/person\/19cb7a5541fd019768c7fe255d72701e","name":"maducato_admin"}]}},"_links":{"self":[{"href":"https:\/\/www.fraterinternacional.org\/es\/wp-json\/wp\/v2\/posts\/111030"}],"collection":[{"href":"https:\/\/www.fraterinternacional.org\/es\/wp-json\/wp\/v2\/posts"}],"about":[{"href":"https:\/\/www.fraterinternacional.org\/es\/wp-json\/wp\/v2\/types\/post"}],"author":[{"embeddable":true,"href":"https:\/\/www.fraterinternacional.org\/es\/wp-json\/wp\/v2\/users\/4"}],"replies":[{"embeddable":true,"href":"https:\/\/www.fraterinternacional.org\/es\/wp-json\/wp\/v2\/comments?post=111030"}],"version-history":[{"count":0,"href":"https:\/\/www.fraterinternacional.org\/es\/wp-json\/wp\/v2\/posts\/111030\/revisions"}],"wp:featuredmedia":[{"embeddable":true,"href":"https:\/\/www.fraterinternacional.org\/es\/wp-json\/wp\/v2\/media\/110969"}],"wp:attachment":[{"href":"https:\/\/www.fraterinternacional.org\/es\/wp-json\/wp\/v2\/media?parent=111030"}],"wp:term":[{"taxonomy":"category","embeddable":true,"href":"https:\/\/www.fraterinternacional.org\/es\/wp-json\/wp\/v2\/categories?post=111030"},{"taxonomy":"post_tag","embeddable":true,"href":"https:\/\/www.fraterinternacional.org\/es\/wp-json\/wp\/v2\/tags?post=111030"}],"curies":[{"name":"wp","href":"https:\/\/api.w.org\/{rel}","templated":true}]}}