{"id":111026,"date":"2020-01-20T15:46:41","date_gmt":"2020-01-20T18:46:41","guid":{"rendered":"https:\/\/www.fraterinternacional.org\/?p=111026"},"modified":"2020-01-20T15:47:10","modified_gmt":"2020-01-20T18:47:10","slug":"visita-del-jefe-mayor-del-ejercito-los-refugios-de-pacaraima","status":"publish","type":"post","link":"https:\/\/www.fraterinternacional.org\/es\/visita-del-jefe-mayor-del-ejercito-los-refugios-de-pacaraima\/","title":{"rendered":"Visita del Jefe Mayor del Ej\u00e9rcito a los refugios de Pacaraima"},"content":{"rendered":"<p style=\"text-align: justify;\"><a href=\"https:\/\/www.fraterinternacional.org\/wp-content\/uploads\/2020\/01\/img-visita-chefe-estado-maior-pararaima01.jpg\"><img decoding=\"async\" class=\"size-full wp-image-110941 aligncenter\" src=\"https:\/\/www.fraterinternacional.org\/wp-content\/uploads\/2020\/01\/img-visita-chefe-estado-maior-pararaima01.jpg\" alt=\"Visita do Chefe Maior do Ex\u00e9rcito aos abrigos de Pacaraima\" width=\"1000\" height=\"750\" srcset=\"https:\/\/www.fraterinternacional.org\/wp-content\/uploads\/2020\/01\/img-visita-chefe-estado-maior-pararaima01-200x150.jpg 200w, https:\/\/www.fraterinternacional.org\/wp-content\/uploads\/2020\/01\/img-visita-chefe-estado-maior-pararaima01-300x225.jpg 300w, https:\/\/www.fraterinternacional.org\/wp-content\/uploads\/2020\/01\/img-visita-chefe-estado-maior-pararaima01-400x300.jpg 400w, https:\/\/www.fraterinternacional.org\/wp-content\/uploads\/2020\/01\/img-visita-chefe-estado-maior-pararaima01-600x450.jpg 600w, https:\/\/www.fraterinternacional.org\/wp-content\/uploads\/2020\/01\/img-visita-chefe-estado-maior-pararaima01-800x600.jpg 800w, https:\/\/www.fraterinternacional.org\/wp-content\/uploads\/2020\/01\/img-visita-chefe-estado-maior-pararaima01.jpg 1000w\" sizes=\"(max-width: 1000px) 100vw, 1000px\" \/><\/a><\/p>\n<p style=\"text-align: justify;\">El 9 de enero, la<a href=\"http:\/\/www.eb.mil.br\/operacao-acolhida\" target=\"_blank\" rel=\"noopener noreferrer\">\u00a0<strong>Operaci\u00f3n Acogida<\/strong><\/a>, una respuesta humanitaria realizada por los Ministerios de\u00a0<strong><a href=\"https:\/\/www.defesa.gov.br\/\" target=\"_blank\" rel=\"noopener noreferrer\">Defensa<\/a>\u00a0<\/strong>y de la<a href=\"https:\/\/cidadania.gov.br\/\" target=\"_blank\" rel=\"noopener noreferrer\">\u00a0<strong>Ciudadan\u00eda<\/strong><\/a><strong>\u00a0<\/strong>en conjunto con otras agencias, recibi\u00f3 la visita del Jefe de Estado Mayor del Ej\u00e9rcito, General Braga Neto. El motivo de la visita era reconocer personalmente la estructura, el funcionamiento de los refugios y el trabajo que realizan all\u00ed las <strong><a href=\"https:\/\/www.defesa.gov.br\/forcas-armadas\" target=\"_blank\" rel=\"noopener noreferrer\">Fuerzas Armadas<\/a>.<\/strong><\/p>\n<p style=\"font-weight: 400; text-align: justify;\">Una delegaci\u00f3n vol\u00f3 en helic\u00f3ptero desde Boa Vista a Pacaraima, y \u200b\u200brepresentantes de la\u00a0<a href=\"https:\/\/www.fraterinternacional.org\/es\/quienes-somos\/\"><strong>Fraternidade &#8211; Federaci\u00f3n Humanitaria Internacional<\/strong>\u00a0<\/a>acompa\u00f1aron la visita a los refugios de Pacaraima, incluido el refugio ind\u00edgena conocido como Janokoida, que est\u00e1 bajo su administraci\u00f3n.<\/p>\n<p style=\"font-weight: 400; text-align: justify;\">En el lugar, el general Braga Neto fue recibido por los refugiados ind\u00edgenas, quienes le mostraron las artesan\u00edas que elaboran como medio de vida.<\/p>\n<p style=\"font-weight: 400; text-align: justify;\">A su regreso a Boa Vista, Fray Luciano, Gestor General de la <strong>Fraternidade Humanitaria FFHI<\/strong> present\u00f3 al General Braga Neto<a href=\"https:\/\/www.irdin.org.br\/site\/produtos\/fraternidade-missoes-humanitarias-internacionais\/\">\u00a0<strong>el libro de la escritora Ana Regina Nogueira<\/strong><\/a>, que relata sobre las misiones nacionales e internacionales que la Fraternidade Humanitaria realiz\u00f3 desde 2011.<\/p>\n\n\t\t<style type=\"text\/css\">\n\t\t\t#gallery-1 {\n\t\t\t\tmargin: auto;\n\t\t\t}\n\t\t\t#gallery-1 .gallery-item {\n\t\t\t\tfloat: left;\n\t\t\t\tmargin-top: 10px;\n\t\t\t\ttext-align: center;\n\t\t\t\twidth: 20%;\n\t\t\t}\n\t\t\t#gallery-1 img {\n\t\t\t\tborder: 2px solid #cfcfcf;\n\t\t\t}\n\t\t\t#gallery-1 .gallery-caption {\n\t\t\t\tmargin-left: 0;\n\t\t\t}\n\t\t\t\/* see gallery_shortcode() in wp-includes\/media.php *\/\n\t\t<\/style>\n\t\t<div id='gallery-1' class='gallery galleryid-111026 gallery-columns-5 gallery-size-thumbnail'><dl class='gallery-item'>\n\t\t\t<dt class='gallery-icon landscape'>\n\t\t\t\t<a data-rel=\"iLightbox[postimages]\" data-title=\"img-visita-chefe-estado-maior-pararaima03\" data-caption=\"\" href='https:\/\/www.fraterinternacional.org\/wp-content\/uploads\/2020\/01\/img-visita-chefe-estado-maior-pararaima03.jpg'><img decoding=\"async\" width=\"150\" height=\"150\" src=\"https:\/\/www.fraterinternacional.org\/wp-content\/uploads\/2020\/01\/img-visita-chefe-estado-maior-pararaima03-150x150.jpg\" class=\"attachment-thumbnail size-thumbnail\" alt=\"Visita do Chefe Maior do Ex\u00e9rcito aos abrigos de Pacaraima\" \/><\/a>\n\t\t\t<\/dt><\/dl><dl class='gallery-item'>\n\t\t\t<dt class='gallery-icon landscape'>\n\t\t\t\t<a data-rel=\"iLightbox[postimages]\" data-title=\"img-visita-chefe-estado-maior-pararaima02\" data-caption=\"\" href='https:\/\/www.fraterinternacional.org\/wp-content\/uploads\/2020\/01\/img-visita-chefe-estado-maior-pararaima02.jpg'><img decoding=\"async\" width=\"150\" height=\"150\" src=\"https:\/\/www.fraterinternacional.org\/wp-content\/uploads\/2020\/01\/img-visita-chefe-estado-maior-pararaima02-150x150.jpg\" class=\"attachment-thumbnail size-thumbnail\" alt=\"Visita do Chefe Maior do Ex\u00e9rcito aos abrigos de Pacaraima\" \/><\/a>\n\t\t\t<\/dt><\/dl><dl class='gallery-item'>\n\t\t\t<dt class='gallery-icon landscape'>\n\t\t\t\t<a data-rel=\"iLightbox[postimages]\" data-title=\"img-visita-chefe-estado-maior-pararaima05\" data-caption=\"\" href='https:\/\/www.fraterinternacional.org\/wp-content\/uploads\/2020\/01\/img-visita-chefe-estado-maior-pararaima05.jpg'><img decoding=\"async\" width=\"150\" height=\"150\" src=\"https:\/\/www.fraterinternacional.org\/wp-content\/uploads\/2020\/01\/img-visita-chefe-estado-maior-pararaima05-150x150.jpg\" class=\"attachment-thumbnail size-thumbnail\" alt=\"Visita do Chefe Maior do Ex\u00e9rcito aos abrigos de Pacaraima\" \/><\/a>\n\t\t\t<\/dt><\/dl><dl class='gallery-item'>\n\t\t\t<dt class='gallery-icon landscape'>\n\t\t\t\t<a data-rel=\"iLightbox[postimages]\" data-title=\"img-visita-chefe-estado-maior-pararaima04\" data-caption=\"\" href='https:\/\/www.fraterinternacional.org\/wp-content\/uploads\/2020\/01\/img-visita-chefe-estado-maior-pararaima04.jpg'><img decoding=\"async\" width=\"150\" height=\"150\" src=\"https:\/\/www.fraterinternacional.org\/wp-content\/uploads\/2020\/01\/img-visita-chefe-estado-maior-pararaima04-150x150.jpg\" class=\"attachment-thumbnail size-thumbnail\" alt=\"Visita do Chefe Maior do Ex\u00e9rcito aos abrigos de Pacaraima\" \/><\/a>\n\t\t\t<\/dt><\/dl><dl class='gallery-item'>\n\t\t\t<dt class='gallery-icon landscape'>\n\t\t\t\t<a data-rel=\"iLightbox[postimages]\" data-title=\"img-visita-chefe-estado-maior-pararaima06\" data-caption=\"\" href='https:\/\/www.fraterinternacional.org\/wp-content\/uploads\/2020\/01\/img-visita-chefe-estado-maior-pararaima06.jpg'><img decoding=\"async\" width=\"150\" height=\"150\" src=\"https:\/\/www.fraterinternacional.org\/wp-content\/uploads\/2020\/01\/img-visita-chefe-estado-maior-pararaima06-150x150.jpg\" class=\"attachment-thumbnail size-thumbnail\" alt=\"Visita do Chefe Maior do Ex\u00e9rcito aos abrigos de Pacaraima\" \/><\/a>\n\t\t\t<\/dt><\/dl><br style=\"clear: both\" \/>\n\t\t<\/div>\n\n<p style=\"font-weight: 400; text-align: justify;\">La\u00a0<strong><a href=\"https:\/\/www.fraterinternacional.org\/es\/quienes-somos\/\">Fraternidade Humanitaria de la FFHI<\/a><\/strong>\u00a0est\u00e1 asociada\u00a0 a ACNUR, \u00a0Alto Comisionado de las Naciones Unidas para Refugiados y forma parte de la Operaci\u00f3n Acogida como instituci\u00f3n administradora de cinco albergues para refugiados en el estado de Roraima. Tambi\u00e9n administra un alojamiento temporal en Manaos, donde son derivados los inmigrantes para la siguiente etapa, en la que se dirigen a reconstruir sus vidas en distintas ciudades del pa\u00eds.<\/p>\n<p style=\"font-weight: 400; text-align: justify;\">Conozca la<a href=\"https:\/\/www.fraterinternacional.org\/es\/mision-roraima\/\">\u00a0<strong>Misi\u00f3n Roraima<\/strong><\/a>\u00a0y\u00a0<strong><a href=\"https:\/\/www.fraterinternacional.org\/es\/donaciones\/\">sepa c\u00f3mo contribuir!<\/a><\/strong><\/p>\n","protected":false},"excerpt":{"rendered":"<p>El 9 de enero, la\u00a0Operaci\u00f3n Acogida, una respuesta humanitaria realizada por los Ministerios de\u00a0Defensa\u00a0y de la\u00a0Ciudadan\u00eda\u00a0en conjunto con otras agencias, [&hellip;]<\/p>\n","protected":false},"author":4,"featured_media":110943,"comment_status":"closed","ping_status":"closed","sticky":false,"template":"","format":"standard","meta":{"footnotes":""},"categories":[173,105],"tags":[],"class_list":["post-111026","post","type-post","status-publish","format-standard","has-post-thumbnail","hentry","category-noticia","category-noticias-de-las-misiones"],"yoast_head":"<!-- This site is optimized with the Yoast SEO Premium plugin v21.0 (Yoast SEO v21.0) - https:\/\/yoast.com\/wordpress\/plugins\/seo\/ -->\n<title>Visita del Jefe Mayor del Ej\u00e9rcito a los refugios de Pacaraima<\/title>\n<meta name=\"description\" content=\"El 9 de enero, la Operaci\u00f3n Acogida, una respuesta humanitaria realizada por los Ministerios de Defensa y de la Ciudadan\u00eda en conjunto con otras agencias, recibi\u00f3 la visita del Jefe de Estado Mayor del Ej\u00e9rcito, General Braga Neto.\" \/>\n<meta name=\"robots\" content=\"index, follow, max-snippet:-1, max-image-preview:large, max-video-preview:-1\" \/>\n<link rel=\"canonical\" href=\"https:\/\/www.fraterinternacional.org\/es\/visita-del-jefe-mayor-del-ejercito-los-refugios-de-pacaraima\/\" \/>\n<meta property=\"og:locale\" content=\"es_ES\" \/>\n<meta property=\"og:type\" content=\"article\" \/>\n<meta property=\"og:title\" content=\"Visita del Jefe Mayor del Ej\u00e9rcito a los refugios de Pacaraima\" \/>\n<meta property=\"og:description\" content=\"El 9 de enero, la Operaci\u00f3n Acogida, una respuesta humanitaria realizada por los Ministerios de Defensa y de la Ciudadan\u00eda en conjunto con otras agencias, recibi\u00f3 la visita del Jefe de Estado Mayor del Ej\u00e9rcito, General Braga Neto.\" \/>\n<meta property=\"og:url\" content=\"https:\/\/www.fraterinternacional.org\/es\/visita-del-jefe-mayor-del-ejercito-los-refugios-de-pacaraima\/\" \/>\n<meta property=\"og:site_name\" content=\"Fraternidade - Federa\u00e7\u00e3o Humanit\u00e1ria Internacional\" \/>\n<meta property=\"article:publisher\" content=\"https:\/\/www.facebook.com\/fraternidadehumanitaria\" \/>\n<meta property=\"article:published_time\" content=\"2020-01-20T18:46:41+00:00\" \/>\n<meta property=\"article:modified_time\" content=\"2020-01-20T18:47:10+00:00\" \/>\n<meta property=\"og:image\" content=\"https:\/\/www.fraterinternacional.org\/wp-content\/uploads\/2020\/01\/img-visita-chefe-estado-maior-pararaima01.jpg\" \/>\n\t<meta property=\"og:image:width\" content=\"1000\" \/>\n\t<meta property=\"og:image:height\" content=\"750\" \/>\n\t<meta property=\"og:image:type\" content=\"image\/jpeg\" \/>\n<meta name=\"author\" content=\"maducato_admin\" \/>\n<meta name=\"twitter:card\" content=\"summary_large_image\" \/>\n<meta name=\"twitter:creator\" content=\"@fraternidadeFHI\" \/>\n<meta name=\"twitter:site\" content=\"@fraternidadeFHI\" \/>\n<meta name=\"twitter:label1\" content=\"Escrito por\" \/>\n\t<meta name=\"twitter:data1\" content=\"maducato_admin\" \/>\n\t<meta name=\"twitter:label2\" content=\"Tiempo de lectura\" \/>\n\t<meta name=\"twitter:data2\" content=\"1 minuto\" \/>\n<script type=\"application\/ld+json\" class=\"yoast-schema-graph\">{\"@context\":\"https:\/\/schema.org\",\"@graph\":[{\"@type\":\"WebPage\",\"@id\":\"https:\/\/www.fraterinternacional.org\/es\/visita-del-jefe-mayor-del-ejercito-los-refugios-de-pacaraima\/\",\"url\":\"https:\/\/www.fraterinternacional.org\/es\/visita-del-jefe-mayor-del-ejercito-los-refugios-de-pacaraima\/\",\"name\":\"Visita del Jefe Mayor del Ej\u00e9rcito a los refugios de Pacaraima\",\"isPartOf\":{\"@id\":\"https:\/\/www.fraterinternacional.org\/es\/#website\"},\"datePublished\":\"2020-01-20T18:46:41+00:00\",\"dateModified\":\"2020-01-20T18:47:10+00:00\",\"author\":{\"@id\":\"https:\/\/www.fraterinternacional.org\/es\/#\/schema\/person\/19cb7a5541fd019768c7fe255d72701e\"},\"description\":\"El 9 de enero, la Operaci\u00f3n Acogida, una respuesta humanitaria realizada por los Ministerios de Defensa y de la Ciudadan\u00eda en conjunto con otras agencias, recibi\u00f3 la visita del Jefe de Estado Mayor del Ej\u00e9rcito, General Braga Neto.\",\"breadcrumb\":{\"@id\":\"https:\/\/www.fraterinternacional.org\/es\/visita-del-jefe-mayor-del-ejercito-los-refugios-de-pacaraima\/#breadcrumb\"},\"inLanguage\":\"es\",\"potentialAction\":[{\"@type\":\"ReadAction\",\"target\":[\"https:\/\/www.fraterinternacional.org\/es\/visita-del-jefe-mayor-del-ejercito-los-refugios-de-pacaraima\/\"]}]},{\"@type\":\"BreadcrumbList\",\"@id\":\"https:\/\/www.fraterinternacional.org\/es\/visita-del-jefe-mayor-del-ejercito-los-refugios-de-pacaraima\/#breadcrumb\",\"itemListElement\":[{\"@type\":\"ListItem\",\"position\":1,\"name\":\"In\u00edcio\",\"item\":\"https:\/\/www.fraterinternacional.org\/es\/\"},{\"@type\":\"ListItem\",\"position\":2,\"name\":\"Visita del Jefe Mayor del Ej\u00e9rcito a los refugios de Pacaraima\"}]},{\"@type\":\"WebSite\",\"@id\":\"https:\/\/www.fraterinternacional.org\/es\/#website\",\"url\":\"https:\/\/www.fraterinternacional.org\/es\/\",\"name\":\"Fraternidade - Federa\u00e7\u00e3o Humanit\u00e1ria Internacional\",\"description\":\"Fraternidade - Federa\u00e7\u00e3o Humanit\u00e1ria Internacional\",\"potentialAction\":[{\"@type\":\"SearchAction\",\"target\":{\"@type\":\"EntryPoint\",\"urlTemplate\":\"https:\/\/www.fraterinternacional.org\/es\/?s={search_term_string}\"},\"query-input\":\"required name=search_term_string\"}],\"inLanguage\":\"es\"},{\"@type\":\"Person\",\"@id\":\"https:\/\/www.fraterinternacional.org\/es\/#\/schema\/person\/19cb7a5541fd019768c7fe255d72701e\",\"name\":\"maducato_admin\"}]}<\/script>\n<!-- \/ Yoast SEO Premium plugin. -->","yoast_head_json":{"title":"Visita del Jefe Mayor del Ej\u00e9rcito a los refugios de Pacaraima","description":"El 9 de enero, la Operaci\u00f3n Acogida, una respuesta humanitaria realizada por los Ministerios de Defensa y de la Ciudadan\u00eda en conjunto con otras agencias, recibi\u00f3 la visita del Jefe de Estado Mayor del Ej\u00e9rcito, General Braga Neto.","robots":{"index":"index","follow":"follow","max-snippet":"max-snippet:-1","max-image-preview":"max-image-preview:large","max-video-preview":"max-video-preview:-1"},"canonical":"https:\/\/www.fraterinternacional.org\/es\/visita-del-jefe-mayor-del-ejercito-los-refugios-de-pacaraima\/","og_locale":"es_ES","og_type":"article","og_title":"Visita del Jefe Mayor del Ej\u00e9rcito a los refugios de Pacaraima","og_description":"El 9 de enero, la Operaci\u00f3n Acogida, una respuesta humanitaria realizada por los Ministerios de Defensa y de la Ciudadan\u00eda en conjunto con otras agencias, recibi\u00f3 la visita del Jefe de Estado Mayor del Ej\u00e9rcito, General Braga Neto.","og_url":"https:\/\/www.fraterinternacional.org\/es\/visita-del-jefe-mayor-del-ejercito-los-refugios-de-pacaraima\/","og_site_name":"Fraternidade - Federa\u00e7\u00e3o Humanit\u00e1ria Internacional","article_publisher":"https:\/\/www.facebook.com\/fraternidadehumanitaria","article_published_time":"2020-01-20T18:46:41+00:00","article_modified_time":"2020-01-20T18:47:10+00:00","og_image":[{"width":1000,"height":750,"url":"https:\/\/www.fraterinternacional.org\/wp-content\/uploads\/2020\/01\/img-visita-chefe-estado-maior-pararaima01.jpg","type":"image\/jpeg"}],"author":"maducato_admin","twitter_card":"summary_large_image","twitter_creator":"@fraternidadeFHI","twitter_site":"@fraternidadeFHI","twitter_misc":{"Escrito por":"maducato_admin","Tiempo de lectura":"1 minuto"},"schema":{"@context":"https:\/\/schema.org","@graph":[{"@type":"WebPage","@id":"https:\/\/www.fraterinternacional.org\/es\/visita-del-jefe-mayor-del-ejercito-los-refugios-de-pacaraima\/","url":"https:\/\/www.fraterinternacional.org\/es\/visita-del-jefe-mayor-del-ejercito-los-refugios-de-pacaraima\/","name":"Visita del Jefe Mayor del Ej\u00e9rcito a los refugios de Pacaraima","isPartOf":{"@id":"https:\/\/www.fraterinternacional.org\/es\/#website"},"datePublished":"2020-01-20T18:46:41+00:00","dateModified":"2020-01-20T18:47:10+00:00","author":{"@id":"https:\/\/www.fraterinternacional.org\/es\/#\/schema\/person\/19cb7a5541fd019768c7fe255d72701e"},"description":"El 9 de enero, la Operaci\u00f3n Acogida, una respuesta humanitaria realizada por los Ministerios de Defensa y de la Ciudadan\u00eda en conjunto con otras agencias, recibi\u00f3 la visita del Jefe de Estado Mayor del Ej\u00e9rcito, General Braga Neto.","breadcrumb":{"@id":"https:\/\/www.fraterinternacional.org\/es\/visita-del-jefe-mayor-del-ejercito-los-refugios-de-pacaraima\/#breadcrumb"},"inLanguage":"es","potentialAction":[{"@type":"ReadAction","target":["https:\/\/www.fraterinternacional.org\/es\/visita-del-jefe-mayor-del-ejercito-los-refugios-de-pacaraima\/"]}]},{"@type":"BreadcrumbList","@id":"https:\/\/www.fraterinternacional.org\/es\/visita-del-jefe-mayor-del-ejercito-los-refugios-de-pacaraima\/#breadcrumb","itemListElement":[{"@type":"ListItem","position":1,"name":"In\u00edcio","item":"https:\/\/www.fraterinternacional.org\/es\/"},{"@type":"ListItem","position":2,"name":"Visita del Jefe Mayor del Ej\u00e9rcito a los refugios de Pacaraima"}]},{"@type":"WebSite","@id":"https:\/\/www.fraterinternacional.org\/es\/#website","url":"https:\/\/www.fraterinternacional.org\/es\/","name":"Fraternidade - Federa\u00e7\u00e3o Humanit\u00e1ria Internacional","description":"Fraternidade - Federa\u00e7\u00e3o Humanit\u00e1ria Internacional","potentialAction":[{"@type":"SearchAction","target":{"@type":"EntryPoint","urlTemplate":"https:\/\/www.fraterinternacional.org\/es\/?s={search_term_string}"},"query-input":"required name=search_term_string"}],"inLanguage":"es"},{"@type":"Person","@id":"https:\/\/www.fraterinternacional.org\/es\/#\/schema\/person\/19cb7a5541fd019768c7fe255d72701e","name":"maducato_admin"}]}},"_links":{"self":[{"href":"https:\/\/www.fraterinternacional.org\/es\/wp-json\/wp\/v2\/posts\/111026"}],"collection":[{"href":"https:\/\/www.fraterinternacional.org\/es\/wp-json\/wp\/v2\/posts"}],"about":[{"href":"https:\/\/www.fraterinternacional.org\/es\/wp-json\/wp\/v2\/types\/post"}],"author":[{"embeddable":true,"href":"https:\/\/www.fraterinternacional.org\/es\/wp-json\/wp\/v2\/users\/4"}],"replies":[{"embeddable":true,"href":"https:\/\/www.fraterinternacional.org\/es\/wp-json\/wp\/v2\/comments?post=111026"}],"version-history":[{"count":0,"href":"https:\/\/www.fraterinternacional.org\/es\/wp-json\/wp\/v2\/posts\/111026\/revisions"}],"wp:featuredmedia":[{"embeddable":true,"href":"https:\/\/www.fraterinternacional.org\/es\/wp-json\/wp\/v2\/media\/110943"}],"wp:attachment":[{"href":"https:\/\/www.fraterinternacional.org\/es\/wp-json\/wp\/v2\/media?parent=111026"}],"wp:term":[{"taxonomy":"category","embeddable":true,"href":"https:\/\/www.fraterinternacional.org\/es\/wp-json\/wp\/v2\/categories?post=111026"},{"taxonomy":"post_tag","embeddable":true,"href":"https:\/\/www.fraterinternacional.org\/es\/wp-json\/wp\/v2\/tags?post=111026"}],"curies":[{"name":"wp","href":"https:\/\/api.w.org\/{rel}","templated":true}]}}