{"id":110928,"date":"2020-01-11T12:17:29","date_gmt":"2020-01-11T15:17:29","guid":{"rendered":"https:\/\/www.fraterinternacional.org\/?p=110928"},"modified":"2020-01-11T12:28:51","modified_gmt":"2020-01-11T15:28:51","slug":"juventud-misionera-por-la-paz-lleva-alivio-en-buenos-aires-argentina","status":"publish","type":"post","link":"https:\/\/www.fraterinternacional.org\/es\/juventud-misionera-por-la-paz-lleva-alivio-en-buenos-aires-argentina\/","title":{"rendered":"Juventud Misionera por la Paz lleva alivio en Buenos Aires, Argentina"},"content":{"rendered":"<p><a href=\"https:\/\/www.fraterinternacional.org\/wp-content\/uploads\/2020\/01\/img-juventude-missionaria-lar-de-idosos01.jpg\"><img decoding=\"async\" class=\"size-full wp-image-110850 aligncenter\" src=\"https:\/\/www.fraterinternacional.org\/wp-content\/uploads\/2020\/01\/img-juventude-missionaria-lar-de-idosos01.jpg\" alt=\"\" width=\"1000\" height=\"666\" srcset=\"https:\/\/www.fraterinternacional.org\/wp-content\/uploads\/2020\/01\/img-juventude-missionaria-lar-de-idosos01-200x133.jpg 200w, https:\/\/www.fraterinternacional.org\/wp-content\/uploads\/2020\/01\/img-juventude-missionaria-lar-de-idosos01-300x200.jpg 300w, https:\/\/www.fraterinternacional.org\/wp-content\/uploads\/2020\/01\/img-juventude-missionaria-lar-de-idosos01-400x266.jpg 400w, https:\/\/www.fraterinternacional.org\/wp-content\/uploads\/2020\/01\/img-juventude-missionaria-lar-de-idosos01-600x400.jpg 600w, https:\/\/www.fraterinternacional.org\/wp-content\/uploads\/2020\/01\/img-juventude-missionaria-lar-de-idosos01-800x533.jpg 800w, https:\/\/www.fraterinternacional.org\/wp-content\/uploads\/2020\/01\/img-juventude-missionaria-lar-de-idosos01.jpg 1000w\" sizes=\"(max-width: 1000px) 100vw, 1000px\" \/><\/a><\/p>\n<p style=\"text-align: justify;\">Del 21 al 22 de diciembre, un grupo de\u00a0 25 participantes de j\u00f3venes pertenecientes a la<strong>\u00a0<a href=\"https:\/\/juventudepelapaz.org\/es\/\" target=\"_blank\" rel=\"noopener noreferrer\">Juventud Misionera por la Paz<\/a><\/strong>\u00a0y miembros de la<a href=\"https:\/\/www.fraterinternacional.org\/es\/red-luz\/\" target=\"_blank\" rel=\"noopener noreferrer\">\u00a0<strong>Red-Luz<\/strong><\/a>, visitaron el\u00a0<b>Hogar de Ancianos San Jorge<\/b>, en Blanco Encalada, provincia de Buenos Aires, donde se llev\u00f3 a cabo una Jornada Misionera en Argentina.<\/p>\n<p><a href=\"https:\/\/www.fraterinternacional.org\/wp-content\/uploads\/2020\/01\/img-juventude-missionaria-lar-de-idosos02.jpg\"><img decoding=\"async\" class=\"size-full wp-image-110853 aligncenter\" src=\"https:\/\/www.fraterinternacional.org\/wp-content\/uploads\/2020\/01\/img-juventude-missionaria-lar-de-idosos02.jpg\" alt=\"\" width=\"1280\" height=\"853\" srcset=\"https:\/\/www.fraterinternacional.org\/wp-content\/uploads\/2020\/01\/img-juventude-missionaria-lar-de-idosos02-200x133.jpg 200w, https:\/\/www.fraterinternacional.org\/wp-content\/uploads\/2020\/01\/img-juventude-missionaria-lar-de-idosos02-300x200.jpg 300w, https:\/\/www.fraterinternacional.org\/wp-content\/uploads\/2020\/01\/img-juventude-missionaria-lar-de-idosos02-400x267.jpg 400w, https:\/\/www.fraterinternacional.org\/wp-content\/uploads\/2020\/01\/img-juventude-missionaria-lar-de-idosos02-600x400.jpg 600w, https:\/\/www.fraterinternacional.org\/wp-content\/uploads\/2020\/01\/img-juventude-missionaria-lar-de-idosos02-800x533.jpg 800w, https:\/\/www.fraterinternacional.org\/wp-content\/uploads\/2020\/01\/img-juventude-missionaria-lar-de-idosos02-1024x682.jpg 1024w, https:\/\/www.fraterinternacional.org\/wp-content\/uploads\/2020\/01\/img-juventude-missionaria-lar-de-idosos02-1200x800.jpg 1200w, https:\/\/www.fraterinternacional.org\/wp-content\/uploads\/2020\/01\/img-juventude-missionaria-lar-de-idosos02.jpg 1280w\" sizes=\"(max-width: 1280px) 100vw, 1280px\" \/><\/a><\/p>\n<p style=\"text-align: justify;\">Se realizaron trabajos de refacci\u00f3n del edificio, con la apertura de una nueva ventana, revoque en las paredes, adem\u00e1s de una instalaci\u00f3n el\u00e9ctrica nueva, ofreciendo as\u00ed un ambiente m\u00e1s confortable para los ancianos que viven all\u00ed.<\/p>\n<p><a href=\"https:\/\/www.fraterinternacional.org\/wp-content\/uploads\/2020\/01\/img-juventude-missionaria-lar-de-idosos05.jpg\"><img decoding=\"async\" class=\"size-full wp-image-110859 aligncenter\" src=\"https:\/\/www.fraterinternacional.org\/wp-content\/uploads\/2020\/01\/img-juventude-missionaria-lar-de-idosos05.jpg\" alt=\"\" width=\"1000\" height=\"666\" srcset=\"https:\/\/www.fraterinternacional.org\/wp-content\/uploads\/2020\/01\/img-juventude-missionaria-lar-de-idosos05-200x133.jpg 200w, https:\/\/www.fraterinternacional.org\/wp-content\/uploads\/2020\/01\/img-juventude-missionaria-lar-de-idosos05-300x200.jpg 300w, https:\/\/www.fraterinternacional.org\/wp-content\/uploads\/2020\/01\/img-juventude-missionaria-lar-de-idosos05-400x266.jpg 400w, https:\/\/www.fraterinternacional.org\/wp-content\/uploads\/2020\/01\/img-juventude-missionaria-lar-de-idosos05-600x400.jpg 600w, https:\/\/www.fraterinternacional.org\/wp-content\/uploads\/2020\/01\/img-juventude-missionaria-lar-de-idosos05-800x533.jpg 800w, https:\/\/www.fraterinternacional.org\/wp-content\/uploads\/2020\/01\/img-juventude-missionaria-lar-de-idosos05.jpg 1000w\" sizes=\"(max-width: 1000px) 100vw, 1000px\" \/><\/a><\/p>\n<p style=\"text-align: justify;\"><i>\u00abEra visible la emoci\u00f3n de todos los involucrados, tanto de los misioneros como e los ancianos del Hogar San Jorge. Hubo una participaci\u00f3n muy activa de todos los presentes , lo que contribuy\u00f3 en la Vivencia Misionera\u00bb, <\/i>cont\u00f3 Viviana Marcela, coordinadora de la<a href=\"https:\/\/juventudepelapaz.org\/es\/\" target=\"_blank\" rel=\"noopener noreferrer\">\u00a0<strong>Juventud Misionera<\/strong><\/a>\u00a0en Buenos Aires, compartiendo el sentimiento de formar parte de la vivencia en su pa\u00eds.<\/p>\n<p style=\"text-align: justify;\">Erik Escobar, del grupo de los j\u00f3venes, cuenta que aunque la jornada fue muy intensa, todos trabajaron con mucha alegr\u00eda.<\/p>\n<p><a href=\"https:\/\/www.fraterinternacional.org\/wp-content\/uploads\/2020\/01\/img-juventude-missionaria-lar-de-idosos04.jpg\"><img decoding=\"async\" class=\"size-full wp-image-110847 aligncenter\" src=\"https:\/\/www.fraterinternacional.org\/wp-content\/uploads\/2020\/01\/img-juventude-missionaria-lar-de-idosos04.jpg\" alt=\"\" width=\"1280\" height=\"853\" srcset=\"https:\/\/www.fraterinternacional.org\/wp-content\/uploads\/2020\/01\/img-juventude-missionaria-lar-de-idosos04-200x133.jpg 200w, https:\/\/www.fraterinternacional.org\/wp-content\/uploads\/2020\/01\/img-juventude-missionaria-lar-de-idosos04-300x200.jpg 300w, https:\/\/www.fraterinternacional.org\/wp-content\/uploads\/2020\/01\/img-juventude-missionaria-lar-de-idosos04-400x267.jpg 400w, https:\/\/www.fraterinternacional.org\/wp-content\/uploads\/2020\/01\/img-juventude-missionaria-lar-de-idosos04-600x400.jpg 600w, https:\/\/www.fraterinternacional.org\/wp-content\/uploads\/2020\/01\/img-juventude-missionaria-lar-de-idosos04-800x533.jpg 800w, https:\/\/www.fraterinternacional.org\/wp-content\/uploads\/2020\/01\/img-juventude-missionaria-lar-de-idosos04-1024x682.jpg 1024w, https:\/\/www.fraterinternacional.org\/wp-content\/uploads\/2020\/01\/img-juventude-missionaria-lar-de-idosos04-1200x800.jpg 1200w, https:\/\/www.fraterinternacional.org\/wp-content\/uploads\/2020\/01\/img-juventude-missionaria-lar-de-idosos04.jpg 1280w\" sizes=\"(max-width: 1280px) 100vw, 1280px\" \/><\/a><\/p>\n<p style=\"text-align: justify;\">El grupo tambi\u00e9n realiz\u00f3 una ceremonia de Navidad, donde cada anciano recibi\u00f3 un regalo de cada misionero como una forma de recuerdo de la visita de los misioneros en el Hogar.<\/p>\n<p style=\"text-align: justify;\">El evento termin\u00f3 el domingo, reuniendo a todos los participantes adem\u00e1s de los que viven en el Hogar, donde cantaron y oraron para agradecer por la concreci\u00f3n de la misi\u00f3n.<\/p>\n<p><a href=\"https:\/\/www.fraterinternacional.org\/wp-content\/uploads\/2020\/01\/img-juventude-missionaria-lar-de-idosos03.jpg\"><img decoding=\"async\" class=\"size-full wp-image-110856 aligncenter\" src=\"https:\/\/www.fraterinternacional.org\/wp-content\/uploads\/2020\/01\/img-juventude-missionaria-lar-de-idosos03.jpg\" alt=\"\" width=\"1000\" height=\"666\" srcset=\"https:\/\/www.fraterinternacional.org\/wp-content\/uploads\/2020\/01\/img-juventude-missionaria-lar-de-idosos03-200x133.jpg 200w, https:\/\/www.fraterinternacional.org\/wp-content\/uploads\/2020\/01\/img-juventude-missionaria-lar-de-idosos03-300x200.jpg 300w, https:\/\/www.fraterinternacional.org\/wp-content\/uploads\/2020\/01\/img-juventude-missionaria-lar-de-idosos03-400x266.jpg 400w, https:\/\/www.fraterinternacional.org\/wp-content\/uploads\/2020\/01\/img-juventude-missionaria-lar-de-idosos03-600x400.jpg 600w, https:\/\/www.fraterinternacional.org\/wp-content\/uploads\/2020\/01\/img-juventude-missionaria-lar-de-idosos03-800x533.jpg 800w, https:\/\/www.fraterinternacional.org\/wp-content\/uploads\/2020\/01\/img-juventude-missionaria-lar-de-idosos03.jpg 1000w\" sizes=\"(max-width: 1000px) 100vw, 1000px\" \/><\/a><\/p>\n<p>\u00bfQuieres participar de las actividades misioneras y tener experiencias enriquecedoras como esta? <a href=\"https:\/\/www.fraterinternacional.org\/es\/misiones-humanitarias\/#participar\"><strong>Sepa c\u00f3mo.<\/strong><\/a><\/p>\n","protected":false},"excerpt":{"rendered":"<p>Del 21 al 22 de diciembre, un grupo de\u00a0 25 participantes de j\u00f3venes pertenecientes a la\u00a0Juventud Misionera por la Paz\u00a0y [&hellip;]<\/p>\n","protected":false},"author":4,"featured_media":110852,"comment_status":"closed","ping_status":"closed","sticky":false,"template":"","format":"standard","meta":{"footnotes":""},"categories":[173],"tags":[],"class_list":["post-110928","post","type-post","status-publish","format-standard","has-post-thumbnail","hentry","category-noticia"],"yoast_head":"<!-- This site is optimized with the Yoast SEO Premium plugin v21.0 (Yoast SEO v21.0) - https:\/\/yoast.com\/wordpress\/plugins\/seo\/ -->\n<title>Juventud Misionera por la Paz lleva alivio en Buenos Aires, Argentina<\/title>\n<meta name=\"description\" content=\"Del 21 al 22 de diciembre, un grupo de\u00a0 25 participantes de j\u00f3venes pertenecientes a la\u00a0Juventud Misionera por la Paz\u00a0y miembros de la\u00a0Red-Luz, visitaron el\u00a0Hogar de Ancianos San Jorge, en Blanco Encalada, provincia de Buenos Aires, donde se llev\u00f3 a cabo una Jornada Misionera en Argentina.\" \/>\n<meta name=\"robots\" content=\"index, follow, max-snippet:-1, max-image-preview:large, max-video-preview:-1\" \/>\n<link rel=\"canonical\" href=\"https:\/\/www.fraterinternacional.org\/es\/juventud-misionera-por-la-paz-lleva-alivio-en-buenos-aires-argentina\/\" \/>\n<meta property=\"og:locale\" content=\"es_ES\" \/>\n<meta property=\"og:type\" content=\"article\" \/>\n<meta property=\"og:title\" content=\"Juventud Misionera por la Paz lleva alivio en Buenos Aires, Argentina\" \/>\n<meta property=\"og:description\" content=\"Del 21 al 22 de diciembre, un grupo de\u00a0 25 participantes de j\u00f3venes pertenecientes a la\u00a0Juventud Misionera por la Paz\u00a0y miembros de la\u00a0Red-Luz, visitaron el\u00a0Hogar de Ancianos San Jorge, en Blanco Encalada, provincia de Buenos Aires, donde se llev\u00f3 a cabo una Jornada Misionera en Argentina.\" \/>\n<meta property=\"og:url\" content=\"https:\/\/www.fraterinternacional.org\/es\/juventud-misionera-por-la-paz-lleva-alivio-en-buenos-aires-argentina\/\" \/>\n<meta property=\"og:site_name\" content=\"Fraternidade - Federa\u00e7\u00e3o Humanit\u00e1ria Internacional\" \/>\n<meta property=\"article:publisher\" content=\"https:\/\/www.facebook.com\/fraternidadehumanitaria\" \/>\n<meta property=\"article:published_time\" content=\"2020-01-11T15:17:29+00:00\" \/>\n<meta property=\"article:modified_time\" content=\"2020-01-11T15:28:51+00:00\" \/>\n<meta property=\"og:image\" content=\"https:\/\/www.fraterinternacional.org\/wp-content\/uploads\/2020\/01\/img-juventude-missionaria-lar-de-idosos01.jpg\" \/>\n\t<meta property=\"og:image:width\" content=\"1000\" \/>\n\t<meta property=\"og:image:height\" content=\"666\" \/>\n\t<meta property=\"og:image:type\" content=\"image\/jpeg\" \/>\n<meta name=\"author\" content=\"maducato_admin\" \/>\n<meta name=\"twitter:card\" content=\"summary_large_image\" \/>\n<meta name=\"twitter:creator\" content=\"@fraternidadeFHI\" \/>\n<meta name=\"twitter:site\" content=\"@fraternidadeFHI\" \/>\n<meta name=\"twitter:label1\" content=\"Escrito por\" \/>\n\t<meta name=\"twitter:data1\" content=\"maducato_admin\" \/>\n\t<meta name=\"twitter:label2\" content=\"Tiempo de lectura\" \/>\n\t<meta name=\"twitter:data2\" content=\"1 minuto\" \/>\n<script type=\"application\/ld+json\" class=\"yoast-schema-graph\">{\"@context\":\"https:\/\/schema.org\",\"@graph\":[{\"@type\":\"WebPage\",\"@id\":\"https:\/\/www.fraterinternacional.org\/es\/juventud-misionera-por-la-paz-lleva-alivio-en-buenos-aires-argentina\/\",\"url\":\"https:\/\/www.fraterinternacional.org\/es\/juventud-misionera-por-la-paz-lleva-alivio-en-buenos-aires-argentina\/\",\"name\":\"Juventud Misionera por la Paz lleva alivio en Buenos Aires, Argentina\",\"isPartOf\":{\"@id\":\"https:\/\/www.fraterinternacional.org\/es\/#website\"},\"datePublished\":\"2020-01-11T15:17:29+00:00\",\"dateModified\":\"2020-01-11T15:28:51+00:00\",\"author\":{\"@id\":\"https:\/\/www.fraterinternacional.org\/es\/#\/schema\/person\/19cb7a5541fd019768c7fe255d72701e\"},\"description\":\"Del 21 al 22 de diciembre, un grupo de\u00a0 25 participantes de j\u00f3venes pertenecientes a la\u00a0Juventud Misionera por la Paz\u00a0y miembros de la\u00a0Red-Luz, visitaron el\u00a0Hogar de Ancianos San Jorge, en Blanco Encalada, provincia de Buenos Aires, donde se llev\u00f3 a cabo una Jornada Misionera en Argentina.\",\"breadcrumb\":{\"@id\":\"https:\/\/www.fraterinternacional.org\/es\/juventud-misionera-por-la-paz-lleva-alivio-en-buenos-aires-argentina\/#breadcrumb\"},\"inLanguage\":\"es\",\"potentialAction\":[{\"@type\":\"ReadAction\",\"target\":[\"https:\/\/www.fraterinternacional.org\/es\/juventud-misionera-por-la-paz-lleva-alivio-en-buenos-aires-argentina\/\"]}]},{\"@type\":\"BreadcrumbList\",\"@id\":\"https:\/\/www.fraterinternacional.org\/es\/juventud-misionera-por-la-paz-lleva-alivio-en-buenos-aires-argentina\/#breadcrumb\",\"itemListElement\":[{\"@type\":\"ListItem\",\"position\":1,\"name\":\"In\u00edcio\",\"item\":\"https:\/\/www.fraterinternacional.org\/es\/\"},{\"@type\":\"ListItem\",\"position\":2,\"name\":\"Juventud Misionera por la Paz lleva alivio en Buenos Aires, Argentina\"}]},{\"@type\":\"WebSite\",\"@id\":\"https:\/\/www.fraterinternacional.org\/es\/#website\",\"url\":\"https:\/\/www.fraterinternacional.org\/es\/\",\"name\":\"Fraternidade - Federa\u00e7\u00e3o Humanit\u00e1ria Internacional\",\"description\":\"Fraternidade - Federa\u00e7\u00e3o Humanit\u00e1ria Internacional\",\"potentialAction\":[{\"@type\":\"SearchAction\",\"target\":{\"@type\":\"EntryPoint\",\"urlTemplate\":\"https:\/\/www.fraterinternacional.org\/es\/?s={search_term_string}\"},\"query-input\":\"required name=search_term_string\"}],\"inLanguage\":\"es\"},{\"@type\":\"Person\",\"@id\":\"https:\/\/www.fraterinternacional.org\/es\/#\/schema\/person\/19cb7a5541fd019768c7fe255d72701e\",\"name\":\"maducato_admin\"}]}<\/script>\n<!-- \/ Yoast SEO Premium plugin. -->","yoast_head_json":{"title":"Juventud Misionera por la Paz lleva alivio en Buenos Aires, Argentina","description":"Del 21 al 22 de diciembre, un grupo de\u00a0 25 participantes de j\u00f3venes pertenecientes a la\u00a0Juventud Misionera por la Paz\u00a0y miembros de la\u00a0Red-Luz, visitaron el\u00a0Hogar de Ancianos San Jorge, en Blanco Encalada, provincia de Buenos Aires, donde se llev\u00f3 a cabo una Jornada Misionera en Argentina.","robots":{"index":"index","follow":"follow","max-snippet":"max-snippet:-1","max-image-preview":"max-image-preview:large","max-video-preview":"max-video-preview:-1"},"canonical":"https:\/\/www.fraterinternacional.org\/es\/juventud-misionera-por-la-paz-lleva-alivio-en-buenos-aires-argentina\/","og_locale":"es_ES","og_type":"article","og_title":"Juventud Misionera por la Paz lleva alivio en Buenos Aires, Argentina","og_description":"Del 21 al 22 de diciembre, un grupo de\u00a0 25 participantes de j\u00f3venes pertenecientes a la\u00a0Juventud Misionera por la Paz\u00a0y miembros de la\u00a0Red-Luz, visitaron el\u00a0Hogar de Ancianos San Jorge, en Blanco Encalada, provincia de Buenos Aires, donde se llev\u00f3 a cabo una Jornada Misionera en Argentina.","og_url":"https:\/\/www.fraterinternacional.org\/es\/juventud-misionera-por-la-paz-lleva-alivio-en-buenos-aires-argentina\/","og_site_name":"Fraternidade - Federa\u00e7\u00e3o Humanit\u00e1ria Internacional","article_publisher":"https:\/\/www.facebook.com\/fraternidadehumanitaria","article_published_time":"2020-01-11T15:17:29+00:00","article_modified_time":"2020-01-11T15:28:51+00:00","og_image":[{"width":1000,"height":666,"url":"https:\/\/www.fraterinternacional.org\/wp-content\/uploads\/2020\/01\/img-juventude-missionaria-lar-de-idosos01.jpg","type":"image\/jpeg"}],"author":"maducato_admin","twitter_card":"summary_large_image","twitter_creator":"@fraternidadeFHI","twitter_site":"@fraternidadeFHI","twitter_misc":{"Escrito por":"maducato_admin","Tiempo de lectura":"1 minuto"},"schema":{"@context":"https:\/\/schema.org","@graph":[{"@type":"WebPage","@id":"https:\/\/www.fraterinternacional.org\/es\/juventud-misionera-por-la-paz-lleva-alivio-en-buenos-aires-argentina\/","url":"https:\/\/www.fraterinternacional.org\/es\/juventud-misionera-por-la-paz-lleva-alivio-en-buenos-aires-argentina\/","name":"Juventud Misionera por la Paz lleva alivio en Buenos Aires, Argentina","isPartOf":{"@id":"https:\/\/www.fraterinternacional.org\/es\/#website"},"datePublished":"2020-01-11T15:17:29+00:00","dateModified":"2020-01-11T15:28:51+00:00","author":{"@id":"https:\/\/www.fraterinternacional.org\/es\/#\/schema\/person\/19cb7a5541fd019768c7fe255d72701e"},"description":"Del 21 al 22 de diciembre, un grupo de\u00a0 25 participantes de j\u00f3venes pertenecientes a la\u00a0Juventud Misionera por la Paz\u00a0y miembros de la\u00a0Red-Luz, visitaron el\u00a0Hogar de Ancianos San Jorge, en Blanco Encalada, provincia de Buenos Aires, donde se llev\u00f3 a cabo una Jornada Misionera en Argentina.","breadcrumb":{"@id":"https:\/\/www.fraterinternacional.org\/es\/juventud-misionera-por-la-paz-lleva-alivio-en-buenos-aires-argentina\/#breadcrumb"},"inLanguage":"es","potentialAction":[{"@type":"ReadAction","target":["https:\/\/www.fraterinternacional.org\/es\/juventud-misionera-por-la-paz-lleva-alivio-en-buenos-aires-argentina\/"]}]},{"@type":"BreadcrumbList","@id":"https:\/\/www.fraterinternacional.org\/es\/juventud-misionera-por-la-paz-lleva-alivio-en-buenos-aires-argentina\/#breadcrumb","itemListElement":[{"@type":"ListItem","position":1,"name":"In\u00edcio","item":"https:\/\/www.fraterinternacional.org\/es\/"},{"@type":"ListItem","position":2,"name":"Juventud Misionera por la Paz lleva alivio en Buenos Aires, Argentina"}]},{"@type":"WebSite","@id":"https:\/\/www.fraterinternacional.org\/es\/#website","url":"https:\/\/www.fraterinternacional.org\/es\/","name":"Fraternidade - Federa\u00e7\u00e3o Humanit\u00e1ria Internacional","description":"Fraternidade - Federa\u00e7\u00e3o Humanit\u00e1ria Internacional","potentialAction":[{"@type":"SearchAction","target":{"@type":"EntryPoint","urlTemplate":"https:\/\/www.fraterinternacional.org\/es\/?s={search_term_string}"},"query-input":"required name=search_term_string"}],"inLanguage":"es"},{"@type":"Person","@id":"https:\/\/www.fraterinternacional.org\/es\/#\/schema\/person\/19cb7a5541fd019768c7fe255d72701e","name":"maducato_admin"}]}},"_links":{"self":[{"href":"https:\/\/www.fraterinternacional.org\/es\/wp-json\/wp\/v2\/posts\/110928"}],"collection":[{"href":"https:\/\/www.fraterinternacional.org\/es\/wp-json\/wp\/v2\/posts"}],"about":[{"href":"https:\/\/www.fraterinternacional.org\/es\/wp-json\/wp\/v2\/types\/post"}],"author":[{"embeddable":true,"href":"https:\/\/www.fraterinternacional.org\/es\/wp-json\/wp\/v2\/users\/4"}],"replies":[{"embeddable":true,"href":"https:\/\/www.fraterinternacional.org\/es\/wp-json\/wp\/v2\/comments?post=110928"}],"version-history":[{"count":0,"href":"https:\/\/www.fraterinternacional.org\/es\/wp-json\/wp\/v2\/posts\/110928\/revisions"}],"wp:featuredmedia":[{"embeddable":true,"href":"https:\/\/www.fraterinternacional.org\/es\/wp-json\/wp\/v2\/media\/110852"}],"wp:attachment":[{"href":"https:\/\/www.fraterinternacional.org\/es\/wp-json\/wp\/v2\/media?parent=110928"}],"wp:term":[{"taxonomy":"category","embeddable":true,"href":"https:\/\/www.fraterinternacional.org\/es\/wp-json\/wp\/v2\/categories?post=110928"},{"taxonomy":"post_tag","embeddable":true,"href":"https:\/\/www.fraterinternacional.org\/es\/wp-json\/wp\/v2\/tags?post=110928"}],"curies":[{"name":"wp","href":"https:\/\/api.w.org\/{rel}","templated":true}]}}