{"id":110894,"date":"2020-01-11T07:51:33","date_gmt":"2020-01-11T10:51:33","guid":{"rendered":"https:\/\/www.fraterinternacional.org\/?p=110894"},"modified":"2020-01-11T07:52:39","modified_gmt":"2020-01-11T10:52:39","slug":"jornada-de-salud-en-el-refugio-indigena-en-pintolandia-beneficia-toda-la-comunidad-acogida","status":"publish","type":"post","link":"https:\/\/www.fraterinternacional.org\/es\/jornada-de-salud-en-el-refugio-indigena-en-pintolandia-beneficia-toda-la-comunidad-acogida\/","title":{"rendered":"Jornada de Salud en el refugio ind\u00edgena en Pintol\u00e2ndia beneficia a toda la comunidad acogida"},"content":{"rendered":"<div class=\"video-shortcode\"><iframe title=\"Jornada de Sa\u00fade no abrigo ind\u00edgena em Pintol\u00e2ndia\" width=\"1200\" height=\"675\" src=\"https:\/\/www.youtube.com\/embed\/dGL-eA0m8k8?feature=oembed\" frameborder=\"0\" allow=\"accelerometer; autoplay; clipboard-write; encrypted-media; gyroscope; picture-in-picture\" allowfullscreen><\/iframe><\/div>\n<p style=\"font-weight: 400; text-align: justify;\">El 12, 17 y 18 de diciembre, la\u00a0<strong><a href=\"https:\/\/www.fraterinternacional.org\/es\/quienes-somos\/\">Fraternidade &#8211; Federaci\u00f3n Humanitaria Internacional (FFHI)<\/a><\/strong>\u00a0realiz\u00f3 una Jornada de \u00a0Salud para los refugiados ind\u00edgenas venezolanos en el refugio de Pintol\u00e2ndia que est\u00e1 bajo su gesti\u00f3n. El evento fue apoyado por diferentes organizaciones del \u00e1rea de salud y atendi\u00f3 directamente a m\u00e1s de 400 personas de la comunidad.<\/p>\n<p style=\"font-weight: 400; text-align: justify;\">Las acciones se centraron en la prevenci\u00f3n, el diagn\u00f3stico y el tratamiento de la escabiosis, la pediculosis, la parasitosis intestinal, as\u00ed como las b\u00fasquedas activas de malaria, evaluaci\u00f3n nutricional y tratamiento para ni\u00f1os de hasta 5 a\u00f1os, entre otras posibles enfermedades.<\/p>\n<p style=\"font-weight: 400; text-align: justify;\"><a href=\"https:\/\/www.fraterinternacional.org\/wp-content\/uploads\/2020\/01\/02-img-saude-pintolandia_recepcao.jpg\"><img decoding=\"async\" src=\"https:\/\/www.fraterinternacional.org\/wp-content\/uploads\/2020\/01\/02-img-saude-pintolandia_recepcao.jpg\" alt=\"Jornada de Sa\u00fade no abrigo ind\u00edgena em Pintol\u00e2ndia\" width=\"399\" height=\"299\" \/><\/a>\u00a0 <a href=\" https:\/\/www.fraterinternacional.org\/wp-content\/uploads\/2020\/01\/03-img-saude-pintolandia_msf_pesagem.jpg\"><img decoding=\"async\" class=\"wp-image-110806 alignnone\" src=\"https:\/\/www.fraterinternacional.org\/wp-content\/uploads\/2020\/01\/03-img-saude-pintolandia_msf_pesagem.jpg\" alt=\"Jornada de Sa\u00fade no abrigo ind\u00edgena em Pintol\u00e2ndia\" width=\"399\" height=\"299\" srcset=\"https:\/\/www.fraterinternacional.org\/wp-content\/uploads\/2020\/01\/03-img-saude-pintolandia_msf_pesagem-200x150.jpg 200w, https:\/\/www.fraterinternacional.org\/wp-content\/uploads\/2020\/01\/03-img-saude-pintolandia_msf_pesagem-300x225.jpg 300w, https:\/\/www.fraterinternacional.org\/wp-content\/uploads\/2020\/01\/03-img-saude-pintolandia_msf_pesagem-400x300.jpg 400w, https:\/\/www.fraterinternacional.org\/wp-content\/uploads\/2020\/01\/03-img-saude-pintolandia_msf_pesagem-600x450.jpg 600w, https:\/\/www.fraterinternacional.org\/wp-content\/uploads\/2020\/01\/03-img-saude-pintolandia_msf_pesagem-800x600.jpg 800w, https:\/\/www.fraterinternacional.org\/wp-content\/uploads\/2020\/01\/03-img-saude-pintolandia_msf_pesagem.jpg 1000w\" sizes=\"(max-width: 399px) 100vw, 399px\" \/><\/a><\/p>\n<p style=\"text-align: center;\"><span style=\"font-size: 10pt;\"><i>La atenci\u00f3n m\u00e9dica, realizada despu\u00e9s de la selecci\u00f3n, cont\u00f3 con la medicaci\u00f3n, vacunaci\u00f3n y asesoramiento nutricional.<\/i><\/span><\/p>\n<p><a href=\"https:\/\/www.fraterinternacional.org\/wp-content\/uploads\/2020\/01\/01-img-saude-pintolandia_msf_convidando_as_pessoas.jpg\"><img decoding=\"async\" class=\"size-full wp-image-110800 aligncenter\" src=\"https:\/\/www.fraterinternacional.org\/wp-content\/uploads\/2020\/01\/01-img-saude-pintolandia_msf_convidando_as_pessoas.jpg\" alt=\"Jornada de Sa\u00fade no abrigo ind\u00edgena em Pintol\u00e2ndia\" width=\"1000\" height=\"750\" srcset=\"https:\/\/www.fraterinternacional.org\/wp-content\/uploads\/2020\/01\/01-img-saude-pintolandia_msf_convidando_as_pessoas-200x150.jpg 200w, https:\/\/www.fraterinternacional.org\/wp-content\/uploads\/2020\/01\/01-img-saude-pintolandia_msf_convidando_as_pessoas-300x225.jpg 300w, https:\/\/www.fraterinternacional.org\/wp-content\/uploads\/2020\/01\/01-img-saude-pintolandia_msf_convidando_as_pessoas-400x300.jpg 400w, https:\/\/www.fraterinternacional.org\/wp-content\/uploads\/2020\/01\/01-img-saude-pintolandia_msf_convidando_as_pessoas-600x450.jpg 600w, https:\/\/www.fraterinternacional.org\/wp-content\/uploads\/2020\/01\/01-img-saude-pintolandia_msf_convidando_as_pessoas-800x600.jpg 800w, https:\/\/www.fraterinternacional.org\/wp-content\/uploads\/2020\/01\/01-img-saude-pintolandia_msf_convidando_as_pessoas.jpg 1000w\" sizes=\"(max-width: 1000px) 100vw, 1000px\" \/><\/a><\/p>\n<p style=\"font-weight: 400; text-align: justify;\">El programa se desarroll\u00f3 en tres etapas, la primera de las cuales fue hacer consciente y sensibilizar a la comunidad sobre los \u00a0beneficios de la limpieza del lugar de residencia y de las \u00e1reas comunes (redario, carpas\u00a0 o tiendas, \u00e1reas externas), as\u00ed como la higiene personal, brindando instrucciones y promoviendo conversaciones y talleres sobre el tema.<\/p>\n<p><a href=\"https:\/\/www.fraterinternacional.org\/wp-content\/uploads\/2020\/01\/04-img-saude-pintolandia_medicacao.jpg\"><img decoding=\"async\" class=\"alignnone wp-image-110809\" src=\"https:\/\/www.fraterinternacional.org\/wp-content\/uploads\/2020\/01\/04-img-saude-pintolandia_medicacao.jpg\" alt=\"Jornada de Sa\u00fade no abrigo ind\u00edgena em Pintol\u00e2ndia\" width=\"400\" height=\"300\" srcset=\"https:\/\/www.fraterinternacional.org\/wp-content\/uploads\/2020\/01\/04-img-saude-pintolandia_medicacao-200x150.jpg 200w, https:\/\/www.fraterinternacional.org\/wp-content\/uploads\/2020\/01\/04-img-saude-pintolandia_medicacao-300x225.jpg 300w, https:\/\/www.fraterinternacional.org\/wp-content\/uploads\/2020\/01\/04-img-saude-pintolandia_medicacao-400x300.jpg 400w, https:\/\/www.fraterinternacional.org\/wp-content\/uploads\/2020\/01\/04-img-saude-pintolandia_medicacao-600x450.jpg 600w, https:\/\/www.fraterinternacional.org\/wp-content\/uploads\/2020\/01\/04-img-saude-pintolandia_medicacao-800x600.jpg 800w, https:\/\/www.fraterinternacional.org\/wp-content\/uploads\/2020\/01\/04-img-saude-pintolandia_medicacao.jpg 1000w\" sizes=\"(max-width: 400px) 100vw, 400px\" \/>\u00a0\u00a0<\/a> <a href=\"https:\/\/www.fraterinternacional.org\/wp-content\/uploads\/2020\/01\/05-img-saude-pintolandia_vacinacao_pelo_municipio.jpg\"><img decoding=\"async\" class=\"alignnone wp-image-110812\" src=\"https:\/\/www.fraterinternacional.org\/wp-content\/uploads\/2020\/01\/05-img-saude-pintolandia_vacinacao_pelo_municipio.jpg\" alt=\"Jornada de Sa\u00fade no abrigo ind\u00edgena em Pintol\u00e2ndia\" width=\"400\" height=\"300\" srcset=\"https:\/\/www.fraterinternacional.org\/wp-content\/uploads\/2020\/01\/05-img-saude-pintolandia_vacinacao_pelo_municipio-200x150.jpg 200w, https:\/\/www.fraterinternacional.org\/wp-content\/uploads\/2020\/01\/05-img-saude-pintolandia_vacinacao_pelo_municipio-300x225.jpg 300w, https:\/\/www.fraterinternacional.org\/wp-content\/uploads\/2020\/01\/05-img-saude-pintolandia_vacinacao_pelo_municipio-400x300.jpg 400w, https:\/\/www.fraterinternacional.org\/wp-content\/uploads\/2020\/01\/05-img-saude-pintolandia_vacinacao_pelo_municipio-600x450.jpg 600w, https:\/\/www.fraterinternacional.org\/wp-content\/uploads\/2020\/01\/05-img-saude-pintolandia_vacinacao_pelo_municipio-800x600.jpg 800w, https:\/\/www.fraterinternacional.org\/wp-content\/uploads\/2020\/01\/05-img-saude-pintolandia_vacinacao_pelo_municipio.jpg 1000w\" sizes=\"(max-width: 400px) 100vw, 400px\" \/><\/a><\/p>\n<p style=\"text-align: center;\"><span style=\"font-size: 10pt;\"><i>Actualizaci\u00f3n de las vacunas a cargo del personal de Salud Ind\u00edgena de Boa Vista e<br \/>\nidentificaci\u00f3n de focos y casos de malaria promovido por el Centro de Zoonosis<\/i><\/span><\/p>\n<p style=\"font-weight: 400; text-align: justify;\">La segunda etapa fue una jornada educativa, con actividades pedag\u00f3gicas, exhibici\u00f3n y promoci\u00f3n de videos y actividades educativas sobre salud e higiene, as\u00ed como t\u00e9cnicas de lavado y desinfecci\u00f3n de ropas.<\/p>\n<p style=\"font-weight: 400; text-align: justify;\">El d\u00eda 18, en la \u00faltima fase del programa, toda la comunidad albergada se involucr\u00f3 en la promoci\u00f3n de su propia salud al participar en el circuito establecido, as\u00ed como en la distribuci\u00f3n de kits de higiene personal, desinfestaci\u00f3n de colchones, cambio de redes y lavado y corte de cabello.<\/p>\n<p><a href=\"https:\/\/www.fraterinternacional.org\/wp-content\/uploads\/2020\/01\/07-img-saude-pintolandia_corte_de_cabelo.jpg\"><img decoding=\"async\" class=\"wp-image-110818 alignnone\" src=\"https:\/\/www.fraterinternacional.org\/wp-content\/uploads\/2020\/01\/07-img-saude-pintolandia_corte_de_cabelo.jpg\" alt=\"Jornada de Sa\u00fade no abrigo ind\u00edgena em Pintol\u00e2ndia\" width=\"390\" height=\"293\" srcset=\"https:\/\/www.fraterinternacional.org\/wp-content\/uploads\/2020\/01\/07-img-saude-pintolandia_corte_de_cabelo-200x150.jpg 200w, https:\/\/www.fraterinternacional.org\/wp-content\/uploads\/2020\/01\/07-img-saude-pintolandia_corte_de_cabelo-300x225.jpg 300w, https:\/\/www.fraterinternacional.org\/wp-content\/uploads\/2020\/01\/07-img-saude-pintolandia_corte_de_cabelo-400x300.jpg 400w, https:\/\/www.fraterinternacional.org\/wp-content\/uploads\/2020\/01\/07-img-saude-pintolandia_corte_de_cabelo-600x450.jpg 600w, https:\/\/www.fraterinternacional.org\/wp-content\/uploads\/2020\/01\/07-img-saude-pintolandia_corte_de_cabelo-800x600.jpg 800w, https:\/\/www.fraterinternacional.org\/wp-content\/uploads\/2020\/01\/07-img-saude-pintolandia_corte_de_cabelo.jpg 1000w\" sizes=\"(max-width: 390px) 100vw, 390px\" \/>\u00a0\u00a0 <\/a><a href=\"https:\/\/www.fraterinternacional.org\/wp-content\/uploads\/2020\/01\/06-img-saude-pintolandia_criancas_lavando_cabelo.jpg\"><img decoding=\"async\" class=\"alignnone wp-image-110815\" src=\"https:\/\/www.fraterinternacional.org\/wp-content\/uploads\/2020\/01\/06-img-saude-pintolandia_criancas_lavando_cabelo.jpg\" alt=\"Jornada de Sa\u00fade no abrigo ind\u00edgena em Pintol\u00e2ndia\" width=\"389\" height=\"291\" srcset=\"https:\/\/www.fraterinternacional.org\/wp-content\/uploads\/2020\/01\/06-img-saude-pintolandia_criancas_lavando_cabelo-200x150.jpg 200w, https:\/\/www.fraterinternacional.org\/wp-content\/uploads\/2020\/01\/06-img-saude-pintolandia_criancas_lavando_cabelo-300x225.jpg 300w, https:\/\/www.fraterinternacional.org\/wp-content\/uploads\/2020\/01\/06-img-saude-pintolandia_criancas_lavando_cabelo-400x300.jpg 400w, https:\/\/www.fraterinternacional.org\/wp-content\/uploads\/2020\/01\/06-img-saude-pintolandia_criancas_lavando_cabelo-600x450.jpg 600w, https:\/\/www.fraterinternacional.org\/wp-content\/uploads\/2020\/01\/06-img-saude-pintolandia_criancas_lavando_cabelo-800x600.jpg 800w, https:\/\/www.fraterinternacional.org\/wp-content\/uploads\/2020\/01\/06-img-saude-pintolandia_criancas_lavando_cabelo.jpg 1000w\" sizes=\"(max-width: 389px) 100vw, 389px\" \/><\/a><\/p>\n<p style=\"text-align: center;\"><span style=\"font-size: 10pt;\"><em>Quem quisesse e precisasse tamb\u00e9m tinha a op\u00e7\u00e3o de ter o cabelo lavado e cortado.<\/em><\/span><\/p>\n<p style=\"font-weight: 400; text-align: justify;\">La comunidad ind\u00edgena se organiz\u00f3 en varios equipos para llevar a cabo la recolecci\u00f3n de basura, limpieza de las carpas y participaci\u00f3n, a trav\u00e9s de liderazgos, en la organizaci\u00f3n y conducci\u00f3n \u00a0de la comunidad por las etapas de atenci\u00f3n.<\/p>\n<p style=\"font-weight: 400; text-align: justify;\">Fabio, un oficial de campo de la <a href=\"https:\/\/adra.org.br\/\" target=\"_blank\" rel=\"noopener noreferrer\"><strong>Agencia Adventista de Desarrollo y Recursos Asistenciales (ADRA)<\/strong><\/a> y responsable \u00a0del equipo de limpieza de colchones, dijo que era un procedimiento b\u00e1sico y sostenible para eliminar hongos y bacterias acumuladas.<\/p>\n<p><a href=\"https:\/\/www.fraterinternacional.org\/wp-content\/uploads\/2020\/01\/08-img-saude-pintolandiaadra_limpando_colchoes.jpg\"><img decoding=\"async\" class=\"wp-image-110821 alignnone\" src=\"https:\/\/www.fraterinternacional.org\/wp-content\/uploads\/2020\/01\/08-img-saude-pintolandiaadra_limpando_colchoes.jpg\" alt=\"Jornada de Sa\u00fade no abrigo ind\u00edgena em Pintol\u00e2ndia\" width=\"400\" height=\"300\" srcset=\"https:\/\/www.fraterinternacional.org\/wp-content\/uploads\/2020\/01\/08-img-saude-pintolandiaadra_limpando_colchoes-200x150.jpg 200w, https:\/\/www.fraterinternacional.org\/wp-content\/uploads\/2020\/01\/08-img-saude-pintolandiaadra_limpando_colchoes-300x225.jpg 300w, https:\/\/www.fraterinternacional.org\/wp-content\/uploads\/2020\/01\/08-img-saude-pintolandiaadra_limpando_colchoes-400x300.jpg 400w, https:\/\/www.fraterinternacional.org\/wp-content\/uploads\/2020\/01\/08-img-saude-pintolandiaadra_limpando_colchoes-600x450.jpg 600w, https:\/\/www.fraterinternacional.org\/wp-content\/uploads\/2020\/01\/08-img-saude-pintolandiaadra_limpando_colchoes-800x600.jpg 800w, https:\/\/www.fraterinternacional.org\/wp-content\/uploads\/2020\/01\/08-img-saude-pintolandiaadra_limpando_colchoes.jpg 1000w\" sizes=\"(max-width: 400px) 100vw, 400px\" \/>\u00a0\u00a0 <\/a><a href=\"https:\/\/www.fraterinternacional.org\/wp-content\/uploads\/2020\/01\/09-img-saude-pintolandia_colchoes_lavados.jpg\"><img decoding=\"async\" class=\"wp-image-110824 alignnone\" src=\"https:\/\/www.fraterinternacional.org\/wp-content\/uploads\/2020\/01\/09-img-saude-pintolandia_colchoes_lavados.jpg\" alt=\"Jornada de Sa\u00fade no abrigo ind\u00edgena em Pintol\u00e2ndia\" width=\"399\" height=\"300\" srcset=\"https:\/\/www.fraterinternacional.org\/wp-content\/uploads\/2020\/01\/09-img-saude-pintolandia_colchoes_lavados-200x150.jpg 200w, https:\/\/www.fraterinternacional.org\/wp-content\/uploads\/2020\/01\/09-img-saude-pintolandia_colchoes_lavados-300x225.jpg 300w, https:\/\/www.fraterinternacional.org\/wp-content\/uploads\/2020\/01\/09-img-saude-pintolandia_colchoes_lavados-400x300.jpg 400w, https:\/\/www.fraterinternacional.org\/wp-content\/uploads\/2020\/01\/09-img-saude-pintolandia_colchoes_lavados-600x450.jpg 600w, https:\/\/www.fraterinternacional.org\/wp-content\/uploads\/2020\/01\/09-img-saude-pintolandia_colchoes_lavados-800x600.jpg 800w, https:\/\/www.fraterinternacional.org\/wp-content\/uploads\/2020\/01\/09-img-saude-pintolandia_colchoes_lavados.jpg 1000w\" sizes=\"(max-width: 399px) 100vw, 399px\" \/><\/a><\/p>\n<p style=\"font-weight: 400; text-align: justify;\">\u00ab<em>Adem\u00e1s de los productos ser neutros y no da\u00f1inos para el medio ambiente, la higiene tambi\u00e9n permite la reutilizaci\u00f3n del colch\u00f3n\u00bb, dijo, y agreg\u00f3 que \u00abalgo importante, porque no hay un lugar apropiado en la ciudad para deshacerse de este material. El basurero sanitario no admite porque este tipo de material necesita ser quemado de un modo espec\u00edfico<\/em>\u00ab.<\/p>\n<p style=\"font-weight: 400; text-align: justify;\">\u00ab<em>Estoy ayudando a limpiar los colchones y en ese momento tambi\u00e9n hay personas que ayudan a limpiar las carpas. Las personas son colaboradoras y participativas. Estoy muy feliz por lo que est\u00e1n haciendo y por qui\u00e9n participa<\/em>\u00ab, dijo Jhonny Ramos, quien ayud\u00f3 en el proceso y vive desde hace un a\u00f1o en el refugio.<\/p>\n<p style=\"font-weight: 400; text-align: justify;\">Actualmente, el refugio cuenta con m\u00e1s de 588 personas de los grupos \u00e9tnicos Warao y E&#8217;napa, originarios del delta del r\u00edo Orinoco y la Amazon\u00eda venezolana. El prop\u00f3sito de esta acci\u00f3n, m\u00e1s all\u00e1 del apoyo, es que aprendan nuevos h\u00e1bitos para que puedan continuar cuid\u00e1ndose a s\u00ed mismos con una mejor calidad de vida.<\/p>\n<p style=\"font-weight: 400; text-align: justify;\">La actividad fue realizada por una asociaci\u00f3n entre la\u00a0<a href=\"https:\/\/www.fraterinternacional.org\/es\/quienes-somos\/\"><strong>FraternidadeHumanitaria (FFHI)<\/strong>,<\/a> <a href=\"https:\/\/www.acnur.org\/\" target=\"_blank\" rel=\"noopener noreferrer\"><strong>ACNUR<\/strong><\/a>, la <a href=\"https:\/\/adra.org.br\/\" target=\"_blank\" rel=\"noopener noreferrer\"><strong>Agencia Adventista de Desarrollo y Recursos Asistenciales (ADRA)<\/strong><\/a> <strong><a href=\"https:\/\/visaomundial.org\/\" target=\"_blank\" rel=\"noopener noreferrer\">Visi\u00f3n Mundial<\/a><\/strong>, <a href=\"http:\/\/www.eb.mil.br\/\" target=\"_blank\" rel=\"noopener noreferrer\"><strong>Ej\u00e9rcito Brasile\u00f1o<\/strong><\/a>, <a href=\"https:\/\/www.msf.org.br\/\" target=\"_blank\" rel=\"noopener noreferrer\"><strong>M\u00e9dicos Sin Fronteras (MSF)<\/strong><\/a>, Centro de Zoonosis del Municipio de Boa Vista y <strong><a href=\"http:\/\/www.saude.gov.br\/sesai\" target=\"_blank\" rel=\"noopener noreferrer\">Secretar\u00eda de Salud Ind\u00edgena (SESAI)<\/a><\/strong>, adem\u00e1s de los residentes del refugio.<a href=\"https:\/\/www.fraterinternacional.org\/wp-content\/uploads\/2020\/01\/010-img-saude-pintolandia-indicadores.jpg\"><img decoding=\"async\" class=\"size-full wp-image-110827 aligncenter\" src=\"https:\/\/www.fraterinternacional.org\/wp-content\/uploads\/2020\/01\/010-img-saude-pintolandia-indicadores.jpg\" alt=\"Jornada de Sa\u00fade no abrigo ind\u00edgena em Pintol\u00e2ndia\" width=\"1000\" height=\"562\" srcset=\"https:\/\/www.fraterinternacional.org\/wp-content\/uploads\/2020\/01\/010-img-saude-pintolandia-indicadores-200x112.jpg 200w, https:\/\/www.fraterinternacional.org\/wp-content\/uploads\/2020\/01\/010-img-saude-pintolandia-indicadores-300x169.jpg 300w, https:\/\/www.fraterinternacional.org\/wp-content\/uploads\/2020\/01\/010-img-saude-pintolandia-indicadores-400x225.jpg 400w, https:\/\/www.fraterinternacional.org\/wp-content\/uploads\/2020\/01\/010-img-saude-pintolandia-indicadores-600x337.jpg 600w, https:\/\/www.fraterinternacional.org\/wp-content\/uploads\/2020\/01\/010-img-saude-pintolandia-indicadores-800x450.jpg 800w, https:\/\/www.fraterinternacional.org\/wp-content\/uploads\/2020\/01\/010-img-saude-pintolandia-indicadores.jpg 1000w\" sizes=\"(max-width: 1000px) 100vw, 1000px\" \/><\/a><\/p>\n<p><strong><a href=\"https:\/\/www.fraterinternacional.org\/es\/mision-roraima\/\" target=\"_blank\" rel=\"noopener noreferrer\">Conozca la Misi\u00f3n Roraima y sepa como contribuir!<\/a><\/strong><\/p>\n","protected":false},"excerpt":{"rendered":"<p>El 12, 17 y 18 de diciembre, la\u00a0Fraternidade &#8211; Federaci\u00f3n Humanitaria Internacional (FFHI)\u00a0realiz\u00f3 una Jornada de \u00a0Salud para los refugiados [&hellip;]<\/p>\n","protected":false},"author":4,"featured_media":110805,"comment_status":"closed","ping_status":"closed","sticky":false,"template":"","format":"standard","meta":{"footnotes":""},"categories":[173,105],"tags":[],"class_list":["post-110894","post","type-post","status-publish","format-standard","has-post-thumbnail","hentry","category-noticia","category-noticias-de-las-misiones"],"yoast_head":"<!-- This site is optimized with the Yoast SEO Premium plugin v21.0 (Yoast SEO v21.0) - https:\/\/yoast.com\/wordpress\/plugins\/seo\/ -->\n<title>Jornada de Salud en el refugio ind\u00edgena en Pintol\u00e2ndia beneficia a toda la comunidad acogida<\/title>\n<meta name=\"description\" content=\"El 12, 17 y 18 de diciembre, la Fraternidade - Federaci\u00f3n Humanitaria Internacional (FFHI) realiz\u00f3 una Jornada de Salud para los refugiados ind\u00edgenas venezolanos en el refugio de Pintol\u00e2ndia que est\u00e1 bajo su gesti\u00f3n.\" \/>\n<meta name=\"robots\" content=\"index, follow, max-snippet:-1, max-image-preview:large, max-video-preview:-1\" \/>\n<link rel=\"canonical\" href=\"https:\/\/www.fraterinternacional.org\/es\/jornada-de-salud-en-el-refugio-indigena-en-pintolandia-beneficia-toda-la-comunidad-acogida\/\" \/>\n<meta property=\"og:locale\" content=\"es_ES\" \/>\n<meta property=\"og:type\" content=\"article\" \/>\n<meta property=\"og:title\" content=\"Jornada de Salud en el refugio ind\u00edgena en Pintol\u00e2ndia beneficia a toda la comunidad acogida\" \/>\n<meta property=\"og:description\" content=\"El 12, 17 y 18 de diciembre, la Fraternidade - Federaci\u00f3n Humanitaria Internacional (FFHI) realiz\u00f3 una Jornada de Salud para los refugiados ind\u00edgenas venezolanos en el refugio de Pintol\u00e2ndia que est\u00e1 bajo su gesti\u00f3n.\" \/>\n<meta property=\"og:url\" content=\"https:\/\/www.fraterinternacional.org\/es\/jornada-de-salud-en-el-refugio-indigena-en-pintolandia-beneficia-toda-la-comunidad-acogida\/\" \/>\n<meta property=\"og:site_name\" content=\"Fraternidade - Federa\u00e7\u00e3o Humanit\u00e1ria Internacional\" \/>\n<meta property=\"article:publisher\" content=\"https:\/\/www.facebook.com\/fraternidadehumanitaria\" \/>\n<meta property=\"article:published_time\" content=\"2020-01-11T10:51:33+00:00\" \/>\n<meta property=\"article:modified_time\" content=\"2020-01-11T10:52:39+00:00\" \/>\n<meta property=\"og:image\" content=\"https:\/\/www.fraterinternacional.org\/wp-content\/uploads\/2020\/01\/02-img-saude-pintolandia_recepcao.jpg\" \/>\n\t<meta property=\"og:image:width\" content=\"1000\" \/>\n\t<meta property=\"og:image:height\" content=\"750\" \/>\n\t<meta property=\"og:image:type\" content=\"image\/jpeg\" \/>\n<meta name=\"author\" content=\"maducato_admin\" \/>\n<meta name=\"twitter:card\" content=\"summary_large_image\" \/>\n<meta name=\"twitter:creator\" content=\"@fraternidadeFHI\" \/>\n<meta name=\"twitter:site\" content=\"@fraternidadeFHI\" \/>\n<meta name=\"twitter:label1\" content=\"Escrito por\" \/>\n\t<meta name=\"twitter:data1\" content=\"maducato_admin\" \/>\n\t<meta name=\"twitter:label2\" content=\"Tiempo de lectura\" \/>\n\t<meta name=\"twitter:data2\" content=\"3 minutos\" \/>\n<script type=\"application\/ld+json\" class=\"yoast-schema-graph\">{\"@context\":\"https:\/\/schema.org\",\"@graph\":[{\"@type\":\"WebPage\",\"@id\":\"https:\/\/www.fraterinternacional.org\/es\/jornada-de-salud-en-el-refugio-indigena-en-pintolandia-beneficia-toda-la-comunidad-acogida\/\",\"url\":\"https:\/\/www.fraterinternacional.org\/es\/jornada-de-salud-en-el-refugio-indigena-en-pintolandia-beneficia-toda-la-comunidad-acogida\/\",\"name\":\"Jornada de Salud en el refugio ind\u00edgena en Pintol\u00e2ndia beneficia a toda la comunidad acogida\",\"isPartOf\":{\"@id\":\"https:\/\/www.fraterinternacional.org\/es\/#website\"},\"datePublished\":\"2020-01-11T10:51:33+00:00\",\"dateModified\":\"2020-01-11T10:52:39+00:00\",\"author\":{\"@id\":\"https:\/\/www.fraterinternacional.org\/es\/#\/schema\/person\/19cb7a5541fd019768c7fe255d72701e\"},\"description\":\"El 12, 17 y 18 de diciembre, la Fraternidade - Federaci\u00f3n Humanitaria Internacional (FFHI) realiz\u00f3 una Jornada de Salud para los refugiados ind\u00edgenas venezolanos en el refugio de Pintol\u00e2ndia que est\u00e1 bajo su gesti\u00f3n.\",\"breadcrumb\":{\"@id\":\"https:\/\/www.fraterinternacional.org\/es\/jornada-de-salud-en-el-refugio-indigena-en-pintolandia-beneficia-toda-la-comunidad-acogida\/#breadcrumb\"},\"inLanguage\":\"es\",\"potentialAction\":[{\"@type\":\"ReadAction\",\"target\":[\"https:\/\/www.fraterinternacional.org\/es\/jornada-de-salud-en-el-refugio-indigena-en-pintolandia-beneficia-toda-la-comunidad-acogida\/\"]}]},{\"@type\":\"BreadcrumbList\",\"@id\":\"https:\/\/www.fraterinternacional.org\/es\/jornada-de-salud-en-el-refugio-indigena-en-pintolandia-beneficia-toda-la-comunidad-acogida\/#breadcrumb\",\"itemListElement\":[{\"@type\":\"ListItem\",\"position\":1,\"name\":\"In\u00edcio\",\"item\":\"https:\/\/www.fraterinternacional.org\/es\/\"},{\"@type\":\"ListItem\",\"position\":2,\"name\":\"Jornada de Salud en el refugio ind\u00edgena en Pintol\u00e2ndia beneficia a toda la comunidad acogida\"}]},{\"@type\":\"WebSite\",\"@id\":\"https:\/\/www.fraterinternacional.org\/es\/#website\",\"url\":\"https:\/\/www.fraterinternacional.org\/es\/\",\"name\":\"Fraternidade - Federa\u00e7\u00e3o Humanit\u00e1ria Internacional\",\"description\":\"Fraternidade - Federa\u00e7\u00e3o Humanit\u00e1ria Internacional\",\"potentialAction\":[{\"@type\":\"SearchAction\",\"target\":{\"@type\":\"EntryPoint\",\"urlTemplate\":\"https:\/\/www.fraterinternacional.org\/es\/?s={search_term_string}\"},\"query-input\":\"required name=search_term_string\"}],\"inLanguage\":\"es\"},{\"@type\":\"Person\",\"@id\":\"https:\/\/www.fraterinternacional.org\/es\/#\/schema\/person\/19cb7a5541fd019768c7fe255d72701e\",\"name\":\"maducato_admin\"}]}<\/script>\n<!-- \/ Yoast SEO Premium plugin. -->","yoast_head_json":{"title":"Jornada de Salud en el refugio ind\u00edgena en Pintol\u00e2ndia beneficia a toda la comunidad acogida","description":"El 12, 17 y 18 de diciembre, la Fraternidade - Federaci\u00f3n Humanitaria Internacional (FFHI) realiz\u00f3 una Jornada de Salud para los refugiados ind\u00edgenas venezolanos en el refugio de Pintol\u00e2ndia que est\u00e1 bajo su gesti\u00f3n.","robots":{"index":"index","follow":"follow","max-snippet":"max-snippet:-1","max-image-preview":"max-image-preview:large","max-video-preview":"max-video-preview:-1"},"canonical":"https:\/\/www.fraterinternacional.org\/es\/jornada-de-salud-en-el-refugio-indigena-en-pintolandia-beneficia-toda-la-comunidad-acogida\/","og_locale":"es_ES","og_type":"article","og_title":"Jornada de Salud en el refugio ind\u00edgena en Pintol\u00e2ndia beneficia a toda la comunidad acogida","og_description":"El 12, 17 y 18 de diciembre, la Fraternidade - Federaci\u00f3n Humanitaria Internacional (FFHI) realiz\u00f3 una Jornada de Salud para los refugiados ind\u00edgenas venezolanos en el refugio de Pintol\u00e2ndia que est\u00e1 bajo su gesti\u00f3n.","og_url":"https:\/\/www.fraterinternacional.org\/es\/jornada-de-salud-en-el-refugio-indigena-en-pintolandia-beneficia-toda-la-comunidad-acogida\/","og_site_name":"Fraternidade - Federa\u00e7\u00e3o Humanit\u00e1ria Internacional","article_publisher":"https:\/\/www.facebook.com\/fraternidadehumanitaria","article_published_time":"2020-01-11T10:51:33+00:00","article_modified_time":"2020-01-11T10:52:39+00:00","og_image":[{"width":1000,"height":750,"url":"https:\/\/www.fraterinternacional.org\/wp-content\/uploads\/2020\/01\/02-img-saude-pintolandia_recepcao.jpg","type":"image\/jpeg"}],"author":"maducato_admin","twitter_card":"summary_large_image","twitter_creator":"@fraternidadeFHI","twitter_site":"@fraternidadeFHI","twitter_misc":{"Escrito por":"maducato_admin","Tiempo de lectura":"3 minutos"},"schema":{"@context":"https:\/\/schema.org","@graph":[{"@type":"WebPage","@id":"https:\/\/www.fraterinternacional.org\/es\/jornada-de-salud-en-el-refugio-indigena-en-pintolandia-beneficia-toda-la-comunidad-acogida\/","url":"https:\/\/www.fraterinternacional.org\/es\/jornada-de-salud-en-el-refugio-indigena-en-pintolandia-beneficia-toda-la-comunidad-acogida\/","name":"Jornada de Salud en el refugio ind\u00edgena en Pintol\u00e2ndia beneficia a toda la comunidad acogida","isPartOf":{"@id":"https:\/\/www.fraterinternacional.org\/es\/#website"},"datePublished":"2020-01-11T10:51:33+00:00","dateModified":"2020-01-11T10:52:39+00:00","author":{"@id":"https:\/\/www.fraterinternacional.org\/es\/#\/schema\/person\/19cb7a5541fd019768c7fe255d72701e"},"description":"El 12, 17 y 18 de diciembre, la Fraternidade - Federaci\u00f3n Humanitaria Internacional (FFHI) realiz\u00f3 una Jornada de Salud para los refugiados ind\u00edgenas venezolanos en el refugio de Pintol\u00e2ndia que est\u00e1 bajo su gesti\u00f3n.","breadcrumb":{"@id":"https:\/\/www.fraterinternacional.org\/es\/jornada-de-salud-en-el-refugio-indigena-en-pintolandia-beneficia-toda-la-comunidad-acogida\/#breadcrumb"},"inLanguage":"es","potentialAction":[{"@type":"ReadAction","target":["https:\/\/www.fraterinternacional.org\/es\/jornada-de-salud-en-el-refugio-indigena-en-pintolandia-beneficia-toda-la-comunidad-acogida\/"]}]},{"@type":"BreadcrumbList","@id":"https:\/\/www.fraterinternacional.org\/es\/jornada-de-salud-en-el-refugio-indigena-en-pintolandia-beneficia-toda-la-comunidad-acogida\/#breadcrumb","itemListElement":[{"@type":"ListItem","position":1,"name":"In\u00edcio","item":"https:\/\/www.fraterinternacional.org\/es\/"},{"@type":"ListItem","position":2,"name":"Jornada de Salud en el refugio ind\u00edgena en Pintol\u00e2ndia beneficia a toda la comunidad acogida"}]},{"@type":"WebSite","@id":"https:\/\/www.fraterinternacional.org\/es\/#website","url":"https:\/\/www.fraterinternacional.org\/es\/","name":"Fraternidade - Federa\u00e7\u00e3o Humanit\u00e1ria Internacional","description":"Fraternidade - Federa\u00e7\u00e3o Humanit\u00e1ria Internacional","potentialAction":[{"@type":"SearchAction","target":{"@type":"EntryPoint","urlTemplate":"https:\/\/www.fraterinternacional.org\/es\/?s={search_term_string}"},"query-input":"required name=search_term_string"}],"inLanguage":"es"},{"@type":"Person","@id":"https:\/\/www.fraterinternacional.org\/es\/#\/schema\/person\/19cb7a5541fd019768c7fe255d72701e","name":"maducato_admin"}]}},"_links":{"self":[{"href":"https:\/\/www.fraterinternacional.org\/es\/wp-json\/wp\/v2\/posts\/110894"}],"collection":[{"href":"https:\/\/www.fraterinternacional.org\/es\/wp-json\/wp\/v2\/posts"}],"about":[{"href":"https:\/\/www.fraterinternacional.org\/es\/wp-json\/wp\/v2\/types\/post"}],"author":[{"embeddable":true,"href":"https:\/\/www.fraterinternacional.org\/es\/wp-json\/wp\/v2\/users\/4"}],"replies":[{"embeddable":true,"href":"https:\/\/www.fraterinternacional.org\/es\/wp-json\/wp\/v2\/comments?post=110894"}],"version-history":[{"count":0,"href":"https:\/\/www.fraterinternacional.org\/es\/wp-json\/wp\/v2\/posts\/110894\/revisions"}],"wp:featuredmedia":[{"embeddable":true,"href":"https:\/\/www.fraterinternacional.org\/es\/wp-json\/wp\/v2\/media\/110805"}],"wp:attachment":[{"href":"https:\/\/www.fraterinternacional.org\/es\/wp-json\/wp\/v2\/media?parent=110894"}],"wp:term":[{"taxonomy":"category","embeddable":true,"href":"https:\/\/www.fraterinternacional.org\/es\/wp-json\/wp\/v2\/categories?post=110894"},{"taxonomy":"post_tag","embeddable":true,"href":"https:\/\/www.fraterinternacional.org\/es\/wp-json\/wp\/v2\/tags?post=110894"}],"curies":[{"name":"wp","href":"https:\/\/api.w.org\/{rel}","templated":true}]}}