{"id":109892,"date":"2019-12-12T17:33:42","date_gmt":"2019-12-12T20:33:42","guid":{"rendered":"https:\/\/www.fraterinternacional.org\/?p=109892"},"modified":"2019-12-12T17:33:42","modified_gmt":"2019-12-12T20:33:42","slug":"la-produccion-de-panales-ecologicos-de-rede-luz-porto-alegre-llega-manaos","status":"publish","type":"post","link":"https:\/\/www.fraterinternacional.org\/es\/la-produccion-de-panales-ecologicos-de-rede-luz-porto-alegre-llega-manaos\/","title":{"rendered":"La producci\u00f3n de pa\u00f1ales ecol\u00f3gicos de Rede-Luz Porto Alegre llega a Manaos"},"content":{"rendered":"<p><a href=\"https:\/\/www.fraterinternacional.org\/wp-content\/uploads\/2019\/12\/fraldas3.png\"><img decoding=\"async\" class=\"size-full wp-image-109852 aligncenter\" src=\"https:\/\/www.fraterinternacional.org\/wp-content\/uploads\/2019\/12\/fraldas3.png\" alt=\"Produ\u00e7\u00e3o de fraldas ecol\u00f3gicas pela Rede-Luz\" width=\"886\" height=\"664\" srcset=\"https:\/\/www.fraterinternacional.org\/wp-content\/uploads\/2019\/12\/fraldas3-200x150.png 200w, https:\/\/www.fraterinternacional.org\/wp-content\/uploads\/2019\/12\/fraldas3-300x225.png 300w, https:\/\/www.fraterinternacional.org\/wp-content\/uploads\/2019\/12\/fraldas3-400x300.png 400w, https:\/\/www.fraterinternacional.org\/wp-content\/uploads\/2019\/12\/fraldas3-600x450.png 600w, https:\/\/www.fraterinternacional.org\/wp-content\/uploads\/2019\/12\/fraldas3-800x600.png 800w, https:\/\/www.fraterinternacional.org\/wp-content\/uploads\/2019\/12\/fraldas3.png 886w\" sizes=\"(max-width: 886px) 100vw, 886px\" \/><\/a><\/p>\n<p style=\"font-weight: 400; text-align: justify;\">Con la entrega de 60 pa\u00f1ales ecol\u00f3gicos a los refugiados en Manaos, la <strong><a href=\"https:\/\/www.fraterinternacional.org\/es\/red-luz\/\" target=\"_blank\" rel=\"noopener noreferrer\">Red-Luz<\/a><\/strong>\u00a0Porto Alegre cumpli\u00f3 el objetivo del proyecto de iniciativa de la <strong><a href=\"https:\/\/www.fraterinternacional.org\/es\/red-luz\/\" target=\"_blank\" rel=\"noopener noreferrer\">Red-Luz<\/a><\/strong>\u00a0Curitiba para formar agentes multiplicadores para hacer pa\u00f1ales reutilizables y absorbentes para donar a familias pobres y refugiados, inicialmente, de Roraima.<\/p>\n<p style=\"font-weight: 400; text-align: justify;\">Despu\u00e9s del taller realizado en Porto Alegre por la colaboradora Denise de Oliveira Nobre Aguiar, en septiembre de 2018, se hicieron 30 pa\u00f1ales: 10 fueron destinados a la comunidad Rosa M\u00edstica y 20 fueron enviados a Figueira para distribuir en la comunidad necesitada de Carmo da Cachoeira. En esta primera fase, el trabajo se desarroll\u00f3 a trav\u00e9s de mutir\u00f5es (trabajos grupales voluntarios) para marcar y cortar los tejidos. Posteriormente, cada participante de la tarea realiz\u00f3 un paso: una marc\u00f3 y cort\u00f3 las telas y otra cosi\u00f3, puso el el\u00e1stico y termin\u00f3 los pa\u00f1ales.<\/p>\n<p style=\"font-weight: 400; text-align: justify;\">De junio a septiembre de 2019, con m\u00e1s experiencia, el grupo pudo hacer 60 piezas, que se entregaron a los misioneros de la\u00a0<strong><a href=\"https:\/\/www.fraterinternacional.org\/es\/quienes-somos\/\">Fraternidade &#8211; Federaci\u00f3n Humanitaria Internacional (FFHI)<\/a>\u00a0<\/strong>durante la Marat\u00f3n de la Divina Misericordia en Manaos, para distribuir entre los refugiados venezolanos, que llegan cada vez en un n\u00famero mayor.<\/p>\n<p><a href=\"https:\/\/www.fraterinternacional.org\/wp-content\/uploads\/2019\/12\/fraldas2.png\"><img decoding=\"async\" class=\"size-full wp-image-109855 aligncenter\" src=\"https:\/\/www.fraterinternacional.org\/wp-content\/uploads\/2019\/12\/fraldas2.png\" alt=\"Produ\u00e7\u00e3o de fraldas ecol\u00f3gicas pela Rede-Luz\" width=\"886\" height=\"664\" srcset=\"https:\/\/www.fraterinternacional.org\/wp-content\/uploads\/2019\/12\/fraldas2-200x150.png 200w, https:\/\/www.fraterinternacional.org\/wp-content\/uploads\/2019\/12\/fraldas2-300x225.png 300w, https:\/\/www.fraterinternacional.org\/wp-content\/uploads\/2019\/12\/fraldas2-400x300.png 400w, https:\/\/www.fraterinternacional.org\/wp-content\/uploads\/2019\/12\/fraldas2-600x450.png 600w, https:\/\/www.fraterinternacional.org\/wp-content\/uploads\/2019\/12\/fraldas2-800x600.png 800w, https:\/\/www.fraterinternacional.org\/wp-content\/uploads\/2019\/12\/fraldas2.png 886w\" sizes=\"(max-width: 886px) 100vw, 886px\" \/><\/a><\/p>\n<p style=\"font-weight: 400; text-align: justify;\">Claudete Calvi, una de los miembros del grupo, se\u00f1ala que la tarea de hacer pa\u00f1ales\u00a0<em>fue un hermoso ejercicio grupal, en el que uno depend\u00eda de la ejecuci\u00f3n de la tarea del otro hermano; descubrimos nuestras habilidades y nuestras limitaciones, lo que a veces dificultaba el progreso de la producci\u00f3n.<\/em><\/p>\n<p style=\"font-weight: 400; text-align: justify;\">Un ejemplo del servicio conjunto de la\u00a0<strong><a href=\"https:\/\/www.fraterinternacional.org\/es\/red-luz\/\" target=\"_blank\" rel=\"noopener noreferrer\">Red-Luz<\/a><\/strong>\u00a0en beneficio de la fraternidad entre hermanos y de la preservaci\u00f3n del planeta.<\/p>\n<p style=\"font-weight: 400; text-align: justify;\">Para saber c\u00f3mo ayudar este u otros proyectos de voluntariado, cont\u00e1ctenos al (51) 98504 0540 o env\u00ede un correo electr\u00f3nico a\u00a0<em>redeluzpoa@gmail.com<\/em><\/p>\n","protected":false},"excerpt":{"rendered":"<p>Con la entrega de 60 pa\u00f1ales ecol\u00f3gicos a los refugiados en Manaos, la Red-Luz\u00a0Porto Alegre cumpli\u00f3 el objetivo del proyecto [&hellip;]<\/p>\n","protected":false},"author":4,"featured_media":109854,"comment_status":"closed","ping_status":"closed","sticky":false,"template":"","format":"standard","meta":{"footnotes":""},"categories":[173,105],"tags":[],"class_list":["post-109892","post","type-post","status-publish","format-standard","has-post-thumbnail","hentry","category-noticia","category-noticias-de-las-misiones"],"yoast_head":"<!-- This site is optimized with the Yoast SEO Premium plugin v21.0 (Yoast SEO v21.0) - https:\/\/yoast.com\/wordpress\/plugins\/seo\/ -->\n<title>La producci\u00f3n de pa\u00f1ales ecol\u00f3gicos de Rede-Luz Porto Alegre llega a Manaos<\/title>\n<meta name=\"description\" content=\"Con la entrega de 60 pa\u00f1ales ecol\u00f3gicos a los refugiados en Manaos, la Red-Luz\u00a0Porto Alegre cumpli\u00f3 el objetivo del proyecto de iniciativa de la Red-Luz\u00a0Curitiba\" \/>\n<meta name=\"robots\" content=\"index, follow, max-snippet:-1, max-image-preview:large, max-video-preview:-1\" \/>\n<link rel=\"canonical\" href=\"https:\/\/www.fraterinternacional.org\/es\/la-produccion-de-panales-ecologicos-de-rede-luz-porto-alegre-llega-manaos\/\" \/>\n<meta property=\"og:locale\" content=\"es_ES\" \/>\n<meta property=\"og:type\" content=\"article\" \/>\n<meta property=\"og:title\" content=\"La producci\u00f3n de pa\u00f1ales ecol\u00f3gicos de Rede-Luz Porto Alegre llega a Manaos\" \/>\n<meta property=\"og:description\" content=\"Con la entrega de 60 pa\u00f1ales ecol\u00f3gicos a los refugiados en Manaos, la Red-Luz\u00a0Porto Alegre cumpli\u00f3 el objetivo del proyecto de iniciativa de la Red-Luz\u00a0Curitiba\" \/>\n<meta property=\"og:url\" content=\"https:\/\/www.fraterinternacional.org\/es\/la-produccion-de-panales-ecologicos-de-rede-luz-porto-alegre-llega-manaos\/\" \/>\n<meta property=\"og:site_name\" content=\"Fraternidade - Federa\u00e7\u00e3o Humanit\u00e1ria Internacional\" \/>\n<meta property=\"article:publisher\" content=\"https:\/\/www.facebook.com\/fraternidadehumanitaria\" \/>\n<meta property=\"article:published_time\" content=\"2019-12-12T20:33:42+00:00\" \/>\n<meta property=\"og:image\" content=\"https:\/\/www.fraterinternacional.org\/wp-content\/uploads\/2019\/12\/fraldas3.png\" \/>\n\t<meta property=\"og:image:width\" content=\"886\" \/>\n\t<meta property=\"og:image:height\" content=\"664\" \/>\n\t<meta property=\"og:image:type\" content=\"image\/png\" \/>\n<meta name=\"author\" content=\"maducato_admin\" \/>\n<meta name=\"twitter:card\" content=\"summary_large_image\" \/>\n<meta name=\"twitter:creator\" content=\"@fraternidadeFHI\" \/>\n<meta name=\"twitter:site\" content=\"@fraternidadeFHI\" \/>\n<meta name=\"twitter:label1\" content=\"Escrito por\" \/>\n\t<meta name=\"twitter:data1\" content=\"maducato_admin\" \/>\n\t<meta name=\"twitter:label2\" content=\"Tiempo de lectura\" \/>\n\t<meta name=\"twitter:data2\" content=\"2 minutos\" \/>\n<script type=\"application\/ld+json\" class=\"yoast-schema-graph\">{\"@context\":\"https:\/\/schema.org\",\"@graph\":[{\"@type\":\"WebPage\",\"@id\":\"https:\/\/www.fraterinternacional.org\/es\/la-produccion-de-panales-ecologicos-de-rede-luz-porto-alegre-llega-manaos\/\",\"url\":\"https:\/\/www.fraterinternacional.org\/es\/la-produccion-de-panales-ecologicos-de-rede-luz-porto-alegre-llega-manaos\/\",\"name\":\"La producci\u00f3n de pa\u00f1ales ecol\u00f3gicos de Rede-Luz Porto Alegre llega a Manaos\",\"isPartOf\":{\"@id\":\"https:\/\/www.fraterinternacional.org\/es\/#website\"},\"datePublished\":\"2019-12-12T20:33:42+00:00\",\"dateModified\":\"2019-12-12T20:33:42+00:00\",\"author\":{\"@id\":\"https:\/\/www.fraterinternacional.org\/es\/#\/schema\/person\/19cb7a5541fd019768c7fe255d72701e\"},\"description\":\"Con la entrega de 60 pa\u00f1ales ecol\u00f3gicos a los refugiados en Manaos, la Red-Luz\u00a0Porto Alegre cumpli\u00f3 el objetivo del proyecto de iniciativa de la Red-Luz\u00a0Curitiba\",\"breadcrumb\":{\"@id\":\"https:\/\/www.fraterinternacional.org\/es\/la-produccion-de-panales-ecologicos-de-rede-luz-porto-alegre-llega-manaos\/#breadcrumb\"},\"inLanguage\":\"es\",\"potentialAction\":[{\"@type\":\"ReadAction\",\"target\":[\"https:\/\/www.fraterinternacional.org\/es\/la-produccion-de-panales-ecologicos-de-rede-luz-porto-alegre-llega-manaos\/\"]}]},{\"@type\":\"BreadcrumbList\",\"@id\":\"https:\/\/www.fraterinternacional.org\/es\/la-produccion-de-panales-ecologicos-de-rede-luz-porto-alegre-llega-manaos\/#breadcrumb\",\"itemListElement\":[{\"@type\":\"ListItem\",\"position\":1,\"name\":\"In\u00edcio\",\"item\":\"https:\/\/www.fraterinternacional.org\/es\/\"},{\"@type\":\"ListItem\",\"position\":2,\"name\":\"La producci\u00f3n de pa\u00f1ales ecol\u00f3gicos de Rede-Luz Porto Alegre llega a Manaos\"}]},{\"@type\":\"WebSite\",\"@id\":\"https:\/\/www.fraterinternacional.org\/es\/#website\",\"url\":\"https:\/\/www.fraterinternacional.org\/es\/\",\"name\":\"Fraternidade - Federa\u00e7\u00e3o Humanit\u00e1ria Internacional\",\"description\":\"Fraternidade - Federa\u00e7\u00e3o Humanit\u00e1ria Internacional\",\"potentialAction\":[{\"@type\":\"SearchAction\",\"target\":{\"@type\":\"EntryPoint\",\"urlTemplate\":\"https:\/\/www.fraterinternacional.org\/es\/?s={search_term_string}\"},\"query-input\":\"required name=search_term_string\"}],\"inLanguage\":\"es\"},{\"@type\":\"Person\",\"@id\":\"https:\/\/www.fraterinternacional.org\/es\/#\/schema\/person\/19cb7a5541fd019768c7fe255d72701e\",\"name\":\"maducato_admin\"}]}<\/script>\n<!-- \/ Yoast SEO Premium plugin. -->","yoast_head_json":{"title":"La producci\u00f3n de pa\u00f1ales ecol\u00f3gicos de Rede-Luz Porto Alegre llega a Manaos","description":"Con la entrega de 60 pa\u00f1ales ecol\u00f3gicos a los refugiados en Manaos, la Red-Luz\u00a0Porto Alegre cumpli\u00f3 el objetivo del proyecto de iniciativa de la Red-Luz\u00a0Curitiba","robots":{"index":"index","follow":"follow","max-snippet":"max-snippet:-1","max-image-preview":"max-image-preview:large","max-video-preview":"max-video-preview:-1"},"canonical":"https:\/\/www.fraterinternacional.org\/es\/la-produccion-de-panales-ecologicos-de-rede-luz-porto-alegre-llega-manaos\/","og_locale":"es_ES","og_type":"article","og_title":"La producci\u00f3n de pa\u00f1ales ecol\u00f3gicos de Rede-Luz Porto Alegre llega a Manaos","og_description":"Con la entrega de 60 pa\u00f1ales ecol\u00f3gicos a los refugiados en Manaos, la Red-Luz\u00a0Porto Alegre cumpli\u00f3 el objetivo del proyecto de iniciativa de la Red-Luz\u00a0Curitiba","og_url":"https:\/\/www.fraterinternacional.org\/es\/la-produccion-de-panales-ecologicos-de-rede-luz-porto-alegre-llega-manaos\/","og_site_name":"Fraternidade - Federa\u00e7\u00e3o Humanit\u00e1ria Internacional","article_publisher":"https:\/\/www.facebook.com\/fraternidadehumanitaria","article_published_time":"2019-12-12T20:33:42+00:00","og_image":[{"url":"https:\/\/www.fraterinternacional.org\/wp-content\/uploads\/2019\/12\/fraldas3.png","width":886,"height":664,"type":"image\/png"}],"author":"maducato_admin","twitter_card":"summary_large_image","twitter_creator":"@fraternidadeFHI","twitter_site":"@fraternidadeFHI","twitter_misc":{"Escrito por":"maducato_admin","Tiempo de lectura":"2 minutos"},"schema":{"@context":"https:\/\/schema.org","@graph":[{"@type":"WebPage","@id":"https:\/\/www.fraterinternacional.org\/es\/la-produccion-de-panales-ecologicos-de-rede-luz-porto-alegre-llega-manaos\/","url":"https:\/\/www.fraterinternacional.org\/es\/la-produccion-de-panales-ecologicos-de-rede-luz-porto-alegre-llega-manaos\/","name":"La producci\u00f3n de pa\u00f1ales ecol\u00f3gicos de Rede-Luz Porto Alegre llega a Manaos","isPartOf":{"@id":"https:\/\/www.fraterinternacional.org\/es\/#website"},"datePublished":"2019-12-12T20:33:42+00:00","dateModified":"2019-12-12T20:33:42+00:00","author":{"@id":"https:\/\/www.fraterinternacional.org\/es\/#\/schema\/person\/19cb7a5541fd019768c7fe255d72701e"},"description":"Con la entrega de 60 pa\u00f1ales ecol\u00f3gicos a los refugiados en Manaos, la Red-Luz\u00a0Porto Alegre cumpli\u00f3 el objetivo del proyecto de iniciativa de la Red-Luz\u00a0Curitiba","breadcrumb":{"@id":"https:\/\/www.fraterinternacional.org\/es\/la-produccion-de-panales-ecologicos-de-rede-luz-porto-alegre-llega-manaos\/#breadcrumb"},"inLanguage":"es","potentialAction":[{"@type":"ReadAction","target":["https:\/\/www.fraterinternacional.org\/es\/la-produccion-de-panales-ecologicos-de-rede-luz-porto-alegre-llega-manaos\/"]}]},{"@type":"BreadcrumbList","@id":"https:\/\/www.fraterinternacional.org\/es\/la-produccion-de-panales-ecologicos-de-rede-luz-porto-alegre-llega-manaos\/#breadcrumb","itemListElement":[{"@type":"ListItem","position":1,"name":"In\u00edcio","item":"https:\/\/www.fraterinternacional.org\/es\/"},{"@type":"ListItem","position":2,"name":"La producci\u00f3n de pa\u00f1ales ecol\u00f3gicos de Rede-Luz Porto Alegre llega a Manaos"}]},{"@type":"WebSite","@id":"https:\/\/www.fraterinternacional.org\/es\/#website","url":"https:\/\/www.fraterinternacional.org\/es\/","name":"Fraternidade - Federa\u00e7\u00e3o Humanit\u00e1ria Internacional","description":"Fraternidade - Federa\u00e7\u00e3o Humanit\u00e1ria Internacional","potentialAction":[{"@type":"SearchAction","target":{"@type":"EntryPoint","urlTemplate":"https:\/\/www.fraterinternacional.org\/es\/?s={search_term_string}"},"query-input":"required name=search_term_string"}],"inLanguage":"es"},{"@type":"Person","@id":"https:\/\/www.fraterinternacional.org\/es\/#\/schema\/person\/19cb7a5541fd019768c7fe255d72701e","name":"maducato_admin"}]}},"_links":{"self":[{"href":"https:\/\/www.fraterinternacional.org\/es\/wp-json\/wp\/v2\/posts\/109892"}],"collection":[{"href":"https:\/\/www.fraterinternacional.org\/es\/wp-json\/wp\/v2\/posts"}],"about":[{"href":"https:\/\/www.fraterinternacional.org\/es\/wp-json\/wp\/v2\/types\/post"}],"author":[{"embeddable":true,"href":"https:\/\/www.fraterinternacional.org\/es\/wp-json\/wp\/v2\/users\/4"}],"replies":[{"embeddable":true,"href":"https:\/\/www.fraterinternacional.org\/es\/wp-json\/wp\/v2\/comments?post=109892"}],"version-history":[{"count":0,"href":"https:\/\/www.fraterinternacional.org\/es\/wp-json\/wp\/v2\/posts\/109892\/revisions"}],"wp:featuredmedia":[{"embeddable":true,"href":"https:\/\/www.fraterinternacional.org\/es\/wp-json\/wp\/v2\/media\/109854"}],"wp:attachment":[{"href":"https:\/\/www.fraterinternacional.org\/es\/wp-json\/wp\/v2\/media?parent=109892"}],"wp:term":[{"taxonomy":"category","embeddable":true,"href":"https:\/\/www.fraterinternacional.org\/es\/wp-json\/wp\/v2\/categories?post=109892"},{"taxonomy":"post_tag","embeddable":true,"href":"https:\/\/www.fraterinternacional.org\/es\/wp-json\/wp\/v2\/tags?post=109892"}],"curies":[{"name":"wp","href":"https:\/\/api.w.org\/{rel}","templated":true}]}}