{"id":109294,"date":"2019-11-26T13:03:22","date_gmt":"2019-11-26T16:03:22","guid":{"rendered":"https:\/\/www.fraterinternacional.org\/?p=109294"},"modified":"2019-11-26T13:03:22","modified_gmt":"2019-11-26T16:03:22","slug":"la-mision-chaco-en-argentina-asiste-dos-comunidades-de-la-etnia-qom","status":"publish","type":"post","link":"https:\/\/www.fraterinternacional.org\/es\/la-mision-chaco-en-argentina-asiste-dos-comunidades-de-la-etnia-qom\/","title":{"rendered":"La Misi\u00f3n Chaco en Argentina asiste a dos comunidades de la etnia Qom"},"content":{"rendered":"<p style=\"font-weight: 400; text-align: justify;\">La <a href=\"https:\/\/www.fraterinternacional.org\/es\/mision-chaco\/\" target=\"_blank\" rel=\"noopener noreferrer\"><strong>Misi\u00f3n Chaco<\/strong><\/a> es una misi\u00f3n recurrente que se realiza aproximadamente cada tres meses, donde se visitan diferentes comunidades Qom. En octubre de este a\u00f1o, el grupo <strong><a href=\"https:\/\/www.fraterinternacional.org\/es\/red-luz\/\">Rede-Luz<\/a><\/strong> Chaco, afiliado a la <a href=\"https:\/\/www.fraterinternacional.org\/es\/misiones-humanitarias\/\" target=\"_blank\" rel=\"noopener noreferrer\"><strong>Fraternidade &#8211; Federaci\u00f3n Humanitaria Internacional FFHI<\/strong><\/a>, se organiz\u00f3 para satisfacer las necesidades m\u00e1s urgentes de estas comunidades.<\/p>\n<p><a href=\"https:\/\/www.fraterinternacional.org\/wp-content\/uploads\/2019\/11\/capachaco01.jpg\"><img decoding=\"async\" class=\"size-full wp-image-109190 aligncenter\" src=\"https:\/\/www.fraterinternacional.org\/wp-content\/uploads\/2019\/11\/capachaco01.jpg\" alt=\"Miss\u00e3o Chaco\" width=\"800\" height=\"533\" srcset=\"https:\/\/www.fraterinternacional.org\/wp-content\/uploads\/2019\/11\/capachaco01-200x133.jpg 200w, https:\/\/www.fraterinternacional.org\/wp-content\/uploads\/2019\/11\/capachaco01-300x200.jpg 300w, https:\/\/www.fraterinternacional.org\/wp-content\/uploads\/2019\/11\/capachaco01-400x267.jpg 400w, https:\/\/www.fraterinternacional.org\/wp-content\/uploads\/2019\/11\/capachaco01-600x400.jpg 600w, https:\/\/www.fraterinternacional.org\/wp-content\/uploads\/2019\/11\/capachaco01.jpg 800w\" sizes=\"(max-width: 800px) 100vw, 800px\" \/><\/a><\/p>\n<p style=\"font-weight: 400; text-align: justify;\">Participaron unas 35 personas, incluidos voluntarios del Monasterio de la Hermandad, <strong><a href=\"https:\/\/www.fraterinternacional.org\/es\/red-luz\/\">Rede-Luz<\/a><\/strong>\u00a0Norte y Juventud Misionera por la Paz, que representaron a diferentes provincias de Argentina.<\/p>\n<p style=\"font-weight: 400; text-align: justify;\">Las comunidades visitadas fueron Cacique Pelayo y Puerto Tirol, incluida la fundaci\u00f3n de rescate de animales \u00abLiberar\u00bb, que se dedica a rescatar caballos del maltrato animal.<\/p>\n<p style=\"font-weight: 400; text-align: justify;\">Durante la visita solidaria a la comunidad de Cacique Pelayo se llevaron a cabo varias actividades, dentro de ellas la limpieza y mantenimiento de lugares comunes, as\u00ed como\u00a0 cuidados personales de peluquer\u00eda e higiene.<\/p>\n<p style=\"font-weight: 400; text-align: justify;\">El d\u00eda continu\u00f3 con recreaciones, pinturas, juegos de mesa, pintura de caras, marionetas, y poco despu\u00e9s el grupo fue invitado a almorzar.<\/p>\n<p><a href=\"https:\/\/www.fraterinternacional.org\/wp-content\/uploads\/2019\/11\/img-chaco02.jpg\"><img decoding=\"async\" class=\"size-full wp-image-109194 aligncenter\" src=\"https:\/\/www.fraterinternacional.org\/wp-content\/uploads\/2019\/11\/img-chaco02.jpg\" alt=\"Miss\u00e3o Chaco\" width=\"800\" height=\"533\" srcset=\"https:\/\/www.fraterinternacional.org\/wp-content\/uploads\/2019\/11\/img-chaco02-200x133.jpg 200w, https:\/\/www.fraterinternacional.org\/wp-content\/uploads\/2019\/11\/img-chaco02-300x200.jpg 300w, https:\/\/www.fraterinternacional.org\/wp-content\/uploads\/2019\/11\/img-chaco02-400x267.jpg 400w, https:\/\/www.fraterinternacional.org\/wp-content\/uploads\/2019\/11\/img-chaco02-600x400.jpg 600w, https:\/\/www.fraterinternacional.org\/wp-content\/uploads\/2019\/11\/img-chaco02.jpg 800w\" sizes=\"(max-width: 800px) 100vw, 800px\" \/><\/a><\/p>\n<p style=\"font-weight: 400; text-align: justify;\">\u00ab<em>Las actividades fluyeron con armon\u00eda y fraternidad<\/em>\u00ab, coment\u00f3 Ricardo Baumgartner, quien particip\u00f3 por primera vez en esta misi\u00f3n.<\/p>\n<p style=\"font-weight: 400; text-align: justify;\">La comunidad de Puerto Tirol fue atendida de manera similar, adem\u00e1s de ser asistida por voluntarios en la preparaci\u00f3n y siembra de un huerto org\u00e1nico.<\/p>\n<p style=\"font-weight: 400; text-align: justify;\">Los animales fueron vacunados y desparasitados en ambas comunidades que, por primera vez, recibieron a una veterinaria que atendi\u00f3 a todos los animales tra\u00eddos por los propios residentes.<\/p>\n<p><a href=\"https:\/\/www.fraterinternacional.org\/wp-content\/uploads\/2019\/11\/img-chaco01.jpg\"><img decoding=\"async\" class=\"size-full wp-image-109197 aligncenter\" src=\"https:\/\/www.fraterinternacional.org\/wp-content\/uploads\/2019\/11\/img-chaco01.jpg\" alt=\"Miss\u00e3o Chaco\" width=\"800\" height=\"533\" srcset=\"https:\/\/www.fraterinternacional.org\/wp-content\/uploads\/2019\/11\/img-chaco01-200x133.jpg 200w, https:\/\/www.fraterinternacional.org\/wp-content\/uploads\/2019\/11\/img-chaco01-300x200.jpg 300w, https:\/\/www.fraterinternacional.org\/wp-content\/uploads\/2019\/11\/img-chaco01-400x267.jpg 400w, https:\/\/www.fraterinternacional.org\/wp-content\/uploads\/2019\/11\/img-chaco01-600x400.jpg 600w, https:\/\/www.fraterinternacional.org\/wp-content\/uploads\/2019\/11\/img-chaco01.jpg 800w\" sizes=\"(max-width: 800px) 100vw, 800px\" \/><\/a><\/p>\n<p style=\"font-weight: 400; text-align: justify;\">Cuando regresaron a la base para realizar los preparativos para el otro d\u00eda de actividad, Ricardo ofreci\u00f3 capacitaci\u00f3n a todos los participantes quienes, seg\u00fan Anah\u00ed Fern\u00e1ndez, \u00ab.<em>.. ayud\u00f3 a aclarar algunas dudas sobre qu\u00e9 son las misiones<\/em>\u00ab.<\/p>\n<p style=\"font-weight: 400; text-align: justify;\">El segundo d\u00eda, se visit\u00f3 la Fundaci\u00f3n\u00a0\u201cLiberar\u201d, a 15 km de Resistencia, la capital del Chaco, donde se alojan aproximadamente 45 caballos.<\/p>\n<p style=\"font-weight: 400; text-align: justify;\">Entre otras tareas, se realiz\u00f3 la limpieza de los espacios internos y externos, la pintura de la pared externa y la organizaci\u00f3n del lugar donde se almacena el alimento para animales.<\/p>\n<p style=\"font-weight: 400; text-align: justify;\">Para Marcos Renaudo, coordinador de la Red-Luz Chaco \u00ab&#8230; <em>est\u00e1 claro que el grupo se encuentra en una etapa de profundizaci\u00f3n en la tarea, especialmente en el v\u00ednculo con las comunidades, dando otra dimensi\u00f3n a este servicio, m\u00e1s all\u00e1 de la pr\u00e1ctica<\/em>\u00ab, concluye.<\/p>\n","protected":false},"excerpt":{"rendered":"<p>La Misi\u00f3n Chaco es una misi\u00f3n recurrente que se realiza aproximadamente cada tres meses, donde se visitan diferentes comunidades Qom. [&hellip;]<\/p>\n","protected":false},"author":4,"featured_media":109192,"comment_status":"closed","ping_status":"closed","sticky":false,"template":"","format":"standard","meta":{"footnotes":""},"categories":[173,105],"tags":[],"class_list":["post-109294","post","type-post","status-publish","format-standard","has-post-thumbnail","hentry","category-noticia","category-noticias-de-las-misiones"],"yoast_head":"<!-- This site is optimized with the Yoast SEO Premium plugin v21.0 (Yoast SEO v21.0) - https:\/\/yoast.com\/wordpress\/plugins\/seo\/ -->\n<title>La Misi\u00f3n Chaco en Argentina asiste a dos comunidades de la etnia Qom<\/title>\n<meta name=\"description\" content=\"La Misi\u00f3n Chaco es una misi\u00f3n recurrente que se realiza aproximadamente cada tres meses, donde se visitan diferentes comunidades Qom.\" \/>\n<meta name=\"robots\" content=\"index, follow, max-snippet:-1, max-image-preview:large, max-video-preview:-1\" \/>\n<link rel=\"canonical\" href=\"https:\/\/www.fraterinternacional.org\/es\/la-mision-chaco-en-argentina-asiste-dos-comunidades-de-la-etnia-qom\/\" \/>\n<meta property=\"og:locale\" content=\"es_ES\" \/>\n<meta property=\"og:type\" content=\"article\" \/>\n<meta property=\"og:title\" content=\"La Misi\u00f3n Chaco en Argentina asiste a dos comunidades de la etnia Qom\" \/>\n<meta property=\"og:description\" content=\"La Misi\u00f3n Chaco es una misi\u00f3n recurrente que se realiza aproximadamente cada tres meses, donde se visitan diferentes comunidades Qom.\" \/>\n<meta property=\"og:url\" content=\"https:\/\/www.fraterinternacional.org\/es\/la-mision-chaco-en-argentina-asiste-dos-comunidades-de-la-etnia-qom\/\" \/>\n<meta property=\"og:site_name\" content=\"Fraternidade - Federa\u00e7\u00e3o Humanit\u00e1ria Internacional\" \/>\n<meta property=\"article:publisher\" content=\"https:\/\/www.facebook.com\/fraternidadehumanitaria\" \/>\n<meta property=\"article:published_time\" content=\"2019-11-26T16:03:22+00:00\" \/>\n<meta property=\"og:image\" content=\"https:\/\/www.fraterinternacional.org\/wp-content\/uploads\/2019\/11\/capachaco01.jpg\" \/>\n\t<meta property=\"og:image:width\" content=\"800\" \/>\n\t<meta property=\"og:image:height\" content=\"533\" \/>\n\t<meta property=\"og:image:type\" content=\"image\/jpeg\" \/>\n<meta name=\"author\" content=\"maducato_admin\" \/>\n<meta name=\"twitter:card\" content=\"summary_large_image\" \/>\n<meta name=\"twitter:creator\" content=\"@fraternidadeFHI\" \/>\n<meta name=\"twitter:site\" content=\"@fraternidadeFHI\" \/>\n<meta name=\"twitter:label1\" content=\"Escrito por\" \/>\n\t<meta name=\"twitter:data1\" content=\"maducato_admin\" \/>\n\t<meta name=\"twitter:label2\" content=\"Tiempo de lectura\" \/>\n\t<meta name=\"twitter:data2\" content=\"2 minutos\" \/>\n<script type=\"application\/ld+json\" class=\"yoast-schema-graph\">{\"@context\":\"https:\/\/schema.org\",\"@graph\":[{\"@type\":\"WebPage\",\"@id\":\"https:\/\/www.fraterinternacional.org\/es\/la-mision-chaco-en-argentina-asiste-dos-comunidades-de-la-etnia-qom\/\",\"url\":\"https:\/\/www.fraterinternacional.org\/es\/la-mision-chaco-en-argentina-asiste-dos-comunidades-de-la-etnia-qom\/\",\"name\":\"La Misi\u00f3n Chaco en Argentina asiste a dos comunidades de la etnia Qom\",\"isPartOf\":{\"@id\":\"https:\/\/www.fraterinternacional.org\/es\/#website\"},\"datePublished\":\"2019-11-26T16:03:22+00:00\",\"dateModified\":\"2019-11-26T16:03:22+00:00\",\"author\":{\"@id\":\"https:\/\/www.fraterinternacional.org\/es\/#\/schema\/person\/19cb7a5541fd019768c7fe255d72701e\"},\"description\":\"La Misi\u00f3n Chaco es una misi\u00f3n recurrente que se realiza aproximadamente cada tres meses, donde se visitan diferentes comunidades Qom.\",\"breadcrumb\":{\"@id\":\"https:\/\/www.fraterinternacional.org\/es\/la-mision-chaco-en-argentina-asiste-dos-comunidades-de-la-etnia-qom\/#breadcrumb\"},\"inLanguage\":\"es\",\"potentialAction\":[{\"@type\":\"ReadAction\",\"target\":[\"https:\/\/www.fraterinternacional.org\/es\/la-mision-chaco-en-argentina-asiste-dos-comunidades-de-la-etnia-qom\/\"]}]},{\"@type\":\"BreadcrumbList\",\"@id\":\"https:\/\/www.fraterinternacional.org\/es\/la-mision-chaco-en-argentina-asiste-dos-comunidades-de-la-etnia-qom\/#breadcrumb\",\"itemListElement\":[{\"@type\":\"ListItem\",\"position\":1,\"name\":\"In\u00edcio\",\"item\":\"https:\/\/www.fraterinternacional.org\/es\/\"},{\"@type\":\"ListItem\",\"position\":2,\"name\":\"La Misi\u00f3n Chaco en Argentina asiste a dos comunidades de la etnia Qom\"}]},{\"@type\":\"WebSite\",\"@id\":\"https:\/\/www.fraterinternacional.org\/es\/#website\",\"url\":\"https:\/\/www.fraterinternacional.org\/es\/\",\"name\":\"Fraternidade - Federa\u00e7\u00e3o Humanit\u00e1ria Internacional\",\"description\":\"Fraternidade - Federa\u00e7\u00e3o Humanit\u00e1ria Internacional\",\"potentialAction\":[{\"@type\":\"SearchAction\",\"target\":{\"@type\":\"EntryPoint\",\"urlTemplate\":\"https:\/\/www.fraterinternacional.org\/es\/?s={search_term_string}\"},\"query-input\":\"required name=search_term_string\"}],\"inLanguage\":\"es\"},{\"@type\":\"Person\",\"@id\":\"https:\/\/www.fraterinternacional.org\/es\/#\/schema\/person\/19cb7a5541fd019768c7fe255d72701e\",\"name\":\"maducato_admin\"}]}<\/script>\n<!-- \/ Yoast SEO Premium plugin. -->","yoast_head_json":{"title":"La Misi\u00f3n Chaco en Argentina asiste a dos comunidades de la etnia Qom","description":"La Misi\u00f3n Chaco es una misi\u00f3n recurrente que se realiza aproximadamente cada tres meses, donde se visitan diferentes comunidades Qom.","robots":{"index":"index","follow":"follow","max-snippet":"max-snippet:-1","max-image-preview":"max-image-preview:large","max-video-preview":"max-video-preview:-1"},"canonical":"https:\/\/www.fraterinternacional.org\/es\/la-mision-chaco-en-argentina-asiste-dos-comunidades-de-la-etnia-qom\/","og_locale":"es_ES","og_type":"article","og_title":"La Misi\u00f3n Chaco en Argentina asiste a dos comunidades de la etnia Qom","og_description":"La Misi\u00f3n Chaco es una misi\u00f3n recurrente que se realiza aproximadamente cada tres meses, donde se visitan diferentes comunidades Qom.","og_url":"https:\/\/www.fraterinternacional.org\/es\/la-mision-chaco-en-argentina-asiste-dos-comunidades-de-la-etnia-qom\/","og_site_name":"Fraternidade - Federa\u00e7\u00e3o Humanit\u00e1ria Internacional","article_publisher":"https:\/\/www.facebook.com\/fraternidadehumanitaria","article_published_time":"2019-11-26T16:03:22+00:00","og_image":[{"width":800,"height":533,"url":"https:\/\/www.fraterinternacional.org\/wp-content\/uploads\/2019\/11\/capachaco01.jpg","type":"image\/jpeg"}],"author":"maducato_admin","twitter_card":"summary_large_image","twitter_creator":"@fraternidadeFHI","twitter_site":"@fraternidadeFHI","twitter_misc":{"Escrito por":"maducato_admin","Tiempo de lectura":"2 minutos"},"schema":{"@context":"https:\/\/schema.org","@graph":[{"@type":"WebPage","@id":"https:\/\/www.fraterinternacional.org\/es\/la-mision-chaco-en-argentina-asiste-dos-comunidades-de-la-etnia-qom\/","url":"https:\/\/www.fraterinternacional.org\/es\/la-mision-chaco-en-argentina-asiste-dos-comunidades-de-la-etnia-qom\/","name":"La Misi\u00f3n Chaco en Argentina asiste a dos comunidades de la etnia Qom","isPartOf":{"@id":"https:\/\/www.fraterinternacional.org\/es\/#website"},"datePublished":"2019-11-26T16:03:22+00:00","dateModified":"2019-11-26T16:03:22+00:00","author":{"@id":"https:\/\/www.fraterinternacional.org\/es\/#\/schema\/person\/19cb7a5541fd019768c7fe255d72701e"},"description":"La Misi\u00f3n Chaco es una misi\u00f3n recurrente que se realiza aproximadamente cada tres meses, donde se visitan diferentes comunidades Qom.","breadcrumb":{"@id":"https:\/\/www.fraterinternacional.org\/es\/la-mision-chaco-en-argentina-asiste-dos-comunidades-de-la-etnia-qom\/#breadcrumb"},"inLanguage":"es","potentialAction":[{"@type":"ReadAction","target":["https:\/\/www.fraterinternacional.org\/es\/la-mision-chaco-en-argentina-asiste-dos-comunidades-de-la-etnia-qom\/"]}]},{"@type":"BreadcrumbList","@id":"https:\/\/www.fraterinternacional.org\/es\/la-mision-chaco-en-argentina-asiste-dos-comunidades-de-la-etnia-qom\/#breadcrumb","itemListElement":[{"@type":"ListItem","position":1,"name":"In\u00edcio","item":"https:\/\/www.fraterinternacional.org\/es\/"},{"@type":"ListItem","position":2,"name":"La Misi\u00f3n Chaco en Argentina asiste a dos comunidades de la etnia Qom"}]},{"@type":"WebSite","@id":"https:\/\/www.fraterinternacional.org\/es\/#website","url":"https:\/\/www.fraterinternacional.org\/es\/","name":"Fraternidade - Federa\u00e7\u00e3o Humanit\u00e1ria Internacional","description":"Fraternidade - Federa\u00e7\u00e3o Humanit\u00e1ria Internacional","potentialAction":[{"@type":"SearchAction","target":{"@type":"EntryPoint","urlTemplate":"https:\/\/www.fraterinternacional.org\/es\/?s={search_term_string}"},"query-input":"required name=search_term_string"}],"inLanguage":"es"},{"@type":"Person","@id":"https:\/\/www.fraterinternacional.org\/es\/#\/schema\/person\/19cb7a5541fd019768c7fe255d72701e","name":"maducato_admin"}]}},"_links":{"self":[{"href":"https:\/\/www.fraterinternacional.org\/es\/wp-json\/wp\/v2\/posts\/109294"}],"collection":[{"href":"https:\/\/www.fraterinternacional.org\/es\/wp-json\/wp\/v2\/posts"}],"about":[{"href":"https:\/\/www.fraterinternacional.org\/es\/wp-json\/wp\/v2\/types\/post"}],"author":[{"embeddable":true,"href":"https:\/\/www.fraterinternacional.org\/es\/wp-json\/wp\/v2\/users\/4"}],"replies":[{"embeddable":true,"href":"https:\/\/www.fraterinternacional.org\/es\/wp-json\/wp\/v2\/comments?post=109294"}],"version-history":[{"count":0,"href":"https:\/\/www.fraterinternacional.org\/es\/wp-json\/wp\/v2\/posts\/109294\/revisions"}],"wp:featuredmedia":[{"embeddable":true,"href":"https:\/\/www.fraterinternacional.org\/es\/wp-json\/wp\/v2\/media\/109192"}],"wp:attachment":[{"href":"https:\/\/www.fraterinternacional.org\/es\/wp-json\/wp\/v2\/media?parent=109294"}],"wp:term":[{"taxonomy":"category","embeddable":true,"href":"https:\/\/www.fraterinternacional.org\/es\/wp-json\/wp\/v2\/categories?post=109294"},{"taxonomy":"post_tag","embeddable":true,"href":"https:\/\/www.fraterinternacional.org\/es\/wp-json\/wp\/v2\/tags?post=109294"}],"curies":[{"name":"wp","href":"https:\/\/api.w.org\/{rel}","templated":true}]}}