{"id":109111,"date":"2019-11-18T17:08:28","date_gmt":"2019-11-18T20:08:28","guid":{"rendered":"https:\/\/www.fraterinternacional.org\/?p=109111"},"modified":"2019-11-18T17:10:16","modified_gmt":"2019-11-18T20:10:16","slug":"exposicion-ojidu-arbol-de-la-vida-warao-completa-su-primera-semana-en-el-museo-la-casa-en-san-pablo-y-encanta-todos","status":"publish","type":"post","link":"https:\/\/www.fraterinternacional.org\/es\/exposicion-ojidu-arbol-de-la-vida-warao-completa-su-primera-semana-en-el-museo-la-casa-en-san-pablo-y-encanta-todos\/","title":{"rendered":"Exposici\u00f3n \u201cOjidu \u2013 \u00c1rbol de la Vida Warao\u201d completa su primera semana  en el museo La Casa, en San Pablo y encanta a todos"},"content":{"rendered":"<p><a href=\"https:\/\/www.fraterinternacional.org\/wp-content\/uploads\/2019\/11\/exposicao-warao02.jpg\"><img decoding=\"async\" class=\"wp-image-108855 size-full aligncenter\" src=\"https:\/\/www.fraterinternacional.org\/wp-content\/uploads\/2019\/11\/exposicao-warao02.jpg\" alt=\"Exposi\u00e7\u00e3o \u201cOjidu - \u00c1rvore da Vida Warao\u201d \" width=\"800\" height=\"450\" srcset=\"https:\/\/www.fraterinternacional.org\/wp-content\/uploads\/2019\/11\/exposicao-warao02-200x113.jpg 200w, https:\/\/www.fraterinternacional.org\/wp-content\/uploads\/2019\/11\/exposicao-warao02-300x169.jpg 300w, https:\/\/www.fraterinternacional.org\/wp-content\/uploads\/2019\/11\/exposicao-warao02-400x225.jpg 400w, https:\/\/www.fraterinternacional.org\/wp-content\/uploads\/2019\/11\/exposicao-warao02-600x338.jpg 600w, https:\/\/www.fraterinternacional.org\/wp-content\/uploads\/2019\/11\/exposicao-warao02.jpg 800w\" sizes=\"(max-width: 800px) 100vw, 800px\" \/><\/a><\/p>\n<p style=\"text-align: justify;\">La belleza, la delicadeza de la\u00a0 calidad de las piezas presentes en la exposici\u00f3n causaron admiraci\u00f3n y sensibilizaron a\u00a0 los visitantes como Adelia Borges investigadora del arte popular, dise\u00f1o, artesan\u00eda, y Liana Bloise, dise\u00f1adora.<\/p>\n<p style=\"text-align: justify;\">\u201cOjidu\u201d . \u00c1rbol de la Vida Warao\u201d presenta el trabajo\u00a0 de las artesanas venezolanas, refugiadas en Brasil, mostrando piezas realizadas en fibra de buruti, cuyo \u00e1rbol amaz\u00f3nico es la materia prima esencial en la\u00a0 vida de esta etnia.<\/p>\n<p><a href=\"https:\/\/www.fraterinternacional.org\/wp-content\/uploads\/2019\/11\/exposicao-warao12.jpg\"><img decoding=\"async\" class=\"wp-image-108870 size-full aligncenter\" src=\"https:\/\/www.fraterinternacional.org\/wp-content\/uploads\/2019\/11\/exposicao-warao12.jpg\" alt=\"\" width=\"800\" height=\"450\" srcset=\"https:\/\/www.fraterinternacional.org\/wp-content\/uploads\/2019\/11\/exposicao-warao12-200x113.jpg 200w, https:\/\/www.fraterinternacional.org\/wp-content\/uploads\/2019\/11\/exposicao-warao12-300x169.jpg 300w, https:\/\/www.fraterinternacional.org\/wp-content\/uploads\/2019\/11\/exposicao-warao12-400x225.jpg 400w, https:\/\/www.fraterinternacional.org\/wp-content\/uploads\/2019\/11\/exposicao-warao12-600x338.jpg 600w, https:\/\/www.fraterinternacional.org\/wp-content\/uploads\/2019\/11\/exposicao-warao12.jpg 800w\" sizes=\"(max-width: 800px) 100vw, 800px\" \/><\/a><\/p>\n<p style=\"text-align: justify;\">En la\u00a0 apertura de la\u00a0 exposici\u00f3n, las artesanas expresaron su felicidad y satisfacci\u00f3n por estar en un museo, en San Pablo, llevando su trabajo, en representaci\u00f3n de un grupo de artesanas que viven en el refugio, relata la hermana Mar\u00eda Auxiliadora, monja misionera de la <strong>Fraternidade &#8211; Federaci\u00f3n Humanitaria Internacional<\/strong>, que acompa\u00f1a todo el proceso.<\/p>\n<p style=\"text-align: justify;\">Ellas condujeron un taller se desarr el 8 de noviembre, donde hab\u00eda m\u00e1s de 15 personas, las vacantes se agotaron en la v\u00edspera. Se pudo percibir el inter\u00e9s de las personas mientras ellas compart\u00edan sus conocimientos de forma simple y amorosa.<\/p>\n\n\t\t<style type=\"text\/css\">\n\t\t\t#gallery-1 {\n\t\t\t\tmargin: auto;\n\t\t\t}\n\t\t\t#gallery-1 .gallery-item {\n\t\t\t\tfloat: left;\n\t\t\t\tmargin-top: 10px;\n\t\t\t\ttext-align: center;\n\t\t\t\twidth: 20%;\n\t\t\t}\n\t\t\t#gallery-1 img {\n\t\t\t\tborder: 2px solid #cfcfcf;\n\t\t\t}\n\t\t\t#gallery-1 .gallery-caption {\n\t\t\t\tmargin-left: 0;\n\t\t\t}\n\t\t\t\/* see gallery_shortcode() in wp-includes\/media.php *\/\n\t\t<\/style>\n\t\t<div id='gallery-1' class='gallery galleryid-109111 gallery-columns-5 gallery-size-thumbnail'><dl class='gallery-item'>\n\t\t\t<dt class='gallery-icon landscape'>\n\t\t\t\t<a data-rel=\"iLightbox[postimages]\" data-title=\"expo-warao-indigenas\" data-caption=\"\" href='https:\/\/www.fraterinternacional.org\/wp-content\/uploads\/2019\/11\/expo-warao-indigenas.jpg'><img decoding=\"async\" width=\"150\" height=\"150\" src=\"https:\/\/www.fraterinternacional.org\/wp-content\/uploads\/2019\/11\/expo-warao-indigenas-150x150.jpg\" class=\"attachment-thumbnail size-thumbnail\" alt=\"Exposi\u00e7\u00e3o \u201cOjidu - \u00c1rvore da Vida Warao\u201d\" \/><\/a>\n\t\t\t<\/dt><\/dl><dl class='gallery-item'>\n\t\t\t<dt class='gallery-icon landscape'>\n\t\t\t\t<a data-rel=\"iLightbox[postimages]\" data-title=\"exposicao-warao03\" data-caption=\"\" href='https:\/\/www.fraterinternacional.org\/wp-content\/uploads\/2019\/11\/exposicao-warao03.jpg'><img decoding=\"async\" width=\"150\" height=\"150\" src=\"https:\/\/www.fraterinternacional.org\/wp-content\/uploads\/2019\/11\/exposicao-warao03-150x150.jpg\" class=\"attachment-thumbnail size-thumbnail\" alt=\"Exposi\u00e7\u00e3o \u201cOjidu - \u00c1rvore da Vida Warao\u201d\" \/><\/a>\n\t\t\t<\/dt><\/dl><dl class='gallery-item'>\n\t\t\t<dt class='gallery-icon landscape'>\n\t\t\t\t<a data-rel=\"iLightbox[postimages]\" data-title=\"exposicao-warao05\" data-caption=\"\" href='https:\/\/www.fraterinternacional.org\/wp-content\/uploads\/2019\/11\/exposicao-warao05.jpg'><img decoding=\"async\" width=\"150\" height=\"150\" src=\"https:\/\/www.fraterinternacional.org\/wp-content\/uploads\/2019\/11\/exposicao-warao05-150x150.jpg\" class=\"attachment-thumbnail size-thumbnail\" alt=\"Exposi\u00e7\u00e3o \u201cOjidu - \u00c1rvore da Vida Warao\u201d\" \/><\/a>\n\t\t\t<\/dt><\/dl><dl class='gallery-item'>\n\t\t\t<dt class='gallery-icon portrait'>\n\t\t\t\t<a data-rel=\"iLightbox[postimages]\" data-title=\"exposicao-warao04\" data-caption=\"\" href='https:\/\/www.fraterinternacional.org\/wp-content\/uploads\/2019\/11\/exposicao-warao04.jpg'><img decoding=\"async\" width=\"150\" height=\"150\" src=\"https:\/\/www.fraterinternacional.org\/wp-content\/uploads\/2019\/11\/exposicao-warao04-150x150.jpg\" class=\"attachment-thumbnail size-thumbnail\" alt=\"Exposi\u00e7\u00e3o \u201cOjidu - \u00c1rvore da Vida Warao\u201d\" \/><\/a>\n\t\t\t<\/dt><\/dl><dl class='gallery-item'>\n\t\t\t<dt class='gallery-icon landscape'>\n\t\t\t\t<a data-rel=\"iLightbox[postimages]\" data-title=\"exposicao-warao06\" data-caption=\"\" href='https:\/\/www.fraterinternacional.org\/wp-content\/uploads\/2019\/11\/exposicao-warao06.jpg'><img decoding=\"async\" width=\"150\" height=\"150\" src=\"https:\/\/www.fraterinternacional.org\/wp-content\/uploads\/2019\/11\/exposicao-warao06-150x150.jpg\" class=\"attachment-thumbnail size-thumbnail\" alt=\"Exposi\u00e7\u00e3o \u201cOjidu - \u00c1rvore da Vida Warao\u201d\" \/><\/a>\n\t\t\t<\/dt><\/dl><br style=\"clear: both\" \/>\n\t\t<\/div>\n\n<p>\u201cEstas mujeres salieron de la calle y creyeron en la posibilidad, luchando y conquistando este espacio, desde la implementaci\u00f3n de un ritmo de trabajo en el refugio, hasta la construcci\u00f3n de una entidad de grupo, bautizada por ellas de \u201cNona Anonamo\u201d, que significa \u2018Mujeres que Tejen\u2019, o \u2018Mujeres Artesanas\u2019\u201d, cuenta la hermana Mar\u00eda Auxiliadora.<\/p>\n<p style=\"text-align: justify;\">El eje principal que sostiene este proceso es el trabajo en uni\u00f3n entre ellas, que se apoya en tres pilares:<\/p>\n<ul>\n<li>La preservaci\u00f3n del patrimonio cultural de la artesan\u00eda, en este contexto de crisis migratoria;<\/li>\n<li>La construcci\u00f3n de un medio de vida partiendo de la sabidur\u00eda ancestral que ellas traen;<\/li>\n<li>Los valores y principios que la Fraternidade &#8211; FFHI siembra en el proceso del hacer, en la vida diaria con las personas. Valores estos que implican el reconocimiento del potencial del ser humano, sin colocar el foco en la fragilidad que se presenta en una crisis humanitaria, y si en la reconstrucci\u00f3n de la vida<\/li>\n<\/ul>\n<p>Todo el trabajo presentado en la exposici\u00f3n junto a las oportunidades que se est\u00e1n abriendo para ellas a partir de la\u00a0 asociaci\u00f3n que \u00a0<strong><a href=\"https:\/\/www.acnur.org\/\">ACNUR<\/a> <\/strong>realiz\u00f3 con el museo, es el resultado de una larga y profunda construcci\u00f3n en la\u00a0 convivencia de estas mujeres, en el\u00a0 d\u00eda a d\u00eda, desde el comienzo de este proceso con la <strong>Fraternidade \u2013Federaci\u00f3n Humanitaria Internacional,<\/strong> FFHI, cuando se abri\u00f3 el refugio Pintol\u00e2ndia en el 2016, en Boa Vista, Roraima.<\/p>\n<p>La intenci\u00f3n en este trabajo es que, con el tiempo, ellas sean 100% autosuficientes, tanto en la\u00a0 gesti\u00f3n del emprendimiento colectivo, cuanto en la organizaci\u00f3n, la producci\u00f3n y la provisi\u00f3n de materia prima que hoy, en su mayor\u00eda, es provista por la FFHI y <a href=\"https:\/\/www.acnur.org\/\"><strong>ACNUR<\/strong><\/a>. As\u00ed, ellas podr\u00edan conseguir asociarse con otras personas para la comercializaci\u00f3n de forma estable y generar una nueva condici\u00f3n de vida.<\/p>\n<p><a href=\"https:\/\/www.fraterinternacional.org\/wp-content\/uploads\/2019\/11\/exposicao-warao01.jpg\"><img decoding=\"async\" class=\"wp-image-108851 size-full aligncenter\" src=\"https:\/\/www.fraterinternacional.org\/wp-content\/uploads\/2019\/11\/exposicao-warao01.jpg\" alt=\"\" width=\"800\" height=\"600\" srcset=\"https:\/\/www.fraterinternacional.org\/wp-content\/uploads\/2019\/11\/exposicao-warao01-200x150.jpg 200w, https:\/\/www.fraterinternacional.org\/wp-content\/uploads\/2019\/11\/exposicao-warao01-300x225.jpg 300w, https:\/\/www.fraterinternacional.org\/wp-content\/uploads\/2019\/11\/exposicao-warao01-400x300.jpg 400w, https:\/\/www.fraterinternacional.org\/wp-content\/uploads\/2019\/11\/exposicao-warao01-600x450.jpg 600w, https:\/\/www.fraterinternacional.org\/wp-content\/uploads\/2019\/11\/exposicao-warao01.jpg 800w\" sizes=\"(max-width: 800px) 100vw, 800px\" \/><\/a><\/p>\n<h3 style=\"text-align: justify;\">Venga a Visitar la Exposici\u00f3n: Ojidu \u2013 \u00c1rbol de la Vida Warao<\/h3>\n<p style=\"text-align: justify;\">*Inauguraci\u00f3n: 7 de noviembre, de 19 a 22<br \/>\n*Visitas: del 8 de noviembre al 20 de diciembre<br \/>\n*Ubicaci\u00f3n: CASA- Museo del Objeto Brasile\u00f1o . Av. Pedroso de Mora\u00eds 1216, Pinheiros, San Pablo<\/p>\n<p style=\"text-align: justify;\"><strong>REALIZADO POR<\/strong>: Museo La Casa del Objeto Brasile\u00f1o, <strong>ACNUR<\/strong>, <strong>UNFPA<\/strong>, <strong>Fraternidade \u2013Federaci\u00f3n Humanitaria Internacional (FFHI)<\/strong><\/p>\n","protected":false},"excerpt":{"rendered":"<p>La belleza, la delicadeza de la\u00a0 calidad de las piezas presentes en la exposici\u00f3n causaron admiraci\u00f3n y sensibilizaron a\u00a0 los [&hellip;]<\/p>\n","protected":false},"author":4,"featured_media":108853,"comment_status":"closed","ping_status":"closed","sticky":false,"template":"","format":"standard","meta":{"footnotes":""},"categories":[173],"tags":[],"class_list":["post-109111","post","type-post","status-publish","format-standard","has-post-thumbnail","hentry","category-noticia"],"yoast_head":"<!-- This site is optimized with the Yoast SEO Premium plugin v21.0 (Yoast SEO v21.0) - https:\/\/yoast.com\/wordpress\/plugins\/seo\/ -->\n<title>Exposici\u00f3n \u201cOjidu \u2013 \u00c1rbol de la Vida Warao\u201d completa su primera semana en el museo La Casa, en San Pablo y encanta a todos<\/title>\n<meta name=\"description\" content=\"La belleza, la delicadeza de la\u00a0 calidad de las piezas presentes en la exposici\u00f3n causaron admiraci\u00f3n y sensibilizaron a\u00a0 los visitantes como Adelia Borges investigadora del arte popular, dise\u00f1o, artesan\u00eda, y Liana Bloise, dise\u00f1adora.\" \/>\n<meta name=\"robots\" content=\"index, follow, max-snippet:-1, max-image-preview:large, max-video-preview:-1\" \/>\n<link rel=\"canonical\" href=\"https:\/\/www.fraterinternacional.org\/es\/exposicion-ojidu-arbol-de-la-vida-warao-completa-su-primera-semana-en-el-museo-la-casa-en-san-pablo-y-encanta-todos\/\" \/>\n<meta property=\"og:locale\" content=\"es_ES\" \/>\n<meta property=\"og:type\" content=\"article\" \/>\n<meta property=\"og:title\" content=\"Exposici\u00f3n \u201cOjidu \u2013 \u00c1rbol de la Vida Warao\u201d completa su primera semana en el museo La Casa, en San Pablo y encanta a todos\" \/>\n<meta property=\"og:description\" content=\"La belleza, la delicadeza de la\u00a0 calidad de las piezas presentes en la exposici\u00f3n causaron admiraci\u00f3n y sensibilizaron a\u00a0 los visitantes como Adelia Borges investigadora del arte popular, dise\u00f1o, artesan\u00eda, y Liana Bloise, dise\u00f1adora.\" \/>\n<meta property=\"og:url\" content=\"https:\/\/www.fraterinternacional.org\/es\/exposicion-ojidu-arbol-de-la-vida-warao-completa-su-primera-semana-en-el-museo-la-casa-en-san-pablo-y-encanta-todos\/\" \/>\n<meta property=\"og:site_name\" content=\"Fraternidade - Federa\u00e7\u00e3o Humanit\u00e1ria Internacional\" \/>\n<meta property=\"article:publisher\" content=\"https:\/\/www.facebook.com\/fraternidadehumanitaria\" \/>\n<meta property=\"article:published_time\" content=\"2019-11-18T20:08:28+00:00\" \/>\n<meta property=\"article:modified_time\" content=\"2019-11-18T20:10:16+00:00\" \/>\n<meta property=\"og:image\" content=\"https:\/\/www.fraterinternacional.org\/wp-content\/uploads\/2019\/11\/exposicao-warao01.jpg\" \/>\n\t<meta property=\"og:image:width\" content=\"800\" \/>\n\t<meta property=\"og:image:height\" content=\"600\" \/>\n\t<meta property=\"og:image:type\" content=\"image\/jpeg\" \/>\n<meta name=\"author\" content=\"maducato_admin\" \/>\n<meta name=\"twitter:card\" content=\"summary_large_image\" \/>\n<meta name=\"twitter:creator\" content=\"@fraternidadeFHI\" \/>\n<meta name=\"twitter:site\" content=\"@fraternidadeFHI\" \/>\n<meta name=\"twitter:label1\" content=\"Escrito por\" \/>\n\t<meta name=\"twitter:data1\" content=\"maducato_admin\" \/>\n\t<meta name=\"twitter:label2\" content=\"Tiempo de lectura\" \/>\n\t<meta name=\"twitter:data2\" content=\"3 minutos\" \/>\n<script type=\"application\/ld+json\" class=\"yoast-schema-graph\">{\"@context\":\"https:\/\/schema.org\",\"@graph\":[{\"@type\":\"WebPage\",\"@id\":\"https:\/\/www.fraterinternacional.org\/es\/exposicion-ojidu-arbol-de-la-vida-warao-completa-su-primera-semana-en-el-museo-la-casa-en-san-pablo-y-encanta-todos\/\",\"url\":\"https:\/\/www.fraterinternacional.org\/es\/exposicion-ojidu-arbol-de-la-vida-warao-completa-su-primera-semana-en-el-museo-la-casa-en-san-pablo-y-encanta-todos\/\",\"name\":\"Exposici\u00f3n \u201cOjidu \u2013 \u00c1rbol de la Vida Warao\u201d completa su primera semana en el museo La Casa, en San Pablo y encanta a todos\",\"isPartOf\":{\"@id\":\"https:\/\/www.fraterinternacional.org\/es\/#website\"},\"datePublished\":\"2019-11-18T20:08:28+00:00\",\"dateModified\":\"2019-11-18T20:10:16+00:00\",\"author\":{\"@id\":\"https:\/\/www.fraterinternacional.org\/es\/#\/schema\/person\/19cb7a5541fd019768c7fe255d72701e\"},\"description\":\"La belleza, la delicadeza de la\u00a0 calidad de las piezas presentes en la exposici\u00f3n causaron admiraci\u00f3n y sensibilizaron a\u00a0 los visitantes como Adelia Borges investigadora del arte popular, dise\u00f1o, artesan\u00eda, y Liana Bloise, dise\u00f1adora.\",\"breadcrumb\":{\"@id\":\"https:\/\/www.fraterinternacional.org\/es\/exposicion-ojidu-arbol-de-la-vida-warao-completa-su-primera-semana-en-el-museo-la-casa-en-san-pablo-y-encanta-todos\/#breadcrumb\"},\"inLanguage\":\"es\",\"potentialAction\":[{\"@type\":\"ReadAction\",\"target\":[\"https:\/\/www.fraterinternacional.org\/es\/exposicion-ojidu-arbol-de-la-vida-warao-completa-su-primera-semana-en-el-museo-la-casa-en-san-pablo-y-encanta-todos\/\"]}]},{\"@type\":\"BreadcrumbList\",\"@id\":\"https:\/\/www.fraterinternacional.org\/es\/exposicion-ojidu-arbol-de-la-vida-warao-completa-su-primera-semana-en-el-museo-la-casa-en-san-pablo-y-encanta-todos\/#breadcrumb\",\"itemListElement\":[{\"@type\":\"ListItem\",\"position\":1,\"name\":\"In\u00edcio\",\"item\":\"https:\/\/www.fraterinternacional.org\/es\/\"},{\"@type\":\"ListItem\",\"position\":2,\"name\":\"Exposici\u00f3n \u201cOjidu \u2013 \u00c1rbol de la Vida Warao\u201d completa su primera semana en el museo La Casa, en San Pablo y encanta a todos\"}]},{\"@type\":\"WebSite\",\"@id\":\"https:\/\/www.fraterinternacional.org\/es\/#website\",\"url\":\"https:\/\/www.fraterinternacional.org\/es\/\",\"name\":\"Fraternidade - Federa\u00e7\u00e3o Humanit\u00e1ria Internacional\",\"description\":\"Fraternidade - Federa\u00e7\u00e3o Humanit\u00e1ria Internacional\",\"potentialAction\":[{\"@type\":\"SearchAction\",\"target\":{\"@type\":\"EntryPoint\",\"urlTemplate\":\"https:\/\/www.fraterinternacional.org\/es\/?s={search_term_string}\"},\"query-input\":\"required name=search_term_string\"}],\"inLanguage\":\"es\"},{\"@type\":\"Person\",\"@id\":\"https:\/\/www.fraterinternacional.org\/es\/#\/schema\/person\/19cb7a5541fd019768c7fe255d72701e\",\"name\":\"maducato_admin\"}]}<\/script>\n<!-- \/ Yoast SEO Premium plugin. -->","yoast_head_json":{"title":"Exposici\u00f3n \u201cOjidu \u2013 \u00c1rbol de la Vida Warao\u201d completa su primera semana en el museo La Casa, en San Pablo y encanta a todos","description":"La belleza, la delicadeza de la\u00a0 calidad de las piezas presentes en la exposici\u00f3n causaron admiraci\u00f3n y sensibilizaron a\u00a0 los visitantes como Adelia Borges investigadora del arte popular, dise\u00f1o, artesan\u00eda, y Liana Bloise, dise\u00f1adora.","robots":{"index":"index","follow":"follow","max-snippet":"max-snippet:-1","max-image-preview":"max-image-preview:large","max-video-preview":"max-video-preview:-1"},"canonical":"https:\/\/www.fraterinternacional.org\/es\/exposicion-ojidu-arbol-de-la-vida-warao-completa-su-primera-semana-en-el-museo-la-casa-en-san-pablo-y-encanta-todos\/","og_locale":"es_ES","og_type":"article","og_title":"Exposici\u00f3n \u201cOjidu \u2013 \u00c1rbol de la Vida Warao\u201d completa su primera semana en el museo La Casa, en San Pablo y encanta a todos","og_description":"La belleza, la delicadeza de la\u00a0 calidad de las piezas presentes en la exposici\u00f3n causaron admiraci\u00f3n y sensibilizaron a\u00a0 los visitantes como Adelia Borges investigadora del arte popular, dise\u00f1o, artesan\u00eda, y Liana Bloise, dise\u00f1adora.","og_url":"https:\/\/www.fraterinternacional.org\/es\/exposicion-ojidu-arbol-de-la-vida-warao-completa-su-primera-semana-en-el-museo-la-casa-en-san-pablo-y-encanta-todos\/","og_site_name":"Fraternidade - Federa\u00e7\u00e3o Humanit\u00e1ria Internacional","article_publisher":"https:\/\/www.facebook.com\/fraternidadehumanitaria","article_published_time":"2019-11-18T20:08:28+00:00","article_modified_time":"2019-11-18T20:10:16+00:00","og_image":[{"width":800,"height":600,"url":"https:\/\/www.fraterinternacional.org\/wp-content\/uploads\/2019\/11\/exposicao-warao01.jpg","type":"image\/jpeg"}],"author":"maducato_admin","twitter_card":"summary_large_image","twitter_creator":"@fraternidadeFHI","twitter_site":"@fraternidadeFHI","twitter_misc":{"Escrito por":"maducato_admin","Tiempo de lectura":"3 minutos"},"schema":{"@context":"https:\/\/schema.org","@graph":[{"@type":"WebPage","@id":"https:\/\/www.fraterinternacional.org\/es\/exposicion-ojidu-arbol-de-la-vida-warao-completa-su-primera-semana-en-el-museo-la-casa-en-san-pablo-y-encanta-todos\/","url":"https:\/\/www.fraterinternacional.org\/es\/exposicion-ojidu-arbol-de-la-vida-warao-completa-su-primera-semana-en-el-museo-la-casa-en-san-pablo-y-encanta-todos\/","name":"Exposici\u00f3n \u201cOjidu \u2013 \u00c1rbol de la Vida Warao\u201d completa su primera semana en el museo La Casa, en San Pablo y encanta a todos","isPartOf":{"@id":"https:\/\/www.fraterinternacional.org\/es\/#website"},"datePublished":"2019-11-18T20:08:28+00:00","dateModified":"2019-11-18T20:10:16+00:00","author":{"@id":"https:\/\/www.fraterinternacional.org\/es\/#\/schema\/person\/19cb7a5541fd019768c7fe255d72701e"},"description":"La belleza, la delicadeza de la\u00a0 calidad de las piezas presentes en la exposici\u00f3n causaron admiraci\u00f3n y sensibilizaron a\u00a0 los visitantes como Adelia Borges investigadora del arte popular, dise\u00f1o, artesan\u00eda, y Liana Bloise, dise\u00f1adora.","breadcrumb":{"@id":"https:\/\/www.fraterinternacional.org\/es\/exposicion-ojidu-arbol-de-la-vida-warao-completa-su-primera-semana-en-el-museo-la-casa-en-san-pablo-y-encanta-todos\/#breadcrumb"},"inLanguage":"es","potentialAction":[{"@type":"ReadAction","target":["https:\/\/www.fraterinternacional.org\/es\/exposicion-ojidu-arbol-de-la-vida-warao-completa-su-primera-semana-en-el-museo-la-casa-en-san-pablo-y-encanta-todos\/"]}]},{"@type":"BreadcrumbList","@id":"https:\/\/www.fraterinternacional.org\/es\/exposicion-ojidu-arbol-de-la-vida-warao-completa-su-primera-semana-en-el-museo-la-casa-en-san-pablo-y-encanta-todos\/#breadcrumb","itemListElement":[{"@type":"ListItem","position":1,"name":"In\u00edcio","item":"https:\/\/www.fraterinternacional.org\/es\/"},{"@type":"ListItem","position":2,"name":"Exposici\u00f3n \u201cOjidu \u2013 \u00c1rbol de la Vida Warao\u201d completa su primera semana en el museo La Casa, en San Pablo y encanta a todos"}]},{"@type":"WebSite","@id":"https:\/\/www.fraterinternacional.org\/es\/#website","url":"https:\/\/www.fraterinternacional.org\/es\/","name":"Fraternidade - Federa\u00e7\u00e3o Humanit\u00e1ria Internacional","description":"Fraternidade - Federa\u00e7\u00e3o Humanit\u00e1ria Internacional","potentialAction":[{"@type":"SearchAction","target":{"@type":"EntryPoint","urlTemplate":"https:\/\/www.fraterinternacional.org\/es\/?s={search_term_string}"},"query-input":"required name=search_term_string"}],"inLanguage":"es"},{"@type":"Person","@id":"https:\/\/www.fraterinternacional.org\/es\/#\/schema\/person\/19cb7a5541fd019768c7fe255d72701e","name":"maducato_admin"}]}},"_links":{"self":[{"href":"https:\/\/www.fraterinternacional.org\/es\/wp-json\/wp\/v2\/posts\/109111"}],"collection":[{"href":"https:\/\/www.fraterinternacional.org\/es\/wp-json\/wp\/v2\/posts"}],"about":[{"href":"https:\/\/www.fraterinternacional.org\/es\/wp-json\/wp\/v2\/types\/post"}],"author":[{"embeddable":true,"href":"https:\/\/www.fraterinternacional.org\/es\/wp-json\/wp\/v2\/users\/4"}],"replies":[{"embeddable":true,"href":"https:\/\/www.fraterinternacional.org\/es\/wp-json\/wp\/v2\/comments?post=109111"}],"version-history":[{"count":0,"href":"https:\/\/www.fraterinternacional.org\/es\/wp-json\/wp\/v2\/posts\/109111\/revisions"}],"wp:featuredmedia":[{"embeddable":true,"href":"https:\/\/www.fraterinternacional.org\/es\/wp-json\/wp\/v2\/media\/108853"}],"wp:attachment":[{"href":"https:\/\/www.fraterinternacional.org\/es\/wp-json\/wp\/v2\/media?parent=109111"}],"wp:term":[{"taxonomy":"category","embeddable":true,"href":"https:\/\/www.fraterinternacional.org\/es\/wp-json\/wp\/v2\/categories?post=109111"},{"taxonomy":"post_tag","embeddable":true,"href":"https:\/\/www.fraterinternacional.org\/es\/wp-json\/wp\/v2\/tags?post=109111"}],"curies":[{"name":"wp","href":"https:\/\/api.w.org\/{rel}","templated":true}]}}