{"id":107864,"date":"2019-09-20T16:25:25","date_gmt":"2019-09-20T19:25:25","guid":{"rendered":"https:\/\/www.fraterinternacional.org\/?p=107864"},"modified":"2019-09-20T16:25:25","modified_gmt":"2019-09-20T19:25:25","slug":"pintor-indigena-venezolano-usa-el-arte-para-preservar-su-cultura-warao","status":"publish","type":"post","link":"https:\/\/www.fraterinternacional.org\/es\/pintor-indigena-venezolano-usa-el-arte-para-preservar-su-cultura-warao\/","title":{"rendered":"Pintor ind\u00edgena venezolano usa el arte para preservar su cultura Warao"},"content":{"rendered":"<p>Avigail Reinosa descubri\u00f3 el talento para la pintura hace cerca de cinco a\u00f1os. El artista ind\u00edgena de la etnia Warao viv\u00eda en la regi\u00f3n del Delta del Orinoco en el este de Venezuela, pero fue obligado a abandonar todo y salir del pa\u00eds en b\u00fasqueda de nuevas oportunidades en Brasil.<\/p>\n<p>Incluso en una situaci\u00f3n extrema consigui\u00f3 dejarse guiar por su esp\u00edritu. Inspirado por la cultura de sus ancestros, la sensibilidad para el arte aflor\u00f3 naturalmente y manifest\u00f3\u00a0 por medio de la pintura una forma de expresi\u00f3n que lo conecta con sus or\u00edgenes y su esencia ind\u00edgena.<\/p>\n<p><em>\u201dCuando yo pinto, quiero que los warao que est\u00e1n en Brasil sientan y vean que llevamos nuestra cultura y nuestras costumbres por donde sea que vamos, no las dejamos en lugar alguno. Siempre llevamos nuestra cultura y nuestras costumbres en nuestro coraz\u00f3n\u201d, <\/em>afirma Avgail.<\/p>\n<div class=\"video-shortcode\"><iframe title=\"Cultura ancestral inspira pintor ind\u00edgena venezolano - ES\" width=\"1200\" height=\"675\" src=\"https:\/\/www.youtube.com\/embed\/_gb0e0_dlpQ?feature=oembed\" frameborder=\"0\" allow=\"accelerometer; autoplay; clipboard-write; encrypted-media; gyroscope; picture-in-picture\" allowfullscreen><\/iframe><\/div>\n<p>Actualmente Avigail Reinosa es uno de los ind\u00edgenas venezolanos acogidos por la <strong>Fraternidade \u2013 Federaci\u00f3n Humanitaria Internacional<\/strong> en el abrigo Pintolandia, ubicado en Boa Vista.<\/p>\n<p>El lugar acoge actualmente m\u00e1s de 560 ind\u00edgenas venezolanos de las etnias Warao y E\u00f1ep\u00b4a.<\/p>\n<p>La <a href=\"https:\/\/www.fraterinternacional.org\/es\/mision-roraima\/\"><strong>Misi\u00f3n Humanitaria Roraima <\/strong><\/a>trabaja permanentemente para preservar la cultura original de los pueblos originarios acogidos en los refugios que administra.<\/p>\n\n\t\t<style type=\"text\/css\">\n\t\t\t#gallery-1 {\n\t\t\t\tmargin: auto;\n\t\t\t}\n\t\t\t#gallery-1 .gallery-item {\n\t\t\t\tfloat: left;\n\t\t\t\tmargin-top: 10px;\n\t\t\t\ttext-align: center;\n\t\t\t\twidth: 20%;\n\t\t\t}\n\t\t\t#gallery-1 img {\n\t\t\t\tborder: 2px solid #cfcfcf;\n\t\t\t}\n\t\t\t#gallery-1 .gallery-caption {\n\t\t\t\tmargin-left: 0;\n\t\t\t}\n\t\t\t\/* see gallery_shortcode() in wp-includes\/media.php *\/\n\t\t<\/style>\n\t\t<div id='gallery-1' class='gallery galleryid-107864 gallery-columns-5 gallery-size-thumbnail'><dl class='gallery-item'>\n\t\t\t<dt class='gallery-icon landscape'>\n\t\t\t\t<a data-rel=\"iLightbox[postimages]\" data-title=\"PINTOR -WARAO-02\" data-caption=\"\" href='https:\/\/www.fraterinternacional.org\/wp-content\/uploads\/2019\/09\/PINTOR-WARAO-02.jpg'><img decoding=\"async\" width=\"150\" height=\"150\" src=\"https:\/\/www.fraterinternacional.org\/wp-content\/uploads\/2019\/09\/PINTOR-WARAO-02-150x150.jpg\" class=\"attachment-thumbnail size-thumbnail\" alt=\"Pintor ind\u00edgena venezuelano\" \/><\/a>\n\t\t\t<\/dt><\/dl><dl class='gallery-item'>\n\t\t\t<dt class='gallery-icon landscape'>\n\t\t\t\t<a data-rel=\"iLightbox[postimages]\" data-title=\"PINTOR -WARAO-03\" data-caption=\"\" href='https:\/\/www.fraterinternacional.org\/wp-content\/uploads\/2019\/09\/PINTOR-WARAO-03.jpg'><img decoding=\"async\" width=\"150\" height=\"150\" src=\"https:\/\/www.fraterinternacional.org\/wp-content\/uploads\/2019\/09\/PINTOR-WARAO-03-150x150.jpg\" class=\"attachment-thumbnail size-thumbnail\" alt=\"Pintor ind\u00edgena venezuelano\" \/><\/a>\n\t\t\t<\/dt><\/dl><dl class='gallery-item'>\n\t\t\t<dt class='gallery-icon landscape'>\n\t\t\t\t<a data-rel=\"iLightbox[postimages]\" data-title=\"PINTOR -WARAO-04\" data-caption=\"\" href='https:\/\/www.fraterinternacional.org\/wp-content\/uploads\/2019\/09\/PINTOR-WARAO-04.jpg'><img decoding=\"async\" width=\"150\" height=\"150\" src=\"https:\/\/www.fraterinternacional.org\/wp-content\/uploads\/2019\/09\/PINTOR-WARAO-04-150x150.jpg\" class=\"attachment-thumbnail size-thumbnail\" alt=\"Pintor ind\u00edgena venezuelano\" \/><\/a>\n\t\t\t<\/dt><\/dl><dl class='gallery-item'>\n\t\t\t<dt class='gallery-icon landscape'>\n\t\t\t\t<a data-rel=\"iLightbox[postimages]\" data-title=\"PINTOR -WARAO-05\" data-caption=\"\" href='https:\/\/www.fraterinternacional.org\/wp-content\/uploads\/2019\/09\/PINTOR-WARAO-05.jpg'><img decoding=\"async\" width=\"150\" height=\"150\" src=\"https:\/\/www.fraterinternacional.org\/wp-content\/uploads\/2019\/09\/PINTOR-WARAO-05-150x150.jpg\" class=\"attachment-thumbnail size-thumbnail\" alt=\"Pintor ind\u00edgena venezuelano\" \/><\/a>\n\t\t\t<\/dt><\/dl><dl class='gallery-item'>\n\t\t\t<dt class='gallery-icon landscape'>\n\t\t\t\t<a data-rel=\"iLightbox[postimages]\" data-title=\"PINTOR -WARAO-01\" data-caption=\"\" href='https:\/\/www.fraterinternacional.org\/wp-content\/uploads\/2019\/09\/PINTOR-WARAO-01.jpg'><img decoding=\"async\" width=\"150\" height=\"150\" src=\"https:\/\/www.fraterinternacional.org\/wp-content\/uploads\/2019\/09\/PINTOR-WARAO-01-150x150.jpg\" class=\"attachment-thumbnail size-thumbnail\" alt=\"\" \/><\/a>\n\t\t\t<\/dt><\/dl><br style=\"clear: both\" \/>\n\t\t<\/div>\n\n","protected":false},"excerpt":{"rendered":"<p>Avigail Reinosa descubri\u00f3 el talento para la pintura hace cerca de cinco a\u00f1os. El artista ind\u00edgena de la etnia Warao [&hellip;]<\/p>\n","protected":false},"author":4,"featured_media":107847,"comment_status":"closed","ping_status":"closed","sticky":false,"template":"","format":"standard","meta":{"footnotes":""},"categories":[173,105],"tags":[],"class_list":["post-107864","post","type-post","status-publish","format-standard","has-post-thumbnail","hentry","category-noticia","category-noticias-de-las-misiones"],"yoast_head":"<!-- This site is optimized with the Yoast SEO Premium plugin v21.0 (Yoast SEO v21.0) - https:\/\/yoast.com\/wordpress\/plugins\/seo\/ -->\n<title>Pintor ind\u00edgena venezolano usa el arte para preservar su cultura Warao<\/title>\n<meta name=\"description\" content=\"Avigail Reinosa descubri\u00f3 el talento para la pintura hace cerca de cinco a\u00f1os. El artista ind\u00edgena de la etnia Warao viv\u00eda en la regi\u00f3n del Delta del Orinoco en el este de Venezuela\" \/>\n<meta name=\"robots\" content=\"index, follow, max-snippet:-1, max-image-preview:large, max-video-preview:-1\" \/>\n<link rel=\"canonical\" href=\"https:\/\/www.fraterinternacional.org\/es\/pintor-indigena-venezolano-usa-el-arte-para-preservar-su-cultura-warao\/\" \/>\n<meta property=\"og:locale\" content=\"es_ES\" \/>\n<meta property=\"og:type\" content=\"article\" \/>\n<meta property=\"og:title\" content=\"Pintor ind\u00edgena venezolano usa el arte para preservar su cultura Warao\" \/>\n<meta property=\"og:description\" content=\"Avigail Reinosa descubri\u00f3 el talento para la pintura hace cerca de cinco a\u00f1os. El artista ind\u00edgena de la etnia Warao viv\u00eda en la regi\u00f3n del Delta del Orinoco en el este de Venezuela\" \/>\n<meta property=\"og:url\" content=\"https:\/\/www.fraterinternacional.org\/es\/pintor-indigena-venezolano-usa-el-arte-para-preservar-su-cultura-warao\/\" \/>\n<meta property=\"og:site_name\" content=\"Fraternidade - Federa\u00e7\u00e3o Humanit\u00e1ria Internacional\" \/>\n<meta property=\"article:publisher\" content=\"https:\/\/www.facebook.com\/fraternidadehumanitaria\" \/>\n<meta property=\"article:published_time\" content=\"2019-09-20T19:25:25+00:00\" \/>\n<meta property=\"og:image\" content=\"https:\/\/www.fraterinternacional.org\/wp-content\/uploads\/2019\/09\/PINTOR-WARAO-01.jpg\" \/>\n\t<meta property=\"og:image:width\" content=\"800\" \/>\n\t<meta property=\"og:image:height\" content=\"533\" \/>\n\t<meta property=\"og:image:type\" content=\"image\/jpeg\" \/>\n<meta name=\"author\" content=\"maducato_admin\" \/>\n<meta name=\"twitter:card\" content=\"summary_large_image\" \/>\n<meta name=\"twitter:creator\" content=\"@fraternidadeFHI\" \/>\n<meta name=\"twitter:site\" content=\"@fraternidadeFHI\" \/>\n<meta name=\"twitter:label1\" content=\"Escrito por\" \/>\n\t<meta name=\"twitter:data1\" content=\"maducato_admin\" \/>\n\t<meta name=\"twitter:label2\" content=\"Tiempo de lectura\" \/>\n\t<meta name=\"twitter:data2\" content=\"1 minuto\" \/>\n<script type=\"application\/ld+json\" class=\"yoast-schema-graph\">{\"@context\":\"https:\/\/schema.org\",\"@graph\":[{\"@type\":\"WebPage\",\"@id\":\"https:\/\/www.fraterinternacional.org\/es\/pintor-indigena-venezolano-usa-el-arte-para-preservar-su-cultura-warao\/\",\"url\":\"https:\/\/www.fraterinternacional.org\/es\/pintor-indigena-venezolano-usa-el-arte-para-preservar-su-cultura-warao\/\",\"name\":\"Pintor ind\u00edgena venezolano usa el arte para preservar su cultura Warao\",\"isPartOf\":{\"@id\":\"https:\/\/www.fraterinternacional.org\/es\/#website\"},\"datePublished\":\"2019-09-20T19:25:25+00:00\",\"dateModified\":\"2019-09-20T19:25:25+00:00\",\"author\":{\"@id\":\"https:\/\/www.fraterinternacional.org\/es\/#\/schema\/person\/19cb7a5541fd019768c7fe255d72701e\"},\"description\":\"Avigail Reinosa descubri\u00f3 el talento para la pintura hace cerca de cinco a\u00f1os. El artista ind\u00edgena de la etnia Warao viv\u00eda en la regi\u00f3n del Delta del Orinoco en el este de Venezuela\",\"breadcrumb\":{\"@id\":\"https:\/\/www.fraterinternacional.org\/es\/pintor-indigena-venezolano-usa-el-arte-para-preservar-su-cultura-warao\/#breadcrumb\"},\"inLanguage\":\"es\",\"potentialAction\":[{\"@type\":\"ReadAction\",\"target\":[\"https:\/\/www.fraterinternacional.org\/es\/pintor-indigena-venezolano-usa-el-arte-para-preservar-su-cultura-warao\/\"]}]},{\"@type\":\"BreadcrumbList\",\"@id\":\"https:\/\/www.fraterinternacional.org\/es\/pintor-indigena-venezolano-usa-el-arte-para-preservar-su-cultura-warao\/#breadcrumb\",\"itemListElement\":[{\"@type\":\"ListItem\",\"position\":1,\"name\":\"In\u00edcio\",\"item\":\"https:\/\/www.fraterinternacional.org\/es\/\"},{\"@type\":\"ListItem\",\"position\":2,\"name\":\"Pintor ind\u00edgena venezolano usa el arte para preservar su cultura Warao\"}]},{\"@type\":\"WebSite\",\"@id\":\"https:\/\/www.fraterinternacional.org\/es\/#website\",\"url\":\"https:\/\/www.fraterinternacional.org\/es\/\",\"name\":\"Fraternidade - Federa\u00e7\u00e3o Humanit\u00e1ria Internacional\",\"description\":\"Fraternidade - Federa\u00e7\u00e3o Humanit\u00e1ria Internacional\",\"potentialAction\":[{\"@type\":\"SearchAction\",\"target\":{\"@type\":\"EntryPoint\",\"urlTemplate\":\"https:\/\/www.fraterinternacional.org\/es\/?s={search_term_string}\"},\"query-input\":\"required name=search_term_string\"}],\"inLanguage\":\"es\"},{\"@type\":\"Person\",\"@id\":\"https:\/\/www.fraterinternacional.org\/es\/#\/schema\/person\/19cb7a5541fd019768c7fe255d72701e\",\"name\":\"maducato_admin\"}]}<\/script>\n<!-- \/ Yoast SEO Premium plugin. -->","yoast_head_json":{"title":"Pintor ind\u00edgena venezolano usa el arte para preservar su cultura Warao","description":"Avigail Reinosa descubri\u00f3 el talento para la pintura hace cerca de cinco a\u00f1os. El artista ind\u00edgena de la etnia Warao viv\u00eda en la regi\u00f3n del Delta del Orinoco en el este de Venezuela","robots":{"index":"index","follow":"follow","max-snippet":"max-snippet:-1","max-image-preview":"max-image-preview:large","max-video-preview":"max-video-preview:-1"},"canonical":"https:\/\/www.fraterinternacional.org\/es\/pintor-indigena-venezolano-usa-el-arte-para-preservar-su-cultura-warao\/","og_locale":"es_ES","og_type":"article","og_title":"Pintor ind\u00edgena venezolano usa el arte para preservar su cultura Warao","og_description":"Avigail Reinosa descubri\u00f3 el talento para la pintura hace cerca de cinco a\u00f1os. El artista ind\u00edgena de la etnia Warao viv\u00eda en la regi\u00f3n del Delta del Orinoco en el este de Venezuela","og_url":"https:\/\/www.fraterinternacional.org\/es\/pintor-indigena-venezolano-usa-el-arte-para-preservar-su-cultura-warao\/","og_site_name":"Fraternidade - Federa\u00e7\u00e3o Humanit\u00e1ria Internacional","article_publisher":"https:\/\/www.facebook.com\/fraternidadehumanitaria","article_published_time":"2019-09-20T19:25:25+00:00","og_image":[{"width":800,"height":533,"url":"https:\/\/www.fraterinternacional.org\/wp-content\/uploads\/2019\/09\/PINTOR-WARAO-01.jpg","type":"image\/jpeg"}],"author":"maducato_admin","twitter_card":"summary_large_image","twitter_creator":"@fraternidadeFHI","twitter_site":"@fraternidadeFHI","twitter_misc":{"Escrito por":"maducato_admin","Tiempo de lectura":"1 minuto"},"schema":{"@context":"https:\/\/schema.org","@graph":[{"@type":"WebPage","@id":"https:\/\/www.fraterinternacional.org\/es\/pintor-indigena-venezolano-usa-el-arte-para-preservar-su-cultura-warao\/","url":"https:\/\/www.fraterinternacional.org\/es\/pintor-indigena-venezolano-usa-el-arte-para-preservar-su-cultura-warao\/","name":"Pintor ind\u00edgena venezolano usa el arte para preservar su cultura Warao","isPartOf":{"@id":"https:\/\/www.fraterinternacional.org\/es\/#website"},"datePublished":"2019-09-20T19:25:25+00:00","dateModified":"2019-09-20T19:25:25+00:00","author":{"@id":"https:\/\/www.fraterinternacional.org\/es\/#\/schema\/person\/19cb7a5541fd019768c7fe255d72701e"},"description":"Avigail Reinosa descubri\u00f3 el talento para la pintura hace cerca de cinco a\u00f1os. El artista ind\u00edgena de la etnia Warao viv\u00eda en la regi\u00f3n del Delta del Orinoco en el este de Venezuela","breadcrumb":{"@id":"https:\/\/www.fraterinternacional.org\/es\/pintor-indigena-venezolano-usa-el-arte-para-preservar-su-cultura-warao\/#breadcrumb"},"inLanguage":"es","potentialAction":[{"@type":"ReadAction","target":["https:\/\/www.fraterinternacional.org\/es\/pintor-indigena-venezolano-usa-el-arte-para-preservar-su-cultura-warao\/"]}]},{"@type":"BreadcrumbList","@id":"https:\/\/www.fraterinternacional.org\/es\/pintor-indigena-venezolano-usa-el-arte-para-preservar-su-cultura-warao\/#breadcrumb","itemListElement":[{"@type":"ListItem","position":1,"name":"In\u00edcio","item":"https:\/\/www.fraterinternacional.org\/es\/"},{"@type":"ListItem","position":2,"name":"Pintor ind\u00edgena venezolano usa el arte para preservar su cultura Warao"}]},{"@type":"WebSite","@id":"https:\/\/www.fraterinternacional.org\/es\/#website","url":"https:\/\/www.fraterinternacional.org\/es\/","name":"Fraternidade - Federa\u00e7\u00e3o Humanit\u00e1ria Internacional","description":"Fraternidade - Federa\u00e7\u00e3o Humanit\u00e1ria Internacional","potentialAction":[{"@type":"SearchAction","target":{"@type":"EntryPoint","urlTemplate":"https:\/\/www.fraterinternacional.org\/es\/?s={search_term_string}"},"query-input":"required name=search_term_string"}],"inLanguage":"es"},{"@type":"Person","@id":"https:\/\/www.fraterinternacional.org\/es\/#\/schema\/person\/19cb7a5541fd019768c7fe255d72701e","name":"maducato_admin"}]}},"_links":{"self":[{"href":"https:\/\/www.fraterinternacional.org\/es\/wp-json\/wp\/v2\/posts\/107864"}],"collection":[{"href":"https:\/\/www.fraterinternacional.org\/es\/wp-json\/wp\/v2\/posts"}],"about":[{"href":"https:\/\/www.fraterinternacional.org\/es\/wp-json\/wp\/v2\/types\/post"}],"author":[{"embeddable":true,"href":"https:\/\/www.fraterinternacional.org\/es\/wp-json\/wp\/v2\/users\/4"}],"replies":[{"embeddable":true,"href":"https:\/\/www.fraterinternacional.org\/es\/wp-json\/wp\/v2\/comments?post=107864"}],"version-history":[{"count":0,"href":"https:\/\/www.fraterinternacional.org\/es\/wp-json\/wp\/v2\/posts\/107864\/revisions"}],"wp:featuredmedia":[{"embeddable":true,"href":"https:\/\/www.fraterinternacional.org\/es\/wp-json\/wp\/v2\/media\/107847"}],"wp:attachment":[{"href":"https:\/\/www.fraterinternacional.org\/es\/wp-json\/wp\/v2\/media?parent=107864"}],"wp:term":[{"taxonomy":"category","embeddable":true,"href":"https:\/\/www.fraterinternacional.org\/es\/wp-json\/wp\/v2\/categories?post=107864"},{"taxonomy":"post_tag","embeddable":true,"href":"https:\/\/www.fraterinternacional.org\/es\/wp-json\/wp\/v2\/tags?post=107864"}],"curies":[{"name":"wp","href":"https:\/\/api.w.org\/{rel}","templated":true}]}}