{"id":104839,"date":"2019-06-25T16:24:08","date_gmt":"2019-06-25T19:24:08","guid":{"rendered":"https:\/\/www.fraterinternacional.org\/?p=104839"},"modified":"2019-06-28T16:34:44","modified_gmt":"2019-06-28T19:34:44","slug":"nucleo-luz-de-figueira-en-san-pablo-apoya-jovenes-madres-de-carapicuiba","status":"publish","type":"post","link":"https:\/\/www.fraterinternacional.org\/es\/nucleo-luz-de-figueira-en-san-pablo-apoya-jovenes-madres-de-carapicuiba\/","title":{"rendered":"N\u00facleo-Luz de Figueira en San Pablo apoya a j\u00f3venes madres de Carapicu\u00edba"},"content":{"rendered":"<p><a href=\"https:\/\/www.fraterinternacional.org\/wp-content\/uploads\/2019\/06\/nuc-maes-carapicuiba05.jpg\"><img decoding=\"async\" class=\"size-medium wp-image-104692 alignleft\" src=\"https:\/\/www.fraterinternacional.org\/wp-content\/uploads\/2019\/06\/nuc-maes-carapicuiba05-300x225.jpg\" alt=\"\" width=\"300\" height=\"225\" srcset=\"https:\/\/www.fraterinternacional.org\/wp-content\/uploads\/2019\/06\/nuc-maes-carapicuiba05-200x150.jpg 200w, https:\/\/www.fraterinternacional.org\/wp-content\/uploads\/2019\/06\/nuc-maes-carapicuiba05-300x225.jpg 300w, https:\/\/www.fraterinternacional.org\/wp-content\/uploads\/2019\/06\/nuc-maes-carapicuiba05-400x300.jpg 400w, https:\/\/www.fraterinternacional.org\/wp-content\/uploads\/2019\/06\/nuc-maes-carapicuiba05-600x450.jpg 600w, https:\/\/www.fraterinternacional.org\/wp-content\/uploads\/2019\/06\/nuc-maes-carapicuiba05-800x600.jpg 800w, https:\/\/www.fraterinternacional.org\/wp-content\/uploads\/2019\/06\/nuc-maes-carapicuiba05.jpg 900w\" sizes=\"(max-width: 300px) 100vw, 300px\" \/><\/a>El pasado 8 de junio, ocho voluntarios del N\u00facleo-Luz de <strong>Figueira en San Pablo, afiliada a la Fraternidad &#8211; Federaci\u00f3n Humanitaria Internacional<\/strong>, \u00a0se reunieron para el encuentro trimestral con madres y ni\u00f1os de la comunidad del barrio Jardim Tonato en Carapicu\u00edba, municipio de la regi\u00f3n metropolitana de San Pablo. En la comunidad act\u00faan, hace algunos a\u00f1os, voluntarios del <em>Sector Servicio y del Sector Salud y Cura<\/em> del N\u00facleo-Luz, localizado en aquel municipio.<\/p>\n<p>Para los ni\u00f1os es siempre una ma\u00f1ana de juegos y aprendizajes. Para las madres, muchas de ellas j\u00f3venes madres o madres solteras, es una oportunidad de conversar y de compartir las dificultades de su d\u00eda a d\u00eda. En una rueda de conversaciones se plantean temas para discusi\u00f3n y reflexi\u00f3n y se receptan las cuestiones tra\u00eddas por las madres, mientras que los ni\u00f1os se entretienen con otro grupo de voluntarios.<\/p>\n<p>En aquel s\u00e1bado, diez madres y veinticuatro ni\u00f1os asistieron al encuentro, organizado por la Pastoral del Ni\u00f1o. Con gracia y buen humor, el grupo pudo conversar sobre dificultades de la convivencia de las madres, incapacidad en el establecimiento deponer l\u00edmites a ni\u00f1os y j\u00f3venes, los desaf\u00edos de las madres que trabajan fuera y de los ni\u00f1os que, en ausencia de la madre, pasaron a cuidar de sus hermanos m\u00e1s peque\u00f1os. <em>\u00abYo ten\u00eda ocho a\u00f1os y cuidaba a mis hermanos, que eran siete\u00bb<\/em>, fue uno de los diversos testimonios sobre esa cuesti\u00f3n.<\/p>\n<h3><strong>BANCO DE SUE\u00d1OS<\/strong><\/h3>\n<p><img decoding=\"async\" class=\"size-medium wp-image-104698 alignright\" src=\"https:\/\/www.fraterinternacional.org\/wp-content\/uploads\/2019\/06\/nuc-maes-carapicuiba02-300x225.jpg\" alt=\"\" width=\"300\" height=\"225\" srcset=\"https:\/\/www.fraterinternacional.org\/wp-content\/uploads\/2019\/06\/nuc-maes-carapicuiba02-200x150.jpg 200w, https:\/\/www.fraterinternacional.org\/wp-content\/uploads\/2019\/06\/nuc-maes-carapicuiba02-300x225.jpg 300w, https:\/\/www.fraterinternacional.org\/wp-content\/uploads\/2019\/06\/nuc-maes-carapicuiba02-400x300.jpg 400w, https:\/\/www.fraterinternacional.org\/wp-content\/uploads\/2019\/06\/nuc-maes-carapicuiba02-600x450.jpg 600w, https:\/\/www.fraterinternacional.org\/wp-content\/uploads\/2019\/06\/nuc-maes-carapicuiba02-800x600.jpg 800w, https:\/\/www.fraterinternacional.org\/wp-content\/uploads\/2019\/06\/nuc-maes-carapicuiba02.jpg 900w\" sizes=\"(max-width: 300px) 100vw, 300px\" \/> Denise Mendes Gomes, terapeuta familiar, hizo algunas reflexiones: <em>\u00abCuando aprendemos desde ni\u00f1os a cuidar de los hermanos, a veces no aprendemos nada m\u00e1s en la vida y necesitamos, despu\u00e9s, de nuestros propios hijos para continuar cuidando a alguien. Pero necesitamos tambi\u00e9n otros aprendizajes, no solo el aprendizaje de cuidar, y tener otro objetivo en la vida. \u00ab<\/em>Aprender un oficio, en su opini\u00f3n, podr\u00eda ser una meta para las j\u00f3venes que hoy viven solamente la vida de la familia.<\/p>\n<p>Estimulada por la conversaci\u00f3n, la joven madre Roberta Concei\u00e7\u00e3o de Souza comparti\u00f3 que quiere ser m\u00e9dica, pero interrumpi\u00f3 la escuela secundaria para cuidar de su hija, hoy de dos a\u00f1os. Ir avanzando por etapas, como primera completar un curso de nivelaci\u00f3n, es un camino, contin\u00faa Denise. <em>\u00abY si sabemos cu\u00e1les son los sue\u00f1os de los j\u00f3venes, podemos pensar qu\u00e9 cursos est\u00e1n faltando en la comunidad y c\u00f3mo hacer para llevar a los j\u00f3venes hasta esos cursos\u201d.<\/em><\/p>\n<p>Aprender inform\u00e1tica, encontrar un empleo para viabilizar el acceso a la facultad, y tambi\u00e9n simplificar la meta y considerar otras opciones de cursos t\u00e9cnicos en el \u00e1rea de la salud fueron algunas de las sugerencias para ayudar a Roberta a visualizar un sue\u00f1o a concretar en su futuro.<\/p>\n<h3><strong>ASOCIACIONES ESTRAT\u00c9GICAS<\/strong><\/h3>\n<p><a href=\"https:\/\/www.fraterinternacional.org\/wp-content\/uploads\/2019\/06\/nuc-maes-carapicuiba03.jpg\"><img decoding=\"async\" class=\"size-medium wp-image-104701 alignleft\" src=\"https:\/\/www.fraterinternacional.org\/wp-content\/uploads\/2019\/06\/nuc-maes-carapicuiba03-300x225.jpg\" alt=\"\" width=\"300\" height=\"225\" srcset=\"https:\/\/www.fraterinternacional.org\/wp-content\/uploads\/2019\/06\/nuc-maes-carapicuiba03-200x150.jpg 200w, https:\/\/www.fraterinternacional.org\/wp-content\/uploads\/2019\/06\/nuc-maes-carapicuiba03-300x225.jpg 300w, https:\/\/www.fraterinternacional.org\/wp-content\/uploads\/2019\/06\/nuc-maes-carapicuiba03-400x300.jpg 400w, https:\/\/www.fraterinternacional.org\/wp-content\/uploads\/2019\/06\/nuc-maes-carapicuiba03-600x450.jpg 600w, https:\/\/www.fraterinternacional.org\/wp-content\/uploads\/2019\/06\/nuc-maes-carapicuiba03-800x600.jpg 800w, https:\/\/www.fraterinternacional.org\/wp-content\/uploads\/2019\/06\/nuc-maes-carapicuiba03.jpg 900w\" sizes=\"(max-width: 300px) 100vw, 300px\" \/><\/a>El N\u00facleo-Luz de Figueira en San Pablo, punto de encuentro de los ocho grupos de la Red-Luz de la regi\u00f3n metropolitana y de los doce grupos del interior y litoral del Estado de San Pablo, viene ampliando su actuaci\u00f3n desde 2017 en un nuevo ciclo de servicio puertas afuera de los hogares.<\/p>\n<p>Las asociaciones formales e informales del N\u00facleo-Luz con entidades y organizaciones no gubernamentales bien estructuradas en el campo social han permitido no solo ampliar el servicio a la sociedad, sino tambi\u00e9n fortalecer y motivar a\u00fan m\u00e1s a los voluntarios por la renovaci\u00f3n y ampliaci\u00f3n de las perspectivas de acci\u00f3n de los grupos.<\/p>\n<p>Un contacto reciente con la Asociaci\u00f3n Kolping, que act\u00faa globalmente y desarrolla en Brasil programas para la superaci\u00f3n del hambre y la pobreza por medio de formaci\u00f3n y trabajo, ser\u00e1 valioso para indicar cursos de formaci\u00f3n, ayudando a realizar los sue\u00f1os de j\u00f3venes como Roberta.<\/p>\n<p><em>\u00abAdem\u00e1s de la formaci\u00f3n de los j\u00f3venes para nuevos oficios, ser\u00eda importante tambi\u00e9n llevar a los ni\u00f1os un poco mayores, de 10 o 11 a\u00f1os, para conocer las redes locales que ofrecen cursos y actividades de teatro, de artes y deportes para poder ensanchar sus horizontes y enriquecer sus vidas \u00ab<\/em>, sugiri\u00f3 la educadora Mar\u00eda del Carmen Perrucci.<\/p>\n<h3><strong>GRANDES DESAF\u00cdOS Y PEQUE\u00d1AS CONQUISTAS<\/strong><\/h3>\n<p><a href=\"https:\/\/www.fraterinternacional.org\/wp-content\/uploads\/2019\/06\/nuc-maes-carapicuiba01.jpg\"><img decoding=\"async\" class=\"size-medium wp-image-104695 alignright\" src=\"https:\/\/www.fraterinternacional.org\/wp-content\/uploads\/2019\/06\/nuc-maes-carapicuiba01-300x225.jpg\" alt=\"\" width=\"300\" height=\"225\" srcset=\"https:\/\/www.fraterinternacional.org\/wp-content\/uploads\/2019\/06\/nuc-maes-carapicuiba01-200x150.jpg 200w, https:\/\/www.fraterinternacional.org\/wp-content\/uploads\/2019\/06\/nuc-maes-carapicuiba01-300x225.jpg 300w, https:\/\/www.fraterinternacional.org\/wp-content\/uploads\/2019\/06\/nuc-maes-carapicuiba01-400x300.jpg 400w, https:\/\/www.fraterinternacional.org\/wp-content\/uploads\/2019\/06\/nuc-maes-carapicuiba01-600x450.jpg 600w, https:\/\/www.fraterinternacional.org\/wp-content\/uploads\/2019\/06\/nuc-maes-carapicuiba01-800x600.jpg 800w, https:\/\/www.fraterinternacional.org\/wp-content\/uploads\/2019\/06\/nuc-maes-carapicuiba01.jpg 900w\" sizes=\"(max-width: 300px) 100vw, 300px\" \/><\/a>Los desaf\u00edos tambi\u00e9n existen para las cinco voluntarias presentes de la Pastoral del Ni\u00f1o que, al concluir el encuentro aquel s\u00e1bado, compartieron no solo su alegr\u00eda por el trabajo de la ma\u00f1ana, sino tambi\u00e9n sus dificultades para manejarse con sus propias limitaciones en el acompa\u00f1amiento de las innumerables familias atendidas por la Pastoral. <em>\u00abSolo por mi amor por los ni\u00f1os no desisto jam\u00e1s\u00bb<\/em>, afirm\u00f3 la l\u00edder de la pastoral Marlene Mendes de Oliveira .<\/p>\n<p>En tiempos de pocas personas ofrecidas para el servicio, concluy\u00f3 Claudia Rimini, el <em>Sector Servicio<\/em> del N\u00facleo-Luz es fundamental por la uni\u00f3n y la suma de personas y organizaciones en una misma tarea para el fortalecimiento de todos. <em>\u00abSabemos que es dif\u00edcil. Para todos. Pero unidos podemos ser muy fuertes\u201d.<\/em><\/p>\n<p>En aquella ma\u00f1ana, el sentimiento general fue de un gran paso dado. Seg\u00fan la terapeuta Adriana Broncher, del <em>Sector Salud y Cura<\/em>, <em>\u00ablas madres se abrieron y participaron como hac\u00eda mucho tiempo no lo hac\u00edan, y as\u00ed es como la vida de esas personas puede cambiar, con peque\u00f1as cosas que toquen sus consciencias\u201d.<\/em><\/p>\n","protected":false},"excerpt":{"rendered":"<p>El pasado 8 de junio, ocho voluntarios del N\u00facleo-Luz de Figueira en San Pablo, afiliada a la Fraternidad &#8211; Federaci\u00f3n [&hellip;]<\/p>\n","protected":false},"author":4,"featured_media":104706,"comment_status":"closed","ping_status":"closed","sticky":false,"template":"","format":"standard","meta":{"footnotes":""},"categories":[173,120],"tags":[],"class_list":["post-104839","post","type-post","status-publish","format-standard","has-post-thumbnail","hentry","category-noticia","category-red-luz-es"],"yoast_head":"<!-- This site is optimized with the Yoast SEO Premium plugin v21.0 (Yoast SEO v21.0) - https:\/\/yoast.com\/wordpress\/plugins\/seo\/ -->\n<title>N\u00facleo-Luz de Figueira en San Pablo apoya a j\u00f3venes madres de Carapicu\u00edba<\/title>\n<meta name=\"description\" content=\"El pasado 8 de junio, ocho voluntarios del N\u00facleo-Luz de Figueira en San Pablo, afiliada a la Fraternidad - Federaci\u00f3n Humanitaria Internacional, se reunieron para el encuentro trimestral con madres y ni\u00f1os de la comunidad del barrio Jardim Tonato en Carapicu\u00edba, municipio de la regi\u00f3n metropolitana de San Pablo.\" \/>\n<meta name=\"robots\" content=\"index, follow, max-snippet:-1, max-image-preview:large, max-video-preview:-1\" \/>\n<link rel=\"canonical\" href=\"https:\/\/www.fraterinternacional.org\/es\/nucleo-luz-de-figueira-en-san-pablo-apoya-jovenes-madres-de-carapicuiba\/\" \/>\n<meta property=\"og:locale\" content=\"es_ES\" \/>\n<meta property=\"og:type\" content=\"article\" \/>\n<meta property=\"og:title\" content=\"N\u00facleo-Luz de Figueira en San Pablo apoya a j\u00f3venes madres de Carapicu\u00edba\" \/>\n<meta property=\"og:description\" content=\"El pasado 8 de junio, ocho voluntarios del N\u00facleo-Luz de Figueira en San Pablo, afiliada a la Fraternidad - Federaci\u00f3n Humanitaria Internacional, se reunieron para el encuentro trimestral con madres y ni\u00f1os de la comunidad del barrio Jardim Tonato en Carapicu\u00edba, municipio de la regi\u00f3n metropolitana de San Pablo.\" \/>\n<meta property=\"og:url\" content=\"https:\/\/www.fraterinternacional.org\/es\/nucleo-luz-de-figueira-en-san-pablo-apoya-jovenes-madres-de-carapicuiba\/\" \/>\n<meta property=\"og:site_name\" content=\"Fraternidade - Federa\u00e7\u00e3o Humanit\u00e1ria Internacional\" \/>\n<meta property=\"article:publisher\" content=\"https:\/\/www.facebook.com\/fraternidadehumanitaria\" \/>\n<meta property=\"article:published_time\" content=\"2019-06-25T19:24:08+00:00\" \/>\n<meta property=\"article:modified_time\" content=\"2019-06-28T19:34:44+00:00\" \/>\n<meta property=\"og:image\" content=\"https:\/\/www.fraterinternacional.org\/wp-content\/uploads\/2019\/06\/nuc-maes-carapicuiba04.jpg\" \/>\n\t<meta property=\"og:image:width\" content=\"900\" \/>\n\t<meta property=\"og:image:height\" content=\"675\" \/>\n\t<meta property=\"og:image:type\" content=\"image\/jpeg\" \/>\n<meta name=\"author\" content=\"maducato_admin\" \/>\n<meta name=\"twitter:card\" content=\"summary_large_image\" \/>\n<meta name=\"twitter:creator\" content=\"@fraternidadeFHI\" \/>\n<meta name=\"twitter:site\" content=\"@fraternidadeFHI\" \/>\n<meta name=\"twitter:label1\" content=\"Escrito por\" \/>\n\t<meta name=\"twitter:data1\" content=\"maducato_admin\" \/>\n\t<meta name=\"twitter:label2\" content=\"Tiempo de lectura\" \/>\n\t<meta name=\"twitter:data2\" content=\"5 minutos\" \/>\n<script type=\"application\/ld+json\" class=\"yoast-schema-graph\">{\"@context\":\"https:\/\/schema.org\",\"@graph\":[{\"@type\":\"WebPage\",\"@id\":\"https:\/\/www.fraterinternacional.org\/es\/nucleo-luz-de-figueira-en-san-pablo-apoya-jovenes-madres-de-carapicuiba\/\",\"url\":\"https:\/\/www.fraterinternacional.org\/es\/nucleo-luz-de-figueira-en-san-pablo-apoya-jovenes-madres-de-carapicuiba\/\",\"name\":\"N\u00facleo-Luz de Figueira en San Pablo apoya a j\u00f3venes madres de Carapicu\u00edba\",\"isPartOf\":{\"@id\":\"https:\/\/www.fraterinternacional.org\/es\/#website\"},\"datePublished\":\"2019-06-25T19:24:08+00:00\",\"dateModified\":\"2019-06-28T19:34:44+00:00\",\"author\":{\"@id\":\"https:\/\/www.fraterinternacional.org\/es\/#\/schema\/person\/19cb7a5541fd019768c7fe255d72701e\"},\"description\":\"El pasado 8 de junio, ocho voluntarios del N\u00facleo-Luz de Figueira en San Pablo, afiliada a la Fraternidad - Federaci\u00f3n Humanitaria Internacional, se reunieron para el encuentro trimestral con madres y ni\u00f1os de la comunidad del barrio Jardim Tonato en Carapicu\u00edba, municipio de la regi\u00f3n metropolitana de San Pablo.\",\"breadcrumb\":{\"@id\":\"https:\/\/www.fraterinternacional.org\/es\/nucleo-luz-de-figueira-en-san-pablo-apoya-jovenes-madres-de-carapicuiba\/#breadcrumb\"},\"inLanguage\":\"es\",\"potentialAction\":[{\"@type\":\"ReadAction\",\"target\":[\"https:\/\/www.fraterinternacional.org\/es\/nucleo-luz-de-figueira-en-san-pablo-apoya-jovenes-madres-de-carapicuiba\/\"]}]},{\"@type\":\"BreadcrumbList\",\"@id\":\"https:\/\/www.fraterinternacional.org\/es\/nucleo-luz-de-figueira-en-san-pablo-apoya-jovenes-madres-de-carapicuiba\/#breadcrumb\",\"itemListElement\":[{\"@type\":\"ListItem\",\"position\":1,\"name\":\"In\u00edcio\",\"item\":\"https:\/\/www.fraterinternacional.org\/es\/\"},{\"@type\":\"ListItem\",\"position\":2,\"name\":\"N\u00facleo-Luz de Figueira en San Pablo apoya a j\u00f3venes madres de Carapicu\u00edba\"}]},{\"@type\":\"WebSite\",\"@id\":\"https:\/\/www.fraterinternacional.org\/es\/#website\",\"url\":\"https:\/\/www.fraterinternacional.org\/es\/\",\"name\":\"Fraternidade - Federa\u00e7\u00e3o Humanit\u00e1ria Internacional\",\"description\":\"Fraternidade - Federa\u00e7\u00e3o Humanit\u00e1ria Internacional\",\"potentialAction\":[{\"@type\":\"SearchAction\",\"target\":{\"@type\":\"EntryPoint\",\"urlTemplate\":\"https:\/\/www.fraterinternacional.org\/es\/?s={search_term_string}\"},\"query-input\":\"required name=search_term_string\"}],\"inLanguage\":\"es\"},{\"@type\":\"Person\",\"@id\":\"https:\/\/www.fraterinternacional.org\/es\/#\/schema\/person\/19cb7a5541fd019768c7fe255d72701e\",\"name\":\"maducato_admin\"}]}<\/script>\n<!-- \/ Yoast SEO Premium plugin. -->","yoast_head_json":{"title":"N\u00facleo-Luz de Figueira en San Pablo apoya a j\u00f3venes madres de Carapicu\u00edba","description":"El pasado 8 de junio, ocho voluntarios del N\u00facleo-Luz de Figueira en San Pablo, afiliada a la Fraternidad - Federaci\u00f3n Humanitaria Internacional, se reunieron para el encuentro trimestral con madres y ni\u00f1os de la comunidad del barrio Jardim Tonato en Carapicu\u00edba, municipio de la regi\u00f3n metropolitana de San Pablo.","robots":{"index":"index","follow":"follow","max-snippet":"max-snippet:-1","max-image-preview":"max-image-preview:large","max-video-preview":"max-video-preview:-1"},"canonical":"https:\/\/www.fraterinternacional.org\/es\/nucleo-luz-de-figueira-en-san-pablo-apoya-jovenes-madres-de-carapicuiba\/","og_locale":"es_ES","og_type":"article","og_title":"N\u00facleo-Luz de Figueira en San Pablo apoya a j\u00f3venes madres de Carapicu\u00edba","og_description":"El pasado 8 de junio, ocho voluntarios del N\u00facleo-Luz de Figueira en San Pablo, afiliada a la Fraternidad - Federaci\u00f3n Humanitaria Internacional, se reunieron para el encuentro trimestral con madres y ni\u00f1os de la comunidad del barrio Jardim Tonato en Carapicu\u00edba, municipio de la regi\u00f3n metropolitana de San Pablo.","og_url":"https:\/\/www.fraterinternacional.org\/es\/nucleo-luz-de-figueira-en-san-pablo-apoya-jovenes-madres-de-carapicuiba\/","og_site_name":"Fraternidade - Federa\u00e7\u00e3o Humanit\u00e1ria Internacional","article_publisher":"https:\/\/www.facebook.com\/fraternidadehumanitaria","article_published_time":"2019-06-25T19:24:08+00:00","article_modified_time":"2019-06-28T19:34:44+00:00","og_image":[{"width":900,"height":675,"url":"https:\/\/www.fraterinternacional.org\/wp-content\/uploads\/2019\/06\/nuc-maes-carapicuiba04.jpg","type":"image\/jpeg"}],"author":"maducato_admin","twitter_card":"summary_large_image","twitter_creator":"@fraternidadeFHI","twitter_site":"@fraternidadeFHI","twitter_misc":{"Escrito por":"maducato_admin","Tiempo de lectura":"5 minutos"},"schema":{"@context":"https:\/\/schema.org","@graph":[{"@type":"WebPage","@id":"https:\/\/www.fraterinternacional.org\/es\/nucleo-luz-de-figueira-en-san-pablo-apoya-jovenes-madres-de-carapicuiba\/","url":"https:\/\/www.fraterinternacional.org\/es\/nucleo-luz-de-figueira-en-san-pablo-apoya-jovenes-madres-de-carapicuiba\/","name":"N\u00facleo-Luz de Figueira en San Pablo apoya a j\u00f3venes madres de Carapicu\u00edba","isPartOf":{"@id":"https:\/\/www.fraterinternacional.org\/es\/#website"},"datePublished":"2019-06-25T19:24:08+00:00","dateModified":"2019-06-28T19:34:44+00:00","author":{"@id":"https:\/\/www.fraterinternacional.org\/es\/#\/schema\/person\/19cb7a5541fd019768c7fe255d72701e"},"description":"El pasado 8 de junio, ocho voluntarios del N\u00facleo-Luz de Figueira en San Pablo, afiliada a la Fraternidad - Federaci\u00f3n Humanitaria Internacional, se reunieron para el encuentro trimestral con madres y ni\u00f1os de la comunidad del barrio Jardim Tonato en Carapicu\u00edba, municipio de la regi\u00f3n metropolitana de San Pablo.","breadcrumb":{"@id":"https:\/\/www.fraterinternacional.org\/es\/nucleo-luz-de-figueira-en-san-pablo-apoya-jovenes-madres-de-carapicuiba\/#breadcrumb"},"inLanguage":"es","potentialAction":[{"@type":"ReadAction","target":["https:\/\/www.fraterinternacional.org\/es\/nucleo-luz-de-figueira-en-san-pablo-apoya-jovenes-madres-de-carapicuiba\/"]}]},{"@type":"BreadcrumbList","@id":"https:\/\/www.fraterinternacional.org\/es\/nucleo-luz-de-figueira-en-san-pablo-apoya-jovenes-madres-de-carapicuiba\/#breadcrumb","itemListElement":[{"@type":"ListItem","position":1,"name":"In\u00edcio","item":"https:\/\/www.fraterinternacional.org\/es\/"},{"@type":"ListItem","position":2,"name":"N\u00facleo-Luz de Figueira en San Pablo apoya a j\u00f3venes madres de Carapicu\u00edba"}]},{"@type":"WebSite","@id":"https:\/\/www.fraterinternacional.org\/es\/#website","url":"https:\/\/www.fraterinternacional.org\/es\/","name":"Fraternidade - Federa\u00e7\u00e3o Humanit\u00e1ria Internacional","description":"Fraternidade - Federa\u00e7\u00e3o Humanit\u00e1ria Internacional","potentialAction":[{"@type":"SearchAction","target":{"@type":"EntryPoint","urlTemplate":"https:\/\/www.fraterinternacional.org\/es\/?s={search_term_string}"},"query-input":"required name=search_term_string"}],"inLanguage":"es"},{"@type":"Person","@id":"https:\/\/www.fraterinternacional.org\/es\/#\/schema\/person\/19cb7a5541fd019768c7fe255d72701e","name":"maducato_admin"}]}},"_links":{"self":[{"href":"https:\/\/www.fraterinternacional.org\/es\/wp-json\/wp\/v2\/posts\/104839"}],"collection":[{"href":"https:\/\/www.fraterinternacional.org\/es\/wp-json\/wp\/v2\/posts"}],"about":[{"href":"https:\/\/www.fraterinternacional.org\/es\/wp-json\/wp\/v2\/types\/post"}],"author":[{"embeddable":true,"href":"https:\/\/www.fraterinternacional.org\/es\/wp-json\/wp\/v2\/users\/4"}],"replies":[{"embeddable":true,"href":"https:\/\/www.fraterinternacional.org\/es\/wp-json\/wp\/v2\/comments?post=104839"}],"version-history":[{"count":0,"href":"https:\/\/www.fraterinternacional.org\/es\/wp-json\/wp\/v2\/posts\/104839\/revisions"}],"wp:featuredmedia":[{"embeddable":true,"href":"https:\/\/www.fraterinternacional.org\/es\/wp-json\/wp\/v2\/media\/104706"}],"wp:attachment":[{"href":"https:\/\/www.fraterinternacional.org\/es\/wp-json\/wp\/v2\/media?parent=104839"}],"wp:term":[{"taxonomy":"category","embeddable":true,"href":"https:\/\/www.fraterinternacional.org\/es\/wp-json\/wp\/v2\/categories?post=104839"},{"taxonomy":"post_tag","embeddable":true,"href":"https:\/\/www.fraterinternacional.org\/es\/wp-json\/wp\/v2\/tags?post=104839"}],"curies":[{"name":"wp","href":"https:\/\/api.w.org\/{rel}","templated":true}]}}