{"id":96605,"date":"2019-02-03T12:56:38","date_gmt":"2019-02-03T15:56:38","guid":{"rendered":"https:\/\/www.fraterinternacional.org\/?p=96605"},"modified":"2019-02-26T16:27:31","modified_gmt":"2019-02-26T19:27:31","slug":"busy-hands-and-heart-homebread-workshop-in-belo-horizonte","status":"publish","type":"post","link":"https:\/\/www.fraterinternacional.org\/en\/busy-hands-and-heart-homebread-workshop-in-belo-horizonte\/","title":{"rendered":"Busy hands and heart: homebread workshop in Belo Horizonte"},"content":{"rendered":"<p style=\"text-align: right;\"><em><i><span lang=\"EN-US\">\u201cPower must be born in your inner core and pervade your work\u201d \u2013 The Voice of Amhaj<\/span><\/i> (By <a href=\"http:\/\/www.trigueirinho.org.br\/\" target=\"_blank\" rel=\"noopener noreferrer\">Trigueirinho<\/a>)<\/em><\/p>\n<p style=\"text-align: justify;\"><a href=\"https:\/\/www.fraterinternacional.org\/wp-content\/uploads\/2018\/12\/foto_181124_cjpbh_oficina_pao1.jpg\"><img decoding=\"async\" class=\"size-medium wp-image-93976 alignleft\" src=\"https:\/\/www.fraterinternacional.org\/wp-content\/uploads\/2018\/12\/foto_181124_cjpbh_oficina_pao1-300x169.jpg\" alt=\"\" width=\"300\" height=\"169\" srcset=\"https:\/\/www.fraterinternacional.org\/wp-content\/uploads\/2018\/12\/foto_181124_cjpbh_oficina_pao1-200x112.jpg 200w, https:\/\/www.fraterinternacional.org\/wp-content\/uploads\/2018\/12\/foto_181124_cjpbh_oficina_pao1-300x169.jpg 300w, https:\/\/www.fraterinternacional.org\/wp-content\/uploads\/2018\/12\/foto_181124_cjpbh_oficina_pao1-400x225.jpg 400w, https:\/\/www.fraterinternacional.org\/wp-content\/uploads\/2018\/12\/foto_181124_cjpbh_oficina_pao1-600x337.jpg 600w, https:\/\/www.fraterinternacional.org\/wp-content\/uploads\/2018\/12\/foto_181124_cjpbh_oficina_pao1.jpg 690w\" sizes=\"(max-width: 300px) 100vw, 300px\" \/><\/a>The Youth Campaign for Peace of Belo Horizonte, Minas Gerais, Brazil, organized a \u201cCulinary Workshop\u201d on November 24, 2018. The group offered a practical class on how to make homebread.<\/p>\n<p style=\"text-align: justify;\">\u201cDuring the workshop, I felt joy and peace. Concentrating on kneading the bread dough, doing work with my hands and fixing food was like therapy. I perceived it was like an opportunity of service and I felt like learning to make more food in a group, with people who also seek to serve God and who do not feed on animal suffering\u201d, reported Fernanda de S\u00e1, also referring to the vegan nutrition proposed by the campaign.<\/p>\n<p style=\"text-align: justify;\"><a href=\"https:\/\/www.fraterinternacional.org\/wp-content\/uploads\/2018\/12\/foto_181124_cjpbh_oficina_pao2.jpg\"><img decoding=\"async\" class=\"size-medium wp-image-93979 alignright\" src=\"https:\/\/www.fraterinternacional.org\/wp-content\/uploads\/2018\/12\/foto_181124_cjpbh_oficina_pao2-300x169.jpg\" alt=\"\" width=\"300\" height=\"169\" srcset=\"https:\/\/www.fraterinternacional.org\/wp-content\/uploads\/2018\/12\/foto_181124_cjpbh_oficina_pao2-200x112.jpg 200w, https:\/\/www.fraterinternacional.org\/wp-content\/uploads\/2018\/12\/foto_181124_cjpbh_oficina_pao2-300x169.jpg 300w, https:\/\/www.fraterinternacional.org\/wp-content\/uploads\/2018\/12\/foto_181124_cjpbh_oficina_pao2-400x225.jpg 400w, https:\/\/www.fraterinternacional.org\/wp-content\/uploads\/2018\/12\/foto_181124_cjpbh_oficina_pao2-600x337.jpg 600w, https:\/\/www.fraterinternacional.org\/wp-content\/uploads\/2018\/12\/foto_181124_cjpbh_oficina_pao2.jpg 690w\" sizes=\"(max-width: 300px) 100vw, 300px\" \/><\/a>The activity began with a prayer and a brief explanation of spiritual symbolism of bread.<\/p>\n<p style=\"text-align: justify;\">Every activity connected with the Youth Campaign for Peace has a spiritual purpose. The idea is that action be consciously done, seeking inner connection. Each one expresses this state in a different manner: with joy, fraternity, attention, silence, etc. Disinterested and loving action conducted while making bread, for example, benefits both the one who makes it and the one who eats the food, beyond nutritional effects.<\/p>\n<p style=\"text-align: justify;\">Artisanal making of bread is literally an opportunity to get their hands busy with dough. The hands can be channels of expression of heart energy. \u201cHeart\u201d, in this context, is a symbol of a high level of consciousness.<\/p>\n<p style=\"text-align: justify;\"><a href=\"https:\/\/www.fraterinternacional.org\/wp-content\/uploads\/2018\/12\/foto_181124_cjpbh_oficina_pao3.jpg\"><img decoding=\"async\" class=\"size-medium wp-image-93982 alignleft\" src=\"https:\/\/www.fraterinternacional.org\/wp-content\/uploads\/2018\/12\/foto_181124_cjpbh_oficina_pao3-300x169.jpg\" alt=\"\" width=\"300\" height=\"169\" srcset=\"https:\/\/www.fraterinternacional.org\/wp-content\/uploads\/2018\/12\/foto_181124_cjpbh_oficina_pao3-200x112.jpg 200w, https:\/\/www.fraterinternacional.org\/wp-content\/uploads\/2018\/12\/foto_181124_cjpbh_oficina_pao3-300x169.jpg 300w, https:\/\/www.fraterinternacional.org\/wp-content\/uploads\/2018\/12\/foto_181124_cjpbh_oficina_pao3-400x225.jpg 400w, https:\/\/www.fraterinternacional.org\/wp-content\/uploads\/2018\/12\/foto_181124_cjpbh_oficina_pao3-600x337.jpg 600w, https:\/\/www.fraterinternacional.org\/wp-content\/uploads\/2018\/12\/foto_181124_cjpbh_oficina_pao3.jpg 690w\" sizes=\"(max-width: 300px) 100vw, 300px\" \/><\/a>Fernanda, who had in the event her first contact with the campaign in Belo Horizonte, also commented, \u201cKnowing that wheat absorbs solar energy in a special way and to know that we put in bread the heart energy made me have the notion of how wonderful was this opportunity of serving, of praying and of persevering on the Path of Light\u201d.<\/p>\n<p style=\"text-align: justify;\">Bread is a popular food that has sustained a large part of humanity for thousands of years. Master Jesus himself used the image of bread to refer to the Christic state of consciousness: \u201cI am the Bread of Life\u201d (John, 6:48). And the sacrament of communion uses bread as a key symbol of the ceremony.<\/p>\n<p style=\"text-align: justify;\"><a href=\"https:\/\/www.fraterinternacional.org\/wp-content\/uploads\/2018\/12\/foto_181124_cjpbh_oficina_pao4.jpg\"><img decoding=\"async\" class=\"size-medium wp-image-93986 alignright\" src=\"https:\/\/www.fraterinternacional.org\/wp-content\/uploads\/2018\/12\/foto_181124_cjpbh_oficina_pao4-300x169.jpg\" alt=\"\" width=\"300\" height=\"169\" srcset=\"https:\/\/www.fraterinternacional.org\/wp-content\/uploads\/2018\/12\/foto_181124_cjpbh_oficina_pao4-200x112.jpg 200w, https:\/\/www.fraterinternacional.org\/wp-content\/uploads\/2018\/12\/foto_181124_cjpbh_oficina_pao4-300x169.jpg 300w, https:\/\/www.fraterinternacional.org\/wp-content\/uploads\/2018\/12\/foto_181124_cjpbh_oficina_pao4-400x225.jpg 400w, https:\/\/www.fraterinternacional.org\/wp-content\/uploads\/2018\/12\/foto_181124_cjpbh_oficina_pao4-600x337.jpg 600w, https:\/\/www.fraterinternacional.org\/wp-content\/uploads\/2018\/12\/foto_181124_cjpbh_oficina_pao4.jpg 690w\" sizes=\"(max-width: 300px) 100vw, 300px\" \/><\/a>In the end, young people tasted the result of the workshop in a collective snack. The group, glad about the experience, is already planning other culinary workshops soon.<\/p>\n<h3 style=\"text-align: justify;\"><span lang=\"EN-US\">Additional<\/span><span lang=\"EN-US\"> inform<\/span><span lang=\"EN-US\">ation:<\/span><\/h3>\n<p style=\"text-align: justify;\"><a href=\"http:\/\/www.juventudepelapaz.org\">www.juventudepelapaz.org<\/a><\/p>\n","protected":false},"excerpt":{"rendered":"<p>\u201cPower must be born in your inner core and pervade your work\u201d \u2013 The Voice of Amhaj (By Trigueirinho) The [&hellip;]<\/p>\n","protected":false},"author":38,"featured_media":93974,"comment_status":"closed","ping_status":"closed","sticky":false,"template":"","format":"standard","meta":{"footnotes":""},"categories":[150],"tags":[4114],"class_list":["post-96605","post","type-post","status-publish","format-standard","has-post-thumbnail","hentry","category-news","tag-youth-for-peace"],"yoast_head":"<!-- This site is optimized with the Yoast SEO Premium plugin v21.0 (Yoast SEO v21.0) - https:\/\/yoast.com\/wordpress\/plugins\/seo\/ -->\n<title>Busy hands and heart: homebread workshop in Belo Horizonte<\/title>\n<meta name=\"description\" content=\"Disinterested and loving action, conducted while making bread benefits both the one who makes it and the one who eats the food, beyond nutritional effects.\" \/>\n<meta name=\"robots\" content=\"index, follow, max-snippet:-1, max-image-preview:large, max-video-preview:-1\" \/>\n<link rel=\"canonical\" href=\"https:\/\/www.fraterinternacional.org\/en\/busy-hands-and-heart-homebread-workshop-in-belo-horizonte\/\" \/>\n<meta property=\"og:locale\" content=\"en_US\" \/>\n<meta property=\"og:type\" content=\"article\" \/>\n<meta property=\"og:title\" content=\"Busy hands and heart: homebread workshop in Belo Horizonte\" \/>\n<meta property=\"og:description\" content=\"Disinterested and loving action, conducted while making bread benefits both the one who makes it and the one who eats the food, beyond nutritional effects.\" \/>\n<meta property=\"og:url\" content=\"https:\/\/www.fraterinternacional.org\/en\/busy-hands-and-heart-homebread-workshop-in-belo-horizonte\/\" \/>\n<meta property=\"og:site_name\" content=\"Fraternidade - Federa\u00e7\u00e3o Humanit\u00e1ria Internacional\" \/>\n<meta property=\"article:publisher\" content=\"https:\/\/www.facebook.com\/fraternidadehumanitaria\" \/>\n<meta property=\"article:published_time\" content=\"2019-02-03T15:56:38+00:00\" \/>\n<meta property=\"article:modified_time\" content=\"2019-02-26T19:27:31+00:00\" \/>\n<meta property=\"og:image\" content=\"https:\/\/www.fraterinternacional.org\/wp-content\/uploads\/2018\/12\/foto_181124_cjpbh_oficina_pao.jpg\" \/>\n\t<meta property=\"og:image:width\" content=\"690\" \/>\n\t<meta property=\"og:image:height\" content=\"388\" \/>\n\t<meta property=\"og:image:type\" content=\"image\/jpeg\" \/>\n<meta name=\"author\" content=\"Guilherme\" \/>\n<meta name=\"twitter:card\" content=\"summary_large_image\" \/>\n<meta name=\"twitter:creator\" content=\"@fraternidadeFHI\" \/>\n<meta name=\"twitter:site\" content=\"@fraternidadeFHI\" \/>\n<meta name=\"twitter:label1\" content=\"Written by\" \/>\n\t<meta name=\"twitter:data1\" content=\"Guilherme\" \/>\n\t<meta name=\"twitter:label2\" content=\"Est. reading time\" \/>\n\t<meta name=\"twitter:data2\" content=\"2 minutes\" \/>\n<script type=\"application\/ld+json\" class=\"yoast-schema-graph\">{\"@context\":\"https:\/\/schema.org\",\"@graph\":[{\"@type\":\"WebPage\",\"@id\":\"https:\/\/www.fraterinternacional.org\/en\/busy-hands-and-heart-homebread-workshop-in-belo-horizonte\/\",\"url\":\"https:\/\/www.fraterinternacional.org\/en\/busy-hands-and-heart-homebread-workshop-in-belo-horizonte\/\",\"name\":\"Busy hands and heart: homebread workshop in Belo Horizonte\",\"isPartOf\":{\"@id\":\"https:\/\/www.fraterinternacional.org\/es\/#website\"},\"datePublished\":\"2019-02-03T15:56:38+00:00\",\"dateModified\":\"2019-02-26T19:27:31+00:00\",\"author\":{\"@id\":\"https:\/\/www.fraterinternacional.org\/es\/#\/schema\/person\/c595ef819a07462bef55dcc6656276bf\"},\"description\":\"Disinterested and loving action, conducted while making bread benefits both the one who makes it and the one who eats the food, beyond nutritional effects.\",\"breadcrumb\":{\"@id\":\"https:\/\/www.fraterinternacional.org\/en\/busy-hands-and-heart-homebread-workshop-in-belo-horizonte\/#breadcrumb\"},\"inLanguage\":\"en-US\",\"potentialAction\":[{\"@type\":\"ReadAction\",\"target\":[\"https:\/\/www.fraterinternacional.org\/en\/busy-hands-and-heart-homebread-workshop-in-belo-horizonte\/\"]}]},{\"@type\":\"BreadcrumbList\",\"@id\":\"https:\/\/www.fraterinternacional.org\/en\/busy-hands-and-heart-homebread-workshop-in-belo-horizonte\/#breadcrumb\",\"itemListElement\":[{\"@type\":\"ListItem\",\"position\":1,\"name\":\"In\u00edcio\",\"item\":\"https:\/\/www.fraterinternacional.org\/en\/\"},{\"@type\":\"ListItem\",\"position\":2,\"name\":\"Busy hands and heart: homebread workshop in Belo Horizonte\"}]},{\"@type\":\"WebSite\",\"@id\":\"https:\/\/www.fraterinternacional.org\/es\/#website\",\"url\":\"https:\/\/www.fraterinternacional.org\/es\/\",\"name\":\"Fraternidade - Federa\u00e7\u00e3o Humanit\u00e1ria Internacional\",\"description\":\"Fraternidade - Federa\u00e7\u00e3o Humanit\u00e1ria Internacional\",\"potentialAction\":[{\"@type\":\"SearchAction\",\"target\":{\"@type\":\"EntryPoint\",\"urlTemplate\":\"https:\/\/www.fraterinternacional.org\/es\/?s={search_term_string}\"},\"query-input\":\"required name=search_term_string\"}],\"inLanguage\":\"en-US\"},{\"@type\":\"Person\",\"@id\":\"https:\/\/www.fraterinternacional.org\/es\/#\/schema\/person\/c595ef819a07462bef55dcc6656276bf\",\"name\":\"Guilherme\"}]}<\/script>\n<!-- \/ Yoast SEO Premium plugin. -->","yoast_head_json":{"title":"Busy hands and heart: homebread workshop in Belo Horizonte","description":"Disinterested and loving action, conducted while making bread benefits both the one who makes it and the one who eats the food, beyond nutritional effects.","robots":{"index":"index","follow":"follow","max-snippet":"max-snippet:-1","max-image-preview":"max-image-preview:large","max-video-preview":"max-video-preview:-1"},"canonical":"https:\/\/www.fraterinternacional.org\/en\/busy-hands-and-heart-homebread-workshop-in-belo-horizonte\/","og_locale":"en_US","og_type":"article","og_title":"Busy hands and heart: homebread workshop in Belo Horizonte","og_description":"Disinterested and loving action, conducted while making bread benefits both the one who makes it and the one who eats the food, beyond nutritional effects.","og_url":"https:\/\/www.fraterinternacional.org\/en\/busy-hands-and-heart-homebread-workshop-in-belo-horizonte\/","og_site_name":"Fraternidade - Federa\u00e7\u00e3o Humanit\u00e1ria Internacional","article_publisher":"https:\/\/www.facebook.com\/fraternidadehumanitaria","article_published_time":"2019-02-03T15:56:38+00:00","article_modified_time":"2019-02-26T19:27:31+00:00","og_image":[{"width":690,"height":388,"url":"https:\/\/www.fraterinternacional.org\/wp-content\/uploads\/2018\/12\/foto_181124_cjpbh_oficina_pao.jpg","type":"image\/jpeg"}],"author":"Guilherme","twitter_card":"summary_large_image","twitter_creator":"@fraternidadeFHI","twitter_site":"@fraternidadeFHI","twitter_misc":{"Written by":"Guilherme","Est. reading time":"2 minutes"},"schema":{"@context":"https:\/\/schema.org","@graph":[{"@type":"WebPage","@id":"https:\/\/www.fraterinternacional.org\/en\/busy-hands-and-heart-homebread-workshop-in-belo-horizonte\/","url":"https:\/\/www.fraterinternacional.org\/en\/busy-hands-and-heart-homebread-workshop-in-belo-horizonte\/","name":"Busy hands and heart: homebread workshop in Belo Horizonte","isPartOf":{"@id":"https:\/\/www.fraterinternacional.org\/es\/#website"},"datePublished":"2019-02-03T15:56:38+00:00","dateModified":"2019-02-26T19:27:31+00:00","author":{"@id":"https:\/\/www.fraterinternacional.org\/es\/#\/schema\/person\/c595ef819a07462bef55dcc6656276bf"},"description":"Disinterested and loving action, conducted while making bread benefits both the one who makes it and the one who eats the food, beyond nutritional effects.","breadcrumb":{"@id":"https:\/\/www.fraterinternacional.org\/en\/busy-hands-and-heart-homebread-workshop-in-belo-horizonte\/#breadcrumb"},"inLanguage":"en-US","potentialAction":[{"@type":"ReadAction","target":["https:\/\/www.fraterinternacional.org\/en\/busy-hands-and-heart-homebread-workshop-in-belo-horizonte\/"]}]},{"@type":"BreadcrumbList","@id":"https:\/\/www.fraterinternacional.org\/en\/busy-hands-and-heart-homebread-workshop-in-belo-horizonte\/#breadcrumb","itemListElement":[{"@type":"ListItem","position":1,"name":"In\u00edcio","item":"https:\/\/www.fraterinternacional.org\/en\/"},{"@type":"ListItem","position":2,"name":"Busy hands and heart: homebread workshop in Belo Horizonte"}]},{"@type":"WebSite","@id":"https:\/\/www.fraterinternacional.org\/es\/#website","url":"https:\/\/www.fraterinternacional.org\/es\/","name":"Fraternidade - Federa\u00e7\u00e3o Humanit\u00e1ria Internacional","description":"Fraternidade - Federa\u00e7\u00e3o Humanit\u00e1ria Internacional","potentialAction":[{"@type":"SearchAction","target":{"@type":"EntryPoint","urlTemplate":"https:\/\/www.fraterinternacional.org\/es\/?s={search_term_string}"},"query-input":"required name=search_term_string"}],"inLanguage":"en-US"},{"@type":"Person","@id":"https:\/\/www.fraterinternacional.org\/es\/#\/schema\/person\/c595ef819a07462bef55dcc6656276bf","name":"Guilherme"}]}},"_links":{"self":[{"href":"https:\/\/www.fraterinternacional.org\/en\/wp-json\/wp\/v2\/posts\/96605"}],"collection":[{"href":"https:\/\/www.fraterinternacional.org\/en\/wp-json\/wp\/v2\/posts"}],"about":[{"href":"https:\/\/www.fraterinternacional.org\/en\/wp-json\/wp\/v2\/types\/post"}],"author":[{"embeddable":true,"href":"https:\/\/www.fraterinternacional.org\/en\/wp-json\/wp\/v2\/users\/38"}],"replies":[{"embeddable":true,"href":"https:\/\/www.fraterinternacional.org\/en\/wp-json\/wp\/v2\/comments?post=96605"}],"version-history":[{"count":0,"href":"https:\/\/www.fraterinternacional.org\/en\/wp-json\/wp\/v2\/posts\/96605\/revisions"}],"wp:featuredmedia":[{"embeddable":true,"href":"https:\/\/www.fraterinternacional.org\/en\/wp-json\/wp\/v2\/media\/93974"}],"wp:attachment":[{"href":"https:\/\/www.fraterinternacional.org\/en\/wp-json\/wp\/v2\/media?parent=96605"}],"wp:term":[{"taxonomy":"category","embeddable":true,"href":"https:\/\/www.fraterinternacional.org\/en\/wp-json\/wp\/v2\/categories?post=96605"},{"taxonomy":"post_tag","embeddable":true,"href":"https:\/\/www.fraterinternacional.org\/en\/wp-json\/wp\/v2\/tags?post=96605"}],"curies":[{"name":"wp","href":"https:\/\/api.w.org\/{rel}","templated":true}]}}