{"id":92495,"date":"2018-11-15T11:09:39","date_gmt":"2018-11-15T14:09:39","guid":{"rendered":"https:\/\/www.fraterinternacional.org\/?p=92495"},"modified":"2018-11-28T11:14:16","modified_gmt":"2018-11-28T14:14:16","slug":"youth-festival-for-peace-in-sao-paulo","status":"publish","type":"post","link":"https:\/\/www.fraterinternacional.org\/en\/youth-festival-for-peace-in-sao-paulo\/","title":{"rendered":"Youth Festival for Peace in S\u00e3o Paulo"},"content":{"rendered":"<div style=\"text-align: justify;\"><em>\u201cIf I speak in the tongues of men or of angels, but do not have love [\u2026]\u201d (Paul of Tarsus: Epistle to the Corinthians, verse 13)<\/em><\/div>\n<div><\/div>\n<div style=\"text-align: justify;\">\n<p><a href=\"https:\/\/www.fraterinternacional.org\/wp-content\/uploads\/2018\/11\/foto_181021_festival_juventude_paz_sp1.jpg\"><img decoding=\"async\" class=\"wp-image-91721 size-medium alignleft\" src=\"https:\/\/www.fraterinternacional.org\/wp-content\/uploads\/2018\/11\/foto_181021_festival_juventude_paz_sp1-300x169.jpg\" alt=\"\" width=\"300\" height=\"169\" srcset=\"https:\/\/www.fraterinternacional.org\/wp-content\/uploads\/2018\/11\/foto_181021_festival_juventude_paz_sp1-200x112.jpg 200w, https:\/\/www.fraterinternacional.org\/wp-content\/uploads\/2018\/11\/foto_181021_festival_juventude_paz_sp1-300x169.jpg 300w, https:\/\/www.fraterinternacional.org\/wp-content\/uploads\/2018\/11\/foto_181021_festival_juventude_paz_sp1-400x225.jpg 400w, https:\/\/www.fraterinternacional.org\/wp-content\/uploads\/2018\/11\/foto_181021_festival_juventude_paz_sp1-600x337.jpg 600w, https:\/\/www.fraterinternacional.org\/wp-content\/uploads\/2018\/11\/foto_181021_festival_juventude_paz_sp1.jpg 690w\" sizes=\"(max-width: 300px) 100vw, 300px\" \/><\/a><\/p>\n<p>\u201cI am very happy. Coming here was an unexpected gift. Everything sounded familiar to me: people, the welcoming, and also the Presence of Mary, who has always been with me. It is as if the Divine Mother were showing us the force of union and the need to vibrate for peace and for love for everyone\u201d, told the young singer Maya, concerning the Festival.<\/p>\n<\/div>\n<div style=\"text-align: justify;\">\n<p>The 8th edition of the Youth Festival for Peace took place in the city of S\u00e3o Paulo on the last October 21st.<\/p>\n<\/div>\n<div style=\"text-align: justify;\">\n<p>The Festival began with a <em>Tai Chi<\/em> session, imparted by the master Jerusha Chang. <em>Tai Chi<\/em> is a training of nature, applied in the circular movement of the vital energy, which fosters balance, peace and health. On the occasion, a touching and unprecedented scene occurred: a child with Down Syndrome, who had participated in the class, asked for the microphone and sang a song that talked about love, sensitizing and positively surprising all those present.<\/p>\n<\/div>\n<div style=\"text-align: justify;\">\n<p><a href=\"https:\/\/www.fraterinternacional.org\/wp-content\/uploads\/2018\/11\/foto_181021_festival_juventude_paz_sp2.jpg\"><img decoding=\"async\" class=\"wp-image-91724 size-medium alignright\" src=\"https:\/\/www.fraterinternacional.org\/wp-content\/uploads\/2018\/11\/foto_181021_festival_juventude_paz_sp2-300x169.jpg\" alt=\"\" width=\"300\" height=\"169\" srcset=\"https:\/\/www.fraterinternacional.org\/wp-content\/uploads\/2018\/11\/foto_181021_festival_juventude_paz_sp2-200x112.jpg 200w, https:\/\/www.fraterinternacional.org\/wp-content\/uploads\/2018\/11\/foto_181021_festival_juventude_paz_sp2-300x169.jpg 300w, https:\/\/www.fraterinternacional.org\/wp-content\/uploads\/2018\/11\/foto_181021_festival_juventude_paz_sp2-400x225.jpg 400w, https:\/\/www.fraterinternacional.org\/wp-content\/uploads\/2018\/11\/foto_181021_festival_juventude_paz_sp2-600x337.jpg 600w, https:\/\/www.fraterinternacional.org\/wp-content\/uploads\/2018\/11\/foto_181021_festival_juventude_paz_sp2.jpg 690w\" sizes=\"(max-width: 300px) 100vw, 300px\" \/><\/a><\/p>\n<p>Then, a vegan snack was served free of charge, and right after that, there was an attunement with Jorge Pe\u00f1a using gongs. These are ancient and powerful instruments that lead those who listen to them to a state of profound meditation, which relaxes the whole body and produces a unique moment of harmony and healing in the physical, emotional, mental and spiritual fields of the individuals.<\/p>\n<\/div>\n<div style=\"text-align: justify;\">\n<p>The gongs music announced and prepared the beginning of the first live transmission of the event via internet by means of Mercy Mary TV. Vibehouse, a band that mixes rhythms and adds the wealth of Brazilian pop music in its lyrics and melodies, opened the transmission with a good \u201cvibe\u201d on stage. The singer and composer Nicole Salmi made a \u201cpocket show\u201d with her contemporary Brazilian music, expressed with her unique voice.<\/p>\n<\/div>\n<div style=\"text-align: justify;\">\n<p><a href=\"https:\/\/www.fraterinternacional.org\/wp-content\/uploads\/2018\/11\/foto_181021_festival_juventude_paz_sp3-1.jpg\"><img decoding=\"async\" class=\"size-medium wp-image-91735 alignleft\" src=\"https:\/\/www.fraterinternacional.org\/wp-content\/uploads\/2018\/11\/foto_181021_festival_juventude_paz_sp3-1-300x169.jpg\" alt=\"\" width=\"300\" height=\"169\" srcset=\"https:\/\/www.fraterinternacional.org\/wp-content\/uploads\/2018\/11\/foto_181021_festival_juventude_paz_sp3-1-200x112.jpg 200w, https:\/\/www.fraterinternacional.org\/wp-content\/uploads\/2018\/11\/foto_181021_festival_juventude_paz_sp3-1-300x169.jpg 300w, https:\/\/www.fraterinternacional.org\/wp-content\/uploads\/2018\/11\/foto_181021_festival_juventude_paz_sp3-1-400x225.jpg 400w, https:\/\/www.fraterinternacional.org\/wp-content\/uploads\/2018\/11\/foto_181021_festival_juventude_paz_sp3-1-600x337.jpg 600w, https:\/\/www.fraterinternacional.org\/wp-content\/uploads\/2018\/11\/foto_181021_festival_juventude_paz_sp3-1.jpg 690w\" sizes=\"(max-width: 300px) 100vw, 300px\" \/><\/a>The atribute of the Festival (\u201cRadiate Love: In everything, let love come first\u201d) was sung by the Youth Choir for Peace. In the middle of the song, Rufino, of the Nucleus of Service Crer-Sendo, declaimed a lyrics in rap rhythm, sending a message of peace that spoke about the awakening of humanity for a more harmonious life.<\/p>\n<\/div>\n<div style=\"text-align: justify;\">\n<p>Henrique Moretzsohn and Gabriela de Paula closed the first transmission with a homage to the Brazilian spiritual philosopher Jos\u00e9 Trigueirinho Netto. They sang \u201cSopro do Esp\u00edrito\u201d (Breath of the Spirit), composed by the philosopher. Trigueirinho is a source of inspiration and of instruction for the Youth Festival for Peace. He recently died in the Community-of-Light of Figueira, located in the South of the State of Minas Gerais, Brazil.<\/p>\n<\/div>\n<div style=\"text-align: justify;\">\n<p><a href=\"https:\/\/www.fraterinternacional.org\/wp-content\/uploads\/2018\/11\/foto_181021_festival_juventude_paz_sp4-1.jpg\"><img decoding=\"async\" class=\"wp-image-91738 size-medium alignright\" src=\"https:\/\/www.fraterinternacional.org\/wp-content\/uploads\/2018\/11\/foto_181021_festival_juventude_paz_sp4-1-300x169.jpg\" alt=\"\" width=\"300\" height=\"169\" srcset=\"https:\/\/www.fraterinternacional.org\/wp-content\/uploads\/2018\/11\/foto_181021_festival_juventude_paz_sp4-1-200x112.jpg 200w, https:\/\/www.fraterinternacional.org\/wp-content\/uploads\/2018\/11\/foto_181021_festival_juventude_paz_sp4-1-300x169.jpg 300w, https:\/\/www.fraterinternacional.org\/wp-content\/uploads\/2018\/11\/foto_181021_festival_juventude_paz_sp4-1-400x225.jpg 400w, https:\/\/www.fraterinternacional.org\/wp-content\/uploads\/2018\/11\/foto_181021_festival_juventude_paz_sp4-1-600x337.jpg 600w, https:\/\/www.fraterinternacional.org\/wp-content\/uploads\/2018\/11\/foto_181021_festival_juventude_paz_sp4-1.jpg 690w\" sizes=\"(max-width: 300px) 100vw, 300px\" \/><\/a><\/p>\n<p>The round table touched the topic: \u201cMissionary Youth: when love comes first\u201d. The youths that composed the table shared their experience of missionary practices. Just as the Festival, the Missionary Youth for Peace is an initiative of Youth Campaign for Peace. The Missionary Youth Events are taking place in several cities in Brazil and other countries. It is a branch of the Campaign that works in the humanitarian service and in help to the Kingdoms of Nature. The participants of the talk were: Marcela Pardini, who commented a little about the experience of the Missionary Youth for Peace in Belo Horizonte; T\u00e1ssio Tesser, the young coordinator of the House of Saint Joseph, which welcomes homeless people in Carmo da Cachoeira, Minas Gerais, Brazil; Sarah Grossi, who testifies about her experience in the Humanitarian Roraima Mission; and Natalia Miyazaki, who announced the upcoming Missionary Youth Event in the city of Sao Paulo.<\/p>\n<\/div>\n<div style=\"text-align: justify;\">\n<p><a href=\"https:\/\/www.fraterinternacional.org\/wp-content\/uploads\/2018\/11\/foto_181021_festival_juventude_paz_sp5.jpg\"><img decoding=\"async\" class=\"wp-image-91741 size-medium alignleft\" src=\"https:\/\/www.fraterinternacional.org\/wp-content\/uploads\/2018\/11\/foto_181021_festival_juventude_paz_sp5-300x169.jpg\" alt=\"\" width=\"300\" height=\"169\" srcset=\"https:\/\/www.fraterinternacional.org\/wp-content\/uploads\/2018\/11\/foto_181021_festival_juventude_paz_sp5-200x112.jpg 200w, https:\/\/www.fraterinternacional.org\/wp-content\/uploads\/2018\/11\/foto_181021_festival_juventude_paz_sp5-300x169.jpg 300w, https:\/\/www.fraterinternacional.org\/wp-content\/uploads\/2018\/11\/foto_181021_festival_juventude_paz_sp5-400x225.jpg 400w, https:\/\/www.fraterinternacional.org\/wp-content\/uploads\/2018\/11\/foto_181021_festival_juventude_paz_sp5-600x337.jpg 600w, https:\/\/www.fraterinternacional.org\/wp-content\/uploads\/2018\/11\/foto_181021_festival_juventude_paz_sp5.jpg 690w\" sizes=\"(max-width: 300px) 100vw, 300px\" \/><\/a><\/p>\n<p>The Nucleus of Service Crer-Sendo conducted the \u201cwheel\u201d: an activity of group and circular dance that this time, was multicolored, because the participants held and moved a piece of bamboo with a color ribbon at the end.<\/p>\n<\/div>\n<div style=\"text-align: justify;\">\n<p>The vegan lunch served for free was elaborated by the team of the Center of Child Education Ananda Marga, in partnership with the Youth Campaign for Peace. <strong>Learn more about the food of the Festival here<\/strong>.<\/p>\n<\/div>\n<div style=\"text-align: justify;\">\n<p>In the afternoon, the schedule continued with the Instituto de Educa\u00e7\u00e3o Projeto Accordes, the Youth Band of Crer-Sendo, the singer Vin\u00edcius and the Dinamo Band.<\/p>\n<\/div>\n<div style=\"text-align: justify;\">\n<p><a href=\"https:\/\/www.fraterinternacional.org\/wp-content\/uploads\/2018\/11\/foto_181021_festival_juventude_paz_sp6.jpg\"><img decoding=\"async\" class=\"wp-image-91744 size-medium alignright\" src=\"https:\/\/www.fraterinternacional.org\/wp-content\/uploads\/2018\/11\/foto_181021_festival_juventude_paz_sp6-300x169.jpg\" alt=\"\" width=\"300\" height=\"169\" srcset=\"https:\/\/www.fraterinternacional.org\/wp-content\/uploads\/2018\/11\/foto_181021_festival_juventude_paz_sp6-200x112.jpg 200w, https:\/\/www.fraterinternacional.org\/wp-content\/uploads\/2018\/11\/foto_181021_festival_juventude_paz_sp6-300x169.jpg 300w, https:\/\/www.fraterinternacional.org\/wp-content\/uploads\/2018\/11\/foto_181021_festival_juventude_paz_sp6-400x225.jpg 400w, https:\/\/www.fraterinternacional.org\/wp-content\/uploads\/2018\/11\/foto_181021_festival_juventude_paz_sp6-600x337.jpg 600w, https:\/\/www.fraterinternacional.org\/wp-content\/uploads\/2018\/11\/foto_181021_festival_juventude_paz_sp6.jpg 690w\" sizes=\"(max-width: 300px) 100vw, 300px\" \/><\/a><\/p>\n<p>In mid-afternoon, a skate ramp was placed in the area of the festival. The public was startled and stayed around it, curious. A skater, a \u201cBMX\u201d (who rides a bike on the ramp) and a monk entered the ramp. Before the maneuvers with the skate and with the bike, the \u201cAttributes of the Peace Skater\u201d were read. The attributes revealed that the sport can be an activity to connect with deep levels of being and to express values, such as fraternity, cooperation and peace.<\/p>\n<\/div>\n<div style=\"text-align: justify;\">\n<p>\u201cAt high speed, to find absolute serenity and control within\u201d, and \u201cto smile before each fall, recognizing it as an opportunity of a new beginning\u201d were two of the 20 attributes of the list.<\/p>\n<\/div>\n<div style=\"text-align: justify;\">\n<p>The Big Up Band gave the electrifying start for the second live transmission via Mercy Mary TV. The band rose the public with its contagious sound and with a strong on stage presence.<\/p>\n<\/div>\n<div style=\"text-align: justify;\">\n<p><a href=\"https:\/\/www.fraterinternacional.org\/wp-content\/uploads\/2018\/11\/foto_181021_festival_juventude_paz_sp7.jpg\"><img decoding=\"async\" class=\"wp-image-91747 size-medium alignleft\" src=\"https:\/\/www.fraterinternacional.org\/wp-content\/uploads\/2018\/11\/foto_181021_festival_juventude_paz_sp7-300x169.jpg\" alt=\"\" width=\"300\" height=\"169\" srcset=\"https:\/\/www.fraterinternacional.org\/wp-content\/uploads\/2018\/11\/foto_181021_festival_juventude_paz_sp7-200x112.jpg 200w, https:\/\/www.fraterinternacional.org\/wp-content\/uploads\/2018\/11\/foto_181021_festival_juventude_paz_sp7-300x169.jpg 300w, https:\/\/www.fraterinternacional.org\/wp-content\/uploads\/2018\/11\/foto_181021_festival_juventude_paz_sp7-400x225.jpg 400w, https:\/\/www.fraterinternacional.org\/wp-content\/uploads\/2018\/11\/foto_181021_festival_juventude_paz_sp7-600x337.jpg 600w, https:\/\/www.fraterinternacional.org\/wp-content\/uploads\/2018\/11\/foto_181021_festival_juventude_paz_sp7.jpg 690w\" sizes=\"(max-width: 300px) 100vw, 300px\" \/><\/a><\/p>\n<p>Madayati and Maya, two young composers, shared the stage. Madayati, an artistic name that means \u201cThe one who drinks from the Fountain\u201d, commented about the Festival: \u201cI believe in the energy of cooperation. Art is connected with donation. The Festival is a symbol of donation, where each one has given wholeheartedly of themselves, with an open heart. Good people doing good things, taking responsibility and bringing the best to the surface\u201d.<\/p>\n<\/div>\n<div style=\"text-align: justify;\">\n<p>Composed by youths from various cities of Brazil, the Youth Choir for Peace ended the transmission offering a song with lyrics in Spanish called \u201cTu Alma\u201d (Your Soul). It is a musical invocation to inner contact with the Overself: \u201cFeel in your heart \/ Listen within \/ Your Soul calls you\u201d, sounded the last verses of the song.<\/p>\n<\/div>\n<div style=\"text-align: justify;\">The great ceremony of the Youth Festival for Peace ended with the offering of the sacrament of the Ecumenical Communion.<\/div>\n<h3 style=\"text-align: justify;\"><strong>Additional information:<br \/>\n<\/strong><\/h3>\n<div style=\"text-align: justify;\"><a href=\"http:\/\/www.juventudepelapaz.org\/\">www.juventudepelapaz.org<\/a><\/div>\n<div><\/div>\n<div>\n\n\t\t<style type=\"text\/css\">\n\t\t\t#gallery-1 {\n\t\t\t\tmargin: auto;\n\t\t\t}\n\t\t\t#gallery-1 .gallery-item {\n\t\t\t\tfloat: left;\n\t\t\t\tmargin-top: 10px;\n\t\t\t\ttext-align: center;\n\t\t\t\twidth: 33%;\n\t\t\t}\n\t\t\t#gallery-1 img {\n\t\t\t\tborder: 2px solid #cfcfcf;\n\t\t\t}\n\t\t\t#gallery-1 .gallery-caption {\n\t\t\t\tmargin-left: 0;\n\t\t\t}\n\t\t\t\/* see gallery_shortcode() in wp-includes\/media.php *\/\n\t\t<\/style>\n\t\t<div id='gallery-1' class='gallery galleryid-92495 gallery-columns-3 gallery-size-medium'><dl class='gallery-item'>\n\t\t\t<dt class='gallery-icon landscape'>\n\t\t\t\t<a data-rel=\"iLightbox[postimages]\" data-title=\"foto_181021_festival_juventude_paz_sp8\" data-caption=\"\" href='https:\/\/www.fraterinternacional.org\/wp-content\/uploads\/2018\/11\/foto_181021_festival_juventude_paz_sp8.jpg'><img decoding=\"async\" width=\"300\" height=\"169\" src=\"https:\/\/www.fraterinternacional.org\/wp-content\/uploads\/2018\/11\/foto_181021_festival_juventude_paz_sp8-300x169.jpg\" class=\"attachment-medium size-medium\" alt=\"\" srcset=\"https:\/\/www.fraterinternacional.org\/wp-content\/uploads\/2018\/11\/foto_181021_festival_juventude_paz_sp8-200x112.jpg 200w, https:\/\/www.fraterinternacional.org\/wp-content\/uploads\/2018\/11\/foto_181021_festival_juventude_paz_sp8-300x169.jpg 300w, https:\/\/www.fraterinternacional.org\/wp-content\/uploads\/2018\/11\/foto_181021_festival_juventude_paz_sp8-400x225.jpg 400w, https:\/\/www.fraterinternacional.org\/wp-content\/uploads\/2018\/11\/foto_181021_festival_juventude_paz_sp8-600x337.jpg 600w, https:\/\/www.fraterinternacional.org\/wp-content\/uploads\/2018\/11\/foto_181021_festival_juventude_paz_sp8.jpg 690w\" sizes=\"(max-width: 300px) 100vw, 300px\" \/><\/a>\n\t\t\t<\/dt><\/dl><dl class='gallery-item'>\n\t\t\t<dt class='gallery-icon landscape'>\n\t\t\t\t<a data-rel=\"iLightbox[postimages]\" data-title=\"foto_181021_festival_juventude_paz_sp10\" data-caption=\"\" href='https:\/\/www.fraterinternacional.org\/wp-content\/uploads\/2018\/11\/foto_181021_festival_juventude_paz_sp10.jpg'><img decoding=\"async\" width=\"300\" height=\"169\" src=\"https:\/\/www.fraterinternacional.org\/wp-content\/uploads\/2018\/11\/foto_181021_festival_juventude_paz_sp10-300x169.jpg\" class=\"attachment-medium size-medium\" alt=\"\" srcset=\"https:\/\/www.fraterinternacional.org\/wp-content\/uploads\/2018\/11\/foto_181021_festival_juventude_paz_sp10-200x112.jpg 200w, https:\/\/www.fraterinternacional.org\/wp-content\/uploads\/2018\/11\/foto_181021_festival_juventude_paz_sp10-300x169.jpg 300w, https:\/\/www.fraterinternacional.org\/wp-content\/uploads\/2018\/11\/foto_181021_festival_juventude_paz_sp10-400x225.jpg 400w, https:\/\/www.fraterinternacional.org\/wp-content\/uploads\/2018\/11\/foto_181021_festival_juventude_paz_sp10-600x337.jpg 600w, https:\/\/www.fraterinternacional.org\/wp-content\/uploads\/2018\/11\/foto_181021_festival_juventude_paz_sp10.jpg 690w\" sizes=\"(max-width: 300px) 100vw, 300px\" \/><\/a>\n\t\t\t<\/dt><\/dl><dl class='gallery-item'>\n\t\t\t<dt class='gallery-icon landscape'>\n\t\t\t\t<a data-rel=\"iLightbox[postimages]\" data-title=\"foto_181021_festival_juventude_paz_sp11\" data-caption=\"\" href='https:\/\/www.fraterinternacional.org\/wp-content\/uploads\/2018\/11\/foto_181021_festival_juventude_paz_sp11.jpg'><img decoding=\"async\" width=\"300\" height=\"169\" src=\"https:\/\/www.fraterinternacional.org\/wp-content\/uploads\/2018\/11\/foto_181021_festival_juventude_paz_sp11-300x169.jpg\" class=\"attachment-medium size-medium\" alt=\"\" srcset=\"https:\/\/www.fraterinternacional.org\/wp-content\/uploads\/2018\/11\/foto_181021_festival_juventude_paz_sp11-200x112.jpg 200w, https:\/\/www.fraterinternacional.org\/wp-content\/uploads\/2018\/11\/foto_181021_festival_juventude_paz_sp11-300x169.jpg 300w, https:\/\/www.fraterinternacional.org\/wp-content\/uploads\/2018\/11\/foto_181021_festival_juventude_paz_sp11-400x225.jpg 400w, https:\/\/www.fraterinternacional.org\/wp-content\/uploads\/2018\/11\/foto_181021_festival_juventude_paz_sp11-600x337.jpg 600w, https:\/\/www.fraterinternacional.org\/wp-content\/uploads\/2018\/11\/foto_181021_festival_juventude_paz_sp11.jpg 690w\" sizes=\"(max-width: 300px) 100vw, 300px\" \/><\/a>\n\t\t\t<\/dt><\/dl><br style=\"clear: both\" \/><dl class='gallery-item'>\n\t\t\t<dt class='gallery-icon landscape'>\n\t\t\t\t<a data-rel=\"iLightbox[postimages]\" data-title=\"foto_181021_festival_juventude_paz_sp12\" data-caption=\"\" href='https:\/\/www.fraterinternacional.org\/wp-content\/uploads\/2018\/11\/foto_181021_festival_juventude_paz_sp12.jpg'><img decoding=\"async\" width=\"300\" height=\"169\" src=\"https:\/\/www.fraterinternacional.org\/wp-content\/uploads\/2018\/11\/foto_181021_festival_juventude_paz_sp12-300x169.jpg\" class=\"attachment-medium size-medium\" alt=\"\" srcset=\"https:\/\/www.fraterinternacional.org\/wp-content\/uploads\/2018\/11\/foto_181021_festival_juventude_paz_sp12-200x112.jpg 200w, https:\/\/www.fraterinternacional.org\/wp-content\/uploads\/2018\/11\/foto_181021_festival_juventude_paz_sp12-300x169.jpg 300w, https:\/\/www.fraterinternacional.org\/wp-content\/uploads\/2018\/11\/foto_181021_festival_juventude_paz_sp12-400x225.jpg 400w, https:\/\/www.fraterinternacional.org\/wp-content\/uploads\/2018\/11\/foto_181021_festival_juventude_paz_sp12-600x337.jpg 600w, https:\/\/www.fraterinternacional.org\/wp-content\/uploads\/2018\/11\/foto_181021_festival_juventude_paz_sp12.jpg 690w\" sizes=\"(max-width: 300px) 100vw, 300px\" \/><\/a>\n\t\t\t<\/dt><\/dl><dl class='gallery-item'>\n\t\t\t<dt class='gallery-icon landscape'>\n\t\t\t\t<a data-rel=\"iLightbox[postimages]\" data-title=\"foto_181021_festival_juventude_paz_sp9\" data-caption=\"\" href='https:\/\/www.fraterinternacional.org\/wp-content\/uploads\/2018\/11\/foto_181021_festival_juventude_paz_sp9.jpg'><img decoding=\"async\" width=\"300\" height=\"169\" src=\"https:\/\/www.fraterinternacional.org\/wp-content\/uploads\/2018\/11\/foto_181021_festival_juventude_paz_sp9-300x169.jpg\" class=\"attachment-medium size-medium\" alt=\"\" srcset=\"https:\/\/www.fraterinternacional.org\/wp-content\/uploads\/2018\/11\/foto_181021_festival_juventude_paz_sp9-200x112.jpg 200w, https:\/\/www.fraterinternacional.org\/wp-content\/uploads\/2018\/11\/foto_181021_festival_juventude_paz_sp9-300x169.jpg 300w, https:\/\/www.fraterinternacional.org\/wp-content\/uploads\/2018\/11\/foto_181021_festival_juventude_paz_sp9-400x225.jpg 400w, https:\/\/www.fraterinternacional.org\/wp-content\/uploads\/2018\/11\/foto_181021_festival_juventude_paz_sp9-600x337.jpg 600w, https:\/\/www.fraterinternacional.org\/wp-content\/uploads\/2018\/11\/foto_181021_festival_juventude_paz_sp9.jpg 690w\" sizes=\"(max-width: 300px) 100vw, 300px\" \/><\/a>\n\t\t\t<\/dt><\/dl><dl class='gallery-item'>\n\t\t\t<dt class='gallery-icon landscape'>\n\t\t\t\t<a data-rel=\"iLightbox[postimages]\" data-title=\"foto_181021_festival_juventude_paz_sp13\" data-caption=\"\" href='https:\/\/www.fraterinternacional.org\/wp-content\/uploads\/2018\/11\/foto_181021_festival_juventude_paz_sp13.jpg'><img decoding=\"async\" width=\"300\" height=\"169\" src=\"https:\/\/www.fraterinternacional.org\/wp-content\/uploads\/2018\/11\/foto_181021_festival_juventude_paz_sp13-300x169.jpg\" class=\"attachment-medium size-medium\" alt=\"\" srcset=\"https:\/\/www.fraterinternacional.org\/wp-content\/uploads\/2018\/11\/foto_181021_festival_juventude_paz_sp13-200x112.jpg 200w, https:\/\/www.fraterinternacional.org\/wp-content\/uploads\/2018\/11\/foto_181021_festival_juventude_paz_sp13-300x169.jpg 300w, https:\/\/www.fraterinternacional.org\/wp-content\/uploads\/2018\/11\/foto_181021_festival_juventude_paz_sp13-400x225.jpg 400w, https:\/\/www.fraterinternacional.org\/wp-content\/uploads\/2018\/11\/foto_181021_festival_juventude_paz_sp13-600x337.jpg 600w, https:\/\/www.fraterinternacional.org\/wp-content\/uploads\/2018\/11\/foto_181021_festival_juventude_paz_sp13.jpg 690w\" sizes=\"(max-width: 300px) 100vw, 300px\" \/><\/a>\n\t\t\t<\/dt><\/dl><br style=\"clear: both\" \/>\n\t\t<\/div>\n\n<\/div>\n","protected":false},"excerpt":{"rendered":"<p>\u201cIf I speak in the tongues of men or of angels, but do not have love [\u2026]\u201d (Paul of Tarsus: [&hellip;]<\/p>\n","protected":false},"author":38,"featured_media":91719,"comment_status":"closed","ping_status":"closed","sticky":false,"template":"","format":"standard","meta":{"footnotes":""},"categories":[150],"tags":[4114],"class_list":["post-92495","post","type-post","status-publish","format-standard","has-post-thumbnail","hentry","category-news","tag-youth-for-peace"],"yoast_head":"<!-- This site is optimized with the Yoast SEO Premium plugin v21.0 (Yoast SEO v21.0) - https:\/\/yoast.com\/wordpress\/plugins\/seo\/ -->\n<title>Youth Festival for Peace in S\u00e3o Paulo<\/title>\n<meta name=\"description\" content=\"The Youth Festival for Peace of S\u00e3o Paulo had the following attribute: \u201cTo radiate Love: In everything, let love come first\u201d.\" \/>\n<meta name=\"robots\" content=\"index, follow, max-snippet:-1, max-image-preview:large, max-video-preview:-1\" \/>\n<link rel=\"canonical\" href=\"https:\/\/www.fraterinternacional.org\/en\/youth-festival-for-peace-in-sao-paulo\/\" \/>\n<meta property=\"og:locale\" content=\"en_US\" \/>\n<meta property=\"og:type\" content=\"article\" \/>\n<meta property=\"og:title\" content=\"Youth Festival for Peace in S\u00e3o Paulo\" \/>\n<meta property=\"og:description\" content=\"The Youth Festival for Peace of S\u00e3o Paulo had the following attribute: \u201cTo radiate Love: In everything, let love come first\u201d.\" \/>\n<meta property=\"og:url\" content=\"https:\/\/www.fraterinternacional.org\/en\/youth-festival-for-peace-in-sao-paulo\/\" \/>\n<meta property=\"og:site_name\" content=\"Fraternidade - Federa\u00e7\u00e3o Humanit\u00e1ria Internacional\" \/>\n<meta property=\"article:publisher\" content=\"https:\/\/www.facebook.com\/fraternidadehumanitaria\" \/>\n<meta property=\"article:published_time\" content=\"2018-11-15T14:09:39+00:00\" \/>\n<meta property=\"article:modified_time\" content=\"2018-11-28T14:14:16+00:00\" \/>\n<meta property=\"og:image\" content=\"https:\/\/www.fraterinternacional.org\/wp-content\/uploads\/2018\/11\/foto_181021_festival_juventude_paz_sp.jpg\" \/>\n\t<meta property=\"og:image:width\" content=\"690\" \/>\n\t<meta property=\"og:image:height\" content=\"388\" \/>\n\t<meta property=\"og:image:type\" content=\"image\/jpeg\" \/>\n<meta name=\"author\" content=\"Guilherme\" \/>\n<meta name=\"twitter:card\" content=\"summary_large_image\" \/>\n<meta name=\"twitter:creator\" content=\"@fraternidadeFHI\" \/>\n<meta name=\"twitter:site\" content=\"@fraternidadeFHI\" \/>\n<meta name=\"twitter:label1\" content=\"Written by\" \/>\n\t<meta name=\"twitter:data1\" content=\"Guilherme\" \/>\n\t<meta name=\"twitter:label2\" content=\"Est. reading time\" \/>\n\t<meta name=\"twitter:data2\" content=\"5 minutes\" \/>\n<script type=\"application\/ld+json\" class=\"yoast-schema-graph\">{\"@context\":\"https:\/\/schema.org\",\"@graph\":[{\"@type\":\"WebPage\",\"@id\":\"https:\/\/www.fraterinternacional.org\/en\/youth-festival-for-peace-in-sao-paulo\/\",\"url\":\"https:\/\/www.fraterinternacional.org\/en\/youth-festival-for-peace-in-sao-paulo\/\",\"name\":\"Youth Festival for Peace in S\u00e3o Paulo\",\"isPartOf\":{\"@id\":\"https:\/\/www.fraterinternacional.org\/es\/#website\"},\"datePublished\":\"2018-11-15T14:09:39+00:00\",\"dateModified\":\"2018-11-28T14:14:16+00:00\",\"author\":{\"@id\":\"https:\/\/www.fraterinternacional.org\/es\/#\/schema\/person\/c595ef819a07462bef55dcc6656276bf\"},\"description\":\"The Youth Festival for Peace of S\u00e3o Paulo had the following attribute: \u201cTo radiate Love: In everything, let love come first\u201d.\",\"breadcrumb\":{\"@id\":\"https:\/\/www.fraterinternacional.org\/en\/youth-festival-for-peace-in-sao-paulo\/#breadcrumb\"},\"inLanguage\":\"en-US\",\"potentialAction\":[{\"@type\":\"ReadAction\",\"target\":[\"https:\/\/www.fraterinternacional.org\/en\/youth-festival-for-peace-in-sao-paulo\/\"]}]},{\"@type\":\"BreadcrumbList\",\"@id\":\"https:\/\/www.fraterinternacional.org\/en\/youth-festival-for-peace-in-sao-paulo\/#breadcrumb\",\"itemListElement\":[{\"@type\":\"ListItem\",\"position\":1,\"name\":\"In\u00edcio\",\"item\":\"https:\/\/www.fraterinternacional.org\/en\/\"},{\"@type\":\"ListItem\",\"position\":2,\"name\":\"Youth Festival for Peace in S\u00e3o Paulo\"}]},{\"@type\":\"WebSite\",\"@id\":\"https:\/\/www.fraterinternacional.org\/es\/#website\",\"url\":\"https:\/\/www.fraterinternacional.org\/es\/\",\"name\":\"Fraternidade - Federa\u00e7\u00e3o Humanit\u00e1ria Internacional\",\"description\":\"Fraternidade - Federa\u00e7\u00e3o Humanit\u00e1ria Internacional\",\"potentialAction\":[{\"@type\":\"SearchAction\",\"target\":{\"@type\":\"EntryPoint\",\"urlTemplate\":\"https:\/\/www.fraterinternacional.org\/es\/?s={search_term_string}\"},\"query-input\":\"required name=search_term_string\"}],\"inLanguage\":\"en-US\"},{\"@type\":\"Person\",\"@id\":\"https:\/\/www.fraterinternacional.org\/es\/#\/schema\/person\/c595ef819a07462bef55dcc6656276bf\",\"name\":\"Guilherme\"}]}<\/script>\n<!-- \/ Yoast SEO Premium plugin. -->","yoast_head_json":{"title":"Youth Festival for Peace in S\u00e3o Paulo","description":"The Youth Festival for Peace of S\u00e3o Paulo had the following attribute: \u201cTo radiate Love: In everything, let love come first\u201d.","robots":{"index":"index","follow":"follow","max-snippet":"max-snippet:-1","max-image-preview":"max-image-preview:large","max-video-preview":"max-video-preview:-1"},"canonical":"https:\/\/www.fraterinternacional.org\/en\/youth-festival-for-peace-in-sao-paulo\/","og_locale":"en_US","og_type":"article","og_title":"Youth Festival for Peace in S\u00e3o Paulo","og_description":"The Youth Festival for Peace of S\u00e3o Paulo had the following attribute: \u201cTo radiate Love: In everything, let love come first\u201d.","og_url":"https:\/\/www.fraterinternacional.org\/en\/youth-festival-for-peace-in-sao-paulo\/","og_site_name":"Fraternidade - Federa\u00e7\u00e3o Humanit\u00e1ria Internacional","article_publisher":"https:\/\/www.facebook.com\/fraternidadehumanitaria","article_published_time":"2018-11-15T14:09:39+00:00","article_modified_time":"2018-11-28T14:14:16+00:00","og_image":[{"width":690,"height":388,"url":"https:\/\/www.fraterinternacional.org\/wp-content\/uploads\/2018\/11\/foto_181021_festival_juventude_paz_sp.jpg","type":"image\/jpeg"}],"author":"Guilherme","twitter_card":"summary_large_image","twitter_creator":"@fraternidadeFHI","twitter_site":"@fraternidadeFHI","twitter_misc":{"Written by":"Guilherme","Est. reading time":"5 minutes"},"schema":{"@context":"https:\/\/schema.org","@graph":[{"@type":"WebPage","@id":"https:\/\/www.fraterinternacional.org\/en\/youth-festival-for-peace-in-sao-paulo\/","url":"https:\/\/www.fraterinternacional.org\/en\/youth-festival-for-peace-in-sao-paulo\/","name":"Youth Festival for Peace in S\u00e3o Paulo","isPartOf":{"@id":"https:\/\/www.fraterinternacional.org\/es\/#website"},"datePublished":"2018-11-15T14:09:39+00:00","dateModified":"2018-11-28T14:14:16+00:00","author":{"@id":"https:\/\/www.fraterinternacional.org\/es\/#\/schema\/person\/c595ef819a07462bef55dcc6656276bf"},"description":"The Youth Festival for Peace of S\u00e3o Paulo had the following attribute: \u201cTo radiate Love: In everything, let love come first\u201d.","breadcrumb":{"@id":"https:\/\/www.fraterinternacional.org\/en\/youth-festival-for-peace-in-sao-paulo\/#breadcrumb"},"inLanguage":"en-US","potentialAction":[{"@type":"ReadAction","target":["https:\/\/www.fraterinternacional.org\/en\/youth-festival-for-peace-in-sao-paulo\/"]}]},{"@type":"BreadcrumbList","@id":"https:\/\/www.fraterinternacional.org\/en\/youth-festival-for-peace-in-sao-paulo\/#breadcrumb","itemListElement":[{"@type":"ListItem","position":1,"name":"In\u00edcio","item":"https:\/\/www.fraterinternacional.org\/en\/"},{"@type":"ListItem","position":2,"name":"Youth Festival for Peace in S\u00e3o Paulo"}]},{"@type":"WebSite","@id":"https:\/\/www.fraterinternacional.org\/es\/#website","url":"https:\/\/www.fraterinternacional.org\/es\/","name":"Fraternidade - Federa\u00e7\u00e3o Humanit\u00e1ria Internacional","description":"Fraternidade - Federa\u00e7\u00e3o Humanit\u00e1ria Internacional","potentialAction":[{"@type":"SearchAction","target":{"@type":"EntryPoint","urlTemplate":"https:\/\/www.fraterinternacional.org\/es\/?s={search_term_string}"},"query-input":"required name=search_term_string"}],"inLanguage":"en-US"},{"@type":"Person","@id":"https:\/\/www.fraterinternacional.org\/es\/#\/schema\/person\/c595ef819a07462bef55dcc6656276bf","name":"Guilherme"}]}},"_links":{"self":[{"href":"https:\/\/www.fraterinternacional.org\/en\/wp-json\/wp\/v2\/posts\/92495"}],"collection":[{"href":"https:\/\/www.fraterinternacional.org\/en\/wp-json\/wp\/v2\/posts"}],"about":[{"href":"https:\/\/www.fraterinternacional.org\/en\/wp-json\/wp\/v2\/types\/post"}],"author":[{"embeddable":true,"href":"https:\/\/www.fraterinternacional.org\/en\/wp-json\/wp\/v2\/users\/38"}],"replies":[{"embeddable":true,"href":"https:\/\/www.fraterinternacional.org\/en\/wp-json\/wp\/v2\/comments?post=92495"}],"version-history":[{"count":0,"href":"https:\/\/www.fraterinternacional.org\/en\/wp-json\/wp\/v2\/posts\/92495\/revisions"}],"wp:featuredmedia":[{"embeddable":true,"href":"https:\/\/www.fraterinternacional.org\/en\/wp-json\/wp\/v2\/media\/91719"}],"wp:attachment":[{"href":"https:\/\/www.fraterinternacional.org\/en\/wp-json\/wp\/v2\/media?parent=92495"}],"wp:term":[{"taxonomy":"category","embeddable":true,"href":"https:\/\/www.fraterinternacional.org\/en\/wp-json\/wp\/v2\/categories?post=92495"},{"taxonomy":"post_tag","embeddable":true,"href":"https:\/\/www.fraterinternacional.org\/en\/wp-json\/wp\/v2\/tags?post=92495"}],"curies":[{"name":"wp","href":"https:\/\/api.w.org\/{rel}","templated":true}]}}