{"id":92258,"date":"2018-11-12T10:29:41","date_gmt":"2018-11-12T13:29:41","guid":{"rendered":"https:\/\/www.fraterinternacional.org\/?p=92258"},"modified":"2018-11-15T22:00:10","modified_gmt":"2018-11-16T01:00:10","slug":"choir-of-venezuelan-children-inaugurates-in-boa-vista-with-the-support-of-fraternidade","status":"publish","type":"post","link":"https:\/\/www.fraterinternacional.org\/en\/choir-of-venezuelan-children-inaugurates-in-boa-vista-with-the-support-of-fraternidade\/","title":{"rendered":"Choir of Venezuelan children inaugurates in Boa Vista, with the support of Fraternidade"},"content":{"rendered":"<p style=\"text-align: justify;\"><a href=\"https:\/\/www.fraterinternacional.org\/wp-content\/uploads\/2018\/11\/img_missao_roraima_181023_coral_canarinhos_boa_vista_02.jpg\"><img decoding=\"async\" class=\"alignright size-medium wp-image-92148\" src=\"https:\/\/www.fraterinternacional.org\/wp-content\/uploads\/2018\/11\/img_missao_roraima_181023_coral_canarinhos_boa_vista_02-300x169.jpg\" alt=\"\" width=\"300\" height=\"169\" srcset=\"https:\/\/www.fraterinternacional.org\/wp-content\/uploads\/2018\/11\/img_missao_roraima_181023_coral_canarinhos_boa_vista_02-200x112.jpg 200w, https:\/\/www.fraterinternacional.org\/wp-content\/uploads\/2018\/11\/img_missao_roraima_181023_coral_canarinhos_boa_vista_02-300x169.jpg 300w, https:\/\/www.fraterinternacional.org\/wp-content\/uploads\/2018\/11\/img_missao_roraima_181023_coral_canarinhos_boa_vista_02-400x225.jpg 400w, https:\/\/www.fraterinternacional.org\/wp-content\/uploads\/2018\/11\/img_missao_roraima_181023_coral_canarinhos_boa_vista_02-600x337.jpg 600w, https:\/\/www.fraterinternacional.org\/wp-content\/uploads\/2018\/11\/img_missao_roraima_181023_coral_canarinhos_boa_vista_02.jpg 690w\" sizes=\"(max-width: 300px) 100vw, 300px\" \/><\/a>The Choir Little Canaries of Amazonia, with headquarters in Pacaraima, Roraima, and integrated by children arriving in Brazil with the Venezuelan exodus, has made a presentation for the first time in Boa Vista, capital of the state of Roraima. The debut was in the auditorium of the Federal University of Roraima, on October 23, 2018, in the opening of the 4th International Society and Borders Seminar \u2013 IV SISF.<\/p>\n<p style=\"text-align: justify;\">Since September of this year, the choir is one of the projects supported by\u00a0<strong>Fraternidade \u2013 Internarional Humanitarian Federation<\/strong>, as part of its <a href=\"http:\/\/www.fraterinternacional.org\/en\/campanhas-ffhi\/humanitarian-roraima-mission\/\">Humanitarian Roraima Mission<\/a> and of the Welcome Operation, executed by the Brazilian Government. The musical initiative, supported by the Cultural Association Little Canaries of Amazonia, has now the financial support of the UNHCR (United Nations High Commissioner for Refugees) and of the Brazilian Army, which supplies a good part of the food for the Venezuelan children.<\/p>\n<h3 style=\"text-align: center;\"><strong>Fifth generation<\/strong><\/h3>\n<p style=\"text-align: justify;\">The choir participated with 46 components, all Venezuelan immigrants, who integrate the fifth generation of Canaries of Amazonia. The musical direction was done by Miriam Blos, with conduction of Rafael Gonzales and Esther Ara\u00fajo.<\/p>\n<p style=\"text-align: justify;\">A peculiar fact was the intensity with which the Venezuelan presenter Gumnar Crespo interacted with the group, at each interval between the presentations: even without speaking Portuguese, or daring to speak \u201cPortunhol\u201d (a mix of Portuguese and Spanish) once in a while, he obtained, with very good humor, an interaction with the public with a lot of fun.<\/p>\n<h3 style=\"text-align: center;\">Ambassadors of Peace<\/h3>\n<div id=\"attachment_92158\" style=\"width: 310px\" class=\"wp-caption alignleft\"><a href=\"https:\/\/www.fraterinternacional.org\/wp-content\/uploads\/2018\/11\/img_missao_roraima_181023_coral_canarinhos_boa_vista_04.jpg\"><img decoding=\"async\" aria-describedby=\"caption-attachment-92158\" class=\"wp-image-92158 size-medium\" src=\"https:\/\/www.fraterinternacional.org\/wp-content\/uploads\/2018\/11\/img_missao_roraima_181023_coral_canarinhos_boa_vista_04-300x169.jpg\" alt=\"\" width=\"300\" height=\"169\" srcset=\"https:\/\/www.fraterinternacional.org\/wp-content\/uploads\/2018\/11\/img_missao_roraima_181023_coral_canarinhos_boa_vista_04-200x112.jpg 200w, https:\/\/www.fraterinternacional.org\/wp-content\/uploads\/2018\/11\/img_missao_roraima_181023_coral_canarinhos_boa_vista_04-300x169.jpg 300w, https:\/\/www.fraterinternacional.org\/wp-content\/uploads\/2018\/11\/img_missao_roraima_181023_coral_canarinhos_boa_vista_04-400x225.jpg 400w, https:\/\/www.fraterinternacional.org\/wp-content\/uploads\/2018\/11\/img_missao_roraima_181023_coral_canarinhos_boa_vista_04-600x337.jpg 600w, https:\/\/www.fraterinternacional.org\/wp-content\/uploads\/2018\/11\/img_missao_roraima_181023_coral_canarinhos_boa_vista_04.jpg 690w\" sizes=\"(max-width: 300px) 100vw, 300px\" \/><\/a><p id=\"caption-attachment-92158\" class=\"wp-caption-text\">Miriam Blos, with her students<\/p><\/div>\n<p style=\"text-align: justify;\">The beginning of the presentations was solemn, with the singing of the National Anthems of Brazil and Venezuela. Then, with a varied and very well rehearsed repertoire, followed the song \u201cCanarinhos Embaixadores da Paz\u201d (Canaries Ambassadors of Peace, in free translation), considered the anthem of the choir, and authored by Miriam Blos herself.<\/p>\n<p style=\"text-align: justify;\">Twelve songs were sung altogether, from the classics, such as the very beautiful \u201cBenedictus\u201d and \u201cHallelujah\u201d, including the popular \u201cMulher Rendeira\u201d, and ending with Venezuelan songs. In short, a wide repertoire, with very well rehearsed songs, and the lightness of the good youth voices.<\/p>\n<h3 style=\"text-align: center;\"><strong>History<\/strong><\/h3>\n<p style=\"text-align: justify;\">The choir began its first steps in 1993, with Brazilian children, under the inspiration of Miriam Nascimento Blos, a conductor from the state of Amazonas, born in its capital, Manaus. Graduated in Music, Didactics and Theology, specialized in Amazonian music and sounds, she began to gather children from Roraima with the intention of \u201cforming with dignity the seeds of tomorrow\u201d. Thus reported Karisse, daughter of Miriam Blos, during the presentation held in the University of Roraima.<\/p>\n<p style=\"text-align: justify;\">The Project evolved and the Little Canaries of Amazonia Cultural Association was created, to give institutional support to the choir.<\/p>\n<p style=\"text-align: justify;\">Some time later, the Project was transferred to Santa Elena, a Venezuelan city located in front of Pacaraima, in the border between Venezuela and Brazil. Miriam moved there and continued the choir, working with children of Brazilians who reside in this locality. In 2015, she returned to Brazil and settled in Pacaraima, in a place that came to be known as the House of Music, which is today a reference for the families who migrate from Venezuela. The little school receives daily about 60 Venezuelan children, who find in music a refuge and emotional support, amidst so much desolation.<\/p>\n<p style=\"text-align: justify;\">\n","protected":false},"excerpt":{"rendered":"<p>The Choir Little Canaries of Amazonia, with headquarters in Pacaraima, Roraima, and integrated by children arriving in Brazil with the [&hellip;]<\/p>\n","protected":false},"author":16,"featured_media":92146,"comment_status":"closed","ping_status":"closed","sticky":false,"template":"","format":"standard","meta":{"footnotes":""},"categories":[150],"tags":[100,3376],"class_list":["post-92258","post","type-post","status-publish","format-standard","has-post-thumbnail","hentry","category-news","tag-humanitarian-service","tag-missao-roraima-humanitaria-en"],"yoast_head":"<!-- This site is optimized with the Yoast SEO Premium plugin v21.0 (Yoast SEO v21.0) - https:\/\/yoast.com\/wordpress\/plugins\/seo\/ -->\n<title>Choir of Venezuelan children inaugurates in Boa Vista, with the support of Fraternidade<\/title>\n<meta name=\"description\" content=\"The presentation of the Choir Little Canaries of Amazonia in the University of Roraima gave a great emotional support to the migrant children from Venezuela\" \/>\n<meta name=\"robots\" content=\"index, follow, max-snippet:-1, max-image-preview:large, max-video-preview:-1\" \/>\n<link rel=\"canonical\" href=\"https:\/\/www.fraterinternacional.org\/en\/choir-of-venezuelan-children-inaugurates-in-boa-vista-with-the-support-of-fraternidade\/\" \/>\n<meta property=\"og:locale\" content=\"en_US\" \/>\n<meta property=\"og:type\" content=\"article\" \/>\n<meta property=\"og:title\" content=\"Choir of Venezuelan children inaugurates in Boa Vista, with the support of Fraternidade\" \/>\n<meta property=\"og:description\" content=\"The presentation of the Choir Little Canaries of Amazonia in the University of Roraima gave a great emotional support to the migrant children from Venezuela\" \/>\n<meta property=\"og:url\" content=\"https:\/\/www.fraterinternacional.org\/en\/choir-of-venezuelan-children-inaugurates-in-boa-vista-with-the-support-of-fraternidade\/\" \/>\n<meta property=\"og:site_name\" content=\"Fraternidade - Federa\u00e7\u00e3o Humanit\u00e1ria Internacional\" \/>\n<meta property=\"article:publisher\" content=\"https:\/\/www.facebook.com\/fraternidadehumanitaria\" \/>\n<meta property=\"article:published_time\" content=\"2018-11-12T13:29:41+00:00\" \/>\n<meta property=\"article:modified_time\" content=\"2018-11-16T01:00:10+00:00\" \/>\n<meta property=\"og:image\" content=\"https:\/\/www.fraterinternacional.org\/wp-content\/uploads\/2018\/11\/img_missao_roraima_181023_coral_canarinhos_boa_vista_03.jpg\" \/>\n\t<meta property=\"og:image:width\" content=\"690\" \/>\n\t<meta property=\"og:image:height\" content=\"388\" \/>\n\t<meta property=\"og:image:type\" content=\"image\/jpeg\" \/>\n<meta name=\"author\" content=\"Sergio Redator Espanhol\" \/>\n<meta name=\"twitter:card\" content=\"summary_large_image\" \/>\n<meta name=\"twitter:creator\" content=\"@fraternidadeFHI\" \/>\n<meta name=\"twitter:site\" content=\"@fraternidadeFHI\" \/>\n<meta name=\"twitter:label1\" content=\"Written by\" \/>\n\t<meta name=\"twitter:data1\" content=\"Sergio Redator Espanhol\" \/>\n\t<meta name=\"twitter:label2\" content=\"Est. reading time\" \/>\n\t<meta name=\"twitter:data2\" content=\"3 minutes\" \/>\n<script type=\"application\/ld+json\" class=\"yoast-schema-graph\">{\"@context\":\"https:\/\/schema.org\",\"@graph\":[{\"@type\":\"WebPage\",\"@id\":\"https:\/\/www.fraterinternacional.org\/en\/choir-of-venezuelan-children-inaugurates-in-boa-vista-with-the-support-of-fraternidade\/\",\"url\":\"https:\/\/www.fraterinternacional.org\/en\/choir-of-venezuelan-children-inaugurates-in-boa-vista-with-the-support-of-fraternidade\/\",\"name\":\"Choir of Venezuelan children inaugurates in Boa Vista, with the support of Fraternidade\",\"isPartOf\":{\"@id\":\"https:\/\/www.fraterinternacional.org\/es\/#website\"},\"datePublished\":\"2018-11-12T13:29:41+00:00\",\"dateModified\":\"2018-11-16T01:00:10+00:00\",\"author\":{\"@id\":\"https:\/\/www.fraterinternacional.org\/es\/#\/schema\/person\/cf24d3eac28b0e09714ecb8cbd865c28\"},\"description\":\"The presentation of the Choir Little Canaries of Amazonia in the University of Roraima gave a great emotional support to the migrant children from Venezuela\",\"breadcrumb\":{\"@id\":\"https:\/\/www.fraterinternacional.org\/en\/choir-of-venezuelan-children-inaugurates-in-boa-vista-with-the-support-of-fraternidade\/#breadcrumb\"},\"inLanguage\":\"en-US\",\"potentialAction\":[{\"@type\":\"ReadAction\",\"target\":[\"https:\/\/www.fraterinternacional.org\/en\/choir-of-venezuelan-children-inaugurates-in-boa-vista-with-the-support-of-fraternidade\/\"]}]},{\"@type\":\"BreadcrumbList\",\"@id\":\"https:\/\/www.fraterinternacional.org\/en\/choir-of-venezuelan-children-inaugurates-in-boa-vista-with-the-support-of-fraternidade\/#breadcrumb\",\"itemListElement\":[{\"@type\":\"ListItem\",\"position\":1,\"name\":\"In\u00edcio\",\"item\":\"https:\/\/www.fraterinternacional.org\/en\/\"},{\"@type\":\"ListItem\",\"position\":2,\"name\":\"Choir of Venezuelan children inaugurates in Boa Vista, with the support of Fraternidade\"}]},{\"@type\":\"WebSite\",\"@id\":\"https:\/\/www.fraterinternacional.org\/es\/#website\",\"url\":\"https:\/\/www.fraterinternacional.org\/es\/\",\"name\":\"Fraternidade - Federa\u00e7\u00e3o Humanit\u00e1ria Internacional\",\"description\":\"Fraternidade - Federa\u00e7\u00e3o Humanit\u00e1ria Internacional\",\"potentialAction\":[{\"@type\":\"SearchAction\",\"target\":{\"@type\":\"EntryPoint\",\"urlTemplate\":\"https:\/\/www.fraterinternacional.org\/es\/?s={search_term_string}\"},\"query-input\":\"required name=search_term_string\"}],\"inLanguage\":\"en-US\"},{\"@type\":\"Person\",\"@id\":\"https:\/\/www.fraterinternacional.org\/es\/#\/schema\/person\/cf24d3eac28b0e09714ecb8cbd865c28\",\"name\":\"Sergio Redator Espanhol\"}]}<\/script>\n<!-- \/ Yoast SEO Premium plugin. -->","yoast_head_json":{"title":"Choir of Venezuelan children inaugurates in Boa Vista, with the support of Fraternidade","description":"The presentation of the Choir Little Canaries of Amazonia in the University of Roraima gave a great emotional support to the migrant children from Venezuela","robots":{"index":"index","follow":"follow","max-snippet":"max-snippet:-1","max-image-preview":"max-image-preview:large","max-video-preview":"max-video-preview:-1"},"canonical":"https:\/\/www.fraterinternacional.org\/en\/choir-of-venezuelan-children-inaugurates-in-boa-vista-with-the-support-of-fraternidade\/","og_locale":"en_US","og_type":"article","og_title":"Choir of Venezuelan children inaugurates in Boa Vista, with the support of Fraternidade","og_description":"The presentation of the Choir Little Canaries of Amazonia in the University of Roraima gave a great emotional support to the migrant children from Venezuela","og_url":"https:\/\/www.fraterinternacional.org\/en\/choir-of-venezuelan-children-inaugurates-in-boa-vista-with-the-support-of-fraternidade\/","og_site_name":"Fraternidade - Federa\u00e7\u00e3o Humanit\u00e1ria Internacional","article_publisher":"https:\/\/www.facebook.com\/fraternidadehumanitaria","article_published_time":"2018-11-12T13:29:41+00:00","article_modified_time":"2018-11-16T01:00:10+00:00","og_image":[{"width":690,"height":388,"url":"https:\/\/www.fraterinternacional.org\/wp-content\/uploads\/2018\/11\/img_missao_roraima_181023_coral_canarinhos_boa_vista_03.jpg","type":"image\/jpeg"}],"author":"Sergio Redator Espanhol","twitter_card":"summary_large_image","twitter_creator":"@fraternidadeFHI","twitter_site":"@fraternidadeFHI","twitter_misc":{"Written by":"Sergio Redator Espanhol","Est. reading time":"3 minutes"},"schema":{"@context":"https:\/\/schema.org","@graph":[{"@type":"WebPage","@id":"https:\/\/www.fraterinternacional.org\/en\/choir-of-venezuelan-children-inaugurates-in-boa-vista-with-the-support-of-fraternidade\/","url":"https:\/\/www.fraterinternacional.org\/en\/choir-of-venezuelan-children-inaugurates-in-boa-vista-with-the-support-of-fraternidade\/","name":"Choir of Venezuelan children inaugurates in Boa Vista, with the support of Fraternidade","isPartOf":{"@id":"https:\/\/www.fraterinternacional.org\/es\/#website"},"datePublished":"2018-11-12T13:29:41+00:00","dateModified":"2018-11-16T01:00:10+00:00","author":{"@id":"https:\/\/www.fraterinternacional.org\/es\/#\/schema\/person\/cf24d3eac28b0e09714ecb8cbd865c28"},"description":"The presentation of the Choir Little Canaries of Amazonia in the University of Roraima gave a great emotional support to the migrant children from Venezuela","breadcrumb":{"@id":"https:\/\/www.fraterinternacional.org\/en\/choir-of-venezuelan-children-inaugurates-in-boa-vista-with-the-support-of-fraternidade\/#breadcrumb"},"inLanguage":"en-US","potentialAction":[{"@type":"ReadAction","target":["https:\/\/www.fraterinternacional.org\/en\/choir-of-venezuelan-children-inaugurates-in-boa-vista-with-the-support-of-fraternidade\/"]}]},{"@type":"BreadcrumbList","@id":"https:\/\/www.fraterinternacional.org\/en\/choir-of-venezuelan-children-inaugurates-in-boa-vista-with-the-support-of-fraternidade\/#breadcrumb","itemListElement":[{"@type":"ListItem","position":1,"name":"In\u00edcio","item":"https:\/\/www.fraterinternacional.org\/en\/"},{"@type":"ListItem","position":2,"name":"Choir of Venezuelan children inaugurates in Boa Vista, with the support of Fraternidade"}]},{"@type":"WebSite","@id":"https:\/\/www.fraterinternacional.org\/es\/#website","url":"https:\/\/www.fraterinternacional.org\/es\/","name":"Fraternidade - Federa\u00e7\u00e3o Humanit\u00e1ria Internacional","description":"Fraternidade - Federa\u00e7\u00e3o Humanit\u00e1ria Internacional","potentialAction":[{"@type":"SearchAction","target":{"@type":"EntryPoint","urlTemplate":"https:\/\/www.fraterinternacional.org\/es\/?s={search_term_string}"},"query-input":"required name=search_term_string"}],"inLanguage":"en-US"},{"@type":"Person","@id":"https:\/\/www.fraterinternacional.org\/es\/#\/schema\/person\/cf24d3eac28b0e09714ecb8cbd865c28","name":"Sergio Redator Espanhol"}]}},"_links":{"self":[{"href":"https:\/\/www.fraterinternacional.org\/en\/wp-json\/wp\/v2\/posts\/92258"}],"collection":[{"href":"https:\/\/www.fraterinternacional.org\/en\/wp-json\/wp\/v2\/posts"}],"about":[{"href":"https:\/\/www.fraterinternacional.org\/en\/wp-json\/wp\/v2\/types\/post"}],"author":[{"embeddable":true,"href":"https:\/\/www.fraterinternacional.org\/en\/wp-json\/wp\/v2\/users\/16"}],"replies":[{"embeddable":true,"href":"https:\/\/www.fraterinternacional.org\/en\/wp-json\/wp\/v2\/comments?post=92258"}],"version-history":[{"count":0,"href":"https:\/\/www.fraterinternacional.org\/en\/wp-json\/wp\/v2\/posts\/92258\/revisions"}],"wp:featuredmedia":[{"embeddable":true,"href":"https:\/\/www.fraterinternacional.org\/en\/wp-json\/wp\/v2\/media\/92146"}],"wp:attachment":[{"href":"https:\/\/www.fraterinternacional.org\/en\/wp-json\/wp\/v2\/media?parent=92258"}],"wp:term":[{"taxonomy":"category","embeddable":true,"href":"https:\/\/www.fraterinternacional.org\/en\/wp-json\/wp\/v2\/categories?post=92258"},{"taxonomy":"post_tag","embeddable":true,"href":"https:\/\/www.fraterinternacional.org\/en\/wp-json\/wp\/v2\/tags?post=92258"}],"curies":[{"name":"wp","href":"https:\/\/api.w.org\/{rel}","templated":true}]}}