{"id":90594,"date":"2018-10-11T23:16:01","date_gmt":"2018-10-12T02:16:01","guid":{"rendered":"https:\/\/www.fraterinternacional.org\/?p=90594"},"modified":"2018-10-20T16:51:49","modified_gmt":"2018-10-20T19:51:49","slug":"missionary-youth-for-peace-will-participate-in-regional-mission-of-fraternidade","status":"publish","type":"post","link":"https:\/\/www.fraterinternacional.org\/en\/missionary-youth-for-peace-will-participate-in-regional-mission-of-fraternidade\/","title":{"rendered":"Missionary Youth for Peace will participate in Regional Mission of Fraternidade"},"content":{"rendered":"<p style=\"text-align: justify;\"><a href=\"https:\/\/www.fraterinternacional.org\/wp-content\/uploads\/2018\/10\/Missao-Sertao.jpeg\"><img decoding=\"async\" class=\"alignright size-medium wp-image-90446\" src=\"https:\/\/www.fraterinternacional.org\/wp-content\/uploads\/2018\/10\/Missao-Sertao-212x300.jpeg\" alt=\"\" width=\"212\" height=\"300\" srcset=\"https:\/\/www.fraterinternacional.org\/wp-content\/uploads\/2018\/10\/Missao-Sertao-200x283.jpeg 200w, https:\/\/www.fraterinternacional.org\/wp-content\/uploads\/2018\/10\/Missao-Sertao-212x300.jpeg 212w, https:\/\/www.fraterinternacional.org\/wp-content\/uploads\/2018\/10\/Missao-Sertao-400x567.jpeg 400w, https:\/\/www.fraterinternacional.org\/wp-content\/uploads\/2018\/10\/Missao-Sertao.jpeg 487w\" sizes=\"(max-width: 212px) 100vw, 212px\" \/><\/a>The Missionary Youth for peace prepares to take a new step, as an expression of humanitarian service of the Youth Campaign for Peace: beginning on the current month of October, voluntary youths from different countries will join groups of the <a href=\"http:\/\/www.fraterinternacional.org\/en\/network-of-light\/\">Planetary Network-of-Light<\/a> to carry forward the Regional Missions of\u00a0<strong>Fraternidade \u2013 International Humanitarian Federation (FIHF)<\/strong>.<\/p>\n<p style=\"text-align: justify;\">The first experience will take place on the weekend from October 12 to 15, in the 8th Regional Mission of the Sert\u00e3o of Brazil; the second one will be during the 8th Meeting of Service to the Original Peoples of <a href=\"http:\/\/www.fraterinternacional.org\/en\/campanhas-ffhi\/paraguay-mission\/?portfolioCats=236\">Paraguay Mission<\/a>, to be held from November 2 to 4, and then, there will be the 10th Meeting of Service of the <a href=\"http:\/\/www.divinamadre.org\/en\/mensaje-de-maria\/sunday-december-20-2015\">Chaco Mission<\/a> (Argentina), expected for November 17 to 19 of this year.<\/p>\n<p style=\"text-align: justify;\"><span style=\"color: #000080;\"><strong>Codes of love<\/strong><\/span><\/p>\n<p style=\"text-align: justify;\">\u201cFor those of us who have been working for four years in the Regional Mission of the Sert\u00e3o, it is a reason for great joy to have the presence of youths in a missionary activity. We hope this impulse will develop codes of love within them, to give continuity to this altruistic task\u201d, highlighted Celina Santos, the coordinator of the Network-of-Light of the North\/Northeast of Brazil.<\/p>\n<p style=\"text-align: justify;\"><a href=\"https:\/\/www.fraterinternacional.org\/wp-content\/uploads\/2018\/10\/Mision-Paraguay.jpeg\"><img decoding=\"async\" class=\"alignleft size-medium wp-image-90449\" src=\"https:\/\/www.fraterinternacional.org\/wp-content\/uploads\/2018\/10\/Mision-Paraguay-212x300.jpeg\" alt=\"\" width=\"212\" height=\"300\" srcset=\"https:\/\/www.fraterinternacional.org\/wp-content\/uploads\/2018\/10\/Mision-Paraguay-200x283.jpeg 200w, https:\/\/www.fraterinternacional.org\/wp-content\/uploads\/2018\/10\/Mision-Paraguay-212x300.jpeg 212w, https:\/\/www.fraterinternacional.org\/wp-content\/uploads\/2018\/10\/Mision-Paraguay-400x567.jpeg 400w, https:\/\/www.fraterinternacional.org\/wp-content\/uploads\/2018\/10\/Mision-Paraguay.jpeg 487w\" sizes=\"(max-width: 212px) 100vw, 212px\" \/><\/a>She explained that, in the case of the Regional Mission of Sert\u00e3o, the approach of the youths began in the Youth Festival for Peace, an initiative of the Youth Campaign for Peace that is carried out every three months. On the occasion of the 5th Edition, which took place in January 2018, in Recife, Pernambuco, Brazil, a first group of youths gathered in the Northeast for the organization of the event. Then another group joined to work for the preparation of the 9th edition of the event, announced for January 2019 in Salvador, Bahia, Brazil. Between one festival and the other, the intention matured for them to also dedicate themselves to the missionary activity of humanitarian service.<\/p>\n<p style=\"text-align: justify;\">For the Chaco Mission, the youth mobilization began during the Missionary Youth Events, which took place in Buenos Aires and Cordoba, in August and September 2018, according to Marcos Renaudo, who leads the organization of this movement. \u201cThe objective is to offer the youths the opportunity of a regional mission, with more intense characteristics oriented to a specific population, in this case, communities of the Indigenous Consciousness\u201d, detailed the volunteer.<\/p>\n<p style=\"text-align: justify;\"><span style=\"color: #000080;\"><strong>Planetary Mission Network<\/strong><\/span><\/p>\n<p style=\"text-align: justify;\"><a href=\"https:\/\/www.fraterinternacional.org\/wp-content\/uploads\/2018\/10\/Mision-Chaco.jpeg\"><img decoding=\"async\" class=\"alignright size-medium wp-image-90452\" src=\"https:\/\/www.fraterinternacional.org\/wp-content\/uploads\/2018\/10\/Mision-Chaco-212x300.jpeg\" alt=\"\" width=\"212\" height=\"300\" srcset=\"https:\/\/www.fraterinternacional.org\/wp-content\/uploads\/2018\/10\/Mision-Chaco-200x283.jpeg 200w, https:\/\/www.fraterinternacional.org\/wp-content\/uploads\/2018\/10\/Mision-Chaco-212x300.jpeg 212w, https:\/\/www.fraterinternacional.org\/wp-content\/uploads\/2018\/10\/Mision-Chaco-400x567.jpeg 400w, https:\/\/www.fraterinternacional.org\/wp-content\/uploads\/2018\/10\/Mision-Chaco.jpeg 487w\" sizes=\"(max-width: 212px) 100vw, 212px\" \/><\/a>At the request of the <a href=\"http:\/\/www.fraterinternacional.org\/en\/divine-messengers\/\">Divine Messengers<\/a>, in February 2016 was founded the <a href=\"http:\/\/www.fraterinternacional.org\/en\/?post_type=avada_portfolio&amp;p=27756\/\">Planetary Mission Network<\/a>, with the objective of organizing the participation of the members of the Network-of-Light in actions of humanitarian help and to the <a href=\"http:\/\/www.fraterinternacional.org\/en\/love-and-service-to-the-kingdoms\/\">Kingdoms of Nature<\/a>, in the regions where they are, in their cities and countries. From this emerged the Regional Missions.<\/p>\n<p style=\"text-align: justify;\">The Regional Missions are one of three forms of humanitarian action of\u00a0<strong>Fraternidade \u2013 International Humanitarian Federation<\/strong>. All of them began with the participation of <a href=\"http:\/\/www.fraterinternacional.org\/en\/humanitarian-missions\/\">consecrated missionaries<\/a> and continued with the collaboration of volunteers of the Planetary Network-of-Light. Together with the Regional Missions, there are the Permanent Missions and the Specific Missions. The first ones are developed in an uninterrupted way, whereas the others are convoked for short periods, to meet specific needs.<\/p>\n<p style=\"text-align: justify;\">The Missionary Youth for Peace began its activities by means of Missionary Events. The first one took place in Belo Horizonte, Brazil, in May 2018. It was followed by others in the Brazilian cities of S\u00e3o Paulo and S\u00e3o Carlos; then in Uruguay; and the last ones took place in the Argentinian cities of Buenos Aires and Cordoba.<\/p>\n<h3 style=\"text-align: center;\">Additional information<\/h3>\n<p style=\"text-align: center;\"><strong>Mission of the Sert\u00e3o of Brazil<\/strong><\/p>\n<p style=\"text-align: center;\">redeluznortenordeste@fraterinternacional.org<\/p>\n<p style=\"text-align: center;\">(+55) (71) 99972-1851<\/p>\n<p style=\"text-align: center;\">(+55) (71) 99978-6285<\/p>\n<p style=\"text-align: center;\"><strong>Chaco Mission<\/strong><\/p>\n<p style=\"text-align: center;\">mision.humanitaria.argentina@gmail.com<\/p>\n<p style=\"text-align: center;\">(+54) 9 351302 4436<\/p>\n<p style=\"text-align: center;\">(+54) 9 116156 9592<\/p>\n<p style=\"text-align: center;\"><strong>Paraguay Mission<\/strong><\/p>\n<p style=\"text-align: center;\">redluzparaguay@fraterinternacional.org<\/p>\n<p style=\"text-align: center;\">(+595) 99240 3388<\/p>\n","protected":false},"excerpt":{"rendered":"<p>The Missionary Youth for peace prepares to take a new step, as an expression of humanitarian service of the Youth [&hellip;]<\/p>\n","protected":false},"author":16,"featured_media":67095,"comment_status":"closed","ping_status":"closed","sticky":false,"template":"","format":"standard","meta":{"footnotes":""},"categories":[121,150,107],"tags":[184,100,4114,2901],"class_list":["post-90594","post","type-post","status-publish","format-standard","has-post-thumbnail","hentry","category-network-of-light","category-news","category-news-of-the-missions","tag-chaco-mission","tag-humanitarian-service","tag-youth-for-peace","tag-paraguay-mission"],"yoast_head":"<!-- This site is optimized with the Yoast SEO Premium plugin v21.0 (Yoast SEO v21.0) - https:\/\/yoast.com\/wordpress\/plugins\/seo\/ -->\n<title>Missionary Youth for Peace will participate in Regional Mission of Fraternidade<\/title>\n<meta name=\"description\" content=\"In October and November, the Missionary Youth for Peace will join the Network-of-Light in three regional missions: Sert\u00e3o, Paraguay and Chaco.\" \/>\n<meta name=\"robots\" content=\"index, follow, max-snippet:-1, max-image-preview:large, max-video-preview:-1\" \/>\n<link rel=\"canonical\" href=\"https:\/\/www.fraterinternacional.org\/en\/missionary-youth-for-peace-will-participate-in-regional-mission-of-fraternidade\/\" \/>\n<meta property=\"og:locale\" content=\"en_US\" \/>\n<meta property=\"og:type\" content=\"article\" \/>\n<meta property=\"og:title\" content=\"Missionary Youth for Peace will participate in Regional Mission of Fraternidade\" \/>\n<meta property=\"og:description\" content=\"In October and November, the Missionary Youth for Peace will join the Network-of-Light in three regional missions: Sert\u00e3o, Paraguay and Chaco.\" \/>\n<meta property=\"og:url\" content=\"https:\/\/www.fraterinternacional.org\/en\/missionary-youth-for-peace-will-participate-in-regional-mission-of-fraternidade\/\" \/>\n<meta property=\"og:site_name\" content=\"Fraternidade - Federa\u00e7\u00e3o Humanit\u00e1ria Internacional\" \/>\n<meta property=\"article:publisher\" content=\"https:\/\/www.facebook.com\/fraternidadehumanitaria\" \/>\n<meta property=\"article:published_time\" content=\"2018-10-12T02:16:01+00:00\" \/>\n<meta property=\"article:modified_time\" content=\"2018-10-20T19:51:49+00:00\" \/>\n<meta property=\"og:image\" content=\"https:\/\/www.fraterinternacional.org\/wp-content\/uploads\/2017\/11\/sertao_missao_cao_atendimento_10_2017.jpg\" \/>\n\t<meta property=\"og:image:width\" content=\"690\" \/>\n\t<meta property=\"og:image:height\" content=\"388\" \/>\n\t<meta property=\"og:image:type\" content=\"image\/jpeg\" \/>\n<meta name=\"author\" content=\"Sergio Redator Espanhol\" \/>\n<meta name=\"twitter:card\" content=\"summary_large_image\" \/>\n<meta name=\"twitter:creator\" content=\"@fraternidadeFHI\" \/>\n<meta name=\"twitter:site\" content=\"@fraternidadeFHI\" \/>\n<meta name=\"twitter:label1\" content=\"Written by\" \/>\n\t<meta name=\"twitter:data1\" content=\"Sergio Redator Espanhol\" \/>\n\t<meta name=\"twitter:label2\" content=\"Est. reading time\" \/>\n\t<meta name=\"twitter:data2\" content=\"3 minutes\" \/>\n<script type=\"application\/ld+json\" class=\"yoast-schema-graph\">{\"@context\":\"https:\/\/schema.org\",\"@graph\":[{\"@type\":\"WebPage\",\"@id\":\"https:\/\/www.fraterinternacional.org\/en\/missionary-youth-for-peace-will-participate-in-regional-mission-of-fraternidade\/\",\"url\":\"https:\/\/www.fraterinternacional.org\/en\/missionary-youth-for-peace-will-participate-in-regional-mission-of-fraternidade\/\",\"name\":\"Missionary Youth for Peace will participate in Regional Mission of Fraternidade\",\"isPartOf\":{\"@id\":\"https:\/\/www.fraterinternacional.org\/es\/#website\"},\"datePublished\":\"2018-10-12T02:16:01+00:00\",\"dateModified\":\"2018-10-20T19:51:49+00:00\",\"author\":{\"@id\":\"https:\/\/www.fraterinternacional.org\/es\/#\/schema\/person\/cf24d3eac28b0e09714ecb8cbd865c28\"},\"description\":\"In October and November, the Missionary Youth for Peace will join the Network-of-Light in three regional missions: Sert\u00e3o, Paraguay and Chaco.\",\"breadcrumb\":{\"@id\":\"https:\/\/www.fraterinternacional.org\/en\/missionary-youth-for-peace-will-participate-in-regional-mission-of-fraternidade\/#breadcrumb\"},\"inLanguage\":\"en-US\",\"potentialAction\":[{\"@type\":\"ReadAction\",\"target\":[\"https:\/\/www.fraterinternacional.org\/en\/missionary-youth-for-peace-will-participate-in-regional-mission-of-fraternidade\/\"]}]},{\"@type\":\"BreadcrumbList\",\"@id\":\"https:\/\/www.fraterinternacional.org\/en\/missionary-youth-for-peace-will-participate-in-regional-mission-of-fraternidade\/#breadcrumb\",\"itemListElement\":[{\"@type\":\"ListItem\",\"position\":1,\"name\":\"In\u00edcio\",\"item\":\"https:\/\/www.fraterinternacional.org\/en\/\"},{\"@type\":\"ListItem\",\"position\":2,\"name\":\"Missionary Youth for Peace will participate in Regional Mission of Fraternidade\"}]},{\"@type\":\"WebSite\",\"@id\":\"https:\/\/www.fraterinternacional.org\/es\/#website\",\"url\":\"https:\/\/www.fraterinternacional.org\/es\/\",\"name\":\"Fraternidade - Federa\u00e7\u00e3o Humanit\u00e1ria Internacional\",\"description\":\"Fraternidade - Federa\u00e7\u00e3o Humanit\u00e1ria Internacional\",\"potentialAction\":[{\"@type\":\"SearchAction\",\"target\":{\"@type\":\"EntryPoint\",\"urlTemplate\":\"https:\/\/www.fraterinternacional.org\/es\/?s={search_term_string}\"},\"query-input\":\"required name=search_term_string\"}],\"inLanguage\":\"en-US\"},{\"@type\":\"Person\",\"@id\":\"https:\/\/www.fraterinternacional.org\/es\/#\/schema\/person\/cf24d3eac28b0e09714ecb8cbd865c28\",\"name\":\"Sergio Redator Espanhol\"}]}<\/script>\n<!-- \/ Yoast SEO Premium plugin. -->","yoast_head_json":{"title":"Missionary Youth for Peace will participate in Regional Mission of Fraternidade","description":"In October and November, the Missionary Youth for Peace will join the Network-of-Light in three regional missions: Sert\u00e3o, Paraguay and Chaco.","robots":{"index":"index","follow":"follow","max-snippet":"max-snippet:-1","max-image-preview":"max-image-preview:large","max-video-preview":"max-video-preview:-1"},"canonical":"https:\/\/www.fraterinternacional.org\/en\/missionary-youth-for-peace-will-participate-in-regional-mission-of-fraternidade\/","og_locale":"en_US","og_type":"article","og_title":"Missionary Youth for Peace will participate in Regional Mission of Fraternidade","og_description":"In October and November, the Missionary Youth for Peace will join the Network-of-Light in three regional missions: Sert\u00e3o, Paraguay and Chaco.","og_url":"https:\/\/www.fraterinternacional.org\/en\/missionary-youth-for-peace-will-participate-in-regional-mission-of-fraternidade\/","og_site_name":"Fraternidade - Federa\u00e7\u00e3o Humanit\u00e1ria Internacional","article_publisher":"https:\/\/www.facebook.com\/fraternidadehumanitaria","article_published_time":"2018-10-12T02:16:01+00:00","article_modified_time":"2018-10-20T19:51:49+00:00","og_image":[{"width":690,"height":388,"url":"https:\/\/www.fraterinternacional.org\/wp-content\/uploads\/2017\/11\/sertao_missao_cao_atendimento_10_2017.jpg","type":"image\/jpeg"}],"author":"Sergio Redator Espanhol","twitter_card":"summary_large_image","twitter_creator":"@fraternidadeFHI","twitter_site":"@fraternidadeFHI","twitter_misc":{"Written by":"Sergio Redator Espanhol","Est. reading time":"3 minutes"},"schema":{"@context":"https:\/\/schema.org","@graph":[{"@type":"WebPage","@id":"https:\/\/www.fraterinternacional.org\/en\/missionary-youth-for-peace-will-participate-in-regional-mission-of-fraternidade\/","url":"https:\/\/www.fraterinternacional.org\/en\/missionary-youth-for-peace-will-participate-in-regional-mission-of-fraternidade\/","name":"Missionary Youth for Peace will participate in Regional Mission of Fraternidade","isPartOf":{"@id":"https:\/\/www.fraterinternacional.org\/es\/#website"},"datePublished":"2018-10-12T02:16:01+00:00","dateModified":"2018-10-20T19:51:49+00:00","author":{"@id":"https:\/\/www.fraterinternacional.org\/es\/#\/schema\/person\/cf24d3eac28b0e09714ecb8cbd865c28"},"description":"In October and November, the Missionary Youth for Peace will join the Network-of-Light in three regional missions: Sert\u00e3o, Paraguay and Chaco.","breadcrumb":{"@id":"https:\/\/www.fraterinternacional.org\/en\/missionary-youth-for-peace-will-participate-in-regional-mission-of-fraternidade\/#breadcrumb"},"inLanguage":"en-US","potentialAction":[{"@type":"ReadAction","target":["https:\/\/www.fraterinternacional.org\/en\/missionary-youth-for-peace-will-participate-in-regional-mission-of-fraternidade\/"]}]},{"@type":"BreadcrumbList","@id":"https:\/\/www.fraterinternacional.org\/en\/missionary-youth-for-peace-will-participate-in-regional-mission-of-fraternidade\/#breadcrumb","itemListElement":[{"@type":"ListItem","position":1,"name":"In\u00edcio","item":"https:\/\/www.fraterinternacional.org\/en\/"},{"@type":"ListItem","position":2,"name":"Missionary Youth for Peace will participate in Regional Mission of Fraternidade"}]},{"@type":"WebSite","@id":"https:\/\/www.fraterinternacional.org\/es\/#website","url":"https:\/\/www.fraterinternacional.org\/es\/","name":"Fraternidade - Federa\u00e7\u00e3o Humanit\u00e1ria Internacional","description":"Fraternidade - Federa\u00e7\u00e3o Humanit\u00e1ria Internacional","potentialAction":[{"@type":"SearchAction","target":{"@type":"EntryPoint","urlTemplate":"https:\/\/www.fraterinternacional.org\/es\/?s={search_term_string}"},"query-input":"required name=search_term_string"}],"inLanguage":"en-US"},{"@type":"Person","@id":"https:\/\/www.fraterinternacional.org\/es\/#\/schema\/person\/cf24d3eac28b0e09714ecb8cbd865c28","name":"Sergio Redator Espanhol"}]}},"_links":{"self":[{"href":"https:\/\/www.fraterinternacional.org\/en\/wp-json\/wp\/v2\/posts\/90594"}],"collection":[{"href":"https:\/\/www.fraterinternacional.org\/en\/wp-json\/wp\/v2\/posts"}],"about":[{"href":"https:\/\/www.fraterinternacional.org\/en\/wp-json\/wp\/v2\/types\/post"}],"author":[{"embeddable":true,"href":"https:\/\/www.fraterinternacional.org\/en\/wp-json\/wp\/v2\/users\/16"}],"replies":[{"embeddable":true,"href":"https:\/\/www.fraterinternacional.org\/en\/wp-json\/wp\/v2\/comments?post=90594"}],"version-history":[{"count":0,"href":"https:\/\/www.fraterinternacional.org\/en\/wp-json\/wp\/v2\/posts\/90594\/revisions"}],"wp:featuredmedia":[{"embeddable":true,"href":"https:\/\/www.fraterinternacional.org\/en\/wp-json\/wp\/v2\/media\/67095"}],"wp:attachment":[{"href":"https:\/\/www.fraterinternacional.org\/en\/wp-json\/wp\/v2\/media?parent=90594"}],"wp:term":[{"taxonomy":"category","embeddable":true,"href":"https:\/\/www.fraterinternacional.org\/en\/wp-json\/wp\/v2\/categories?post=90594"},{"taxonomy":"post_tag","embeddable":true,"href":"https:\/\/www.fraterinternacional.org\/en\/wp-json\/wp\/v2\/tags?post=90594"}],"curies":[{"name":"wp","href":"https:\/\/api.w.org\/{rel}","templated":true}]}}