{"id":81580,"date":"2018-06-10T19:33:08","date_gmt":"2018-06-10T22:33:08","guid":{"rendered":"https:\/\/www.fraterinternacional.org\/?p=81580"},"modified":"2018-06-10T19:33:08","modified_gmt":"2018-06-10T22:33:08","slug":"practice-of-service-and-fraternity-in-sao-carlos","status":"publish","type":"post","link":"https:\/\/www.fraterinternacional.org\/en\/practice-of-service-and-fraternity-in-sao-carlos\/","title":{"rendered":"Practice of Service and Fraternity for families in S\u00e3o Carlos"},"content":{"rendered":"<h3 style=\"text-align: center;\"><strong>Practice of Service and Fraternity for needy families in S\u00e3o Carlos<\/strong><\/h3>\n<p style=\"text-align: justify;\"><a href=\"https:\/\/www.fraterinternacional.org\/wp-content\/uploads\/2018\/06\/criancas_rede_luz_monasterio_servico_sao_carlos.jpeg\"><img decoding=\"async\" class=\"alignleft size-medium wp-image-81361\" src=\"https:\/\/www.fraterinternacional.org\/wp-content\/uploads\/2018\/06\/criancas_rede_luz_monasterio_servico_sao_carlos-300x169.jpeg\" alt=\"\" width=\"300\" height=\"169\" srcset=\"https:\/\/www.fraterinternacional.org\/wp-content\/uploads\/2018\/06\/criancas_rede_luz_monasterio_servico_sao_carlos-200x112.jpeg 200w, https:\/\/www.fraterinternacional.org\/wp-content\/uploads\/2018\/06\/criancas_rede_luz_monasterio_servico_sao_carlos-300x169.jpeg 300w, https:\/\/www.fraterinternacional.org\/wp-content\/uploads\/2018\/06\/criancas_rede_luz_monasterio_servico_sao_carlos-400x225.jpeg 400w, https:\/\/www.fraterinternacional.org\/wp-content\/uploads\/2018\/06\/criancas_rede_luz_monasterio_servico_sao_carlos-600x337.jpeg 600w, https:\/\/www.fraterinternacional.org\/wp-content\/uploads\/2018\/06\/criancas_rede_luz_monasterio_servico_sao_carlos.jpeg 690w\" sizes=\"(max-width: 300px) 100vw, 300px\" \/><\/a><\/p>\n<p style=\"text-align: justify;\">On June 3, 2018, the Network-of-Light group of Sao Carlos gathered for a practice of service and fraternity together with the Nucleus Rosa de Nazareth, an assistance entity that renders communitarian services to needy families in the neighborhood of Antenor Garcia, in Sao Carlos, state of Sao Paulo, Brazil.<\/p>\n<p style=\"text-align: justify;\">With the support of the Monastery of Transfiguration, of Grace Mercy Order, this activity also had the participation of the Network-of-Light of Jau, as well as residents and collaborators of the Nucleus-of-Light of Figueira in Sao Carlos, integrating the offering of this activity to the growing network of service developed by the group in several cities in that region of the state of Sao Paulo.<\/p>\n<h3 style=\"text-align: center;\"><strong>Educational and recreational activities<\/strong><\/h3>\n<p style=\"text-align: justify;\">The community that was visited is located in the periphery of Sao Carlos, and shows a situation of structural and social needs, and this situation is mainly reflected in the children and youths of the community. In this scenario, the Nucleus Rosa de Nazar\u00e9 offers educational and recreational activities to children and is frequented by local families who seek the support that this work grants.<\/p>\n<p style=\"text-align: justify;\"><a href=\"https:\/\/www.fraterinternacional.org\/wp-content\/uploads\/2018\/06\/rede_luz_monasterio_servico_sao_carlos1.jpeg\"><img decoding=\"async\" class=\"size-medium wp-image-81364 alignright\" src=\"https:\/\/www.fraterinternacional.org\/wp-content\/uploads\/2018\/06\/rede_luz_monasterio_servico_sao_carlos1-300x169.jpeg\" alt=\"\" width=\"300\" height=\"169\" srcset=\"https:\/\/www.fraterinternacional.org\/wp-content\/uploads\/2018\/06\/rede_luz_monasterio_servico_sao_carlos1-200x112.jpeg 200w, https:\/\/www.fraterinternacional.org\/wp-content\/uploads\/2018\/06\/rede_luz_monasterio_servico_sao_carlos1-300x169.jpeg 300w, https:\/\/www.fraterinternacional.org\/wp-content\/uploads\/2018\/06\/rede_luz_monasterio_servico_sao_carlos1-400x225.jpeg 400w, https:\/\/www.fraterinternacional.org\/wp-content\/uploads\/2018\/06\/rede_luz_monasterio_servico_sao_carlos1-600x337.jpeg 600w, https:\/\/www.fraterinternacional.org\/wp-content\/uploads\/2018\/06\/rede_luz_monasterio_servico_sao_carlos1.jpeg 690w\" sizes=\"(max-width: 300px) 100vw, 300px\" \/><\/a><\/p>\n<p style=\"text-align: justify;\">About 50 people participated in this meeting, including a majority of youngsters from 6 to 17 of age. All of them integrated harmoniously in the activity of the meeting, which began with prayers and canticles, then had artistic activities with those present. While the youngest ones participated in paintings, the youths were invited to elaborate calendars of recycled material. This workshop highlights the value of the reutilization and recycling of materials and also allows the development of abilities that can help the youths in the future. Then, the whole group participate in playful activities and games, closing the meeting with a vegetarian lunch served to all those present.<\/p>\n<p style=\"text-align: center;\">\u201cIt is very edifying to perceive with what simplicity we open our hearts: it is just a matter of offering pencil and paper and everything manifests\u201d, says sister Maria de Nazar\u00e9, a nun of the Monastery of the Transfiguration (of Grace Mercy Order).<\/p>\n<p style=\"text-align: center;\">This activity in the neighborhood of Antenor Garcia is supported by the Network-of-Light three times a month.<\/p>\n<h3 style=\"text-align: center;\"><strong>With simplicity we open our hearts<\/strong><\/h3>\n\n\t\t<style type=\"text\/css\">\n\t\t\t#gallery-1 {\n\t\t\t\tmargin: auto;\n\t\t\t}\n\t\t\t#gallery-1 .gallery-item {\n\t\t\t\tfloat: left;\n\t\t\t\tmargin-top: 10px;\n\t\t\t\ttext-align: center;\n\t\t\t\twidth: 50%;\n\t\t\t}\n\t\t\t#gallery-1 img {\n\t\t\t\tborder: 2px solid #cfcfcf;\n\t\t\t}\n\t\t\t#gallery-1 .gallery-caption {\n\t\t\t\tmargin-left: 0;\n\t\t\t}\n\t\t\t\/* see gallery_shortcode() in wp-includes\/media.php *\/\n\t\t<\/style>\n\t\t<div id='gallery-1' class='gallery galleryid-81580 gallery-columns-2 gallery-size-medium'><dl class='gallery-item'>\n\t\t\t<dt class='gallery-icon landscape'>\n\t\t\t\t<a data-rel=\"iLightbox[postimages]\" data-title=\"rede_luz_monasterio_servico_sao_carlos2\" data-caption=\"\" href='https:\/\/www.fraterinternacional.org\/wp-content\/uploads\/2018\/06\/rede_luz_monasterio_servico_sao_carlos2.jpeg'><img decoding=\"async\" width=\"300\" height=\"169\" src=\"https:\/\/www.fraterinternacional.org\/wp-content\/uploads\/2018\/06\/rede_luz_monasterio_servico_sao_carlos2-300x169.jpeg\" class=\"attachment-medium size-medium\" alt=\"\" srcset=\"https:\/\/www.fraterinternacional.org\/wp-content\/uploads\/2018\/06\/rede_luz_monasterio_servico_sao_carlos2-200x112.jpeg 200w, https:\/\/www.fraterinternacional.org\/wp-content\/uploads\/2018\/06\/rede_luz_monasterio_servico_sao_carlos2-300x169.jpeg 300w, https:\/\/www.fraterinternacional.org\/wp-content\/uploads\/2018\/06\/rede_luz_monasterio_servico_sao_carlos2-400x225.jpeg 400w, https:\/\/www.fraterinternacional.org\/wp-content\/uploads\/2018\/06\/rede_luz_monasterio_servico_sao_carlos2-600x337.jpeg 600w, https:\/\/www.fraterinternacional.org\/wp-content\/uploads\/2018\/06\/rede_luz_monasterio_servico_sao_carlos2.jpeg 690w\" sizes=\"(max-width: 300px) 100vw, 300px\" \/><\/a>\n\t\t\t<\/dt><\/dl><dl class='gallery-item'>\n\t\t\t<dt class='gallery-icon landscape'>\n\t\t\t\t<a data-rel=\"iLightbox[postimages]\" data-title=\"rede_luz_monasterio_servico_sao_carlos\" data-caption=\"\" href='https:\/\/www.fraterinternacional.org\/wp-content\/uploads\/2018\/06\/rede_luz_monasterio_servico_sao_carlos.jpeg'><img decoding=\"async\" width=\"300\" height=\"169\" src=\"https:\/\/www.fraterinternacional.org\/wp-content\/uploads\/2018\/06\/rede_luz_monasterio_servico_sao_carlos-300x169.jpeg\" class=\"attachment-medium size-medium\" alt=\"\" srcset=\"https:\/\/www.fraterinternacional.org\/wp-content\/uploads\/2018\/06\/rede_luz_monasterio_servico_sao_carlos-200x112.jpeg 200w, https:\/\/www.fraterinternacional.org\/wp-content\/uploads\/2018\/06\/rede_luz_monasterio_servico_sao_carlos-300x169.jpeg 300w, https:\/\/www.fraterinternacional.org\/wp-content\/uploads\/2018\/06\/rede_luz_monasterio_servico_sao_carlos-400x225.jpeg 400w, https:\/\/www.fraterinternacional.org\/wp-content\/uploads\/2018\/06\/rede_luz_monasterio_servico_sao_carlos-600x337.jpeg 600w, https:\/\/www.fraterinternacional.org\/wp-content\/uploads\/2018\/06\/rede_luz_monasterio_servico_sao_carlos.jpeg 690w\" sizes=\"(max-width: 300px) 100vw, 300px\" \/><\/a>\n\t\t\t<\/dt><\/dl><br style=\"clear: both\" \/>\n\t\t<\/div>\n\n<p>&nbsp;<\/p>\n","protected":false},"excerpt":{"rendered":"<p>Practice of Service and Fraternity for needy families in S\u00e3o Carlos On June 3, 2018, the Network-of-Light group of Sao [&hellip;]<\/p>\n","protected":false},"author":8,"featured_media":81362,"comment_status":"closed","ping_status":"closed","sticky":false,"template":"","format":"standard","meta":{"footnotes":""},"categories":[150],"tags":[],"class_list":["post-81580","post","type-post","status-publish","format-standard","has-post-thumbnail","hentry","category-news"],"yoast_head":"<!-- This site is optimized with the Yoast SEO Premium plugin v21.0 (Yoast SEO v21.0) - https:\/\/yoast.com\/wordpress\/plugins\/seo\/ -->\n<title>Practice of Service and Fraternity for families in S\u00e3o Carlos<\/title>\n<meta name=\"description\" content=\"The community that was visited is located in the periphery and has a situation of structural and social needs, reflected in the children and youths.\" \/>\n<meta name=\"robots\" content=\"index, follow, max-snippet:-1, max-image-preview:large, max-video-preview:-1\" \/>\n<link rel=\"canonical\" href=\"https:\/\/www.fraterinternacional.org\/en\/practice-of-service-and-fraternity-in-sao-carlos\/\" \/>\n<meta property=\"og:locale\" content=\"en_US\" \/>\n<meta property=\"og:type\" content=\"article\" \/>\n<meta property=\"og:title\" content=\"Practice of Service and Fraternity for families in S\u00e3o Carlos\" \/>\n<meta property=\"og:description\" content=\"The community that was visited is located in the periphery and has a situation of structural and social needs, reflected in the children and youths.\" \/>\n<meta property=\"og:url\" content=\"https:\/\/www.fraterinternacional.org\/en\/practice-of-service-and-fraternity-in-sao-carlos\/\" \/>\n<meta property=\"og:site_name\" content=\"Fraternidade - Federa\u00e7\u00e3o Humanit\u00e1ria Internacional\" \/>\n<meta property=\"article:publisher\" content=\"https:\/\/www.facebook.com\/fraternidadehumanitaria\" \/>\n<meta property=\"article:published_time\" content=\"2018-06-10T22:33:08+00:00\" \/>\n<meta property=\"og:image\" content=\"https:\/\/www.fraterinternacional.org\/wp-content\/uploads\/2018\/06\/criancas_rede_luz_monasterio_servico_sao_carlos.jpeg\" \/>\n\t<meta property=\"og:image:width\" content=\"690\" \/>\n\t<meta property=\"og:image:height\" content=\"388\" \/>\n\t<meta property=\"og:image:type\" content=\"image\/jpeg\" \/>\n<meta name=\"author\" content=\"FFHI\" \/>\n<meta name=\"twitter:card\" content=\"summary_large_image\" \/>\n<meta name=\"twitter:creator\" content=\"@fraternidadeFHI\" \/>\n<meta name=\"twitter:site\" content=\"@fraternidadeFHI\" \/>\n<meta name=\"twitter:label1\" content=\"Written by\" \/>\n\t<meta name=\"twitter:data1\" content=\"FFHI\" \/>\n\t<meta name=\"twitter:label2\" content=\"Est. reading time\" \/>\n\t<meta name=\"twitter:data2\" content=\"2 minutes\" \/>\n<script type=\"application\/ld+json\" class=\"yoast-schema-graph\">{\"@context\":\"https:\/\/schema.org\",\"@graph\":[{\"@type\":\"WebPage\",\"@id\":\"https:\/\/www.fraterinternacional.org\/en\/practice-of-service-and-fraternity-in-sao-carlos\/\",\"url\":\"https:\/\/www.fraterinternacional.org\/en\/practice-of-service-and-fraternity-in-sao-carlos\/\",\"name\":\"Practice of Service and Fraternity for families in S\u00e3o Carlos\",\"isPartOf\":{\"@id\":\"https:\/\/www.fraterinternacional.org\/es\/#website\"},\"datePublished\":\"2018-06-10T22:33:08+00:00\",\"dateModified\":\"2018-06-10T22:33:08+00:00\",\"author\":{\"@id\":\"https:\/\/www.fraterinternacional.org\/es\/#\/schema\/person\/8fd7058ced8aa6a1995cc0feee75819f\"},\"description\":\"The community that was visited is located in the periphery and has a situation of structural and social needs, reflected in the children and youths.\",\"breadcrumb\":{\"@id\":\"https:\/\/www.fraterinternacional.org\/en\/practice-of-service-and-fraternity-in-sao-carlos\/#breadcrumb\"},\"inLanguage\":\"en-US\",\"potentialAction\":[{\"@type\":\"ReadAction\",\"target\":[\"https:\/\/www.fraterinternacional.org\/en\/practice-of-service-and-fraternity-in-sao-carlos\/\"]}]},{\"@type\":\"BreadcrumbList\",\"@id\":\"https:\/\/www.fraterinternacional.org\/en\/practice-of-service-and-fraternity-in-sao-carlos\/#breadcrumb\",\"itemListElement\":[{\"@type\":\"ListItem\",\"position\":1,\"name\":\"In\u00edcio\",\"item\":\"https:\/\/www.fraterinternacional.org\/en\/\"},{\"@type\":\"ListItem\",\"position\":2,\"name\":\"Practice of Service and Fraternity for families in S\u00e3o Carlos\"}]},{\"@type\":\"WebSite\",\"@id\":\"https:\/\/www.fraterinternacional.org\/es\/#website\",\"url\":\"https:\/\/www.fraterinternacional.org\/es\/\",\"name\":\"Fraternidade - Federa\u00e7\u00e3o Humanit\u00e1ria Internacional\",\"description\":\"Fraternidade - Federa\u00e7\u00e3o Humanit\u00e1ria Internacional\",\"potentialAction\":[{\"@type\":\"SearchAction\",\"target\":{\"@type\":\"EntryPoint\",\"urlTemplate\":\"https:\/\/www.fraterinternacional.org\/es\/?s={search_term_string}\"},\"query-input\":\"required name=search_term_string\"}],\"inLanguage\":\"en-US\"},{\"@type\":\"Person\",\"@id\":\"https:\/\/www.fraterinternacional.org\/es\/#\/schema\/person\/8fd7058ced8aa6a1995cc0feee75819f\",\"name\":\"FFHI\"}]}<\/script>\n<!-- \/ Yoast SEO Premium plugin. -->","yoast_head_json":{"title":"Practice of Service and Fraternity for families in S\u00e3o Carlos","description":"The community that was visited is located in the periphery and has a situation of structural and social needs, reflected in the children and youths.","robots":{"index":"index","follow":"follow","max-snippet":"max-snippet:-1","max-image-preview":"max-image-preview:large","max-video-preview":"max-video-preview:-1"},"canonical":"https:\/\/www.fraterinternacional.org\/en\/practice-of-service-and-fraternity-in-sao-carlos\/","og_locale":"en_US","og_type":"article","og_title":"Practice of Service and Fraternity for families in S\u00e3o Carlos","og_description":"The community that was visited is located in the periphery and has a situation of structural and social needs, reflected in the children and youths.","og_url":"https:\/\/www.fraterinternacional.org\/en\/practice-of-service-and-fraternity-in-sao-carlos\/","og_site_name":"Fraternidade - Federa\u00e7\u00e3o Humanit\u00e1ria Internacional","article_publisher":"https:\/\/www.facebook.com\/fraternidadehumanitaria","article_published_time":"2018-06-10T22:33:08+00:00","og_image":[{"width":690,"height":388,"url":"https:\/\/www.fraterinternacional.org\/wp-content\/uploads\/2018\/06\/criancas_rede_luz_monasterio_servico_sao_carlos.jpeg","type":"image\/jpeg"}],"author":"FFHI","twitter_card":"summary_large_image","twitter_creator":"@fraternidadeFHI","twitter_site":"@fraternidadeFHI","twitter_misc":{"Written by":"FFHI","Est. reading time":"2 minutes"},"schema":{"@context":"https:\/\/schema.org","@graph":[{"@type":"WebPage","@id":"https:\/\/www.fraterinternacional.org\/en\/practice-of-service-and-fraternity-in-sao-carlos\/","url":"https:\/\/www.fraterinternacional.org\/en\/practice-of-service-and-fraternity-in-sao-carlos\/","name":"Practice of Service and Fraternity for families in S\u00e3o Carlos","isPartOf":{"@id":"https:\/\/www.fraterinternacional.org\/es\/#website"},"datePublished":"2018-06-10T22:33:08+00:00","dateModified":"2018-06-10T22:33:08+00:00","author":{"@id":"https:\/\/www.fraterinternacional.org\/es\/#\/schema\/person\/8fd7058ced8aa6a1995cc0feee75819f"},"description":"The community that was visited is located in the periphery and has a situation of structural and social needs, reflected in the children and youths.","breadcrumb":{"@id":"https:\/\/www.fraterinternacional.org\/en\/practice-of-service-and-fraternity-in-sao-carlos\/#breadcrumb"},"inLanguage":"en-US","potentialAction":[{"@type":"ReadAction","target":["https:\/\/www.fraterinternacional.org\/en\/practice-of-service-and-fraternity-in-sao-carlos\/"]}]},{"@type":"BreadcrumbList","@id":"https:\/\/www.fraterinternacional.org\/en\/practice-of-service-and-fraternity-in-sao-carlos\/#breadcrumb","itemListElement":[{"@type":"ListItem","position":1,"name":"In\u00edcio","item":"https:\/\/www.fraterinternacional.org\/en\/"},{"@type":"ListItem","position":2,"name":"Practice of Service and Fraternity for families in S\u00e3o Carlos"}]},{"@type":"WebSite","@id":"https:\/\/www.fraterinternacional.org\/es\/#website","url":"https:\/\/www.fraterinternacional.org\/es\/","name":"Fraternidade - Federa\u00e7\u00e3o Humanit\u00e1ria Internacional","description":"Fraternidade - Federa\u00e7\u00e3o Humanit\u00e1ria Internacional","potentialAction":[{"@type":"SearchAction","target":{"@type":"EntryPoint","urlTemplate":"https:\/\/www.fraterinternacional.org\/es\/?s={search_term_string}"},"query-input":"required name=search_term_string"}],"inLanguage":"en-US"},{"@type":"Person","@id":"https:\/\/www.fraterinternacional.org\/es\/#\/schema\/person\/8fd7058ced8aa6a1995cc0feee75819f","name":"FFHI"}]}},"_links":{"self":[{"href":"https:\/\/www.fraterinternacional.org\/en\/wp-json\/wp\/v2\/posts\/81580"}],"collection":[{"href":"https:\/\/www.fraterinternacional.org\/en\/wp-json\/wp\/v2\/posts"}],"about":[{"href":"https:\/\/www.fraterinternacional.org\/en\/wp-json\/wp\/v2\/types\/post"}],"author":[{"embeddable":true,"href":"https:\/\/www.fraterinternacional.org\/en\/wp-json\/wp\/v2\/users\/8"}],"replies":[{"embeddable":true,"href":"https:\/\/www.fraterinternacional.org\/en\/wp-json\/wp\/v2\/comments?post=81580"}],"version-history":[{"count":0,"href":"https:\/\/www.fraterinternacional.org\/en\/wp-json\/wp\/v2\/posts\/81580\/revisions"}],"wp:featuredmedia":[{"embeddable":true,"href":"https:\/\/www.fraterinternacional.org\/en\/wp-json\/wp\/v2\/media\/81362"}],"wp:attachment":[{"href":"https:\/\/www.fraterinternacional.org\/en\/wp-json\/wp\/v2\/media?parent=81580"}],"wp:term":[{"taxonomy":"category","embeddable":true,"href":"https:\/\/www.fraterinternacional.org\/en\/wp-json\/wp\/v2\/categories?post=81580"},{"taxonomy":"post_tag","embeddable":true,"href":"https:\/\/www.fraterinternacional.org\/en\/wp-json\/wp\/v2\/tags?post=81580"}],"curies":[{"name":"wp","href":"https:\/\/api.w.org\/{rel}","templated":true}]}}