{"id":68587,"date":"2017-11-26T22:17:49","date_gmt":"2017-11-27T01:17:49","guid":{"rendered":"https:\/\/www.fraterinternacional.org\/?p=68587"},"modified":"2017-11-27T09:40:49","modified_gmt":"2017-11-27T12:40:49","slug":"prayer-consecration-pilgrims-divine-mother","status":"publish","type":"post","link":"https:\/\/www.fraterinternacional.org\/en\/prayer-consecration-pilgrims-divine-mother\/","title":{"rendered":"Prayer of Consecration of Pilgrims to the Divine Mother"},"content":{"rendered":"<h3 style=\"text-align: center;\"><strong>Prayer of Consecration of Pilgrims to the Divine Mother<\/strong><\/h3>\n<p style=\"text-align: center;\">May my feet be guided<br \/>\nby the sweet Voice of the Celestial Mother.<\/p>\n<p style=\"text-align: center;\">May my eyes see only the Love of God,<br \/>\nreflected in the heart of each brother and sister.<\/p>\n<p class=\"rtecenter\" style=\"text-align: center;\">That as a Pilgrim,<br \/>\nI will hold the torch of the Peace of the Virgin Mary<br \/>\nand of the Sacred Redeeming Heart of Christ Jesus.<\/p>\n<p class=\"rtecenter\" style=\"text-align: center;\">Amem.<\/p>\n<p style=\"text-align: center;\"><em><strong>This prayer that forms part of the\u00a0<\/strong><\/em><a href=\"https:\/\/divinamadre.org\/en\/oracion\/prayer-consecration-pilgrims-divine-mother\" target=\"_blank\" rel=\"noopener\">Prayer of Consecration of Pilgrims to the Divine Mother<\/a><\/p>\n<p style=\"text-align: center;\"><a href=\"http:\/\/www.divinamadre.org\/en\/oraciones-y-ejercicios-espirituales\" target=\"_blank\" rel=\"noopener noreferrer\">Prayers and Spiritual Exercises<\/a><\/p>\n<div><\/div>\n<div><div class=\"fusion-aligncenter\"><a class=\"fusion-button button-3d button-small button-custom fusion-button-default button-1 fusion-button-default-span \" style=\"--button_accent_color:#ffffff;--button_accent_hover_color:#dedede;--button_border_hover_color:#dedede;--button_gradient_top_color:#d3b054;--button_gradient_bottom_color:#d3b054;--button_gradient_top_color_hover:#d3b054;--button_gradient_bottom_color_hover:#d3b054;\" target=\"_self\" href=\"https:\/\/www.fraterinternacional.org\/en\/category\/impulses-for-the-week\/prayer\/\"><span class=\"fusion-button-text\">See all<\/span><\/a><\/div><\/div>\n<div><\/div>\n<div><\/div>\n\n\t\t<style type=\"text\/css\">\n\t\t\t#gallery-1 {\n\t\t\t\tmargin: auto;\n\t\t\t}\n\t\t\t#gallery-1 .gallery-item {\n\t\t\t\tfloat: left;\n\t\t\t\tmargin-top: 10px;\n\t\t\t\ttext-align: center;\n\t\t\t\twidth: 50%;\n\t\t\t}\n\t\t\t#gallery-1 img {\n\t\t\t\tborder: 2px solid #cfcfcf;\n\t\t\t}\n\t\t\t#gallery-1 .gallery-caption {\n\t\t\t\tmargin-left: 0;\n\t\t\t}\n\t\t\t\/* see gallery_shortcode() in wp-includes\/media.php *\/\n\t\t<\/style>\n\t\t<div id='gallery-1' class='gallery galleryid-68587 gallery-columns-2 gallery-size-medium'><dl class='gallery-item'>\n\t\t\t<dt class='gallery-icon landscape'>\n\t\t\t\t<a data-rel=\"iLightbox[postimages]\" data-title=\"caminho_serra\" data-caption=\"\" href='https:\/\/www.fraterinternacional.org\/wp-content\/uploads\/2017\/11\/caminho_serra.jpg'><img decoding=\"async\" width=\"300\" height=\"169\" src=\"https:\/\/www.fraterinternacional.org\/wp-content\/uploads\/2017\/11\/caminho_serra-300x169.jpg\" class=\"attachment-medium size-medium\" alt=\"\" srcset=\"https:\/\/www.fraterinternacional.org\/wp-content\/uploads\/2017\/11\/caminho_serra-200x112.jpg 200w, https:\/\/www.fraterinternacional.org\/wp-content\/uploads\/2017\/11\/caminho_serra-300x169.jpg 300w, https:\/\/www.fraterinternacional.org\/wp-content\/uploads\/2017\/11\/caminho_serra-400x225.jpg 400w, https:\/\/www.fraterinternacional.org\/wp-content\/uploads\/2017\/11\/caminho_serra-600x337.jpg 600w, https:\/\/www.fraterinternacional.org\/wp-content\/uploads\/2017\/11\/caminho_serra.jpg 690w\" sizes=\"(max-width: 300px) 100vw, 300px\" \/><\/a>\n\t\t\t<\/dt><\/dl><dl class='gallery-item'>\n\t\t\t<dt class='gallery-icon landscape'>\n\t\t\t\t<a data-rel=\"iLightbox[postimages]\" data-title=\"maria_colina_aparicoes\" data-caption=\"\" href='https:\/\/www.fraterinternacional.org\/wp-content\/uploads\/2017\/11\/maria_colina_aparicoes.jpg'><img decoding=\"async\" width=\"300\" height=\"169\" src=\"https:\/\/www.fraterinternacional.org\/wp-content\/uploads\/2017\/11\/maria_colina_aparicoes-300x169.jpg\" class=\"attachment-medium size-medium\" alt=\"\" srcset=\"https:\/\/www.fraterinternacional.org\/wp-content\/uploads\/2017\/11\/maria_colina_aparicoes-200x112.jpg 200w, https:\/\/www.fraterinternacional.org\/wp-content\/uploads\/2017\/11\/maria_colina_aparicoes-300x169.jpg 300w, https:\/\/www.fraterinternacional.org\/wp-content\/uploads\/2017\/11\/maria_colina_aparicoes-400x225.jpg 400w, https:\/\/www.fraterinternacional.org\/wp-content\/uploads\/2017\/11\/maria_colina_aparicoes-600x337.jpg 600w, https:\/\/www.fraterinternacional.org\/wp-content\/uploads\/2017\/11\/maria_colina_aparicoes.jpg 690w\" sizes=\"(max-width: 300px) 100vw, 300px\" \/><\/a>\n\t\t\t<\/dt><\/dl><br style=\"clear: both\" \/>\n\t\t<\/div>\n\n<p>&nbsp;<\/p>\n","protected":false},"excerpt":{"rendered":"<p>Prayer of Consecration of Pilgrims to the Divine Mother May my feet be guided by the sweet Voice of the [&hellip;]<\/p>\n","protected":false},"author":8,"featured_media":68572,"comment_status":"closed","ping_status":"closed","sticky":false,"template":"","format":"standard","meta":{"footnotes":""},"categories":[3243],"tags":[3246],"class_list":["post-68587","post","type-post","status-publish","format-standard","has-post-thumbnail","hentry","category-impulses-for-the-week","tag-prayer"],"yoast_head":"<!-- This site is optimized with the Yoast SEO Premium plugin v21.0 (Yoast SEO v21.0) - https:\/\/yoast.com\/wordpress\/plugins\/seo\/ -->\n<title>Prayer of Consecration of Pilgrims to the Divine Mother - Impulse Prayer<\/title>\n<meta name=\"description\" content=\"May my feet be guided by the sweet Voice of the Celestial Mother. May my eyes see only the Love of God, reflected in the heart of each brother and sister.\" \/>\n<meta name=\"robots\" content=\"index, follow, max-snippet:-1, max-image-preview:large, max-video-preview:-1\" \/>\n<link rel=\"canonical\" href=\"https:\/\/www.fraterinternacional.org\/en\/prayer-consecration-pilgrims-divine-mother\/\" \/>\n<meta property=\"og:locale\" content=\"en_US\" \/>\n<meta property=\"og:type\" content=\"article\" \/>\n<meta property=\"og:title\" content=\"Prayer of Consecration of Pilgrims to the Divine Mother\" \/>\n<meta property=\"og:description\" content=\"May my feet be guided by the sweet Voice of the Celestial Mother. May my eyes see only the Love of God, reflected in the heart of each brother and sister.\" \/>\n<meta property=\"og:url\" content=\"https:\/\/www.fraterinternacional.org\/en\/prayer-consecration-pilgrims-divine-mother\/\" \/>\n<meta property=\"og:site_name\" content=\"Fraternidade - Federa\u00e7\u00e3o Humanit\u00e1ria Internacional\" \/>\n<meta property=\"article:publisher\" content=\"https:\/\/www.facebook.com\/fraternidadehumanitaria\" \/>\n<meta property=\"article:published_time\" content=\"2017-11-27T01:17:49+00:00\" \/>\n<meta property=\"article:modified_time\" content=\"2017-11-27T12:40:49+00:00\" \/>\n<meta property=\"og:image\" content=\"https:\/\/www.fraterinternacional.org\/wp-content\/uploads\/2017\/11\/maria_colina_aparicoes.jpg\" \/>\n\t<meta property=\"og:image:width\" content=\"690\" \/>\n\t<meta property=\"og:image:height\" content=\"388\" \/>\n\t<meta property=\"og:image:type\" content=\"image\/jpeg\" \/>\n<meta name=\"author\" content=\"FFHI\" \/>\n<meta name=\"twitter:card\" content=\"summary_large_image\" \/>\n<meta name=\"twitter:creator\" content=\"@fraternidadeFHI\" \/>\n<meta name=\"twitter:site\" content=\"@fraternidadeFHI\" \/>\n<meta name=\"twitter:label1\" content=\"Written by\" \/>\n\t<meta name=\"twitter:data1\" content=\"FFHI\" \/>\n\t<meta name=\"twitter:label2\" content=\"Est. reading time\" \/>\n\t<meta name=\"twitter:data2\" content=\"1 minute\" \/>\n<script type=\"application\/ld+json\" class=\"yoast-schema-graph\">{\"@context\":\"https:\/\/schema.org\",\"@graph\":[{\"@type\":\"WebPage\",\"@id\":\"https:\/\/www.fraterinternacional.org\/en\/prayer-consecration-pilgrims-divine-mother\/\",\"url\":\"https:\/\/www.fraterinternacional.org\/en\/prayer-consecration-pilgrims-divine-mother\/\",\"name\":\"Prayer of Consecration of Pilgrims to the Divine Mother - Impulse Prayer\",\"isPartOf\":{\"@id\":\"https:\/\/www.fraterinternacional.org\/es\/#website\"},\"datePublished\":\"2017-11-27T01:17:49+00:00\",\"dateModified\":\"2017-11-27T12:40:49+00:00\",\"author\":{\"@id\":\"https:\/\/www.fraterinternacional.org\/es\/#\/schema\/person\/8fd7058ced8aa6a1995cc0feee75819f\"},\"description\":\"May my feet be guided by the sweet Voice of the Celestial Mother. May my eyes see only the Love of God, reflected in the heart of each brother and sister.\",\"breadcrumb\":{\"@id\":\"https:\/\/www.fraterinternacional.org\/en\/prayer-consecration-pilgrims-divine-mother\/#breadcrumb\"},\"inLanguage\":\"en-US\",\"potentialAction\":[{\"@type\":\"ReadAction\",\"target\":[\"https:\/\/www.fraterinternacional.org\/en\/prayer-consecration-pilgrims-divine-mother\/\"]}]},{\"@type\":\"BreadcrumbList\",\"@id\":\"https:\/\/www.fraterinternacional.org\/en\/prayer-consecration-pilgrims-divine-mother\/#breadcrumb\",\"itemListElement\":[{\"@type\":\"ListItem\",\"position\":1,\"name\":\"In\u00edcio\",\"item\":\"https:\/\/www.fraterinternacional.org\/en\/\"},{\"@type\":\"ListItem\",\"position\":2,\"name\":\"Prayer of Consecration of Pilgrims to the Divine Mother\"}]},{\"@type\":\"WebSite\",\"@id\":\"https:\/\/www.fraterinternacional.org\/es\/#website\",\"url\":\"https:\/\/www.fraterinternacional.org\/es\/\",\"name\":\"Fraternidade - Federa\u00e7\u00e3o Humanit\u00e1ria Internacional\",\"description\":\"Fraternidade - Federa\u00e7\u00e3o Humanit\u00e1ria Internacional\",\"potentialAction\":[{\"@type\":\"SearchAction\",\"target\":{\"@type\":\"EntryPoint\",\"urlTemplate\":\"https:\/\/www.fraterinternacional.org\/es\/?s={search_term_string}\"},\"query-input\":\"required name=search_term_string\"}],\"inLanguage\":\"en-US\"},{\"@type\":\"Person\",\"@id\":\"https:\/\/www.fraterinternacional.org\/es\/#\/schema\/person\/8fd7058ced8aa6a1995cc0feee75819f\",\"name\":\"FFHI\"}]}<\/script>\n<!-- \/ Yoast SEO Premium plugin. -->","yoast_head_json":{"title":"Prayer of Consecration of Pilgrims to the Divine Mother - Impulse Prayer","description":"May my feet be guided by the sweet Voice of the Celestial Mother. May my eyes see only the Love of God, reflected in the heart of each brother and sister.","robots":{"index":"index","follow":"follow","max-snippet":"max-snippet:-1","max-image-preview":"max-image-preview:large","max-video-preview":"max-video-preview:-1"},"canonical":"https:\/\/www.fraterinternacional.org\/en\/prayer-consecration-pilgrims-divine-mother\/","og_locale":"en_US","og_type":"article","og_title":"Prayer of Consecration of Pilgrims to the Divine Mother","og_description":"May my feet be guided by the sweet Voice of the Celestial Mother. May my eyes see only the Love of God, reflected in the heart of each brother and sister.","og_url":"https:\/\/www.fraterinternacional.org\/en\/prayer-consecration-pilgrims-divine-mother\/","og_site_name":"Fraternidade - Federa\u00e7\u00e3o Humanit\u00e1ria Internacional","article_publisher":"https:\/\/www.facebook.com\/fraternidadehumanitaria","article_published_time":"2017-11-27T01:17:49+00:00","article_modified_time":"2017-11-27T12:40:49+00:00","og_image":[{"width":690,"height":388,"url":"https:\/\/www.fraterinternacional.org\/wp-content\/uploads\/2017\/11\/maria_colina_aparicoes.jpg","type":"image\/jpeg"}],"author":"FFHI","twitter_card":"summary_large_image","twitter_creator":"@fraternidadeFHI","twitter_site":"@fraternidadeFHI","twitter_misc":{"Written by":"FFHI","Est. reading time":"1 minute"},"schema":{"@context":"https:\/\/schema.org","@graph":[{"@type":"WebPage","@id":"https:\/\/www.fraterinternacional.org\/en\/prayer-consecration-pilgrims-divine-mother\/","url":"https:\/\/www.fraterinternacional.org\/en\/prayer-consecration-pilgrims-divine-mother\/","name":"Prayer of Consecration of Pilgrims to the Divine Mother - Impulse Prayer","isPartOf":{"@id":"https:\/\/www.fraterinternacional.org\/es\/#website"},"datePublished":"2017-11-27T01:17:49+00:00","dateModified":"2017-11-27T12:40:49+00:00","author":{"@id":"https:\/\/www.fraterinternacional.org\/es\/#\/schema\/person\/8fd7058ced8aa6a1995cc0feee75819f"},"description":"May my feet be guided by the sweet Voice of the Celestial Mother. May my eyes see only the Love of God, reflected in the heart of each brother and sister.","breadcrumb":{"@id":"https:\/\/www.fraterinternacional.org\/en\/prayer-consecration-pilgrims-divine-mother\/#breadcrumb"},"inLanguage":"en-US","potentialAction":[{"@type":"ReadAction","target":["https:\/\/www.fraterinternacional.org\/en\/prayer-consecration-pilgrims-divine-mother\/"]}]},{"@type":"BreadcrumbList","@id":"https:\/\/www.fraterinternacional.org\/en\/prayer-consecration-pilgrims-divine-mother\/#breadcrumb","itemListElement":[{"@type":"ListItem","position":1,"name":"In\u00edcio","item":"https:\/\/www.fraterinternacional.org\/en\/"},{"@type":"ListItem","position":2,"name":"Prayer of Consecration of Pilgrims to the Divine Mother"}]},{"@type":"WebSite","@id":"https:\/\/www.fraterinternacional.org\/es\/#website","url":"https:\/\/www.fraterinternacional.org\/es\/","name":"Fraternidade - Federa\u00e7\u00e3o Humanit\u00e1ria Internacional","description":"Fraternidade - Federa\u00e7\u00e3o Humanit\u00e1ria Internacional","potentialAction":[{"@type":"SearchAction","target":{"@type":"EntryPoint","urlTemplate":"https:\/\/www.fraterinternacional.org\/es\/?s={search_term_string}"},"query-input":"required name=search_term_string"}],"inLanguage":"en-US"},{"@type":"Person","@id":"https:\/\/www.fraterinternacional.org\/es\/#\/schema\/person\/8fd7058ced8aa6a1995cc0feee75819f","name":"FFHI"}]}},"_links":{"self":[{"href":"https:\/\/www.fraterinternacional.org\/en\/wp-json\/wp\/v2\/posts\/68587"}],"collection":[{"href":"https:\/\/www.fraterinternacional.org\/en\/wp-json\/wp\/v2\/posts"}],"about":[{"href":"https:\/\/www.fraterinternacional.org\/en\/wp-json\/wp\/v2\/types\/post"}],"author":[{"embeddable":true,"href":"https:\/\/www.fraterinternacional.org\/en\/wp-json\/wp\/v2\/users\/8"}],"replies":[{"embeddable":true,"href":"https:\/\/www.fraterinternacional.org\/en\/wp-json\/wp\/v2\/comments?post=68587"}],"version-history":[{"count":0,"href":"https:\/\/www.fraterinternacional.org\/en\/wp-json\/wp\/v2\/posts\/68587\/revisions"}],"wp:featuredmedia":[{"embeddable":true,"href":"https:\/\/www.fraterinternacional.org\/en\/wp-json\/wp\/v2\/media\/68572"}],"wp:attachment":[{"href":"https:\/\/www.fraterinternacional.org\/en\/wp-json\/wp\/v2\/media?parent=68587"}],"wp:term":[{"taxonomy":"category","embeddable":true,"href":"https:\/\/www.fraterinternacional.org\/en\/wp-json\/wp\/v2\/categories?post=68587"},{"taxonomy":"post_tag","embeddable":true,"href":"https:\/\/www.fraterinternacional.org\/en\/wp-json\/wp\/v2\/tags?post=68587"}],"curies":[{"name":"wp","href":"https:\/\/api.w.org\/{rel}","templated":true}]}}