{"id":67805,"date":"2017-11-17T12:56:52","date_gmt":"2017-11-17T15:56:52","guid":{"rendered":"https:\/\/www.fraterinternacional.org\/?p=67805"},"modified":"2017-11-17T12:56:52","modified_gmt":"2017-11-17T15:56:52","slug":"humanitarian-roraima-mission-boa-vista-reception-distribution-donations","status":"publish","type":"post","link":"https:\/\/www.fraterinternacional.org\/en\/humanitarian-roraima-mission-boa-vista-reception-distribution-donations\/","title":{"rendered":"Humanitarian Roraima Mission in Boa Vista \u2013 reception and distribution of donations"},"content":{"rendered":"<h3 align=\"CENTER\"><\/h3>\n<h3 class=\"western\" align=\"CENTER\"><b>October 16 to 22, Monday to Sunday<\/b><\/h3>\n<h3 class=\"western\" style=\"text-align: justify;\" align=\"JUSTIFY\"><b>October 16, Monday<\/b><\/h3>\n<div id=\"attachment_67449\" style=\"width: 310px\" class=\"wp-caption alignleft\"><a href=\"https:\/\/www.fraterinternacional.org\/wp-content\/uploads\/2017\/11\/roraima_missao_distribuicao_refeicoes_2_quinzena_10_2017.jpg\"><img decoding=\"async\" aria-describedby=\"caption-attachment-67449\" class=\"wp-image-67449 size-medium\" src=\"https:\/\/www.fraterinternacional.org\/wp-content\/uploads\/2017\/11\/roraima_missao_distribuicao_refeicoes_2_quinzena_10_2017-300x169.jpg\" alt=\"\" width=\"300\" height=\"169\" srcset=\"https:\/\/www.fraterinternacional.org\/wp-content\/uploads\/2017\/11\/roraima_missao_distribuicao_refeicoes_2_quinzena_10_2017-200x112.jpg 200w, https:\/\/www.fraterinternacional.org\/wp-content\/uploads\/2017\/11\/roraima_missao_distribuicao_refeicoes_2_quinzena_10_2017-300x169.jpg 300w, https:\/\/www.fraterinternacional.org\/wp-content\/uploads\/2017\/11\/roraima_missao_distribuicao_refeicoes_2_quinzena_10_2017-400x225.jpg 400w, https:\/\/www.fraterinternacional.org\/wp-content\/uploads\/2017\/11\/roraima_missao_distribuicao_refeicoes_2_quinzena_10_2017-600x337.jpg 600w, https:\/\/www.fraterinternacional.org\/wp-content\/uploads\/2017\/11\/roraima_missao_distribuicao_refeicoes_2_quinzena_10_2017.jpg 690w\" sizes=\"(max-width: 300px) 100vw, 300px\" \/><\/a><p id=\"caption-attachment-67449\" class=\"wp-caption-text\">Serving lunch<\/p><\/div>\n<p style=\"text-align: justify;\"><span style=\"font-weight: 400;\">Personal referral of seropositive Indigenous person to laboratory to take blood test.<\/span><\/p>\n<p style=\"text-align: justify;\"><span style=\"font-weight: 400;\">Reception of Indigenous child who was discharged from the Children\u2019s Hospital of Boa Vista, where it had been hospitalized.<\/span><\/p>\n<p style=\"text-align: justify;\"><span style=\"font-weight: 400;\">Distribution of breakfast and lunch in the shelter.<\/span><\/p>\n<p style=\"text-align: justify;\"><span style=\"font-weight: 400;\">A team of the Labor and Social Welfare Secretary (Setrabes) that works in a place of reception to needy people \u2013 Casa de Passagem (House of Passage), came to visit the Center of Reference for the Immigrant (CRI). The objective was to propose the use of some norms of the House of Passage in the CRI.<\/span><\/p>\n<p style=\"text-align: justify;\"><span style=\"font-weight: 400;\">\u201cThese suggestions will be referred to the Fraternidade and to the United Nations High Commissioner for Refugees (UNHCR) to be studies, as the norms and rules valid for the non-Indigenous people not always are the same for the Indigenous, due to the cultural difference and vulnerability\u201d, explained Claudia, a missionary of the Fraternidade.<\/span><\/p>\n<p style=\"text-align: justify;\"><span style=\"font-weight: 400;\">The jewelry made by the Indigenous immigrants in the shelter have been selected and cataloged. The pieces will be presented by a missionary of the Fraternidade \u2013 International Humanitarian Federation, in a national meeting in Bras\u00edlia, Federal District, about immigrants and refugees.<\/span><\/p>\n<p style=\"text-align: justify;\"><span style=\"font-weight: 400;\">Cleaning of container in the gymnasium that will be used to store foods.<\/span><\/p>\n<p style=\"text-align: justify;\"><span style=\"font-weight: 400;\">Signatures collected from the parents of the children in the shelter, allowing them to go to activities outside the shelter, in the Methodist Church.<\/span><\/p>\n<h3 class=\"western\" style=\"text-align: justify;\" align=\"JUSTIFY\"><b>October 17, Tuesday<\/b><\/h3>\n<div id=\"attachment_67407\" style=\"width: 310px\" class=\"wp-caption alignleft\"><a href=\"https:\/\/www.fraterinternacional.org\/wp-content\/uploads\/2017\/11\/roraima_missao_artesanato_10_2017.jpg\"><img decoding=\"async\" aria-describedby=\"caption-attachment-67407\" class=\"wp-image-67407 size-medium\" src=\"https:\/\/www.fraterinternacional.org\/wp-content\/uploads\/2017\/11\/roraima_missao_artesanato_10_2017-300x264.jpg\" alt=\"\" width=\"300\" height=\"264\" srcset=\"https:\/\/www.fraterinternacional.org\/wp-content\/uploads\/2017\/11\/roraima_missao_artesanato_10_2017-200x176.jpg 200w, https:\/\/www.fraterinternacional.org\/wp-content\/uploads\/2017\/11\/roraima_missao_artesanato_10_2017-300x264.jpg 300w, https:\/\/www.fraterinternacional.org\/wp-content\/uploads\/2017\/11\/roraima_missao_artesanato_10_2017.jpg 400w\" sizes=\"(max-width: 300px) 100vw, 300px\" \/><\/a><p id=\"caption-attachment-67407\" class=\"wp-caption-text\">Artisanship<\/p><\/div>\n<p style=\"text-align: justify;\"><span style=\"font-weight: 400;\">Accompaniment of Warao immigrant, who is suspected of having contracted tuberculosis, to take a test in the laboratory.<\/span><\/p>\n<p style=\"text-align: justify;\"><span style=\"font-weight: 400;\">Work of artisanship with the Indigenous.<\/span><\/p>\n<p style=\"text-align: justify;\"><span style=\"font-weight: 400;\">New beginning of activities of the school \u201cCasa de los Ni\u00f1os\u201d (House of the Children).<\/span><\/p>\n<p style=\"text-align: justify;\"><span style=\"font-weight: 400;\">Warao child who had been hospitalized due to chickenpox, received cares due to the large wounds it still has in its body.<\/span><\/p>\n<p style=\"text-align: justify;\"><span style=\"font-weight: 400;\">Activities in the office of the Fraternidade in Roraima.<\/span><\/p>\n<p style=\"text-align: justify;\"><span style=\"font-weight: 400;\">Representatives of the Baptist Church donated kitchen appliances and utensils, and a fan.<\/span><\/p>\n<p class=\"western\" style=\"text-align: justify;\" align=\"JUSTIFY\"><span style=\"font-weight: 400;\">A missionary of the Fraternidade began her participation in the 13<\/span><span style=\"font-weight: 400;\">th<\/span><span style=\"font-weight: 400;\"> National Meeting of the Solidary Network for Migrants and Refugees (RedeMir) held in Brasilia, Federal District of Brazil.<\/span><\/p>\n<h3 class=\"western\" style=\"text-align: justify;\" align=\"JUSTIFY\"><b>October 18, Wednesday<\/b><\/h3>\n<p style=\"text-align: justify;\"><span style=\"font-weight: 400;\">Meeting with the Indigenous leaders to guide the removal, in the morning, of the hammocks installed in the gymnasium.<\/span><\/p>\n<p style=\"text-align: justify;\"><span style=\"font-weight: 400;\">Pacification conducted between two non-Indigenous Venezuelan immigrants who were quarreling about an accusation of theft. The police was called, who recovered the object stolen by an immigrant who was not registered in the shelter.<\/span><\/p>\n<p style=\"text-align: justify;\"><span style=\"font-weight: 400;\">Produced and distributed about 50 liters of beet juice with coconut water.<\/span><\/p>\n<p style=\"text-align: justify;\"><span style=\"font-weight: 400;\">Missionaries participated in activities in the Nucleus-of-Light of Figueira in Roraima and then participated in the rehearsal of the choir in the place where the new Nucleus-of-Light is being installed.<\/span><\/p>\n<p style=\"text-align: justify;\"><span style=\"font-weight: 400;\">Members of the Baptist Church made another donation to the shelter: a cool box to serve the juices in the kitchen.<\/span><\/p>\n<p style=\"text-align: justify;\"><span style=\"font-weight: 400;\">Two representatives of the Brazilian Association of Assistence to Families of Children with Cancer and Blood Disorders (Abrace), from Brasilia, visited the shelter and offered to collaborate with the CRI. <\/span><\/p>\n<p style=\"text-align: justify;\"><span style=\"font-weight: 400;\">Indigenous immigrant beat his wife and was invited to leave the shelter.<\/span><\/p>\n<div id=\"attachment_67417\" style=\"width: 310px\" class=\"wp-caption alignleft\"><a href=\"https:\/\/www.fraterinternacional.org\/wp-content\/uploads\/2017\/11\/roraima_missao_atendimento_sesai_cri_10_2017.jpg\"><img decoding=\"async\" aria-describedby=\"caption-attachment-67417\" class=\"wp-image-67417 size-medium\" src=\"https:\/\/www.fraterinternacional.org\/wp-content\/uploads\/2017\/11\/roraima_missao_atendimento_sesai_cri_10_2017-300x169.jpg\" alt=\"\" width=\"300\" height=\"169\" srcset=\"https:\/\/www.fraterinternacional.org\/wp-content\/uploads\/2017\/11\/roraima_missao_atendimento_sesai_cri_10_2017-200x112.jpg 200w, https:\/\/www.fraterinternacional.org\/wp-content\/uploads\/2017\/11\/roraima_missao_atendimento_sesai_cri_10_2017-300x169.jpg 300w, https:\/\/www.fraterinternacional.org\/wp-content\/uploads\/2017\/11\/roraima_missao_atendimento_sesai_cri_10_2017-400x225.jpg 400w, https:\/\/www.fraterinternacional.org\/wp-content\/uploads\/2017\/11\/roraima_missao_atendimento_sesai_cri_10_2017-600x337.jpg 600w, https:\/\/www.fraterinternacional.org\/wp-content\/uploads\/2017\/11\/roraima_missao_atendimento_sesai_cri_10_2017.jpg 690w\" sizes=\"(max-width: 300px) 100vw, 300px\" \/><\/a><p id=\"caption-attachment-67417\" class=\"wp-caption-text\">Sesai team attending<\/p><\/div>\n<p style=\"text-align: justify;\"><span style=\"font-weight: 400;\">Representatives of Setrabes and of the Social Development Ministry (MDS) were in the CRI to check how the situation was after the installation of the tents and reforms.<\/span><\/p>\n<p style=\"text-align: justify;\"><span style=\"font-weight: 400;\">One of the containers was prepared to receive a doctor from the Brazilian Army who will give medical assistance. <\/span><\/p>\n<p style=\"text-align: justify;\"><span style=\"font-weight: 400;\">A team of doctors and nurses of the Special Indigenous Health Secretary (Sesai) conducted attendance.<\/span><\/p>\n<p style=\"text-align: justify;\"><span style=\"font-weight: 400;\">A new control of entrance of people in the CRI was begun, with the closing of the gate for vehicles and the opening of an exclusive gate for pedestrians. The control of the entrance continues with the shifts of missionaries and immigrants. <\/span><\/p>\n<p style=\"text-align: justify;\"><span style=\"font-weight: 400;\">\u201cA list was elaborated, especially with the names of the non-Indigenous immigrants living in the shelter, for us to have a control. In this way, we avoid the entrance of other immigrants, as the capacity of the place is above the expected. For the time being we cannot receive more refugees until everything is organized, is more structured and the reforms in the kitchen and in the toilets are finished\u201d, explained Claudia.<\/span><\/p>\n<p class=\"western\" style=\"text-align: justify;\" align=\"JUSTIFY\"><b>October 19, Thursday<\/b><\/p>\n<p style=\"text-align: justify;\"><span style=\"font-weight: 400;\">In the morning, the missionaries found a lot of filth in the place where meals are served and some bottles of alcoholic drinks scattered in the external area of the shelter.<\/span><\/p>\n<p style=\"text-align: justify;\"><span style=\"font-weight: 400;\">A doctor from the Brazilian Army, accompanied by two technicians of nursery, attended 22 persons in the container.<\/span><\/p>\n<p style=\"text-align: justify;\"><span style=\"font-weight: 400;\">A non-Indigenous immigrant pregnant of 8 months felt pains during the dawn and was referred to the maternity by Military Policepersons.<\/span><\/p>\n<p style=\"text-align: justify;\"><span style=\"font-weight: 400;\">Ropes were used near the place where lunch is served to better organize the queues during the meal.<\/span><\/p>\n<p style=\"text-align: justify;\"><span style=\"font-weight: 400;\">At night, an Indigenous immigrant who had broken his leg and has iron implanted, was referred to the General Hospital of Roraima for evaluation by the orthopedist. <\/span><\/p>\n<h3 class=\"western\" style=\"text-align: justify;\" align=\"JUSTIFY\"><b>October 20, Friday<\/b><\/h3>\n<div id=\"attachment_67413\" style=\"width: 310px\" class=\"wp-caption alignright\"><a href=\"https:\/\/www.fraterinternacional.org\/wp-content\/uploads\/2017\/11\/roraima_missao_atendimento_curativo_crianca_10_2017.jpg\"><img decoding=\"async\" aria-describedby=\"caption-attachment-67413\" class=\"wp-image-67413 size-medium\" src=\"https:\/\/www.fraterinternacional.org\/wp-content\/uploads\/2017\/11\/roraima_missao_atendimento_curativo_crianca_10_2017-300x248.jpg\" alt=\"\" width=\"300\" height=\"248\" srcset=\"https:\/\/www.fraterinternacional.org\/wp-content\/uploads\/2017\/11\/roraima_missao_atendimento_curativo_crianca_10_2017-200x166.jpg 200w, https:\/\/www.fraterinternacional.org\/wp-content\/uploads\/2017\/11\/roraima_missao_atendimento_curativo_crianca_10_2017-300x248.jpg 300w, https:\/\/www.fraterinternacional.org\/wp-content\/uploads\/2017\/11\/roraima_missao_atendimento_curativo_crianca_10_2017.jpg 400w\" sizes=\"(max-width: 300px) 100vw, 300px\" \/><\/a><p id=\"caption-attachment-67413\" class=\"wp-caption-text\">Bandage in a child<\/p><\/div>\n<p style=\"text-align: justify;\"><span style=\"font-weight: 400;\">During the morning, guidance was imparted to the families in the shelter about the importance of daily brushing the teeth.<\/span><\/p>\n<p style=\"text-align: justify;\"><span style=\"font-weight: 400;\">\u201cSome children came smiling and showed their teeth and brushed when we were passing\u201d, said Alexandrina, a missionary of the Fraternidade.<\/span><\/p>\n<p style=\"text-align: justify;\"><span style=\"font-weight: 400;\">Missionaries of the Fraternidade went to the Setrabes to make a registry of a stand in the Artisanship Fair that takes place on Saturdays and Sundays in the Anau\u00e1 Park, in the city of Boa Vista. With the stand, the Waraos will be able to exhibit their crafts in the Fair.<\/span><\/p>\n<p style=\"text-align: justify;\"><span style=\"font-weight: 400;\">Children were identified with fever and other symptoms of chickenpox.<\/span><\/p>\n<p style=\"text-align: justify;\"><span style=\"font-weight: 400;\">Two seropositive Indigenous men were taken to hospital for tests and consultations.<\/span><\/p>\n<p style=\"text-align: justify;\"><span style=\"font-weight: 400;\">Enrollment files were made for each one of the participants in the artisanship workshop.<\/span><\/p>\n<p style=\"text-align: justify;\"><span style=\"font-weight: 400;\">Another two improvised and old huts were dismantled, which were being used by the immigrants who wee in the gymnasium.<\/span><\/p>\n<h3 class=\"western\" style=\"text-align: justify;\" align=\"JUSTIFY\"><b>October 21, Saturday<\/b><\/h3>\n<p style=\"text-align: justify;\"><span style=\"font-weight: 400;\">Reception of a Venezuelan immigrant who was discharged from hospital.<\/span><\/p>\n<p style=\"text-align: justify;\"><span style=\"font-weight: 400;\">Production of artisan pieces that will be exhibited in an event in November.<\/span><\/p>\n<p style=\"text-align: justify;\"><span style=\"font-weight: 400;\">Choir rehearsal in the new place of the Nucleus-of-Light of Roraima.<\/span><\/p>\n<h3 class=\"western\" style=\"text-align: justify;\" align=\"JUSTIFY\"><b>October 22, Sunday<\/b><\/h3>\n<div id=\"attachment_67429\" style=\"width: 310px\" class=\"wp-caption alignleft\"><a href=\"https:\/\/www.fraterinternacional.org\/wp-content\/uploads\/2017\/11\/roraima_missao_doacoes_higiene_10_2017.jpg\"><img decoding=\"async\" aria-describedby=\"caption-attachment-67429\" class=\"wp-image-67429 size-medium\" src=\"https:\/\/www.fraterinternacional.org\/wp-content\/uploads\/2017\/11\/roraima_missao_doacoes_higiene_10_2017-300x169.jpg\" alt=\"\" width=\"300\" height=\"169\" srcset=\"https:\/\/www.fraterinternacional.org\/wp-content\/uploads\/2017\/11\/roraima_missao_doacoes_higiene_10_2017-200x112.jpg 200w, https:\/\/www.fraterinternacional.org\/wp-content\/uploads\/2017\/11\/roraima_missao_doacoes_higiene_10_2017-300x169.jpg 300w, https:\/\/www.fraterinternacional.org\/wp-content\/uploads\/2017\/11\/roraima_missao_doacoes_higiene_10_2017-400x225.jpg 400w, https:\/\/www.fraterinternacional.org\/wp-content\/uploads\/2017\/11\/roraima_missao_doacoes_higiene_10_2017-600x337.jpg 600w, https:\/\/www.fraterinternacional.org\/wp-content\/uploads\/2017\/11\/roraima_missao_doacoes_higiene_10_2017.jpg 690w\" sizes=\"(max-width: 300px) 100vw, 300px\" \/><\/a><p id=\"caption-attachment-67429\" class=\"wp-caption-text\">Donation of personal hygiene items<\/p><\/div>\n<p style=\"text-align: justify;\"><span style=\"font-weight: 400;\">Bandages and nail trimming for children were made.<\/span><\/p>\n<p style=\"text-align: justify;\"><span style=\"font-weight: 400;\">In the office of the Fraternidade in Roraima, missionaries did the loading and transportation of a great amount of personal hygiene material. All the material was unloaded and distributed in a group service conducted in the CRI.<\/span><\/p>\n<p style=\"text-align: justify;\"><span style=\"font-weight: 400;\">The material was given according to the number of people of each Warao family. For the non-Indigenous immigrants, individual kits were aseembled.<\/span><\/p>\n<p style=\"text-align: justify;\"><span style=\"font-weight: 400;\">At night, a general meeting of the Mission was held, with all missionaries in Boa Vista.<\/span><\/p>\n<h3 class=\"western\" style=\"text-align: justify;\" align=\"JUSTIFY\"><b>Press<\/b><\/h3>\n<p class=\"western\" style=\"text-align: justify;\" align=\"JUSTIFY\"><span style=\"font-weight: 400;\">During the week, teams of reporters were in the CRI to pick information. On the 16<\/span><span style=\"font-weight: 400;\">th<\/span><span style=\"font-weight: 400;\">, Bandeirantes TV made an interview with an Indigenous person in the shelter. On the 18<\/span><span style=\"font-weight: 400;\">th<\/span><span style=\"font-weight: 400;\">, it was the turn of Boa Vista TV, which interviewed several immigrants, and of the Newspaper Em Tempo, which made reports about the improvements that have taken place in the CRI.<\/span><\/p>\n<div id=\"attachment_67435\" style=\"width: 252px\" class=\"wp-caption alignright\"><a href=\"https:\/\/www.fraterinternacional.org\/wp-content\/uploads\/2017\/11\/roraima_missao_padaria_10_2017.jpg\"><img decoding=\"async\" aria-describedby=\"caption-attachment-67435\" class=\"wp-image-67435\" src=\"https:\/\/www.fraterinternacional.org\/wp-content\/uploads\/2017\/11\/roraima_missao_padaria_10_2017-300x261.jpg\" alt=\"\" width=\"242\" height=\"211\" srcset=\"https:\/\/www.fraterinternacional.org\/wp-content\/uploads\/2017\/11\/roraima_missao_padaria_10_2017-200x174.jpg 200w, https:\/\/www.fraterinternacional.org\/wp-content\/uploads\/2017\/11\/roraima_missao_padaria_10_2017-300x261.jpg 300w, https:\/\/www.fraterinternacional.org\/wp-content\/uploads\/2017\/11\/roraima_missao_padaria_10_2017.jpg 400w\" sizes=\"(max-width: 242px) 100vw, 242px\" \/><\/a><p id=\"caption-attachment-67435\" class=\"wp-caption-text\">Group at the bakery<\/p><\/div>\n<h3 class=\"western\" style=\"text-align: justify;\" align=\"JUSTIFY\"><b>Bakery<\/b><\/h3>\n<p class=\"western\" style=\"text-align: justify;\" align=\"JUSTIFY\"><span style=\"font-weight: 400;\">Some immigrants were selected and, during all weekdays, participated in the activities in the bakery of the Integrated Center of Attention to the Disabled Person, in the making of bread for the CRI. On the 16<\/span><span style=\"font-weight: 400;\">th<\/span><span style=\"font-weight: 400;\">, two immigrants of the Warao ethnic group were taken for the first time to participate in the activity. The use of caps and aprons, hand washing, and how to open and close taps were shown. The taps were different from the ones they knew<\/span><\/p>\n<h3 style=\"text-align: center;\" align=\"JUSTIFY\">\u27e3<\/h3>\n\n\t\t<style type=\"text\/css\">\n\t\t\t#gallery-1 {\n\t\t\t\tmargin: auto;\n\t\t\t}\n\t\t\t#gallery-1 .gallery-item {\n\t\t\t\tfloat: left;\n\t\t\t\tmargin-top: 10px;\n\t\t\t\ttext-align: center;\n\t\t\t\twidth: 33%;\n\t\t\t}\n\t\t\t#gallery-1 img {\n\t\t\t\tborder: 2px solid #cfcfcf;\n\t\t\t}\n\t\t\t#gallery-1 .gallery-caption {\n\t\t\t\tmargin-left: 0;\n\t\t\t}\n\t\t\t\/* see gallery_shortcode() in wp-includes\/media.php *\/\n\t\t<\/style>\n\t\t<div id='gallery-1' class='gallery galleryid-67805 gallery-columns-3 gallery-size-medium'><dl class='gallery-item'>\n\t\t\t<dt class='gallery-icon landscape'>\n\t\t\t\t<a data-rel=\"iLightbox[postimages]\" data-title=\"roraima_missao_chegada_doacoes_10_2017\" data-caption=\"Arrival of donations\" href='https:\/\/www.fraterinternacional.org\/wp-content\/uploads\/2017\/11\/roraima_missao_chegada_doacoes_10_2017.jpg'><img decoding=\"async\" width=\"300\" height=\"169\" src=\"https:\/\/www.fraterinternacional.org\/wp-content\/uploads\/2017\/11\/roraima_missao_chegada_doacoes_10_2017-300x169.jpg\" class=\"attachment-medium size-medium\" alt=\"\" aria-describedby=\"gallery-1-67424\" srcset=\"https:\/\/www.fraterinternacional.org\/wp-content\/uploads\/2017\/11\/roraima_missao_chegada_doacoes_10_2017-200x112.jpg 200w, https:\/\/www.fraterinternacional.org\/wp-content\/uploads\/2017\/11\/roraima_missao_chegada_doacoes_10_2017-300x169.jpg 300w, https:\/\/www.fraterinternacional.org\/wp-content\/uploads\/2017\/11\/roraima_missao_chegada_doacoes_10_2017-400x225.jpg 400w, https:\/\/www.fraterinternacional.org\/wp-content\/uploads\/2017\/11\/roraima_missao_chegada_doacoes_10_2017-600x337.jpg 600w, https:\/\/www.fraterinternacional.org\/wp-content\/uploads\/2017\/11\/roraima_missao_chegada_doacoes_10_2017.jpg 690w\" sizes=\"(max-width: 300px) 100vw, 300px\" \/><\/a>\n\t\t\t<\/dt>\n\t\t\t\t<dd class='wp-caption-text gallery-caption' id='gallery-1-67424'>\n\t\t\t\tArrival of donations\n\t\t\t\t<\/dd><\/dl><dl class='gallery-item'>\n\t\t\t<dt class='gallery-icon landscape'>\n\t\t\t\t<a data-rel=\"iLightbox[postimages]\" data-title=\"roraima_missao_doacoes_2higiene_10_2017\" data-caption=\"Distribution of personal hygiene items\" href='https:\/\/www.fraterinternacional.org\/wp-content\/uploads\/2017\/11\/roraima_missao_doacoes_2higiene_10_2017.jpg'><img decoding=\"async\" width=\"300\" height=\"169\" src=\"https:\/\/www.fraterinternacional.org\/wp-content\/uploads\/2017\/11\/roraima_missao_doacoes_2higiene_10_2017-300x169.jpg\" class=\"attachment-medium size-medium\" alt=\"\" aria-describedby=\"gallery-1-67427\" srcset=\"https:\/\/www.fraterinternacional.org\/wp-content\/uploads\/2017\/11\/roraima_missao_doacoes_2higiene_10_2017-200x112.jpg 200w, https:\/\/www.fraterinternacional.org\/wp-content\/uploads\/2017\/11\/roraima_missao_doacoes_2higiene_10_2017-300x169.jpg 300w, https:\/\/www.fraterinternacional.org\/wp-content\/uploads\/2017\/11\/roraima_missao_doacoes_2higiene_10_2017-400x225.jpg 400w, https:\/\/www.fraterinternacional.org\/wp-content\/uploads\/2017\/11\/roraima_missao_doacoes_2higiene_10_2017-600x337.jpg 600w, https:\/\/www.fraterinternacional.org\/wp-content\/uploads\/2017\/11\/roraima_missao_doacoes_2higiene_10_2017.jpg 690w\" sizes=\"(max-width: 300px) 100vw, 300px\" \/><\/a>\n\t\t\t<\/dt>\n\t\t\t\t<dd class='wp-caption-text gallery-caption' id='gallery-1-67427'>\n\t\t\t\tDistribution of personal hygiene items\n\t\t\t\t<\/dd><\/dl><dl class='gallery-item'>\n\t\t\t<dt class='gallery-icon landscape'>\n\t\t\t\t<a data-rel=\"iLightbox[postimages]\" data-title=\"roraima_missao_missionaria_encontro_df_10_2017\" data-caption=\"Participation in meeting\" href='https:\/\/www.fraterinternacional.org\/wp-content\/uploads\/2017\/11\/roraima_missao_missionaria_encontro_df_10_2017.jpg'><img decoding=\"async\" width=\"300\" height=\"169\" src=\"https:\/\/www.fraterinternacional.org\/wp-content\/uploads\/2017\/11\/roraima_missao_missionaria_encontro_df_10_2017-300x169.jpg\" class=\"attachment-medium size-medium\" alt=\"\" aria-describedby=\"gallery-1-67433\" srcset=\"https:\/\/www.fraterinternacional.org\/wp-content\/uploads\/2017\/11\/roraima_missao_missionaria_encontro_df_10_2017-200x112.jpg 200w, https:\/\/www.fraterinternacional.org\/wp-content\/uploads\/2017\/11\/roraima_missao_missionaria_encontro_df_10_2017-300x169.jpg 300w, https:\/\/www.fraterinternacional.org\/wp-content\/uploads\/2017\/11\/roraima_missao_missionaria_encontro_df_10_2017-400x225.jpg 400w, https:\/\/www.fraterinternacional.org\/wp-content\/uploads\/2017\/11\/roraima_missao_missionaria_encontro_df_10_2017-600x337.jpg 600w, https:\/\/www.fraterinternacional.org\/wp-content\/uploads\/2017\/11\/roraima_missao_missionaria_encontro_df_10_2017.jpg 690w\" sizes=\"(max-width: 300px) 100vw, 300px\" \/><\/a>\n\t\t\t<\/dt>\n\t\t\t\t<dd class='wp-caption-text gallery-caption' id='gallery-1-67433'>\n\t\t\t\tParticipation in meeting\n\t\t\t\t<\/dd><\/dl><br style=\"clear: both\" \/><dl class='gallery-item'>\n\t\t\t<dt class='gallery-icon landscape'>\n\t\t\t\t<a data-rel=\"iLightbox[postimages]\" data-title=\"roraima_missao_anoitecer_abrigo_10_2017\" data-caption=\"Dusk in the CRI\" href='https:\/\/www.fraterinternacional.org\/wp-content\/uploads\/2017\/11\/roraima_missao_anoitecer_abrigo_10_2017.jpg'><img decoding=\"async\" width=\"300\" height=\"169\" src=\"https:\/\/www.fraterinternacional.org\/wp-content\/uploads\/2017\/11\/roraima_missao_anoitecer_abrigo_10_2017-300x169.jpg\" class=\"attachment-medium size-medium\" alt=\"\" aria-describedby=\"gallery-1-67405\" srcset=\"https:\/\/www.fraterinternacional.org\/wp-content\/uploads\/2017\/11\/roraima_missao_anoitecer_abrigo_10_2017-200x112.jpg 200w, https:\/\/www.fraterinternacional.org\/wp-content\/uploads\/2017\/11\/roraima_missao_anoitecer_abrigo_10_2017-300x169.jpg 300w, https:\/\/www.fraterinternacional.org\/wp-content\/uploads\/2017\/11\/roraima_missao_anoitecer_abrigo_10_2017-400x225.jpg 400w, https:\/\/www.fraterinternacional.org\/wp-content\/uploads\/2017\/11\/roraima_missao_anoitecer_abrigo_10_2017-600x337.jpg 600w, https:\/\/www.fraterinternacional.org\/wp-content\/uploads\/2017\/11\/roraima_missao_anoitecer_abrigo_10_2017.jpg 690w\" sizes=\"(max-width: 300px) 100vw, 300px\" \/><\/a>\n\t\t\t<\/dt>\n\t\t\t\t<dd class='wp-caption-text gallery-caption' id='gallery-1-67405'>\n\t\t\t\tDusk in the CRI\n\t\t\t\t<\/dd><\/dl><dl class='gallery-item'>\n\t\t\t<dt class='gallery-icon landscape'>\n\t\t\t\t<a data-rel=\"iLightbox[postimages]\" data-title=\"roraima_missao_reuniao_nucleo_freis_10_2017\" data-caption=\"Meeting of the mission\" href='https:\/\/www.fraterinternacional.org\/wp-content\/uploads\/2017\/11\/roraima_missao_reuniao_nucleo_freis_10_2017.jpg'><img decoding=\"async\" width=\"300\" height=\"169\" src=\"https:\/\/www.fraterinternacional.org\/wp-content\/uploads\/2017\/11\/roraima_missao_reuniao_nucleo_freis_10_2017-300x169.jpg\" class=\"attachment-medium size-medium\" alt=\"\" aria-describedby=\"gallery-1-67446\" srcset=\"https:\/\/www.fraterinternacional.org\/wp-content\/uploads\/2017\/11\/roraima_missao_reuniao_nucleo_freis_10_2017-200x112.jpg 200w, https:\/\/www.fraterinternacional.org\/wp-content\/uploads\/2017\/11\/roraima_missao_reuniao_nucleo_freis_10_2017-300x169.jpg 300w, https:\/\/www.fraterinternacional.org\/wp-content\/uploads\/2017\/11\/roraima_missao_reuniao_nucleo_freis_10_2017-400x225.jpg 400w, https:\/\/www.fraterinternacional.org\/wp-content\/uploads\/2017\/11\/roraima_missao_reuniao_nucleo_freis_10_2017-600x337.jpg 600w, https:\/\/www.fraterinternacional.org\/wp-content\/uploads\/2017\/11\/roraima_missao_reuniao_nucleo_freis_10_2017.jpg 690w\" sizes=\"(max-width: 300px) 100vw, 300px\" \/><\/a>\n\t\t\t<\/dt>\n\t\t\t\t<dd class='wp-caption-text gallery-caption' id='gallery-1-67446'>\n\t\t\t\tMeeting of the mission\n\t\t\t\t<\/dd><\/dl><dl class='gallery-item'>\n\t\t\t<dt class='gallery-icon landscape'>\n\t\t\t\t<a data-rel=\"iLightbox[postimages]\" data-title=\"roraima_missao_reuniao_nucleo_2_quinzena_10_2017\" data-caption=\"\" href='https:\/\/www.fraterinternacional.org\/wp-content\/uploads\/2017\/11\/roraima_missao_reuniao_nucleo_2_quinzena_10_2017.jpg'><img decoding=\"async\" width=\"300\" height=\"169\" src=\"https:\/\/www.fraterinternacional.org\/wp-content\/uploads\/2017\/11\/roraima_missao_reuniao_nucleo_2_quinzena_10_2017-300x169.jpg\" class=\"attachment-medium size-medium\" alt=\"\" srcset=\"https:\/\/www.fraterinternacional.org\/wp-content\/uploads\/2017\/11\/roraima_missao_reuniao_nucleo_2_quinzena_10_2017-200x112.jpg 200w, https:\/\/www.fraterinternacional.org\/wp-content\/uploads\/2017\/11\/roraima_missao_reuniao_nucleo_2_quinzena_10_2017-300x169.jpg 300w, https:\/\/www.fraterinternacional.org\/wp-content\/uploads\/2017\/11\/roraima_missao_reuniao_nucleo_2_quinzena_10_2017-400x225.jpg 400w, https:\/\/www.fraterinternacional.org\/wp-content\/uploads\/2017\/11\/roraima_missao_reuniao_nucleo_2_quinzena_10_2017-600x337.jpg 600w, https:\/\/www.fraterinternacional.org\/wp-content\/uploads\/2017\/11\/roraima_missao_reuniao_nucleo_2_quinzena_10_2017.jpg 690w\" sizes=\"(max-width: 300px) 100vw, 300px\" \/><\/a>\n\t\t\t<\/dt><\/dl><br style=\"clear: both\" \/><dl class='gallery-item'>\n\t\t\t<dt class='gallery-icon landscape'>\n\t\t\t\t<a data-rel=\"iLightbox[postimages]\" data-title=\"roraima_missao_barracas_nao_indigenas_10_2017\" data-caption=\"Tents of the non-Indigenous sector\" href='https:\/\/www.fraterinternacional.org\/wp-content\/uploads\/2017\/11\/roraima_missao_barracas_nao_indigenas_10_2017.jpg'><img decoding=\"async\" width=\"300\" height=\"169\" src=\"https:\/\/www.fraterinternacional.org\/wp-content\/uploads\/2017\/11\/roraima_missao_barracas_nao_indigenas_10_2017-300x169.jpg\" class=\"attachment-medium size-medium\" alt=\"\" aria-describedby=\"gallery-1-67421\" srcset=\"https:\/\/www.fraterinternacional.org\/wp-content\/uploads\/2017\/11\/roraima_missao_barracas_nao_indigenas_10_2017-200x112.jpg 200w, https:\/\/www.fraterinternacional.org\/wp-content\/uploads\/2017\/11\/roraima_missao_barracas_nao_indigenas_10_2017-300x169.jpg 300w, https:\/\/www.fraterinternacional.org\/wp-content\/uploads\/2017\/11\/roraima_missao_barracas_nao_indigenas_10_2017-400x225.jpg 400w, https:\/\/www.fraterinternacional.org\/wp-content\/uploads\/2017\/11\/roraima_missao_barracas_nao_indigenas_10_2017-600x337.jpg 600w, https:\/\/www.fraterinternacional.org\/wp-content\/uploads\/2017\/11\/roraima_missao_barracas_nao_indigenas_10_2017.jpg 690w\" sizes=\"(max-width: 300px) 100vw, 300px\" \/><\/a>\n\t\t\t<\/dt>\n\t\t\t\t<dd class='wp-caption-text gallery-caption' id='gallery-1-67421'>\n\t\t\t\tTents of the non-Indigenous sector\n\t\t\t\t<\/dd><\/dl><dl class='gallery-item'>\n\t\t\t<dt class='gallery-icon landscape'>\n\t\t\t\t<a data-rel=\"iLightbox[postimages]\" data-title=\"roraima_missao_portao_pedestre_10_2017\" data-caption=\"Gate for pedestrians\" href='https:\/\/www.fraterinternacional.org\/wp-content\/uploads\/2017\/11\/roraima_missao_portao_pedestre_10_2017.jpg'><img decoding=\"async\" width=\"300\" height=\"225\" src=\"https:\/\/www.fraterinternacional.org\/wp-content\/uploads\/2017\/11\/roraima_missao_portao_pedestre_10_2017-300x225.jpg\" class=\"attachment-medium size-medium\" alt=\"\" aria-describedby=\"gallery-1-67440\" srcset=\"https:\/\/www.fraterinternacional.org\/wp-content\/uploads\/2017\/11\/roraima_missao_portao_pedestre_10_2017-200x150.jpg 200w, https:\/\/www.fraterinternacional.org\/wp-content\/uploads\/2017\/11\/roraima_missao_portao_pedestre_10_2017-300x225.jpg 300w, https:\/\/www.fraterinternacional.org\/wp-content\/uploads\/2017\/11\/roraima_missao_portao_pedestre_10_2017.jpg 400w\" sizes=\"(max-width: 300px) 100vw, 300px\" \/><\/a>\n\t\t\t<\/dt>\n\t\t\t\t<dd class='wp-caption-text gallery-caption' id='gallery-1-67440'>\n\t\t\t\tGate for pedestrians\n\t\t\t\t<\/dd><\/dl><dl class='gallery-item'>\n\t\t\t<dt class='gallery-icon landscape'>\n\t\t\t\t<a data-rel=\"iLightbox[postimages]\" data-title=\"roraima_missao_artesanato_buriti_10_2017\" data-caption=\"Artisanship with buriti straw\" href='https:\/\/www.fraterinternacional.org\/wp-content\/uploads\/2017\/11\/roraima_missao_artesanato_buriti_10_2017.jpg'><img decoding=\"async\" width=\"300\" height=\"264\" src=\"https:\/\/www.fraterinternacional.org\/wp-content\/uploads\/2017\/11\/roraima_missao_artesanato_buriti_10_2017-300x264.jpg\" class=\"attachment-medium size-medium\" alt=\"\" aria-describedby=\"gallery-1-67411\" srcset=\"https:\/\/www.fraterinternacional.org\/wp-content\/uploads\/2017\/11\/roraima_missao_artesanato_buriti_10_2017-200x176.jpg 200w, https:\/\/www.fraterinternacional.org\/wp-content\/uploads\/2017\/11\/roraima_missao_artesanato_buriti_10_2017-300x264.jpg 300w, https:\/\/www.fraterinternacional.org\/wp-content\/uploads\/2017\/11\/roraima_missao_artesanato_buriti_10_2017.jpg 400w\" sizes=\"(max-width: 300px) 100vw, 300px\" \/><\/a>\n\t\t\t<\/dt>\n\t\t\t\t<dd class='wp-caption-text gallery-caption' id='gallery-1-67411'>\n\t\t\t\tArtisanship with buriti straw\n\t\t\t\t<\/dd><\/dl><br style=\"clear: both\" \/>\n\t\t<\/div>\n\n","protected":false},"excerpt":{"rendered":"<p>October 16 to 22, Monday to Sunday October 16, Monday Personal referral of seropositive Indigenous person to laboratory to take [&hellip;]<\/p>\n","protected":false},"author":11,"featured_media":67430,"comment_status":"closed","ping_status":"closed","sticky":false,"template":"","format":"standard","meta":{"footnotes":""},"categories":[150,107],"tags":[228,100,3376],"class_list":["post-67805","post","type-post","status-publish","format-standard","has-post-thumbnail","hentry","category-news","category-news-of-the-missions","tag-diary","tag-humanitarian-service","tag-missao-roraima-humanitaria-en"],"yoast_head":"<!-- This site is optimized with the Yoast SEO Premium plugin v21.0 (Yoast SEO v21.0) - https:\/\/yoast.com\/wordpress\/plugins\/seo\/ -->\n<title>Humanitarian Roraima Mission in Boa Vista \u2013 reception and distribution of donations<\/title>\n<meta name=\"description\" content=\"During the week, donations were distributed, medical services rendered, artisanship and bakery activities conducted.\" \/>\n<meta name=\"robots\" content=\"index, follow, max-snippet:-1, max-image-preview:large, max-video-preview:-1\" \/>\n<link rel=\"canonical\" href=\"https:\/\/www.fraterinternacional.org\/en\/humanitarian-roraima-mission-boa-vista-reception-distribution-donations\/\" \/>\n<meta property=\"og:locale\" content=\"en_US\" \/>\n<meta property=\"og:type\" content=\"article\" \/>\n<meta property=\"og:title\" content=\"Humanitarian Roraima Mission in Boa Vista \u2013 reception and distribution of donations\" \/>\n<meta property=\"og:description\" content=\"During the week, donations were distributed, medical services rendered, artisanship and bakery activities conducted.\" \/>\n<meta property=\"og:url\" content=\"https:\/\/www.fraterinternacional.org\/en\/humanitarian-roraima-mission-boa-vista-reception-distribution-donations\/\" \/>\n<meta property=\"og:site_name\" content=\"Fraternidade - Federa\u00e7\u00e3o Humanit\u00e1ria Internacional\" \/>\n<meta property=\"article:publisher\" content=\"https:\/\/www.facebook.com\/fraternidadehumanitaria\" \/>\n<meta property=\"article:published_time\" content=\"2017-11-17T15:56:52+00:00\" \/>\n<meta property=\"og:image\" content=\"https:\/\/www.fraterinternacional.org\/wp-content\/uploads\/2017\/11\/roraima_missao_doacoes_higiene_10_2017.jpg\" \/>\n\t<meta property=\"og:image:width\" content=\"690\" \/>\n\t<meta property=\"og:image:height\" content=\"388\" \/>\n\t<meta property=\"og:image:type\" content=\"image\/jpeg\" \/>\n<meta name=\"author\" content=\"Nelson Frater\" \/>\n<meta name=\"twitter:card\" content=\"summary_large_image\" \/>\n<meta name=\"twitter:creator\" content=\"@fraternidadeFHI\" \/>\n<meta name=\"twitter:site\" content=\"@fraternidadeFHI\" \/>\n<meta name=\"twitter:label1\" content=\"Written by\" \/>\n\t<meta name=\"twitter:data1\" content=\"Nelson Frater\" \/>\n\t<meta name=\"twitter:label2\" content=\"Est. reading time\" \/>\n\t<meta name=\"twitter:data2\" content=\"6 minutes\" \/>\n<script type=\"application\/ld+json\" class=\"yoast-schema-graph\">{\"@context\":\"https:\/\/schema.org\",\"@graph\":[{\"@type\":\"WebPage\",\"@id\":\"https:\/\/www.fraterinternacional.org\/en\/humanitarian-roraima-mission-boa-vista-reception-distribution-donations\/\",\"url\":\"https:\/\/www.fraterinternacional.org\/en\/humanitarian-roraima-mission-boa-vista-reception-distribution-donations\/\",\"name\":\"Humanitarian Roraima Mission in Boa Vista \u2013 reception and distribution of donations\",\"isPartOf\":{\"@id\":\"https:\/\/www.fraterinternacional.org\/es\/#website\"},\"datePublished\":\"2017-11-17T15:56:52+00:00\",\"dateModified\":\"2017-11-17T15:56:52+00:00\",\"author\":{\"@id\":\"https:\/\/www.fraterinternacional.org\/es\/#\/schema\/person\/facd24ae5f7e6b4ee1aeec7ad1b960ae\"},\"description\":\"During the week, donations were distributed, medical services rendered, artisanship and bakery activities conducted.\",\"breadcrumb\":{\"@id\":\"https:\/\/www.fraterinternacional.org\/en\/humanitarian-roraima-mission-boa-vista-reception-distribution-donations\/#breadcrumb\"},\"inLanguage\":\"en-US\",\"potentialAction\":[{\"@type\":\"ReadAction\",\"target\":[\"https:\/\/www.fraterinternacional.org\/en\/humanitarian-roraima-mission-boa-vista-reception-distribution-donations\/\"]}]},{\"@type\":\"BreadcrumbList\",\"@id\":\"https:\/\/www.fraterinternacional.org\/en\/humanitarian-roraima-mission-boa-vista-reception-distribution-donations\/#breadcrumb\",\"itemListElement\":[{\"@type\":\"ListItem\",\"position\":1,\"name\":\"In\u00edcio\",\"item\":\"https:\/\/www.fraterinternacional.org\/en\/\"},{\"@type\":\"ListItem\",\"position\":2,\"name\":\"Humanitarian Roraima Mission in Boa Vista \u2013 reception and distribution of donations\"}]},{\"@type\":\"WebSite\",\"@id\":\"https:\/\/www.fraterinternacional.org\/es\/#website\",\"url\":\"https:\/\/www.fraterinternacional.org\/es\/\",\"name\":\"Fraternidade - Federa\u00e7\u00e3o Humanit\u00e1ria Internacional\",\"description\":\"Fraternidade - Federa\u00e7\u00e3o Humanit\u00e1ria Internacional\",\"potentialAction\":[{\"@type\":\"SearchAction\",\"target\":{\"@type\":\"EntryPoint\",\"urlTemplate\":\"https:\/\/www.fraterinternacional.org\/es\/?s={search_term_string}\"},\"query-input\":\"required name=search_term_string\"}],\"inLanguage\":\"en-US\"},{\"@type\":\"Person\",\"@id\":\"https:\/\/www.fraterinternacional.org\/es\/#\/schema\/person\/facd24ae5f7e6b4ee1aeec7ad1b960ae\",\"name\":\"Nelson Frater\"}]}<\/script>\n<!-- \/ Yoast SEO Premium plugin. -->","yoast_head_json":{"title":"Humanitarian Roraima Mission in Boa Vista \u2013 reception and distribution of donations","description":"During the week, donations were distributed, medical services rendered, artisanship and bakery activities conducted.","robots":{"index":"index","follow":"follow","max-snippet":"max-snippet:-1","max-image-preview":"max-image-preview:large","max-video-preview":"max-video-preview:-1"},"canonical":"https:\/\/www.fraterinternacional.org\/en\/humanitarian-roraima-mission-boa-vista-reception-distribution-donations\/","og_locale":"en_US","og_type":"article","og_title":"Humanitarian Roraima Mission in Boa Vista \u2013 reception and distribution of donations","og_description":"During the week, donations were distributed, medical services rendered, artisanship and bakery activities conducted.","og_url":"https:\/\/www.fraterinternacional.org\/en\/humanitarian-roraima-mission-boa-vista-reception-distribution-donations\/","og_site_name":"Fraternidade - Federa\u00e7\u00e3o Humanit\u00e1ria Internacional","article_publisher":"https:\/\/www.facebook.com\/fraternidadehumanitaria","article_published_time":"2017-11-17T15:56:52+00:00","og_image":[{"width":690,"height":388,"url":"https:\/\/www.fraterinternacional.org\/wp-content\/uploads\/2017\/11\/roraima_missao_doacoes_higiene_10_2017.jpg","type":"image\/jpeg"}],"author":"Nelson Frater","twitter_card":"summary_large_image","twitter_creator":"@fraternidadeFHI","twitter_site":"@fraternidadeFHI","twitter_misc":{"Written by":"Nelson Frater","Est. reading time":"6 minutes"},"schema":{"@context":"https:\/\/schema.org","@graph":[{"@type":"WebPage","@id":"https:\/\/www.fraterinternacional.org\/en\/humanitarian-roraima-mission-boa-vista-reception-distribution-donations\/","url":"https:\/\/www.fraterinternacional.org\/en\/humanitarian-roraima-mission-boa-vista-reception-distribution-donations\/","name":"Humanitarian Roraima Mission in Boa Vista \u2013 reception and distribution of donations","isPartOf":{"@id":"https:\/\/www.fraterinternacional.org\/es\/#website"},"datePublished":"2017-11-17T15:56:52+00:00","dateModified":"2017-11-17T15:56:52+00:00","author":{"@id":"https:\/\/www.fraterinternacional.org\/es\/#\/schema\/person\/facd24ae5f7e6b4ee1aeec7ad1b960ae"},"description":"During the week, donations were distributed, medical services rendered, artisanship and bakery activities conducted.","breadcrumb":{"@id":"https:\/\/www.fraterinternacional.org\/en\/humanitarian-roraima-mission-boa-vista-reception-distribution-donations\/#breadcrumb"},"inLanguage":"en-US","potentialAction":[{"@type":"ReadAction","target":["https:\/\/www.fraterinternacional.org\/en\/humanitarian-roraima-mission-boa-vista-reception-distribution-donations\/"]}]},{"@type":"BreadcrumbList","@id":"https:\/\/www.fraterinternacional.org\/en\/humanitarian-roraima-mission-boa-vista-reception-distribution-donations\/#breadcrumb","itemListElement":[{"@type":"ListItem","position":1,"name":"In\u00edcio","item":"https:\/\/www.fraterinternacional.org\/en\/"},{"@type":"ListItem","position":2,"name":"Humanitarian Roraima Mission in Boa Vista \u2013 reception and distribution of donations"}]},{"@type":"WebSite","@id":"https:\/\/www.fraterinternacional.org\/es\/#website","url":"https:\/\/www.fraterinternacional.org\/es\/","name":"Fraternidade - Federa\u00e7\u00e3o Humanit\u00e1ria Internacional","description":"Fraternidade - Federa\u00e7\u00e3o Humanit\u00e1ria Internacional","potentialAction":[{"@type":"SearchAction","target":{"@type":"EntryPoint","urlTemplate":"https:\/\/www.fraterinternacional.org\/es\/?s={search_term_string}"},"query-input":"required name=search_term_string"}],"inLanguage":"en-US"},{"@type":"Person","@id":"https:\/\/www.fraterinternacional.org\/es\/#\/schema\/person\/facd24ae5f7e6b4ee1aeec7ad1b960ae","name":"Nelson Frater"}]}},"_links":{"self":[{"href":"https:\/\/www.fraterinternacional.org\/en\/wp-json\/wp\/v2\/posts\/67805"}],"collection":[{"href":"https:\/\/www.fraterinternacional.org\/en\/wp-json\/wp\/v2\/posts"}],"about":[{"href":"https:\/\/www.fraterinternacional.org\/en\/wp-json\/wp\/v2\/types\/post"}],"author":[{"embeddable":true,"href":"https:\/\/www.fraterinternacional.org\/en\/wp-json\/wp\/v2\/users\/11"}],"replies":[{"embeddable":true,"href":"https:\/\/www.fraterinternacional.org\/en\/wp-json\/wp\/v2\/comments?post=67805"}],"version-history":[{"count":0,"href":"https:\/\/www.fraterinternacional.org\/en\/wp-json\/wp\/v2\/posts\/67805\/revisions"}],"wp:featuredmedia":[{"embeddable":true,"href":"https:\/\/www.fraterinternacional.org\/en\/wp-json\/wp\/v2\/media\/67430"}],"wp:attachment":[{"href":"https:\/\/www.fraterinternacional.org\/en\/wp-json\/wp\/v2\/media?parent=67805"}],"wp:term":[{"taxonomy":"category","embeddable":true,"href":"https:\/\/www.fraterinternacional.org\/en\/wp-json\/wp\/v2\/categories?post=67805"},{"taxonomy":"post_tag","embeddable":true,"href":"https:\/\/www.fraterinternacional.org\/en\/wp-json\/wp\/v2\/tags?post=67805"}],"curies":[{"name":"wp","href":"https:\/\/api.w.org\/{rel}","templated":true}]}}