{"id":60971,"date":"2017-08-21T15:16:04","date_gmt":"2017-08-21T18:16:04","guid":{"rendered":"https:\/\/www.fraterinternacional.org\/?p=60971\/"},"modified":"2017-08-28T15:32:54","modified_gmt":"2017-08-28T18:32:54","slug":"fear-1-fear-human-being","status":"publish","type":"post","link":"https:\/\/www.fraterinternacional.org\/en\/fear-1-fear-human-being\/","title":{"rendered":"Fear 1 \u2013 Fear in the human being"},"content":{"rendered":"<p>Let us listen now to what Trigueirinho tells us concerning <em>fear<\/em>.<\/p>\n<div style=\"width: 720px;\" class=\"wp-video\"><!--[if lt IE 9]><script>document.createElement('video');<\/script><![endif]-->\n<video class=\"wp-video-shortcode\" id=\"video-60971-1\" width=\"720\" height=\"100\" preload=\"metadata\" controls=\"controls\"><source type=\"video\/mp4\" src=\"https:\/\/www.fraterinternacional.org\/wp-content\/uploads\/2017\/08\/imp_cur_17_08_21_medo_1_ser_humano_fra_con_tri_383_en.mp4?_=1\" \/><a href=\"https:\/\/www.fraterinternacional.org\/wp-content\/uploads\/2017\/08\/imp_cur_17_08_21_medo_1_ser_humano_fra_con_tri_383_en.mp4\">https:\/\/www.fraterinternacional.org\/wp-content\/uploads\/2017\/08\/imp_cur_17_08_21_medo_1_ser_humano_fra_con_tri_383_en.mp4<\/a><\/video><\/div>\n<h3 style=\"text-align: center;\"><strong>Fear in the human being<\/strong><\/h3>\n<p style=\"text-align: justify;\"><a href=\"https:\/\/www.fraterinternacional.org\/wp-content\/uploads\/2017\/06\/pen_17_06_16.jpg\"><img decoding=\"async\" class=\"alignleft wp-image-56499 size-medium\" src=\"https:\/\/www.fraterinternacional.org\/wp-content\/uploads\/2017\/06\/pen_17_06_16-300x169.jpg\" alt=\"\" width=\"300\" height=\"169\" srcset=\"https:\/\/www.fraterinternacional.org\/wp-content\/uploads\/2017\/06\/pen_17_06_16-200x112.jpg 200w, https:\/\/www.fraterinternacional.org\/wp-content\/uploads\/2017\/06\/pen_17_06_16-300x169.jpg 300w, https:\/\/www.fraterinternacional.org\/wp-content\/uploads\/2017\/06\/pen_17_06_16-400x225.jpg 400w, https:\/\/www.fraterinternacional.org\/wp-content\/uploads\/2017\/06\/pen_17_06_16-600x337.jpg 600w, https:\/\/www.fraterinternacional.org\/wp-content\/uploads\/2017\/06\/pen_17_06_16.jpg 690w\" sizes=\"(max-width: 300px) 100vw, 300px\" \/><\/a>Fear is a deeply rooted and striking feeling in the human soul, all the more so when it does not recognize its higher nature and still keeps polarized in the material planes of existence. Trigueirinho, in the <em>Gloss\u00e1rio Esot\u00e9rico\u00a0<\/em>(<em>Esoteric Lexikon <\/em>in free translation, page 284), instructs thus about fear:<\/p>\n<p><a href=\"#_ftnref1\" name=\"_ftn1\"><\/a><\/p>\n<h5 style=\"text-align: justify;\"><em>\u201cFear derives from influences of forces of the densest sublevels of the earthly astral level. While the person remains polarized in the material planes, they remain susceptible to this feeling. Subconscious fears are more numerous than the conscious and are directly or indirectly connected to fear of death, to attachments and to lack of understanding of the real nature of the being, which is immortal\u201d<\/em><\/h5>\n<p style=\"text-align: justify;\">This penetrating and dissuasive force of fear has become today a perverted agent of subliminal manipulation of human consciousness, very exploited for illicit and <em>involutionary<\/em> aims in our civilization, nevertheless fear has always accompanied the trajectory of humanity here on Earth.<\/p>\n<h3 style=\"text-align: center;\"><strong>Fear had its origin in the human being<\/strong><br \/>\n<strong> since he took on dense physical form<\/strong><\/h3>\n<p style=\"text-align: justify;\">Fear had its origin in the human being since he took on dense physical form in a remote past of our pre-history. The inhospitable conditions that the primitive human being had to face, on a geologically unstable planet in active process of physical consolidation, contributed for the vibrations of fear to infiltrate in the intimate sensitivity of its being. The matter of its bodies begin to be increasingly impregnated with the planet\u2019s dense and paralyzing forces.<\/p>\n<p style=\"text-align: justify;\">Cataclysms, violence, hunger, plagues, mutilating diseases, wars, super-human tensions, among so many other oppressive conditions that the human being experimented in its successive incarnations, influenced even its genetic inheritance and thus perpetuated themselves.<\/p>\n<h3 style=\"text-align: center;\"><strong>Some areas remained<\/strong><br \/>\n<strong> relatively free from this influence<\/strong><\/h3>\n<p style=\"text-align: justify;\">So fear pervades the matter of almost the whole of human physical structure, its cells, its organs and systems, its several liquid streams and especially its bones, which began to lodge those denser charges, which contributed, throughout time, for its greater densification. Some areas remained relatively free from this influence, such as all the area situated above the diaphragm, which, energetically, vibrates on more elevated levels, making it less vulnerable. As fear incorporated itself to human nature, it likewise altered the density of the subtle bodies, which went beyond the expected by the Creation, binding thus the human being still more firmly to the earth element and its influences, and, consequently, to the Planet Earth and its physical and material laws.<\/p>\n<h3 style=\"text-align: center;\"><strong>A kind of<\/strong><br \/>\n<strong> <em>organic-cell-molecular memory<\/em><\/strong><\/h3>\n<p style=\"text-align: justify;\">Today, the whole of this vast universe of vibrations, codes and information is, so to say, \u201crecorded\u201d in the subtle counterpart of the human nature, creating therein a kind of \u201c<em>organic-cell-molecular memory<\/em>\u201d, normally inaccessible to the consciousness, but which may be activated in special circumstances. For example, when vibrations of fear are liberated from this <em>cell memory<\/em> through internal or external interferences, its pure psychic content may invade the sphere of consciousness and reproduce in it the most varied manifestations, of different colors and intensities, as happens in the <em>Panic Syndrome<\/em>, which we will study in greater details in the <strong>Part 2<\/strong> of this study.<\/p>\n<p><strong>Audio<\/strong>: Irdin \u2013 <em>Conversas com (Talks with) Trigueirinho<\/em> n.383. From 0\u2019 05\u201d thru 1\u2019 47\u201d.<br \/>\n<a href=\"http:\/\/www.irdin.org.br\/acervo\/detalhes\/4649\" target=\"_blank\" rel=\"noopener\">http:\/\/www.irdin.org.br\/acervo\/detalhes\/4649<\/a><\/p>\n<h3 style=\"text-align: right;\"><strong>The theme of <em>Fear<\/em> will continue<\/strong><\/h3>\n<p>&nbsp;<\/p>\n<div class=\"fusion-aligncenter\"><a class=\"fusion-button button-3d button-small button-custom fusion-button-default button-1 fusion-button-default-span \" style=\"--button_accent_color:#ffffff;--button_accent_hover_color:#dedede;--button_border_hover_color:#dedede;--button_gradient_top_color:#d3b054;--button_gradient_bottom_color:#d3b054;--button_gradient_top_color_hover:#d3b054;--button_gradient_bottom_color_hover:#d3b054;\" target=\"_self\" href=\"https:\/\/www.fraterinternacional.org\/en\/category\/impulses-for-the-week\/cure\/\"><span class=\"fusion-button-text\">See All<\/span><\/a><\/div>\n<p>&nbsp;<\/p>\n","protected":false},"excerpt":{"rendered":"<p>Let us listen now to what Trigueirinho tells us concerning fear. Fear in the human being Fear is a deeply [&hellip;]<\/p>\n","protected":false},"author":8,"featured_media":55415,"comment_status":"closed","ping_status":"closed","sticky":false,"template":"","format":"standard","meta":{"footnotes":""},"categories":[3243],"tags":[3248],"class_list":["post-60971","post","type-post","status-publish","format-standard","has-post-thumbnail","hentry","category-impulses-for-the-week","tag-cure"],"yoast_head":"<!-- This site is optimized with the Yoast SEO Premium plugin v21.0 (Yoast SEO v21.0) - https:\/\/yoast.com\/wordpress\/plugins\/seo\/ -->\n<title>Fear 1 \u2013 Fear in the human being - Impulse for the week - Impulse Cure<\/title>\n<meta name=\"description\" content=\"Fear is a deeply rooted and striking feeling in the human soul,when it does not recognize its higher nature and still keeps polarized in the material planes\" \/>\n<meta name=\"robots\" content=\"index, follow, max-snippet:-1, max-image-preview:large, max-video-preview:-1\" \/>\n<link rel=\"canonical\" href=\"https:\/\/www.fraterinternacional.org\/en\/fear-1-fear-human-being\/\" \/>\n<meta property=\"og:locale\" content=\"en_US\" \/>\n<meta property=\"og:type\" content=\"article\" \/>\n<meta property=\"og:title\" content=\"Fear 1 \u2013 Fear in the human being\" \/>\n<meta property=\"og:description\" content=\"Fear is a deeply rooted and striking feeling in the human soul,when it does not recognize its higher nature and still keeps polarized in the material planes\" \/>\n<meta property=\"og:url\" content=\"https:\/\/www.fraterinternacional.org\/en\/fear-1-fear-human-being\/\" \/>\n<meta property=\"og:site_name\" content=\"Fraternidade - Federa\u00e7\u00e3o Humanit\u00e1ria Internacional\" \/>\n<meta property=\"article:publisher\" content=\"https:\/\/www.facebook.com\/fraternidadehumanitaria\" \/>\n<meta property=\"article:published_time\" content=\"2017-08-21T18:16:04+00:00\" \/>\n<meta property=\"article:modified_time\" content=\"2017-08-28T18:32:54+00:00\" \/>\n<meta property=\"og:image\" content=\"https:\/\/www.fraterinternacional.org\/wp-content\/uploads\/2017\/06\/pen_17_06_07.jpg\" \/>\n\t<meta property=\"og:image:width\" content=\"690\" \/>\n\t<meta property=\"og:image:height\" content=\"388\" \/>\n\t<meta property=\"og:image:type\" content=\"image\/jpeg\" \/>\n<meta name=\"author\" content=\"FFHI\" \/>\n<meta name=\"twitter:card\" content=\"summary_large_image\" \/>\n<meta name=\"twitter:creator\" content=\"@fraternidadeFHI\" \/>\n<meta name=\"twitter:site\" content=\"@fraternidadeFHI\" \/>\n<meta name=\"twitter:label1\" content=\"Written by\" \/>\n\t<meta name=\"twitter:data1\" content=\"FFHI\" \/>\n\t<meta name=\"twitter:label2\" content=\"Est. reading time\" \/>\n\t<meta name=\"twitter:data2\" content=\"3 minutes\" \/>\n<script type=\"application\/ld+json\" class=\"yoast-schema-graph\">{\"@context\":\"https:\/\/schema.org\",\"@graph\":[{\"@type\":\"WebPage\",\"@id\":\"https:\/\/www.fraterinternacional.org\/en\/fear-1-fear-human-being\/\",\"url\":\"https:\/\/www.fraterinternacional.org\/en\/fear-1-fear-human-being\/\",\"name\":\"Fear 1 \u2013 Fear in the human being - Impulse for the week - Impulse Cure\",\"isPartOf\":{\"@id\":\"https:\/\/www.fraterinternacional.org\/es\/#website\"},\"datePublished\":\"2017-08-21T18:16:04+00:00\",\"dateModified\":\"2017-08-28T18:32:54+00:00\",\"author\":{\"@id\":\"https:\/\/www.fraterinternacional.org\/es\/#\/schema\/person\/8fd7058ced8aa6a1995cc0feee75819f\"},\"description\":\"Fear is a deeply rooted and striking feeling in the human soul,when it does not recognize its higher nature and still keeps polarized in the material planes\",\"breadcrumb\":{\"@id\":\"https:\/\/www.fraterinternacional.org\/en\/fear-1-fear-human-being\/#breadcrumb\"},\"inLanguage\":\"en-US\",\"potentialAction\":[{\"@type\":\"ReadAction\",\"target\":[\"https:\/\/www.fraterinternacional.org\/en\/fear-1-fear-human-being\/\"]}]},{\"@type\":\"BreadcrumbList\",\"@id\":\"https:\/\/www.fraterinternacional.org\/en\/fear-1-fear-human-being\/#breadcrumb\",\"itemListElement\":[{\"@type\":\"ListItem\",\"position\":1,\"name\":\"In\u00edcio\",\"item\":\"https:\/\/www.fraterinternacional.org\/en\/\"},{\"@type\":\"ListItem\",\"position\":2,\"name\":\"Fear 1 \u2013 Fear in the human being\"}]},{\"@type\":\"WebSite\",\"@id\":\"https:\/\/www.fraterinternacional.org\/es\/#website\",\"url\":\"https:\/\/www.fraterinternacional.org\/es\/\",\"name\":\"Fraternidade - Federa\u00e7\u00e3o Humanit\u00e1ria Internacional\",\"description\":\"Fraternidade - Federa\u00e7\u00e3o Humanit\u00e1ria Internacional\",\"potentialAction\":[{\"@type\":\"SearchAction\",\"target\":{\"@type\":\"EntryPoint\",\"urlTemplate\":\"https:\/\/www.fraterinternacional.org\/es\/?s={search_term_string}\"},\"query-input\":\"required name=search_term_string\"}],\"inLanguage\":\"en-US\"},{\"@type\":\"Person\",\"@id\":\"https:\/\/www.fraterinternacional.org\/es\/#\/schema\/person\/8fd7058ced8aa6a1995cc0feee75819f\",\"name\":\"FFHI\"}]}<\/script>\n<!-- \/ Yoast SEO Premium plugin. -->","yoast_head_json":{"title":"Fear 1 \u2013 Fear in the human being - Impulse for the week - Impulse Cure","description":"Fear is a deeply rooted and striking feeling in the human soul,when it does not recognize its higher nature and still keeps polarized in the material planes","robots":{"index":"index","follow":"follow","max-snippet":"max-snippet:-1","max-image-preview":"max-image-preview:large","max-video-preview":"max-video-preview:-1"},"canonical":"https:\/\/www.fraterinternacional.org\/en\/fear-1-fear-human-being\/","og_locale":"en_US","og_type":"article","og_title":"Fear 1 \u2013 Fear in the human being","og_description":"Fear is a deeply rooted and striking feeling in the human soul,when it does not recognize its higher nature and still keeps polarized in the material planes","og_url":"https:\/\/www.fraterinternacional.org\/en\/fear-1-fear-human-being\/","og_site_name":"Fraternidade - Federa\u00e7\u00e3o Humanit\u00e1ria Internacional","article_publisher":"https:\/\/www.facebook.com\/fraternidadehumanitaria","article_published_time":"2017-08-21T18:16:04+00:00","article_modified_time":"2017-08-28T18:32:54+00:00","og_image":[{"width":690,"height":388,"url":"https:\/\/www.fraterinternacional.org\/wp-content\/uploads\/2017\/06\/pen_17_06_07.jpg","type":"image\/jpeg"}],"author":"FFHI","twitter_card":"summary_large_image","twitter_creator":"@fraternidadeFHI","twitter_site":"@fraternidadeFHI","twitter_misc":{"Written by":"FFHI","Est. reading time":"3 minutes"},"schema":{"@context":"https:\/\/schema.org","@graph":[{"@type":"WebPage","@id":"https:\/\/www.fraterinternacional.org\/en\/fear-1-fear-human-being\/","url":"https:\/\/www.fraterinternacional.org\/en\/fear-1-fear-human-being\/","name":"Fear 1 \u2013 Fear in the human being - Impulse for the week - Impulse Cure","isPartOf":{"@id":"https:\/\/www.fraterinternacional.org\/es\/#website"},"datePublished":"2017-08-21T18:16:04+00:00","dateModified":"2017-08-28T18:32:54+00:00","author":{"@id":"https:\/\/www.fraterinternacional.org\/es\/#\/schema\/person\/8fd7058ced8aa6a1995cc0feee75819f"},"description":"Fear is a deeply rooted and striking feeling in the human soul,when it does not recognize its higher nature and still keeps polarized in the material planes","breadcrumb":{"@id":"https:\/\/www.fraterinternacional.org\/en\/fear-1-fear-human-being\/#breadcrumb"},"inLanguage":"en-US","potentialAction":[{"@type":"ReadAction","target":["https:\/\/www.fraterinternacional.org\/en\/fear-1-fear-human-being\/"]}]},{"@type":"BreadcrumbList","@id":"https:\/\/www.fraterinternacional.org\/en\/fear-1-fear-human-being\/#breadcrumb","itemListElement":[{"@type":"ListItem","position":1,"name":"In\u00edcio","item":"https:\/\/www.fraterinternacional.org\/en\/"},{"@type":"ListItem","position":2,"name":"Fear 1 \u2013 Fear in the human being"}]},{"@type":"WebSite","@id":"https:\/\/www.fraterinternacional.org\/es\/#website","url":"https:\/\/www.fraterinternacional.org\/es\/","name":"Fraternidade - Federa\u00e7\u00e3o Humanit\u00e1ria Internacional","description":"Fraternidade - Federa\u00e7\u00e3o Humanit\u00e1ria Internacional","potentialAction":[{"@type":"SearchAction","target":{"@type":"EntryPoint","urlTemplate":"https:\/\/www.fraterinternacional.org\/es\/?s={search_term_string}"},"query-input":"required name=search_term_string"}],"inLanguage":"en-US"},{"@type":"Person","@id":"https:\/\/www.fraterinternacional.org\/es\/#\/schema\/person\/8fd7058ced8aa6a1995cc0feee75819f","name":"FFHI"}]}},"_links":{"self":[{"href":"https:\/\/www.fraterinternacional.org\/en\/wp-json\/wp\/v2\/posts\/60971"}],"collection":[{"href":"https:\/\/www.fraterinternacional.org\/en\/wp-json\/wp\/v2\/posts"}],"about":[{"href":"https:\/\/www.fraterinternacional.org\/en\/wp-json\/wp\/v2\/types\/post"}],"author":[{"embeddable":true,"href":"https:\/\/www.fraterinternacional.org\/en\/wp-json\/wp\/v2\/users\/8"}],"replies":[{"embeddable":true,"href":"https:\/\/www.fraterinternacional.org\/en\/wp-json\/wp\/v2\/comments?post=60971"}],"version-history":[{"count":0,"href":"https:\/\/www.fraterinternacional.org\/en\/wp-json\/wp\/v2\/posts\/60971\/revisions"}],"wp:featuredmedia":[{"embeddable":true,"href":"https:\/\/www.fraterinternacional.org\/en\/wp-json\/wp\/v2\/media\/55415"}],"wp:attachment":[{"href":"https:\/\/www.fraterinternacional.org\/en\/wp-json\/wp\/v2\/media?parent=60971"}],"wp:term":[{"taxonomy":"category","embeddable":true,"href":"https:\/\/www.fraterinternacional.org\/en\/wp-json\/wp\/v2\/categories?post=60971"},{"taxonomy":"post_tag","embeddable":true,"href":"https:\/\/www.fraterinternacional.org\/en\/wp-json\/wp\/v2\/tags?post=60971"}],"curies":[{"name":"wp","href":"https:\/\/api.w.org\/{rel}","templated":true}]}}