{"id":56960,"date":"2017-07-01T16:52:55","date_gmt":"2017-07-01T19:52:55","guid":{"rendered":"https:\/\/www.fraterinternacional.org\/?p=56960\/"},"modified":"2017-07-14T21:43:35","modified_gmt":"2017-07-15T00:43:35","slug":"ana-regina-launches-book-ensolarar-vidas-putting-lives-sun","status":"publish","type":"post","link":"https:\/\/www.fraterinternacional.org\/en\/ana-regina-launches-book-ensolarar-vidas-putting-lives-sun\/","title":{"rendered":"Ana Regina launches her book: \u201cEnsolarar Vidas\u201d (Putting lives under the sun)"},"content":{"rendered":"<p style=\"text-align: justify;\"><a href=\"https:\/\/www.fraterinternacional.org\/wp-content\/uploads\/2017\/06\/ensolarar_vidas_terceiro_libro_reinos_ana_regina_nogueira_09.jpg\"><img decoding=\"async\" class=\"size-medium wp-image-56755 alignright\" src=\"https:\/\/www.fraterinternacional.org\/wp-content\/uploads\/2017\/06\/ensolarar_vidas_terceiro_libro_reinos_ana_regina_nogueira_09-300x204.jpg\" alt=\"\" width=\"300\" height=\"204\" srcset=\"https:\/\/www.fraterinternacional.org\/wp-content\/uploads\/2017\/06\/ensolarar_vidas_terceiro_libro_reinos_ana_regina_nogueira_09-200x136.jpg 200w, https:\/\/www.fraterinternacional.org\/wp-content\/uploads\/2017\/06\/ensolarar_vidas_terceiro_libro_reinos_ana_regina_nogueira_09-300x204.jpg 300w, https:\/\/www.fraterinternacional.org\/wp-content\/uploads\/2017\/06\/ensolarar_vidas_terceiro_libro_reinos_ana_regina_nogueira_09-400x272.jpg 400w, https:\/\/www.fraterinternacional.org\/wp-content\/uploads\/2017\/06\/ensolarar_vidas_terceiro_libro_reinos_ana_regina_nogueira_09-600x409.jpg 600w, https:\/\/www.fraterinternacional.org\/wp-content\/uploads\/2017\/06\/ensolarar_vidas_terceiro_libro_reinos_ana_regina_nogueira_09.jpg 690w\" sizes=\"(max-width: 300px) 100vw, 300px\" \/><\/a><\/p>\n<p style=\"text-align: justify;\">Ana Regina Nogueira, the author of \u201cViver o\u00a0 Amor aos C\u00e3es\u201d (Living Love for Dogs\u201d and \u201cPor Que Ningu\u00e9m Me Disse Isso Antes? \u2013 Segredos de gente, bichos, plantas e pedras\u201d (Why Didn\u2019t Anybody Tell Me This Before? \u2013 Secrets of people, animals, plants and rocks) presents her third book \u201cEnsolarar Vidas\u201d (Putting lives under the sun\u201d) on Saturday, July 1. The launch will be in the city of S\u00e3o Louren\u00e7o, Minas Gerais, Brazil, beginning at 4 p.m., during the First Meeting of Animals Protectors from the South of Minas, which will take place in the school Imaculado Cora\u00e7\u00e3o de Maria (Rua Coronel Jos\u00e9 Justino, 532, Centro).<\/p>\n<h3>Published by Irdin Editora<\/h3>\n<p style=\"text-align: justify;\">The work, published by Irdin Editora, intends to show the example of a couple who, at a certain moment of their existence, decide to consecrate themselves completely to the care for the Kingdoms of Nature, abandoning the live they had been living in Belo Horizonte. \u201cThe book intends to become an invitation to serve God through the Kingdoms\u201d, informs Ana Regina.<\/p>\n<p style=\"text-align: justify;\"><a href=\"https:\/\/www.fraterinternacional.org\/wp-content\/uploads\/2017\/06\/ensolarar_vidas_terceiro_libro_reinos_ana_regina_nogueira_08.jpg\"><img decoding=\"async\" class=\"alignleft size-medium wp-image-56752\" src=\"https:\/\/www.fraterinternacional.org\/wp-content\/uploads\/2017\/06\/ensolarar_vidas_terceiro_libro_reinos_ana_regina_nogueira_08-300x216.jpg\" alt=\"\" width=\"300\" height=\"216\" srcset=\"https:\/\/www.fraterinternacional.org\/wp-content\/uploads\/2017\/06\/ensolarar_vidas_terceiro_libro_reinos_ana_regina_nogueira_08-200x144.jpg 200w, https:\/\/www.fraterinternacional.org\/wp-content\/uploads\/2017\/06\/ensolarar_vidas_terceiro_libro_reinos_ana_regina_nogueira_08-300x216.jpg 300w, https:\/\/www.fraterinternacional.org\/wp-content\/uploads\/2017\/06\/ensolarar_vidas_terceiro_libro_reinos_ana_regina_nogueira_08-400x288.jpg 400w, https:\/\/www.fraterinternacional.org\/wp-content\/uploads\/2017\/06\/ensolarar_vidas_terceiro_libro_reinos_ana_regina_nogueira_08-600x431.jpg 600w, https:\/\/www.fraterinternacional.org\/wp-content\/uploads\/2017\/06\/ensolarar_vidas_terceiro_libro_reinos_ana_regina_nogueira_08.jpg 690w\" sizes=\"(max-width: 300px) 100vw, 300px\" \/><\/a><\/p>\n<p style=\"text-align: justify;\">\u201cThis is a book by two authors: the one who wrote it and the look of the animals photographed in it. These looks confirm that the Animal Kingdom continues to be a mystery for the human being, because we still do not know how to distinguish when there is a seed of Soul in one of these \u2018minor brothers and sisters\u2019\u201d, states in the introduction of the text the spiritual philosopher Jos\u00e9 Trigueirinho.<\/p>\n<h3>Sector of Kingdoms in the Community-of-Light of Figueira<\/h3>\n<p style=\"text-align: justify;\">The essay reports the experience of Mene and Hayla as responsible for the Sector of Kingdoms in the Community-of-Light of Figueira and in its extension, the House of Light on the Hill, through the Ranch of the Kingdoms, the Lands of the \u201cUnidade\u201d (Unity) and the House of Hope, all affiliated to the <strong>Fraternidade \u2013 International Humanitarian Federation<\/strong>.<\/p>\n<p style=\"text-align: justify;\">In these\u00a0 places, true Arks of Noah in the critical current times, the main characters, with the help of several collaborators, dedicate their lives to rescueing and alleviating the suffering of Thousand of animals and plants. All are welcome by the couple as \u201csons\u201d, and \u201cdaughters\u201d.<\/p>\n<p style=\"text-align: justify;\"><a href=\"https:\/\/www.fraterinternacional.org\/wp-content\/uploads\/2017\/06\/ensolarar_vidas_terceiro_libro_reinos_ana_regina_nogueira_07.jpg\"><img decoding=\"async\" class=\"alignright size-medium wp-image-56749\" src=\"https:\/\/www.fraterinternacional.org\/wp-content\/uploads\/2017\/06\/ensolarar_vidas_terceiro_libro_reinos_ana_regina_nogueira_07-300x169.jpg\" alt=\"\" width=\"300\" height=\"169\" srcset=\"https:\/\/www.fraterinternacional.org\/wp-content\/uploads\/2017\/06\/ensolarar_vidas_terceiro_libro_reinos_ana_regina_nogueira_07-200x112.jpg 200w, https:\/\/www.fraterinternacional.org\/wp-content\/uploads\/2017\/06\/ensolarar_vidas_terceiro_libro_reinos_ana_regina_nogueira_07-300x169.jpg 300w, https:\/\/www.fraterinternacional.org\/wp-content\/uploads\/2017\/06\/ensolarar_vidas_terceiro_libro_reinos_ana_regina_nogueira_07-400x225.jpg 400w, https:\/\/www.fraterinternacional.org\/wp-content\/uploads\/2017\/06\/ensolarar_vidas_terceiro_libro_reinos_ana_regina_nogueira_07-600x337.jpg 600w, https:\/\/www.fraterinternacional.org\/wp-content\/uploads\/2017\/06\/ensolarar_vidas_terceiro_libro_reinos_ana_regina_nogueira_07.jpg 690w\" sizes=\"(max-width: 300px) 100vw, 300px\" \/><\/a><\/p>\n<p>The book with 220 pages and 130 colorful fotos was written in four months. \u201cDuring its process of gestation, I felt totally accompanied and guided\u201d, says the author.<\/p>\n<p style=\"text-align: justify;\">They are 42 brief chapters, among which: \u201cOrchards, shrines for the birds\u201d, \u201cThe devas and the pluning\u201d, \u201cA rural garde\u201d, \u201cCoffee, a frustrated plant, and woods in extinction\u201d, \u201cDialog of people about snakes and lizzards, frogs, tree frogs, birds, plants and euthanasia\u201d, \u201cNasua, something of them in us\u201d, \u201cWood-pecker, to be the mother and father of all\u201d, \u201cA home for animal souls\u201d and \u201cLives exposed to the sun\u201d.<\/p>\n<p style=\"text-align: justify;\">The author received the inspiration for the title \u201cEnsolarar Vidas\u201d (Putting lives under the sun\u201d) during an Apparition of the Virgin Mary to the visionary Friar El\u00edas del Sagrado Coraz\u00f3n, of the Grace Mercy Order. \u201cI consider it reflects the essence of the material: a story of love for Life, a story of people who, with enlightened hands and hearts, share a piece of sun and hope with each being they find on their paths, whether members of humanity or of the Kingdoms of Nature\u201d, concludes Ana Regina.<\/p>\n<p>&nbsp;<\/p>\n\n\t\t<style type=\"text\/css\">\n\t\t\t#gallery-1 {\n\t\t\t\tmargin: auto;\n\t\t\t}\n\t\t\t#gallery-1 .gallery-item {\n\t\t\t\tfloat: left;\n\t\t\t\tmargin-top: 10px;\n\t\t\t\ttext-align: center;\n\t\t\t\twidth: 33%;\n\t\t\t}\n\t\t\t#gallery-1 img {\n\t\t\t\tborder: 2px solid #cfcfcf;\n\t\t\t}\n\t\t\t#gallery-1 .gallery-caption {\n\t\t\t\tmargin-left: 0;\n\t\t\t}\n\t\t\t\/* see gallery_shortcode() in wp-includes\/media.php *\/\n\t\t<\/style>\n\t\t<div id='gallery-1' class='gallery galleryid-56960 gallery-columns-3 gallery-size-medium'><dl class='gallery-item'>\n\t\t\t<dt class='gallery-icon landscape'>\n\t\t\t\t<a data-rel=\"iLightbox[postimages]\" data-title=\"ensolarar_vidas_terceiro_libro_reinos_ana_regina_nogueira_05\" data-caption=\"\" href='https:\/\/www.fraterinternacional.org\/wp-content\/uploads\/2017\/06\/ensolarar_vidas_terceiro_libro_reinos_ana_regina_nogueira_05.jpg'><img decoding=\"async\" width=\"300\" height=\"207\" src=\"https:\/\/www.fraterinternacional.org\/wp-content\/uploads\/2017\/06\/ensolarar_vidas_terceiro_libro_reinos_ana_regina_nogueira_05-300x207.jpg\" class=\"attachment-medium size-medium\" alt=\"\" srcset=\"https:\/\/www.fraterinternacional.org\/wp-content\/uploads\/2017\/06\/ensolarar_vidas_terceiro_libro_reinos_ana_regina_nogueira_05-200x138.jpg 200w, https:\/\/www.fraterinternacional.org\/wp-content\/uploads\/2017\/06\/ensolarar_vidas_terceiro_libro_reinos_ana_regina_nogueira_05-300x207.jpg 300w, https:\/\/www.fraterinternacional.org\/wp-content\/uploads\/2017\/06\/ensolarar_vidas_terceiro_libro_reinos_ana_regina_nogueira_05-400x275.jpg 400w, https:\/\/www.fraterinternacional.org\/wp-content\/uploads\/2017\/06\/ensolarar_vidas_terceiro_libro_reinos_ana_regina_nogueira_05-600x413.jpg 600w, https:\/\/www.fraterinternacional.org\/wp-content\/uploads\/2017\/06\/ensolarar_vidas_terceiro_libro_reinos_ana_regina_nogueira_05.jpg 690w\" sizes=\"(max-width: 300px) 100vw, 300px\" \/><\/a>\n\t\t\t<\/dt><\/dl><dl class='gallery-item'>\n\t\t\t<dt class='gallery-icon landscape'>\n\t\t\t\t<a data-rel=\"iLightbox[postimages]\" data-title=\"ensolarar_vidas_terceiro_libro_reinos_ana_regina_nogueira_03\" data-caption=\"\" href='https:\/\/www.fraterinternacional.org\/wp-content\/uploads\/2017\/06\/ensolarar_vidas_terceiro_libro_reinos_ana_regina_nogueira_03.jpg'><img decoding=\"async\" width=\"300\" height=\"190\" src=\"https:\/\/www.fraterinternacional.org\/wp-content\/uploads\/2017\/06\/ensolarar_vidas_terceiro_libro_reinos_ana_regina_nogueira_03-300x190.jpg\" class=\"attachment-medium size-medium\" alt=\"\" srcset=\"https:\/\/www.fraterinternacional.org\/wp-content\/uploads\/2017\/06\/ensolarar_vidas_terceiro_libro_reinos_ana_regina_nogueira_03-200x127.jpg 200w, https:\/\/www.fraterinternacional.org\/wp-content\/uploads\/2017\/06\/ensolarar_vidas_terceiro_libro_reinos_ana_regina_nogueira_03-300x190.jpg 300w, https:\/\/www.fraterinternacional.org\/wp-content\/uploads\/2017\/06\/ensolarar_vidas_terceiro_libro_reinos_ana_regina_nogueira_03-320x202.jpg 320w, https:\/\/www.fraterinternacional.org\/wp-content\/uploads\/2017\/06\/ensolarar_vidas_terceiro_libro_reinos_ana_regina_nogueira_03-400x254.jpg 400w, https:\/\/www.fraterinternacional.org\/wp-content\/uploads\/2017\/06\/ensolarar_vidas_terceiro_libro_reinos_ana_regina_nogueira_03-600x381.jpg 600w, https:\/\/www.fraterinternacional.org\/wp-content\/uploads\/2017\/06\/ensolarar_vidas_terceiro_libro_reinos_ana_regina_nogueira_03.jpg 690w\" sizes=\"(max-width: 300px) 100vw, 300px\" \/><\/a>\n\t\t\t<\/dt><\/dl><dl class='gallery-item'>\n\t\t\t<dt class='gallery-icon landscape'>\n\t\t\t\t<a data-rel=\"iLightbox[postimages]\" data-title=\"ensolarar_vidas_terceiro_libro_reinos_ana_regina_nogueira_06\" data-caption=\"\" href='https:\/\/www.fraterinternacional.org\/wp-content\/uploads\/2017\/06\/ensolarar_vidas_terceiro_libro_reinos_ana_regina_nogueira_06.jpg'><img decoding=\"async\" width=\"300\" height=\"169\" src=\"https:\/\/www.fraterinternacional.org\/wp-content\/uploads\/2017\/06\/ensolarar_vidas_terceiro_libro_reinos_ana_regina_nogueira_06-300x169.jpg\" class=\"attachment-medium size-medium\" alt=\"\" srcset=\"https:\/\/www.fraterinternacional.org\/wp-content\/uploads\/2017\/06\/ensolarar_vidas_terceiro_libro_reinos_ana_regina_nogueira_06-200x112.jpg 200w, https:\/\/www.fraterinternacional.org\/wp-content\/uploads\/2017\/06\/ensolarar_vidas_terceiro_libro_reinos_ana_regina_nogueira_06-300x169.jpg 300w, https:\/\/www.fraterinternacional.org\/wp-content\/uploads\/2017\/06\/ensolarar_vidas_terceiro_libro_reinos_ana_regina_nogueira_06-400x225.jpg 400w, https:\/\/www.fraterinternacional.org\/wp-content\/uploads\/2017\/06\/ensolarar_vidas_terceiro_libro_reinos_ana_regina_nogueira_06-600x337.jpg 600w, https:\/\/www.fraterinternacional.org\/wp-content\/uploads\/2017\/06\/ensolarar_vidas_terceiro_libro_reinos_ana_regina_nogueira_06.jpg 690w\" sizes=\"(max-width: 300px) 100vw, 300px\" \/><\/a>\n\t\t\t<\/dt><\/dl><br style=\"clear: both\" \/>\n\t\t<\/div>\n\n<p>&nbsp;<\/p>\n","protected":false},"excerpt":{"rendered":"<p>Ana Regina Nogueira, the author of \u201cViver o\u00a0 Amor aos C\u00e3es\u201d (Living Love for Dogs\u201d and \u201cPor Que Ningu\u00e9m Me [&hellip;]<\/p>\n","protected":false},"author":8,"featured_media":56768,"comment_status":"closed","ping_status":"closed","sticky":false,"template":"","format":"standard","meta":{"footnotes":""},"categories":[150],"tags":[102],"class_list":["post-56960","post","type-post","status-publish","format-standard","has-post-thumbnail","hentry","category-news","tag-love-and-service-to-the-kingdoms"],"yoast_head":"<!-- This site is optimized with the Yoast SEO Premium plugin v21.0 (Yoast SEO v21.0) - https:\/\/yoast.com\/wordpress\/plugins\/seo\/ -->\n<title>Ana Regina launches book:\u201cEnsolarar Vidas\u201d(Putting lives under the sun\u201d)<\/title>\n<meta name=\"description\" content=\"The author of\u201cLivingLove forDogs\u201dtells the story of a couple who consecrates to collaborate with the Kingdoms and the development of the soul in the animals\" \/>\n<meta name=\"robots\" content=\"index, follow, max-snippet:-1, max-image-preview:large, max-video-preview:-1\" \/>\n<link rel=\"canonical\" href=\"https:\/\/www.fraterinternacional.org\/en\/ana-regina-launches-book-ensolarar-vidas-putting-lives-sun\/\" \/>\n<meta property=\"og:locale\" content=\"en_US\" \/>\n<meta property=\"og:type\" content=\"article\" \/>\n<meta property=\"og:title\" content=\"Ana Regina launches her book: \u201cEnsolarar Vidas\u201d (Putting lives under the sun)\" \/>\n<meta property=\"og:description\" content=\"The author of\u201cLivingLove forDogs\u201dtells the story of a couple who consecrates to collaborate with the Kingdoms and the development of the soul in the animals\" \/>\n<meta property=\"og:url\" content=\"https:\/\/www.fraterinternacional.org\/en\/ana-regina-launches-book-ensolarar-vidas-putting-lives-sun\/\" \/>\n<meta property=\"og:site_name\" content=\"Fraternidade - Federa\u00e7\u00e3o Humanit\u00e1ria Internacional\" \/>\n<meta property=\"article:publisher\" content=\"https:\/\/www.facebook.com\/fraternidadehumanitaria\" \/>\n<meta property=\"article:published_time\" content=\"2017-07-01T19:52:55+00:00\" \/>\n<meta property=\"article:modified_time\" content=\"2017-07-15T00:43:35+00:00\" \/>\n<meta property=\"og:image\" content=\"https:\/\/www.fraterinternacional.org\/wp-content\/uploads\/2017\/06\/ensolarar_vidas_terceiro_libro_reinos_ana_regina_nogueira_04.jpg\" \/>\n\t<meta property=\"og:image:width\" content=\"690\" \/>\n\t<meta property=\"og:image:height\" content=\"388\" \/>\n\t<meta property=\"og:image:type\" content=\"image\/jpeg\" \/>\n<meta name=\"author\" content=\"FFHI\" \/>\n<meta name=\"twitter:card\" content=\"summary_large_image\" \/>\n<meta name=\"twitter:creator\" content=\"@fraternidadeFHI\" \/>\n<meta name=\"twitter:site\" content=\"@fraternidadeFHI\" \/>\n<meta name=\"twitter:label1\" content=\"Written by\" \/>\n\t<meta name=\"twitter:data1\" content=\"FFHI\" \/>\n\t<meta name=\"twitter:label2\" content=\"Est. reading time\" \/>\n\t<meta name=\"twitter:data2\" content=\"3 minutes\" \/>\n<script type=\"application\/ld+json\" class=\"yoast-schema-graph\">{\"@context\":\"https:\/\/schema.org\",\"@graph\":[{\"@type\":\"WebPage\",\"@id\":\"https:\/\/www.fraterinternacional.org\/en\/ana-regina-launches-book-ensolarar-vidas-putting-lives-sun\/\",\"url\":\"https:\/\/www.fraterinternacional.org\/en\/ana-regina-launches-book-ensolarar-vidas-putting-lives-sun\/\",\"name\":\"Ana Regina launches book:\u201cEnsolarar Vidas\u201d(Putting lives under the sun\u201d)\",\"isPartOf\":{\"@id\":\"https:\/\/www.fraterinternacional.org\/es\/#website\"},\"datePublished\":\"2017-07-01T19:52:55+00:00\",\"dateModified\":\"2017-07-15T00:43:35+00:00\",\"author\":{\"@id\":\"https:\/\/www.fraterinternacional.org\/es\/#\/schema\/person\/8fd7058ced8aa6a1995cc0feee75819f\"},\"description\":\"The author of\u201cLivingLove forDogs\u201dtells the story of a couple who consecrates to collaborate with the Kingdoms and the development of the soul in the animals\",\"breadcrumb\":{\"@id\":\"https:\/\/www.fraterinternacional.org\/en\/ana-regina-launches-book-ensolarar-vidas-putting-lives-sun\/#breadcrumb\"},\"inLanguage\":\"en-US\",\"potentialAction\":[{\"@type\":\"ReadAction\",\"target\":[\"https:\/\/www.fraterinternacional.org\/en\/ana-regina-launches-book-ensolarar-vidas-putting-lives-sun\/\"]}]},{\"@type\":\"BreadcrumbList\",\"@id\":\"https:\/\/www.fraterinternacional.org\/en\/ana-regina-launches-book-ensolarar-vidas-putting-lives-sun\/#breadcrumb\",\"itemListElement\":[{\"@type\":\"ListItem\",\"position\":1,\"name\":\"In\u00edcio\",\"item\":\"https:\/\/www.fraterinternacional.org\/en\/\"},{\"@type\":\"ListItem\",\"position\":2,\"name\":\"Ana Regina launches her book: \u201cEnsolarar Vidas\u201d (Putting lives under the sun)\"}]},{\"@type\":\"WebSite\",\"@id\":\"https:\/\/www.fraterinternacional.org\/es\/#website\",\"url\":\"https:\/\/www.fraterinternacional.org\/es\/\",\"name\":\"Fraternidade - Federa\u00e7\u00e3o Humanit\u00e1ria Internacional\",\"description\":\"Fraternidade - Federa\u00e7\u00e3o Humanit\u00e1ria Internacional\",\"potentialAction\":[{\"@type\":\"SearchAction\",\"target\":{\"@type\":\"EntryPoint\",\"urlTemplate\":\"https:\/\/www.fraterinternacional.org\/es\/?s={search_term_string}\"},\"query-input\":\"required name=search_term_string\"}],\"inLanguage\":\"en-US\"},{\"@type\":\"Person\",\"@id\":\"https:\/\/www.fraterinternacional.org\/es\/#\/schema\/person\/8fd7058ced8aa6a1995cc0feee75819f\",\"name\":\"FFHI\"}]}<\/script>\n<!-- \/ Yoast SEO Premium plugin. -->","yoast_head_json":{"title":"Ana Regina launches book:\u201cEnsolarar Vidas\u201d(Putting lives under the sun\u201d)","description":"The author of\u201cLivingLove forDogs\u201dtells the story of a couple who consecrates to collaborate with the Kingdoms and the development of the soul in the animals","robots":{"index":"index","follow":"follow","max-snippet":"max-snippet:-1","max-image-preview":"max-image-preview:large","max-video-preview":"max-video-preview:-1"},"canonical":"https:\/\/www.fraterinternacional.org\/en\/ana-regina-launches-book-ensolarar-vidas-putting-lives-sun\/","og_locale":"en_US","og_type":"article","og_title":"Ana Regina launches her book: \u201cEnsolarar Vidas\u201d (Putting lives under the sun)","og_description":"The author of\u201cLivingLove forDogs\u201dtells the story of a couple who consecrates to collaborate with the Kingdoms and the development of the soul in the animals","og_url":"https:\/\/www.fraterinternacional.org\/en\/ana-regina-launches-book-ensolarar-vidas-putting-lives-sun\/","og_site_name":"Fraternidade - Federa\u00e7\u00e3o Humanit\u00e1ria Internacional","article_publisher":"https:\/\/www.facebook.com\/fraternidadehumanitaria","article_published_time":"2017-07-01T19:52:55+00:00","article_modified_time":"2017-07-15T00:43:35+00:00","og_image":[{"width":690,"height":388,"url":"https:\/\/www.fraterinternacional.org\/wp-content\/uploads\/2017\/06\/ensolarar_vidas_terceiro_libro_reinos_ana_regina_nogueira_04.jpg","type":"image\/jpeg"}],"author":"FFHI","twitter_card":"summary_large_image","twitter_creator":"@fraternidadeFHI","twitter_site":"@fraternidadeFHI","twitter_misc":{"Written by":"FFHI","Est. reading time":"3 minutes"},"schema":{"@context":"https:\/\/schema.org","@graph":[{"@type":"WebPage","@id":"https:\/\/www.fraterinternacional.org\/en\/ana-regina-launches-book-ensolarar-vidas-putting-lives-sun\/","url":"https:\/\/www.fraterinternacional.org\/en\/ana-regina-launches-book-ensolarar-vidas-putting-lives-sun\/","name":"Ana Regina launches book:\u201cEnsolarar Vidas\u201d(Putting lives under the sun\u201d)","isPartOf":{"@id":"https:\/\/www.fraterinternacional.org\/es\/#website"},"datePublished":"2017-07-01T19:52:55+00:00","dateModified":"2017-07-15T00:43:35+00:00","author":{"@id":"https:\/\/www.fraterinternacional.org\/es\/#\/schema\/person\/8fd7058ced8aa6a1995cc0feee75819f"},"description":"The author of\u201cLivingLove forDogs\u201dtells the story of a couple who consecrates to collaborate with the Kingdoms and the development of the soul in the animals","breadcrumb":{"@id":"https:\/\/www.fraterinternacional.org\/en\/ana-regina-launches-book-ensolarar-vidas-putting-lives-sun\/#breadcrumb"},"inLanguage":"en-US","potentialAction":[{"@type":"ReadAction","target":["https:\/\/www.fraterinternacional.org\/en\/ana-regina-launches-book-ensolarar-vidas-putting-lives-sun\/"]}]},{"@type":"BreadcrumbList","@id":"https:\/\/www.fraterinternacional.org\/en\/ana-regina-launches-book-ensolarar-vidas-putting-lives-sun\/#breadcrumb","itemListElement":[{"@type":"ListItem","position":1,"name":"In\u00edcio","item":"https:\/\/www.fraterinternacional.org\/en\/"},{"@type":"ListItem","position":2,"name":"Ana Regina launches her book: \u201cEnsolarar Vidas\u201d (Putting lives under the sun)"}]},{"@type":"WebSite","@id":"https:\/\/www.fraterinternacional.org\/es\/#website","url":"https:\/\/www.fraterinternacional.org\/es\/","name":"Fraternidade - Federa\u00e7\u00e3o Humanit\u00e1ria Internacional","description":"Fraternidade - Federa\u00e7\u00e3o Humanit\u00e1ria Internacional","potentialAction":[{"@type":"SearchAction","target":{"@type":"EntryPoint","urlTemplate":"https:\/\/www.fraterinternacional.org\/es\/?s={search_term_string}"},"query-input":"required name=search_term_string"}],"inLanguage":"en-US"},{"@type":"Person","@id":"https:\/\/www.fraterinternacional.org\/es\/#\/schema\/person\/8fd7058ced8aa6a1995cc0feee75819f","name":"FFHI"}]}},"_links":{"self":[{"href":"https:\/\/www.fraterinternacional.org\/en\/wp-json\/wp\/v2\/posts\/56960"}],"collection":[{"href":"https:\/\/www.fraterinternacional.org\/en\/wp-json\/wp\/v2\/posts"}],"about":[{"href":"https:\/\/www.fraterinternacional.org\/en\/wp-json\/wp\/v2\/types\/post"}],"author":[{"embeddable":true,"href":"https:\/\/www.fraterinternacional.org\/en\/wp-json\/wp\/v2\/users\/8"}],"replies":[{"embeddable":true,"href":"https:\/\/www.fraterinternacional.org\/en\/wp-json\/wp\/v2\/comments?post=56960"}],"version-history":[{"count":0,"href":"https:\/\/www.fraterinternacional.org\/en\/wp-json\/wp\/v2\/posts\/56960\/revisions"}],"wp:featuredmedia":[{"embeddable":true,"href":"https:\/\/www.fraterinternacional.org\/en\/wp-json\/wp\/v2\/media\/56768"}],"wp:attachment":[{"href":"https:\/\/www.fraterinternacional.org\/en\/wp-json\/wp\/v2\/media?parent=56960"}],"wp:term":[{"taxonomy":"category","embeddable":true,"href":"https:\/\/www.fraterinternacional.org\/en\/wp-json\/wp\/v2\/categories?post=56960"},{"taxonomy":"post_tag","embeddable":true,"href":"https:\/\/www.fraterinternacional.org\/en\/wp-json\/wp\/v2\/tags?post=56960"}],"curies":[{"name":"wp","href":"https:\/\/api.w.org\/{rel}","templated":true}]}}