{"id":56237,"date":"2017-06-26T23:28:47","date_gmt":"2017-06-27T02:28:47","guid":{"rendered":"https:\/\/www.fraterinternacional.org\/?p=56237\/"},"modified":"2017-07-02T18:47:31","modified_gmt":"2017-07-02T21:47:31","slug":"immunity-3-time-of-adaptation","status":"publish","type":"post","link":"https:\/\/www.fraterinternacional.org\/en\/immunity-3-time-of-adaptation\/","title":{"rendered":"Immunity 3 \u2013 Time of Adaptation"},"content":{"rendered":"<p style=\"text-align: justify;\">Upon reading this revealing story reported by <em>the Mother<\/em> (see <a href=\"https:\/\/www.fraterinternacional.org\/en\/immunity-1-reality-behind-an-epidemic\/\" target=\"_blank\" rel=\"noopener\"><em>Immunity<\/em> <em>1<\/em><\/a> and <a href=\"https:\/\/www.fraterinternacional.org\/en\/immunity-2-the-reality-behind-an-epidemic\/\" target=\"_blank\" rel=\"noopener\"><em>Immunity<\/em> <em>2<\/em><\/a>, published in this Portal), even more unusual in the context of our sharply materialistic and incredulous civilization, crucial questions arise for the times of today, such as: <em>This report took place almost a century ago; these demoniac beings still subsist today? What are, in truth, these demons? How to protect ourselves before these realities? How to be immune to them?<\/em> Trigueirinho has important points to clarify concerning this: Let us listen to his instruction:<\/p>\n<p>&nbsp;<\/p>\n<div style=\"width: 720px;\" class=\"wp-video\"><!--[if lt IE 9]><script>document.createElement('video');<\/script><![endif]-->\n<video class=\"wp-video-shortcode\" id=\"video-56237-1\" width=\"720\" height=\"100\" preload=\"metadata\" controls=\"controls\"><source type=\"video\/mp4\" src=\"https:\/\/www.fraterinternacional.org\/wp-content\/uploads\/2017\/06\/imp_cur_17_06_16_imunidade3_tempo_adaptacao_con_tri_375_en.mp4?_=1\" \/><a href=\"https:\/\/www.fraterinternacional.org\/wp-content\/uploads\/2017\/06\/imp_cur_17_06_16_imunidade3_tempo_adaptacao_con_tri_375_en.mp4\">https:\/\/www.fraterinternacional.org\/wp-content\/uploads\/2017\/06\/imp_cur_17_06_16_imunidade3_tempo_adaptacao_con_tri_375_en.mp4<\/a><\/video><\/div>\n<p>&nbsp;<\/p>\n<p style=\"text-align: justify;\"><a href=\"https:\/\/www.fraterinternacional.org\/wp-content\/uploads\/2017\/06\/pen_17_06_18.jpg\"><img decoding=\"async\" class=\"alignleft wp-image-56505 size-medium\" src=\"https:\/\/www.fraterinternacional.org\/wp-content\/uploads\/2017\/06\/pen_17_06_18-300x169.jpg\" alt=\"\" width=\"300\" height=\"169\" srcset=\"https:\/\/www.fraterinternacional.org\/wp-content\/uploads\/2017\/06\/pen_17_06_18-200x112.jpg 200w, https:\/\/www.fraterinternacional.org\/wp-content\/uploads\/2017\/06\/pen_17_06_18-300x169.jpg 300w, https:\/\/www.fraterinternacional.org\/wp-content\/uploads\/2017\/06\/pen_17_06_18-400x225.jpg 400w, https:\/\/www.fraterinternacional.org\/wp-content\/uploads\/2017\/06\/pen_17_06_18-600x337.jpg 600w, https:\/\/www.fraterinternacional.org\/wp-content\/uploads\/2017\/06\/pen_17_06_18.jpg 690w\" sizes=\"(max-width: 300px) 100vw, 300px\" \/><\/a>All these chaotic realities created by the involutionary forces, and ignored by the vast majority of humanity, and today very present and active in the densest subplanes of the planetary psychic sphere, are part of an important evolutionary cycle in which we are immersed, defined as the <em>Apocalypse<\/em> <em>(\u201cTime of Revelation\u201d<\/em>), widely announced by all great religions of the Earth, throughout the last two thousand years. The Divine Mother, in her Message of November 25, 2016 (see the site <a href=\"http:\/\/www.divinamadre.org\/en\/mensaje-de-maria\/friday-november-25-2016\" target=\"_blank\" rel=\"noopener\">www.divinamadre.org.br<\/a> ), thus clarifies us (some selected excerpts):<\/p>\n<p style=\"text-align: center;\"><em>&#8220;In the Heart of the Celestial Father, from the beginning the last days of the planet were written, when everything would be permitted so that humanity might take the leap into the transcendence of planetary consciousness and life. It is in this hour that the Universe prepares to move through this moment, together with humanity.<\/em><\/p>\n<p style=\"text-align: center;\"><em>The Apocalypse spiritually signifies the change of one cycle into another through timely events that will give humanity the opportunity of completely changing the primitive state of its consciousness. <\/em>[\u2026]<\/p>\n<p style=\"text-align: center;\"><em>The Apocalypse exists in this moment in humanity and in the entire planet, for their not having complied with or lived the basic laws of the commandments, when many more than two thousand years ago there was an attempt made, through Moses, of teaching the primitive human consciousness how it should live in God and within universal laws, with the aim of remaining as a race within the Divine and Cosmic Purpose.<\/em><\/p>\n<p style=\"text-align: center;\"><em>While humankind continues to exploit the planet for its own and malefic benefit,<br \/>\nin many parts of the world incredible things will happen.<\/em> [\u2026]<\/p>\n<p style=\"text-align: center;\"><em>The fundamental tool that will help to keep things in their proper universal and planetary order will be the constructive verb of prayer, a powerful energy from the Divine Creative Source that will help<br \/>\nto balance all that will try to physically move on this beloved planet.<\/em><\/p>\n<p style=\"text-align: center;\">[&#8230;] <em>These are the times that the planet and the human race will be facing. Prayer will always place you,<br \/>\nin spite of everything, in the safe place that is the sacred enclosure of the Supreme Heart of God.<\/em><\/p>\n<p style=\"text-align: center;\"><em>The Apocalypse is the moment in which the planet, as a mother consciousness, after having suffered so much, will be at the point of its great labor; this birth of the new human and the new terrestrial consciousness will lead things into a purification and to experience great changes that just promise to improve and to expand the evolution of humanity, so that it may no longer be primitive and becomes evolved.&#8221;<\/em><\/p>\n<p>&nbsp;<\/p>\n<h3 style=\"text-align: center;\">To close this chapter<\/h3>\n<p style=\"text-align: justify;\">And to close this chapter, let us listen to the instructor Trigueirinho, when he talks about the use or not of Vaccines and again about the true <em>Immunity<\/em>:<\/p>\n<div style=\"width: 720px;\" class=\"wp-video\"><video class=\"wp-video-shortcode\" id=\"video-56237-2\" width=\"720\" height=\"100\" preload=\"metadata\" controls=\"controls\"><source type=\"video\/mp4\" src=\"https:\/\/www.fraterinternacional.org\/wp-content\/uploads\/2017\/06\/imp_cur_17_06_16_imunidade3_tempo_adaptacao_con_tri_298_en-.mp4?_=2\" \/><a href=\"https:\/\/www.fraterinternacional.org\/wp-content\/uploads\/2017\/06\/imp_cur_17_06_16_imunidade3_tempo_adaptacao_con_tri_298_en-.mp4\">https:\/\/www.fraterinternacional.org\/wp-content\/uploads\/2017\/06\/imp_cur_17_06_16_imunidade3_tempo_adaptacao_con_tri_298_en-.mp4<\/a><\/video><\/div>\n<p><strong>Audio 1:<\/strong><\/p>\n<p><strong>Audio: Irdin<\/strong> \u2013 <em>Conversas com Trigueirinho<\/em> (Talks with Trigueirinho) nr.375<br \/>\n<strong>Audio time range:<\/strong> 25\u2019 39\u201d until 30\u2019 12\u201d (to those who want to deepen the theme, we recommend to listen until 40\u2019 55\u201d)<br \/>\n<strong>Complete \u00e1udio at:<\/strong><a href=\"http:\/\/www.irdin.org.br\/site\/produto\/001392\/\" target=\"_blank\" rel=\"noopener\">\u00a0www.irdin.org.br\/acervo\/detalhes\/\u00a0<\/a><\/p>\n<p><strong>Audio 2:<\/strong><\/p>\n<p><strong>Audio: Irdin<\/strong> \u2013 Conversas com Trigueirinho (Talks with Trigueirinho) nr. 298<br \/>\n<strong>Time range:<\/strong> 11\u2019 06\u201d until 12\u2019 58\u201d<br \/>\n<strong>Complete \u00e1udio at:<\/strong> <a href=\"http:\/\/www.irdin.org.br\/site\/produto\/001412\/\" target=\"_blank\" rel=\"noopener\">www.irdin.org.br\/acervo\/detalhes\/\u00a0<\/a><\/p>\n<p><strong>The theme of <em>Immunity<\/em> will continue.<\/strong><\/p>\n<p>&nbsp;<\/p>\n","protected":false},"excerpt":{"rendered":"<p>Upon reading this revealing story reported by the Mother (see Immunity 1 and Immunity 2, published in this Portal), even [&hellip;]<\/p>\n","protected":false},"author":8,"featured_media":56505,"comment_status":"closed","ping_status":"closed","sticky":false,"template":"","format":"standard","meta":{"footnotes":""},"categories":[3243],"tags":[3248],"class_list":["post-56237","post","type-post","status-publish","format-standard","has-post-thumbnail","hentry","category-impulses-for-the-week","tag-cure"],"yoast_head":"<!-- This site is optimized with the Yoast SEO Premium plugin v21.0 (Yoast SEO v21.0) - https:\/\/yoast.com\/wordpress\/plugins\/seo\/ -->\n<title>Immunity 3 \u2013 Time of Adaptation \/ Impulses for the Week - Impulse Cure<\/title>\n<meta name=\"description\" content=\"Crucial questions arise for the times of today, such as: How to protect ourselves before these realities? How to be immune to them?\" \/>\n<meta name=\"robots\" content=\"index, follow, max-snippet:-1, max-image-preview:large, max-video-preview:-1\" \/>\n<link rel=\"canonical\" href=\"https:\/\/www.fraterinternacional.org\/en\/immunity-3-time-of-adaptation\/\" \/>\n<meta property=\"og:locale\" content=\"en_US\" \/>\n<meta property=\"og:type\" content=\"article\" \/>\n<meta property=\"og:title\" content=\"Immunity 3 \u2013 Time of Adaptation\" \/>\n<meta property=\"og:description\" content=\"Crucial questions arise for the times of today, such as: How to protect ourselves before these realities? How to be immune to them?\" \/>\n<meta property=\"og:url\" content=\"https:\/\/www.fraterinternacional.org\/en\/immunity-3-time-of-adaptation\/\" \/>\n<meta property=\"og:site_name\" content=\"Fraternidade - Federa\u00e7\u00e3o Humanit\u00e1ria Internacional\" \/>\n<meta property=\"article:publisher\" content=\"https:\/\/www.facebook.com\/fraternidadehumanitaria\" \/>\n<meta property=\"article:published_time\" content=\"2017-06-27T02:28:47+00:00\" \/>\n<meta property=\"article:modified_time\" content=\"2017-07-02T21:47:31+00:00\" \/>\n<meta property=\"og:image\" content=\"https:\/\/www.fraterinternacional.org\/wp-content\/uploads\/2017\/06\/pen_17_06_18.jpg\" \/>\n\t<meta property=\"og:image:width\" content=\"690\" \/>\n\t<meta property=\"og:image:height\" content=\"388\" \/>\n\t<meta property=\"og:image:type\" content=\"image\/jpeg\" \/>\n<meta name=\"author\" content=\"FFHI\" \/>\n<meta name=\"twitter:card\" content=\"summary_large_image\" \/>\n<meta name=\"twitter:creator\" content=\"@fraternidadeFHI\" \/>\n<meta name=\"twitter:site\" content=\"@fraternidadeFHI\" \/>\n<meta name=\"twitter:label1\" content=\"Written by\" \/>\n\t<meta name=\"twitter:data1\" content=\"FFHI\" \/>\n\t<meta name=\"twitter:label2\" content=\"Est. reading time\" \/>\n\t<meta name=\"twitter:data2\" content=\"3 minutes\" \/>\n<script type=\"application\/ld+json\" class=\"yoast-schema-graph\">{\"@context\":\"https:\/\/schema.org\",\"@graph\":[{\"@type\":\"WebPage\",\"@id\":\"https:\/\/www.fraterinternacional.org\/en\/immunity-3-time-of-adaptation\/\",\"url\":\"https:\/\/www.fraterinternacional.org\/en\/immunity-3-time-of-adaptation\/\",\"name\":\"Immunity 3 \u2013 Time of Adaptation \/ Impulses for the Week - Impulse Cure\",\"isPartOf\":{\"@id\":\"https:\/\/www.fraterinternacional.org\/es\/#website\"},\"datePublished\":\"2017-06-27T02:28:47+00:00\",\"dateModified\":\"2017-07-02T21:47:31+00:00\",\"author\":{\"@id\":\"https:\/\/www.fraterinternacional.org\/es\/#\/schema\/person\/8fd7058ced8aa6a1995cc0feee75819f\"},\"description\":\"Crucial questions arise for the times of today, such as: How to protect ourselves before these realities? How to be immune to them?\",\"breadcrumb\":{\"@id\":\"https:\/\/www.fraterinternacional.org\/en\/immunity-3-time-of-adaptation\/#breadcrumb\"},\"inLanguage\":\"en-US\",\"potentialAction\":[{\"@type\":\"ReadAction\",\"target\":[\"https:\/\/www.fraterinternacional.org\/en\/immunity-3-time-of-adaptation\/\"]}]},{\"@type\":\"BreadcrumbList\",\"@id\":\"https:\/\/www.fraterinternacional.org\/en\/immunity-3-time-of-adaptation\/#breadcrumb\",\"itemListElement\":[{\"@type\":\"ListItem\",\"position\":1,\"name\":\"In\u00edcio\",\"item\":\"https:\/\/www.fraterinternacional.org\/en\/\"},{\"@type\":\"ListItem\",\"position\":2,\"name\":\"Immunity 3 \u2013 Time of Adaptation\"}]},{\"@type\":\"WebSite\",\"@id\":\"https:\/\/www.fraterinternacional.org\/es\/#website\",\"url\":\"https:\/\/www.fraterinternacional.org\/es\/\",\"name\":\"Fraternidade - Federa\u00e7\u00e3o Humanit\u00e1ria Internacional\",\"description\":\"Fraternidade - Federa\u00e7\u00e3o Humanit\u00e1ria Internacional\",\"potentialAction\":[{\"@type\":\"SearchAction\",\"target\":{\"@type\":\"EntryPoint\",\"urlTemplate\":\"https:\/\/www.fraterinternacional.org\/es\/?s={search_term_string}\"},\"query-input\":\"required name=search_term_string\"}],\"inLanguage\":\"en-US\"},{\"@type\":\"Person\",\"@id\":\"https:\/\/www.fraterinternacional.org\/es\/#\/schema\/person\/8fd7058ced8aa6a1995cc0feee75819f\",\"name\":\"FFHI\"}]}<\/script>\n<!-- \/ Yoast SEO Premium plugin. -->","yoast_head_json":{"title":"Immunity 3 \u2013 Time of Adaptation \/ Impulses for the Week - Impulse Cure","description":"Crucial questions arise for the times of today, such as: How to protect ourselves before these realities? How to be immune to them?","robots":{"index":"index","follow":"follow","max-snippet":"max-snippet:-1","max-image-preview":"max-image-preview:large","max-video-preview":"max-video-preview:-1"},"canonical":"https:\/\/www.fraterinternacional.org\/en\/immunity-3-time-of-adaptation\/","og_locale":"en_US","og_type":"article","og_title":"Immunity 3 \u2013 Time of Adaptation","og_description":"Crucial questions arise for the times of today, such as: How to protect ourselves before these realities? How to be immune to them?","og_url":"https:\/\/www.fraterinternacional.org\/en\/immunity-3-time-of-adaptation\/","og_site_name":"Fraternidade - Federa\u00e7\u00e3o Humanit\u00e1ria Internacional","article_publisher":"https:\/\/www.facebook.com\/fraternidadehumanitaria","article_published_time":"2017-06-27T02:28:47+00:00","article_modified_time":"2017-07-02T21:47:31+00:00","og_image":[{"width":690,"height":388,"url":"https:\/\/www.fraterinternacional.org\/wp-content\/uploads\/2017\/06\/pen_17_06_18.jpg","type":"image\/jpeg"}],"author":"FFHI","twitter_card":"summary_large_image","twitter_creator":"@fraternidadeFHI","twitter_site":"@fraternidadeFHI","twitter_misc":{"Written by":"FFHI","Est. reading time":"3 minutes"},"schema":{"@context":"https:\/\/schema.org","@graph":[{"@type":"WebPage","@id":"https:\/\/www.fraterinternacional.org\/en\/immunity-3-time-of-adaptation\/","url":"https:\/\/www.fraterinternacional.org\/en\/immunity-3-time-of-adaptation\/","name":"Immunity 3 \u2013 Time of Adaptation \/ Impulses for the Week - Impulse Cure","isPartOf":{"@id":"https:\/\/www.fraterinternacional.org\/es\/#website"},"datePublished":"2017-06-27T02:28:47+00:00","dateModified":"2017-07-02T21:47:31+00:00","author":{"@id":"https:\/\/www.fraterinternacional.org\/es\/#\/schema\/person\/8fd7058ced8aa6a1995cc0feee75819f"},"description":"Crucial questions arise for the times of today, such as: How to protect ourselves before these realities? How to be immune to them?","breadcrumb":{"@id":"https:\/\/www.fraterinternacional.org\/en\/immunity-3-time-of-adaptation\/#breadcrumb"},"inLanguage":"en-US","potentialAction":[{"@type":"ReadAction","target":["https:\/\/www.fraterinternacional.org\/en\/immunity-3-time-of-adaptation\/"]}]},{"@type":"BreadcrumbList","@id":"https:\/\/www.fraterinternacional.org\/en\/immunity-3-time-of-adaptation\/#breadcrumb","itemListElement":[{"@type":"ListItem","position":1,"name":"In\u00edcio","item":"https:\/\/www.fraterinternacional.org\/en\/"},{"@type":"ListItem","position":2,"name":"Immunity 3 \u2013 Time of Adaptation"}]},{"@type":"WebSite","@id":"https:\/\/www.fraterinternacional.org\/es\/#website","url":"https:\/\/www.fraterinternacional.org\/es\/","name":"Fraternidade - Federa\u00e7\u00e3o Humanit\u00e1ria Internacional","description":"Fraternidade - Federa\u00e7\u00e3o Humanit\u00e1ria Internacional","potentialAction":[{"@type":"SearchAction","target":{"@type":"EntryPoint","urlTemplate":"https:\/\/www.fraterinternacional.org\/es\/?s={search_term_string}"},"query-input":"required name=search_term_string"}],"inLanguage":"en-US"},{"@type":"Person","@id":"https:\/\/www.fraterinternacional.org\/es\/#\/schema\/person\/8fd7058ced8aa6a1995cc0feee75819f","name":"FFHI"}]}},"_links":{"self":[{"href":"https:\/\/www.fraterinternacional.org\/en\/wp-json\/wp\/v2\/posts\/56237"}],"collection":[{"href":"https:\/\/www.fraterinternacional.org\/en\/wp-json\/wp\/v2\/posts"}],"about":[{"href":"https:\/\/www.fraterinternacional.org\/en\/wp-json\/wp\/v2\/types\/post"}],"author":[{"embeddable":true,"href":"https:\/\/www.fraterinternacional.org\/en\/wp-json\/wp\/v2\/users\/8"}],"replies":[{"embeddable":true,"href":"https:\/\/www.fraterinternacional.org\/en\/wp-json\/wp\/v2\/comments?post=56237"}],"version-history":[{"count":0,"href":"https:\/\/www.fraterinternacional.org\/en\/wp-json\/wp\/v2\/posts\/56237\/revisions"}],"wp:featuredmedia":[{"embeddable":true,"href":"https:\/\/www.fraterinternacional.org\/en\/wp-json\/wp\/v2\/media\/56505"}],"wp:attachment":[{"href":"https:\/\/www.fraterinternacional.org\/en\/wp-json\/wp\/v2\/media?parent=56237"}],"wp:term":[{"taxonomy":"category","embeddable":true,"href":"https:\/\/www.fraterinternacional.org\/en\/wp-json\/wp\/v2\/categories?post=56237"},{"taxonomy":"post_tag","embeddable":true,"href":"https:\/\/www.fraterinternacional.org\/en\/wp-json\/wp\/v2\/tags?post=56237"}],"curies":[{"name":"wp","href":"https:\/\/api.w.org\/{rel}","templated":true}]}}