{"id":49926,"date":"2017-03-22T12:31:09","date_gmt":"2017-03-22T15:31:09","guid":{"rendered":"http:\/\/www.fraterinternacional.org\/?p=49926\/"},"modified":"2017-03-22T12:31:09","modified_gmt":"2017-03-22T15:31:09","slug":"chaco-mission-happens-for-the-sixth-time-in-the-service-of-the-indigenous-communities","status":"publish","type":"post","link":"https:\/\/www.fraterinternacional.org\/en\/chaco-mission-happens-for-the-sixth-time-in-the-service-of-the-indigenous-communities\/","title":{"rendered":"Chaco Mission happens for the sixth time, in the service of the Indigenous communities"},"content":{"rendered":"<p style=\"text-align: justify;\">Giving continuity to the support offered to the indigenous communities of the Argentine northeast, the <a href=\"http:\/\/www.fraterinternacional.org\/en\/network-of-light\/\">Network-of-Light<\/a> of Chaco organized the 6th Meeting of the <a href=\"http:\/\/www.fraterinternacional.org\/en\/campanhas-ffhi\/mission-chaco\/\">Chaco Permanent Mission<\/a>. It was conducted from February 25 to 27 with native populations close to Resistencia, capital of the province of Chaco, Argentina.<\/p>\n<p style=\"text-align: justify;\"><a href=\"http:\/\/www.fraterinternacional.org\/wp-content\/uploads\/2017\/03\/missao-chaco-sexto-encontro-fevereiro-2017_04.jpg\"><img decoding=\"async\" class=\"size-medium wp-image-49669 alignleft\" src=\"http:\/\/www.fraterinternacional.org\/wp-content\/uploads\/2017\/03\/missao-chaco-sexto-encontro-fevereiro-2017_04-300x169.jpg\" alt=\"\" width=\"300\" height=\"169\" srcset=\"https:\/\/www.fraterinternacional.org\/wp-content\/uploads\/2017\/03\/missao-chaco-sexto-encontro-fevereiro-2017_04-200x112.jpg 200w, https:\/\/www.fraterinternacional.org\/wp-content\/uploads\/2017\/03\/missao-chaco-sexto-encontro-fevereiro-2017_04-300x169.jpg 300w, https:\/\/www.fraterinternacional.org\/wp-content\/uploads\/2017\/03\/missao-chaco-sexto-encontro-fevereiro-2017_04-400x225.jpg 400w, https:\/\/www.fraterinternacional.org\/wp-content\/uploads\/2017\/03\/missao-chaco-sexto-encontro-fevereiro-2017_04-600x337.jpg 600w, https:\/\/www.fraterinternacional.org\/wp-content\/uploads\/2017\/03\/missao-chaco-sexto-encontro-fevereiro-2017_04.jpg 690w\" sizes=\"(max-width: 300px) 100vw, 300px\" \/><\/a>With the participation of 31 collaborators from Network-of-Light groups from various provinces (Chaco, Corrientes, Misiones, C\u00f3rdoba, Mendoza), other volunteers, and\u00a0the\u00a0monastics of the <a href=\"http:\/\/www.fraterinternacional.org\/en\/grace-mercy-order\/\">Grace Mercy Order<\/a>,\u00a0the Mission assisted the Indigenous people of the Qom ethnic group, located in the Mapic neighborhood, in the city of Resistencia, and in the locality of Margarita Bel\u00e9n, 22 kilometers from the capital of Chaco.<\/p>\n<p style=\"text-align: justify;\">The activity began on Saturday 25, with an opening meeting at the place of lodging of the participants, the Home of spiritual retreat of the Sacred Family of Burdeos. Then the audience prayed the Chaplet of the Divine Mercy and shared the Ecumenical Communion.<\/p>\n<p style=\"text-align: justify;\"><a href=\"http:\/\/www.fraterinternacional.org\/wp-content\/uploads\/2017\/03\/missao-chaco-sexto-encontro-fevereiro-2017_03.jpg\"><img decoding=\"async\" class=\"alignright size-medium wp-image-49666\" src=\"http:\/\/www.fraterinternacional.org\/wp-content\/uploads\/2017\/03\/missao-chaco-sexto-encontro-fevereiro-2017_03-300x225.jpg\" alt=\"\" width=\"300\" height=\"225\" srcset=\"https:\/\/www.fraterinternacional.org\/wp-content\/uploads\/2017\/03\/missao-chaco-sexto-encontro-fevereiro-2017_03-200x150.jpg 200w, https:\/\/www.fraterinternacional.org\/wp-content\/uploads\/2017\/03\/missao-chaco-sexto-encontro-fevereiro-2017_03-300x225.jpg 300w, https:\/\/www.fraterinternacional.org\/wp-content\/uploads\/2017\/03\/missao-chaco-sexto-encontro-fevereiro-2017_03-400x300.jpg 400w, https:\/\/www.fraterinternacional.org\/wp-content\/uploads\/2017\/03\/missao-chaco-sexto-encontro-fevereiro-2017_03-600x450.jpg 600w, https:\/\/www.fraterinternacional.org\/wp-content\/uploads\/2017\/03\/missao-chaco-sexto-encontro-fevereiro-2017_03.jpg 690w\" sizes=\"(max-width: 300px) 100vw, 300px\" \/><\/a>The next day, the program began at 6:30 a.m. with a group attunement and Ecumenical Communion. After breakfast, the group headed to the Qom community of the Mapic neighborhood, where several services were conducted.<\/p>\n<p style=\"text-align: justify;\">Organized into subgroups, they made haircuts and lice-removal, baby baths, recreational activities with children and presentation of songs. Three oral health professionals, members of the Planetary Network-of-Light, conducted prosthetic implants in many Indigenous people. Also parasites were removed from dogs, and visitation to several houses and delivery of donations were done.<\/p>\n<p style=\"text-align: justify;\"><a href=\"http:\/\/www.fraterinternacional.org\/wp-content\/uploads\/2017\/03\/missao-chaco-sexto-encontro-fevereiro-2017_02.jpg\"><img decoding=\"async\" class=\"alignright size-medium wp-image-49663\" src=\"http:\/\/www.fraterinternacional.org\/wp-content\/uploads\/2017\/03\/missao-chaco-sexto-encontro-fevereiro-2017_02-300x225.jpg\" alt=\"\" width=\"300\" height=\"225\" srcset=\"https:\/\/www.fraterinternacional.org\/wp-content\/uploads\/2017\/03\/missao-chaco-sexto-encontro-fevereiro-2017_02-200x150.jpg 200w, https:\/\/www.fraterinternacional.org\/wp-content\/uploads\/2017\/03\/missao-chaco-sexto-encontro-fevereiro-2017_02-300x225.jpg 300w, https:\/\/www.fraterinternacional.org\/wp-content\/uploads\/2017\/03\/missao-chaco-sexto-encontro-fevereiro-2017_02-400x300.jpg 400w, https:\/\/www.fraterinternacional.org\/wp-content\/uploads\/2017\/03\/missao-chaco-sexto-encontro-fevereiro-2017_02-600x450.jpg 600w, https:\/\/www.fraterinternacional.org\/wp-content\/uploads\/2017\/03\/missao-chaco-sexto-encontro-fevereiro-2017_02.jpg 690w\" sizes=\"(max-width: 300px) 100vw, 300px\" \/><\/a>The same services were provided on the third day in the Qom community of Margarita Bel\u00e9n. This Sixth Meeting of the Chaco Mission was closed shortly after lunch, which was shared in the respective village. The participants sang several songs with the accompaniment of instruments.<\/p>\n<p style=\"text-align: justify;\">These sequential missions represent the extension of the Chaco Mission, at the request of the Virgin Mary, in the message of <a href=\"http:\/\/www.divinamadre.org\/en\/mensaje-de-maria\/sunday-december-20-2015\" target=\"_blank\">December 20, 2015<\/a>. \u00a0This message was received by the Friar Elias del Sagrado Coraz\u00f3n, a visionary monk of the Grace Order Mercy, and the mission was carried out from January 26 to February 8, 2016. Five sequential missions have been carried out so far: in May, July, October and December 2016 and in February 2017.<\/p>\n<p style=\"text-align: justify;\">The Chaco Mission is part of the \u201c<a href=\"http:\/\/www.fraterinternacional.org\/en\/campanhas-ffhi\/campaign-mission-indigenous-people\/?portfolioCats=165\">Mission for the Original People<\/a>\u201d Campaign, from the <strong>Fraternidade \u2013 International Humanitarian Federation.<\/strong><\/p>\n<p>&nbsp;<\/p>\n","protected":false},"excerpt":{"rendered":"<p>Giving continuity to the support offered to the indigenous communities of the Argentine northeast, the Network-of-Light of Chaco organized the [&hellip;]<\/p>\n","protected":false},"author":16,"featured_media":49661,"comment_status":"closed","ping_status":"closed","sticky":false,"template":"","format":"standard","meta":{"footnotes":""},"categories":[121,150,107],"tags":[184,100,102],"class_list":["post-49926","post","type-post","status-publish","format-standard","has-post-thumbnail","hentry","category-network-of-light","category-news","category-news-of-the-missions","tag-chaco-mission","tag-humanitarian-service","tag-love-and-service-to-the-kingdoms"],"yoast_head":"<!-- This site is optimized with the Yoast SEO Premium plugin v21.0 (Yoast SEO v21.0) - https:\/\/yoast.com\/wordpress\/plugins\/seo\/ -->\n<title>Chaco Mission happens for the sixth time, in the service of the Indigenous communities<\/title>\n<meta name=\"description\" content=\"Conducted from 25 to 27 February 2017 in Qom villages of Chaco, with the participation of 31 volunteers from the Planetary Network-of-Light and others.\" \/>\n<meta name=\"robots\" content=\"index, follow, max-snippet:-1, max-image-preview:large, max-video-preview:-1\" \/>\n<link rel=\"canonical\" href=\"https:\/\/www.fraterinternacional.org\/en\/chaco-mission-happens-for-the-sixth-time-in-the-service-of-the-indigenous-communities\/\" \/>\n<meta property=\"og:locale\" content=\"en_US\" \/>\n<meta property=\"og:type\" content=\"article\" \/>\n<meta property=\"og:title\" content=\"Chaco Mission happens for the sixth time, in the service of the Indigenous communities\" \/>\n<meta property=\"og:description\" content=\"Conducted from 25 to 27 February 2017 in Qom villages of Resistencia, Chaco, with the participation of 31 volunteers from the Planetary Network-of-Light and others.\" \/>\n<meta property=\"og:url\" content=\"https:\/\/www.fraterinternacional.org\/en\/chaco-mission-happens-for-the-sixth-time-in-the-service-of-the-indigenous-communities\/\" \/>\n<meta property=\"og:site_name\" content=\"Fraternidade - Federa\u00e7\u00e3o Humanit\u00e1ria Internacional\" \/>\n<meta property=\"article:publisher\" content=\"https:\/\/www.facebook.com\/fraternidadehumanitaria\" \/>\n<meta property=\"article:published_time\" content=\"2017-03-22T15:31:09+00:00\" \/>\n<meta property=\"og:image\" content=\"http:\/\/www.fraterinternacional.org\/wp-content\/uploads\/2017\/03\/missao-chaco-sexto-encontro-fevereiro-2017_01.jpg\" \/>\n<meta name=\"author\" content=\"Sergio Redator Espanhol\" \/>\n<meta name=\"twitter:card\" content=\"summary_large_image\" \/>\n<meta name=\"twitter:title\" content=\"Chaco Mission happens for the sixth time, in the service of the Indigenous communities\" \/>\n<meta name=\"twitter:description\" content=\"Conducted from 25 to 27 February 2017 in Qom villages of Resistencia, Chaco, with the participation of 31 volunteers from the Planetary Network-of-Light and others.\" \/>\n<meta name=\"twitter:image\" content=\"http:\/\/www.fraterinternacional.org\/wp-content\/uploads\/2017\/03\/missao-chaco-sexto-encontro-fevereiro-2017_01.jpg\" \/>\n<meta name=\"twitter:creator\" content=\"@fraternidadeFHI\" \/>\n<meta name=\"twitter:site\" content=\"@fraternidadeFHI\" \/>\n<meta name=\"twitter:label1\" content=\"Written by\" \/>\n\t<meta name=\"twitter:data1\" content=\"Sergio Redator Espanhol\" \/>\n\t<meta name=\"twitter:label2\" content=\"Est. reading time\" \/>\n\t<meta name=\"twitter:data2\" content=\"2 minutes\" \/>\n<script type=\"application\/ld+json\" class=\"yoast-schema-graph\">{\"@context\":\"https:\/\/schema.org\",\"@graph\":[{\"@type\":\"WebPage\",\"@id\":\"https:\/\/www.fraterinternacional.org\/en\/chaco-mission-happens-for-the-sixth-time-in-the-service-of-the-indigenous-communities\/\",\"url\":\"https:\/\/www.fraterinternacional.org\/en\/chaco-mission-happens-for-the-sixth-time-in-the-service-of-the-indigenous-communities\/\",\"name\":\"Chaco Mission happens for the sixth time, in the service of the Indigenous communities\",\"isPartOf\":{\"@id\":\"https:\/\/www.fraterinternacional.org\/es\/#website\"},\"datePublished\":\"2017-03-22T15:31:09+00:00\",\"dateModified\":\"2017-03-22T15:31:09+00:00\",\"author\":{\"@id\":\"https:\/\/www.fraterinternacional.org\/es\/#\/schema\/person\/cf24d3eac28b0e09714ecb8cbd865c28\"},\"description\":\"Conducted from 25 to 27 February 2017 in Qom villages of Chaco, with the participation of 31 volunteers from the Planetary Network-of-Light and others.\",\"breadcrumb\":{\"@id\":\"https:\/\/www.fraterinternacional.org\/en\/chaco-mission-happens-for-the-sixth-time-in-the-service-of-the-indigenous-communities\/#breadcrumb\"},\"inLanguage\":\"en-US\",\"potentialAction\":[{\"@type\":\"ReadAction\",\"target\":[\"https:\/\/www.fraterinternacional.org\/en\/chaco-mission-happens-for-the-sixth-time-in-the-service-of-the-indigenous-communities\/\"]}]},{\"@type\":\"BreadcrumbList\",\"@id\":\"https:\/\/www.fraterinternacional.org\/en\/chaco-mission-happens-for-the-sixth-time-in-the-service-of-the-indigenous-communities\/#breadcrumb\",\"itemListElement\":[{\"@type\":\"ListItem\",\"position\":1,\"name\":\"In\u00edcio\",\"item\":\"https:\/\/www.fraterinternacional.org\/en\/\"},{\"@type\":\"ListItem\",\"position\":2,\"name\":\"Chaco Mission happens for the sixth time, in the service of the Indigenous communities\"}]},{\"@type\":\"WebSite\",\"@id\":\"https:\/\/www.fraterinternacional.org\/es\/#website\",\"url\":\"https:\/\/www.fraterinternacional.org\/es\/\",\"name\":\"Fraternidade - Federa\u00e7\u00e3o Humanit\u00e1ria Internacional\",\"description\":\"Fraternidade - Federa\u00e7\u00e3o Humanit\u00e1ria Internacional\",\"potentialAction\":[{\"@type\":\"SearchAction\",\"target\":{\"@type\":\"EntryPoint\",\"urlTemplate\":\"https:\/\/www.fraterinternacional.org\/es\/?s={search_term_string}\"},\"query-input\":\"required name=search_term_string\"}],\"inLanguage\":\"en-US\"},{\"@type\":\"Person\",\"@id\":\"https:\/\/www.fraterinternacional.org\/es\/#\/schema\/person\/cf24d3eac28b0e09714ecb8cbd865c28\",\"name\":\"Sergio Redator Espanhol\"}]}<\/script>\n<!-- \/ Yoast SEO Premium plugin. -->","yoast_head_json":{"title":"Chaco Mission happens for the sixth time, in the service of the Indigenous communities","description":"Conducted from 25 to 27 February 2017 in Qom villages of Chaco, with the participation of 31 volunteers from the Planetary Network-of-Light and others.","robots":{"index":"index","follow":"follow","max-snippet":"max-snippet:-1","max-image-preview":"max-image-preview:large","max-video-preview":"max-video-preview:-1"},"canonical":"https:\/\/www.fraterinternacional.org\/en\/chaco-mission-happens-for-the-sixth-time-in-the-service-of-the-indigenous-communities\/","og_locale":"en_US","og_type":"article","og_title":"Chaco Mission happens for the sixth time, in the service of the Indigenous communities","og_description":"Conducted from 25 to 27 February 2017 in Qom villages of Resistencia, Chaco, with the participation of 31 volunteers from the Planetary Network-of-Light and others.","og_url":"https:\/\/www.fraterinternacional.org\/en\/chaco-mission-happens-for-the-sixth-time-in-the-service-of-the-indigenous-communities\/","og_site_name":"Fraternidade - Federa\u00e7\u00e3o Humanit\u00e1ria Internacional","article_publisher":"https:\/\/www.facebook.com\/fraternidadehumanitaria","article_published_time":"2017-03-22T15:31:09+00:00","og_image":[{"url":"http:\/\/www.fraterinternacional.org\/wp-content\/uploads\/2017\/03\/missao-chaco-sexto-encontro-fevereiro-2017_01.jpg"}],"author":"Sergio Redator Espanhol","twitter_card":"summary_large_image","twitter_title":"Chaco Mission happens for the sixth time, in the service of the Indigenous communities","twitter_description":"Conducted from 25 to 27 February 2017 in Qom villages of Resistencia, Chaco, with the participation of 31 volunteers from the Planetary Network-of-Light and others.","twitter_image":"http:\/\/www.fraterinternacional.org\/wp-content\/uploads\/2017\/03\/missao-chaco-sexto-encontro-fevereiro-2017_01.jpg","twitter_creator":"@fraternidadeFHI","twitter_site":"@fraternidadeFHI","twitter_misc":{"Written by":"Sergio Redator Espanhol","Est. reading time":"2 minutes"},"schema":{"@context":"https:\/\/schema.org","@graph":[{"@type":"WebPage","@id":"https:\/\/www.fraterinternacional.org\/en\/chaco-mission-happens-for-the-sixth-time-in-the-service-of-the-indigenous-communities\/","url":"https:\/\/www.fraterinternacional.org\/en\/chaco-mission-happens-for-the-sixth-time-in-the-service-of-the-indigenous-communities\/","name":"Chaco Mission happens for the sixth time, in the service of the Indigenous communities","isPartOf":{"@id":"https:\/\/www.fraterinternacional.org\/es\/#website"},"datePublished":"2017-03-22T15:31:09+00:00","dateModified":"2017-03-22T15:31:09+00:00","author":{"@id":"https:\/\/www.fraterinternacional.org\/es\/#\/schema\/person\/cf24d3eac28b0e09714ecb8cbd865c28"},"description":"Conducted from 25 to 27 February 2017 in Qom villages of Chaco, with the participation of 31 volunteers from the Planetary Network-of-Light and others.","breadcrumb":{"@id":"https:\/\/www.fraterinternacional.org\/en\/chaco-mission-happens-for-the-sixth-time-in-the-service-of-the-indigenous-communities\/#breadcrumb"},"inLanguage":"en-US","potentialAction":[{"@type":"ReadAction","target":["https:\/\/www.fraterinternacional.org\/en\/chaco-mission-happens-for-the-sixth-time-in-the-service-of-the-indigenous-communities\/"]}]},{"@type":"BreadcrumbList","@id":"https:\/\/www.fraterinternacional.org\/en\/chaco-mission-happens-for-the-sixth-time-in-the-service-of-the-indigenous-communities\/#breadcrumb","itemListElement":[{"@type":"ListItem","position":1,"name":"In\u00edcio","item":"https:\/\/www.fraterinternacional.org\/en\/"},{"@type":"ListItem","position":2,"name":"Chaco Mission happens for the sixth time, in the service of the Indigenous communities"}]},{"@type":"WebSite","@id":"https:\/\/www.fraterinternacional.org\/es\/#website","url":"https:\/\/www.fraterinternacional.org\/es\/","name":"Fraternidade - Federa\u00e7\u00e3o Humanit\u00e1ria Internacional","description":"Fraternidade - Federa\u00e7\u00e3o Humanit\u00e1ria Internacional","potentialAction":[{"@type":"SearchAction","target":{"@type":"EntryPoint","urlTemplate":"https:\/\/www.fraterinternacional.org\/es\/?s={search_term_string}"},"query-input":"required name=search_term_string"}],"inLanguage":"en-US"},{"@type":"Person","@id":"https:\/\/www.fraterinternacional.org\/es\/#\/schema\/person\/cf24d3eac28b0e09714ecb8cbd865c28","name":"Sergio Redator Espanhol"}]}},"_links":{"self":[{"href":"https:\/\/www.fraterinternacional.org\/en\/wp-json\/wp\/v2\/posts\/49926"}],"collection":[{"href":"https:\/\/www.fraterinternacional.org\/en\/wp-json\/wp\/v2\/posts"}],"about":[{"href":"https:\/\/www.fraterinternacional.org\/en\/wp-json\/wp\/v2\/types\/post"}],"author":[{"embeddable":true,"href":"https:\/\/www.fraterinternacional.org\/en\/wp-json\/wp\/v2\/users\/16"}],"replies":[{"embeddable":true,"href":"https:\/\/www.fraterinternacional.org\/en\/wp-json\/wp\/v2\/comments?post=49926"}],"version-history":[{"count":0,"href":"https:\/\/www.fraterinternacional.org\/en\/wp-json\/wp\/v2\/posts\/49926\/revisions"}],"wp:featuredmedia":[{"embeddable":true,"href":"https:\/\/www.fraterinternacional.org\/en\/wp-json\/wp\/v2\/media\/49661"}],"wp:attachment":[{"href":"https:\/\/www.fraterinternacional.org\/en\/wp-json\/wp\/v2\/media?parent=49926"}],"wp:term":[{"taxonomy":"category","embeddable":true,"href":"https:\/\/www.fraterinternacional.org\/en\/wp-json\/wp\/v2\/categories?post=49926"},{"taxonomy":"post_tag","embeddable":true,"href":"https:\/\/www.fraterinternacional.org\/en\/wp-json\/wp\/v2\/tags?post=49926"}],"curies":[{"name":"wp","href":"https:\/\/api.w.org\/{rel}","templated":true}]}}