{"id":48885,"date":"2017-02-28T19:54:45","date_gmt":"2017-02-28T22:54:45","guid":{"rendered":"http:\/\/www.fraterinternacional.org\/?p=48885\/"},"modified":"2017-02-28T19:58:22","modified_gmt":"2017-02-28T22:58:22","slug":"humanitarian-roraima-mission-announcements-feb-21-thru-25","status":"publish","type":"post","link":"https:\/\/www.fraterinternacional.org\/en\/humanitarian-roraima-mission-announcements-feb-21-thru-25\/","title":{"rendered":"Humanitarian Roraima Mission \u2013 announcements of Feb 21 thru 25"},"content":{"rendered":"<p class=\"p1\" style=\"text-align: justify;\"><strong>Announcements of Feb 21 thru 25<\/strong><\/p>\n<p class=\"p1\" style=\"text-align: justify;\">At the beginning of last week, the missionaries and Indigenous Chiefs went to FUNAI (National Foundation of the Indigenous People), and talked with the Coordination of Promotion of Social and Indigenous Rights about the issue of documents of the indigenous people. FUNAI will give support for the refugees in the CRI to obtain Brazilian documents. Afterwards, the Indigenous refugees gathered in the CRI to discuss the subject.<\/p>\n<p class=\"p1\" style=\"text-align: justify;\">A reporting team that intends to make a documentary about the coming of the Warao to Brazil went to the CRI, talked with the Indigenous people and began the work of research for the production of the video.<\/p>\n<p class=\"p1\" style=\"text-align: justify;\">Several raisings of donations of provisions in commercial establishments in the city of Boa Vista were done.<\/p>\n<p class=\"p1\" style=\"text-align: justify;\">On Wednesday morning, a meeting was held in the Roraima State Secretary of the Indigenous People among members of this secretary, missionaries, Warao Chiefs, Civil Defense and the Health Secretary. The Indigenous presented the artisanship they produce. The coordinator of the Center of Artisanship praised a net made by the Warao with Buriti straw. Two nets were left for sale and a schedule was made of the participation of the Warao Indigenous people in Artisanship Fairs.<\/p>\n<p class=\"p1\" style=\"text-align: justify;\">On the same day there occurred a meeting of Roraima Civil Defense about the issue of the non-Indigenous Venezuelans who are in the CRI. A deadline was established for them to find a new place.<\/p>\n<p class=\"p1\" style=\"text-align: justify;\">The CRI received visits of a representative of Doctors Without Borders, anthropologists from the Federal University of Roraima, of the Federal Public Ministry and of a journalist from BBC, who is producing a work about the history of the migratory flux in Brazil. The anthropologists invited the refugees to participate, on March 10, in a public audience about respect and protection to the Venezuelan immigrants and the special situation of those of them who belong to Indigenous groups.<\/p>\n<p class=\"p1\" style=\"text-align: justify;\">On Friday, Missionaries, a representative of the Roraima State Secretary of the Indigenous People and two Indigenous refugees visited communities in the Indigenous Lands of S\u00e3o Marcos and Raposa Serra do Sol. The Communities of Vista Alegre, S\u00e3o Marcos and Darora were visited.<\/p>\n<p class=\"p1\" style=\"text-align: justify;\">Several health services were conducted in the truck that is in the CRI.<\/p>\n<p class=\"p1\" style=\"text-align: justify;\">An Indigenous child with malaria was accompanied daily, with visits to hospital to make examinations and receive treatment.<\/p>\n<p class=\"p1\" style=\"text-align: justify;\">On Saturday, the truck of the State Secretary of Health was withdrawn from the CRI to give support in another place during the carnival (Mardi Gras) Holiday.<\/p>\n<p class=\"p1\" style=\"text-align: justify;\">On Sunday, 25, two Venezuelan Indigenous refugees<span class=\"Apple-converted-space\">\u00a0 <\/span>participated in a radio program in Roraima, where they talked about their situation in Brazil.<\/p>\n<p class=\"p1\" style=\"text-align: justify;\">Missionaries and refugees visited the Indigenous community of Sucuba, in the town of Alto Alegre, and where Indigenous of the Makuxi and Uapichana ethnic groups live. The group talked with the Indigenous Chiefs and made an appointment for an integration with the Warao who are in the CRI.<\/p>\n<p class=\"p1\" style=\"text-align: justify;\">Referral of two Indigenous female refugees to hospital, where they were attended and received medicine.<\/p>\n<p class=\"p1\" style=\"text-align: justify;\">Last day of the Venezuelan volunteers who are in the House of Saint Joseph and participate in the activities of the CRI.<\/p>\n<p class=\"p1\" style=\"text-align: justify;\">Read next Friday a new summary of the events in the Humanitarian Roraima Mission.<\/p>\n\n\t\t<style type=\"text\/css\">\n\t\t\t#gallery-1 {\n\t\t\t\tmargin: auto;\n\t\t\t}\n\t\t\t#gallery-1 .gallery-item {\n\t\t\t\tfloat: left;\n\t\t\t\tmargin-top: 10px;\n\t\t\t\ttext-align: center;\n\t\t\t\twidth: 50%;\n\t\t\t}\n\t\t\t#gallery-1 img {\n\t\t\t\tborder: 2px solid #cfcfcf;\n\t\t\t}\n\t\t\t#gallery-1 .gallery-caption {\n\t\t\t\tmargin-left: 0;\n\t\t\t}\n\t\t\t\/* see gallery_shortcode() in wp-includes\/media.php *\/\n\t\t<\/style>\n\t\t<div id='gallery-1' class='gallery galleryid-48885 gallery-columns-2 gallery-size-medium'><dl class='gallery-item'>\n\t\t\t<dt class='gallery-icon landscape'>\n\t\t\t\t<a data-rel=\"iLightbox[postimages]\" data-title=\"refugiados_missao_roraima_funai1a\" data-caption=\"\" href='https:\/\/www.fraterinternacional.org\/wp-content\/uploads\/2017\/02\/refugiados_missao_roraima_funai1a.jpg'><img decoding=\"async\" width=\"300\" height=\"169\" src=\"https:\/\/www.fraterinternacional.org\/wp-content\/uploads\/2017\/02\/refugiados_missao_roraima_funai1a-300x169.jpg\" class=\"attachment-medium size-medium\" alt=\"\" srcset=\"https:\/\/www.fraterinternacional.org\/wp-content\/uploads\/2017\/02\/refugiados_missao_roraima_funai1a-200x112.jpg 200w, https:\/\/www.fraterinternacional.org\/wp-content\/uploads\/2017\/02\/refugiados_missao_roraima_funai1a-300x169.jpg 300w, https:\/\/www.fraterinternacional.org\/wp-content\/uploads\/2017\/02\/refugiados_missao_roraima_funai1a-400x225.jpg 400w, https:\/\/www.fraterinternacional.org\/wp-content\/uploads\/2017\/02\/refugiados_missao_roraima_funai1a-600x337.jpg 600w, https:\/\/www.fraterinternacional.org\/wp-content\/uploads\/2017\/02\/refugiados_missao_roraima_funai1a.jpg 690w\" sizes=\"(max-width: 300px) 100vw, 300px\" \/><\/a>\n\t\t\t<\/dt><\/dl><dl class='gallery-item'>\n\t\t\t<dt class='gallery-icon landscape'>\n\t\t\t\t<a data-rel=\"iLightbox[postimages]\" data-title=\"refugiados_missao_roraima_funai2a\" data-caption=\"\" href='https:\/\/www.fraterinternacional.org\/wp-content\/uploads\/2017\/02\/refugiados_missao_roraima_funai2a.jpg'><img decoding=\"async\" width=\"300\" height=\"169\" src=\"https:\/\/www.fraterinternacional.org\/wp-content\/uploads\/2017\/02\/refugiados_missao_roraima_funai2a-300x169.jpg\" class=\"attachment-medium size-medium\" alt=\"\" srcset=\"https:\/\/www.fraterinternacional.org\/wp-content\/uploads\/2017\/02\/refugiados_missao_roraima_funai2a-200x112.jpg 200w, https:\/\/www.fraterinternacional.org\/wp-content\/uploads\/2017\/02\/refugiados_missao_roraima_funai2a-300x169.jpg 300w, https:\/\/www.fraterinternacional.org\/wp-content\/uploads\/2017\/02\/refugiados_missao_roraima_funai2a-400x225.jpg 400w, https:\/\/www.fraterinternacional.org\/wp-content\/uploads\/2017\/02\/refugiados_missao_roraima_funai2a-600x337.jpg 600w, https:\/\/www.fraterinternacional.org\/wp-content\/uploads\/2017\/02\/refugiados_missao_roraima_funai2a.jpg 690w\" sizes=\"(max-width: 300px) 100vw, 300px\" \/><\/a>\n\t\t\t<\/dt><\/dl><br style=\"clear: both\" \/><dl class='gallery-item'>\n\t\t\t<dt class='gallery-icon landscape'>\n\t\t\t\t<a data-rel=\"iLightbox[postimages]\" data-title=\"refugiados_missao_roraima_missa_cri_1a\" data-caption=\"\" href='https:\/\/www.fraterinternacional.org\/wp-content\/uploads\/2017\/02\/refugiados_missao_roraima_missa_cri_1a.jpg'><img decoding=\"async\" width=\"300\" height=\"169\" src=\"https:\/\/www.fraterinternacional.org\/wp-content\/uploads\/2017\/02\/refugiados_missao_roraima_missa_cri_1a-300x169.jpg\" class=\"attachment-medium size-medium\" alt=\"\" srcset=\"https:\/\/www.fraterinternacional.org\/wp-content\/uploads\/2017\/02\/refugiados_missao_roraima_missa_cri_1a-200x112.jpg 200w, https:\/\/www.fraterinternacional.org\/wp-content\/uploads\/2017\/02\/refugiados_missao_roraima_missa_cri_1a-300x169.jpg 300w, https:\/\/www.fraterinternacional.org\/wp-content\/uploads\/2017\/02\/refugiados_missao_roraima_missa_cri_1a-400x225.jpg 400w, https:\/\/www.fraterinternacional.org\/wp-content\/uploads\/2017\/02\/refugiados_missao_roraima_missa_cri_1a-600x337.jpg 600w, https:\/\/www.fraterinternacional.org\/wp-content\/uploads\/2017\/02\/refugiados_missao_roraima_missa_cri_1a.jpg 690w\" sizes=\"(max-width: 300px) 100vw, 300px\" \/><\/a>\n\t\t\t<\/dt><\/dl><dl class='gallery-item'>\n\t\t\t<dt class='gallery-icon landscape'>\n\t\t\t\t<a data-rel=\"iLightbox[postimages]\" data-title=\"refugiados_missao_roraima_rede_artesanato1a\" data-caption=\"\" href='https:\/\/www.fraterinternacional.org\/wp-content\/uploads\/2017\/02\/refugiados_missao_roraima_rede_artesanato1a.jpg'><img decoding=\"async\" width=\"300\" height=\"169\" src=\"https:\/\/www.fraterinternacional.org\/wp-content\/uploads\/2017\/02\/refugiados_missao_roraima_rede_artesanato1a-300x169.jpg\" class=\"attachment-medium size-medium\" alt=\"\" srcset=\"https:\/\/www.fraterinternacional.org\/wp-content\/uploads\/2017\/02\/refugiados_missao_roraima_rede_artesanato1a-200x112.jpg 200w, https:\/\/www.fraterinternacional.org\/wp-content\/uploads\/2017\/02\/refugiados_missao_roraima_rede_artesanato1a-300x169.jpg 300w, https:\/\/www.fraterinternacional.org\/wp-content\/uploads\/2017\/02\/refugiados_missao_roraima_rede_artesanato1a-400x225.jpg 400w, https:\/\/www.fraterinternacional.org\/wp-content\/uploads\/2017\/02\/refugiados_missao_roraima_rede_artesanato1a-600x337.jpg 600w, https:\/\/www.fraterinternacional.org\/wp-content\/uploads\/2017\/02\/refugiados_missao_roraima_rede_artesanato1a.jpg 690w\" sizes=\"(max-width: 300px) 100vw, 300px\" \/><\/a>\n\t\t\t<\/dt><\/dl><br style=\"clear: both\" \/><dl class='gallery-item'>\n\t\t\t<dt class='gallery-icon landscape'>\n\t\t\t\t<a data-rel=\"iLightbox[postimages]\" data-title=\"refugiados_missao_roraima_rede_artesanato2a\" data-caption=\"\" href='https:\/\/www.fraterinternacional.org\/wp-content\/uploads\/2017\/02\/refugiados_missao_roraima_rede_artesanato2a.jpg'><img decoding=\"async\" width=\"300\" height=\"169\" src=\"https:\/\/www.fraterinternacional.org\/wp-content\/uploads\/2017\/02\/refugiados_missao_roraima_rede_artesanato2a-300x169.jpg\" class=\"attachment-medium size-medium\" alt=\"\" srcset=\"https:\/\/www.fraterinternacional.org\/wp-content\/uploads\/2017\/02\/refugiados_missao_roraima_rede_artesanato2a-200x112.jpg 200w, https:\/\/www.fraterinternacional.org\/wp-content\/uploads\/2017\/02\/refugiados_missao_roraima_rede_artesanato2a-300x169.jpg 300w, https:\/\/www.fraterinternacional.org\/wp-content\/uploads\/2017\/02\/refugiados_missao_roraima_rede_artesanato2a-400x225.jpg 400w, https:\/\/www.fraterinternacional.org\/wp-content\/uploads\/2017\/02\/refugiados_missao_roraima_rede_artesanato2a-600x337.jpg 600w, https:\/\/www.fraterinternacional.org\/wp-content\/uploads\/2017\/02\/refugiados_missao_roraima_rede_artesanato2a.jpg 690w\" sizes=\"(max-width: 300px) 100vw, 300px\" \/><\/a>\n\t\t\t<\/dt><\/dl><dl class='gallery-item'>\n\t\t\t<dt class='gallery-icon landscape'>\n\t\t\t\t<a data-rel=\"iLightbox[postimages]\" data-title=\"refugiados_missao_roraima_reuniao_cri_1f\" data-caption=\"\" href='https:\/\/www.fraterinternacional.org\/wp-content\/uploads\/2017\/02\/refugiados_missao_roraima_reuniao_cri_1f.jpg'><img decoding=\"async\" width=\"300\" height=\"169\" src=\"https:\/\/www.fraterinternacional.org\/wp-content\/uploads\/2017\/02\/refugiados_missao_roraima_reuniao_cri_1f-300x169.jpg\" class=\"attachment-medium size-medium\" alt=\"\" srcset=\"https:\/\/www.fraterinternacional.org\/wp-content\/uploads\/2017\/02\/refugiados_missao_roraima_reuniao_cri_1f-200x112.jpg 200w, https:\/\/www.fraterinternacional.org\/wp-content\/uploads\/2017\/02\/refugiados_missao_roraima_reuniao_cri_1f-300x169.jpg 300w, https:\/\/www.fraterinternacional.org\/wp-content\/uploads\/2017\/02\/refugiados_missao_roraima_reuniao_cri_1f-400x225.jpg 400w, https:\/\/www.fraterinternacional.org\/wp-content\/uploads\/2017\/02\/refugiados_missao_roraima_reuniao_cri_1f-600x337.jpg 600w, https:\/\/www.fraterinternacional.org\/wp-content\/uploads\/2017\/02\/refugiados_missao_roraima_reuniao_cri_1f.jpg 690w\" sizes=\"(max-width: 300px) 100vw, 300px\" \/><\/a>\n\t\t\t<\/dt><\/dl><br style=\"clear: both\" \/><dl class='gallery-item'>\n\t\t\t<dt class='gallery-icon landscape'>\n\t\t\t\t<a data-rel=\"iLightbox[postimages]\" data-title=\"refugiados_missao_roraima_refeicao_cri_1f\" data-caption=\"\" href='https:\/\/www.fraterinternacional.org\/wp-content\/uploads\/2017\/02\/refugiados_missao_roraima_refeicao_cri_1f.jpg'><img decoding=\"async\" width=\"300\" height=\"169\" src=\"https:\/\/www.fraterinternacional.org\/wp-content\/uploads\/2017\/02\/refugiados_missao_roraima_refeicao_cri_1f-300x169.jpg\" class=\"attachment-medium size-medium\" alt=\"\" srcset=\"https:\/\/www.fraterinternacional.org\/wp-content\/uploads\/2017\/02\/refugiados_missao_roraima_refeicao_cri_1f-200x112.jpg 200w, https:\/\/www.fraterinternacional.org\/wp-content\/uploads\/2017\/02\/refugiados_missao_roraima_refeicao_cri_1f-300x169.jpg 300w, https:\/\/www.fraterinternacional.org\/wp-content\/uploads\/2017\/02\/refugiados_missao_roraima_refeicao_cri_1f-400x225.jpg 400w, https:\/\/www.fraterinternacional.org\/wp-content\/uploads\/2017\/02\/refugiados_missao_roraima_refeicao_cri_1f-600x337.jpg 600w, https:\/\/www.fraterinternacional.org\/wp-content\/uploads\/2017\/02\/refugiados_missao_roraima_refeicao_cri_1f.jpg 690w\" sizes=\"(max-width: 300px) 100vw, 300px\" \/><\/a>\n\t\t\t<\/dt><\/dl><dl class='gallery-item'>\n\t\t\t<dt class='gallery-icon landscape'>\n\t\t\t\t<a data-rel=\"iLightbox[postimages]\" data-title=\"refugiados_missao_roraima_reuniao_comunidade_indigena_2f\" data-caption=\"\" href='https:\/\/www.fraterinternacional.org\/wp-content\/uploads\/2017\/02\/refugiados_missao_roraima_reuniao_comunidade_indigena_2f.jpg'><img decoding=\"async\" width=\"300\" height=\"169\" src=\"https:\/\/www.fraterinternacional.org\/wp-content\/uploads\/2017\/02\/refugiados_missao_roraima_reuniao_comunidade_indigena_2f-300x169.jpg\" class=\"attachment-medium size-medium\" alt=\"\" srcset=\"https:\/\/www.fraterinternacional.org\/wp-content\/uploads\/2017\/02\/refugiados_missao_roraima_reuniao_comunidade_indigena_2f-200x112.jpg 200w, https:\/\/www.fraterinternacional.org\/wp-content\/uploads\/2017\/02\/refugiados_missao_roraima_reuniao_comunidade_indigena_2f-300x169.jpg 300w, https:\/\/www.fraterinternacional.org\/wp-content\/uploads\/2017\/02\/refugiados_missao_roraima_reuniao_comunidade_indigena_2f-400x225.jpg 400w, https:\/\/www.fraterinternacional.org\/wp-content\/uploads\/2017\/02\/refugiados_missao_roraima_reuniao_comunidade_indigena_2f-600x337.jpg 600w, https:\/\/www.fraterinternacional.org\/wp-content\/uploads\/2017\/02\/refugiados_missao_roraima_reuniao_comunidade_indigena_2f.jpg 690w\" sizes=\"(max-width: 300px) 100vw, 300px\" \/><\/a>\n\t\t\t<\/dt><\/dl><br style=\"clear: both\" \/><dl class='gallery-item'>\n\t\t\t<dt class='gallery-icon landscape'>\n\t\t\t\t<a data-rel=\"iLightbox[postimages]\" data-title=\"refugiados_missao_roraima_visita_comunidade_2f\" data-caption=\"\" href='https:\/\/www.fraterinternacional.org\/wp-content\/uploads\/2017\/02\/refugiados_missao_roraima_visita_comunidade_2f.jpg'><img decoding=\"async\" width=\"300\" height=\"169\" src=\"https:\/\/www.fraterinternacional.org\/wp-content\/uploads\/2017\/02\/refugiados_missao_roraima_visita_comunidade_2f-300x169.jpg\" class=\"attachment-medium size-medium\" alt=\"\" srcset=\"https:\/\/www.fraterinternacional.org\/wp-content\/uploads\/2017\/02\/refugiados_missao_roraima_visita_comunidade_2f-200x112.jpg 200w, https:\/\/www.fraterinternacional.org\/wp-content\/uploads\/2017\/02\/refugiados_missao_roraima_visita_comunidade_2f-300x169.jpg 300w, https:\/\/www.fraterinternacional.org\/wp-content\/uploads\/2017\/02\/refugiados_missao_roraima_visita_comunidade_2f-400x225.jpg 400w, https:\/\/www.fraterinternacional.org\/wp-content\/uploads\/2017\/02\/refugiados_missao_roraima_visita_comunidade_2f-600x337.jpg 600w, https:\/\/www.fraterinternacional.org\/wp-content\/uploads\/2017\/02\/refugiados_missao_roraima_visita_comunidade_2f.jpg 690w\" sizes=\"(max-width: 300px) 100vw, 300px\" \/><\/a>\n\t\t\t<\/dt><\/dl><dl class='gallery-item'>\n\t\t\t<dt class='gallery-icon landscape'>\n\t\t\t\t<a data-rel=\"iLightbox[postimages]\" data-title=\"refugiados_missao_roraima_caminhao_cri_1g\" data-caption=\"\" href='https:\/\/www.fraterinternacional.org\/wp-content\/uploads\/2017\/02\/refugiados_missao_roraima_caminhao_cri_1g.jpg'><img decoding=\"async\" width=\"300\" height=\"169\" src=\"https:\/\/www.fraterinternacional.org\/wp-content\/uploads\/2017\/02\/refugiados_missao_roraima_caminhao_cri_1g-300x169.jpg\" class=\"attachment-medium size-medium\" alt=\"\" srcset=\"https:\/\/www.fraterinternacional.org\/wp-content\/uploads\/2017\/02\/refugiados_missao_roraima_caminhao_cri_1g-200x112.jpg 200w, https:\/\/www.fraterinternacional.org\/wp-content\/uploads\/2017\/02\/refugiados_missao_roraima_caminhao_cri_1g-300x169.jpg 300w, https:\/\/www.fraterinternacional.org\/wp-content\/uploads\/2017\/02\/refugiados_missao_roraima_caminhao_cri_1g-400x225.jpg 400w, https:\/\/www.fraterinternacional.org\/wp-content\/uploads\/2017\/02\/refugiados_missao_roraima_caminhao_cri_1g-600x337.jpg 600w, https:\/\/www.fraterinternacional.org\/wp-content\/uploads\/2017\/02\/refugiados_missao_roraima_caminhao_cri_1g.jpg 690w\" sizes=\"(max-width: 300px) 100vw, 300px\" \/><\/a>\n\t\t\t<\/dt><\/dl><br style=\"clear: both\" \/><dl class='gallery-item'>\n\t\t\t<dt class='gallery-icon landscape'>\n\t\t\t\t<a data-rel=\"iLightbox[postimages]\" data-title=\"refugiados_missao_roraima_corte_cabelo_1g\" data-caption=\"\" href='https:\/\/www.fraterinternacional.org\/wp-content\/uploads\/2017\/02\/refugiados_missao_roraima_corte_cabelo_1g.jpg'><img decoding=\"async\" width=\"300\" height=\"169\" src=\"https:\/\/www.fraterinternacional.org\/wp-content\/uploads\/2017\/02\/refugiados_missao_roraima_corte_cabelo_1g-300x169.jpg\" class=\"attachment-medium size-medium\" alt=\"\" srcset=\"https:\/\/www.fraterinternacional.org\/wp-content\/uploads\/2017\/02\/refugiados_missao_roraima_corte_cabelo_1g-200x112.jpg 200w, https:\/\/www.fraterinternacional.org\/wp-content\/uploads\/2017\/02\/refugiados_missao_roraima_corte_cabelo_1g-300x169.jpg 300w, https:\/\/www.fraterinternacional.org\/wp-content\/uploads\/2017\/02\/refugiados_missao_roraima_corte_cabelo_1g-400x225.jpg 400w, https:\/\/www.fraterinternacional.org\/wp-content\/uploads\/2017\/02\/refugiados_missao_roraima_corte_cabelo_1g-600x337.jpg 600w, https:\/\/www.fraterinternacional.org\/wp-content\/uploads\/2017\/02\/refugiados_missao_roraima_corte_cabelo_1g.jpg 690w\" sizes=\"(max-width: 300px) 100vw, 300px\" \/><\/a>\n\t\t\t<\/dt><\/dl><dl class='gallery-item'>\n\t\t\t<dt class='gallery-icon landscape'>\n\t\t\t\t<a data-rel=\"iLightbox[postimages]\" data-title=\"refugiados_missao_roraima_reuniao_caminhao_cri_1g\" data-caption=\"\" href='https:\/\/www.fraterinternacional.org\/wp-content\/uploads\/2017\/02\/refugiados_missao_roraima_reuniao_caminhao_cri_1g.jpg'><img decoding=\"async\" width=\"300\" height=\"169\" src=\"https:\/\/www.fraterinternacional.org\/wp-content\/uploads\/2017\/02\/refugiados_missao_roraima_reuniao_caminhao_cri_1g-300x169.jpg\" class=\"attachment-medium size-medium\" alt=\"\" srcset=\"https:\/\/www.fraterinternacional.org\/wp-content\/uploads\/2017\/02\/refugiados_missao_roraima_reuniao_caminhao_cri_1g-200x112.jpg 200w, https:\/\/www.fraterinternacional.org\/wp-content\/uploads\/2017\/02\/refugiados_missao_roraima_reuniao_caminhao_cri_1g-300x169.jpg 300w, https:\/\/www.fraterinternacional.org\/wp-content\/uploads\/2017\/02\/refugiados_missao_roraima_reuniao_caminhao_cri_1g-400x225.jpg 400w, https:\/\/www.fraterinternacional.org\/wp-content\/uploads\/2017\/02\/refugiados_missao_roraima_reuniao_caminhao_cri_1g-600x337.jpg 600w, https:\/\/www.fraterinternacional.org\/wp-content\/uploads\/2017\/02\/refugiados_missao_roraima_reuniao_caminhao_cri_1g.jpg 690w\" sizes=\"(max-width: 300px) 100vw, 300px\" \/><\/a>\n\t\t\t<\/dt><\/dl><br style=\"clear: both\" \/><dl class='gallery-item'>\n\t\t\t<dt class='gallery-icon landscape'>\n\t\t\t\t<a data-rel=\"iLightbox[postimages]\" data-title=\"refugiados_missao_roraima_entrevista_radio_1c\" data-caption=\"\" href='https:\/\/www.fraterinternacional.org\/wp-content\/uploads\/2017\/02\/refugiados_missao_roraima_entrevista_radio_1c.jpg'><img decoding=\"async\" width=\"300\" height=\"169\" src=\"https:\/\/www.fraterinternacional.org\/wp-content\/uploads\/2017\/02\/refugiados_missao_roraima_entrevista_radio_1c-300x169.jpg\" class=\"attachment-medium size-medium\" alt=\"\" srcset=\"https:\/\/www.fraterinternacional.org\/wp-content\/uploads\/2017\/02\/refugiados_missao_roraima_entrevista_radio_1c-200x112.jpg 200w, https:\/\/www.fraterinternacional.org\/wp-content\/uploads\/2017\/02\/refugiados_missao_roraima_entrevista_radio_1c-300x169.jpg 300w, https:\/\/www.fraterinternacional.org\/wp-content\/uploads\/2017\/02\/refugiados_missao_roraima_entrevista_radio_1c-400x225.jpg 400w, https:\/\/www.fraterinternacional.org\/wp-content\/uploads\/2017\/02\/refugiados_missao_roraima_entrevista_radio_1c-600x337.jpg 600w, https:\/\/www.fraterinternacional.org\/wp-content\/uploads\/2017\/02\/refugiados_missao_roraima_entrevista_radio_1c.jpg 690w\" sizes=\"(max-width: 300px) 100vw, 300px\" \/><\/a>\n\t\t\t<\/dt><\/dl><dl class='gallery-item'>\n\t\t\t<dt class='gallery-icon landscape'>\n\t\t\t\t<a data-rel=\"iLightbox[postimages]\" data-title=\"refugiados_missao_roraima_reuniao_comunidade_indigena_1c\" data-caption=\"\" href='https:\/\/www.fraterinternacional.org\/wp-content\/uploads\/2017\/02\/refugiados_missao_roraima_reuniao_comunidade_indigena_1c.jpg'><img decoding=\"async\" width=\"300\" height=\"169\" src=\"https:\/\/www.fraterinternacional.org\/wp-content\/uploads\/2017\/02\/refugiados_missao_roraima_reuniao_comunidade_indigena_1c-300x169.jpg\" class=\"attachment-medium size-medium\" alt=\"\" srcset=\"https:\/\/www.fraterinternacional.org\/wp-content\/uploads\/2017\/02\/refugiados_missao_roraima_reuniao_comunidade_indigena_1c-200x112.jpg 200w, https:\/\/www.fraterinternacional.org\/wp-content\/uploads\/2017\/02\/refugiados_missao_roraima_reuniao_comunidade_indigena_1c-300x169.jpg 300w, https:\/\/www.fraterinternacional.org\/wp-content\/uploads\/2017\/02\/refugiados_missao_roraima_reuniao_comunidade_indigena_1c-400x225.jpg 400w, https:\/\/www.fraterinternacional.org\/wp-content\/uploads\/2017\/02\/refugiados_missao_roraima_reuniao_comunidade_indigena_1c-600x337.jpg 600w, https:\/\/www.fraterinternacional.org\/wp-content\/uploads\/2017\/02\/refugiados_missao_roraima_reuniao_comunidade_indigena_1c.jpg 690w\" sizes=\"(max-width: 300px) 100vw, 300px\" \/><\/a>\n\t\t\t<\/dt><\/dl><br style=\"clear: both\" \/>\n\t\t<\/div>\n\n","protected":false},"excerpt":{"rendered":"<p>Announcements of Feb 21 thru 25 At the beginning of last week, the missionaries and Indigenous Chiefs went to FUNAI [&hellip;]<\/p>\n","protected":false},"author":11,"featured_media":48649,"comment_status":"closed","ping_status":"closed","sticky":false,"template":"","format":"standard","meta":{"footnotes":""},"categories":[121,150],"tags":[228,100,3376,101],"class_list":["post-48885","post","type-post","status-publish","format-standard","has-post-thumbnail","hentry","category-network-of-light","category-news","tag-diary","tag-humanitarian-service","tag-missao-roraima-humanitaria-en","tag-nuclei-of-light"],"yoast_head":"<!-- This site is optimized with the Yoast SEO Premium plugin v21.0 (Yoast SEO v21.0) - https:\/\/yoast.com\/wordpress\/plugins\/seo\/ -->\n<title>Humanitarian Roraima Mission \u2013 announcements of Feb 21 thru 25<\/title>\n<meta name=\"description\" content=\"Announcements of Humanitarian Roraima Mission of February 21 thru 25. Meeting at FUNAI touched on the support to the refugees in the CRI.\" \/>\n<meta name=\"robots\" content=\"index, follow, max-snippet:-1, max-image-preview:large, max-video-preview:-1\" \/>\n<link rel=\"canonical\" href=\"https:\/\/www.fraterinternacional.org\/en\/humanitarian-roraima-mission-announcements-feb-21-thru-25\/\" \/>\n<meta property=\"og:locale\" content=\"en_US\" \/>\n<meta property=\"og:type\" content=\"article\" \/>\n<meta property=\"og:title\" content=\"Humanitarian Roraima Mission \u2013 Learn about what happened between the Feb 21 and 25.\" \/>\n<meta property=\"og:description\" content=\"Meeting at FUNAI touched on the support to the refugees in the CRI. Missionaries and Warao Indigenous people visited several Indigenous communities in Roraima.\" \/>\n<meta property=\"og:url\" content=\"https:\/\/www.fraterinternacional.org\/en\/humanitarian-roraima-mission-announcements-feb-21-thru-25\/\" \/>\n<meta property=\"og:site_name\" content=\"Fraternidade - Federa\u00e7\u00e3o Humanit\u00e1ria Internacional\" \/>\n<meta property=\"article:publisher\" content=\"https:\/\/www.facebook.com\/fraternidadehumanitaria\" \/>\n<meta property=\"article:published_time\" content=\"2017-02-28T22:54:45+00:00\" \/>\n<meta property=\"article:modified_time\" content=\"2017-02-28T22:58:22+00:00\" \/>\n<meta property=\"og:image\" content=\"http:\/\/www.fraterinternacional.org\/wp-content\/uploads\/2017\/02\/refugiados_missao_roraima_rede_artesanato1a.jpg\" \/>\n<meta name=\"author\" content=\"Nelson Frater\" \/>\n<meta name=\"twitter:card\" content=\"summary_large_image\" \/>\n<meta name=\"twitter:title\" content=\"Humanitarian Roraima Mission \u2013 announcements of Feb 21 thru 25\" \/>\n<meta name=\"twitter:creator\" content=\"@fraternidadeFHI\" \/>\n<meta name=\"twitter:site\" content=\"@fraternidadeFHI\" \/>\n<meta name=\"twitter:label1\" content=\"Written by\" \/>\n\t<meta name=\"twitter:data1\" content=\"Nelson Frater\" \/>\n\t<meta name=\"twitter:label2\" content=\"Est. reading time\" \/>\n\t<meta name=\"twitter:data2\" content=\"3 minutes\" \/>\n<script type=\"application\/ld+json\" class=\"yoast-schema-graph\">{\"@context\":\"https:\/\/schema.org\",\"@graph\":[{\"@type\":\"WebPage\",\"@id\":\"https:\/\/www.fraterinternacional.org\/en\/humanitarian-roraima-mission-announcements-feb-21-thru-25\/\",\"url\":\"https:\/\/www.fraterinternacional.org\/en\/humanitarian-roraima-mission-announcements-feb-21-thru-25\/\",\"name\":\"Humanitarian Roraima Mission \u2013 announcements of Feb 21 thru 25\",\"isPartOf\":{\"@id\":\"https:\/\/www.fraterinternacional.org\/es\/#website\"},\"datePublished\":\"2017-02-28T22:54:45+00:00\",\"dateModified\":\"2017-02-28T22:58:22+00:00\",\"author\":{\"@id\":\"https:\/\/www.fraterinternacional.org\/es\/#\/schema\/person\/facd24ae5f7e6b4ee1aeec7ad1b960ae\"},\"description\":\"Announcements of Humanitarian Roraima Mission of February 21 thru 25. Meeting at FUNAI touched on the support to the refugees in the CRI.\",\"breadcrumb\":{\"@id\":\"https:\/\/www.fraterinternacional.org\/en\/humanitarian-roraima-mission-announcements-feb-21-thru-25\/#breadcrumb\"},\"inLanguage\":\"en-US\",\"potentialAction\":[{\"@type\":\"ReadAction\",\"target\":[\"https:\/\/www.fraterinternacional.org\/en\/humanitarian-roraima-mission-announcements-feb-21-thru-25\/\"]}]},{\"@type\":\"BreadcrumbList\",\"@id\":\"https:\/\/www.fraterinternacional.org\/en\/humanitarian-roraima-mission-announcements-feb-21-thru-25\/#breadcrumb\",\"itemListElement\":[{\"@type\":\"ListItem\",\"position\":1,\"name\":\"In\u00edcio\",\"item\":\"https:\/\/www.fraterinternacional.org\/en\/\"},{\"@type\":\"ListItem\",\"position\":2,\"name\":\"Humanitarian Roraima Mission \u2013 announcements of Feb 21 thru 25\"}]},{\"@type\":\"WebSite\",\"@id\":\"https:\/\/www.fraterinternacional.org\/es\/#website\",\"url\":\"https:\/\/www.fraterinternacional.org\/es\/\",\"name\":\"Fraternidade - Federa\u00e7\u00e3o Humanit\u00e1ria Internacional\",\"description\":\"Fraternidade - Federa\u00e7\u00e3o Humanit\u00e1ria Internacional\",\"potentialAction\":[{\"@type\":\"SearchAction\",\"target\":{\"@type\":\"EntryPoint\",\"urlTemplate\":\"https:\/\/www.fraterinternacional.org\/es\/?s={search_term_string}\"},\"query-input\":\"required name=search_term_string\"}],\"inLanguage\":\"en-US\"},{\"@type\":\"Person\",\"@id\":\"https:\/\/www.fraterinternacional.org\/es\/#\/schema\/person\/facd24ae5f7e6b4ee1aeec7ad1b960ae\",\"name\":\"Nelson Frater\"}]}<\/script>\n<!-- \/ Yoast SEO Premium plugin. -->","yoast_head_json":{"title":"Humanitarian Roraima Mission \u2013 announcements of Feb 21 thru 25","description":"Announcements of Humanitarian Roraima Mission of February 21 thru 25. Meeting at FUNAI touched on the support to the refugees in the CRI.","robots":{"index":"index","follow":"follow","max-snippet":"max-snippet:-1","max-image-preview":"max-image-preview:large","max-video-preview":"max-video-preview:-1"},"canonical":"https:\/\/www.fraterinternacional.org\/en\/humanitarian-roraima-mission-announcements-feb-21-thru-25\/","og_locale":"en_US","og_type":"article","og_title":"Humanitarian Roraima Mission \u2013 Learn about what happened between the Feb 21 and 25.","og_description":"Meeting at FUNAI touched on the support to the refugees in the CRI. Missionaries and Warao Indigenous people visited several Indigenous communities in Roraima.","og_url":"https:\/\/www.fraterinternacional.org\/en\/humanitarian-roraima-mission-announcements-feb-21-thru-25\/","og_site_name":"Fraternidade - Federa\u00e7\u00e3o Humanit\u00e1ria Internacional","article_publisher":"https:\/\/www.facebook.com\/fraternidadehumanitaria","article_published_time":"2017-02-28T22:54:45+00:00","article_modified_time":"2017-02-28T22:58:22+00:00","og_image":[{"url":"http:\/\/www.fraterinternacional.org\/wp-content\/uploads\/2017\/02\/refugiados_missao_roraima_rede_artesanato1a.jpg"}],"author":"Nelson Frater","twitter_card":"summary_large_image","twitter_title":"Humanitarian Roraima Mission \u2013 announcements of Feb 21 thru 25","twitter_creator":"@fraternidadeFHI","twitter_site":"@fraternidadeFHI","twitter_misc":{"Written by":"Nelson Frater","Est. reading time":"3 minutes"},"schema":{"@context":"https:\/\/schema.org","@graph":[{"@type":"WebPage","@id":"https:\/\/www.fraterinternacional.org\/en\/humanitarian-roraima-mission-announcements-feb-21-thru-25\/","url":"https:\/\/www.fraterinternacional.org\/en\/humanitarian-roraima-mission-announcements-feb-21-thru-25\/","name":"Humanitarian Roraima Mission \u2013 announcements of Feb 21 thru 25","isPartOf":{"@id":"https:\/\/www.fraterinternacional.org\/es\/#website"},"datePublished":"2017-02-28T22:54:45+00:00","dateModified":"2017-02-28T22:58:22+00:00","author":{"@id":"https:\/\/www.fraterinternacional.org\/es\/#\/schema\/person\/facd24ae5f7e6b4ee1aeec7ad1b960ae"},"description":"Announcements of Humanitarian Roraima Mission of February 21 thru 25. Meeting at FUNAI touched on the support to the refugees in the CRI.","breadcrumb":{"@id":"https:\/\/www.fraterinternacional.org\/en\/humanitarian-roraima-mission-announcements-feb-21-thru-25\/#breadcrumb"},"inLanguage":"en-US","potentialAction":[{"@type":"ReadAction","target":["https:\/\/www.fraterinternacional.org\/en\/humanitarian-roraima-mission-announcements-feb-21-thru-25\/"]}]},{"@type":"BreadcrumbList","@id":"https:\/\/www.fraterinternacional.org\/en\/humanitarian-roraima-mission-announcements-feb-21-thru-25\/#breadcrumb","itemListElement":[{"@type":"ListItem","position":1,"name":"In\u00edcio","item":"https:\/\/www.fraterinternacional.org\/en\/"},{"@type":"ListItem","position":2,"name":"Humanitarian Roraima Mission \u2013 announcements of Feb 21 thru 25"}]},{"@type":"WebSite","@id":"https:\/\/www.fraterinternacional.org\/es\/#website","url":"https:\/\/www.fraterinternacional.org\/es\/","name":"Fraternidade - Federa\u00e7\u00e3o Humanit\u00e1ria Internacional","description":"Fraternidade - Federa\u00e7\u00e3o Humanit\u00e1ria Internacional","potentialAction":[{"@type":"SearchAction","target":{"@type":"EntryPoint","urlTemplate":"https:\/\/www.fraterinternacional.org\/es\/?s={search_term_string}"},"query-input":"required name=search_term_string"}],"inLanguage":"en-US"},{"@type":"Person","@id":"https:\/\/www.fraterinternacional.org\/es\/#\/schema\/person\/facd24ae5f7e6b4ee1aeec7ad1b960ae","name":"Nelson Frater"}]}},"_links":{"self":[{"href":"https:\/\/www.fraterinternacional.org\/en\/wp-json\/wp\/v2\/posts\/48885"}],"collection":[{"href":"https:\/\/www.fraterinternacional.org\/en\/wp-json\/wp\/v2\/posts"}],"about":[{"href":"https:\/\/www.fraterinternacional.org\/en\/wp-json\/wp\/v2\/types\/post"}],"author":[{"embeddable":true,"href":"https:\/\/www.fraterinternacional.org\/en\/wp-json\/wp\/v2\/users\/11"}],"replies":[{"embeddable":true,"href":"https:\/\/www.fraterinternacional.org\/en\/wp-json\/wp\/v2\/comments?post=48885"}],"version-history":[{"count":0,"href":"https:\/\/www.fraterinternacional.org\/en\/wp-json\/wp\/v2\/posts\/48885\/revisions"}],"wp:featuredmedia":[{"embeddable":true,"href":"https:\/\/www.fraterinternacional.org\/en\/wp-json\/wp\/v2\/media\/48649"}],"wp:attachment":[{"href":"https:\/\/www.fraterinternacional.org\/en\/wp-json\/wp\/v2\/media?parent=48885"}],"wp:term":[{"taxonomy":"category","embeddable":true,"href":"https:\/\/www.fraterinternacional.org\/en\/wp-json\/wp\/v2\/categories?post=48885"},{"taxonomy":"post_tag","embeddable":true,"href":"https:\/\/www.fraterinternacional.org\/en\/wp-json\/wp\/v2\/tags?post=48885"}],"curies":[{"name":"wp","href":"https:\/\/api.w.org\/{rel}","templated":true}]}}