{"id":46411,"date":"2017-02-06T17:38:22","date_gmt":"2017-02-06T20:38:22","guid":{"rendered":"http:\/\/www.fraterinternacional.org\/?p=46411\/"},"modified":"2017-02-06T17:39:58","modified_gmt":"2017-02-06T20:39:58","slug":"emergency-chile-mission-group-training-carmo-cachoeira","status":"publish","type":"post","link":"https:\/\/www.fraterinternacional.org\/en\/emergency-chile-mission-group-training-carmo-cachoeira\/","title":{"rendered":"Emergency Chile Mission: group does training in Carmo da Cachoeira"},"content":{"rendered":"<p class=\"p1\" style=\"text-align: justify;\">On February 5 and 6, the team that will participate in the Emergency Chile Mission conducted trainings in the headquarters of the <b>Fraternidade \u2013 International Humanitarian Federation <\/b>\u2013 in the city of Carmo da Cachoeira, South of the State of Minas Gerais, Brazil. A First-Aid and fire fighting training was conducted.<\/p>\n<p class=\"p1\" style=\"text-align: justify;\">The team of the Fraternidade, composed by missionaries, monastics of the <a href=\"http:\/\/www.fraterinternacional.org\/en\/grace-mercy-order\/\">Grace Mercy Order<\/a> and members of the Planetary <a href=\"http:\/\/www.fraterinternacional.org\/en\/network-of-light\/\">Network-of-Light<\/a>, spent the day in training offered by the <a href=\"http:\/\/www.fraterinternacional.org\/en\/emergencies\/\">Solar Group<\/a>. First-Aid training, immobilization and transportation of victims and also techniques of control and extinction of fires.<\/p>\n<p class=\"p1\" style=\"text-align: justify;\">\u201cMaking these first contacts is very special, as well as meeting the people and making the preparations for the trip. With all the instruction that we are receiving, it is possible to make a mapping of how the situation will be. We are all with the spirit of joy to do what is needed\u201d, said Akbar, a monk of the Grace Mercy Order.<\/p>\n<p class=\"p1\" style=\"text-align: justify;\">The team is leaving to Chile, with the objective of attending the emergencies and the needs that have arisen due to the big fires that are taking place in this country of South America.<\/p>\n<p class=\"p1\" style=\"text-align: justify;\">\u201cIn these two days of meeting that we had, we perceived that something is being built approaching the brothers and sisters to one another. All have united their hearts\u201d, said Friar Faustino, of the Grace Mercy Order.<\/p>\n\n\t\t<style type=\"text\/css\">\n\t\t\t#gallery-1 {\n\t\t\t\tmargin: auto;\n\t\t\t}\n\t\t\t#gallery-1 .gallery-item {\n\t\t\t\tfloat: left;\n\t\t\t\tmargin-top: 10px;\n\t\t\t\ttext-align: center;\n\t\t\t\twidth: 50%;\n\t\t\t}\n\t\t\t#gallery-1 img {\n\t\t\t\tborder: 2px solid #cfcfcf;\n\t\t\t}\n\t\t\t#gallery-1 .gallery-caption {\n\t\t\t\tmargin-left: 0;\n\t\t\t}\n\t\t\t\/* see gallery_shortcode() in wp-includes\/media.php *\/\n\t\t<\/style>\n\t\t<div id='gallery-1' class='gallery galleryid-46411 gallery-columns-2 gallery-size-medium'><dl class='gallery-item'>\n\t\t\t<dt class='gallery-icon landscape'>\n\t\t\t\t<a data-rel=\"iLightbox[postimages]\" data-title=\"missao_chile_treinamento1\" data-caption=\"\" href='https:\/\/www.fraterinternacional.org\/wp-content\/uploads\/2017\/02\/missao_chile_treinamento1.jpg'><img decoding=\"async\" width=\"300\" height=\"169\" src=\"https:\/\/www.fraterinternacional.org\/wp-content\/uploads\/2017\/02\/missao_chile_treinamento1-300x169.jpg\" class=\"attachment-medium size-medium\" alt=\"\" srcset=\"https:\/\/www.fraterinternacional.org\/wp-content\/uploads\/2017\/02\/missao_chile_treinamento1-200x112.jpg 200w, https:\/\/www.fraterinternacional.org\/wp-content\/uploads\/2017\/02\/missao_chile_treinamento1-300x169.jpg 300w, https:\/\/www.fraterinternacional.org\/wp-content\/uploads\/2017\/02\/missao_chile_treinamento1-400x225.jpg 400w, https:\/\/www.fraterinternacional.org\/wp-content\/uploads\/2017\/02\/missao_chile_treinamento1-600x337.jpg 600w, https:\/\/www.fraterinternacional.org\/wp-content\/uploads\/2017\/02\/missao_chile_treinamento1.jpg 690w\" sizes=\"(max-width: 300px) 100vw, 300px\" \/><\/a>\n\t\t\t<\/dt><\/dl><dl class='gallery-item'>\n\t\t\t<dt class='gallery-icon landscape'>\n\t\t\t\t<a data-rel=\"iLightbox[postimages]\" data-title=\"missao_chile_treinamento2\" data-caption=\"\" href='https:\/\/www.fraterinternacional.org\/wp-content\/uploads\/2017\/02\/missao_chile_treinamento2.jpg'><img decoding=\"async\" width=\"300\" height=\"169\" src=\"https:\/\/www.fraterinternacional.org\/wp-content\/uploads\/2017\/02\/missao_chile_treinamento2-300x169.jpg\" class=\"attachment-medium size-medium\" alt=\"\" srcset=\"https:\/\/www.fraterinternacional.org\/wp-content\/uploads\/2017\/02\/missao_chile_treinamento2-200x112.jpg 200w, https:\/\/www.fraterinternacional.org\/wp-content\/uploads\/2017\/02\/missao_chile_treinamento2-300x169.jpg 300w, https:\/\/www.fraterinternacional.org\/wp-content\/uploads\/2017\/02\/missao_chile_treinamento2-400x225.jpg 400w, https:\/\/www.fraterinternacional.org\/wp-content\/uploads\/2017\/02\/missao_chile_treinamento2-600x337.jpg 600w, https:\/\/www.fraterinternacional.org\/wp-content\/uploads\/2017\/02\/missao_chile_treinamento2.jpg 690w\" sizes=\"(max-width: 300px) 100vw, 300px\" \/><\/a>\n\t\t\t<\/dt><\/dl><br style=\"clear: both\" \/><dl class='gallery-item'>\n\t\t\t<dt class='gallery-icon portrait'>\n\t\t\t\t<a data-rel=\"iLightbox[postimages]\" data-title=\"missao_chile_treinamento4\" data-caption=\"\" href='https:\/\/www.fraterinternacional.org\/wp-content\/uploads\/2017\/02\/missao_chile_treinamento4.jpg'><img decoding=\"async\" width=\"169\" height=\"300\" src=\"https:\/\/www.fraterinternacional.org\/wp-content\/uploads\/2017\/02\/missao_chile_treinamento4-169x300.jpg\" class=\"attachment-medium size-medium\" alt=\"\" srcset=\"https:\/\/www.fraterinternacional.org\/wp-content\/uploads\/2017\/02\/missao_chile_treinamento4-169x300.jpg 169w, https:\/\/www.fraterinternacional.org\/wp-content\/uploads\/2017\/02\/missao_chile_treinamento4-200x356.jpg 200w, https:\/\/www.fraterinternacional.org\/wp-content\/uploads\/2017\/02\/missao_chile_treinamento4.jpg 400w\" sizes=\"(max-width: 169px) 100vw, 169px\" \/><\/a>\n\t\t\t<\/dt><\/dl><dl class='gallery-item'>\n\t\t\t<dt class='gallery-icon portrait'>\n\t\t\t\t<a data-rel=\"iLightbox[postimages]\" data-title=\"missao_chile_treinamento5\" data-caption=\"\" href='https:\/\/www.fraterinternacional.org\/wp-content\/uploads\/2017\/02\/missao_chile_treinamento5.jpg'><img decoding=\"async\" width=\"169\" height=\"300\" src=\"https:\/\/www.fraterinternacional.org\/wp-content\/uploads\/2017\/02\/missao_chile_treinamento5-169x300.jpg\" class=\"attachment-medium size-medium\" alt=\"\" srcset=\"https:\/\/www.fraterinternacional.org\/wp-content\/uploads\/2017\/02\/missao_chile_treinamento5-169x300.jpg 169w, https:\/\/www.fraterinternacional.org\/wp-content\/uploads\/2017\/02\/missao_chile_treinamento5-200x356.jpg 200w, https:\/\/www.fraterinternacional.org\/wp-content\/uploads\/2017\/02\/missao_chile_treinamento5.jpg 400w\" sizes=\"(max-width: 169px) 100vw, 169px\" \/><\/a>\n\t\t\t<\/dt><\/dl><br style=\"clear: both\" \/><dl class='gallery-item'>\n\t\t\t<dt class='gallery-icon landscape'>\n\t\t\t\t<a data-rel=\"iLightbox[postimages]\" data-title=\"missao_chile_treinamento6\" data-caption=\"\" href='https:\/\/www.fraterinternacional.org\/wp-content\/uploads\/2017\/02\/missao_chile_treinamento6.jpg'><img decoding=\"async\" width=\"300\" height=\"169\" src=\"https:\/\/www.fraterinternacional.org\/wp-content\/uploads\/2017\/02\/missao_chile_treinamento6-300x169.jpg\" class=\"attachment-medium size-medium\" alt=\"\" srcset=\"https:\/\/www.fraterinternacional.org\/wp-content\/uploads\/2017\/02\/missao_chile_treinamento6-200x112.jpg 200w, https:\/\/www.fraterinternacional.org\/wp-content\/uploads\/2017\/02\/missao_chile_treinamento6-300x169.jpg 300w, https:\/\/www.fraterinternacional.org\/wp-content\/uploads\/2017\/02\/missao_chile_treinamento6-400x225.jpg 400w, https:\/\/www.fraterinternacional.org\/wp-content\/uploads\/2017\/02\/missao_chile_treinamento6-600x337.jpg 600w, https:\/\/www.fraterinternacional.org\/wp-content\/uploads\/2017\/02\/missao_chile_treinamento6.jpg 690w\" sizes=\"(max-width: 300px) 100vw, 300px\" \/><\/a>\n\t\t\t<\/dt><\/dl><dl class='gallery-item'>\n\t\t\t<dt class='gallery-icon landscape'>\n\t\t\t\t<a data-rel=\"iLightbox[postimages]\" data-title=\"missao_chile_treinamento3\" data-caption=\"\" href='https:\/\/www.fraterinternacional.org\/wp-content\/uploads\/2017\/02\/missao_chile_treinamento3.jpg'><img decoding=\"async\" width=\"300\" height=\"169\" src=\"https:\/\/www.fraterinternacional.org\/wp-content\/uploads\/2017\/02\/missao_chile_treinamento3-300x169.jpg\" class=\"attachment-medium size-medium\" alt=\"\" srcset=\"https:\/\/www.fraterinternacional.org\/wp-content\/uploads\/2017\/02\/missao_chile_treinamento3-200x112.jpg 200w, https:\/\/www.fraterinternacional.org\/wp-content\/uploads\/2017\/02\/missao_chile_treinamento3-300x169.jpg 300w, https:\/\/www.fraterinternacional.org\/wp-content\/uploads\/2017\/02\/missao_chile_treinamento3-400x225.jpg 400w, https:\/\/www.fraterinternacional.org\/wp-content\/uploads\/2017\/02\/missao_chile_treinamento3-600x337.jpg 600w, https:\/\/www.fraterinternacional.org\/wp-content\/uploads\/2017\/02\/missao_chile_treinamento3.jpg 690w\" sizes=\"(max-width: 300px) 100vw, 300px\" \/><\/a>\n\t\t\t<\/dt><\/dl><br style=\"clear: both\" \/>\n\t\t<\/div>\n\n","protected":false},"excerpt":{"rendered":"<p>On February 5 and 6, the team that will participate in the Emergency Chile Mission conducted trainings in the headquarters [&hellip;]<\/p>\n","protected":false},"author":11,"featured_media":46392,"comment_status":"closed","ping_status":"closed","sticky":false,"template":"","format":"standard","meta":{"footnotes":""},"categories":[121,150],"tags":[228,108,100],"class_list":["post-46411","post","type-post","status-publish","format-standard","has-post-thumbnail","hentry","category-network-of-light","category-news","tag-diary","tag-emergencies","tag-humanitarian-service"],"yoast_head":"<!-- This site is optimized with the Yoast SEO Premium plugin v21.0 (Yoast SEO v21.0) - https:\/\/yoast.com\/wordpress\/plugins\/seo\/ -->\n<title>Emergency Chile Mission: group does training in Carmo da Cachoeira<\/title>\n<meta name=\"description\" content=\"First-Aid and firefighting training were conducted in the headquarters of the Fraternidade- International Humanitarian Federation.\" \/>\n<meta name=\"robots\" content=\"index, follow, max-snippet:-1, max-image-preview:large, max-video-preview:-1\" \/>\n<link rel=\"canonical\" href=\"https:\/\/www.fraterinternacional.org\/en\/emergency-chile-mission-group-training-carmo-cachoeira\/\" \/>\n<meta property=\"og:locale\" content=\"en_US\" \/>\n<meta property=\"og:type\" content=\"article\" \/>\n<meta property=\"og:title\" content=\"Emergency Chile Mission: group does training in Carmo da Cachoeira\" \/>\n<meta property=\"og:description\" content=\"First-Aid and firefighting training were conducted in the headquarters of the Fraternidade- International Humanitarian Federation.\" \/>\n<meta property=\"og:url\" content=\"https:\/\/www.fraterinternacional.org\/en\/emergency-chile-mission-group-training-carmo-cachoeira\/\" \/>\n<meta property=\"og:site_name\" content=\"Fraternidade - Federa\u00e7\u00e3o Humanit\u00e1ria Internacional\" \/>\n<meta property=\"article:publisher\" content=\"https:\/\/www.facebook.com\/fraternidadehumanitaria\" \/>\n<meta property=\"article:published_time\" content=\"2017-02-06T20:38:22+00:00\" \/>\n<meta property=\"article:modified_time\" content=\"2017-02-06T20:39:58+00:00\" \/>\n<meta property=\"og:image\" content=\"https:\/\/www.fraterinternacional.org\/wp-content\/uploads\/2017\/02\/missao_chile_treinamento2.jpg\" \/>\n\t<meta property=\"og:image:width\" content=\"690\" \/>\n\t<meta property=\"og:image:height\" content=\"388\" \/>\n\t<meta property=\"og:image:type\" content=\"image\/jpeg\" \/>\n<meta name=\"author\" content=\"Nelson Frater\" \/>\n<meta name=\"twitter:card\" content=\"summary_large_image\" \/>\n<meta name=\"twitter:creator\" content=\"@fraternidadeFHI\" \/>\n<meta name=\"twitter:site\" content=\"@fraternidadeFHI\" \/>\n<meta name=\"twitter:label1\" content=\"Written by\" \/>\n\t<meta name=\"twitter:data1\" content=\"Nelson Frater\" \/>\n\t<meta name=\"twitter:label2\" content=\"Est. reading time\" \/>\n\t<meta name=\"twitter:data2\" content=\"1 minute\" \/>\n<script type=\"application\/ld+json\" class=\"yoast-schema-graph\">{\"@context\":\"https:\/\/schema.org\",\"@graph\":[{\"@type\":\"WebPage\",\"@id\":\"https:\/\/www.fraterinternacional.org\/en\/emergency-chile-mission-group-training-carmo-cachoeira\/\",\"url\":\"https:\/\/www.fraterinternacional.org\/en\/emergency-chile-mission-group-training-carmo-cachoeira\/\",\"name\":\"Emergency Chile Mission: group does training in Carmo da Cachoeira\",\"isPartOf\":{\"@id\":\"https:\/\/www.fraterinternacional.org\/es\/#website\"},\"datePublished\":\"2017-02-06T20:38:22+00:00\",\"dateModified\":\"2017-02-06T20:39:58+00:00\",\"author\":{\"@id\":\"https:\/\/www.fraterinternacional.org\/es\/#\/schema\/person\/facd24ae5f7e6b4ee1aeec7ad1b960ae\"},\"description\":\"First-Aid and firefighting training were conducted in the headquarters of the Fraternidade- International Humanitarian Federation.\",\"breadcrumb\":{\"@id\":\"https:\/\/www.fraterinternacional.org\/en\/emergency-chile-mission-group-training-carmo-cachoeira\/#breadcrumb\"},\"inLanguage\":\"en-US\",\"potentialAction\":[{\"@type\":\"ReadAction\",\"target\":[\"https:\/\/www.fraterinternacional.org\/en\/emergency-chile-mission-group-training-carmo-cachoeira\/\"]}]},{\"@type\":\"BreadcrumbList\",\"@id\":\"https:\/\/www.fraterinternacional.org\/en\/emergency-chile-mission-group-training-carmo-cachoeira\/#breadcrumb\",\"itemListElement\":[{\"@type\":\"ListItem\",\"position\":1,\"name\":\"In\u00edcio\",\"item\":\"https:\/\/www.fraterinternacional.org\/en\/\"},{\"@type\":\"ListItem\",\"position\":2,\"name\":\"Emergency Chile Mission: group does training in Carmo da Cachoeira\"}]},{\"@type\":\"WebSite\",\"@id\":\"https:\/\/www.fraterinternacional.org\/es\/#website\",\"url\":\"https:\/\/www.fraterinternacional.org\/es\/\",\"name\":\"Fraternidade - Federa\u00e7\u00e3o Humanit\u00e1ria Internacional\",\"description\":\"Fraternidade - Federa\u00e7\u00e3o Humanit\u00e1ria Internacional\",\"potentialAction\":[{\"@type\":\"SearchAction\",\"target\":{\"@type\":\"EntryPoint\",\"urlTemplate\":\"https:\/\/www.fraterinternacional.org\/es\/?s={search_term_string}\"},\"query-input\":\"required name=search_term_string\"}],\"inLanguage\":\"en-US\"},{\"@type\":\"Person\",\"@id\":\"https:\/\/www.fraterinternacional.org\/es\/#\/schema\/person\/facd24ae5f7e6b4ee1aeec7ad1b960ae\",\"name\":\"Nelson Frater\"}]}<\/script>\n<!-- \/ Yoast SEO Premium plugin. -->","yoast_head_json":{"title":"Emergency Chile Mission: group does training in Carmo da Cachoeira","description":"First-Aid and firefighting training were conducted in the headquarters of the Fraternidade- International Humanitarian Federation.","robots":{"index":"index","follow":"follow","max-snippet":"max-snippet:-1","max-image-preview":"max-image-preview:large","max-video-preview":"max-video-preview:-1"},"canonical":"https:\/\/www.fraterinternacional.org\/en\/emergency-chile-mission-group-training-carmo-cachoeira\/","og_locale":"en_US","og_type":"article","og_title":"Emergency Chile Mission: group does training in Carmo da Cachoeira","og_description":"First-Aid and firefighting training were conducted in the headquarters of the Fraternidade- International Humanitarian Federation.","og_url":"https:\/\/www.fraterinternacional.org\/en\/emergency-chile-mission-group-training-carmo-cachoeira\/","og_site_name":"Fraternidade - Federa\u00e7\u00e3o Humanit\u00e1ria Internacional","article_publisher":"https:\/\/www.facebook.com\/fraternidadehumanitaria","article_published_time":"2017-02-06T20:38:22+00:00","article_modified_time":"2017-02-06T20:39:58+00:00","og_image":[{"width":690,"height":388,"url":"https:\/\/www.fraterinternacional.org\/wp-content\/uploads\/2017\/02\/missao_chile_treinamento2.jpg","type":"image\/jpeg"}],"author":"Nelson Frater","twitter_card":"summary_large_image","twitter_creator":"@fraternidadeFHI","twitter_site":"@fraternidadeFHI","twitter_misc":{"Written by":"Nelson Frater","Est. reading time":"1 minute"},"schema":{"@context":"https:\/\/schema.org","@graph":[{"@type":"WebPage","@id":"https:\/\/www.fraterinternacional.org\/en\/emergency-chile-mission-group-training-carmo-cachoeira\/","url":"https:\/\/www.fraterinternacional.org\/en\/emergency-chile-mission-group-training-carmo-cachoeira\/","name":"Emergency Chile Mission: group does training in Carmo da Cachoeira","isPartOf":{"@id":"https:\/\/www.fraterinternacional.org\/es\/#website"},"datePublished":"2017-02-06T20:38:22+00:00","dateModified":"2017-02-06T20:39:58+00:00","author":{"@id":"https:\/\/www.fraterinternacional.org\/es\/#\/schema\/person\/facd24ae5f7e6b4ee1aeec7ad1b960ae"},"description":"First-Aid and firefighting training were conducted in the headquarters of the Fraternidade- International Humanitarian Federation.","breadcrumb":{"@id":"https:\/\/www.fraterinternacional.org\/en\/emergency-chile-mission-group-training-carmo-cachoeira\/#breadcrumb"},"inLanguage":"en-US","potentialAction":[{"@type":"ReadAction","target":["https:\/\/www.fraterinternacional.org\/en\/emergency-chile-mission-group-training-carmo-cachoeira\/"]}]},{"@type":"BreadcrumbList","@id":"https:\/\/www.fraterinternacional.org\/en\/emergency-chile-mission-group-training-carmo-cachoeira\/#breadcrumb","itemListElement":[{"@type":"ListItem","position":1,"name":"In\u00edcio","item":"https:\/\/www.fraterinternacional.org\/en\/"},{"@type":"ListItem","position":2,"name":"Emergency Chile Mission: group does training in Carmo da Cachoeira"}]},{"@type":"WebSite","@id":"https:\/\/www.fraterinternacional.org\/es\/#website","url":"https:\/\/www.fraterinternacional.org\/es\/","name":"Fraternidade - Federa\u00e7\u00e3o Humanit\u00e1ria Internacional","description":"Fraternidade - Federa\u00e7\u00e3o Humanit\u00e1ria Internacional","potentialAction":[{"@type":"SearchAction","target":{"@type":"EntryPoint","urlTemplate":"https:\/\/www.fraterinternacional.org\/es\/?s={search_term_string}"},"query-input":"required name=search_term_string"}],"inLanguage":"en-US"},{"@type":"Person","@id":"https:\/\/www.fraterinternacional.org\/es\/#\/schema\/person\/facd24ae5f7e6b4ee1aeec7ad1b960ae","name":"Nelson Frater"}]}},"_links":{"self":[{"href":"https:\/\/www.fraterinternacional.org\/en\/wp-json\/wp\/v2\/posts\/46411"}],"collection":[{"href":"https:\/\/www.fraterinternacional.org\/en\/wp-json\/wp\/v2\/posts"}],"about":[{"href":"https:\/\/www.fraterinternacional.org\/en\/wp-json\/wp\/v2\/types\/post"}],"author":[{"embeddable":true,"href":"https:\/\/www.fraterinternacional.org\/en\/wp-json\/wp\/v2\/users\/11"}],"replies":[{"embeddable":true,"href":"https:\/\/www.fraterinternacional.org\/en\/wp-json\/wp\/v2\/comments?post=46411"}],"version-history":[{"count":0,"href":"https:\/\/www.fraterinternacional.org\/en\/wp-json\/wp\/v2\/posts\/46411\/revisions"}],"wp:featuredmedia":[{"embeddable":true,"href":"https:\/\/www.fraterinternacional.org\/en\/wp-json\/wp\/v2\/media\/46392"}],"wp:attachment":[{"href":"https:\/\/www.fraterinternacional.org\/en\/wp-json\/wp\/v2\/media?parent=46411"}],"wp:term":[{"taxonomy":"category","embeddable":true,"href":"https:\/\/www.fraterinternacional.org\/en\/wp-json\/wp\/v2\/categories?post=46411"},{"taxonomy":"post_tag","embeddable":true,"href":"https:\/\/www.fraterinternacional.org\/en\/wp-json\/wp\/v2\/tags?post=46411"}],"curies":[{"name":"wp","href":"https:\/\/api.w.org\/{rel}","templated":true}]}}