{"id":42855,"date":"2017-01-04T23:46:15","date_gmt":"2017-01-05T02:46:15","guid":{"rendered":"http:\/\/www.fraterinternacional.org\/?p=42855\/"},"modified":"2017-01-06T13:09:34","modified_gmt":"2017-01-06T16:09:34","slug":"diary-humanitarian-roraima-mission-jan-3","status":"publish","type":"post","link":"https:\/\/www.fraterinternacional.org\/en\/diary-humanitarian-roraima-mission-jan-3\/","title":{"rendered":"Diary of Humanitarian Roraima Mission &#8211; Jan 3"},"content":{"rendered":"<p class=\"p1\" style=\"text-align: justify;\"><strong>Tuesday, January 3<\/strong><\/p>\n<p class=\"p1\" style=\"text-align: justify;\">In the morning, the missionaries organized meetings of reconciliation among members of different origins that are in the CRI \u2013 Center of Reference to the Immigrant, in the city of Boa Vista.<\/p>\n<p class=\"p1\" style=\"text-align: justify;\">\u201cWe presented the theme of pacification and of co-existence. The cases were gradually solved throughout the morning\u201d, said Clara, a missionary of the <strong>Fraternidade \u2013 International Humanitarian Federation<\/strong>.<\/p>\n<p class=\"p1\" style=\"text-align: justify;\">An elderly Indigenous woman who has malaria and anemia showed aggravation in her state of health and was referred to a medical center and then to a hospital.<\/p>\n<p class=\"p1\" style=\"text-align: justify;\">Meeting in the Fire Brigade Headquarters in Boa Vista with the integrated cabinet about immigration, with the presence of several authorities, such as civil, military and federal police and representatives of the Public Ministry. The theme was the organization of the trip of the refugees who want to return to Venezuela, which will take place tomorrow.<\/p>\n<p class=\"p1\" style=\"text-align: justify;\">\u201cThe refugees who are leaving told us that they already wanted to go to Venezuela, as they had managed what they wanted here, which was to make some Money. They are leaving with an open heart and very grateful to us for what they are receiving in these days\u201d, explained Clara.<\/p>\n<p class=\"p1\" style=\"text-align: justify;\">Also exposed in the meeting was the health situation of the refugees.<\/p>\n<p class=\"p1\" style=\"text-align: justify;\">Group lunch, meeting with Indigenous Chiefs and refugees who are going to stay in the Cri and with the kitchen team.<\/p>\n<p class=\"p1\" style=\"text-align: justify;\">\u201cWe had a very peaceful moment when we could talk with everyone, seal this friendship of ours and the commitment of remaining in peace\u201d, concluded Clara.<\/p>\n\n\t\t<style type=\"text\/css\">\n\t\t\t#gallery-1 {\n\t\t\t\tmargin: auto;\n\t\t\t}\n\t\t\t#gallery-1 .gallery-item {\n\t\t\t\tfloat: left;\n\t\t\t\tmargin-top: 10px;\n\t\t\t\ttext-align: center;\n\t\t\t\twidth: 50%;\n\t\t\t}\n\t\t\t#gallery-1 img {\n\t\t\t\tborder: 2px solid #cfcfcf;\n\t\t\t}\n\t\t\t#gallery-1 .gallery-caption {\n\t\t\t\tmargin-left: 0;\n\t\t\t}\n\t\t\t\/* see gallery_shortcode() in wp-includes\/media.php *\/\n\t\t<\/style>\n\t\t<div id='gallery-1' class='gallery galleryid-42855 gallery-columns-2 gallery-size-medium'><dl class='gallery-item'>\n\t\t\t<dt class='gallery-icon landscape'>\n\t\t\t\t<a data-rel=\"iLightbox[postimages]\" data-title=\"refugiados_missao_roraima_reuniao_autoridades2\" data-caption=\"\" href='https:\/\/www.fraterinternacional.org\/wp-content\/uploads\/2017\/01\/refugiados_missao_roraima_reuniao_autoridades2.jpg'><img decoding=\"async\" width=\"300\" height=\"169\" src=\"https:\/\/www.fraterinternacional.org\/wp-content\/uploads\/2017\/01\/refugiados_missao_roraima_reuniao_autoridades2-300x169.jpg\" class=\"attachment-medium size-medium\" alt=\"\" srcset=\"https:\/\/www.fraterinternacional.org\/wp-content\/uploads\/2017\/01\/refugiados_missao_roraima_reuniao_autoridades2-200x112.jpg 200w, https:\/\/www.fraterinternacional.org\/wp-content\/uploads\/2017\/01\/refugiados_missao_roraima_reuniao_autoridades2-300x169.jpg 300w, https:\/\/www.fraterinternacional.org\/wp-content\/uploads\/2017\/01\/refugiados_missao_roraima_reuniao_autoridades2-400x225.jpg 400w, https:\/\/www.fraterinternacional.org\/wp-content\/uploads\/2017\/01\/refugiados_missao_roraima_reuniao_autoridades2-600x337.jpg 600w, https:\/\/www.fraterinternacional.org\/wp-content\/uploads\/2017\/01\/refugiados_missao_roraima_reuniao_autoridades2.jpg 690w\" sizes=\"(max-width: 300px) 100vw, 300px\" \/><\/a>\n\t\t\t<\/dt><\/dl><dl class='gallery-item'>\n\t\t\t<dt class='gallery-icon landscape'>\n\t\t\t\t<a data-rel=\"iLightbox[postimages]\" data-title=\"refugiados_missao_roraima_reuniao_indigenas\" data-caption=\"\" href='https:\/\/www.fraterinternacional.org\/wp-content\/uploads\/2017\/01\/refugiados_missao_roraima_reuniao_indigenas.jpg'><img decoding=\"async\" width=\"300\" height=\"169\" src=\"https:\/\/www.fraterinternacional.org\/wp-content\/uploads\/2017\/01\/refugiados_missao_roraima_reuniao_indigenas-300x169.jpg\" class=\"attachment-medium size-medium\" alt=\"\" srcset=\"https:\/\/www.fraterinternacional.org\/wp-content\/uploads\/2017\/01\/refugiados_missao_roraima_reuniao_indigenas-200x112.jpg 200w, https:\/\/www.fraterinternacional.org\/wp-content\/uploads\/2017\/01\/refugiados_missao_roraima_reuniao_indigenas-300x169.jpg 300w, https:\/\/www.fraterinternacional.org\/wp-content\/uploads\/2017\/01\/refugiados_missao_roraima_reuniao_indigenas-400x225.jpg 400w, https:\/\/www.fraterinternacional.org\/wp-content\/uploads\/2017\/01\/refugiados_missao_roraima_reuniao_indigenas-600x337.jpg 600w, https:\/\/www.fraterinternacional.org\/wp-content\/uploads\/2017\/01\/refugiados_missao_roraima_reuniao_indigenas.jpg 690w\" sizes=\"(max-width: 300px) 100vw, 300px\" \/><\/a>\n\t\t\t<\/dt><\/dl><br style=\"clear: both\" \/><dl class='gallery-item'>\n\t\t\t<dt class='gallery-icon landscape'>\n\t\t\t\t<a data-rel=\"iLightbox[postimages]\" data-title=\"refugiados_missao_roraima_reuniao_indigenas2\" data-caption=\"\" href='https:\/\/www.fraterinternacional.org\/wp-content\/uploads\/2017\/01\/refugiados_missao_roraima_reuniao_indigenas2.jpg'><img decoding=\"async\" width=\"300\" height=\"169\" src=\"https:\/\/www.fraterinternacional.org\/wp-content\/uploads\/2017\/01\/refugiados_missao_roraima_reuniao_indigenas2-300x169.jpg\" class=\"attachment-medium size-medium\" alt=\"\" srcset=\"https:\/\/www.fraterinternacional.org\/wp-content\/uploads\/2017\/01\/refugiados_missao_roraima_reuniao_indigenas2-200x112.jpg 200w, https:\/\/www.fraterinternacional.org\/wp-content\/uploads\/2017\/01\/refugiados_missao_roraima_reuniao_indigenas2-300x169.jpg 300w, https:\/\/www.fraterinternacional.org\/wp-content\/uploads\/2017\/01\/refugiados_missao_roraima_reuniao_indigenas2-400x225.jpg 400w, https:\/\/www.fraterinternacional.org\/wp-content\/uploads\/2017\/01\/refugiados_missao_roraima_reuniao_indigenas2-600x337.jpg 600w, https:\/\/www.fraterinternacional.org\/wp-content\/uploads\/2017\/01\/refugiados_missao_roraima_reuniao_indigenas2.jpg 690w\" sizes=\"(max-width: 300px) 100vw, 300px\" \/><\/a>\n\t\t\t<\/dt><\/dl><dl class='gallery-item'>\n\t\t\t<dt class='gallery-icon landscape'>\n\t\t\t\t<a data-rel=\"iLightbox[postimages]\" data-title=\"refugiados_missao_roraima_cri_criancas_brincando\" data-caption=\"\" href='https:\/\/www.fraterinternacional.org\/wp-content\/uploads\/2017\/01\/refugiados_missao_roraima_cri_criancas_brincando.jpg'><img decoding=\"async\" width=\"300\" height=\"169\" src=\"https:\/\/www.fraterinternacional.org\/wp-content\/uploads\/2017\/01\/refugiados_missao_roraima_cri_criancas_brincando-300x169.jpg\" class=\"attachment-medium size-medium\" alt=\"\" srcset=\"https:\/\/www.fraterinternacional.org\/wp-content\/uploads\/2017\/01\/refugiados_missao_roraima_cri_criancas_brincando-200x112.jpg 200w, https:\/\/www.fraterinternacional.org\/wp-content\/uploads\/2017\/01\/refugiados_missao_roraima_cri_criancas_brincando-300x169.jpg 300w, https:\/\/www.fraterinternacional.org\/wp-content\/uploads\/2017\/01\/refugiados_missao_roraima_cri_criancas_brincando-400x225.jpg 400w, https:\/\/www.fraterinternacional.org\/wp-content\/uploads\/2017\/01\/refugiados_missao_roraima_cri_criancas_brincando-600x337.jpg 600w, https:\/\/www.fraterinternacional.org\/wp-content\/uploads\/2017\/01\/refugiados_missao_roraima_cri_criancas_brincando.jpg 690w\" sizes=\"(max-width: 300px) 100vw, 300px\" \/><\/a>\n\t\t\t<\/dt><\/dl><br style=\"clear: both\" \/>\n\t\t<\/div>\n\n","protected":false},"excerpt":{"rendered":"<p>Tuesday, January 3 In the morning, the missionaries organized meetings of reconciliation among members of different origins that are in [&hellip;]<\/p>\n","protected":false},"author":11,"featured_media":42479,"comment_status":"closed","ping_status":"closed","sticky":false,"template":"","format":"standard","meta":{"footnotes":""},"categories":[121,150,107],"tags":[228,100,3376,101],"class_list":["post-42855","post","type-post","status-publish","format-standard","has-post-thumbnail","hentry","category-network-of-light","category-news","category-news-of-the-missions","tag-diary","tag-humanitarian-service","tag-missao-roraima-humanitaria-en","tag-nuclei-of-light"],"yoast_head":"<!-- This site is optimized with the Yoast SEO Premium plugin v21.0 (Yoast SEO v21.0) - https:\/\/yoast.com\/wordpress\/plugins\/seo\/ -->\n<title>Diary of Humanitarian Roraima Mission - Jan 3<\/title>\n<meta name=\"description\" content=\"Meetings with authorities and refugees. Organization of the trip of the refugees who want to return to Venezuela.\" \/>\n<meta name=\"robots\" content=\"index, follow, max-snippet:-1, max-image-preview:large, max-video-preview:-1\" \/>\n<link rel=\"canonical\" href=\"https:\/\/www.fraterinternacional.org\/en\/diary-humanitarian-roraima-mission-jan-3\/\" \/>\n<meta property=\"og:locale\" content=\"en_US\" \/>\n<meta property=\"og:type\" content=\"article\" \/>\n<meta property=\"og:title\" content=\"Diary of Humanitarian Roraima Mission - Jan 3\" \/>\n<meta property=\"og:description\" content=\"Meetings with authorities and refugees. Organization of the trip of the refugees who want to return to Venezuela.\" \/>\n<meta property=\"og:url\" content=\"https:\/\/www.fraterinternacional.org\/en\/diary-humanitarian-roraima-mission-jan-3\/\" \/>\n<meta property=\"og:site_name\" content=\"Fraternidade - Federa\u00e7\u00e3o Humanit\u00e1ria Internacional\" \/>\n<meta property=\"article:publisher\" content=\"https:\/\/www.facebook.com\/fraternidadehumanitaria\" \/>\n<meta property=\"article:published_time\" content=\"2017-01-05T02:46:15+00:00\" \/>\n<meta property=\"article:modified_time\" content=\"2017-01-06T16:09:34+00:00\" \/>\n<meta property=\"og:image\" content=\"https:\/\/www.fraterinternacional.org\/wp-content\/uploads\/2017\/01\/refugiados_missao_roraima_reuniao_autoridades1.jpg\" \/>\n\t<meta property=\"og:image:width\" content=\"690\" \/>\n\t<meta property=\"og:image:height\" content=\"388\" \/>\n\t<meta property=\"og:image:type\" content=\"image\/jpeg\" \/>\n<meta name=\"author\" content=\"Nelson Frater\" \/>\n<meta name=\"twitter:card\" content=\"summary_large_image\" \/>\n<meta name=\"twitter:creator\" content=\"@fraternidadeFHI\" \/>\n<meta name=\"twitter:site\" content=\"@fraternidadeFHI\" \/>\n<meta name=\"twitter:label1\" content=\"Written by\" \/>\n\t<meta name=\"twitter:data1\" content=\"Nelson Frater\" \/>\n\t<meta name=\"twitter:label2\" content=\"Est. reading time\" \/>\n\t<meta name=\"twitter:data2\" content=\"1 minute\" \/>\n<script type=\"application\/ld+json\" class=\"yoast-schema-graph\">{\"@context\":\"https:\/\/schema.org\",\"@graph\":[{\"@type\":\"WebPage\",\"@id\":\"https:\/\/www.fraterinternacional.org\/en\/diary-humanitarian-roraima-mission-jan-3\/\",\"url\":\"https:\/\/www.fraterinternacional.org\/en\/diary-humanitarian-roraima-mission-jan-3\/\",\"name\":\"Diary of Humanitarian Roraima Mission - Jan 3\",\"isPartOf\":{\"@id\":\"https:\/\/www.fraterinternacional.org\/es\/#website\"},\"datePublished\":\"2017-01-05T02:46:15+00:00\",\"dateModified\":\"2017-01-06T16:09:34+00:00\",\"author\":{\"@id\":\"https:\/\/www.fraterinternacional.org\/es\/#\/schema\/person\/facd24ae5f7e6b4ee1aeec7ad1b960ae\"},\"description\":\"Meetings with authorities and refugees. Organization of the trip of the refugees who want to return to Venezuela.\",\"breadcrumb\":{\"@id\":\"https:\/\/www.fraterinternacional.org\/en\/diary-humanitarian-roraima-mission-jan-3\/#breadcrumb\"},\"inLanguage\":\"en-US\",\"potentialAction\":[{\"@type\":\"ReadAction\",\"target\":[\"https:\/\/www.fraterinternacional.org\/en\/diary-humanitarian-roraima-mission-jan-3\/\"]}]},{\"@type\":\"BreadcrumbList\",\"@id\":\"https:\/\/www.fraterinternacional.org\/en\/diary-humanitarian-roraima-mission-jan-3\/#breadcrumb\",\"itemListElement\":[{\"@type\":\"ListItem\",\"position\":1,\"name\":\"In\u00edcio\",\"item\":\"https:\/\/www.fraterinternacional.org\/en\/\"},{\"@type\":\"ListItem\",\"position\":2,\"name\":\"Diary of Humanitarian Roraima Mission &#8211; Jan 3\"}]},{\"@type\":\"WebSite\",\"@id\":\"https:\/\/www.fraterinternacional.org\/es\/#website\",\"url\":\"https:\/\/www.fraterinternacional.org\/es\/\",\"name\":\"Fraternidade - Federa\u00e7\u00e3o Humanit\u00e1ria Internacional\",\"description\":\"Fraternidade - Federa\u00e7\u00e3o Humanit\u00e1ria Internacional\",\"potentialAction\":[{\"@type\":\"SearchAction\",\"target\":{\"@type\":\"EntryPoint\",\"urlTemplate\":\"https:\/\/www.fraterinternacional.org\/es\/?s={search_term_string}\"},\"query-input\":\"required name=search_term_string\"}],\"inLanguage\":\"en-US\"},{\"@type\":\"Person\",\"@id\":\"https:\/\/www.fraterinternacional.org\/es\/#\/schema\/person\/facd24ae5f7e6b4ee1aeec7ad1b960ae\",\"name\":\"Nelson Frater\"}]}<\/script>\n<!-- \/ Yoast SEO Premium plugin. -->","yoast_head_json":{"title":"Diary of Humanitarian Roraima Mission - Jan 3","description":"Meetings with authorities and refugees. Organization of the trip of the refugees who want to return to Venezuela.","robots":{"index":"index","follow":"follow","max-snippet":"max-snippet:-1","max-image-preview":"max-image-preview:large","max-video-preview":"max-video-preview:-1"},"canonical":"https:\/\/www.fraterinternacional.org\/en\/diary-humanitarian-roraima-mission-jan-3\/","og_locale":"en_US","og_type":"article","og_title":"Diary of Humanitarian Roraima Mission - Jan 3","og_description":"Meetings with authorities and refugees. Organization of the trip of the refugees who want to return to Venezuela.","og_url":"https:\/\/www.fraterinternacional.org\/en\/diary-humanitarian-roraima-mission-jan-3\/","og_site_name":"Fraternidade - Federa\u00e7\u00e3o Humanit\u00e1ria Internacional","article_publisher":"https:\/\/www.facebook.com\/fraternidadehumanitaria","article_published_time":"2017-01-05T02:46:15+00:00","article_modified_time":"2017-01-06T16:09:34+00:00","og_image":[{"width":690,"height":388,"url":"https:\/\/www.fraterinternacional.org\/wp-content\/uploads\/2017\/01\/refugiados_missao_roraima_reuniao_autoridades1.jpg","type":"image\/jpeg"}],"author":"Nelson Frater","twitter_card":"summary_large_image","twitter_creator":"@fraternidadeFHI","twitter_site":"@fraternidadeFHI","twitter_misc":{"Written by":"Nelson Frater","Est. reading time":"1 minute"},"schema":{"@context":"https:\/\/schema.org","@graph":[{"@type":"WebPage","@id":"https:\/\/www.fraterinternacional.org\/en\/diary-humanitarian-roraima-mission-jan-3\/","url":"https:\/\/www.fraterinternacional.org\/en\/diary-humanitarian-roraima-mission-jan-3\/","name":"Diary of Humanitarian Roraima Mission - Jan 3","isPartOf":{"@id":"https:\/\/www.fraterinternacional.org\/es\/#website"},"datePublished":"2017-01-05T02:46:15+00:00","dateModified":"2017-01-06T16:09:34+00:00","author":{"@id":"https:\/\/www.fraterinternacional.org\/es\/#\/schema\/person\/facd24ae5f7e6b4ee1aeec7ad1b960ae"},"description":"Meetings with authorities and refugees. Organization of the trip of the refugees who want to return to Venezuela.","breadcrumb":{"@id":"https:\/\/www.fraterinternacional.org\/en\/diary-humanitarian-roraima-mission-jan-3\/#breadcrumb"},"inLanguage":"en-US","potentialAction":[{"@type":"ReadAction","target":["https:\/\/www.fraterinternacional.org\/en\/diary-humanitarian-roraima-mission-jan-3\/"]}]},{"@type":"BreadcrumbList","@id":"https:\/\/www.fraterinternacional.org\/en\/diary-humanitarian-roraima-mission-jan-3\/#breadcrumb","itemListElement":[{"@type":"ListItem","position":1,"name":"In\u00edcio","item":"https:\/\/www.fraterinternacional.org\/en\/"},{"@type":"ListItem","position":2,"name":"Diary of Humanitarian Roraima Mission &#8211; Jan 3"}]},{"@type":"WebSite","@id":"https:\/\/www.fraterinternacional.org\/es\/#website","url":"https:\/\/www.fraterinternacional.org\/es\/","name":"Fraternidade - Federa\u00e7\u00e3o Humanit\u00e1ria Internacional","description":"Fraternidade - Federa\u00e7\u00e3o Humanit\u00e1ria Internacional","potentialAction":[{"@type":"SearchAction","target":{"@type":"EntryPoint","urlTemplate":"https:\/\/www.fraterinternacional.org\/es\/?s={search_term_string}"},"query-input":"required name=search_term_string"}],"inLanguage":"en-US"},{"@type":"Person","@id":"https:\/\/www.fraterinternacional.org\/es\/#\/schema\/person\/facd24ae5f7e6b4ee1aeec7ad1b960ae","name":"Nelson Frater"}]}},"_links":{"self":[{"href":"https:\/\/www.fraterinternacional.org\/en\/wp-json\/wp\/v2\/posts\/42855"}],"collection":[{"href":"https:\/\/www.fraterinternacional.org\/en\/wp-json\/wp\/v2\/posts"}],"about":[{"href":"https:\/\/www.fraterinternacional.org\/en\/wp-json\/wp\/v2\/types\/post"}],"author":[{"embeddable":true,"href":"https:\/\/www.fraterinternacional.org\/en\/wp-json\/wp\/v2\/users\/11"}],"replies":[{"embeddable":true,"href":"https:\/\/www.fraterinternacional.org\/en\/wp-json\/wp\/v2\/comments?post=42855"}],"version-history":[{"count":0,"href":"https:\/\/www.fraterinternacional.org\/en\/wp-json\/wp\/v2\/posts\/42855\/revisions"}],"wp:featuredmedia":[{"embeddable":true,"href":"https:\/\/www.fraterinternacional.org\/en\/wp-json\/wp\/v2\/media\/42479"}],"wp:attachment":[{"href":"https:\/\/www.fraterinternacional.org\/en\/wp-json\/wp\/v2\/media?parent=42855"}],"wp:term":[{"taxonomy":"category","embeddable":true,"href":"https:\/\/www.fraterinternacional.org\/en\/wp-json\/wp\/v2\/categories?post=42855"},{"taxonomy":"post_tag","embeddable":true,"href":"https:\/\/www.fraterinternacional.org\/en\/wp-json\/wp\/v2\/tags?post=42855"}],"curies":[{"name":"wp","href":"https:\/\/api.w.org\/{rel}","templated":true}]}}