{"id":42801,"date":"2017-01-10T19:02:20","date_gmt":"2017-01-10T22:02:20","guid":{"rendered":"http:\/\/www.fraterinternacional.org\/?p=42801\/"},"modified":"2017-01-11T10:58:42","modified_gmt":"2017-01-11T13:58:42","slug":"liberation-from-guilt","status":"publish","type":"post","link":"https:\/\/www.fraterinternacional.org\/en\/liberation-from-guilt\/","title":{"rendered":"Liberation from guilt"},"content":{"rendered":"<div class=\"fusion-fullwidth fullwidth-box fusion-builder-row-1 nonhundred-percent-fullwidth non-hundred-percent-height-scrolling\" style=\"--awb-border-radius-top-left:0px;--awb-border-radius-top-right:0px;--awb-border-radius-bottom-right:0px;--awb-border-radius-bottom-left:0px;--awb-flex-wrap:wrap;\" ><div class=\"fusion-builder-row fusion-row\"><div class=\"fusion-layout-column fusion_builder_column fusion-builder-column-0 fusion_builder_column_1_1 1_1 fusion-one-full fusion-column-first fusion-column-last\" style=\"--awb-bg-size:cover;--awb-margin-bottom:0px;\"><div class=\"fusion-column-wrapper fusion-flex-column-wrapper-legacy\"><div class=\"fusion-text fusion-text-1\"><h3 style=\"text-align: center;\"><\/h3>\n<div style=\"width: 720px;\" class=\"wp-video\"><!--[if lt IE 9]><script>document.createElement('video');<\/script><![endif]-->\n<video class=\"wp-video-shortcode\" id=\"video-42801-1\" width=\"720\" height=\"100\" preload=\"metadata\" controls=\"controls\"><source type=\"video\/mp4\" src=\"http:\/\/www.fraterinternacional.org\/wp-content\/uploads\/2017\/01\/aud_imp_ins_6_liberacao_da_culpa_2017_01_04_en.mp4?_=1\" \/><a href=\"http:\/\/www.fraterinternacional.org\/wp-content\/uploads\/2017\/01\/aud_imp_ins_6_liberacao_da_culpa_2017_01_04_en.mp4\">http:\/\/www.fraterinternacional.org\/wp-content\/uploads\/2017\/01\/aud_imp_ins_6_liberacao_da_culpa_2017_01_04_en.mp4<\/a><\/video><\/div>\n<p>&nbsp;<\/p>\n<h3 style=\"text-align: center;\"><span style=\"color: #0000ff;\"><strong>Liberation from guilt<\/strong><a href=\"http:\/\/www.fraterinternacional.org\/wp-content\/uploads\/2017\/01\/passaro_alto_instrui.jpg\"><img decoding=\"async\" class=\"size-medium wp-image-42468 alignright\" src=\"http:\/\/www.fraterinternacional.org\/wp-content\/uploads\/2017\/01\/passaro_alto_instrui-300x169.jpg\" alt=\"\" width=\"300\" height=\"169\" srcset=\"https:\/\/www.fraterinternacional.org\/wp-content\/uploads\/2017\/01\/passaro_alto_instrui-200x112.jpg 200w, https:\/\/www.fraterinternacional.org\/wp-content\/uploads\/2017\/01\/passaro_alto_instrui-300x169.jpg 300w, https:\/\/www.fraterinternacional.org\/wp-content\/uploads\/2017\/01\/passaro_alto_instrui-400x225.jpg 400w, https:\/\/www.fraterinternacional.org\/wp-content\/uploads\/2017\/01\/passaro_alto_instrui-600x337.jpg 600w, https:\/\/www.fraterinternacional.org\/wp-content\/uploads\/2017\/01\/passaro_alto_instrui.jpg 690w\" sizes=\"(max-width: 300px) 100vw, 300px\" \/><\/a><br \/>\n<\/span><\/h3>\n<p style=\"text-align: justify;\">One of the first steps for us to liberate ourselves from guilt is to better understand why we make mistakes. In general, we make mistakes through ignorance.\u00a0We make mistakes because we ignore the higher laws of existence, because we are used to the most immediate and material laws.<\/p>\n<p style=\"text-align: justify;\">Another important point is to balance our faults with opposite acts to those done, because if we are willing to balance our faults, the higher laws will bring us the opportunity of balancing what we did.\u00a0It is up to us only to recognize the opportunity and, before it, act in a new way.<\/p>\n<p style=\"text-align: justify;\">Guilt attracts repentance.\u00a0Although it is not enough, repentance is a fundamental attitude for healing and forgiveness, because it displaces the forces that motivated the incorrect act.\u00a0Without this displacement, we may repeat the mistake \u2013 in that sector of life or in another \u2013 and in this way we may not attain the sought after balance and our will becomes feeble.\u00a0Forgiveness is an opportunity of balance past deeds and it comes when there is decision to take the right direction.\u00a0With the power of decision, we can eliminate the feeling of guilt and we can practice opposite acts.<\/p>\n<p style=\"text-align: justify;\">In reality, error does not exist, but only acquired experience, learning, from which maturity arises. \u00a0Guilt comes when we do not express the potential that exists in us yet.\u00a0We\u00a0 must therefore assume this inner potential, and from this emerges a great feeling of freedom.\u00a0There is no external situation that can prevent our evolution.<\/p>\n<p style=\"text-align: justify;\"><strong>Article of reference<\/strong>: Jornal O Tempo, (<em>The Time<\/em>) Sept 1, 2013<br \/>\n<strong>Name of the article:<\/strong> O equil\u00edbrio das nossas falhas por meio de atos positivos<br \/>\n(<em>The balance of our failures by means of positive acts<\/em>)<br \/>\n<strong>Audio of Irdin<\/strong>: Conversas com Trigueirinho No. 434 (Talks with Trigueirinho, # 434)<b> <\/b>(9\u201941\u2019\u2019 thru 12\u201947\u2019\u2019&#8217;)<br \/>\n<strong>Series:<\/strong> Conversas (<em>Talks<\/em>)<br \/>\n<strong>Complete Audio:<\/strong> <a href=\"http:\/\/www.irdin.org.br\/acervo\/detalhes\/5725\" target=\"_blank\">http:\/\/www.irdin.org.br\/acervo\/detalhes\/5725<\/a><\/p>\n<\/div><div class=\"fusion-clearfix\"><\/div><\/div><\/div><\/div><\/div>\n","protected":false},"excerpt":{"rendered":"","protected":false},"author":8,"featured_media":42469,"comment_status":"closed","ping_status":"closed","sticky":false,"template":"","format":"standard","meta":{"footnotes":""},"categories":[3243],"tags":[3247],"class_list":["post-42801","post","type-post","status-publish","format-standard","has-post-thumbnail","hentry","category-impulses-for-the-week","tag-instruction-en"],"yoast_head":"<!-- This site is optimized with the Yoast SEO Premium plugin v21.0 (Yoast SEO v21.0) - https:\/\/yoast.com\/wordpress\/plugins\/seo\/ -->\n<title>Liberation from guilt -<\/title>\n<meta name=\"robots\" content=\"index, follow, max-snippet:-1, max-image-preview:large, max-video-preview:-1\" \/>\n<link rel=\"canonical\" href=\"https:\/\/www.fraterinternacional.org\/en\/liberation-from-guilt\/\" \/>\n<meta property=\"og:locale\" content=\"en_US\" \/>\n<meta property=\"og:type\" content=\"article\" \/>\n<meta property=\"og:title\" content=\"Liberation from guilt\" \/>\n<meta property=\"og:url\" content=\"https:\/\/www.fraterinternacional.org\/en\/liberation-from-guilt\/\" \/>\n<meta property=\"og:site_name\" content=\"Fraternidade - Federa\u00e7\u00e3o Humanit\u00e1ria Internacional\" \/>\n<meta property=\"article:publisher\" content=\"https:\/\/www.facebook.com\/fraternidadehumanitaria\" \/>\n<meta property=\"article:published_time\" content=\"2017-01-10T22:02:20+00:00\" \/>\n<meta property=\"article:modified_time\" content=\"2017-01-11T13:58:42+00:00\" \/>\n<meta property=\"og:image\" content=\"http:\/\/www.fraterinternacional.org\/wp-content\/uploads\/2017\/01\/passaro_alto_instrui.jpg\" \/>\n<meta name=\"author\" content=\"FFHI\" \/>\n<meta name=\"twitter:card\" content=\"summary_large_image\" \/>\n<meta name=\"twitter:creator\" content=\"@fraternidadeFHI\" \/>\n<meta name=\"twitter:site\" content=\"@fraternidadeFHI\" \/>\n<meta name=\"twitter:label1\" content=\"Written by\" \/>\n\t<meta name=\"twitter:data1\" content=\"FFHI\" \/>\n\t<meta name=\"twitter:label2\" content=\"Est. reading time\" \/>\n\t<meta name=\"twitter:data2\" content=\"2 minutes\" \/>\n<script type=\"application\/ld+json\" class=\"yoast-schema-graph\">{\"@context\":\"https:\/\/schema.org\",\"@graph\":[{\"@type\":\"WebPage\",\"@id\":\"https:\/\/www.fraterinternacional.org\/en\/liberation-from-guilt\/\",\"url\":\"https:\/\/www.fraterinternacional.org\/en\/liberation-from-guilt\/\",\"name\":\"Liberation from guilt -\",\"isPartOf\":{\"@id\":\"https:\/\/www.fraterinternacional.org\/es\/#website\"},\"datePublished\":\"2017-01-10T22:02:20+00:00\",\"dateModified\":\"2017-01-11T13:58:42+00:00\",\"author\":{\"@id\":\"https:\/\/www.fraterinternacional.org\/es\/#\/schema\/person\/8fd7058ced8aa6a1995cc0feee75819f\"},\"breadcrumb\":{\"@id\":\"https:\/\/www.fraterinternacional.org\/en\/liberation-from-guilt\/#breadcrumb\"},\"inLanguage\":\"en-US\",\"potentialAction\":[{\"@type\":\"ReadAction\",\"target\":[\"https:\/\/www.fraterinternacional.org\/en\/liberation-from-guilt\/\"]}]},{\"@type\":\"BreadcrumbList\",\"@id\":\"https:\/\/www.fraterinternacional.org\/en\/liberation-from-guilt\/#breadcrumb\",\"itemListElement\":[{\"@type\":\"ListItem\",\"position\":1,\"name\":\"In\u00edcio\",\"item\":\"https:\/\/www.fraterinternacional.org\/en\/\"},{\"@type\":\"ListItem\",\"position\":2,\"name\":\"Liberation from guilt\"}]},{\"@type\":\"WebSite\",\"@id\":\"https:\/\/www.fraterinternacional.org\/es\/#website\",\"url\":\"https:\/\/www.fraterinternacional.org\/es\/\",\"name\":\"Fraternidade - Federa\u00e7\u00e3o Humanit\u00e1ria Internacional\",\"description\":\"Fraternidade - Federa\u00e7\u00e3o Humanit\u00e1ria Internacional\",\"potentialAction\":[{\"@type\":\"SearchAction\",\"target\":{\"@type\":\"EntryPoint\",\"urlTemplate\":\"https:\/\/www.fraterinternacional.org\/es\/?s={search_term_string}\"},\"query-input\":\"required name=search_term_string\"}],\"inLanguage\":\"en-US\"},{\"@type\":\"Person\",\"@id\":\"https:\/\/www.fraterinternacional.org\/es\/#\/schema\/person\/8fd7058ced8aa6a1995cc0feee75819f\",\"name\":\"FFHI\"}]}<\/script>\n<!-- \/ Yoast SEO Premium plugin. -->","yoast_head_json":{"title":"Liberation from guilt -","robots":{"index":"index","follow":"follow","max-snippet":"max-snippet:-1","max-image-preview":"max-image-preview:large","max-video-preview":"max-video-preview:-1"},"canonical":"https:\/\/www.fraterinternacional.org\/en\/liberation-from-guilt\/","og_locale":"en_US","og_type":"article","og_title":"Liberation from guilt","og_url":"https:\/\/www.fraterinternacional.org\/en\/liberation-from-guilt\/","og_site_name":"Fraternidade - Federa\u00e7\u00e3o Humanit\u00e1ria Internacional","article_publisher":"https:\/\/www.facebook.com\/fraternidadehumanitaria","article_published_time":"2017-01-10T22:02:20+00:00","article_modified_time":"2017-01-11T13:58:42+00:00","og_image":[{"url":"http:\/\/www.fraterinternacional.org\/wp-content\/uploads\/2017\/01\/passaro_alto_instrui.jpg"}],"author":"FFHI","twitter_card":"summary_large_image","twitter_creator":"@fraternidadeFHI","twitter_site":"@fraternidadeFHI","twitter_misc":{"Written by":"FFHI","Est. reading time":"2 minutes"},"schema":{"@context":"https:\/\/schema.org","@graph":[{"@type":"WebPage","@id":"https:\/\/www.fraterinternacional.org\/en\/liberation-from-guilt\/","url":"https:\/\/www.fraterinternacional.org\/en\/liberation-from-guilt\/","name":"Liberation from guilt -","isPartOf":{"@id":"https:\/\/www.fraterinternacional.org\/es\/#website"},"datePublished":"2017-01-10T22:02:20+00:00","dateModified":"2017-01-11T13:58:42+00:00","author":{"@id":"https:\/\/www.fraterinternacional.org\/es\/#\/schema\/person\/8fd7058ced8aa6a1995cc0feee75819f"},"breadcrumb":{"@id":"https:\/\/www.fraterinternacional.org\/en\/liberation-from-guilt\/#breadcrumb"},"inLanguage":"en-US","potentialAction":[{"@type":"ReadAction","target":["https:\/\/www.fraterinternacional.org\/en\/liberation-from-guilt\/"]}]},{"@type":"BreadcrumbList","@id":"https:\/\/www.fraterinternacional.org\/en\/liberation-from-guilt\/#breadcrumb","itemListElement":[{"@type":"ListItem","position":1,"name":"In\u00edcio","item":"https:\/\/www.fraterinternacional.org\/en\/"},{"@type":"ListItem","position":2,"name":"Liberation from guilt"}]},{"@type":"WebSite","@id":"https:\/\/www.fraterinternacional.org\/es\/#website","url":"https:\/\/www.fraterinternacional.org\/es\/","name":"Fraternidade - Federa\u00e7\u00e3o Humanit\u00e1ria Internacional","description":"Fraternidade - Federa\u00e7\u00e3o Humanit\u00e1ria Internacional","potentialAction":[{"@type":"SearchAction","target":{"@type":"EntryPoint","urlTemplate":"https:\/\/www.fraterinternacional.org\/es\/?s={search_term_string}"},"query-input":"required name=search_term_string"}],"inLanguage":"en-US"},{"@type":"Person","@id":"https:\/\/www.fraterinternacional.org\/es\/#\/schema\/person\/8fd7058ced8aa6a1995cc0feee75819f","name":"FFHI"}]}},"_links":{"self":[{"href":"https:\/\/www.fraterinternacional.org\/en\/wp-json\/wp\/v2\/posts\/42801"}],"collection":[{"href":"https:\/\/www.fraterinternacional.org\/en\/wp-json\/wp\/v2\/posts"}],"about":[{"href":"https:\/\/www.fraterinternacional.org\/en\/wp-json\/wp\/v2\/types\/post"}],"author":[{"embeddable":true,"href":"https:\/\/www.fraterinternacional.org\/en\/wp-json\/wp\/v2\/users\/8"}],"replies":[{"embeddable":true,"href":"https:\/\/www.fraterinternacional.org\/en\/wp-json\/wp\/v2\/comments?post=42801"}],"version-history":[{"count":0,"href":"https:\/\/www.fraterinternacional.org\/en\/wp-json\/wp\/v2\/posts\/42801\/revisions"}],"wp:featuredmedia":[{"embeddable":true,"href":"https:\/\/www.fraterinternacional.org\/en\/wp-json\/wp\/v2\/media\/42469"}],"wp:attachment":[{"href":"https:\/\/www.fraterinternacional.org\/en\/wp-json\/wp\/v2\/media?parent=42801"}],"wp:term":[{"taxonomy":"category","embeddable":true,"href":"https:\/\/www.fraterinternacional.org\/en\/wp-json\/wp\/v2\/categories?post=42801"},{"taxonomy":"post_tag","embeddable":true,"href":"https:\/\/www.fraterinternacional.org\/en\/wp-json\/wp\/v2\/tags?post=42801"}],"curies":[{"name":"wp","href":"https:\/\/api.w.org\/{rel}","templated":true}]}}