{"id":32903,"date":"2016-11-02T14:31:34","date_gmt":"2016-11-02T17:31:34","guid":{"rendered":"http:\/\/www.fraterinternacional.org\/en\/?p=32903"},"modified":"2016-11-02T14:31:34","modified_gmt":"2016-11-02T17:31:34","slug":"support-from-house-of-light-on-the-hill-to-cancer-patients-reaches-ilicinea-for-the-first-time","status":"publish","type":"post","link":"https:\/\/www.fraterinternacional.org\/en\/support-from-house-of-light-on-the-hill-to-cancer-patients-reaches-ilicinea-for-the-first-time\/","title":{"rendered":"Support from the House of Light on the Hill to cancer patients reaches Ilic\u00ednea for the first time"},"content":{"rendered":"<p style=\"text-align: justify;\">The therapeutic support that the <a href=\"http:\/\/www.casaluzdacolina.org.br\/\" target=\"_blank\">House of Light on the Hill<\/a>, affiliated to the <strong>Fraternidade \u2013 International Humanitarian Federation<\/strong>, offers to the communities of the South of the State of Minas Gerais, Brazil, reached for the first time the city of Ilic\u00ednea, 125 km from its central headquarters in Carmo da Cachoeira, Minas Gerais. Thirty-four persons, mostly cancer patients attended to by the new organization \u201cUnindo Vidas, House of Support to Oncologic Patients\u201d, were assisted.<\/p>\n<p style=\"text-align: justify;\"><a href=\"http:\/\/www.fraterinternacional.org\/wp-content\/uploads\/2016\/11\/mutirao-terapeutico-pacientes-cancer-ilicinea-20-out-2016_07.jpg\"><img decoding=\"async\" class=\"alignright size-medium wp-image-32886\" src=\"http:\/\/www.fraterinternacional.org\/wp-content\/uploads\/2016\/11\/mutirao-terapeutico-pacientes-cancer-ilicinea-20-out-2016_07-300x169.jpg\" alt=\"mutirao-terapeutico-pacientes-cancer-ilicinea-20-out-2016_07\" width=\"300\" height=\"169\" srcset=\"https:\/\/www.fraterinternacional.org\/wp-content\/uploads\/2016\/11\/mutirao-terapeutico-pacientes-cancer-ilicinea-20-out-2016_07-200x112.jpg 200w, https:\/\/www.fraterinternacional.org\/wp-content\/uploads\/2016\/11\/mutirao-terapeutico-pacientes-cancer-ilicinea-20-out-2016_07-300x169.jpg 300w, https:\/\/www.fraterinternacional.org\/wp-content\/uploads\/2016\/11\/mutirao-terapeutico-pacientes-cancer-ilicinea-20-out-2016_07-400x225.jpg 400w, https:\/\/www.fraterinternacional.org\/wp-content\/uploads\/2016\/11\/mutirao-terapeutico-pacientes-cancer-ilicinea-20-out-2016_07-600x337.jpg 600w, https:\/\/www.fraterinternacional.org\/wp-content\/uploads\/2016\/11\/mutirao-terapeutico-pacientes-cancer-ilicinea-20-out-2016_07.jpg 690w\" sizes=\"(max-width: 300px) 100vw, 300px\" \/><\/a>The service was rendered by nine collaborators of the House of Light on the Hill: one doctor, one team of four therapists that came from the Jundia\u00ed city, State of S\u00e3o Paulo, two dentists and two assistants. The work was conducted on Thursday, 20<sup>th<\/sup> of October, from 9 a.m. thru 1 p.m. Eighteen medical-therapeutic services were rendered, with therapies of acupuncture, chromotherapy, reflexology and homeopathy. There were also sixteen dental services.<\/p>\n<p style=\"text-align: justify;\">This cooperation arose after a request by the Vida Viva Association\u201d from Boa Esperan\u00e7a, another institution that works with cancer patients and with which the House of Light on the Hill has been working since 2012.<\/p>\n<p style=\"text-align: justify;\"><a href=\"http:\/\/www.fraterinternacional.org\/wp-content\/uploads\/2016\/11\/mutirao-terapeutico-pacientes-cancer-ilicinea-20-out-2016_03.jpg\"><img decoding=\"async\" class=\"alignleft size-medium wp-image-32876\" src=\"http:\/\/www.fraterinternacional.org\/wp-content\/uploads\/2016\/11\/mutirao-terapeutico-pacientes-cancer-ilicinea-20-out-2016_03-300x169.jpg\" alt=\"mutirao-terapeutico-pacientes-cancer-ilicinea-20-out-2016_03\" width=\"300\" height=\"169\" srcset=\"https:\/\/www.fraterinternacional.org\/wp-content\/uploads\/2016\/11\/mutirao-terapeutico-pacientes-cancer-ilicinea-20-out-2016_03-200x112.jpg 200w, https:\/\/www.fraterinternacional.org\/wp-content\/uploads\/2016\/11\/mutirao-terapeutico-pacientes-cancer-ilicinea-20-out-2016_03-300x169.jpg 300w, https:\/\/www.fraterinternacional.org\/wp-content\/uploads\/2016\/11\/mutirao-terapeutico-pacientes-cancer-ilicinea-20-out-2016_03-400x225.jpg 400w, https:\/\/www.fraterinternacional.org\/wp-content\/uploads\/2016\/11\/mutirao-terapeutico-pacientes-cancer-ilicinea-20-out-2016_03-600x337.jpg 600w, https:\/\/www.fraterinternacional.org\/wp-content\/uploads\/2016\/11\/mutirao-terapeutico-pacientes-cancer-ilicinea-20-out-2016_03.jpg 690w\" sizes=\"(max-width: 300px) 100vw, 300px\" \/><\/a><\/p>\n<p style=\"text-align: justify;\">Nirv\u00e2nia Gerez Noguero Donadelli is a member of the group of Jundia\u00ed that has been collaborating with the House of Light on the Hill for four years. The volunteer comments that when they are in front of a patient, they feel as mere intermediary: \u201cit is a divine action that sparks in the patient an inner flame, which helps them find in themselves the path of healing\u201d.<\/p>\n<p style=\"text-align: justify;\">Nirv\u00e2nia explains that in order for a therapeutic assistance such as the one the House of Light on the Hill offers in its ambulatory services, sometimes just once, to be effective, it is fundamental that the patient come with much faith in God. \u201cIt is in the Bible that Jesus used to heal telling the sick: your faith has healed you\u201d.<\/p>\n<p style=\"text-align: justify;\"><a href=\"http:\/\/www.fraterinternacional.org\/wp-content\/uploads\/2016\/11\/mutirao-terapeutico-pacientes-cancer-ilicinea-20-out-2016_04.jpg\"><img decoding=\"async\" class=\"alignright size-medium wp-image-32889\" src=\"http:\/\/www.fraterinternacional.org\/wp-content\/uploads\/2016\/11\/mutirao-terapeutico-pacientes-cancer-ilicinea-20-out-2016_04-300x169.jpg\" alt=\"mutirao-terapeutico-pacientes-cancer-ilicinea-20-out-2016_04\" width=\"300\" height=\"169\" srcset=\"https:\/\/www.fraterinternacional.org\/wp-content\/uploads\/2016\/11\/mutirao-terapeutico-pacientes-cancer-ilicinea-20-out-2016_04-200x112.jpg 200w, https:\/\/www.fraterinternacional.org\/wp-content\/uploads\/2016\/11\/mutirao-terapeutico-pacientes-cancer-ilicinea-20-out-2016_04-300x169.jpg 300w, https:\/\/www.fraterinternacional.org\/wp-content\/uploads\/2016\/11\/mutirao-terapeutico-pacientes-cancer-ilicinea-20-out-2016_04-400x225.jpg 400w, https:\/\/www.fraterinternacional.org\/wp-content\/uploads\/2016\/11\/mutirao-terapeutico-pacientes-cancer-ilicinea-20-out-2016_04-600x337.jpg 600w, https:\/\/www.fraterinternacional.org\/wp-content\/uploads\/2016\/11\/mutirao-terapeutico-pacientes-cancer-ilicinea-20-out-2016_04.jpg 690w\" sizes=\"(max-width: 300px) 100vw, 300px\" \/><\/a><\/p>\n<p style=\"text-align: justify;\">Nirv\u00e2nia also highlights the gratitude and the warmth that the helped people express in a spontaneous way. \u201cThis is what motivates us to participate in these services\u201d, she says.<\/p>\n<p style=\"text-align: justify;\">\u201cThis works us internally a lot, it helps us discover aspects that we so far did not know, we grow a lot with these experiences\u201d, completes Sandro Roberto de Camargo, another therapist.<\/p>\n<p style=\"text-align: justify;\">\u201cThis inner awakening referred by Nirv\u00e2nia also takes place in us\u201d, says Nevacil Gerez Noguero, who, together with Luciana Aparecida Gomes Noguero, completes the group of volunteers of Jundia\u00ed.<\/p>\n<p style=\"text-align: justify;\"><a href=\"http:\/\/www.fraterinternacional.org\/wp-content\/uploads\/2016\/11\/mutirao-terapeutico-pacientes-cancer-ilicinea-20-out-2016_02B.jpg\"><img decoding=\"async\" class=\"alignleft size-medium wp-image-32892\" src=\"http:\/\/www.fraterinternacional.org\/wp-content\/uploads\/2016\/11\/mutirao-terapeutico-pacientes-cancer-ilicinea-20-out-2016_02B-300x169.jpg\" alt=\"mutirao-terapeutico-pacientes-cancer-ilicinea-20-out-2016_02b\" width=\"300\" height=\"169\" srcset=\"https:\/\/www.fraterinternacional.org\/wp-content\/uploads\/2016\/11\/mutirao-terapeutico-pacientes-cancer-ilicinea-20-out-2016_02B-200x112.jpg 200w, https:\/\/www.fraterinternacional.org\/wp-content\/uploads\/2016\/11\/mutirao-terapeutico-pacientes-cancer-ilicinea-20-out-2016_02B-300x169.jpg 300w, https:\/\/www.fraterinternacional.org\/wp-content\/uploads\/2016\/11\/mutirao-terapeutico-pacientes-cancer-ilicinea-20-out-2016_02B-400x225.jpg 400w, https:\/\/www.fraterinternacional.org\/wp-content\/uploads\/2016\/11\/mutirao-terapeutico-pacientes-cancer-ilicinea-20-out-2016_02B-600x337.jpg 600w, https:\/\/www.fraterinternacional.org\/wp-content\/uploads\/2016\/11\/mutirao-terapeutico-pacientes-cancer-ilicinea-20-out-2016_02B.jpg 690w\" sizes=\"(max-width: 300px) 100vw, 300px\" \/><\/a><a href=\"http:\/\/www.trigueirinho.org.br\/en\/\" target=\"_blank\">Jos\u00e9 Trigueirinho Netto<\/a>, a spiritualistic philosopher and one of the founders of the <strong>Fraternidade \u2013 International Humanitarian Federation<\/strong>, explains in his work \u201c<a href=\"http:\/\/www.irdin.org.br\/acervo\/detalhes\/53\" target=\"_blank\">Gloss\u00e1rio Esot\u00e9rico<\/a>\u201d (Esoteric Glossary), that cancer has arisen as a way of balancing the evil engendered by the human being throughout the times. He highlights that the beings that acquire cancer balance in themselves part of the individual and collective evil of humanity, because in this process the cells of the body purify themselves intensely, liberating the substance-light that each cell has. During their crises, some individuals perceive their physical body as light. After this experience, they learn to co-exist with pain and even to transcend it.Additional information about the theme can be obtained in the books by the same author: \u201c<a href=\"http:\/\/www.irdin.org.br\/acervo\/detalhes\/5\" target=\"_blank\">A Morte sem Medo e sem Culpa<\/a>\u201d (Death Without Fear or Guilt), \u201c<a href=\"http:\/\/www.irdin.org.br\/acervo\/detalhes\/6\" target=\"_blank\">Caminhos para a Cura Interior<\/a>\u201d (Paths for Inner Healing) and \u201c<a href=\"http:\/\/www.irdin.org.br\/acervo\/detalhes\/27\" target=\"_blank\">Hora de Curar<\/a>\u201d (Time to Heal).<\/p>\n<p style=\"text-align: justify;\"><a href=\"http:\/\/www.fraterinternacional.org\/wp-content\/uploads\/2016\/11\/mutirao-terapeutico-pacientes-cancer-ilicinea-20-out-2016_06.jpg\"><img decoding=\"async\" class=\"alignleft size-medium wp-image-32879\" src=\"http:\/\/www.fraterinternacional.org\/wp-content\/uploads\/2016\/11\/mutirao-terapeutico-pacientes-cancer-ilicinea-20-out-2016_06-300x169.jpg\" alt=\"mutirao-terapeutico-pacientes-cancer-ilicinea-20-out-2016_06\" width=\"300\" height=\"169\" srcset=\"https:\/\/www.fraterinternacional.org\/wp-content\/uploads\/2016\/11\/mutirao-terapeutico-pacientes-cancer-ilicinea-20-out-2016_06-200x112.jpg 200w, https:\/\/www.fraterinternacional.org\/wp-content\/uploads\/2016\/11\/mutirao-terapeutico-pacientes-cancer-ilicinea-20-out-2016_06-300x169.jpg 300w, https:\/\/www.fraterinternacional.org\/wp-content\/uploads\/2016\/11\/mutirao-terapeutico-pacientes-cancer-ilicinea-20-out-2016_06-400x225.jpg 400w, https:\/\/www.fraterinternacional.org\/wp-content\/uploads\/2016\/11\/mutirao-terapeutico-pacientes-cancer-ilicinea-20-out-2016_06-600x337.jpg 600w, https:\/\/www.fraterinternacional.org\/wp-content\/uploads\/2016\/11\/mutirao-terapeutico-pacientes-cancer-ilicinea-20-out-2016_06.jpg 690w\" sizes=\"(max-width: 300px) 100vw, 300px\" \/><\/a>The NGO \u201cUnindo Vidas\u201d (Uniting Lives), the place where the therapeutic group service took place, was created in December 2014 by the chairwoman of the institution, D\u00e9bora Abelar, who dedicates herself full-time to that service. The institution functions from Monday thru Friday, from 8 a.m.. thru 11 a.m. and from 12:30 p.m. thru 5 p.m. It has nine volunteers, lives on donations and on what is raised in the bazar of clothes they organize on Saturdays. \u201cWe offer everything at 2 Reals. The idea is to help who cannot pay and that they may help us too\u201d, she clarifies.<\/p>\n<p style=\"text-align: justify;\"><a href=\"http:\/\/www.fraterinternacional.org\/wp-content\/uploads\/2016\/11\/mutirao-terapeutico-pacientes-cancer-ilicinea-20-out-2016_05B-1.jpg\"><img decoding=\"async\" class=\"alignright size-medium wp-image-32899\" src=\"http:\/\/www.fraterinternacional.org\/wp-content\/uploads\/2016\/11\/mutirao-terapeutico-pacientes-cancer-ilicinea-20-out-2016_05B-1-300x169.jpg\" alt=\"mutirao-terapeutico-pacientes-cancer-ilicinea-20-out-2016_05b\" width=\"300\" height=\"169\" srcset=\"https:\/\/www.fraterinternacional.org\/wp-content\/uploads\/2016\/11\/mutirao-terapeutico-pacientes-cancer-ilicinea-20-out-2016_05B-1-200x112.jpg 200w, https:\/\/www.fraterinternacional.org\/wp-content\/uploads\/2016\/11\/mutirao-terapeutico-pacientes-cancer-ilicinea-20-out-2016_05B-1-300x169.jpg 300w, https:\/\/www.fraterinternacional.org\/wp-content\/uploads\/2016\/11\/mutirao-terapeutico-pacientes-cancer-ilicinea-20-out-2016_05B-1-400x225.jpg 400w, https:\/\/www.fraterinternacional.org\/wp-content\/uploads\/2016\/11\/mutirao-terapeutico-pacientes-cancer-ilicinea-20-out-2016_05B-1-600x337.jpg 600w, https:\/\/www.fraterinternacional.org\/wp-content\/uploads\/2016\/11\/mutirao-terapeutico-pacientes-cancer-ilicinea-20-out-2016_05B-1.jpg 690w\" sizes=\"(max-width: 300px) 100vw, 300px\" \/><\/a>In these moments, the organization has 51 patients officially and it develops campaigns of awareness to reach more sick people. \u201cUnfortunately we face a very great obstacle: the prejudice of the very patients who do not even want to hear of the illness. But we work with much faith in God, because we know that in reality it is He who acts through us\u201d, completes the volunteer.<\/p>\n<p>&nbsp;<\/p>\n","protected":false},"excerpt":{"rendered":"<p>The therapeutic support that the House of Light on the Hill, affiliated to the Fraternidade \u2013 International Humanitarian Federation, offers [&hellip;]<\/p>\n","protected":false},"author":16,"featured_media":32874,"comment_status":"closed","ping_status":"closed","sticky":false,"template":"","format":"standard","meta":{"footnotes":""},"categories":[150],"tags":[110,100],"class_list":["post-32903","post","type-post","status-publish","format-standard","has-post-thumbnail","hentry","category-news","tag-associations-of-service","tag-humanitarian-service"],"yoast_head":"<!-- This site is optimized with the Yoast SEO Premium plugin v21.0 (Yoast SEO v21.0) - https:\/\/yoast.com\/wordpress\/plugins\/seo\/ -->\n<title>Support from the House of Light on the Hill to cancer patients reaches Ilic\u00ednea for the first time<\/title>\n<meta name=\"description\" content=\"Team of collaborators rendered medical, dental and therapeutic service in the NGO \u201cUnindo Vidas\u201d. 34 procedures were done.\" \/>\n<meta name=\"robots\" content=\"index, follow, max-snippet:-1, max-image-preview:large, max-video-preview:-1\" \/>\n<link rel=\"canonical\" href=\"https:\/\/www.fraterinternacional.org\/en\/support-from-house-of-light-on-the-hill-to-cancer-patients-reaches-ilicinea-for-the-first-time\/\" \/>\n<meta property=\"og:locale\" content=\"en_US\" \/>\n<meta property=\"og:type\" content=\"article\" \/>\n<meta property=\"og:title\" content=\"Support from the House of Light on the Hill to cancer patients reaches Ilic\u00ednea for the first time\" \/>\n<meta property=\"og:description\" content=\"Team of collaborators rendered medical, dental and therapeutic service in the NGO \u201cUnindo Vidas\u201d. 34 procedures were done.\" \/>\n<meta property=\"og:url\" content=\"https:\/\/www.fraterinternacional.org\/en\/support-from-house-of-light-on-the-hill-to-cancer-patients-reaches-ilicinea-for-the-first-time\/\" \/>\n<meta property=\"og:site_name\" content=\"Fraternidade - Federa\u00e7\u00e3o Humanit\u00e1ria Internacional\" \/>\n<meta property=\"article:publisher\" content=\"https:\/\/www.facebook.com\/fraternidadehumanitaria\" \/>\n<meta property=\"article:published_time\" content=\"2016-11-02T17:31:34+00:00\" \/>\n<meta property=\"og:image\" content=\"https:\/\/www.fraterinternacional.org\/wp-content\/uploads\/2016\/11\/mutirao-terapeutico-pacientes-cancer-ilicinea-20-out-2016_01.jpg\" \/>\n\t<meta property=\"og:image:width\" content=\"690\" \/>\n\t<meta property=\"og:image:height\" content=\"388\" \/>\n\t<meta property=\"og:image:type\" content=\"image\/jpeg\" \/>\n<meta name=\"author\" content=\"Sergio Redator Espanhol\" \/>\n<meta name=\"twitter:card\" content=\"summary_large_image\" \/>\n<meta name=\"twitter:creator\" content=\"@fraternidadeFHI\" \/>\n<meta name=\"twitter:site\" content=\"@fraternidadeFHI\" \/>\n<meta name=\"twitter:label1\" content=\"Written by\" \/>\n\t<meta name=\"twitter:data1\" content=\"Sergio Redator Espanhol\" \/>\n\t<meta name=\"twitter:label2\" content=\"Est. reading time\" \/>\n\t<meta name=\"twitter:data2\" content=\"4 minutes\" \/>\n<script type=\"application\/ld+json\" class=\"yoast-schema-graph\">{\"@context\":\"https:\/\/schema.org\",\"@graph\":[{\"@type\":\"WebPage\",\"@id\":\"https:\/\/www.fraterinternacional.org\/en\/support-from-house-of-light-on-the-hill-to-cancer-patients-reaches-ilicinea-for-the-first-time\/\",\"url\":\"https:\/\/www.fraterinternacional.org\/en\/support-from-house-of-light-on-the-hill-to-cancer-patients-reaches-ilicinea-for-the-first-time\/\",\"name\":\"Support from the House of Light on the Hill to cancer patients reaches Ilic\u00ednea for the first time\",\"isPartOf\":{\"@id\":\"https:\/\/www.fraterinternacional.org\/es\/#website\"},\"datePublished\":\"2016-11-02T17:31:34+00:00\",\"dateModified\":\"2016-11-02T17:31:34+00:00\",\"author\":{\"@id\":\"https:\/\/www.fraterinternacional.org\/es\/#\/schema\/person\/cf24d3eac28b0e09714ecb8cbd865c28\"},\"description\":\"Team of collaborators rendered medical, dental and therapeutic service in the NGO \u201cUnindo Vidas\u201d. 34 procedures were done.\",\"breadcrumb\":{\"@id\":\"https:\/\/www.fraterinternacional.org\/en\/support-from-house-of-light-on-the-hill-to-cancer-patients-reaches-ilicinea-for-the-first-time\/#breadcrumb\"},\"inLanguage\":\"en-US\",\"potentialAction\":[{\"@type\":\"ReadAction\",\"target\":[\"https:\/\/www.fraterinternacional.org\/en\/support-from-house-of-light-on-the-hill-to-cancer-patients-reaches-ilicinea-for-the-first-time\/\"]}]},{\"@type\":\"BreadcrumbList\",\"@id\":\"https:\/\/www.fraterinternacional.org\/en\/support-from-house-of-light-on-the-hill-to-cancer-patients-reaches-ilicinea-for-the-first-time\/#breadcrumb\",\"itemListElement\":[{\"@type\":\"ListItem\",\"position\":1,\"name\":\"In\u00edcio\",\"item\":\"https:\/\/www.fraterinternacional.org\/en\/\"},{\"@type\":\"ListItem\",\"position\":2,\"name\":\"Support from the House of Light on the Hill to cancer patients reaches Ilic\u00ednea for the first time\"}]},{\"@type\":\"WebSite\",\"@id\":\"https:\/\/www.fraterinternacional.org\/es\/#website\",\"url\":\"https:\/\/www.fraterinternacional.org\/es\/\",\"name\":\"Fraternidade - Federa\u00e7\u00e3o Humanit\u00e1ria Internacional\",\"description\":\"Fraternidade - Federa\u00e7\u00e3o Humanit\u00e1ria Internacional\",\"potentialAction\":[{\"@type\":\"SearchAction\",\"target\":{\"@type\":\"EntryPoint\",\"urlTemplate\":\"https:\/\/www.fraterinternacional.org\/es\/?s={search_term_string}\"},\"query-input\":\"required name=search_term_string\"}],\"inLanguage\":\"en-US\"},{\"@type\":\"Person\",\"@id\":\"https:\/\/www.fraterinternacional.org\/es\/#\/schema\/person\/cf24d3eac28b0e09714ecb8cbd865c28\",\"name\":\"Sergio Redator Espanhol\"}]}<\/script>\n<!-- \/ Yoast SEO Premium plugin. -->","yoast_head_json":{"title":"Support from the House of Light on the Hill to cancer patients reaches Ilic\u00ednea for the first time","description":"Team of collaborators rendered medical, dental and therapeutic service in the NGO \u201cUnindo Vidas\u201d. 34 procedures were done.","robots":{"index":"index","follow":"follow","max-snippet":"max-snippet:-1","max-image-preview":"max-image-preview:large","max-video-preview":"max-video-preview:-1"},"canonical":"https:\/\/www.fraterinternacional.org\/en\/support-from-house-of-light-on-the-hill-to-cancer-patients-reaches-ilicinea-for-the-first-time\/","og_locale":"en_US","og_type":"article","og_title":"Support from the House of Light on the Hill to cancer patients reaches Ilic\u00ednea for the first time","og_description":"Team of collaborators rendered medical, dental and therapeutic service in the NGO \u201cUnindo Vidas\u201d. 34 procedures were done.","og_url":"https:\/\/www.fraterinternacional.org\/en\/support-from-house-of-light-on-the-hill-to-cancer-patients-reaches-ilicinea-for-the-first-time\/","og_site_name":"Fraternidade - Federa\u00e7\u00e3o Humanit\u00e1ria Internacional","article_publisher":"https:\/\/www.facebook.com\/fraternidadehumanitaria","article_published_time":"2016-11-02T17:31:34+00:00","og_image":[{"width":690,"height":388,"url":"https:\/\/www.fraterinternacional.org\/wp-content\/uploads\/2016\/11\/mutirao-terapeutico-pacientes-cancer-ilicinea-20-out-2016_01.jpg","type":"image\/jpeg"}],"author":"Sergio Redator Espanhol","twitter_card":"summary_large_image","twitter_creator":"@fraternidadeFHI","twitter_site":"@fraternidadeFHI","twitter_misc":{"Written by":"Sergio Redator Espanhol","Est. reading time":"4 minutes"},"schema":{"@context":"https:\/\/schema.org","@graph":[{"@type":"WebPage","@id":"https:\/\/www.fraterinternacional.org\/en\/support-from-house-of-light-on-the-hill-to-cancer-patients-reaches-ilicinea-for-the-first-time\/","url":"https:\/\/www.fraterinternacional.org\/en\/support-from-house-of-light-on-the-hill-to-cancer-patients-reaches-ilicinea-for-the-first-time\/","name":"Support from the House of Light on the Hill to cancer patients reaches Ilic\u00ednea for the first time","isPartOf":{"@id":"https:\/\/www.fraterinternacional.org\/es\/#website"},"datePublished":"2016-11-02T17:31:34+00:00","dateModified":"2016-11-02T17:31:34+00:00","author":{"@id":"https:\/\/www.fraterinternacional.org\/es\/#\/schema\/person\/cf24d3eac28b0e09714ecb8cbd865c28"},"description":"Team of collaborators rendered medical, dental and therapeutic service in the NGO \u201cUnindo Vidas\u201d. 34 procedures were done.","breadcrumb":{"@id":"https:\/\/www.fraterinternacional.org\/en\/support-from-house-of-light-on-the-hill-to-cancer-patients-reaches-ilicinea-for-the-first-time\/#breadcrumb"},"inLanguage":"en-US","potentialAction":[{"@type":"ReadAction","target":["https:\/\/www.fraterinternacional.org\/en\/support-from-house-of-light-on-the-hill-to-cancer-patients-reaches-ilicinea-for-the-first-time\/"]}]},{"@type":"BreadcrumbList","@id":"https:\/\/www.fraterinternacional.org\/en\/support-from-house-of-light-on-the-hill-to-cancer-patients-reaches-ilicinea-for-the-first-time\/#breadcrumb","itemListElement":[{"@type":"ListItem","position":1,"name":"In\u00edcio","item":"https:\/\/www.fraterinternacional.org\/en\/"},{"@type":"ListItem","position":2,"name":"Support from the House of Light on the Hill to cancer patients reaches Ilic\u00ednea for the first time"}]},{"@type":"WebSite","@id":"https:\/\/www.fraterinternacional.org\/es\/#website","url":"https:\/\/www.fraterinternacional.org\/es\/","name":"Fraternidade - Federa\u00e7\u00e3o Humanit\u00e1ria Internacional","description":"Fraternidade - Federa\u00e7\u00e3o Humanit\u00e1ria Internacional","potentialAction":[{"@type":"SearchAction","target":{"@type":"EntryPoint","urlTemplate":"https:\/\/www.fraterinternacional.org\/es\/?s={search_term_string}"},"query-input":"required name=search_term_string"}],"inLanguage":"en-US"},{"@type":"Person","@id":"https:\/\/www.fraterinternacional.org\/es\/#\/schema\/person\/cf24d3eac28b0e09714ecb8cbd865c28","name":"Sergio Redator Espanhol"}]}},"_links":{"self":[{"href":"https:\/\/www.fraterinternacional.org\/en\/wp-json\/wp\/v2\/posts\/32903"}],"collection":[{"href":"https:\/\/www.fraterinternacional.org\/en\/wp-json\/wp\/v2\/posts"}],"about":[{"href":"https:\/\/www.fraterinternacional.org\/en\/wp-json\/wp\/v2\/types\/post"}],"author":[{"embeddable":true,"href":"https:\/\/www.fraterinternacional.org\/en\/wp-json\/wp\/v2\/users\/16"}],"replies":[{"embeddable":true,"href":"https:\/\/www.fraterinternacional.org\/en\/wp-json\/wp\/v2\/comments?post=32903"}],"version-history":[{"count":0,"href":"https:\/\/www.fraterinternacional.org\/en\/wp-json\/wp\/v2\/posts\/32903\/revisions"}],"wp:featuredmedia":[{"embeddable":true,"href":"https:\/\/www.fraterinternacional.org\/en\/wp-json\/wp\/v2\/media\/32874"}],"wp:attachment":[{"href":"https:\/\/www.fraterinternacional.org\/en\/wp-json\/wp\/v2\/media?parent=32903"}],"wp:term":[{"taxonomy":"category","embeddable":true,"href":"https:\/\/www.fraterinternacional.org\/en\/wp-json\/wp\/v2\/categories?post=32903"},{"taxonomy":"post_tag","embeddable":true,"href":"https:\/\/www.fraterinternacional.org\/en\/wp-json\/wp\/v2\/tags?post=32903"}],"curies":[{"name":"wp","href":"https:\/\/api.w.org\/{rel}","templated":true}]}}