{"id":32579,"date":"2016-10-29T14:04:27","date_gmt":"2016-10-29T17:04:27","guid":{"rendered":"http:\/\/www.fraterinternacional.org\/en\/?p=32579"},"modified":"2016-11-01T19:20:55","modified_gmt":"2016-11-01T22:20:55","slug":"house-of-light-on-the-hill-promotes-the-search-quest-for-peace-in-contact-with-nature","status":"publish","type":"post","link":"https:\/\/www.fraterinternacional.org\/en\/house-of-light-on-the-hill-promotes-the-search-quest-for-peace-in-contact-with-nature\/","title":{"rendered":"House of Light on the Hill promotes the search quest for peace in contact with nature"},"content":{"rendered":"<p style=\"text-align: justify;\"><a href=\"http:\/\/www.fraterinternacional.org\/wp-content\/uploads\/2016\/10\/casa-luz-colina-haciendo-florecer-la-paz-02.jpg\"><img decoding=\"async\" class=\"size-medium wp-image-31074 alignleft\" src=\"http:\/\/www.fraterinternacional.org\/wp-content\/uploads\/2016\/10\/casa-luz-colina-haciendo-florecer-la-paz-02-300x169.jpg\" alt=\"casa-luz-colina-haciendo-florecer-la-paz-02\" width=\"300\" height=\"169\" srcset=\"https:\/\/www.fraterinternacional.org\/wp-content\/uploads\/2016\/10\/casa-luz-colina-haciendo-florecer-la-paz-02-200x112.jpg 200w, https:\/\/www.fraterinternacional.org\/wp-content\/uploads\/2016\/10\/casa-luz-colina-haciendo-florecer-la-paz-02-300x169.jpg 300w, https:\/\/www.fraterinternacional.org\/wp-content\/uploads\/2016\/10\/casa-luz-colina-haciendo-florecer-la-paz-02-400x225.jpg 400w, https:\/\/www.fraterinternacional.org\/wp-content\/uploads\/2016\/10\/casa-luz-colina-haciendo-florecer-la-paz-02-600x337.jpg 600w, https:\/\/www.fraterinternacional.org\/wp-content\/uploads\/2016\/10\/casa-luz-colina-haciendo-florecer-la-paz-02.jpg 690w\" sizes=\"(max-width: 300px) 100vw, 300px\" \/><\/a>The <a href=\"http:\/\/www.casaluzdacolina.org.br\/\" target=\"_blank\">House of Light on the Hill<\/a>, affiliated with the <strong>Fraternidade \u2013 International Humanitarian Federation<\/strong>, has organized the meeting \u201cMaking Peace Flourish \u201d, that had the objective to promote the quest for inner peace in a conscious contact with nature. On Saturday October 8, 30, children and youths from the cities of Carmo da Cacheira and Boa Esperan\u00e7a, State of Minas Gerais, Brazil, lived this experience.<\/p>\n<p style=\"text-align: justify;\">The work was done with children and adolescents with which the House of Light on the Hill has been working for some years. The idea was to take advantage of the early spring to follow the rhythm of nature and in touch with it to make peace flourish in the heart of every child and youth. \u201cAt a time when in many places in the world reign chaos, war, te disorder, disharmony, both in the families and among nations, we consider important to remember it is possible to contribute to peace looking for it first within us, as the <a href=\"http:\/\/www.fraterinternacional.org\/en\/divine-messengers\/\">Divine Messengers<\/a> teach us\u201d, told sister Maria Inmaculada, a nun of <a href=\"http:\/\/www.fraterinternacional.org\/en\/grace-mercy-order\/\">Grace Mercy Order<\/a>, responsible for social service of the House of Light on the Hill for children and youths.<\/p>\n<p style=\"text-align: justify;\"><a href=\"http:\/\/www.fraterinternacional.org\/wp-content\/uploads\/2016\/10\/casa-luz-colina-haciendo-florecer-la-paz-03.jpg\"><img decoding=\"async\" class=\"alignright size-medium wp-image-31077\" src=\"http:\/\/www.fraterinternacional.org\/wp-content\/uploads\/2016\/10\/casa-luz-colina-haciendo-florecer-la-paz-03-300x169.jpg\" alt=\"casa-luz-colina-haciendo-florecer-la-paz-03\" width=\"300\" height=\"169\" srcset=\"https:\/\/www.fraterinternacional.org\/wp-content\/uploads\/2016\/10\/casa-luz-colina-haciendo-florecer-la-paz-03-200x112.jpg 200w, https:\/\/www.fraterinternacional.org\/wp-content\/uploads\/2016\/10\/casa-luz-colina-haciendo-florecer-la-paz-03-300x169.jpg 300w, https:\/\/www.fraterinternacional.org\/wp-content\/uploads\/2016\/10\/casa-luz-colina-haciendo-florecer-la-paz-03-400x225.jpg 400w, https:\/\/www.fraterinternacional.org\/wp-content\/uploads\/2016\/10\/casa-luz-colina-haciendo-florecer-la-paz-03-600x337.jpg 600w, https:\/\/www.fraterinternacional.org\/wp-content\/uploads\/2016\/10\/casa-luz-colina-haciendo-florecer-la-paz-03.jpg 690w\" sizes=\"(max-width: 300px) 100vw, 300px\" \/><\/a>The exercise consisted of a walk by natural environments of the House of Light on the Hill, with stops for details observation and reflection on teaching about how the Mineral, the Plant, the Animal and the Devic <a href=\"http:\/\/www.fraterinternacional.org\/en\/love-and-service-to-the-kingdoms\/\">Kingdom<\/a> contribute to the Human Kingdom, interacting in perfect peace and harmony. To help in this exercise, each participant received a small piece of paper with reflections on nature, which were read in the stops during the tour.<\/p>\n<p style=\"text-align: justify;\">\u201cWe explained that it was not a mere walk, but an opportunity to realize nature with all external senses (sight, smell, hearing, tact) and the inner senses of the heart\u201d, described sister Maria Inmaculada. During a lunch break the conscious use of taste was also worked, when it was requested that all of them feel the taste of the fruits they were eating.<\/p>\n<p style=\"text-align: justify;\"><a href=\"http:\/\/www.fraterinternacional.org\/wp-content\/uploads\/2016\/10\/casa-luz-colina-haciendo-florecer-la-paz-04.jpg\"><img decoding=\"async\" class=\"size-medium wp-image-31080 alignright\" src=\"http:\/\/www.fraterinternacional.org\/wp-content\/uploads\/2016\/10\/casa-luz-colina-haciendo-florecer-la-paz-04-300x169.jpg\" alt=\"casa-luz-colina-haciendo-florecer-la-paz-04\" width=\"300\" height=\"169\" srcset=\"https:\/\/www.fraterinternacional.org\/wp-content\/uploads\/2016\/10\/casa-luz-colina-haciendo-florecer-la-paz-04-200x112.jpg 200w, https:\/\/www.fraterinternacional.org\/wp-content\/uploads\/2016\/10\/casa-luz-colina-haciendo-florecer-la-paz-04-300x169.jpg 300w, https:\/\/www.fraterinternacional.org\/wp-content\/uploads\/2016\/10\/casa-luz-colina-haciendo-florecer-la-paz-04-400x225.jpg 400w, https:\/\/www.fraterinternacional.org\/wp-content\/uploads\/2016\/10\/casa-luz-colina-haciendo-florecer-la-paz-04-600x337.jpg 600w, https:\/\/www.fraterinternacional.org\/wp-content\/uploads\/2016\/10\/casa-luz-colina-haciendo-florecer-la-paz-04.jpg 690w\" sizes=\"(max-width: 300px) 100vw, 300px\" \/><\/a><\/p>\n<p style=\"text-align: justify;\">At one point, the ride came to the spring that supplies the House of Light on the Hill and that is hidden under the ground. There it was explained that just as the water source is not visible, there is within each of us the Fountain of Mercy, which you can not see with your physical eyes, but you can feel it with the heart.\u201cWe explained that this Mercy comes from God, it forgives us and encourages us to forgive ourselves for our continuous mistakes as human beings, as well as to forgive the brother or sister to find the peace in us and to radiate it to all others\u201d, continued sister Maria Inmaculada.<\/p>\n<p style=\"text-align: justify;\"><a href=\"http:\/\/www.fraterinternacional.org\/wp-content\/uploads\/2016\/10\/casa-luz-colina-haciendo-florecer-la-paz-05.jpg\"><img decoding=\"async\" class=\"size-medium wp-image-31083 alignright\" src=\"http:\/\/www.fraterinternacional.org\/wp-content\/uploads\/2016\/10\/casa-luz-colina-haciendo-florecer-la-paz-05-300x169.jpg\" alt=\"casa-luz-colina-haciendo-florecer-la-paz-05\" width=\"300\" height=\"169\" srcset=\"https:\/\/www.fraterinternacional.org\/wp-content\/uploads\/2016\/10\/casa-luz-colina-haciendo-florecer-la-paz-05-200x112.jpg 200w, https:\/\/www.fraterinternacional.org\/wp-content\/uploads\/2016\/10\/casa-luz-colina-haciendo-florecer-la-paz-05-300x169.jpg 300w, https:\/\/www.fraterinternacional.org\/wp-content\/uploads\/2016\/10\/casa-luz-colina-haciendo-florecer-la-paz-05-400x225.jpg 400w, https:\/\/www.fraterinternacional.org\/wp-content\/uploads\/2016\/10\/casa-luz-colina-haciendo-florecer-la-paz-05-600x337.jpg 600w, https:\/\/www.fraterinternacional.org\/wp-content\/uploads\/2016\/10\/casa-luz-colina-haciendo-florecer-la-paz-05.jpg 690w\" sizes=\"(max-width: 300px) 100vw, 300px\" \/><\/a>After the walk, the participants had a moment of rest and soon began to put on paper, with the help of colored pencils and brushes, the photo that each one had caught with the senses and kept in the heart.Then, all shared lunch and made a moment of silence. \u201cIt was a moment of silence, of conscious breathing, of assimilation of what they had lived, it was very beautiful and even the most restless managed to quieten\u201d, told the nun.<\/p>\n<p style=\"text-align: justify;\"><a href=\"http:\/\/www.fraterinternacional.org\/wp-content\/uploads\/2016\/10\/casa-luz-colina-haciendo-florecer-la-paz-06.jpg\"><img decoding=\"async\" class=\"size-medium wp-image-31086 alignleft\" src=\"http:\/\/www.fraterinternacional.org\/wp-content\/uploads\/2016\/10\/casa-luz-colina-haciendo-florecer-la-paz-06-300x169.jpg\" alt=\"casa-luz-colina-haciendo-florecer-la-paz-06\" width=\"300\" height=\"169\" srcset=\"https:\/\/www.fraterinternacional.org\/wp-content\/uploads\/2016\/10\/casa-luz-colina-haciendo-florecer-la-paz-06-200x112.jpg 200w, https:\/\/www.fraterinternacional.org\/wp-content\/uploads\/2016\/10\/casa-luz-colina-haciendo-florecer-la-paz-06-300x169.jpg 300w, https:\/\/www.fraterinternacional.org\/wp-content\/uploads\/2016\/10\/casa-luz-colina-haciendo-florecer-la-paz-06-400x225.jpg 400w, https:\/\/www.fraterinternacional.org\/wp-content\/uploads\/2016\/10\/casa-luz-colina-haciendo-florecer-la-paz-06-600x337.jpg 600w, https:\/\/www.fraterinternacional.org\/wp-content\/uploads\/2016\/10\/casa-luz-colina-haciendo-florecer-la-paz-06.jpg 690w\" sizes=\"(max-width: 300px) 100vw, 300px\" \/><\/a>In the end, each participant could choose between three activities. One was to complete the drafting of the mandala (the picture of the heart) using the elements collected on the way, such as flowers, leaves, branches, etc. Another was to manufacture a wreath to be worn on the head, or the activity of planting lilies around the Monastery of the Sacred Charity of Saint Joseph. The meeting ended with a snack and the intonation of the song &#8216;The Blessed&#8217;. \u201cThe song was a moment of thanks to God for the shared experience, asking Him to make the peace that we could enjoy reach all children on the planet\u201d, concluded sister Maria Inmaculada.<\/p>\n<div class=\"fusion-fullwidth fullwidth-box fusion-builder-row-1 hundred-percent-fullwidth non-hundred-percent-height-scrolling\" style=\"--awb-border-radius-top-left:0px;--awb-border-radius-top-right:0px;--awb-border-radius-bottom-right:0px;--awb-border-radius-bottom-left:0px;--awb-overflow:visible;--awb-flex-wrap:wrap;\" ><div class=\"fusion-builder-row fusion-row\"><div class=\"fusion-layout-column fusion_builder_column fusion-builder-column-0 fusion_builder_column_1_1 1_1 fusion-one-full fusion-column-first fusion-column-last fusion-column-no-min-height\" style=\"--awb-bg-size:cover;--awb-margin-bottom:0px;\"><div class=\"fusion-column-wrapper fusion-flex-column-wrapper-legacy\">\n\t\t<style type=\"text\/css\">\n\t\t\t#gallery-1 {\n\t\t\t\tmargin: auto;\n\t\t\t}\n\t\t\t#gallery-1 .gallery-item {\n\t\t\t\tfloat: left;\n\t\t\t\tmargin-top: 10px;\n\t\t\t\ttext-align: center;\n\t\t\t\twidth: 50%;\n\t\t\t}\n\t\t\t#gallery-1 img {\n\t\t\t\tborder: 2px solid #cfcfcf;\n\t\t\t}\n\t\t\t#gallery-1 .gallery-caption {\n\t\t\t\tmargin-left: 0;\n\t\t\t}\n\t\t\t\/* see gallery_shortcode() in wp-includes\/media.php *\/\n\t\t<\/style>\n\t\t<div id='gallery-1' class='gallery galleryid-32579 gallery-columns-2 gallery-size-medium'><dl class='gallery-item'>\n\t\t\t<dt class='gallery-icon landscape'>\n\t\t\t\t<a data-rel=\"iLightbox[postimages]\" data-title=\"casa-luz-colina-haciendo-florecer-la-paz-07\" data-caption=\"\" href='https:\/\/www.fraterinternacional.org\/wp-content\/uploads\/2016\/10\/casa-luz-colina-haciendo-florecer-la-paz-07.jpg'><img decoding=\"async\" width=\"300\" height=\"169\" src=\"https:\/\/www.fraterinternacional.org\/wp-content\/uploads\/2016\/10\/casa-luz-colina-haciendo-florecer-la-paz-07-300x169.jpg\" class=\"attachment-medium size-medium\" alt=\"\" srcset=\"https:\/\/www.fraterinternacional.org\/wp-content\/uploads\/2016\/10\/casa-luz-colina-haciendo-florecer-la-paz-07-200x112.jpg 200w, https:\/\/www.fraterinternacional.org\/wp-content\/uploads\/2016\/10\/casa-luz-colina-haciendo-florecer-la-paz-07-300x169.jpg 300w, https:\/\/www.fraterinternacional.org\/wp-content\/uploads\/2016\/10\/casa-luz-colina-haciendo-florecer-la-paz-07-400x225.jpg 400w, https:\/\/www.fraterinternacional.org\/wp-content\/uploads\/2016\/10\/casa-luz-colina-haciendo-florecer-la-paz-07-600x337.jpg 600w, https:\/\/www.fraterinternacional.org\/wp-content\/uploads\/2016\/10\/casa-luz-colina-haciendo-florecer-la-paz-07.jpg 690w\" sizes=\"(max-width: 300px) 100vw, 300px\" \/><\/a>\n\t\t\t<\/dt><\/dl><dl class='gallery-item'>\n\t\t\t<dt class='gallery-icon landscape'>\n\t\t\t\t<a data-rel=\"iLightbox[postimages]\" data-title=\"casa-luz-colina-haciendo-florecer-la-paz-08\" data-caption=\"\" href='https:\/\/www.fraterinternacional.org\/wp-content\/uploads\/2016\/10\/casa-luz-colina-haciendo-florecer-la-paz-08.jpg'><img decoding=\"async\" width=\"300\" height=\"163\" src=\"https:\/\/www.fraterinternacional.org\/wp-content\/uploads\/2016\/10\/casa-luz-colina-haciendo-florecer-la-paz-08-300x163.jpg\" class=\"attachment-medium size-medium\" alt=\"\" srcset=\"https:\/\/www.fraterinternacional.org\/wp-content\/uploads\/2016\/10\/casa-luz-colina-haciendo-florecer-la-paz-08-200x108.jpg 200w, https:\/\/www.fraterinternacional.org\/wp-content\/uploads\/2016\/10\/casa-luz-colina-haciendo-florecer-la-paz-08-300x163.jpg 300w, https:\/\/www.fraterinternacional.org\/wp-content\/uploads\/2016\/10\/casa-luz-colina-haciendo-florecer-la-paz-08-400x217.jpg 400w, https:\/\/www.fraterinternacional.org\/wp-content\/uploads\/2016\/10\/casa-luz-colina-haciendo-florecer-la-paz-08-600x325.jpg 600w, https:\/\/www.fraterinternacional.org\/wp-content\/uploads\/2016\/10\/casa-luz-colina-haciendo-florecer-la-paz-08.jpg 690w\" sizes=\"(max-width: 300px) 100vw, 300px\" \/><\/a>\n\t\t\t<\/dt><\/dl><br style=\"clear: both\" \/><dl class='gallery-item'>\n\t\t\t<dt class='gallery-icon landscape'>\n\t\t\t\t<a data-rel=\"iLightbox[postimages]\" data-title=\"casa-luz-colina-haciendo-florecer-la-paz-09\" data-caption=\"\" href='https:\/\/www.fraterinternacional.org\/wp-content\/uploads\/2016\/10\/casa-luz-colina-haciendo-florecer-la-paz-09.jpg'><img decoding=\"async\" width=\"300\" height=\"169\" src=\"https:\/\/www.fraterinternacional.org\/wp-content\/uploads\/2016\/10\/casa-luz-colina-haciendo-florecer-la-paz-09-300x169.jpg\" class=\"attachment-medium size-medium\" alt=\"\" srcset=\"https:\/\/www.fraterinternacional.org\/wp-content\/uploads\/2016\/10\/casa-luz-colina-haciendo-florecer-la-paz-09-200x112.jpg 200w, https:\/\/www.fraterinternacional.org\/wp-content\/uploads\/2016\/10\/casa-luz-colina-haciendo-florecer-la-paz-09-300x169.jpg 300w, https:\/\/www.fraterinternacional.org\/wp-content\/uploads\/2016\/10\/casa-luz-colina-haciendo-florecer-la-paz-09-400x225.jpg 400w, https:\/\/www.fraterinternacional.org\/wp-content\/uploads\/2016\/10\/casa-luz-colina-haciendo-florecer-la-paz-09-600x337.jpg 600w, https:\/\/www.fraterinternacional.org\/wp-content\/uploads\/2016\/10\/casa-luz-colina-haciendo-florecer-la-paz-09.jpg 690w\" sizes=\"(max-width: 300px) 100vw, 300px\" \/><\/a>\n\t\t\t<\/dt><\/dl><dl class='gallery-item'>\n\t\t\t<dt class='gallery-icon landscape'>\n\t\t\t\t<a data-rel=\"iLightbox[postimages]\" data-title=\"casa-luz-colina-haciendo-florecer-la-paz-10\" data-caption=\"\" href='https:\/\/www.fraterinternacional.org\/wp-content\/uploads\/2016\/10\/casa-luz-colina-haciendo-florecer-la-paz-10.jpg'><img decoding=\"async\" width=\"300\" height=\"169\" src=\"https:\/\/www.fraterinternacional.org\/wp-content\/uploads\/2016\/10\/casa-luz-colina-haciendo-florecer-la-paz-10-300x169.jpg\" class=\"attachment-medium size-medium\" alt=\"\" srcset=\"https:\/\/www.fraterinternacional.org\/wp-content\/uploads\/2016\/10\/casa-luz-colina-haciendo-florecer-la-paz-10-200x112.jpg 200w, https:\/\/www.fraterinternacional.org\/wp-content\/uploads\/2016\/10\/casa-luz-colina-haciendo-florecer-la-paz-10-300x169.jpg 300w, https:\/\/www.fraterinternacional.org\/wp-content\/uploads\/2016\/10\/casa-luz-colina-haciendo-florecer-la-paz-10-400x225.jpg 400w, https:\/\/www.fraterinternacional.org\/wp-content\/uploads\/2016\/10\/casa-luz-colina-haciendo-florecer-la-paz-10-600x337.jpg 600w, https:\/\/www.fraterinternacional.org\/wp-content\/uploads\/2016\/10\/casa-luz-colina-haciendo-florecer-la-paz-10.jpg 690w\" sizes=\"(max-width: 300px) 100vw, 300px\" \/><\/a>\n\t\t\t<\/dt><\/dl><br style=\"clear: both\" \/>\n\t\t<\/div>\n<div class=\"fusion-clearfix\"><\/div><\/div><\/div><\/div><\/div>\n","protected":false},"excerpt":{"rendered":"<p>The House of Light on the Hill, affiliated with the Fraternidade \u2013 International Humanitarian Federation, has organized the meeting \u201cMaking [&hellip;]<\/p>\n","protected":false},"author":16,"featured_media":31104,"comment_status":"closed","ping_status":"closed","sticky":false,"template":"","format":"standard","meta":{"footnotes":""},"categories":[150],"tags":[110,147],"class_list":["post-32579","post","type-post","status-publish","format-standard","has-post-thumbnail","hentry","category-news","tag-associations-of-service","tag-healing-and-transformation"],"yoast_head":"<!-- This site is optimized with the Yoast SEO Premium plugin v21.0 (Yoast SEO v21.0) - https:\/\/yoast.com\/wordpress\/plugins\/seo\/ -->\n<title>House of Light on the Hill promotes the search quest for peace in contact with nature<\/title>\n<meta name=\"description\" content=\"The objective of the meeting was to encourage, in a conscious contact with springtime, the search for inner peace in children and young peopleyouths.\" \/>\n<meta name=\"robots\" content=\"index, follow, max-snippet:-1, max-image-preview:large, max-video-preview:-1\" \/>\n<link rel=\"canonical\" href=\"https:\/\/www.fraterinternacional.org\/en\/house-of-light-on-the-hill-promotes-the-search-quest-for-peace-in-contact-with-nature\/\" \/>\n<meta property=\"og:locale\" content=\"en_US\" \/>\n<meta property=\"og:type\" content=\"article\" \/>\n<meta property=\"og:title\" content=\"House of Light on the Hill promotes the search quest for peace in contact with nature\" \/>\n<meta property=\"og:description\" content=\"The objective of the meeting was to encourage, in a conscious contact with springtime, the search for inner peace in children and young peopleyouths.\" \/>\n<meta property=\"og:url\" content=\"https:\/\/www.fraterinternacional.org\/en\/house-of-light-on-the-hill-promotes-the-search-quest-for-peace-in-contact-with-nature\/\" \/>\n<meta property=\"og:site_name\" content=\"Fraternidade - Federa\u00e7\u00e3o Humanit\u00e1ria Internacional\" \/>\n<meta property=\"article:publisher\" content=\"https:\/\/www.facebook.com\/fraternidadehumanitaria\" \/>\n<meta property=\"article:published_time\" content=\"2016-10-29T17:04:27+00:00\" \/>\n<meta property=\"article:modified_time\" content=\"2016-11-01T22:20:55+00:00\" \/>\n<meta property=\"og:image\" content=\"https:\/\/www.fraterinternacional.org\/wp-content\/uploads\/2016\/10\/casa-luz-colina-haciendo-florecer-la-paz-01.jpg\" \/>\n\t<meta property=\"og:image:width\" content=\"690\" \/>\n\t<meta property=\"og:image:height\" content=\"388\" \/>\n\t<meta property=\"og:image:type\" content=\"image\/jpeg\" \/>\n<meta name=\"author\" content=\"Sergio Redator Espanhol\" \/>\n<meta name=\"twitter:card\" content=\"summary_large_image\" \/>\n<meta name=\"twitter:creator\" content=\"@fraternidadeFHI\" \/>\n<meta name=\"twitter:site\" content=\"@fraternidadeFHI\" \/>\n<meta name=\"twitter:label1\" content=\"Written by\" \/>\n\t<meta name=\"twitter:data1\" content=\"Sergio Redator Espanhol\" \/>\n\t<meta name=\"twitter:label2\" content=\"Est. reading time\" \/>\n\t<meta name=\"twitter:data2\" content=\"4 minutes\" \/>\n<script type=\"application\/ld+json\" class=\"yoast-schema-graph\">{\"@context\":\"https:\/\/schema.org\",\"@graph\":[{\"@type\":\"WebPage\",\"@id\":\"https:\/\/www.fraterinternacional.org\/en\/house-of-light-on-the-hill-promotes-the-search-quest-for-peace-in-contact-with-nature\/\",\"url\":\"https:\/\/www.fraterinternacional.org\/en\/house-of-light-on-the-hill-promotes-the-search-quest-for-peace-in-contact-with-nature\/\",\"name\":\"House of Light on the Hill promotes the search quest for peace in contact with nature\",\"isPartOf\":{\"@id\":\"https:\/\/www.fraterinternacional.org\/es\/#website\"},\"datePublished\":\"2016-10-29T17:04:27+00:00\",\"dateModified\":\"2016-11-01T22:20:55+00:00\",\"author\":{\"@id\":\"https:\/\/www.fraterinternacional.org\/es\/#\/schema\/person\/cf24d3eac28b0e09714ecb8cbd865c28\"},\"description\":\"The objective of the meeting was to encourage, in a conscious contact with springtime, the search for inner peace in children and young peopleyouths.\",\"breadcrumb\":{\"@id\":\"https:\/\/www.fraterinternacional.org\/en\/house-of-light-on-the-hill-promotes-the-search-quest-for-peace-in-contact-with-nature\/#breadcrumb\"},\"inLanguage\":\"en-US\",\"potentialAction\":[{\"@type\":\"ReadAction\",\"target\":[\"https:\/\/www.fraterinternacional.org\/en\/house-of-light-on-the-hill-promotes-the-search-quest-for-peace-in-contact-with-nature\/\"]}]},{\"@type\":\"BreadcrumbList\",\"@id\":\"https:\/\/www.fraterinternacional.org\/en\/house-of-light-on-the-hill-promotes-the-search-quest-for-peace-in-contact-with-nature\/#breadcrumb\",\"itemListElement\":[{\"@type\":\"ListItem\",\"position\":1,\"name\":\"In\u00edcio\",\"item\":\"https:\/\/www.fraterinternacional.org\/en\/\"},{\"@type\":\"ListItem\",\"position\":2,\"name\":\"House of Light on the Hill promotes the search quest for peace in contact with nature\"}]},{\"@type\":\"WebSite\",\"@id\":\"https:\/\/www.fraterinternacional.org\/es\/#website\",\"url\":\"https:\/\/www.fraterinternacional.org\/es\/\",\"name\":\"Fraternidade - Federa\u00e7\u00e3o Humanit\u00e1ria Internacional\",\"description\":\"Fraternidade - Federa\u00e7\u00e3o Humanit\u00e1ria Internacional\",\"potentialAction\":[{\"@type\":\"SearchAction\",\"target\":{\"@type\":\"EntryPoint\",\"urlTemplate\":\"https:\/\/www.fraterinternacional.org\/es\/?s={search_term_string}\"},\"query-input\":\"required name=search_term_string\"}],\"inLanguage\":\"en-US\"},{\"@type\":\"Person\",\"@id\":\"https:\/\/www.fraterinternacional.org\/es\/#\/schema\/person\/cf24d3eac28b0e09714ecb8cbd865c28\",\"name\":\"Sergio Redator Espanhol\"}]}<\/script>\n<!-- \/ Yoast SEO Premium plugin. -->","yoast_head_json":{"title":"House of Light on the Hill promotes the search quest for peace in contact with nature","description":"The objective of the meeting was to encourage, in a conscious contact with springtime, the search for inner peace in children and young peopleyouths.","robots":{"index":"index","follow":"follow","max-snippet":"max-snippet:-1","max-image-preview":"max-image-preview:large","max-video-preview":"max-video-preview:-1"},"canonical":"https:\/\/www.fraterinternacional.org\/en\/house-of-light-on-the-hill-promotes-the-search-quest-for-peace-in-contact-with-nature\/","og_locale":"en_US","og_type":"article","og_title":"House of Light on the Hill promotes the search quest for peace in contact with nature","og_description":"The objective of the meeting was to encourage, in a conscious contact with springtime, the search for inner peace in children and young peopleyouths.","og_url":"https:\/\/www.fraterinternacional.org\/en\/house-of-light-on-the-hill-promotes-the-search-quest-for-peace-in-contact-with-nature\/","og_site_name":"Fraternidade - Federa\u00e7\u00e3o Humanit\u00e1ria Internacional","article_publisher":"https:\/\/www.facebook.com\/fraternidadehumanitaria","article_published_time":"2016-10-29T17:04:27+00:00","article_modified_time":"2016-11-01T22:20:55+00:00","og_image":[{"width":690,"height":388,"url":"https:\/\/www.fraterinternacional.org\/wp-content\/uploads\/2016\/10\/casa-luz-colina-haciendo-florecer-la-paz-01.jpg","type":"image\/jpeg"}],"author":"Sergio Redator Espanhol","twitter_card":"summary_large_image","twitter_creator":"@fraternidadeFHI","twitter_site":"@fraternidadeFHI","twitter_misc":{"Written by":"Sergio Redator Espanhol","Est. reading time":"4 minutes"},"schema":{"@context":"https:\/\/schema.org","@graph":[{"@type":"WebPage","@id":"https:\/\/www.fraterinternacional.org\/en\/house-of-light-on-the-hill-promotes-the-search-quest-for-peace-in-contact-with-nature\/","url":"https:\/\/www.fraterinternacional.org\/en\/house-of-light-on-the-hill-promotes-the-search-quest-for-peace-in-contact-with-nature\/","name":"House of Light on the Hill promotes the search quest for peace in contact with nature","isPartOf":{"@id":"https:\/\/www.fraterinternacional.org\/es\/#website"},"datePublished":"2016-10-29T17:04:27+00:00","dateModified":"2016-11-01T22:20:55+00:00","author":{"@id":"https:\/\/www.fraterinternacional.org\/es\/#\/schema\/person\/cf24d3eac28b0e09714ecb8cbd865c28"},"description":"The objective of the meeting was to encourage, in a conscious contact with springtime, the search for inner peace in children and young peopleyouths.","breadcrumb":{"@id":"https:\/\/www.fraterinternacional.org\/en\/house-of-light-on-the-hill-promotes-the-search-quest-for-peace-in-contact-with-nature\/#breadcrumb"},"inLanguage":"en-US","potentialAction":[{"@type":"ReadAction","target":["https:\/\/www.fraterinternacional.org\/en\/house-of-light-on-the-hill-promotes-the-search-quest-for-peace-in-contact-with-nature\/"]}]},{"@type":"BreadcrumbList","@id":"https:\/\/www.fraterinternacional.org\/en\/house-of-light-on-the-hill-promotes-the-search-quest-for-peace-in-contact-with-nature\/#breadcrumb","itemListElement":[{"@type":"ListItem","position":1,"name":"In\u00edcio","item":"https:\/\/www.fraterinternacional.org\/en\/"},{"@type":"ListItem","position":2,"name":"House of Light on the Hill promotes the search quest for peace in contact with nature"}]},{"@type":"WebSite","@id":"https:\/\/www.fraterinternacional.org\/es\/#website","url":"https:\/\/www.fraterinternacional.org\/es\/","name":"Fraternidade - Federa\u00e7\u00e3o Humanit\u00e1ria Internacional","description":"Fraternidade - Federa\u00e7\u00e3o Humanit\u00e1ria Internacional","potentialAction":[{"@type":"SearchAction","target":{"@type":"EntryPoint","urlTemplate":"https:\/\/www.fraterinternacional.org\/es\/?s={search_term_string}"},"query-input":"required name=search_term_string"}],"inLanguage":"en-US"},{"@type":"Person","@id":"https:\/\/www.fraterinternacional.org\/es\/#\/schema\/person\/cf24d3eac28b0e09714ecb8cbd865c28","name":"Sergio Redator Espanhol"}]}},"_links":{"self":[{"href":"https:\/\/www.fraterinternacional.org\/en\/wp-json\/wp\/v2\/posts\/32579"}],"collection":[{"href":"https:\/\/www.fraterinternacional.org\/en\/wp-json\/wp\/v2\/posts"}],"about":[{"href":"https:\/\/www.fraterinternacional.org\/en\/wp-json\/wp\/v2\/types\/post"}],"author":[{"embeddable":true,"href":"https:\/\/www.fraterinternacional.org\/en\/wp-json\/wp\/v2\/users\/16"}],"replies":[{"embeddable":true,"href":"https:\/\/www.fraterinternacional.org\/en\/wp-json\/wp\/v2\/comments?post=32579"}],"version-history":[{"count":0,"href":"https:\/\/www.fraterinternacional.org\/en\/wp-json\/wp\/v2\/posts\/32579\/revisions"}],"wp:featuredmedia":[{"embeddable":true,"href":"https:\/\/www.fraterinternacional.org\/en\/wp-json\/wp\/v2\/media\/31104"}],"wp:attachment":[{"href":"https:\/\/www.fraterinternacional.org\/en\/wp-json\/wp\/v2\/media?parent=32579"}],"wp:term":[{"taxonomy":"category","embeddable":true,"href":"https:\/\/www.fraterinternacional.org\/en\/wp-json\/wp\/v2\/categories?post=32579"},{"taxonomy":"post_tag","embeddable":true,"href":"https:\/\/www.fraterinternacional.org\/en\/wp-json\/wp\/v2\/tags?post=32579"}],"curies":[{"name":"wp","href":"https:\/\/api.w.org\/{rel}","templated":true}]}}