{"id":32323,"date":"2016-11-21T19:12:34","date_gmt":"2016-11-21T22:12:34","guid":{"rendered":"http:\/\/www.fraterinternacional.org\/en\/?p=32323"},"modified":"2016-11-21T19:12:34","modified_gmt":"2016-11-21T22:12:34","slug":"volunteers-take-solace-homes-afflicted-cancer-boa-esperanca","status":"publish","type":"post","link":"https:\/\/www.fraterinternacional.org\/en\/volunteers-take-solace-homes-afflicted-cancer-boa-esperanca\/","title":{"rendered":"Volunteers take solace to homes afflicted by cancer in Boa Esperan\u00e7a"},"content":{"rendered":"<p style=\"text-align: justify;\"><a href=\"http:\/\/www.fraterinternacional.org\/wp-content\/uploads\/2016\/10\/boa-esperanca-visita-pacientes-cancer-11-Oct-16-02.jpg\"><img decoding=\"async\" class=\"size-medium wp-image-31945 alignright\" src=\"http:\/\/www.fraterinternacional.org\/wp-content\/uploads\/2016\/10\/boa-esperanca-visita-pacientes-cancer-11-Oct-16-02-300x170.jpg\" alt=\"boa-esperanca-visita-pacientes-cancer-11-oct-16-02\" width=\"300\" height=\"170\" srcset=\"https:\/\/www.fraterinternacional.org\/wp-content\/uploads\/2016\/10\/boa-esperanca-visita-pacientes-cancer-11-Oct-16-02-200x113.jpg 200w, https:\/\/www.fraterinternacional.org\/wp-content\/uploads\/2016\/10\/boa-esperanca-visita-pacientes-cancer-11-Oct-16-02-300x170.jpg 300w, https:\/\/www.fraterinternacional.org\/wp-content\/uploads\/2016\/10\/boa-esperanca-visita-pacientes-cancer-11-Oct-16-02-400x226.jpg 400w, https:\/\/www.fraterinternacional.org\/wp-content\/uploads\/2016\/10\/boa-esperanca-visita-pacientes-cancer-11-Oct-16-02-600x339.jpg 600w, https:\/\/www.fraterinternacional.org\/wp-content\/uploads\/2016\/10\/boa-esperanca-visita-pacientes-cancer-11-Oct-16-02.jpg 690w\" sizes=\"(max-width: 300px) 100vw, 300px\" \/><\/a><\/p>\n<p style=\"text-align: justify;\">Collaborators of the <a href=\"http:\/\/www.casaluzdacolina.org.br\/\" target=\"_blank\">House of Light on the Hill<\/a>, filiated to the <strong>Fraternidade \u2013 International Humanitarian Federation<\/strong>, and located in Carmo da Cachoeira city, Minas Gerais, Brazil, went to Boa Esperan\u00e7a city, Minas Gerais, on Tuesday, 11<sup>th<\/sup> of October, to pay home visits to cancer patients assisted by the Vida Viva Volunteers Association of that city. Several homes struck by the presence of the illness were alleviated in their pain by the spiritual music, the prayers and the fraternal company that the visitors offered.<\/p>\n<div id=\"attachment_31954\" style=\"width: 222px\" class=\"wp-caption alignleft\"><a href=\"http:\/\/www.fraterinternacional.org\/wp-content\/uploads\/2016\/10\/boa-esperanca-visita-pacientes-cancer-11-Oct-16-04.jpg\"><img decoding=\"async\" aria-describedby=\"caption-attachment-31954\" class=\"wp-image-31954 size-medium\" src=\"http:\/\/www.fraterinternacional.org\/wp-content\/uploads\/2016\/10\/boa-esperanca-visita-pacientes-cancer-11-Oct-16-04-212x300.jpg\" alt=\"boa-esperanca-visita-pacientes-cancer-11-oct-16-04\" width=\"212\" height=\"300\" srcset=\"https:\/\/www.fraterinternacional.org\/wp-content\/uploads\/2016\/10\/boa-esperanca-visita-pacientes-cancer-11-Oct-16-04-200x283.jpg 200w, https:\/\/www.fraterinternacional.org\/wp-content\/uploads\/2016\/10\/boa-esperanca-visita-pacientes-cancer-11-Oct-16-04-212x300.jpg 212w, https:\/\/www.fraterinternacional.org\/wp-content\/uploads\/2016\/10\/boa-esperanca-visita-pacientes-cancer-11-Oct-16-04-400x567.jpg 400w, https:\/\/www.fraterinternacional.org\/wp-content\/uploads\/2016\/10\/boa-esperanca-visita-pacientes-cancer-11-Oct-16-04.jpg 487w\" sizes=\"(max-width: 212px) 100vw, 212px\" \/><\/a><p id=\"caption-attachment-31954\" class=\"wp-caption-text\">Praying corner of a cancer patient.<\/p><\/div>\n<p style=\"text-align: justify;\">During the visit, the collaborators talk, and specially listen to the sick people, worn out by physical and emotional pains, exhausted by the prolonged chemotherapy and radiotherapy treatments that they use to undergo more than one hundred kilometers from their homes. When they talk, the testimonies show that some deal with the test with more strength and others with less.<\/p>\n<p style=\"text-align: justify;\"><strong>Divine spark<br \/>\n<\/strong>&#8220;All of them receive us with so much love, so much joy that a divine spark lights in their eyes when we begin to talk to them, to listen to them and to sing Christic and Marian songs&#8221;, comments Miriam Galv\u00e3o, the coordinator of the social assistance services at the House of Light on the Hill.<br \/>\nSoon a feeling of profound unity involves all and pervades the house. \u201cWe forget time; when we realize, 50 minutes or one hour have passed and we must quickly excuse ourselves and leave for another house where another brother, another sister, awaits us, with their own history and sufferings\u201d, explains Miriam.<\/p>\n<div id=\"attachment_31950\" style=\"width: 310px\" class=\"wp-caption alignright\"><a href=\"http:\/\/www.fraterinternacional.org\/wp-content\/uploads\/2016\/10\/boa-esperanca-visita-pacientes-cancer-11-Oct-16-03.jpg\"><img decoding=\"async\" aria-describedby=\"caption-attachment-31950\" class=\"wp-image-31950 size-medium\" src=\"http:\/\/www.fraterinternacional.org\/wp-content\/uploads\/2016\/10\/boa-esperanca-visita-pacientes-cancer-11-Oct-16-03-300x169.jpg\" alt=\"boa-esperanca-visita-pacientes-cancer-11-oct-16-03\" width=\"300\" height=\"169\" srcset=\"https:\/\/www.fraterinternacional.org\/wp-content\/uploads\/2016\/10\/boa-esperanca-visita-pacientes-cancer-11-Oct-16-03-200x112.jpg 200w, https:\/\/www.fraterinternacional.org\/wp-content\/uploads\/2016\/10\/boa-esperanca-visita-pacientes-cancer-11-Oct-16-03-300x169.jpg 300w, https:\/\/www.fraterinternacional.org\/wp-content\/uploads\/2016\/10\/boa-esperanca-visita-pacientes-cancer-11-Oct-16-03-400x225.jpg 400w, https:\/\/www.fraterinternacional.org\/wp-content\/uploads\/2016\/10\/boa-esperanca-visita-pacientes-cancer-11-Oct-16-03-600x337.jpg 600w, https:\/\/www.fraterinternacional.org\/wp-content\/uploads\/2016\/10\/boa-esperanca-visita-pacientes-cancer-11-Oct-16-03.jpg 690w\" sizes=\"(max-width: 300px) 100vw, 300px\" \/><\/a><p id=\"caption-attachment-31950\" class=\"wp-caption-text\">Spiritual canticles strengthen the sick.<\/p><\/div>\n<p style=\"text-align: justify;\">Mr. Pedro is 84. Due to the cancer, he has both legs \u00a0amputated and a hand without movements. In his house, located in a small rural property, he has the company of a daughter that has mental disturbances and other two sons that do what their best to help the family. Despite the situation in which they live, Mr. Pedro does not lose the good humor he has always had and \u00a0the unshakeable faith in God, in the Virgin and in the Saints. The 1<sup>st<\/sup> of October was the day of Sainte Therese of the Child Jesus\u201d, he comments suddenly, with a voice subsided by the years and by the illness.<\/p>\n<p style=\"text-align: justify;\"><strong>Hour nine<br \/>\n<\/strong>From the dusty sofa, where he spends most of\u00a0the day, he points to a ramshackle radio and shares that every day he listens to the Holy Mass and prays the Holy Rosary and the Chaplet of the Divine Mercy. Then he begins the report of experiences, who knows if real or imaginary. Everrything is interrupted when the clock announces three o\u2019clock p.m. An inner voice seems to tell him it is time to tune in the radio, and he obeys. The visitors understand and, wishing him that the Love of God keep accompanying him, they say good-bye: \u201cUntil the next visit, Mr. Pedro!\u201d He thanks with the greatest smile that his disfigured face permits him to form and he wishes to all \u201cMay Our Lord Jesus protect you\u201d. From a distance, it is possible to see him leaning with difficulty over his faithful companion, the old radio device, to continue his daily ritual.<\/p>\n<div id=\"attachment_25799\" style=\"width: 310px\" class=\"wp-caption alignleft\"><a href=\"http:\/\/www.fraterinternacional.org\/wp-content\/uploads\/2016\/08\/casa-luz-da-colina-atendimento-cancer-boa-esperanca-06.jpg\"><img decoding=\"async\" aria-describedby=\"caption-attachment-25799\" class=\"wp-image-25799 size-medium\" src=\"http:\/\/www.fraterinternacional.org\/wp-content\/uploads\/2016\/08\/casa-luz-da-colina-atendimento-cancer-boa-esperanca-06-300x169.jpg\" alt=\"casa-luz-da-colina-atendimento-cancer-boa-esperanca-06\" width=\"300\" height=\"169\" srcset=\"https:\/\/www.fraterinternacional.org\/wp-content\/uploads\/2016\/08\/casa-luz-da-colina-atendimento-cancer-boa-esperanca-06-200x112.jpg 200w, https:\/\/www.fraterinternacional.org\/wp-content\/uploads\/2016\/08\/casa-luz-da-colina-atendimento-cancer-boa-esperanca-06-300x169.jpg 300w, https:\/\/www.fraterinternacional.org\/wp-content\/uploads\/2016\/08\/casa-luz-da-colina-atendimento-cancer-boa-esperanca-06-400x225.jpg 400w, https:\/\/www.fraterinternacional.org\/wp-content\/uploads\/2016\/08\/casa-luz-da-colina-atendimento-cancer-boa-esperanca-06-600x337.jpg 600w, https:\/\/www.fraterinternacional.org\/wp-content\/uploads\/2016\/08\/casa-luz-da-colina-atendimento-cancer-boa-esperanca-06.jpg 690w\" sizes=\"(max-width: 300px) 100vw, 300px\" \/><\/a><p id=\"caption-attachment-25799\" class=\"wp-caption-text\">House of support of Vida Viva in Boa Esperan\u00e7a.<\/p><\/div>\n<p style=\"text-align: justify;\">These visits have been taking place for four years, monthly or bi-monthly, in the context of the collaboration that the House of Light on the Hill offers to the Vida Viva Association of Boa Esperan\u00e7a, an entity that since 2012 offers support to one hundred oncological patients. As Sildelia de Souza Guarda, one of the founders, tells, the support offered includes medical, dental, psychological and therapeutic services offered free of charge, as well as the distribution of medicine, diapers and baskets of fruits and vegetables. Little by little, the work expanded and began to benefit the family members of the assisted. The psychological support began to include the children that became orphans due to the sickness. Nowadays the association has 25 volunteers and one clerk, lives on donations and on the resources it obtains with the management of a bazaar and with the conduction of beneficent activities.<\/p>\n<p>&nbsp;<\/p>\n","protected":false},"excerpt":{"rendered":"<p>Collaborators of the House of Light on the Hill, filiated to the Fraternidade \u2013 International Humanitarian Federation, and located in [&hellip;]<\/p>\n","protected":false},"author":16,"featured_media":31960,"comment_status":"closed","ping_status":"closed","sticky":false,"template":"","format":"standard","meta":{"footnotes":""},"categories":[150],"tags":[110,100],"class_list":["post-32323","post","type-post","status-publish","format-standard","has-post-thumbnail","hentry","category-news","tag-associations-of-service","tag-humanitarian-service"],"yoast_head":"<!-- This site is optimized with the Yoast SEO Premium plugin v21.0 (Yoast SEO v21.0) - https:\/\/yoast.com\/wordpress\/plugins\/seo\/ -->\n<title>Volunteers take solace to homes afflicted by cancer in Boa Esperan\u00e7a<\/title>\n<meta name=\"description\" content=\"Collaborators of the House of Light on the Hill accompanied cancer patients with spiritual music, prayer and fraternal assistance.\" \/>\n<meta name=\"robots\" content=\"index, follow, max-snippet:-1, max-image-preview:large, max-video-preview:-1\" \/>\n<link rel=\"canonical\" href=\"https:\/\/www.fraterinternacional.org\/en\/volunteers-take-solace-homes-afflicted-cancer-boa-esperanca\/\" \/>\n<meta property=\"og:locale\" content=\"en_US\" \/>\n<meta property=\"og:type\" content=\"article\" \/>\n<meta property=\"og:title\" content=\"Volunteers take solace to homes afflicted by cancer in Boa Esperan\u00e7a\" \/>\n<meta property=\"og:description\" content=\"Collaborators of the House of Light on the Hill accompanied cancer patients with spiritual music, prayer and fraternal assistance.\" \/>\n<meta property=\"og:url\" content=\"https:\/\/www.fraterinternacional.org\/en\/volunteers-take-solace-homes-afflicted-cancer-boa-esperanca\/\" \/>\n<meta property=\"og:site_name\" content=\"Fraternidade - Federa\u00e7\u00e3o Humanit\u00e1ria Internacional\" \/>\n<meta property=\"article:publisher\" content=\"https:\/\/www.facebook.com\/fraternidadehumanitaria\" \/>\n<meta property=\"article:published_time\" content=\"2016-11-21T22:12:34+00:00\" \/>\n<meta property=\"og:image\" content=\"https:\/\/www.fraterinternacional.org\/wp-content\/uploads\/2016\/10\/boa-esperanca-visita-pacientes-cancer-11-Oct-16-01.jpg\" \/>\n\t<meta property=\"og:image:width\" content=\"690\" \/>\n\t<meta property=\"og:image:height\" content=\"388\" \/>\n\t<meta property=\"og:image:type\" content=\"image\/jpeg\" \/>\n<meta name=\"author\" content=\"Sergio Redator Espanhol\" \/>\n<meta name=\"twitter:card\" content=\"summary_large_image\" \/>\n<meta name=\"twitter:creator\" content=\"@fraternidadeFHI\" \/>\n<meta name=\"twitter:site\" content=\"@fraternidadeFHI\" \/>\n<meta name=\"twitter:label1\" content=\"Written by\" \/>\n\t<meta name=\"twitter:data1\" content=\"Sergio Redator Espanhol\" \/>\n\t<meta name=\"twitter:label2\" content=\"Est. reading time\" \/>\n\t<meta name=\"twitter:data2\" content=\"4 minutes\" \/>\n<script type=\"application\/ld+json\" class=\"yoast-schema-graph\">{\"@context\":\"https:\/\/schema.org\",\"@graph\":[{\"@type\":\"WebPage\",\"@id\":\"https:\/\/www.fraterinternacional.org\/en\/volunteers-take-solace-homes-afflicted-cancer-boa-esperanca\/\",\"url\":\"https:\/\/www.fraterinternacional.org\/en\/volunteers-take-solace-homes-afflicted-cancer-boa-esperanca\/\",\"name\":\"Volunteers take solace to homes afflicted by cancer in Boa Esperan\u00e7a\",\"isPartOf\":{\"@id\":\"https:\/\/www.fraterinternacional.org\/es\/#website\"},\"datePublished\":\"2016-11-21T22:12:34+00:00\",\"dateModified\":\"2016-11-21T22:12:34+00:00\",\"author\":{\"@id\":\"https:\/\/www.fraterinternacional.org\/es\/#\/schema\/person\/cf24d3eac28b0e09714ecb8cbd865c28\"},\"description\":\"Collaborators of the House of Light on the Hill accompanied cancer patients with spiritual music, prayer and fraternal assistance.\",\"breadcrumb\":{\"@id\":\"https:\/\/www.fraterinternacional.org\/en\/volunteers-take-solace-homes-afflicted-cancer-boa-esperanca\/#breadcrumb\"},\"inLanguage\":\"en-US\",\"potentialAction\":[{\"@type\":\"ReadAction\",\"target\":[\"https:\/\/www.fraterinternacional.org\/en\/volunteers-take-solace-homes-afflicted-cancer-boa-esperanca\/\"]}]},{\"@type\":\"BreadcrumbList\",\"@id\":\"https:\/\/www.fraterinternacional.org\/en\/volunteers-take-solace-homes-afflicted-cancer-boa-esperanca\/#breadcrumb\",\"itemListElement\":[{\"@type\":\"ListItem\",\"position\":1,\"name\":\"In\u00edcio\",\"item\":\"https:\/\/www.fraterinternacional.org\/en\/\"},{\"@type\":\"ListItem\",\"position\":2,\"name\":\"Volunteers take solace to homes afflicted by cancer in Boa Esperan\u00e7a\"}]},{\"@type\":\"WebSite\",\"@id\":\"https:\/\/www.fraterinternacional.org\/es\/#website\",\"url\":\"https:\/\/www.fraterinternacional.org\/es\/\",\"name\":\"Fraternidade - Federa\u00e7\u00e3o Humanit\u00e1ria Internacional\",\"description\":\"Fraternidade - Federa\u00e7\u00e3o Humanit\u00e1ria Internacional\",\"potentialAction\":[{\"@type\":\"SearchAction\",\"target\":{\"@type\":\"EntryPoint\",\"urlTemplate\":\"https:\/\/www.fraterinternacional.org\/es\/?s={search_term_string}\"},\"query-input\":\"required name=search_term_string\"}],\"inLanguage\":\"en-US\"},{\"@type\":\"Person\",\"@id\":\"https:\/\/www.fraterinternacional.org\/es\/#\/schema\/person\/cf24d3eac28b0e09714ecb8cbd865c28\",\"name\":\"Sergio Redator Espanhol\"}]}<\/script>\n<!-- \/ Yoast SEO Premium plugin. -->","yoast_head_json":{"title":"Volunteers take solace to homes afflicted by cancer in Boa Esperan\u00e7a","description":"Collaborators of the House of Light on the Hill accompanied cancer patients with spiritual music, prayer and fraternal assistance.","robots":{"index":"index","follow":"follow","max-snippet":"max-snippet:-1","max-image-preview":"max-image-preview:large","max-video-preview":"max-video-preview:-1"},"canonical":"https:\/\/www.fraterinternacional.org\/en\/volunteers-take-solace-homes-afflicted-cancer-boa-esperanca\/","og_locale":"en_US","og_type":"article","og_title":"Volunteers take solace to homes afflicted by cancer in Boa Esperan\u00e7a","og_description":"Collaborators of the House of Light on the Hill accompanied cancer patients with spiritual music, prayer and fraternal assistance.","og_url":"https:\/\/www.fraterinternacional.org\/en\/volunteers-take-solace-homes-afflicted-cancer-boa-esperanca\/","og_site_name":"Fraternidade - Federa\u00e7\u00e3o Humanit\u00e1ria Internacional","article_publisher":"https:\/\/www.facebook.com\/fraternidadehumanitaria","article_published_time":"2016-11-21T22:12:34+00:00","og_image":[{"width":690,"height":388,"url":"https:\/\/www.fraterinternacional.org\/wp-content\/uploads\/2016\/10\/boa-esperanca-visita-pacientes-cancer-11-Oct-16-01.jpg","type":"image\/jpeg"}],"author":"Sergio Redator Espanhol","twitter_card":"summary_large_image","twitter_creator":"@fraternidadeFHI","twitter_site":"@fraternidadeFHI","twitter_misc":{"Written by":"Sergio Redator Espanhol","Est. reading time":"4 minutes"},"schema":{"@context":"https:\/\/schema.org","@graph":[{"@type":"WebPage","@id":"https:\/\/www.fraterinternacional.org\/en\/volunteers-take-solace-homes-afflicted-cancer-boa-esperanca\/","url":"https:\/\/www.fraterinternacional.org\/en\/volunteers-take-solace-homes-afflicted-cancer-boa-esperanca\/","name":"Volunteers take solace to homes afflicted by cancer in Boa Esperan\u00e7a","isPartOf":{"@id":"https:\/\/www.fraterinternacional.org\/es\/#website"},"datePublished":"2016-11-21T22:12:34+00:00","dateModified":"2016-11-21T22:12:34+00:00","author":{"@id":"https:\/\/www.fraterinternacional.org\/es\/#\/schema\/person\/cf24d3eac28b0e09714ecb8cbd865c28"},"description":"Collaborators of the House of Light on the Hill accompanied cancer patients with spiritual music, prayer and fraternal assistance.","breadcrumb":{"@id":"https:\/\/www.fraterinternacional.org\/en\/volunteers-take-solace-homes-afflicted-cancer-boa-esperanca\/#breadcrumb"},"inLanguage":"en-US","potentialAction":[{"@type":"ReadAction","target":["https:\/\/www.fraterinternacional.org\/en\/volunteers-take-solace-homes-afflicted-cancer-boa-esperanca\/"]}]},{"@type":"BreadcrumbList","@id":"https:\/\/www.fraterinternacional.org\/en\/volunteers-take-solace-homes-afflicted-cancer-boa-esperanca\/#breadcrumb","itemListElement":[{"@type":"ListItem","position":1,"name":"In\u00edcio","item":"https:\/\/www.fraterinternacional.org\/en\/"},{"@type":"ListItem","position":2,"name":"Volunteers take solace to homes afflicted by cancer in Boa Esperan\u00e7a"}]},{"@type":"WebSite","@id":"https:\/\/www.fraterinternacional.org\/es\/#website","url":"https:\/\/www.fraterinternacional.org\/es\/","name":"Fraternidade - Federa\u00e7\u00e3o Humanit\u00e1ria Internacional","description":"Fraternidade - Federa\u00e7\u00e3o Humanit\u00e1ria Internacional","potentialAction":[{"@type":"SearchAction","target":{"@type":"EntryPoint","urlTemplate":"https:\/\/www.fraterinternacional.org\/es\/?s={search_term_string}"},"query-input":"required name=search_term_string"}],"inLanguage":"en-US"},{"@type":"Person","@id":"https:\/\/www.fraterinternacional.org\/es\/#\/schema\/person\/cf24d3eac28b0e09714ecb8cbd865c28","name":"Sergio Redator Espanhol"}]}},"_links":{"self":[{"href":"https:\/\/www.fraterinternacional.org\/en\/wp-json\/wp\/v2\/posts\/32323"}],"collection":[{"href":"https:\/\/www.fraterinternacional.org\/en\/wp-json\/wp\/v2\/posts"}],"about":[{"href":"https:\/\/www.fraterinternacional.org\/en\/wp-json\/wp\/v2\/types\/post"}],"author":[{"embeddable":true,"href":"https:\/\/www.fraterinternacional.org\/en\/wp-json\/wp\/v2\/users\/16"}],"replies":[{"embeddable":true,"href":"https:\/\/www.fraterinternacional.org\/en\/wp-json\/wp\/v2\/comments?post=32323"}],"version-history":[{"count":0,"href":"https:\/\/www.fraterinternacional.org\/en\/wp-json\/wp\/v2\/posts\/32323\/revisions"}],"wp:featuredmedia":[{"embeddable":true,"href":"https:\/\/www.fraterinternacional.org\/en\/wp-json\/wp\/v2\/media\/31960"}],"wp:attachment":[{"href":"https:\/\/www.fraterinternacional.org\/en\/wp-json\/wp\/v2\/media?parent=32323"}],"wp:term":[{"taxonomy":"category","embeddable":true,"href":"https:\/\/www.fraterinternacional.org\/en\/wp-json\/wp\/v2\/categories?post=32323"},{"taxonomy":"post_tag","embeddable":true,"href":"https:\/\/www.fraterinternacional.org\/en\/wp-json\/wp\/v2\/tags?post=32323"}],"curies":[{"name":"wp","href":"https:\/\/api.w.org\/{rel}","templated":true}]}}